{"id":16386,"date":"2022-03-10T11:51:29","date_gmt":"2022-03-10T11:51:29","guid":{"rendered":"https:\/\/algarve7.pt\/?p=16386"},"modified":"2022-03-10T11:51:30","modified_gmt":"2022-03-10T11:51:30","slug":"campanha-de-adocao-responsavel-de-animais-esta-de-regresso-ao-mar-shopping-algarve","status":"publish","type":"post","link":"https:\/\/algarve7.pt\/index.php\/2022\/03\/campanha-de-adocao-responsavel-de-animais-esta-de-regresso-ao-mar-shopping-algarve\/atualidade\/11\/51\/","title":{"rendered":"Campanha de ado\u00e7\u00e3o respons\u00e1vel de animais est\u00e1 de regresso ao mar shopping Algarve"},"content":{"rendered":"\n<p>O MAR Shopping Algarve\u00a0promove no pr\u00f3ximo fim de semana, 12 e 13 de mar\u00e7o, uma nova campanha de ado\u00e7\u00e3o respons\u00e1vel, em parceria com a\u00a0<em>Animal Rescue Algarve<\/em>\u00a0(ARA).\u00a0A iniciativa decorrer\u00e1 junto \u00e0 entrada principal, entre as 10h00 e as 18h00, sendo poss\u00edvel ver alguns animais candidatos a ado\u00e7\u00e3o.<\/p>\n\n\n\n<p>Esta \u00e9 a quinta a\u00e7\u00e3o com esta associa\u00e7\u00e3o, que visa encontrar fam\u00edlias para os animais resgatados.&nbsp;Tal como as edi\u00e7\u00f5es anteriores, esta iniciativa reveste-se de uma forte componente pedag\u00f3gica, uma vez que, mais do que um espa\u00e7o para encontrar um animal de estima\u00e7\u00e3o, as fam\u00edlias candidatas s\u00e3o convidadas a conhecer a hist\u00f3ria de cada animal, bem como aspetos relacionados com o abandono animal, evitando a ado\u00e7\u00e3o por impulso.&nbsp;<\/p>\n\n\n\n<p>Para Ana Antunes, diretora do MAR Shopping Algarve \u201ca repeti\u00e7\u00e3o peri\u00f3dica desta iniciativa \u00e9 muito importante, porque \u00e9 reveladora dos nossos compromissos, quer de divulga\u00e7\u00e3o do importante trabalho de associa\u00e7\u00f5es como a ARA, quer no contributo para encontrar novas fam\u00edlias para estes animais. Infelizmente o fen\u00f3meno incompreens\u00edvel do abandono animal n\u00e3o acabou e a nossa obriga\u00e7\u00e3o, como espa\u00e7o pet friendly, \u00e9 apadrinhar estes felizes encontros\u201d.<\/p>\n\n\n\n<p>Recorde-se que a ARA \u00e9 uma Associa\u00e7\u00e3o que tem como miss\u00e3o recolher, reabilitar e encontrar novas fam\u00edlias para c\u00e3es e gatos, priorizando os abandonados ou negligenciados. Desde 2018, a associa\u00e7\u00e3o conta com um novo abrigo que tem 48 canis de \u00faltima gera\u00e7\u00e3o e amigos do ambiente, que permitem acolher at\u00e9 100 c\u00e3es. Tem ainda um gatil com capacidade para cerca de 30 gatos.<\/p>\n","protected":false},"excerpt":{"rendered":"<p>O MAR Shopping Algarve\u00a0promove no pr\u00f3ximo fim de semana, 12 e 13 de mar\u00e7o, uma nova campanha de ado\u00e7\u00e3o respons\u00e1vel,<\/p>\n","protected":false},"author":1,"featured_media":16387,"comment_status":"closed","ping_status":"open","sticky":false,"template":"","format":"standard","meta":{"colormag_page_container_layout":"default_layout","colormag_page_sidebar_layout":"default_layout","_monsterinsights_skip_tracking":false,"_monsterinsights_sitenote_active":false,"_monsterinsights_sitenote_note":"","_monsterinsights_sitenote_category":0,"jetpack_post_was_ever_published":false,"_jetpack_newsletter_access":"","_jetpack_dont_email_post_to_subs":false,"_jetpack_newsletter_tier_id":0,"_jetpack_memberships_contains_paywalled_content":false,"_jetpack_memberships_contains_paid_content":false,"footnotes":"","jetpack_publicize_message":"","jetpack_publicize_feature_enabled":true,"jetpack_social_post_already_shared":false,"jetpack_social_options":{"image_generator_settings":{"template":"highway","default_image_id":0,"font":"","enabled":false},"version":2}},"categories":[11],"tags":[36,62,31],"class_list":["post-16386","post","type-post","status-publish","format-standard","has-post-thumbnail","hentry","category-atualidade","tag-algarve","tag-atualidade","tag-loule"],"yoast_head":"<!-- This site is optimized with the Yoast SEO plugin v27.5 - https:\/\/yoast.com\/product\/yoast-seo-wordpress\/ -->\n<title>Campanha de ado\u00e7\u00e3o respons\u00e1vel de animais est\u00e1 de regresso ao mar shopping Algarve - Algarve 7<\/title>\n<meta name=\"description\" content=\"Campanha de ado\u00e7\u00e3o respons\u00e1vel de animais est\u00e1 de regresso ao mar shopping Algarve Atualidade\" \/>\n<meta name=\"robots\" content=\"index, follow, max-snippet:-1, max-image-preview:large, max-video-preview:-1\" \/>\n<link rel=\"canonical\" href=\"https:\/\/algarve7.pt\/index.php\/2022\/03\/campanha-de-adocao-responsavel-de-animais-esta-de-regresso-ao-mar-shopping-algarve\/atualidade\/11\/51\/\" \/>\n<meta property=\"og:locale\" content=\"pt_PT\" \/>\n<meta property=\"og:type\" content=\"article\" \/>\n<meta property=\"og:title\" content=\"Campanha de ado\u00e7\u00e3o respons\u00e1vel de animais est\u00e1 de regresso ao mar shopping Algarve - Algarve 7\" \/>\n<meta property=\"og:description\" content=\"Campanha de ado\u00e7\u00e3o respons\u00e1vel de animais est\u00e1 de regresso ao mar shopping Algarve Atualidade\" \/>\n<meta property=\"og:url\" content=\"https:\/\/algarve7.pt\/index.php\/2022\/03\/campanha-de-adocao-responsavel-de-animais-esta-de-regresso-ao-mar-shopping-algarve\/atualidade\/11\/51\/\" \/>\n<meta property=\"og:site_name\" content=\"Algarve 7\" \/>\n<meta property=\"article:publisher\" content=\"https:\/\/www.facebook.com\/algarve7\" \/>\n<meta property=\"article:author\" content=\"https:\/\/www.facebook.com\/algarve7\" \/>\n<meta property=\"article:published_time\" content=\"2022-03-10T11:51:29+00:00\" \/>\n<meta property=\"article:modified_time\" content=\"2022-03-10T11:51:30+00:00\" \/>\n<meta property=\"og:image\" content=\"https:\/\/algarve7.pt\/wp-content\/uploads\/2022\/03\/campanha-adocao-responsavel.png\" \/>\n\t<meta property=\"og:image:width\" content=\"699\" \/>\n\t<meta property=\"og:image:height\" content=\"393\" \/>\n\t<meta property=\"og:image:type\" content=\"image\/png\" \/>\n<meta name=\"author\" content=\"Algarve 7\" \/>\n<meta name=\"twitter:card\" content=\"summary_large_image\" \/>\n<meta name=\"twitter:creator\" content=\"@Algarvesete\" \/>\n<meta name=\"twitter:site\" content=\"@Algarvesete\" \/>\n<meta name=\"twitter:label1\" content=\"Escrito por\" \/>\n\t<meta name=\"twitter:data1\" content=\"Algarve 7\" \/>\n\t<meta name=\"twitter:label2\" content=\"Tempo estimado de leitura\" \/>\n\t<meta name=\"twitter:data2\" content=\"2 minutos\" \/>\n<script type=\"application\/ld+json\" class=\"yoast-schema-graph\">{\"@context\":\"https:\\\/\\\/schema.org\",\"@graph\":[{\"@type\":\"Article\",\"@id\":\"https:\\\/\\\/algarve7.pt\\\/index.php\\\/2022\\\/03\\\/campanha-de-adocao-responsavel-de-animais-esta-de-regresso-ao-mar-shopping-algarve\\\/atualidade\\\/11\\\/51\\\/#article\",\"isPartOf\":{\"@id\":\"https:\\\/\\\/algarve7.pt\\\/index.php\\\/2022\\\/03\\\/campanha-de-adocao-responsavel-de-animais-esta-de-regresso-ao-mar-shopping-algarve\\\/atualidade\\\/11\\\/51\\\/\"},\"author\":{\"name\":\"Algarve 7\",\"@id\":\"https:\\\/\\\/algarve7.pt\\\/#\\\/schema\\\/person\\\/23fa70681308e7b319a3204bcea45e0c\"},\"headline\":\"Campanha de ado\u00e7\u00e3o respons\u00e1vel de animais est\u00e1 de regresso ao mar shopping Algarve\",\"datePublished\":\"2022-03-10T11:51:29+00:00\",\"dateModified\":\"2022-03-10T11:51:30+00:00\",\"mainEntityOfPage\":{\"@id\":\"https:\\\/\\\/algarve7.pt\\\/index.php\\\/2022\\\/03\\\/campanha-de-adocao-responsavel-de-animais-esta-de-regresso-ao-mar-shopping-algarve\\\/atualidade\\\/11\\\/51\\\/\"},\"wordCount\":285,\"publisher\":{\"@id\":\"https:\\\/\\\/algarve7.pt\\\/#organization\"},\"image\":{\"@id\":\"https:\\\/\\\/algarve7.pt\\\/index.php\\\/2022\\\/03\\\/campanha-de-adocao-responsavel-de-animais-esta-de-regresso-ao-mar-shopping-algarve\\\/atualidade\\\/11\\\/51\\\/#primaryimage\"},\"thumbnailUrl\":\"https:\\\/\\\/algarve7.pt\\\/wp-content\\\/uploads\\\/2022\\\/03\\\/campanha-adocao-responsavel.png\",\"keywords\":[\"Algarve\",\"Atualidade\",\"Loul\u00e9\"],\"articleSection\":[\"Atualidade\"],\"inLanguage\":\"pt-PT\"},{\"@type\":\"WebPage\",\"@id\":\"https:\\\/\\\/algarve7.pt\\\/index.php\\\/2022\\\/03\\\/campanha-de-adocao-responsavel-de-animais-esta-de-regresso-ao-mar-shopping-algarve\\\/atualidade\\\/11\\\/51\\\/\",\"url\":\"https:\\\/\\\/algarve7.pt\\\/index.php\\\/2022\\\/03\\\/campanha-de-adocao-responsavel-de-animais-esta-de-regresso-ao-mar-shopping-algarve\\\/atualidade\\\/11\\\/51\\\/\",\"name\":\"Campanha de ado\u00e7\u00e3o respons\u00e1vel de animais est\u00e1 de regresso ao mar shopping Algarve - Algarve 7\",\"isPartOf\":{\"@id\":\"https:\\\/\\\/algarve7.pt\\\/#website\"},\"primaryImageOfPage\":{\"@id\":\"https:\\\/\\\/algarve7.pt\\\/index.php\\\/2022\\\/03\\\/campanha-de-adocao-responsavel-de-animais-esta-de-regresso-ao-mar-shopping-algarve\\\/atualidade\\\/11\\\/51\\\/#primaryimage\"},\"image\":{\"@id\":\"https:\\\/\\\/algarve7.pt\\\/index.php\\\/2022\\\/03\\\/campanha-de-adocao-responsavel-de-animais-esta-de-regresso-ao-mar-shopping-algarve\\\/atualidade\\\/11\\\/51\\\/#primaryimage\"},\"thumbnailUrl\":\"https:\\\/\\\/algarve7.pt\\\/wp-content\\\/uploads\\\/2022\\\/03\\\/campanha-adocao-responsavel.png\",\"datePublished\":\"2022-03-10T11:51:29+00:00\",\"dateModified\":\"2022-03-10T11:51:30+00:00\",\"description\":\"Campanha de ado\u00e7\u00e3o respons\u00e1vel de animais est\u00e1 de regresso ao mar shopping Algarve Atualidade\",\"breadcrumb\":{\"@id\":\"https:\\\/\\\/algarve7.pt\\\/index.php\\\/2022\\\/03\\\/campanha-de-adocao-responsavel-de-animais-esta-de-regresso-ao-mar-shopping-algarve\\\/atualidade\\\/11\\\/51\\\/#breadcrumb\"},\"inLanguage\":\"pt-PT\",\"potentialAction\":[{\"@type\":\"ReadAction\",\"target\":[\"https:\\\/\\\/algarve7.pt\\\/index.php\\\/2022\\\/03\\\/campanha-de-adocao-responsavel-de-animais-esta-de-regresso-ao-mar-shopping-algarve\\\/atualidade\\\/11\\\/51\\\/\"]}]},{\"@type\":\"ImageObject\",\"inLanguage\":\"pt-PT\",\"@id\":\"https:\\\/\\\/algarve7.pt\\\/index.php\\\/2022\\\/03\\\/campanha-de-adocao-responsavel-de-animais-esta-de-regresso-ao-mar-shopping-algarve\\\/atualidade\\\/11\\\/51\\\/#primaryimage\",\"url\":\"https:\\\/\\\/algarve7.pt\\\/wp-content\\\/uploads\\\/2022\\\/03\\\/campanha-adocao-responsavel.png\",\"contentUrl\":\"https:\\\/\\\/algarve7.pt\\\/wp-content\\\/uploads\\\/2022\\\/03\\\/campanha-adocao-responsavel.png\",\"width\":699,\"height\":393},{\"@type\":\"BreadcrumbList\",\"@id\":\"https:\\\/\\\/algarve7.pt\\\/index.php\\\/2022\\\/03\\\/campanha-de-adocao-responsavel-de-animais-esta-de-regresso-ao-mar-shopping-algarve\\\/atualidade\\\/11\\\/51\\\/#breadcrumb\",\"itemListElement\":[{\"@type\":\"ListItem\",\"position\":1,\"name\":\"In\u00edcio\",\"item\":\"https:\\\/\\\/algarve7.pt\\\/\"},{\"@type\":\"ListItem\",\"position\":2,\"name\":\"Campanha de ado\u00e7\u00e3o respons\u00e1vel de animais est\u00e1 de regresso ao mar shopping Algarve\"}]},{\"@type\":\"WebSite\",\"@id\":\"https:\\\/\\\/algarve7.pt\\\/#website\",\"url\":\"https:\\\/\\\/algarve7.pt\\\/\",\"name\":\"Algarve 7\",\"description\":\"Informa\u00e7\u00e3o sobre o Algarve\",\"publisher\":{\"@id\":\"https:\\\/\\\/algarve7.pt\\\/#organization\"},\"potentialAction\":[{\"@type\":\"SearchAction\",\"target\":{\"@type\":\"EntryPoint\",\"urlTemplate\":\"https:\\\/\\\/algarve7.pt\\\/?s={search_term_string}\"},\"query-input\":{\"@type\":\"PropertyValueSpecification\",\"valueRequired\":true,\"valueName\":\"search_term_string\"}}],\"inLanguage\":\"pt-PT\"},{\"@type\":\"Organization\",\"@id\":\"https:\\\/\\\/algarve7.pt\\\/#organization\",\"name\":\"Algarve 7\",\"url\":\"https:\\\/\\\/algarve7.pt\\\/\",\"logo\":{\"@type\":\"ImageObject\",\"inLanguage\":\"pt-PT\",\"@id\":\"https:\\\/\\\/algarve7.pt\\\/#\\\/schema\\\/logo\\\/image\\\/\",\"url\":\"https:\\\/\\\/algarve7.pt\\\/wp-content\\\/uploads\\\/2020\\\/10\\\/Logo-8.jpg\",\"contentUrl\":\"https:\\\/\\\/algarve7.pt\\\/wp-content\\\/uploads\\\/2020\\\/10\\\/Logo-8.jpg\",\"width\":1680,\"height\":1186,\"caption\":\"Algarve 7\"},\"image\":{\"@id\":\"https:\\\/\\\/algarve7.pt\\\/#\\\/schema\\\/logo\\\/image\\\/\"},\"sameAs\":[\"https:\\\/\\\/www.facebook.com\\\/algarve7\",\"https:\\\/\\\/x.com\\\/Algarvesete\",\"https:\\\/\\\/www.instagram.com\\\/jornalalgarve7\\\/\",\"https:\\\/\\\/www.linkedin.com\\\/company\\\/algarve7\",\"https:\\\/\\\/www.pinterest.pt\\\/geral0939\\\/_created\\\/\"]},{\"@type\":\"Person\",\"@id\":\"https:\\\/\\\/algarve7.pt\\\/#\\\/schema\\\/person\\\/23fa70681308e7b319a3204bcea45e0c\",\"name\":\"Algarve 7\",\"sameAs\":[\"https:\\\/\\\/algarve7.pt\",\"https:\\\/\\\/www.facebook.com\\\/algarve7\"],\"url\":\"https:\\\/\\\/algarve7.pt\\\/index.php\\\/author\\\/geralalgarve7-pt\\\/\"}]}<\/script>\n<!-- \/ Yoast SEO plugin. -->","yoast_head_json":{"title":"Campanha de ado\u00e7\u00e3o respons\u00e1vel de animais est\u00e1 de regresso ao mar shopping Algarve - Algarve 7","description":"Campanha de ado\u00e7\u00e3o respons\u00e1vel de animais est\u00e1 de regresso ao mar shopping Algarve Atualidade","robots":{"index":"index","follow":"follow","max-snippet":"max-snippet:-1","max-image-preview":"max-image-preview:large","max-video-preview":"max-video-preview:-1"},"canonical":"https:\/\/algarve7.pt\/index.php\/2022\/03\/campanha-de-adocao-responsavel-de-animais-esta-de-regresso-ao-mar-shopping-algarve\/atualidade\/11\/51\/","og_locale":"pt_PT","og_type":"article","og_title":"Campanha de ado\u00e7\u00e3o respons\u00e1vel de animais est\u00e1 de regresso ao mar shopping Algarve - Algarve 7","og_description":"Campanha de ado\u00e7\u00e3o respons\u00e1vel de animais est\u00e1 de regresso ao mar shopping Algarve Atualidade","og_url":"https:\/\/algarve7.pt\/index.php\/2022\/03\/campanha-de-adocao-responsavel-de-animais-esta-de-regresso-ao-mar-shopping-algarve\/atualidade\/11\/51\/","og_site_name":"Algarve 7","article_publisher":"https:\/\/www.facebook.com\/algarve7","article_author":"https:\/\/www.facebook.com\/algarve7","article_published_time":"2022-03-10T11:51:29+00:00","article_modified_time":"2022-03-10T11:51:30+00:00","og_image":[{"width":699,"height":393,"url":"https:\/\/algarve7.pt\/wp-content\/uploads\/2022\/03\/campanha-adocao-responsavel.png","type":"image\/png"}],"author":"Algarve 7","twitter_card":"summary_large_image","twitter_creator":"@Algarvesete","twitter_site":"@Algarvesete","twitter_misc":{"Escrito por":"Algarve 7","Tempo estimado de leitura":"2 minutos"},"schema":{"@context":"https:\/\/schema.org","@graph":[{"@type":"Article","@id":"https:\/\/algarve7.pt\/index.php\/2022\/03\/campanha-de-adocao-responsavel-de-animais-esta-de-regresso-ao-mar-shopping-algarve\/atualidade\/11\/51\/#article","isPartOf":{"@id":"https:\/\/algarve7.pt\/index.php\/2022\/03\/campanha-de-adocao-responsavel-de-animais-esta-de-regresso-ao-mar-shopping-algarve\/atualidade\/11\/51\/"},"author":{"name":"Algarve 7","@id":"https:\/\/algarve7.pt\/#\/schema\/person\/23fa70681308e7b319a3204bcea45e0c"},"headline":"Campanha de ado\u00e7\u00e3o respons\u00e1vel de animais est\u00e1 de regresso ao mar shopping Algarve","datePublished":"2022-03-10T11:51:29+00:00","dateModified":"2022-03-10T11:51:30+00:00","mainEntityOfPage":{"@id":"https:\/\/algarve7.pt\/index.php\/2022\/03\/campanha-de-adocao-responsavel-de-animais-esta-de-regresso-ao-mar-shopping-algarve\/atualidade\/11\/51\/"},"wordCount":285,"publisher":{"@id":"https:\/\/algarve7.pt\/#organization"},"image":{"@id":"https:\/\/algarve7.pt\/index.php\/2022\/03\/campanha-de-adocao-responsavel-de-animais-esta-de-regresso-ao-mar-shopping-algarve\/atualidade\/11\/51\/#primaryimage"},"thumbnailUrl":"https:\/\/algarve7.pt\/wp-content\/uploads\/2022\/03\/campanha-adocao-responsavel.png","keywords":["Algarve","Atualidade","Loul\u00e9"],"articleSection":["Atualidade"],"inLanguage":"pt-PT"},{"@type":"WebPage","@id":"https:\/\/algarve7.pt\/index.php\/2022\/03\/campanha-de-adocao-responsavel-de-animais-esta-de-regresso-ao-mar-shopping-algarve\/atualidade\/11\/51\/","url":"https:\/\/algarve7.pt\/index.php\/2022\/03\/campanha-de-adocao-responsavel-de-animais-esta-de-regresso-ao-mar-shopping-algarve\/atualidade\/11\/51\/","name":"Campanha de ado\u00e7\u00e3o respons\u00e1vel de animais est\u00e1 de regresso ao mar shopping Algarve - Algarve 7","isPartOf":{"@id":"https:\/\/algarve7.pt\/#website"},"primaryImageOfPage":{"@id":"https:\/\/algarve7.pt\/index.php\/2022\/03\/campanha-de-adocao-responsavel-de-animais-esta-de-regresso-ao-mar-shopping-algarve\/atualidade\/11\/51\/#primaryimage"},"image":{"@id":"https:\/\/algarve7.pt\/index.php\/2022\/03\/campanha-de-adocao-responsavel-de-animais-esta-de-regresso-ao-mar-shopping-algarve\/atualidade\/11\/51\/#primaryimage"},"thumbnailUrl":"https:\/\/algarve7.pt\/wp-content\/uploads\/2022\/03\/campanha-adocao-responsavel.png","datePublished":"2022-03-10T11:51:29+00:00","dateModified":"2022-03-10T11:51:30+00:00","description":"Campanha de ado\u00e7\u00e3o respons\u00e1vel de animais est\u00e1 de regresso ao mar shopping Algarve Atualidade","breadcrumb":{"@id":"https:\/\/algarve7.pt\/index.php\/2022\/03\/campanha-de-adocao-responsavel-de-animais-esta-de-regresso-ao-mar-shopping-algarve\/atualidade\/11\/51\/#breadcrumb"},"inLanguage":"pt-PT","potentialAction":[{"@type":"ReadAction","target":["https:\/\/algarve7.pt\/index.php\/2022\/03\/campanha-de-adocao-responsavel-de-animais-esta-de-regresso-ao-mar-shopping-algarve\/atualidade\/11\/51\/"]}]},{"@type":"ImageObject","inLanguage":"pt-PT","@id":"https:\/\/algarve7.pt\/index.php\/2022\/03\/campanha-de-adocao-responsavel-de-animais-esta-de-regresso-ao-mar-shopping-algarve\/atualidade\/11\/51\/#primaryimage","url":"https:\/\/algarve7.pt\/wp-content\/uploads\/2022\/03\/campanha-adocao-responsavel.png","contentUrl":"https:\/\/algarve7.pt\/wp-content\/uploads\/2022\/03\/campanha-adocao-responsavel.png","width":699,"height":393},{"@type":"BreadcrumbList","@id":"https:\/\/algarve7.pt\/index.php\/2022\/03\/campanha-de-adocao-responsavel-de-animais-esta-de-regresso-ao-mar-shopping-algarve\/atualidade\/11\/51\/#breadcrumb","itemListElement":[{"@type":"ListItem","position":1,"name":"In\u00edcio","item":"https:\/\/algarve7.pt\/"},{"@type":"ListItem","position":2,"name":"Campanha de ado\u00e7\u00e3o respons\u00e1vel de animais est\u00e1 de regresso ao mar shopping Algarve"}]},{"@type":"WebSite","@id":"https:\/\/algarve7.pt\/#website","url":"https:\/\/algarve7.pt\/","name":"Algarve 7","description":"Informa\u00e7\u00e3o sobre o Algarve","publisher":{"@id":"https:\/\/algarve7.pt\/#organization"},"potentialAction":[{"@type":"SearchAction","target":{"@type":"EntryPoint","urlTemplate":"https:\/\/algarve7.pt\/?s={search_term_string}"},"query-input":{"@type":"PropertyValueSpecification","valueRequired":true,"valueName":"search_term_string"}}],"inLanguage":"pt-PT"},{"@type":"Organization","@id":"https:\/\/algarve7.pt\/#organization","name":"Algarve 7","url":"https:\/\/algarve7.pt\/","logo":{"@type":"ImageObject","inLanguage":"pt-PT","@id":"https:\/\/algarve7.pt\/#\/schema\/logo\/image\/","url":"https:\/\/algarve7.pt\/wp-content\/uploads\/2020\/10\/Logo-8.jpg","contentUrl":"https:\/\/algarve7.pt\/wp-content\/uploads\/2020\/10\/Logo-8.jpg","width":1680,"height":1186,"caption":"Algarve 7"},"image":{"@id":"https:\/\/algarve7.pt\/#\/schema\/logo\/image\/"},"sameAs":["https:\/\/www.facebook.com\/algarve7","https:\/\/x.com\/Algarvesete","https:\/\/www.instagram.com\/jornalalgarve7\/","https:\/\/www.linkedin.com\/company\/algarve7","https:\/\/www.pinterest.pt\/geral0939\/_created\/"]},{"@type":"Person","@id":"https:\/\/algarve7.pt\/#\/schema\/person\/23fa70681308e7b319a3204bcea45e0c","name":"Algarve 7","sameAs":["https:\/\/algarve7.pt","https:\/\/www.facebook.com\/algarve7"],"url":"https:\/\/algarve7.pt\/index.php\/author\/geralalgarve7-pt\/"}]}},"jetpack_publicize_connections":[],"jetpack_featured_media_url":"https:\/\/algarve7.pt\/wp-content\/uploads\/2022\/03\/campanha-adocao-responsavel.png","jetpack_shortlink":"https:\/\/wp.me\/pcezmW-4gi","jetpack_sharing_enabled":true,"_links":{"self":[{"href":"https:\/\/algarve7.pt\/index.php\/wp-json\/wp\/v2\/posts\/16386","targetHints":{"allow":["GET"]}}],"collection":[{"href":"https:\/\/algarve7.pt\/index.php\/wp-json\/wp\/v2\/posts"}],"about":[{"href":"https:\/\/algarve7.pt\/index.php\/wp-json\/wp\/v2\/types\/post"}],"author":[{"embeddable":true,"href":"https:\/\/algarve7.pt\/index.php\/wp-json\/wp\/v2\/users\/1"}],"replies":[{"embeddable":true,"href":"https:\/\/algarve7.pt\/index.php\/wp-json\/wp\/v2\/comments?post=16386"}],"version-history":[{"count":0,"href":"https:\/\/algarve7.pt\/index.php\/wp-json\/wp\/v2\/posts\/16386\/revisions"}],"wp:featuredmedia":[{"embeddable":true,"href":"https:\/\/algarve7.pt\/index.php\/wp-json\/wp\/v2\/media\/16387"}],"wp:attachment":[{"href":"https:\/\/algarve7.pt\/index.php\/wp-json\/wp\/v2\/media?parent=16386"}],"wp:term":[{"taxonomy":"category","embeddable":true,"href":"https:\/\/algarve7.pt\/index.php\/wp-json\/wp\/v2\/categories?post=16386"},{"taxonomy":"post_tag","embeddable":true,"href":"https:\/\/algarve7.pt\/index.php\/wp-json\/wp\/v2\/tags?post=16386"}],"curies":[{"name":"wp","href":"https:\/\/api.w.org\/{rel}","templated":true}]}}