{"id":16364,"date":"2022-03-09T17:35:07","date_gmt":"2022-03-09T17:35:07","guid":{"rendered":"https:\/\/algarve7.pt\/?p=16364"},"modified":"2022-03-09T17:35:09","modified_gmt":"2022-03-09T17:35:09","slug":"olhao-celebra-chegada-da-primavera-no-chale-joao-lucio","status":"publish","type":"post","link":"https:\/\/algarve7.pt\/index.php\/2022\/03\/olhao-celebra-chegada-da-primavera-no-chale-joao-lucio\/educacao\/17\/35\/","title":{"rendered":"Olh\u00e3o celebra chegada da primavera no Chal\u00e9 Jo\u00e3o L\u00facio"},"content":{"rendered":"\n<p><strong>A primavera chega este ano a Olh\u00e3o com uma m\u00e3o-cheia de atividades para toda a fam\u00edlia, numa organiza\u00e7\u00e3o do Museu Municipal de Olh\u00e3o \u2013 Edif\u00edcio do Compromisso Mar\u00edtimo, em conjunto com um vasto n\u00famero de entidades, que decorre no Chal\u00e9 Jo\u00e3o L\u00facio no domingo, dia 20 de mar\u00e7o.<\/strong><\/p>\n\n\n\n<p>Casa da Juventude, Biblioteca Municipal, Junta de Freguesia de Quelfes, Associa\u00e7\u00e3o Vita Nativa, Sec\u00e7\u00e3o Regional do Algarve da Ordem dos Arquitetos e Agrupamento CNE 554 juntaram-se ao Museu para planear um dia divertido em fam\u00edlia, onde at\u00e9 ser\u00e1 poss\u00edvel aos participantes levarem o seu farnel e fazerem um piquenique no espa\u00e7o privilegiado do Chal\u00e9 Jo\u00e3o L\u00facio.<\/p>\n\n\n\n<p>O espa\u00e7o exterior deste que \u00e9 um dos mais ic\u00f3nicos edif\u00edcios do concelho \u00e9 o local de elei\u00e7\u00e3o para um conjunto diversificado de oficinas pedag\u00f3gicas e l\u00fadicas, que v\u00e3o da constru\u00e7\u00e3o de caixas-ninho para aves \u00e0 Hora do Conto, passando por oficinas de constru\u00e7\u00e3o, teatro, ou jogos de pistas, entre muitos outros motivos para passar um dia divertido em fam\u00edlia, celebrando a primavera.<\/p>\n\n\n\n<p>A celebra\u00e7\u00e3o da primavera continua no dia 21 de mar\u00e7o, Dia Mundial da \u00c1rvore, com a planta\u00e7\u00e3o de \u00e1rvores aut\u00f3ctones, e a exibi\u00e7\u00e3o do filme Cavalos de Guerra, no Audit\u00f3rio Municipal.<\/p>\n\n\n\n<p>A participa\u00e7\u00e3o nas atividade e gratuita, mas a maior parte requer inscri\u00e7\u00e3o pr\u00e9via (289 700 103 \u00a0<a href=\"mailto:museu@cm-olhao.pt\" target=\"_blank\" rel=\"noreferrer noopener\">museu@cm-olhao.pt<\/a>).<\/p>\n\n\n\n<p><\/p>\n","protected":false},"excerpt":{"rendered":"<p>A primavera chega este ano a Olh\u00e3o com uma m\u00e3o-cheia de atividades para toda a fam\u00edlia, numa organiza\u00e7\u00e3o do Museu<\/p>\n","protected":false},"author":1,"featured_media":16361,"comment_status":"closed","ping_status":"open","sticky":false,"template":"","format":"standard","meta":{"colormag_page_container_layout":"default_layout","colormag_page_sidebar_layout":"default_layout","_monsterinsights_skip_tracking":false,"_monsterinsights_sitenote_active":false,"_monsterinsights_sitenote_note":"","_monsterinsights_sitenote_category":0,"jetpack_post_was_ever_published":false,"_jetpack_newsletter_access":"","_jetpack_dont_email_post_to_subs":false,"_jetpack_newsletter_tier_id":0,"_jetpack_memberships_contains_paywalled_content":false,"_jetpack_memberships_contains_paid_content":false,"footnotes":"","jetpack_publicize_message":"","jetpack_publicize_feature_enabled":true,"jetpack_social_post_already_shared":false,"jetpack_social_options":{"image_generator_settings":{"template":"highway","default_image_id":0,"font":"","enabled":false},"version":2}},"categories":[93],"tags":[36,74,37],"class_list":["post-16364","post","type-post","status-publish","format-standard","has-post-thumbnail","hentry","category-educacao","tag-algarve","tag-educacao","tag-olhao"],"yoast_head":"<!-- This site is optimized with the Yoast SEO plugin v27.5 - https:\/\/yoast.com\/product\/yoast-seo-wordpress\/ -->\n<title>Olh\u00e3o celebra chegada da primavera no Chal\u00e9 Jo\u00e3o L\u00facio - Algarve 7<\/title>\n<meta name=\"description\" content=\"Olh\u00e3o celebra chegada da primavera no Chal\u00e9 Jo\u00e3o L\u00facio Educa\u00e7\u00e3o\" \/>\n<meta name=\"robots\" content=\"index, follow, max-snippet:-1, max-image-preview:large, max-video-preview:-1\" \/>\n<link rel=\"canonical\" href=\"https:\/\/algarve7.pt\/index.php\/2022\/03\/olhao-celebra-chegada-da-primavera-no-chale-joao-lucio\/educacao\/17\/35\/\" \/>\n<meta property=\"og:locale\" content=\"pt_PT\" \/>\n<meta property=\"og:type\" content=\"article\" \/>\n<meta property=\"og:title\" content=\"Olh\u00e3o celebra chegada da primavera no Chal\u00e9 Jo\u00e3o L\u00facio - Algarve 7\" \/>\n<meta property=\"og:description\" content=\"Olh\u00e3o celebra chegada da primavera no Chal\u00e9 Jo\u00e3o L\u00facio Educa\u00e7\u00e3o\" \/>\n<meta property=\"og:url\" content=\"https:\/\/algarve7.pt\/index.php\/2022\/03\/olhao-celebra-chegada-da-primavera-no-chale-joao-lucio\/educacao\/17\/35\/\" \/>\n<meta property=\"og:site_name\" content=\"Algarve 7\" \/>\n<meta property=\"article:publisher\" content=\"https:\/\/www.facebook.com\/algarve7\" \/>\n<meta property=\"article:author\" content=\"https:\/\/www.facebook.com\/algarve7\" \/>\n<meta property=\"article:published_time\" content=\"2022-03-09T17:35:07+00:00\" \/>\n<meta property=\"article:modified_time\" content=\"2022-03-09T17:35:09+00:00\" \/>\n<meta property=\"og:image\" content=\"https:\/\/algarve7.pt\/wp-content\/uploads\/2022\/03\/Captura-de-ecra-2022-03-09-as-17.29.00.png\" \/>\n\t<meta property=\"og:image:width\" content=\"2096\" \/>\n\t<meta property=\"og:image:height\" content=\"1220\" \/>\n\t<meta property=\"og:image:type\" content=\"image\/png\" \/>\n<meta name=\"author\" content=\"Algarve 7\" \/>\n<meta name=\"twitter:card\" content=\"summary_large_image\" \/>\n<meta name=\"twitter:creator\" content=\"@Algarvesete\" \/>\n<meta name=\"twitter:site\" content=\"@Algarvesete\" \/>\n<meta name=\"twitter:label1\" content=\"Escrito por\" \/>\n\t<meta name=\"twitter:data1\" content=\"Algarve 7\" \/>\n\t<meta name=\"twitter:label2\" content=\"Tempo estimado de leitura\" \/>\n\t<meta name=\"twitter:data2\" content=\"2 minutos\" \/>\n<script type=\"application\/ld+json\" class=\"yoast-schema-graph\">{\"@context\":\"https:\\\/\\\/schema.org\",\"@graph\":[{\"@type\":\"Article\",\"@id\":\"https:\\\/\\\/algarve7.pt\\\/index.php\\\/2022\\\/03\\\/olhao-celebra-chegada-da-primavera-no-chale-joao-lucio\\\/educacao\\\/17\\\/35\\\/#article\",\"isPartOf\":{\"@id\":\"https:\\\/\\\/algarve7.pt\\\/index.php\\\/2022\\\/03\\\/olhao-celebra-chegada-da-primavera-no-chale-joao-lucio\\\/educacao\\\/17\\\/35\\\/\"},\"author\":{\"name\":\"Algarve 7\",\"@id\":\"https:\\\/\\\/algarve7.pt\\\/#\\\/schema\\\/person\\\/23fa70681308e7b319a3204bcea45e0c\"},\"headline\":\"Olh\u00e3o celebra chegada da primavera no Chal\u00e9 Jo\u00e3o L\u00facio\",\"datePublished\":\"2022-03-09T17:35:07+00:00\",\"dateModified\":\"2022-03-09T17:35:09+00:00\",\"mainEntityOfPage\":{\"@id\":\"https:\\\/\\\/algarve7.pt\\\/index.php\\\/2022\\\/03\\\/olhao-celebra-chegada-da-primavera-no-chale-joao-lucio\\\/educacao\\\/17\\\/35\\\/\"},\"wordCount\":256,\"publisher\":{\"@id\":\"https:\\\/\\\/algarve7.pt\\\/#organization\"},\"image\":{\"@id\":\"https:\\\/\\\/algarve7.pt\\\/index.php\\\/2022\\\/03\\\/olhao-celebra-chegada-da-primavera-no-chale-joao-lucio\\\/educacao\\\/17\\\/35\\\/#primaryimage\"},\"thumbnailUrl\":\"https:\\\/\\\/algarve7.pt\\\/wp-content\\\/uploads\\\/2022\\\/03\\\/Captura-de-ecra-2022-03-09-as-17.29.00.png\",\"keywords\":[\"Algarve\",\"Educa\u00e7\u00e3o\",\"Olh\u00e3o\"],\"articleSection\":[\"Educa\u00e7\u00e3o\"],\"inLanguage\":\"pt-PT\"},{\"@type\":\"WebPage\",\"@id\":\"https:\\\/\\\/algarve7.pt\\\/index.php\\\/2022\\\/03\\\/olhao-celebra-chegada-da-primavera-no-chale-joao-lucio\\\/educacao\\\/17\\\/35\\\/\",\"url\":\"https:\\\/\\\/algarve7.pt\\\/index.php\\\/2022\\\/03\\\/olhao-celebra-chegada-da-primavera-no-chale-joao-lucio\\\/educacao\\\/17\\\/35\\\/\",\"name\":\"Olh\u00e3o celebra chegada da primavera no Chal\u00e9 Jo\u00e3o L\u00facio - Algarve 7\",\"isPartOf\":{\"@id\":\"https:\\\/\\\/algarve7.pt\\\/#website\"},\"primaryImageOfPage\":{\"@id\":\"https:\\\/\\\/algarve7.pt\\\/index.php\\\/2022\\\/03\\\/olhao-celebra-chegada-da-primavera-no-chale-joao-lucio\\\/educacao\\\/17\\\/35\\\/#primaryimage\"},\"image\":{\"@id\":\"https:\\\/\\\/algarve7.pt\\\/index.php\\\/2022\\\/03\\\/olhao-celebra-chegada-da-primavera-no-chale-joao-lucio\\\/educacao\\\/17\\\/35\\\/#primaryimage\"},\"thumbnailUrl\":\"https:\\\/\\\/algarve7.pt\\\/wp-content\\\/uploads\\\/2022\\\/03\\\/Captura-de-ecra-2022-03-09-as-17.29.00.png\",\"datePublished\":\"2022-03-09T17:35:07+00:00\",\"dateModified\":\"2022-03-09T17:35:09+00:00\",\"description\":\"Olh\u00e3o celebra chegada da primavera no Chal\u00e9 Jo\u00e3o L\u00facio Educa\u00e7\u00e3o\",\"breadcrumb\":{\"@id\":\"https:\\\/\\\/algarve7.pt\\\/index.php\\\/2022\\\/03\\\/olhao-celebra-chegada-da-primavera-no-chale-joao-lucio\\\/educacao\\\/17\\\/35\\\/#breadcrumb\"},\"inLanguage\":\"pt-PT\",\"potentialAction\":[{\"@type\":\"ReadAction\",\"target\":[\"https:\\\/\\\/algarve7.pt\\\/index.php\\\/2022\\\/03\\\/olhao-celebra-chegada-da-primavera-no-chale-joao-lucio\\\/educacao\\\/17\\\/35\\\/\"]}]},{\"@type\":\"ImageObject\",\"inLanguage\":\"pt-PT\",\"@id\":\"https:\\\/\\\/algarve7.pt\\\/index.php\\\/2022\\\/03\\\/olhao-celebra-chegada-da-primavera-no-chale-joao-lucio\\\/educacao\\\/17\\\/35\\\/#primaryimage\",\"url\":\"https:\\\/\\\/algarve7.pt\\\/wp-content\\\/uploads\\\/2022\\\/03\\\/Captura-de-ecra-2022-03-09-as-17.29.00.png\",\"contentUrl\":\"https:\\\/\\\/algarve7.pt\\\/wp-content\\\/uploads\\\/2022\\\/03\\\/Captura-de-ecra-2022-03-09-as-17.29.00.png\",\"width\":2096,\"height\":1220},{\"@type\":\"BreadcrumbList\",\"@id\":\"https:\\\/\\\/algarve7.pt\\\/index.php\\\/2022\\\/03\\\/olhao-celebra-chegada-da-primavera-no-chale-joao-lucio\\\/educacao\\\/17\\\/35\\\/#breadcrumb\",\"itemListElement\":[{\"@type\":\"ListItem\",\"position\":1,\"name\":\"In\u00edcio\",\"item\":\"https:\\\/\\\/algarve7.pt\\\/\"},{\"@type\":\"ListItem\",\"position\":2,\"name\":\"Olh\u00e3o celebra chegada da primavera no Chal\u00e9 Jo\u00e3o L\u00facio\"}]},{\"@type\":\"WebSite\",\"@id\":\"https:\\\/\\\/algarve7.pt\\\/#website\",\"url\":\"https:\\\/\\\/algarve7.pt\\\/\",\"name\":\"Algarve 7\",\"description\":\"Informa\u00e7\u00e3o sobre o Algarve\",\"publisher\":{\"@id\":\"https:\\\/\\\/algarve7.pt\\\/#organization\"},\"potentialAction\":[{\"@type\":\"SearchAction\",\"target\":{\"@type\":\"EntryPoint\",\"urlTemplate\":\"https:\\\/\\\/algarve7.pt\\\/?s={search_term_string}\"},\"query-input\":{\"@type\":\"PropertyValueSpecification\",\"valueRequired\":true,\"valueName\":\"search_term_string\"}}],\"inLanguage\":\"pt-PT\"},{\"@type\":\"Organization\",\"@id\":\"https:\\\/\\\/algarve7.pt\\\/#organization\",\"name\":\"Algarve 7\",\"url\":\"https:\\\/\\\/algarve7.pt\\\/\",\"logo\":{\"@type\":\"ImageObject\",\"inLanguage\":\"pt-PT\",\"@id\":\"https:\\\/\\\/algarve7.pt\\\/#\\\/schema\\\/logo\\\/image\\\/\",\"url\":\"https:\\\/\\\/algarve7.pt\\\/wp-content\\\/uploads\\\/2020\\\/10\\\/Logo-8.jpg\",\"contentUrl\":\"https:\\\/\\\/algarve7.pt\\\/wp-content\\\/uploads\\\/2020\\\/10\\\/Logo-8.jpg\",\"width\":1680,\"height\":1186,\"caption\":\"Algarve 7\"},\"image\":{\"@id\":\"https:\\\/\\\/algarve7.pt\\\/#\\\/schema\\\/logo\\\/image\\\/\"},\"sameAs\":[\"https:\\\/\\\/www.facebook.com\\\/algarve7\",\"https:\\\/\\\/x.com\\\/Algarvesete\",\"https:\\\/\\\/www.instagram.com\\\/jornalalgarve7\\\/\",\"https:\\\/\\\/www.linkedin.com\\\/company\\\/algarve7\",\"https:\\\/\\\/www.pinterest.pt\\\/geral0939\\\/_created\\\/\"]},{\"@type\":\"Person\",\"@id\":\"https:\\\/\\\/algarve7.pt\\\/#\\\/schema\\\/person\\\/23fa70681308e7b319a3204bcea45e0c\",\"name\":\"Algarve 7\",\"sameAs\":[\"https:\\\/\\\/algarve7.pt\",\"https:\\\/\\\/www.facebook.com\\\/algarve7\"],\"url\":\"https:\\\/\\\/algarve7.pt\\\/index.php\\\/author\\\/geralalgarve7-pt\\\/\"}]}<\/script>\n<!-- \/ Yoast SEO plugin. -->","yoast_head_json":{"title":"Olh\u00e3o celebra chegada da primavera no Chal\u00e9 Jo\u00e3o L\u00facio - Algarve 7","description":"Olh\u00e3o celebra chegada da primavera no Chal\u00e9 Jo\u00e3o L\u00facio Educa\u00e7\u00e3o","robots":{"index":"index","follow":"follow","max-snippet":"max-snippet:-1","max-image-preview":"max-image-preview:large","max-video-preview":"max-video-preview:-1"},"canonical":"https:\/\/algarve7.pt\/index.php\/2022\/03\/olhao-celebra-chegada-da-primavera-no-chale-joao-lucio\/educacao\/17\/35\/","og_locale":"pt_PT","og_type":"article","og_title":"Olh\u00e3o celebra chegada da primavera no Chal\u00e9 Jo\u00e3o L\u00facio - Algarve 7","og_description":"Olh\u00e3o celebra chegada da primavera no Chal\u00e9 Jo\u00e3o L\u00facio Educa\u00e7\u00e3o","og_url":"https:\/\/algarve7.pt\/index.php\/2022\/03\/olhao-celebra-chegada-da-primavera-no-chale-joao-lucio\/educacao\/17\/35\/","og_site_name":"Algarve 7","article_publisher":"https:\/\/www.facebook.com\/algarve7","article_author":"https:\/\/www.facebook.com\/algarve7","article_published_time":"2022-03-09T17:35:07+00:00","article_modified_time":"2022-03-09T17:35:09+00:00","og_image":[{"width":2096,"height":1220,"url":"https:\/\/algarve7.pt\/wp-content\/uploads\/2022\/03\/Captura-de-ecra-2022-03-09-as-17.29.00.png","type":"image\/png"}],"author":"Algarve 7","twitter_card":"summary_large_image","twitter_creator":"@Algarvesete","twitter_site":"@Algarvesete","twitter_misc":{"Escrito por":"Algarve 7","Tempo estimado de leitura":"2 minutos"},"schema":{"@context":"https:\/\/schema.org","@graph":[{"@type":"Article","@id":"https:\/\/algarve7.pt\/index.php\/2022\/03\/olhao-celebra-chegada-da-primavera-no-chale-joao-lucio\/educacao\/17\/35\/#article","isPartOf":{"@id":"https:\/\/algarve7.pt\/index.php\/2022\/03\/olhao-celebra-chegada-da-primavera-no-chale-joao-lucio\/educacao\/17\/35\/"},"author":{"name":"Algarve 7","@id":"https:\/\/algarve7.pt\/#\/schema\/person\/23fa70681308e7b319a3204bcea45e0c"},"headline":"Olh\u00e3o celebra chegada da primavera no Chal\u00e9 Jo\u00e3o L\u00facio","datePublished":"2022-03-09T17:35:07+00:00","dateModified":"2022-03-09T17:35:09+00:00","mainEntityOfPage":{"@id":"https:\/\/algarve7.pt\/index.php\/2022\/03\/olhao-celebra-chegada-da-primavera-no-chale-joao-lucio\/educacao\/17\/35\/"},"wordCount":256,"publisher":{"@id":"https:\/\/algarve7.pt\/#organization"},"image":{"@id":"https:\/\/algarve7.pt\/index.php\/2022\/03\/olhao-celebra-chegada-da-primavera-no-chale-joao-lucio\/educacao\/17\/35\/#primaryimage"},"thumbnailUrl":"https:\/\/algarve7.pt\/wp-content\/uploads\/2022\/03\/Captura-de-ecra-2022-03-09-as-17.29.00.png","keywords":["Algarve","Educa\u00e7\u00e3o","Olh\u00e3o"],"articleSection":["Educa\u00e7\u00e3o"],"inLanguage":"pt-PT"},{"@type":"WebPage","@id":"https:\/\/algarve7.pt\/index.php\/2022\/03\/olhao-celebra-chegada-da-primavera-no-chale-joao-lucio\/educacao\/17\/35\/","url":"https:\/\/algarve7.pt\/index.php\/2022\/03\/olhao-celebra-chegada-da-primavera-no-chale-joao-lucio\/educacao\/17\/35\/","name":"Olh\u00e3o celebra chegada da primavera no Chal\u00e9 Jo\u00e3o L\u00facio - Algarve 7","isPartOf":{"@id":"https:\/\/algarve7.pt\/#website"},"primaryImageOfPage":{"@id":"https:\/\/algarve7.pt\/index.php\/2022\/03\/olhao-celebra-chegada-da-primavera-no-chale-joao-lucio\/educacao\/17\/35\/#primaryimage"},"image":{"@id":"https:\/\/algarve7.pt\/index.php\/2022\/03\/olhao-celebra-chegada-da-primavera-no-chale-joao-lucio\/educacao\/17\/35\/#primaryimage"},"thumbnailUrl":"https:\/\/algarve7.pt\/wp-content\/uploads\/2022\/03\/Captura-de-ecra-2022-03-09-as-17.29.00.png","datePublished":"2022-03-09T17:35:07+00:00","dateModified":"2022-03-09T17:35:09+00:00","description":"Olh\u00e3o celebra chegada da primavera no Chal\u00e9 Jo\u00e3o L\u00facio Educa\u00e7\u00e3o","breadcrumb":{"@id":"https:\/\/algarve7.pt\/index.php\/2022\/03\/olhao-celebra-chegada-da-primavera-no-chale-joao-lucio\/educacao\/17\/35\/#breadcrumb"},"inLanguage":"pt-PT","potentialAction":[{"@type":"ReadAction","target":["https:\/\/algarve7.pt\/index.php\/2022\/03\/olhao-celebra-chegada-da-primavera-no-chale-joao-lucio\/educacao\/17\/35\/"]}]},{"@type":"ImageObject","inLanguage":"pt-PT","@id":"https:\/\/algarve7.pt\/index.php\/2022\/03\/olhao-celebra-chegada-da-primavera-no-chale-joao-lucio\/educacao\/17\/35\/#primaryimage","url":"https:\/\/algarve7.pt\/wp-content\/uploads\/2022\/03\/Captura-de-ecra-2022-03-09-as-17.29.00.png","contentUrl":"https:\/\/algarve7.pt\/wp-content\/uploads\/2022\/03\/Captura-de-ecra-2022-03-09-as-17.29.00.png","width":2096,"height":1220},{"@type":"BreadcrumbList","@id":"https:\/\/algarve7.pt\/index.php\/2022\/03\/olhao-celebra-chegada-da-primavera-no-chale-joao-lucio\/educacao\/17\/35\/#breadcrumb","itemListElement":[{"@type":"ListItem","position":1,"name":"In\u00edcio","item":"https:\/\/algarve7.pt\/"},{"@type":"ListItem","position":2,"name":"Olh\u00e3o celebra chegada da primavera no Chal\u00e9 Jo\u00e3o L\u00facio"}]},{"@type":"WebSite","@id":"https:\/\/algarve7.pt\/#website","url":"https:\/\/algarve7.pt\/","name":"Algarve 7","description":"Informa\u00e7\u00e3o sobre o Algarve","publisher":{"@id":"https:\/\/algarve7.pt\/#organization"},"potentialAction":[{"@type":"SearchAction","target":{"@type":"EntryPoint","urlTemplate":"https:\/\/algarve7.pt\/?s={search_term_string}"},"query-input":{"@type":"PropertyValueSpecification","valueRequired":true,"valueName":"search_term_string"}}],"inLanguage":"pt-PT"},{"@type":"Organization","@id":"https:\/\/algarve7.pt\/#organization","name":"Algarve 7","url":"https:\/\/algarve7.pt\/","logo":{"@type":"ImageObject","inLanguage":"pt-PT","@id":"https:\/\/algarve7.pt\/#\/schema\/logo\/image\/","url":"https:\/\/algarve7.pt\/wp-content\/uploads\/2020\/10\/Logo-8.jpg","contentUrl":"https:\/\/algarve7.pt\/wp-content\/uploads\/2020\/10\/Logo-8.jpg","width":1680,"height":1186,"caption":"Algarve 7"},"image":{"@id":"https:\/\/algarve7.pt\/#\/schema\/logo\/image\/"},"sameAs":["https:\/\/www.facebook.com\/algarve7","https:\/\/x.com\/Algarvesete","https:\/\/www.instagram.com\/jornalalgarve7\/","https:\/\/www.linkedin.com\/company\/algarve7","https:\/\/www.pinterest.pt\/geral0939\/_created\/"]},{"@type":"Person","@id":"https:\/\/algarve7.pt\/#\/schema\/person\/23fa70681308e7b319a3204bcea45e0c","name":"Algarve 7","sameAs":["https:\/\/algarve7.pt","https:\/\/www.facebook.com\/algarve7"],"url":"https:\/\/algarve7.pt\/index.php\/author\/geralalgarve7-pt\/"}]}},"jetpack_publicize_connections":[],"jetpack_featured_media_url":"https:\/\/algarve7.pt\/wp-content\/uploads\/2022\/03\/Captura-de-ecra-2022-03-09-as-17.29.00.png","jetpack_shortlink":"https:\/\/wp.me\/pcezmW-4fW","jetpack_sharing_enabled":true,"_links":{"self":[{"href":"https:\/\/algarve7.pt\/index.php\/wp-json\/wp\/v2\/posts\/16364","targetHints":{"allow":["GET"]}}],"collection":[{"href":"https:\/\/algarve7.pt\/index.php\/wp-json\/wp\/v2\/posts"}],"about":[{"href":"https:\/\/algarve7.pt\/index.php\/wp-json\/wp\/v2\/types\/post"}],"author":[{"embeddable":true,"href":"https:\/\/algarve7.pt\/index.php\/wp-json\/wp\/v2\/users\/1"}],"replies":[{"embeddable":true,"href":"https:\/\/algarve7.pt\/index.php\/wp-json\/wp\/v2\/comments?post=16364"}],"version-history":[{"count":0,"href":"https:\/\/algarve7.pt\/index.php\/wp-json\/wp\/v2\/posts\/16364\/revisions"}],"wp:featuredmedia":[{"embeddable":true,"href":"https:\/\/algarve7.pt\/index.php\/wp-json\/wp\/v2\/media\/16361"}],"wp:attachment":[{"href":"https:\/\/algarve7.pt\/index.php\/wp-json\/wp\/v2\/media?parent=16364"}],"wp:term":[{"taxonomy":"category","embeddable":true,"href":"https:\/\/algarve7.pt\/index.php\/wp-json\/wp\/v2\/categories?post=16364"},{"taxonomy":"post_tag","embeddable":true,"href":"https:\/\/algarve7.pt\/index.php\/wp-json\/wp\/v2\/tags?post=16364"}],"curies":[{"name":"wp","href":"https:\/\/api.w.org\/{rel}","templated":true}]}}