{"id":16356,"date":"2022-03-09T16:42:37","date_gmt":"2022-03-09T16:42:37","guid":{"rendered":"https:\/\/algarve7.pt\/?p=16356"},"modified":"2022-03-09T16:42:38","modified_gmt":"2022-03-09T16:42:38","slug":"o-poder-do-teatro-comunitario-a-contar-a-historia-de-5-paises","status":"publish","type":"post","link":"https:\/\/algarve7.pt\/index.php\/2022\/03\/o-poder-do-teatro-comunitario-a-contar-a-historia-de-5-paises\/cultura\/16\/42\/","title":{"rendered":"O poder do teatro comunit\u00e1rio a contar a hist\u00f3ria de 5 pa\u00edses\u00a0"},"content":{"rendered":"\n<p>A uni-los t\u00eam o Mediterr\u00e2nio, a juventude, o entusiasmo e o Teatro, elemento-chave que os far\u00e1 ter parte activa na constru\u00e7\u00e3o da comunidade. S\u00e3o 35 actores e actrizes de 5 pa\u00edses que v\u00e3o subir ao palco juntos, para contar e cantar, escrever, rescrever e desenhar, a sua e a nossa hist\u00f3ria. &#8216;TELLING STORIES \u2013 <\/p>\n\n\n\n<p>O Poder do Teatro Comunit\u00e1rio\u00b4 \u00e9 um espect\u00e1culo resultado de um interc\u00e2mbio internacional coordenado pelo JAT- Janela Aberta Teatro, que traz a Faro durante 10 dias, entre 3 e 13 de Mar\u00e7o de 2022, 35 jovens com idades compreendidas entre os 18 e os 30 anos, oriundos de Portugal, Espanha, It\u00e1lia, Fran\u00e7a e Gr\u00e9cia. O projecto visa a partilha de saberes, experi\u00eancias e conhecimentos assentes na metodologia do Teatro Comunit\u00e1rio, que tem como objectivo a promo\u00e7\u00e3o da participa\u00e7\u00e3o e o envolvimento dos cidad\u00e3os na constru\u00e7\u00e3o de uma sociedade mais justa, desenvolver capacidades performativas e aplic\u00e1-las em contextos sociais, reescrever narrativas mais comunit\u00e1rias. <\/p>\n\n\n\n<p>Pretende-se contribuir para a mudan\u00e7a de estigmas sociais, n\u00e3o s\u00f3 promovendo o trabalho feito por este grupo de jovens artistas, mas sobretudo ajudando-os a sentirem que fazem parte de uma identidade cultural diversificada, ao alcan\u00e7ar uma consci\u00eancia colectiva e comunit\u00e1ria.\u00a0\u00a0<br>O projecto culmina com duas sess\u00f5es de um espect\u00e1culo final:<br>&#8216;TELLING STORIES \u2013 O Poder do Teatro Comunit\u00e1rio.&#8217;\u00a0<strong>[11 de Mar\u00e7o &#8211; 21h30]\u00a0<\/strong>Audit\u00f3rio do IPDJ, Faro\u00a0Entrada gratuita atrav\u00e9s de reserva sujeita a lota\u00e7\u00e3o.<br><strong>[12 de Mar\u00e7o &#8211; 11h30]\u00a0<\/strong>Audit\u00f3rio do Parque Ribeirinho, Faro\u00a0Acesso livre\u00a0RESERVAS :\u00a0<a href=\"mailto:colectivojat@gmail.com\" target=\"_blank\" rel=\"noreferrer noopener\">colectivojat@gmail.com<\/a>\u00a0Espa\u00e7o acess\u00edvel para pessoas com mobilidade reduzida.\u00a0<\/p>\n\n\n\n<p>Este projecto conta com o apoio do programa Erasmus + Juventude em A\u00e7\u00e3o e dos parceiros, IPDJ &#8211; Instituto Portugu\u00eas da Juventude de Faro, Agrupamento de Escolas Pinheiro e Rosa e Agrupamento de Escolas Tom\u00e1s Cabreira.<\/p>\n","protected":false},"excerpt":{"rendered":"<p>A uni-los t\u00eam o Mediterr\u00e2nio, a juventude, o entusiasmo e o Teatro, elemento-chave que os far\u00e1 ter parte activa na<\/p>\n","protected":false},"author":1,"featured_media":16357,"comment_status":"closed","ping_status":"open","sticky":false,"template":"","format":"standard","meta":{"colormag_page_container_layout":"default_layout","colormag_page_sidebar_layout":"default_layout","_monsterinsights_skip_tracking":false,"_monsterinsights_sitenote_active":false,"_monsterinsights_sitenote_note":"","_monsterinsights_sitenote_category":0,"jetpack_post_was_ever_published":false,"_jetpack_newsletter_access":"","_jetpack_dont_email_post_to_subs":false,"_jetpack_newsletter_tier_id":0,"_jetpack_memberships_contains_paywalled_content":false,"_jetpack_memberships_contains_paid_content":false,"footnotes":"","jetpack_publicize_message":"","jetpack_publicize_feature_enabled":true,"jetpack_social_post_already_shared":false,"jetpack_social_options":{"image_generator_settings":{"template":"highway","default_image_id":0,"font":"","enabled":false},"version":2}},"categories":[14],"tags":[36,35,602,101],"class_list":["post-16356","post","type-post","status-publish","format-standard","has-post-thumbnail","hentry","category-cultura","tag-algarve","tag-cultura","tag-jat-janela-aberta-teatro","tag-teatro"],"yoast_head":"<!-- This site is optimized with the Yoast SEO plugin v27.5 - https:\/\/yoast.com\/product\/yoast-seo-wordpress\/ -->\n<title>O poder do teatro comunit\u00e1rio a contar a hist\u00f3ria de 5 pa\u00edses\u00a0 - Algarve 7<\/title>\n<meta name=\"description\" content=\"O poder do teatro comunit\u00e1rio a contar a hist\u00f3ria de 5 pa\u00edses\u00a0 Cultura\" \/>\n<meta name=\"robots\" content=\"index, follow, max-snippet:-1, max-image-preview:large, max-video-preview:-1\" \/>\n<link rel=\"canonical\" href=\"https:\/\/algarve7.pt\/index.php\/2022\/03\/o-poder-do-teatro-comunitario-a-contar-a-historia-de-5-paises\/cultura\/16\/42\/\" \/>\n<meta property=\"og:locale\" content=\"pt_PT\" \/>\n<meta property=\"og:type\" content=\"article\" \/>\n<meta property=\"og:title\" content=\"O poder do teatro comunit\u00e1rio a contar a hist\u00f3ria de 5 pa\u00edses\u00a0 - Algarve 7\" \/>\n<meta property=\"og:description\" content=\"O poder do teatro comunit\u00e1rio a contar a hist\u00f3ria de 5 pa\u00edses\u00a0 Cultura\" \/>\n<meta property=\"og:url\" content=\"https:\/\/algarve7.pt\/index.php\/2022\/03\/o-poder-do-teatro-comunitario-a-contar-a-historia-de-5-paises\/cultura\/16\/42\/\" \/>\n<meta property=\"og:site_name\" content=\"Algarve 7\" \/>\n<meta property=\"article:publisher\" content=\"https:\/\/www.facebook.com\/algarve7\" \/>\n<meta property=\"article:author\" content=\"https:\/\/www.facebook.com\/algarve7\" \/>\n<meta property=\"article:published_time\" content=\"2022-03-09T16:42:37+00:00\" \/>\n<meta property=\"article:modified_time\" content=\"2022-03-09T16:42:38+00:00\" \/>\n<meta property=\"og:image\" content=\"https:\/\/algarve7.pt\/wp-content\/uploads\/2022\/03\/Captura-de-ecra-2022-03-09-as-16.39.27.png\" \/>\n\t<meta property=\"og:image:width\" content=\"1760\" \/>\n\t<meta property=\"og:image:height\" content=\"1168\" \/>\n\t<meta property=\"og:image:type\" content=\"image\/png\" \/>\n<meta name=\"author\" content=\"Algarve 7\" \/>\n<meta name=\"twitter:card\" content=\"summary_large_image\" \/>\n<meta name=\"twitter:creator\" content=\"@Algarvesete\" \/>\n<meta name=\"twitter:site\" content=\"@Algarvesete\" \/>\n<meta name=\"twitter:label1\" content=\"Escrito por\" \/>\n\t<meta name=\"twitter:data1\" content=\"Algarve 7\" \/>\n\t<meta name=\"twitter:label2\" content=\"Tempo estimado de leitura\" \/>\n\t<meta name=\"twitter:data2\" content=\"2 minutos\" \/>\n<script type=\"application\/ld+json\" class=\"yoast-schema-graph\">{\"@context\":\"https:\\\/\\\/schema.org\",\"@graph\":[{\"@type\":\"Article\",\"@id\":\"https:\\\/\\\/algarve7.pt\\\/index.php\\\/2022\\\/03\\\/o-poder-do-teatro-comunitario-a-contar-a-historia-de-5-paises\\\/cultura\\\/16\\\/42\\\/#article\",\"isPartOf\":{\"@id\":\"https:\\\/\\\/algarve7.pt\\\/index.php\\\/2022\\\/03\\\/o-poder-do-teatro-comunitario-a-contar-a-historia-de-5-paises\\\/cultura\\\/16\\\/42\\\/\"},\"author\":{\"name\":\"Algarve 7\",\"@id\":\"https:\\\/\\\/algarve7.pt\\\/#\\\/schema\\\/person\\\/23fa70681308e7b319a3204bcea45e0c\"},\"headline\":\"O poder do teatro comunit\u00e1rio a contar a hist\u00f3ria de 5 pa\u00edses\u00a0\",\"datePublished\":\"2022-03-09T16:42:37+00:00\",\"dateModified\":\"2022-03-09T16:42:38+00:00\",\"mainEntityOfPage\":{\"@id\":\"https:\\\/\\\/algarve7.pt\\\/index.php\\\/2022\\\/03\\\/o-poder-do-teatro-comunitario-a-contar-a-historia-de-5-paises\\\/cultura\\\/16\\\/42\\\/\"},\"wordCount\":330,\"publisher\":{\"@id\":\"https:\\\/\\\/algarve7.pt\\\/#organization\"},\"image\":{\"@id\":\"https:\\\/\\\/algarve7.pt\\\/index.php\\\/2022\\\/03\\\/o-poder-do-teatro-comunitario-a-contar-a-historia-de-5-paises\\\/cultura\\\/16\\\/42\\\/#primaryimage\"},\"thumbnailUrl\":\"https:\\\/\\\/algarve7.pt\\\/wp-content\\\/uploads\\\/2022\\\/03\\\/Captura-de-ecra-2022-03-09-as-16.39.27.png\",\"keywords\":[\"Algarve\",\"Cultura\",\"JAT- Janela Aberta Teatro\",\"Teatro\"],\"articleSection\":[\"Cultura\"],\"inLanguage\":\"pt-PT\"},{\"@type\":\"WebPage\",\"@id\":\"https:\\\/\\\/algarve7.pt\\\/index.php\\\/2022\\\/03\\\/o-poder-do-teatro-comunitario-a-contar-a-historia-de-5-paises\\\/cultura\\\/16\\\/42\\\/\",\"url\":\"https:\\\/\\\/algarve7.pt\\\/index.php\\\/2022\\\/03\\\/o-poder-do-teatro-comunitario-a-contar-a-historia-de-5-paises\\\/cultura\\\/16\\\/42\\\/\",\"name\":\"O poder do teatro comunit\u00e1rio a contar a hist\u00f3ria de 5 pa\u00edses\u00a0 - Algarve 7\",\"isPartOf\":{\"@id\":\"https:\\\/\\\/algarve7.pt\\\/#website\"},\"primaryImageOfPage\":{\"@id\":\"https:\\\/\\\/algarve7.pt\\\/index.php\\\/2022\\\/03\\\/o-poder-do-teatro-comunitario-a-contar-a-historia-de-5-paises\\\/cultura\\\/16\\\/42\\\/#primaryimage\"},\"image\":{\"@id\":\"https:\\\/\\\/algarve7.pt\\\/index.php\\\/2022\\\/03\\\/o-poder-do-teatro-comunitario-a-contar-a-historia-de-5-paises\\\/cultura\\\/16\\\/42\\\/#primaryimage\"},\"thumbnailUrl\":\"https:\\\/\\\/algarve7.pt\\\/wp-content\\\/uploads\\\/2022\\\/03\\\/Captura-de-ecra-2022-03-09-as-16.39.27.png\",\"datePublished\":\"2022-03-09T16:42:37+00:00\",\"dateModified\":\"2022-03-09T16:42:38+00:00\",\"description\":\"O poder do teatro comunit\u00e1rio a contar a hist\u00f3ria de 5 pa\u00edses\u00a0 Cultura\",\"breadcrumb\":{\"@id\":\"https:\\\/\\\/algarve7.pt\\\/index.php\\\/2022\\\/03\\\/o-poder-do-teatro-comunitario-a-contar-a-historia-de-5-paises\\\/cultura\\\/16\\\/42\\\/#breadcrumb\"},\"inLanguage\":\"pt-PT\",\"potentialAction\":[{\"@type\":\"ReadAction\",\"target\":[\"https:\\\/\\\/algarve7.pt\\\/index.php\\\/2022\\\/03\\\/o-poder-do-teatro-comunitario-a-contar-a-historia-de-5-paises\\\/cultura\\\/16\\\/42\\\/\"]}]},{\"@type\":\"ImageObject\",\"inLanguage\":\"pt-PT\",\"@id\":\"https:\\\/\\\/algarve7.pt\\\/index.php\\\/2022\\\/03\\\/o-poder-do-teatro-comunitario-a-contar-a-historia-de-5-paises\\\/cultura\\\/16\\\/42\\\/#primaryimage\",\"url\":\"https:\\\/\\\/algarve7.pt\\\/wp-content\\\/uploads\\\/2022\\\/03\\\/Captura-de-ecra-2022-03-09-as-16.39.27.png\",\"contentUrl\":\"https:\\\/\\\/algarve7.pt\\\/wp-content\\\/uploads\\\/2022\\\/03\\\/Captura-de-ecra-2022-03-09-as-16.39.27.png\",\"width\":1760,\"height\":1168},{\"@type\":\"BreadcrumbList\",\"@id\":\"https:\\\/\\\/algarve7.pt\\\/index.php\\\/2022\\\/03\\\/o-poder-do-teatro-comunitario-a-contar-a-historia-de-5-paises\\\/cultura\\\/16\\\/42\\\/#breadcrumb\",\"itemListElement\":[{\"@type\":\"ListItem\",\"position\":1,\"name\":\"In\u00edcio\",\"item\":\"https:\\\/\\\/algarve7.pt\\\/\"},{\"@type\":\"ListItem\",\"position\":2,\"name\":\"O poder do teatro comunit\u00e1rio a contar a hist\u00f3ria de 5 pa\u00edses\u00a0\"}]},{\"@type\":\"WebSite\",\"@id\":\"https:\\\/\\\/algarve7.pt\\\/#website\",\"url\":\"https:\\\/\\\/algarve7.pt\\\/\",\"name\":\"Algarve 7\",\"description\":\"Informa\u00e7\u00e3o sobre o Algarve\",\"publisher\":{\"@id\":\"https:\\\/\\\/algarve7.pt\\\/#organization\"},\"potentialAction\":[{\"@type\":\"SearchAction\",\"target\":{\"@type\":\"EntryPoint\",\"urlTemplate\":\"https:\\\/\\\/algarve7.pt\\\/?s={search_term_string}\"},\"query-input\":{\"@type\":\"PropertyValueSpecification\",\"valueRequired\":true,\"valueName\":\"search_term_string\"}}],\"inLanguage\":\"pt-PT\"},{\"@type\":\"Organization\",\"@id\":\"https:\\\/\\\/algarve7.pt\\\/#organization\",\"name\":\"Algarve 7\",\"url\":\"https:\\\/\\\/algarve7.pt\\\/\",\"logo\":{\"@type\":\"ImageObject\",\"inLanguage\":\"pt-PT\",\"@id\":\"https:\\\/\\\/algarve7.pt\\\/#\\\/schema\\\/logo\\\/image\\\/\",\"url\":\"https:\\\/\\\/algarve7.pt\\\/wp-content\\\/uploads\\\/2020\\\/10\\\/Logo-8.jpg\",\"contentUrl\":\"https:\\\/\\\/algarve7.pt\\\/wp-content\\\/uploads\\\/2020\\\/10\\\/Logo-8.jpg\",\"width\":1680,\"height\":1186,\"caption\":\"Algarve 7\"},\"image\":{\"@id\":\"https:\\\/\\\/algarve7.pt\\\/#\\\/schema\\\/logo\\\/image\\\/\"},\"sameAs\":[\"https:\\\/\\\/www.facebook.com\\\/algarve7\",\"https:\\\/\\\/x.com\\\/Algarvesete\",\"https:\\\/\\\/www.instagram.com\\\/jornalalgarve7\\\/\",\"https:\\\/\\\/www.linkedin.com\\\/company\\\/algarve7\",\"https:\\\/\\\/www.pinterest.pt\\\/geral0939\\\/_created\\\/\"]},{\"@type\":\"Person\",\"@id\":\"https:\\\/\\\/algarve7.pt\\\/#\\\/schema\\\/person\\\/23fa70681308e7b319a3204bcea45e0c\",\"name\":\"Algarve 7\",\"sameAs\":[\"https:\\\/\\\/algarve7.pt\",\"https:\\\/\\\/www.facebook.com\\\/algarve7\"],\"url\":\"https:\\\/\\\/algarve7.pt\\\/index.php\\\/author\\\/geralalgarve7-pt\\\/\"}]}<\/script>\n<!-- \/ Yoast SEO plugin. -->","yoast_head_json":{"title":"O poder do teatro comunit\u00e1rio a contar a hist\u00f3ria de 5 pa\u00edses\u00a0 - Algarve 7","description":"O poder do teatro comunit\u00e1rio a contar a hist\u00f3ria de 5 pa\u00edses\u00a0 Cultura","robots":{"index":"index","follow":"follow","max-snippet":"max-snippet:-1","max-image-preview":"max-image-preview:large","max-video-preview":"max-video-preview:-1"},"canonical":"https:\/\/algarve7.pt\/index.php\/2022\/03\/o-poder-do-teatro-comunitario-a-contar-a-historia-de-5-paises\/cultura\/16\/42\/","og_locale":"pt_PT","og_type":"article","og_title":"O poder do teatro comunit\u00e1rio a contar a hist\u00f3ria de 5 pa\u00edses\u00a0 - Algarve 7","og_description":"O poder do teatro comunit\u00e1rio a contar a hist\u00f3ria de 5 pa\u00edses\u00a0 Cultura","og_url":"https:\/\/algarve7.pt\/index.php\/2022\/03\/o-poder-do-teatro-comunitario-a-contar-a-historia-de-5-paises\/cultura\/16\/42\/","og_site_name":"Algarve 7","article_publisher":"https:\/\/www.facebook.com\/algarve7","article_author":"https:\/\/www.facebook.com\/algarve7","article_published_time":"2022-03-09T16:42:37+00:00","article_modified_time":"2022-03-09T16:42:38+00:00","og_image":[{"width":1760,"height":1168,"url":"https:\/\/algarve7.pt\/wp-content\/uploads\/2022\/03\/Captura-de-ecra-2022-03-09-as-16.39.27.png","type":"image\/png"}],"author":"Algarve 7","twitter_card":"summary_large_image","twitter_creator":"@Algarvesete","twitter_site":"@Algarvesete","twitter_misc":{"Escrito por":"Algarve 7","Tempo estimado de leitura":"2 minutos"},"schema":{"@context":"https:\/\/schema.org","@graph":[{"@type":"Article","@id":"https:\/\/algarve7.pt\/index.php\/2022\/03\/o-poder-do-teatro-comunitario-a-contar-a-historia-de-5-paises\/cultura\/16\/42\/#article","isPartOf":{"@id":"https:\/\/algarve7.pt\/index.php\/2022\/03\/o-poder-do-teatro-comunitario-a-contar-a-historia-de-5-paises\/cultura\/16\/42\/"},"author":{"name":"Algarve 7","@id":"https:\/\/algarve7.pt\/#\/schema\/person\/23fa70681308e7b319a3204bcea45e0c"},"headline":"O poder do teatro comunit\u00e1rio a contar a hist\u00f3ria de 5 pa\u00edses\u00a0","datePublished":"2022-03-09T16:42:37+00:00","dateModified":"2022-03-09T16:42:38+00:00","mainEntityOfPage":{"@id":"https:\/\/algarve7.pt\/index.php\/2022\/03\/o-poder-do-teatro-comunitario-a-contar-a-historia-de-5-paises\/cultura\/16\/42\/"},"wordCount":330,"publisher":{"@id":"https:\/\/algarve7.pt\/#organization"},"image":{"@id":"https:\/\/algarve7.pt\/index.php\/2022\/03\/o-poder-do-teatro-comunitario-a-contar-a-historia-de-5-paises\/cultura\/16\/42\/#primaryimage"},"thumbnailUrl":"https:\/\/algarve7.pt\/wp-content\/uploads\/2022\/03\/Captura-de-ecra-2022-03-09-as-16.39.27.png","keywords":["Algarve","Cultura","JAT- Janela Aberta Teatro","Teatro"],"articleSection":["Cultura"],"inLanguage":"pt-PT"},{"@type":"WebPage","@id":"https:\/\/algarve7.pt\/index.php\/2022\/03\/o-poder-do-teatro-comunitario-a-contar-a-historia-de-5-paises\/cultura\/16\/42\/","url":"https:\/\/algarve7.pt\/index.php\/2022\/03\/o-poder-do-teatro-comunitario-a-contar-a-historia-de-5-paises\/cultura\/16\/42\/","name":"O poder do teatro comunit\u00e1rio a contar a hist\u00f3ria de 5 pa\u00edses\u00a0 - Algarve 7","isPartOf":{"@id":"https:\/\/algarve7.pt\/#website"},"primaryImageOfPage":{"@id":"https:\/\/algarve7.pt\/index.php\/2022\/03\/o-poder-do-teatro-comunitario-a-contar-a-historia-de-5-paises\/cultura\/16\/42\/#primaryimage"},"image":{"@id":"https:\/\/algarve7.pt\/index.php\/2022\/03\/o-poder-do-teatro-comunitario-a-contar-a-historia-de-5-paises\/cultura\/16\/42\/#primaryimage"},"thumbnailUrl":"https:\/\/algarve7.pt\/wp-content\/uploads\/2022\/03\/Captura-de-ecra-2022-03-09-as-16.39.27.png","datePublished":"2022-03-09T16:42:37+00:00","dateModified":"2022-03-09T16:42:38+00:00","description":"O poder do teatro comunit\u00e1rio a contar a hist\u00f3ria de 5 pa\u00edses\u00a0 Cultura","breadcrumb":{"@id":"https:\/\/algarve7.pt\/index.php\/2022\/03\/o-poder-do-teatro-comunitario-a-contar-a-historia-de-5-paises\/cultura\/16\/42\/#breadcrumb"},"inLanguage":"pt-PT","potentialAction":[{"@type":"ReadAction","target":["https:\/\/algarve7.pt\/index.php\/2022\/03\/o-poder-do-teatro-comunitario-a-contar-a-historia-de-5-paises\/cultura\/16\/42\/"]}]},{"@type":"ImageObject","inLanguage":"pt-PT","@id":"https:\/\/algarve7.pt\/index.php\/2022\/03\/o-poder-do-teatro-comunitario-a-contar-a-historia-de-5-paises\/cultura\/16\/42\/#primaryimage","url":"https:\/\/algarve7.pt\/wp-content\/uploads\/2022\/03\/Captura-de-ecra-2022-03-09-as-16.39.27.png","contentUrl":"https:\/\/algarve7.pt\/wp-content\/uploads\/2022\/03\/Captura-de-ecra-2022-03-09-as-16.39.27.png","width":1760,"height":1168},{"@type":"BreadcrumbList","@id":"https:\/\/algarve7.pt\/index.php\/2022\/03\/o-poder-do-teatro-comunitario-a-contar-a-historia-de-5-paises\/cultura\/16\/42\/#breadcrumb","itemListElement":[{"@type":"ListItem","position":1,"name":"In\u00edcio","item":"https:\/\/algarve7.pt\/"},{"@type":"ListItem","position":2,"name":"O poder do teatro comunit\u00e1rio a contar a hist\u00f3ria de 5 pa\u00edses\u00a0"}]},{"@type":"WebSite","@id":"https:\/\/algarve7.pt\/#website","url":"https:\/\/algarve7.pt\/","name":"Algarve 7","description":"Informa\u00e7\u00e3o sobre o Algarve","publisher":{"@id":"https:\/\/algarve7.pt\/#organization"},"potentialAction":[{"@type":"SearchAction","target":{"@type":"EntryPoint","urlTemplate":"https:\/\/algarve7.pt\/?s={search_term_string}"},"query-input":{"@type":"PropertyValueSpecification","valueRequired":true,"valueName":"search_term_string"}}],"inLanguage":"pt-PT"},{"@type":"Organization","@id":"https:\/\/algarve7.pt\/#organization","name":"Algarve 7","url":"https:\/\/algarve7.pt\/","logo":{"@type":"ImageObject","inLanguage":"pt-PT","@id":"https:\/\/algarve7.pt\/#\/schema\/logo\/image\/","url":"https:\/\/algarve7.pt\/wp-content\/uploads\/2020\/10\/Logo-8.jpg","contentUrl":"https:\/\/algarve7.pt\/wp-content\/uploads\/2020\/10\/Logo-8.jpg","width":1680,"height":1186,"caption":"Algarve 7"},"image":{"@id":"https:\/\/algarve7.pt\/#\/schema\/logo\/image\/"},"sameAs":["https:\/\/www.facebook.com\/algarve7","https:\/\/x.com\/Algarvesete","https:\/\/www.instagram.com\/jornalalgarve7\/","https:\/\/www.linkedin.com\/company\/algarve7","https:\/\/www.pinterest.pt\/geral0939\/_created\/"]},{"@type":"Person","@id":"https:\/\/algarve7.pt\/#\/schema\/person\/23fa70681308e7b319a3204bcea45e0c","name":"Algarve 7","sameAs":["https:\/\/algarve7.pt","https:\/\/www.facebook.com\/algarve7"],"url":"https:\/\/algarve7.pt\/index.php\/author\/geralalgarve7-pt\/"}]}},"jetpack_publicize_connections":[],"jetpack_featured_media_url":"https:\/\/algarve7.pt\/wp-content\/uploads\/2022\/03\/Captura-de-ecra-2022-03-09-as-16.39.27.png","jetpack_shortlink":"https:\/\/wp.me\/pcezmW-4fO","jetpack_sharing_enabled":true,"_links":{"self":[{"href":"https:\/\/algarve7.pt\/index.php\/wp-json\/wp\/v2\/posts\/16356","targetHints":{"allow":["GET"]}}],"collection":[{"href":"https:\/\/algarve7.pt\/index.php\/wp-json\/wp\/v2\/posts"}],"about":[{"href":"https:\/\/algarve7.pt\/index.php\/wp-json\/wp\/v2\/types\/post"}],"author":[{"embeddable":true,"href":"https:\/\/algarve7.pt\/index.php\/wp-json\/wp\/v2\/users\/1"}],"replies":[{"embeddable":true,"href":"https:\/\/algarve7.pt\/index.php\/wp-json\/wp\/v2\/comments?post=16356"}],"version-history":[{"count":0,"href":"https:\/\/algarve7.pt\/index.php\/wp-json\/wp\/v2\/posts\/16356\/revisions"}],"wp:featuredmedia":[{"embeddable":true,"href":"https:\/\/algarve7.pt\/index.php\/wp-json\/wp\/v2\/media\/16357"}],"wp:attachment":[{"href":"https:\/\/algarve7.pt\/index.php\/wp-json\/wp\/v2\/media?parent=16356"}],"wp:term":[{"taxonomy":"category","embeddable":true,"href":"https:\/\/algarve7.pt\/index.php\/wp-json\/wp\/v2\/categories?post=16356"},{"taxonomy":"post_tag","embeddable":true,"href":"https:\/\/algarve7.pt\/index.php\/wp-json\/wp\/v2\/tags?post=16356"}],"curies":[{"name":"wp","href":"https:\/\/api.w.org\/{rel}","templated":true}]}}