{"id":1632,"date":"2020-09-21T13:00:47","date_gmt":"2020-09-21T12:00:47","guid":{"rendered":"https:\/\/algarve7.pt\/?p=1632"},"modified":"2020-09-21T13:00:48","modified_gmt":"2020-09-21T12:00:48","slug":"mercado-mundial-da-cortica-pode-crescer-325-ao-ano-ate-2026","status":"publish","type":"post","link":"https:\/\/algarve7.pt\/index.php\/2020\/09\/mercado-mundial-da-cortica-pode-crescer-325-ao-ano-ate-2026\/economia\/13\/00\/","title":{"rendered":"Mercado mundial da corti\u00e7a pode crescer 3,25% ao ano at\u00e9 2026"},"content":{"rendered":"\n<p>O mercado mundial do sector da corti\u00e7a dever\u00e1 ter um crescimento anual de 3,25% at\u00e9 2026, nomeadamente em resultado do incremento da procura de vinhos de segmentos premium, tradicionalmente engarrafados, com rolhas de corti\u00e7a de maior qualidade.<\/p>\n\n\n\n<p>A estimativa \u00e9 do \u201cRelat\u00f3rio Anual de Caracteriza\u00e7\u00e3o da Situa\u00e7\u00e3o Econ\u00f3mico-financeira das Empresas do Sector da Corti\u00e7a\u201d, estudo da APCOR \u2014 Associa\u00e7\u00e3o Portuguesa de Corti\u00e7a, em colabora\u00e7\u00e3o com a Deloitte Corporate Finance, que analisou a performance financeira e operacional do sector, que ser\u00e1 apresentado num webinar esta segunda-feira, 21 de Setembro, a partir das 15 horas, na plataforma zoom. A participa\u00e7\u00e3o \u00e9 gratuita, mas de inscri\u00e7\u00e3o obrigat\u00f3ria\u00a0<a rel=\"noreferrer noopener\" href=\"https:\/\/zoom.us\/webinar\/register\/WN_QZ028iyWSJ2VqYM5Kz8r8A?fbclid=IwAR3T-PbTjLJqhpHW-I83hSdHj-p-4mN_jyNwkaAF4gnBp8HXx470eoH-jB0\" target=\"_blank\"><strong>aqui<\/strong><\/a>.<\/p>\n\n\n\n<p>Segundo o relat\u00f3rio, \u201co sector da corti\u00e7a apresenta uma din\u00e2mica de crescimento alicer\u00e7ada no crescimento da procura do seu principal mercado de destino\u201d, o vinho, havendo uma \u201cperspectiva futura de crescimento relevante do mercado Chin\u00eas, em fun\u00e7\u00e3o da din\u00e2mica da ind\u00fastria vin\u00edcola nesta geografia\u201d.<\/p>\n\n\n\n<p>Por outro lado, aquele estudo diz haver um \u201cpotencial expans\u00e3o da \u00e1rea de montado em Portugal em resultado do investimento efectuado em projectos, nomeadamente com novas formas de cultivo com rega\u201d.<\/p>\n\n\n\n<h4 class=\"wp-block-heading\"><strong>Fileira da corti\u00e7a<\/strong><\/h4>\n\n\n\n<p>E acrescenta o relat\u00f3rio que os principais produtos da fileira da corti\u00e7a \u201csurgem, maioritariamente, integrados num produto mais complexo, o que implica que a sua procura seja fortemente influenciada pelos mercados que se situam a jusante, como o embalamento de vinho e os materiais de constru\u00e7\u00e3o civil\u201d.<\/p>\n\n\n\n<p>Mas, apesar da diversifica\u00e7\u00e3o dos seus produtos, atrav\u00e9s do surgimento de novas aplica\u00e7\u00f5es para a corti\u00e7a, como as do sector autom\u00f3vel, t\u00eaxtil e desporto, a ind\u00fastria ainda se encontra significativamente focada na produ\u00e7\u00e3o de rolhas.<\/p>\n\n\n\n<h4 class=\"wp-block-heading\"><strong>Investimento<\/strong><\/h4>\n\n\n\n<p>Aquele relat\u00f3rio revela ainda que, na \u00faltima d\u00e9cada, a ind\u00fastria corticeira levou a cabo investimentos de cerca de 500 milh\u00f5es de euros em investiga\u00e7\u00e3o e desenvolvimento e no refor\u00e7o de capacidade industrial. \u201cEm fun\u00e7\u00e3o da disponibilidade de incentivos comunit\u00e1rios, o sector corticeiro foi capaz de mobilizar fundos comunit\u00e1rios no montante de 26 milh\u00f5es de&nbsp; euros nos \u00faltimos tr\u00eas anos, no \u00e2mbito do programa Portugal 2020\u201d.<\/p>\n\n\n\n<p>A produ\u00e7\u00e3o de corti\u00e7a est\u00e1 limitada aos pa\u00edses com largas \u00e1reas de montado que, devido \u00e0 especificidade das condi\u00e7\u00f5es necess\u00e1rias ao crescimento de sobreiros, se localizam na Bacia do Mediterr\u00e2neo Ocidental.<\/p>\n\n\n\n<p>O \u201cRelat\u00f3rio Anual de Caracteriza\u00e7\u00e3o da Situa\u00e7\u00e3o Econ\u00f3mico-Financeira das Empresas do Sector da Corti\u00e7a\u201d \u00e9 um suporte desenvolvido pela APCOR, em parceria com a Deloitte, no \u00e2mbito do projeto Cork_Inov, e que faz um retrato do setor nesta tem\u00e1tica. A APCOR promoveu a realiza\u00e7\u00e3o deste documento com o objetivo de criar um processo sistem\u00e1tico de monitoriza\u00e7\u00e3o da situa\u00e7\u00e3o econ\u00f3mico-financeira da ind\u00fastria e analisar as caracter\u00edsticas das empresas e a sua performance financeira, com base numa estratifica\u00e7\u00e3o e caracteriza\u00e7\u00e3o de v\u00e1rios fatores, nomeadamente dimens\u00e3o e subsector de atividade.<\/p>\n\n\n\n<p>Para visualizar o documento\u00a0<a rel=\"noreferrer noopener\" href=\"https:\/\/www.apcor.pt\/wp-content\/uploads\/2020\/09\/RelatorioSituacao-EconomicaFinanceira_Deloitte_CorkInov.pdf\" target=\"_blank\">clique aqui<\/a>.<\/p>\n\n\n\n<p class=\"has-small-font-size\">Fonte: Agroportal<\/p>\n","protected":false},"excerpt":{"rendered":"<p>O mercado mundial do sector da corti\u00e7a dever\u00e1 ter um crescimento anual de 3,25% at\u00e9 2026, nomeadamente em resultado do<\/p>\n","protected":false},"author":1,"featured_media":1633,"comment_status":"closed","ping_status":"open","sticky":false,"template":"","format":"standard","meta":{"colormag_page_container_layout":"default_layout","colormag_page_sidebar_layout":"default_layout","_monsterinsights_skip_tracking":false,"_monsterinsights_sitenote_active":false,"_monsterinsights_sitenote_note":"","_monsterinsights_sitenote_category":0,"jetpack_post_was_ever_published":false,"_jetpack_newsletter_access":"","_jetpack_dont_email_post_to_subs":false,"_jetpack_newsletter_tier_id":0,"_jetpack_memberships_contains_paywalled_content":false,"_jetpack_memberships_contains_paid_content":false,"footnotes":"","jetpack_publicize_message":"","jetpack_publicize_feature_enabled":true,"jetpack_social_post_already_shared":true,"jetpack_social_options":{"image_generator_settings":{"template":"highway","default_image_id":0,"font":"","enabled":false},"version":2}},"categories":[151],"tags":[158],"class_list":["post-1632","post","type-post","status-publish","format-standard","has-post-thumbnail","hentry","category-economia","tag-cortica"],"yoast_head":"<!-- This site is optimized with the Yoast SEO plugin v27.5 - https:\/\/yoast.com\/product\/yoast-seo-wordpress\/ -->\n<title>Mercado mundial da corti\u00e7a pode crescer 3,25% ao ano at\u00e9 2026 - Algarve 7<\/title>\n<meta name=\"description\" content=\"Mercado mundial da corti\u00e7a pode crescer 3,25% ao ano at\u00e9 2026\" \/>\n<meta name=\"robots\" content=\"index, follow, max-snippet:-1, max-image-preview:large, max-video-preview:-1\" \/>\n<link rel=\"canonical\" href=\"https:\/\/algarve7.pt\/index.php\/2020\/09\/mercado-mundial-da-cortica-pode-crescer-325-ao-ano-ate-2026\/economia\/13\/00\/\" \/>\n<meta property=\"og:locale\" content=\"pt_PT\" \/>\n<meta property=\"og:type\" content=\"article\" \/>\n<meta property=\"og:title\" content=\"Mercado mundial da corti\u00e7a pode crescer 3,25% ao ano at\u00e9 2026 - Algarve 7\" \/>\n<meta property=\"og:description\" content=\"Mercado mundial da corti\u00e7a pode crescer 3,25% ao ano at\u00e9 2026\" \/>\n<meta property=\"og:url\" content=\"https:\/\/algarve7.pt\/index.php\/2020\/09\/mercado-mundial-da-cortica-pode-crescer-325-ao-ano-ate-2026\/economia\/13\/00\/\" \/>\n<meta property=\"og:site_name\" content=\"Algarve 7\" \/>\n<meta property=\"article:publisher\" content=\"https:\/\/www.facebook.com\/algarve7\" \/>\n<meta property=\"article:author\" content=\"https:\/\/www.facebook.com\/algarve7\" \/>\n<meta property=\"article:published_time\" content=\"2020-09-21T12:00:47+00:00\" \/>\n<meta property=\"article:modified_time\" content=\"2020-09-21T12:00:48+00:00\" \/>\n<meta property=\"og:image\" content=\"https:\/\/algarve7.pt\/wp-content\/uploads\/2020\/09\/APCOR_PT.jpg\" \/>\n\t<meta property=\"og:image:width\" content=\"1737\" \/>\n\t<meta property=\"og:image:height\" content=\"1309\" \/>\n\t<meta property=\"og:image:type\" content=\"image\/jpeg\" \/>\n<meta name=\"author\" content=\"Algarve 7\" \/>\n<meta name=\"twitter:card\" content=\"summary_large_image\" \/>\n<meta name=\"twitter:creator\" content=\"@Algarvesete\" \/>\n<meta name=\"twitter:site\" content=\"@Algarvesete\" \/>\n<meta name=\"twitter:label1\" content=\"Escrito por\" \/>\n\t<meta name=\"twitter:data1\" content=\"Algarve 7\" \/>\n\t<meta name=\"twitter:label2\" content=\"Tempo estimado de leitura\" \/>\n\t<meta name=\"twitter:data2\" content=\"3 minutos\" \/>\n<script type=\"application\/ld+json\" class=\"yoast-schema-graph\">{\"@context\":\"https:\\\/\\\/schema.org\",\"@graph\":[{\"@type\":\"Article\",\"@id\":\"https:\\\/\\\/algarve7.pt\\\/index.php\\\/2020\\\/09\\\/mercado-mundial-da-cortica-pode-crescer-325-ao-ano-ate-2026\\\/economia\\\/13\\\/00\\\/#article\",\"isPartOf\":{\"@id\":\"https:\\\/\\\/algarve7.pt\\\/index.php\\\/2020\\\/09\\\/mercado-mundial-da-cortica-pode-crescer-325-ao-ano-ate-2026\\\/economia\\\/13\\\/00\\\/\"},\"author\":{\"name\":\"Algarve 7\",\"@id\":\"https:\\\/\\\/algarve7.pt\\\/#\\\/schema\\\/person\\\/23fa70681308e7b319a3204bcea45e0c\"},\"headline\":\"Mercado mundial da corti\u00e7a pode crescer 3,25% ao ano at\u00e9 2026\",\"datePublished\":\"2020-09-21T12:00:47+00:00\",\"dateModified\":\"2020-09-21T12:00:48+00:00\",\"mainEntityOfPage\":{\"@id\":\"https:\\\/\\\/algarve7.pt\\\/index.php\\\/2020\\\/09\\\/mercado-mundial-da-cortica-pode-crescer-325-ao-ano-ate-2026\\\/economia\\\/13\\\/00\\\/\"},\"wordCount\":526,\"publisher\":{\"@id\":\"https:\\\/\\\/algarve7.pt\\\/#organization\"},\"image\":{\"@id\":\"https:\\\/\\\/algarve7.pt\\\/index.php\\\/2020\\\/09\\\/mercado-mundial-da-cortica-pode-crescer-325-ao-ano-ate-2026\\\/economia\\\/13\\\/00\\\/#primaryimage\"},\"thumbnailUrl\":\"https:\\\/\\\/algarve7.pt\\\/wp-content\\\/uploads\\\/2020\\\/09\\\/APCOR_PT.jpg\",\"keywords\":[\"Corti\u00e7a\"],\"articleSection\":[\"Economia\"],\"inLanguage\":\"pt-PT\"},{\"@type\":\"WebPage\",\"@id\":\"https:\\\/\\\/algarve7.pt\\\/index.php\\\/2020\\\/09\\\/mercado-mundial-da-cortica-pode-crescer-325-ao-ano-ate-2026\\\/economia\\\/13\\\/00\\\/\",\"url\":\"https:\\\/\\\/algarve7.pt\\\/index.php\\\/2020\\\/09\\\/mercado-mundial-da-cortica-pode-crescer-325-ao-ano-ate-2026\\\/economia\\\/13\\\/00\\\/\",\"name\":\"Mercado mundial da corti\u00e7a pode crescer 3,25% ao ano at\u00e9 2026 - Algarve 7\",\"isPartOf\":{\"@id\":\"https:\\\/\\\/algarve7.pt\\\/#website\"},\"primaryImageOfPage\":{\"@id\":\"https:\\\/\\\/algarve7.pt\\\/index.php\\\/2020\\\/09\\\/mercado-mundial-da-cortica-pode-crescer-325-ao-ano-ate-2026\\\/economia\\\/13\\\/00\\\/#primaryimage\"},\"image\":{\"@id\":\"https:\\\/\\\/algarve7.pt\\\/index.php\\\/2020\\\/09\\\/mercado-mundial-da-cortica-pode-crescer-325-ao-ano-ate-2026\\\/economia\\\/13\\\/00\\\/#primaryimage\"},\"thumbnailUrl\":\"https:\\\/\\\/algarve7.pt\\\/wp-content\\\/uploads\\\/2020\\\/09\\\/APCOR_PT.jpg\",\"datePublished\":\"2020-09-21T12:00:47+00:00\",\"dateModified\":\"2020-09-21T12:00:48+00:00\",\"description\":\"Mercado mundial da corti\u00e7a pode crescer 3,25% ao ano at\u00e9 2026\",\"breadcrumb\":{\"@id\":\"https:\\\/\\\/algarve7.pt\\\/index.php\\\/2020\\\/09\\\/mercado-mundial-da-cortica-pode-crescer-325-ao-ano-ate-2026\\\/economia\\\/13\\\/00\\\/#breadcrumb\"},\"inLanguage\":\"pt-PT\",\"potentialAction\":[{\"@type\":\"ReadAction\",\"target\":[\"https:\\\/\\\/algarve7.pt\\\/index.php\\\/2020\\\/09\\\/mercado-mundial-da-cortica-pode-crescer-325-ao-ano-ate-2026\\\/economia\\\/13\\\/00\\\/\"]}]},{\"@type\":\"ImageObject\",\"inLanguage\":\"pt-PT\",\"@id\":\"https:\\\/\\\/algarve7.pt\\\/index.php\\\/2020\\\/09\\\/mercado-mundial-da-cortica-pode-crescer-325-ao-ano-ate-2026\\\/economia\\\/13\\\/00\\\/#primaryimage\",\"url\":\"https:\\\/\\\/algarve7.pt\\\/wp-content\\\/uploads\\\/2020\\\/09\\\/APCOR_PT.jpg\",\"contentUrl\":\"https:\\\/\\\/algarve7.pt\\\/wp-content\\\/uploads\\\/2020\\\/09\\\/APCOR_PT.jpg\",\"width\":1737,\"height\":1309},{\"@type\":\"BreadcrumbList\",\"@id\":\"https:\\\/\\\/algarve7.pt\\\/index.php\\\/2020\\\/09\\\/mercado-mundial-da-cortica-pode-crescer-325-ao-ano-ate-2026\\\/economia\\\/13\\\/00\\\/#breadcrumb\",\"itemListElement\":[{\"@type\":\"ListItem\",\"position\":1,\"name\":\"In\u00edcio\",\"item\":\"https:\\\/\\\/algarve7.pt\\\/\"},{\"@type\":\"ListItem\",\"position\":2,\"name\":\"Mercado mundial da corti\u00e7a pode crescer 3,25% ao ano at\u00e9 2026\"}]},{\"@type\":\"WebSite\",\"@id\":\"https:\\\/\\\/algarve7.pt\\\/#website\",\"url\":\"https:\\\/\\\/algarve7.pt\\\/\",\"name\":\"Algarve 7\",\"description\":\"Informa\u00e7\u00e3o sobre o Algarve\",\"publisher\":{\"@id\":\"https:\\\/\\\/algarve7.pt\\\/#organization\"},\"potentialAction\":[{\"@type\":\"SearchAction\",\"target\":{\"@type\":\"EntryPoint\",\"urlTemplate\":\"https:\\\/\\\/algarve7.pt\\\/?s={search_term_string}\"},\"query-input\":{\"@type\":\"PropertyValueSpecification\",\"valueRequired\":true,\"valueName\":\"search_term_string\"}}],\"inLanguage\":\"pt-PT\"},{\"@type\":\"Organization\",\"@id\":\"https:\\\/\\\/algarve7.pt\\\/#organization\",\"name\":\"Algarve 7\",\"url\":\"https:\\\/\\\/algarve7.pt\\\/\",\"logo\":{\"@type\":\"ImageObject\",\"inLanguage\":\"pt-PT\",\"@id\":\"https:\\\/\\\/algarve7.pt\\\/#\\\/schema\\\/logo\\\/image\\\/\",\"url\":\"https:\\\/\\\/algarve7.pt\\\/wp-content\\\/uploads\\\/2020\\\/10\\\/Logo-8.jpg\",\"contentUrl\":\"https:\\\/\\\/algarve7.pt\\\/wp-content\\\/uploads\\\/2020\\\/10\\\/Logo-8.jpg\",\"width\":1680,\"height\":1186,\"caption\":\"Algarve 7\"},\"image\":{\"@id\":\"https:\\\/\\\/algarve7.pt\\\/#\\\/schema\\\/logo\\\/image\\\/\"},\"sameAs\":[\"https:\\\/\\\/www.facebook.com\\\/algarve7\",\"https:\\\/\\\/x.com\\\/Algarvesete\",\"https:\\\/\\\/www.instagram.com\\\/jornalalgarve7\\\/\",\"https:\\\/\\\/www.linkedin.com\\\/company\\\/algarve7\",\"https:\\\/\\\/www.pinterest.pt\\\/geral0939\\\/_created\\\/\"]},{\"@type\":\"Person\",\"@id\":\"https:\\\/\\\/algarve7.pt\\\/#\\\/schema\\\/person\\\/23fa70681308e7b319a3204bcea45e0c\",\"name\":\"Algarve 7\",\"sameAs\":[\"https:\\\/\\\/algarve7.pt\",\"https:\\\/\\\/www.facebook.com\\\/algarve7\"],\"url\":\"https:\\\/\\\/algarve7.pt\\\/index.php\\\/author\\\/geralalgarve7-pt\\\/\"}]}<\/script>\n<!-- \/ Yoast SEO plugin. -->","yoast_head_json":{"title":"Mercado mundial da corti\u00e7a pode crescer 3,25% ao ano at\u00e9 2026 - Algarve 7","description":"Mercado mundial da corti\u00e7a pode crescer 3,25% ao ano at\u00e9 2026","robots":{"index":"index","follow":"follow","max-snippet":"max-snippet:-1","max-image-preview":"max-image-preview:large","max-video-preview":"max-video-preview:-1"},"canonical":"https:\/\/algarve7.pt\/index.php\/2020\/09\/mercado-mundial-da-cortica-pode-crescer-325-ao-ano-ate-2026\/economia\/13\/00\/","og_locale":"pt_PT","og_type":"article","og_title":"Mercado mundial da corti\u00e7a pode crescer 3,25% ao ano at\u00e9 2026 - Algarve 7","og_description":"Mercado mundial da corti\u00e7a pode crescer 3,25% ao ano at\u00e9 2026","og_url":"https:\/\/algarve7.pt\/index.php\/2020\/09\/mercado-mundial-da-cortica-pode-crescer-325-ao-ano-ate-2026\/economia\/13\/00\/","og_site_name":"Algarve 7","article_publisher":"https:\/\/www.facebook.com\/algarve7","article_author":"https:\/\/www.facebook.com\/algarve7","article_published_time":"2020-09-21T12:00:47+00:00","article_modified_time":"2020-09-21T12:00:48+00:00","og_image":[{"width":1737,"height":1309,"url":"https:\/\/algarve7.pt\/wp-content\/uploads\/2020\/09\/APCOR_PT.jpg","type":"image\/jpeg"}],"author":"Algarve 7","twitter_card":"summary_large_image","twitter_creator":"@Algarvesete","twitter_site":"@Algarvesete","twitter_misc":{"Escrito por":"Algarve 7","Tempo estimado de leitura":"3 minutos"},"schema":{"@context":"https:\/\/schema.org","@graph":[{"@type":"Article","@id":"https:\/\/algarve7.pt\/index.php\/2020\/09\/mercado-mundial-da-cortica-pode-crescer-325-ao-ano-ate-2026\/economia\/13\/00\/#article","isPartOf":{"@id":"https:\/\/algarve7.pt\/index.php\/2020\/09\/mercado-mundial-da-cortica-pode-crescer-325-ao-ano-ate-2026\/economia\/13\/00\/"},"author":{"name":"Algarve 7","@id":"https:\/\/algarve7.pt\/#\/schema\/person\/23fa70681308e7b319a3204bcea45e0c"},"headline":"Mercado mundial da corti\u00e7a pode crescer 3,25% ao ano at\u00e9 2026","datePublished":"2020-09-21T12:00:47+00:00","dateModified":"2020-09-21T12:00:48+00:00","mainEntityOfPage":{"@id":"https:\/\/algarve7.pt\/index.php\/2020\/09\/mercado-mundial-da-cortica-pode-crescer-325-ao-ano-ate-2026\/economia\/13\/00\/"},"wordCount":526,"publisher":{"@id":"https:\/\/algarve7.pt\/#organization"},"image":{"@id":"https:\/\/algarve7.pt\/index.php\/2020\/09\/mercado-mundial-da-cortica-pode-crescer-325-ao-ano-ate-2026\/economia\/13\/00\/#primaryimage"},"thumbnailUrl":"https:\/\/algarve7.pt\/wp-content\/uploads\/2020\/09\/APCOR_PT.jpg","keywords":["Corti\u00e7a"],"articleSection":["Economia"],"inLanguage":"pt-PT"},{"@type":"WebPage","@id":"https:\/\/algarve7.pt\/index.php\/2020\/09\/mercado-mundial-da-cortica-pode-crescer-325-ao-ano-ate-2026\/economia\/13\/00\/","url":"https:\/\/algarve7.pt\/index.php\/2020\/09\/mercado-mundial-da-cortica-pode-crescer-325-ao-ano-ate-2026\/economia\/13\/00\/","name":"Mercado mundial da corti\u00e7a pode crescer 3,25% ao ano at\u00e9 2026 - Algarve 7","isPartOf":{"@id":"https:\/\/algarve7.pt\/#website"},"primaryImageOfPage":{"@id":"https:\/\/algarve7.pt\/index.php\/2020\/09\/mercado-mundial-da-cortica-pode-crescer-325-ao-ano-ate-2026\/economia\/13\/00\/#primaryimage"},"image":{"@id":"https:\/\/algarve7.pt\/index.php\/2020\/09\/mercado-mundial-da-cortica-pode-crescer-325-ao-ano-ate-2026\/economia\/13\/00\/#primaryimage"},"thumbnailUrl":"https:\/\/algarve7.pt\/wp-content\/uploads\/2020\/09\/APCOR_PT.jpg","datePublished":"2020-09-21T12:00:47+00:00","dateModified":"2020-09-21T12:00:48+00:00","description":"Mercado mundial da corti\u00e7a pode crescer 3,25% ao ano at\u00e9 2026","breadcrumb":{"@id":"https:\/\/algarve7.pt\/index.php\/2020\/09\/mercado-mundial-da-cortica-pode-crescer-325-ao-ano-ate-2026\/economia\/13\/00\/#breadcrumb"},"inLanguage":"pt-PT","potentialAction":[{"@type":"ReadAction","target":["https:\/\/algarve7.pt\/index.php\/2020\/09\/mercado-mundial-da-cortica-pode-crescer-325-ao-ano-ate-2026\/economia\/13\/00\/"]}]},{"@type":"ImageObject","inLanguage":"pt-PT","@id":"https:\/\/algarve7.pt\/index.php\/2020\/09\/mercado-mundial-da-cortica-pode-crescer-325-ao-ano-ate-2026\/economia\/13\/00\/#primaryimage","url":"https:\/\/algarve7.pt\/wp-content\/uploads\/2020\/09\/APCOR_PT.jpg","contentUrl":"https:\/\/algarve7.pt\/wp-content\/uploads\/2020\/09\/APCOR_PT.jpg","width":1737,"height":1309},{"@type":"BreadcrumbList","@id":"https:\/\/algarve7.pt\/index.php\/2020\/09\/mercado-mundial-da-cortica-pode-crescer-325-ao-ano-ate-2026\/economia\/13\/00\/#breadcrumb","itemListElement":[{"@type":"ListItem","position":1,"name":"In\u00edcio","item":"https:\/\/algarve7.pt\/"},{"@type":"ListItem","position":2,"name":"Mercado mundial da corti\u00e7a pode crescer 3,25% ao ano at\u00e9 2026"}]},{"@type":"WebSite","@id":"https:\/\/algarve7.pt\/#website","url":"https:\/\/algarve7.pt\/","name":"Algarve 7","description":"Informa\u00e7\u00e3o sobre o Algarve","publisher":{"@id":"https:\/\/algarve7.pt\/#organization"},"potentialAction":[{"@type":"SearchAction","target":{"@type":"EntryPoint","urlTemplate":"https:\/\/algarve7.pt\/?s={search_term_string}"},"query-input":{"@type":"PropertyValueSpecification","valueRequired":true,"valueName":"search_term_string"}}],"inLanguage":"pt-PT"},{"@type":"Organization","@id":"https:\/\/algarve7.pt\/#organization","name":"Algarve 7","url":"https:\/\/algarve7.pt\/","logo":{"@type":"ImageObject","inLanguage":"pt-PT","@id":"https:\/\/algarve7.pt\/#\/schema\/logo\/image\/","url":"https:\/\/algarve7.pt\/wp-content\/uploads\/2020\/10\/Logo-8.jpg","contentUrl":"https:\/\/algarve7.pt\/wp-content\/uploads\/2020\/10\/Logo-8.jpg","width":1680,"height":1186,"caption":"Algarve 7"},"image":{"@id":"https:\/\/algarve7.pt\/#\/schema\/logo\/image\/"},"sameAs":["https:\/\/www.facebook.com\/algarve7","https:\/\/x.com\/Algarvesete","https:\/\/www.instagram.com\/jornalalgarve7\/","https:\/\/www.linkedin.com\/company\/algarve7","https:\/\/www.pinterest.pt\/geral0939\/_created\/"]},{"@type":"Person","@id":"https:\/\/algarve7.pt\/#\/schema\/person\/23fa70681308e7b319a3204bcea45e0c","name":"Algarve 7","sameAs":["https:\/\/algarve7.pt","https:\/\/www.facebook.com\/algarve7"],"url":"https:\/\/algarve7.pt\/index.php\/author\/geralalgarve7-pt\/"}]}},"jetpack_publicize_connections":[],"jetpack_featured_media_url":"https:\/\/algarve7.pt\/wp-content\/uploads\/2020\/09\/APCOR_PT.jpg","jetpack_shortlink":"https:\/\/wp.me\/pcezmW-qk","jetpack_sharing_enabled":true,"_links":{"self":[{"href":"https:\/\/algarve7.pt\/index.php\/wp-json\/wp\/v2\/posts\/1632","targetHints":{"allow":["GET"]}}],"collection":[{"href":"https:\/\/algarve7.pt\/index.php\/wp-json\/wp\/v2\/posts"}],"about":[{"href":"https:\/\/algarve7.pt\/index.php\/wp-json\/wp\/v2\/types\/post"}],"author":[{"embeddable":true,"href":"https:\/\/algarve7.pt\/index.php\/wp-json\/wp\/v2\/users\/1"}],"replies":[{"embeddable":true,"href":"https:\/\/algarve7.pt\/index.php\/wp-json\/wp\/v2\/comments?post=1632"}],"version-history":[{"count":0,"href":"https:\/\/algarve7.pt\/index.php\/wp-json\/wp\/v2\/posts\/1632\/revisions"}],"wp:featuredmedia":[{"embeddable":true,"href":"https:\/\/algarve7.pt\/index.php\/wp-json\/wp\/v2\/media\/1633"}],"wp:attachment":[{"href":"https:\/\/algarve7.pt\/index.php\/wp-json\/wp\/v2\/media?parent=1632"}],"wp:term":[{"taxonomy":"category","embeddable":true,"href":"https:\/\/algarve7.pt\/index.php\/wp-json\/wp\/v2\/categories?post=1632"},{"taxonomy":"post_tag","embeddable":true,"href":"https:\/\/algarve7.pt\/index.php\/wp-json\/wp\/v2\/tags?post=1632"}],"curies":[{"name":"wp","href":"https:\/\/api.w.org\/{rel}","templated":true}]}}