{"id":1628,"date":"2020-09-21T12:34:48","date_gmt":"2020-09-21T11:34:48","guid":{"rendered":"https:\/\/algarve7.pt\/?p=1628"},"modified":"2020-09-21T12:34:49","modified_gmt":"2020-09-21T11:34:49","slug":"castro-marim-assinala-dia-europeu-sem-carros","status":"publish","type":"post","link":"https:\/\/algarve7.pt\/index.php\/2020\/09\/castro-marim-assinala-dia-europeu-sem-carros\/ambiente\/12\/34\/","title":{"rendered":"Castro Marim assinala Dia Europeu sem Carros"},"content":{"rendered":"\n<p>No \u00e2mbito da Semana Europeia da Mobilidade, Castro Marim assinala amanh\u00e3, 22 de setembro, o Dia Mundial sem Carros. O dia ser\u00e1 celebrado com um conjunto de iniciativas que promovem a mobilidade sustent\u00e1vel e carbono zero.\u00a0<\/p>\n\n\n\n<p>Assim, durante todo o dia de amanh\u00e3, o tr\u00e2nsito autom\u00f3vel estar\u00e1 limitado numa das principais art\u00e9rias da vila de Castro Marim, parte da rua de S. sebasti\u00e3o e a Rua Dr. Jos\u00e9 Alves Moreira. Neste contexto, ser\u00e3o colocadas baias e a devida sinaliza\u00e7\u00e3o, permitindo apenas a circula\u00e7\u00e3o a transportes p\u00fablicos, ve\u00edculos de emerg\u00eancia, viaturas para cargas e descargas e a residentes com mobilidade reduzida.&nbsp;<\/p>\n\n\n\n<p>Na senda da Semana Europeia da Mobilidade &#8211; \u201cEmiss\u00f5es Zero. Mobilidade para todos\u201d \u2013, a autarquia lan\u00e7a o repto \u201cBicicl(arte)\u201d, para que se desloquem de bicicleta, aproveitando a Ciclovia da Lez\u00edria, um percurso t\u00e3o salutar quanto apraz\u00edvel, nesta via que \u00e9 uma varanda para a Reserva Natural do Sapal e onde encontrar\u00e1 tamb\u00e9m tr\u00eas esculturas de Carlos Correia, inspiradas no movimento sustent\u00e1vel.&nbsp;<\/p>\n\n\n\n<p>O dia ser\u00e1 ainda assinalado pelo lan\u00e7amento da imagem do projeto integrado de sustentabilidade ambiental, o Tri\u00e2ngulo Verde Cicl\u00e1vel, que passa por ligar Vila Real de St. Ant\u00f3nio \u2013 Castro Marim \u2013 Praia Verde.<\/p>\n\n\n\n<p>A sublinhar ainda a parceria transfronteiri\u00e7a em curso, para a candidatura de um tro\u00e7o da Ciclovia Paco de Luc\u00eda, que ir\u00e1 ligar a sede concelho ao Monte Francisco, \u00e0 Junqueira, \u00e0 sede da Reserva Natural e a Ayamonte, atrav\u00e9s da Ponte Internacional do Guadiana.<\/p>\n","protected":false},"excerpt":{"rendered":"<p>No \u00e2mbito da Semana Europeia da Mobilidade, Castro Marim assinala amanh\u00e3, 22 de setembro, o Dia Mundial sem Carros. O<\/p>\n","protected":false},"author":1,"featured_media":1629,"comment_status":"closed","ping_status":"open","sticky":false,"template":"","format":"standard","meta":{"colormag_page_container_layout":"default_layout","colormag_page_sidebar_layout":"default_layout","_monsterinsights_skip_tracking":false,"_monsterinsights_sitenote_active":false,"_monsterinsights_sitenote_note":"","_monsterinsights_sitenote_category":0,"jetpack_post_was_ever_published":false,"_jetpack_newsletter_access":"","_jetpack_dont_email_post_to_subs":false,"_jetpack_newsletter_tier_id":0,"_jetpack_memberships_contains_paywalled_content":false,"_jetpack_memberships_contains_paid_content":false,"footnotes":"","jetpack_publicize_message":"","jetpack_publicize_feature_enabled":true,"jetpack_social_post_already_shared":true,"jetpack_social_options":{"image_generator_settings":{"template":"highway","default_image_id":0,"font":"","enabled":false},"version":2}},"categories":[5],"tags":[36,32,136],"class_list":["post-1628","post","type-post","status-publish","format-standard","has-post-thumbnail","hentry","category-ambiente","tag-algarve","tag-ambiente","tag-castro-marim"],"yoast_head":"<!-- This site is optimized with the Yoast SEO plugin v27.5 - https:\/\/yoast.com\/product\/yoast-seo-wordpress\/ -->\n<title>Castro Marim assinala Dia Europeu sem Carros - Algarve 7<\/title>\n<meta name=\"description\" content=\"Castro Marim assinala Dia Europeu sem Carros\" \/>\n<meta name=\"robots\" content=\"index, follow, max-snippet:-1, max-image-preview:large, max-video-preview:-1\" \/>\n<link rel=\"canonical\" href=\"https:\/\/algarve7.pt\/index.php\/2020\/09\/castro-marim-assinala-dia-europeu-sem-carros\/ambiente\/12\/34\/\" \/>\n<meta property=\"og:locale\" content=\"pt_PT\" \/>\n<meta property=\"og:type\" content=\"article\" \/>\n<meta property=\"og:title\" content=\"Castro Marim assinala Dia Europeu sem Carros - Algarve 7\" \/>\n<meta property=\"og:description\" content=\"Castro Marim assinala Dia Europeu sem Carros\" \/>\n<meta property=\"og:url\" content=\"https:\/\/algarve7.pt\/index.php\/2020\/09\/castro-marim-assinala-dia-europeu-sem-carros\/ambiente\/12\/34\/\" \/>\n<meta property=\"og:site_name\" content=\"Algarve 7\" \/>\n<meta property=\"article:publisher\" content=\"https:\/\/www.facebook.com\/algarve7\" \/>\n<meta property=\"article:author\" content=\"https:\/\/www.facebook.com\/algarve7\" \/>\n<meta property=\"article:published_time\" content=\"2020-09-21T11:34:48+00:00\" \/>\n<meta property=\"article:modified_time\" content=\"2020-09-21T11:34:49+00:00\" \/>\n<meta property=\"og:image\" content=\"https:\/\/algarve7.pt\/wp-content\/uploads\/2020\/09\/Ciclovia-da-Leziria-7.jpg\" \/>\n\t<meta property=\"og:image:width\" content=\"1569\" \/>\n\t<meta property=\"og:image:height\" content=\"1045\" \/>\n\t<meta property=\"og:image:type\" content=\"image\/jpeg\" \/>\n<meta name=\"author\" content=\"Algarve 7\" \/>\n<meta name=\"twitter:card\" content=\"summary_large_image\" \/>\n<meta name=\"twitter:creator\" content=\"@Algarvesete\" \/>\n<meta name=\"twitter:site\" content=\"@Algarvesete\" \/>\n<meta name=\"twitter:label1\" content=\"Escrito por\" \/>\n\t<meta name=\"twitter:data1\" content=\"Algarve 7\" \/>\n\t<meta name=\"twitter:label2\" content=\"Tempo estimado de leitura\" \/>\n\t<meta name=\"twitter:data2\" content=\"1 minuto\" \/>\n<script type=\"application\/ld+json\" class=\"yoast-schema-graph\">{\"@context\":\"https:\\\/\\\/schema.org\",\"@graph\":[{\"@type\":\"Article\",\"@id\":\"https:\\\/\\\/algarve7.pt\\\/index.php\\\/2020\\\/09\\\/castro-marim-assinala-dia-europeu-sem-carros\\\/ambiente\\\/12\\\/34\\\/#article\",\"isPartOf\":{\"@id\":\"https:\\\/\\\/algarve7.pt\\\/index.php\\\/2020\\\/09\\\/castro-marim-assinala-dia-europeu-sem-carros\\\/ambiente\\\/12\\\/34\\\/\"},\"author\":{\"name\":\"Algarve 7\",\"@id\":\"https:\\\/\\\/algarve7.pt\\\/#\\\/schema\\\/person\\\/23fa70681308e7b319a3204bcea45e0c\"},\"headline\":\"Castro Marim assinala Dia Europeu sem Carros\",\"datePublished\":\"2020-09-21T11:34:48+00:00\",\"dateModified\":\"2020-09-21T11:34:49+00:00\",\"mainEntityOfPage\":{\"@id\":\"https:\\\/\\\/algarve7.pt\\\/index.php\\\/2020\\\/09\\\/castro-marim-assinala-dia-europeu-sem-carros\\\/ambiente\\\/12\\\/34\\\/\"},\"wordCount\":270,\"publisher\":{\"@id\":\"https:\\\/\\\/algarve7.pt\\\/#organization\"},\"image\":{\"@id\":\"https:\\\/\\\/algarve7.pt\\\/index.php\\\/2020\\\/09\\\/castro-marim-assinala-dia-europeu-sem-carros\\\/ambiente\\\/12\\\/34\\\/#primaryimage\"},\"thumbnailUrl\":\"https:\\\/\\\/algarve7.pt\\\/wp-content\\\/uploads\\\/2020\\\/09\\\/Ciclovia-da-Leziria-7.jpg\",\"keywords\":[\"Algarve\",\"Ambiente\",\"Castro Marim\"],\"articleSection\":[\"Ambiente\"],\"inLanguage\":\"pt-PT\"},{\"@type\":\"WebPage\",\"@id\":\"https:\\\/\\\/algarve7.pt\\\/index.php\\\/2020\\\/09\\\/castro-marim-assinala-dia-europeu-sem-carros\\\/ambiente\\\/12\\\/34\\\/\",\"url\":\"https:\\\/\\\/algarve7.pt\\\/index.php\\\/2020\\\/09\\\/castro-marim-assinala-dia-europeu-sem-carros\\\/ambiente\\\/12\\\/34\\\/\",\"name\":\"Castro Marim assinala Dia Europeu sem Carros - Algarve 7\",\"isPartOf\":{\"@id\":\"https:\\\/\\\/algarve7.pt\\\/#website\"},\"primaryImageOfPage\":{\"@id\":\"https:\\\/\\\/algarve7.pt\\\/index.php\\\/2020\\\/09\\\/castro-marim-assinala-dia-europeu-sem-carros\\\/ambiente\\\/12\\\/34\\\/#primaryimage\"},\"image\":{\"@id\":\"https:\\\/\\\/algarve7.pt\\\/index.php\\\/2020\\\/09\\\/castro-marim-assinala-dia-europeu-sem-carros\\\/ambiente\\\/12\\\/34\\\/#primaryimage\"},\"thumbnailUrl\":\"https:\\\/\\\/algarve7.pt\\\/wp-content\\\/uploads\\\/2020\\\/09\\\/Ciclovia-da-Leziria-7.jpg\",\"datePublished\":\"2020-09-21T11:34:48+00:00\",\"dateModified\":\"2020-09-21T11:34:49+00:00\",\"description\":\"Castro Marim assinala Dia Europeu sem Carros\",\"breadcrumb\":{\"@id\":\"https:\\\/\\\/algarve7.pt\\\/index.php\\\/2020\\\/09\\\/castro-marim-assinala-dia-europeu-sem-carros\\\/ambiente\\\/12\\\/34\\\/#breadcrumb\"},\"inLanguage\":\"pt-PT\",\"potentialAction\":[{\"@type\":\"ReadAction\",\"target\":[\"https:\\\/\\\/algarve7.pt\\\/index.php\\\/2020\\\/09\\\/castro-marim-assinala-dia-europeu-sem-carros\\\/ambiente\\\/12\\\/34\\\/\"]}]},{\"@type\":\"ImageObject\",\"inLanguage\":\"pt-PT\",\"@id\":\"https:\\\/\\\/algarve7.pt\\\/index.php\\\/2020\\\/09\\\/castro-marim-assinala-dia-europeu-sem-carros\\\/ambiente\\\/12\\\/34\\\/#primaryimage\",\"url\":\"https:\\\/\\\/algarve7.pt\\\/wp-content\\\/uploads\\\/2020\\\/09\\\/Ciclovia-da-Leziria-7.jpg\",\"contentUrl\":\"https:\\\/\\\/algarve7.pt\\\/wp-content\\\/uploads\\\/2020\\\/09\\\/Ciclovia-da-Leziria-7.jpg\",\"width\":1569,\"height\":1045},{\"@type\":\"BreadcrumbList\",\"@id\":\"https:\\\/\\\/algarve7.pt\\\/index.php\\\/2020\\\/09\\\/castro-marim-assinala-dia-europeu-sem-carros\\\/ambiente\\\/12\\\/34\\\/#breadcrumb\",\"itemListElement\":[{\"@type\":\"ListItem\",\"position\":1,\"name\":\"In\u00edcio\",\"item\":\"https:\\\/\\\/algarve7.pt\\\/\"},{\"@type\":\"ListItem\",\"position\":2,\"name\":\"Castro Marim assinala Dia Europeu sem Carros\"}]},{\"@type\":\"WebSite\",\"@id\":\"https:\\\/\\\/algarve7.pt\\\/#website\",\"url\":\"https:\\\/\\\/algarve7.pt\\\/\",\"name\":\"Algarve 7\",\"description\":\"Informa\u00e7\u00e3o sobre o Algarve\",\"publisher\":{\"@id\":\"https:\\\/\\\/algarve7.pt\\\/#organization\"},\"potentialAction\":[{\"@type\":\"SearchAction\",\"target\":{\"@type\":\"EntryPoint\",\"urlTemplate\":\"https:\\\/\\\/algarve7.pt\\\/?s={search_term_string}\"},\"query-input\":{\"@type\":\"PropertyValueSpecification\",\"valueRequired\":true,\"valueName\":\"search_term_string\"}}],\"inLanguage\":\"pt-PT\"},{\"@type\":\"Organization\",\"@id\":\"https:\\\/\\\/algarve7.pt\\\/#organization\",\"name\":\"Algarve 7\",\"url\":\"https:\\\/\\\/algarve7.pt\\\/\",\"logo\":{\"@type\":\"ImageObject\",\"inLanguage\":\"pt-PT\",\"@id\":\"https:\\\/\\\/algarve7.pt\\\/#\\\/schema\\\/logo\\\/image\\\/\",\"url\":\"https:\\\/\\\/algarve7.pt\\\/wp-content\\\/uploads\\\/2020\\\/10\\\/Logo-8.jpg\",\"contentUrl\":\"https:\\\/\\\/algarve7.pt\\\/wp-content\\\/uploads\\\/2020\\\/10\\\/Logo-8.jpg\",\"width\":1680,\"height\":1186,\"caption\":\"Algarve 7\"},\"image\":{\"@id\":\"https:\\\/\\\/algarve7.pt\\\/#\\\/schema\\\/logo\\\/image\\\/\"},\"sameAs\":[\"https:\\\/\\\/www.facebook.com\\\/algarve7\",\"https:\\\/\\\/x.com\\\/Algarvesete\",\"https:\\\/\\\/www.instagram.com\\\/jornalalgarve7\\\/\",\"https:\\\/\\\/www.linkedin.com\\\/company\\\/algarve7\",\"https:\\\/\\\/www.pinterest.pt\\\/geral0939\\\/_created\\\/\"]},{\"@type\":\"Person\",\"@id\":\"https:\\\/\\\/algarve7.pt\\\/#\\\/schema\\\/person\\\/23fa70681308e7b319a3204bcea45e0c\",\"name\":\"Algarve 7\",\"sameAs\":[\"https:\\\/\\\/algarve7.pt\",\"https:\\\/\\\/www.facebook.com\\\/algarve7\"],\"url\":\"https:\\\/\\\/algarve7.pt\\\/index.php\\\/author\\\/geralalgarve7-pt\\\/\"}]}<\/script>\n<!-- \/ Yoast SEO plugin. -->","yoast_head_json":{"title":"Castro Marim assinala Dia Europeu sem Carros - Algarve 7","description":"Castro Marim assinala Dia Europeu sem Carros","robots":{"index":"index","follow":"follow","max-snippet":"max-snippet:-1","max-image-preview":"max-image-preview:large","max-video-preview":"max-video-preview:-1"},"canonical":"https:\/\/algarve7.pt\/index.php\/2020\/09\/castro-marim-assinala-dia-europeu-sem-carros\/ambiente\/12\/34\/","og_locale":"pt_PT","og_type":"article","og_title":"Castro Marim assinala Dia Europeu sem Carros - Algarve 7","og_description":"Castro Marim assinala Dia Europeu sem Carros","og_url":"https:\/\/algarve7.pt\/index.php\/2020\/09\/castro-marim-assinala-dia-europeu-sem-carros\/ambiente\/12\/34\/","og_site_name":"Algarve 7","article_publisher":"https:\/\/www.facebook.com\/algarve7","article_author":"https:\/\/www.facebook.com\/algarve7","article_published_time":"2020-09-21T11:34:48+00:00","article_modified_time":"2020-09-21T11:34:49+00:00","og_image":[{"width":1569,"height":1045,"url":"https:\/\/algarve7.pt\/wp-content\/uploads\/2020\/09\/Ciclovia-da-Leziria-7.jpg","type":"image\/jpeg"}],"author":"Algarve 7","twitter_card":"summary_large_image","twitter_creator":"@Algarvesete","twitter_site":"@Algarvesete","twitter_misc":{"Escrito por":"Algarve 7","Tempo estimado de leitura":"1 minuto"},"schema":{"@context":"https:\/\/schema.org","@graph":[{"@type":"Article","@id":"https:\/\/algarve7.pt\/index.php\/2020\/09\/castro-marim-assinala-dia-europeu-sem-carros\/ambiente\/12\/34\/#article","isPartOf":{"@id":"https:\/\/algarve7.pt\/index.php\/2020\/09\/castro-marim-assinala-dia-europeu-sem-carros\/ambiente\/12\/34\/"},"author":{"name":"Algarve 7","@id":"https:\/\/algarve7.pt\/#\/schema\/person\/23fa70681308e7b319a3204bcea45e0c"},"headline":"Castro Marim assinala Dia Europeu sem Carros","datePublished":"2020-09-21T11:34:48+00:00","dateModified":"2020-09-21T11:34:49+00:00","mainEntityOfPage":{"@id":"https:\/\/algarve7.pt\/index.php\/2020\/09\/castro-marim-assinala-dia-europeu-sem-carros\/ambiente\/12\/34\/"},"wordCount":270,"publisher":{"@id":"https:\/\/algarve7.pt\/#organization"},"image":{"@id":"https:\/\/algarve7.pt\/index.php\/2020\/09\/castro-marim-assinala-dia-europeu-sem-carros\/ambiente\/12\/34\/#primaryimage"},"thumbnailUrl":"https:\/\/algarve7.pt\/wp-content\/uploads\/2020\/09\/Ciclovia-da-Leziria-7.jpg","keywords":["Algarve","Ambiente","Castro Marim"],"articleSection":["Ambiente"],"inLanguage":"pt-PT"},{"@type":"WebPage","@id":"https:\/\/algarve7.pt\/index.php\/2020\/09\/castro-marim-assinala-dia-europeu-sem-carros\/ambiente\/12\/34\/","url":"https:\/\/algarve7.pt\/index.php\/2020\/09\/castro-marim-assinala-dia-europeu-sem-carros\/ambiente\/12\/34\/","name":"Castro Marim assinala Dia Europeu sem Carros - Algarve 7","isPartOf":{"@id":"https:\/\/algarve7.pt\/#website"},"primaryImageOfPage":{"@id":"https:\/\/algarve7.pt\/index.php\/2020\/09\/castro-marim-assinala-dia-europeu-sem-carros\/ambiente\/12\/34\/#primaryimage"},"image":{"@id":"https:\/\/algarve7.pt\/index.php\/2020\/09\/castro-marim-assinala-dia-europeu-sem-carros\/ambiente\/12\/34\/#primaryimage"},"thumbnailUrl":"https:\/\/algarve7.pt\/wp-content\/uploads\/2020\/09\/Ciclovia-da-Leziria-7.jpg","datePublished":"2020-09-21T11:34:48+00:00","dateModified":"2020-09-21T11:34:49+00:00","description":"Castro Marim assinala Dia Europeu sem Carros","breadcrumb":{"@id":"https:\/\/algarve7.pt\/index.php\/2020\/09\/castro-marim-assinala-dia-europeu-sem-carros\/ambiente\/12\/34\/#breadcrumb"},"inLanguage":"pt-PT","potentialAction":[{"@type":"ReadAction","target":["https:\/\/algarve7.pt\/index.php\/2020\/09\/castro-marim-assinala-dia-europeu-sem-carros\/ambiente\/12\/34\/"]}]},{"@type":"ImageObject","inLanguage":"pt-PT","@id":"https:\/\/algarve7.pt\/index.php\/2020\/09\/castro-marim-assinala-dia-europeu-sem-carros\/ambiente\/12\/34\/#primaryimage","url":"https:\/\/algarve7.pt\/wp-content\/uploads\/2020\/09\/Ciclovia-da-Leziria-7.jpg","contentUrl":"https:\/\/algarve7.pt\/wp-content\/uploads\/2020\/09\/Ciclovia-da-Leziria-7.jpg","width":1569,"height":1045},{"@type":"BreadcrumbList","@id":"https:\/\/algarve7.pt\/index.php\/2020\/09\/castro-marim-assinala-dia-europeu-sem-carros\/ambiente\/12\/34\/#breadcrumb","itemListElement":[{"@type":"ListItem","position":1,"name":"In\u00edcio","item":"https:\/\/algarve7.pt\/"},{"@type":"ListItem","position":2,"name":"Castro Marim assinala Dia Europeu sem Carros"}]},{"@type":"WebSite","@id":"https:\/\/algarve7.pt\/#website","url":"https:\/\/algarve7.pt\/","name":"Algarve 7","description":"Informa\u00e7\u00e3o sobre o Algarve","publisher":{"@id":"https:\/\/algarve7.pt\/#organization"},"potentialAction":[{"@type":"SearchAction","target":{"@type":"EntryPoint","urlTemplate":"https:\/\/algarve7.pt\/?s={search_term_string}"},"query-input":{"@type":"PropertyValueSpecification","valueRequired":true,"valueName":"search_term_string"}}],"inLanguage":"pt-PT"},{"@type":"Organization","@id":"https:\/\/algarve7.pt\/#organization","name":"Algarve 7","url":"https:\/\/algarve7.pt\/","logo":{"@type":"ImageObject","inLanguage":"pt-PT","@id":"https:\/\/algarve7.pt\/#\/schema\/logo\/image\/","url":"https:\/\/algarve7.pt\/wp-content\/uploads\/2020\/10\/Logo-8.jpg","contentUrl":"https:\/\/algarve7.pt\/wp-content\/uploads\/2020\/10\/Logo-8.jpg","width":1680,"height":1186,"caption":"Algarve 7"},"image":{"@id":"https:\/\/algarve7.pt\/#\/schema\/logo\/image\/"},"sameAs":["https:\/\/www.facebook.com\/algarve7","https:\/\/x.com\/Algarvesete","https:\/\/www.instagram.com\/jornalalgarve7\/","https:\/\/www.linkedin.com\/company\/algarve7","https:\/\/www.pinterest.pt\/geral0939\/_created\/"]},{"@type":"Person","@id":"https:\/\/algarve7.pt\/#\/schema\/person\/23fa70681308e7b319a3204bcea45e0c","name":"Algarve 7","sameAs":["https:\/\/algarve7.pt","https:\/\/www.facebook.com\/algarve7"],"url":"https:\/\/algarve7.pt\/index.php\/author\/geralalgarve7-pt\/"}]}},"jetpack_publicize_connections":[],"jetpack_featured_media_url":"https:\/\/algarve7.pt\/wp-content\/uploads\/2020\/09\/Ciclovia-da-Leziria-7.jpg","jetpack_shortlink":"https:\/\/wp.me\/pcezmW-qg","jetpack_sharing_enabled":true,"_links":{"self":[{"href":"https:\/\/algarve7.pt\/index.php\/wp-json\/wp\/v2\/posts\/1628","targetHints":{"allow":["GET"]}}],"collection":[{"href":"https:\/\/algarve7.pt\/index.php\/wp-json\/wp\/v2\/posts"}],"about":[{"href":"https:\/\/algarve7.pt\/index.php\/wp-json\/wp\/v2\/types\/post"}],"author":[{"embeddable":true,"href":"https:\/\/algarve7.pt\/index.php\/wp-json\/wp\/v2\/users\/1"}],"replies":[{"embeddable":true,"href":"https:\/\/algarve7.pt\/index.php\/wp-json\/wp\/v2\/comments?post=1628"}],"version-history":[{"count":0,"href":"https:\/\/algarve7.pt\/index.php\/wp-json\/wp\/v2\/posts\/1628\/revisions"}],"wp:featuredmedia":[{"embeddable":true,"href":"https:\/\/algarve7.pt\/index.php\/wp-json\/wp\/v2\/media\/1629"}],"wp:attachment":[{"href":"https:\/\/algarve7.pt\/index.php\/wp-json\/wp\/v2\/media?parent=1628"}],"wp:term":[{"taxonomy":"category","embeddable":true,"href":"https:\/\/algarve7.pt\/index.php\/wp-json\/wp\/v2\/categories?post=1628"},{"taxonomy":"post_tag","embeddable":true,"href":"https:\/\/algarve7.pt\/index.php\/wp-json\/wp\/v2\/tags?post=1628"}],"curies":[{"name":"wp","href":"https:\/\/api.w.org\/{rel}","templated":true}]}}