{"id":16155,"date":"2022-03-04T11:07:12","date_gmt":"2022-03-04T11:07:12","guid":{"rendered":"https:\/\/algarve7.pt\/?p=16155"},"modified":"2022-03-04T11:07:14","modified_gmt":"2022-03-04T11:07:14","slug":"apresentacao-da-obra-o-dicionario-as-mulheres-e-a-unidade-europeia-em-lagoa","status":"publish","type":"post","link":"https:\/\/algarve7.pt\/index.php\/2022\/03\/apresentacao-da-obra-o-dicionario-as-mulheres-e-a-unidade-europeia-em-lagoa\/cultura\/11\/07\/","title":{"rendered":"Apresenta\u00e7\u00e3o da obra &#8220;O dicion\u00e1rio &#8220;As Mulheres e a Unidade Europeia&#8221; em Lagoa"},"content":{"rendered":"\n<p>No pr\u00f3ximo dia 8 de mar\u00e7o pelas 18h30, na sala polivalente da Biblioteca Municipal ir\u00e1 &nbsp;ser apresentada a obra&nbsp;<strong>&#8220;Dicion\u00e1rio As Mulheres e a Unidade Europeia&#8221;<\/strong>&nbsp; \u00e9 uma obra editado pela Assembleia da Rep\u00fablica e coordenado pelas professoras Isabel Baltazar, Alice Cunha e Isabel Lousada, a sua apresenta\u00e7\u00e3o seguida de debate, destaca as mulheres portuguesas e europeias que se dedicaram a pensar a Europa e a constru\u00e7\u00e3o de uma unidade europeia durante os s\u00e9culos XIX e XX..<\/p>\n\n\n\n<p>A entrada \u00e9 gratuita, sujeito \u00e0 lota\u00e7\u00e3o de lugares.<\/p>\n\n\n\n<div class=\"wp-block-image is-style-default\"><figure class=\"aligncenter size-large is-resized\"><img loading=\"lazy\" decoding=\"async\" src=\"https:\/\/algarve7.pt\/wp-content\/uploads\/2022\/03\/image003-724x1024.jpg\" alt=\"\" class=\"wp-image-16157\" width=\"428\" height=\"606\" srcset=\"https:\/\/algarve7.pt\/wp-content\/uploads\/2022\/03\/image003-724x1024.jpg 724w, https:\/\/algarve7.pt\/wp-content\/uploads\/2022\/03\/image003-212x300.jpg 212w, https:\/\/algarve7.pt\/wp-content\/uploads\/2022\/03\/image003-768x1086.jpg 768w, https:\/\/algarve7.pt\/wp-content\/uploads\/2022\/03\/image003.jpg 794w\" sizes=\"auto, (max-width: 428px) 100vw, 428px\" \/><\/figure><\/div>\n","protected":false},"excerpt":{"rendered":"<p>No pr\u00f3ximo dia 8 de mar\u00e7o pelas 18h30, na sala polivalente da Biblioteca Municipal ir\u00e1 &nbsp;ser apresentada a obra&nbsp;&#8220;Dicion\u00e1rio As<\/p>\n","protected":false},"author":1,"featured_media":16156,"comment_status":"closed","ping_status":"open","sticky":false,"template":"","format":"standard","meta":{"colormag_page_container_layout":"default_layout","colormag_page_sidebar_layout":"default_layout","_monsterinsights_skip_tracking":false,"_monsterinsights_sitenote_active":false,"_monsterinsights_sitenote_note":"","_monsterinsights_sitenote_category":0,"jetpack_post_was_ever_published":false,"_jetpack_newsletter_access":"","_jetpack_dont_email_post_to_subs":false,"_jetpack_newsletter_tier_id":0,"_jetpack_memberships_contains_paywalled_content":false,"_jetpack_memberships_contains_paid_content":false,"footnotes":"","jetpack_publicize_message":"","jetpack_publicize_feature_enabled":true,"jetpack_social_post_already_shared":false,"jetpack_social_options":{"image_generator_settings":{"template":"highway","default_image_id":0,"font":"","enabled":false},"version":2}},"categories":[14],"tags":[36,35,48],"class_list":["post-16155","post","type-post","status-publish","format-standard","has-post-thumbnail","hentry","category-cultura","tag-algarve","tag-cultura","tag-lagoa"],"yoast_head":"<!-- This site is optimized with the Yoast SEO plugin v27.5 - https:\/\/yoast.com\/product\/yoast-seo-wordpress\/ -->\n<title>Apresenta\u00e7\u00e3o da obra &quot;O dicion\u00e1rio &quot;As Mulheres e a Unidade Europeia&quot; em Lagoa - Algarve 7<\/title>\n<meta name=\"description\" content=\"Apresenta\u00e7\u00e3o da obra &quot;O dicion\u00e1rio &quot;As Mulheres e a Unidade Europeia&quot; em Lagoa Cultura\" \/>\n<meta name=\"robots\" content=\"index, follow, max-snippet:-1, max-image-preview:large, max-video-preview:-1\" \/>\n<link rel=\"canonical\" href=\"https:\/\/algarve7.pt\/index.php\/2022\/03\/apresentacao-da-obra-o-dicionario-as-mulheres-e-a-unidade-europeia-em-lagoa\/cultura\/11\/07\/\" \/>\n<meta property=\"og:locale\" content=\"pt_PT\" \/>\n<meta property=\"og:type\" content=\"article\" \/>\n<meta property=\"og:title\" content=\"Apresenta\u00e7\u00e3o da obra &quot;O dicion\u00e1rio &quot;As Mulheres e a Unidade Europeia&quot; em Lagoa - Algarve 7\" \/>\n<meta property=\"og:description\" content=\"Apresenta\u00e7\u00e3o da obra &quot;O dicion\u00e1rio &quot;As Mulheres e a Unidade Europeia&quot; em Lagoa Cultura\" \/>\n<meta property=\"og:url\" content=\"https:\/\/algarve7.pt\/index.php\/2022\/03\/apresentacao-da-obra-o-dicionario-as-mulheres-e-a-unidade-europeia-em-lagoa\/cultura\/11\/07\/\" \/>\n<meta property=\"og:site_name\" content=\"Algarve 7\" \/>\n<meta property=\"article:publisher\" content=\"https:\/\/www.facebook.com\/algarve7\" \/>\n<meta property=\"article:author\" content=\"https:\/\/www.facebook.com\/algarve7\" \/>\n<meta property=\"article:published_time\" content=\"2022-03-04T11:07:12+00:00\" \/>\n<meta property=\"article:modified_time\" content=\"2022-03-04T11:07:14+00:00\" \/>\n<meta property=\"og:image\" content=\"https:\/\/algarve7.pt\/wp-content\/uploads\/2022\/03\/Captura-de-ecra-2022-03-04-as-11.03.06.png\" \/>\n\t<meta property=\"og:image:width\" content=\"1564\" \/>\n\t<meta property=\"og:image:height\" content=\"1238\" \/>\n\t<meta property=\"og:image:type\" content=\"image\/png\" \/>\n<meta name=\"author\" content=\"Algarve 7\" \/>\n<meta name=\"twitter:card\" content=\"summary_large_image\" \/>\n<meta name=\"twitter:creator\" content=\"@Algarvesete\" \/>\n<meta name=\"twitter:site\" content=\"@Algarvesete\" \/>\n<meta name=\"twitter:label1\" content=\"Escrito por\" \/>\n\t<meta name=\"twitter:data1\" content=\"Algarve 7\" \/>\n\t<meta name=\"twitter:label2\" content=\"Tempo estimado de leitura\" \/>\n\t<meta name=\"twitter:data2\" content=\"1 minuto\" \/>\n<script type=\"application\/ld+json\" class=\"yoast-schema-graph\">{\"@context\":\"https:\\\/\\\/schema.org\",\"@graph\":[{\"@type\":\"Article\",\"@id\":\"https:\\\/\\\/algarve7.pt\\\/index.php\\\/2022\\\/03\\\/apresentacao-da-obra-o-dicionario-as-mulheres-e-a-unidade-europeia-em-lagoa\\\/cultura\\\/11\\\/07\\\/#article\",\"isPartOf\":{\"@id\":\"https:\\\/\\\/algarve7.pt\\\/index.php\\\/2022\\\/03\\\/apresentacao-da-obra-o-dicionario-as-mulheres-e-a-unidade-europeia-em-lagoa\\\/cultura\\\/11\\\/07\\\/\"},\"author\":{\"name\":\"Algarve 7\",\"@id\":\"https:\\\/\\\/algarve7.pt\\\/#\\\/schema\\\/person\\\/23fa70681308e7b319a3204bcea45e0c\"},\"headline\":\"Apresenta\u00e7\u00e3o da obra &#8220;O dicion\u00e1rio &#8220;As Mulheres e a Unidade Europeia&#8221; em Lagoa\",\"datePublished\":\"2022-03-04T11:07:12+00:00\",\"dateModified\":\"2022-03-04T11:07:14+00:00\",\"mainEntityOfPage\":{\"@id\":\"https:\\\/\\\/algarve7.pt\\\/index.php\\\/2022\\\/03\\\/apresentacao-da-obra-o-dicionario-as-mulheres-e-a-unidade-europeia-em-lagoa\\\/cultura\\\/11\\\/07\\\/\"},\"wordCount\":108,\"publisher\":{\"@id\":\"https:\\\/\\\/algarve7.pt\\\/#organization\"},\"image\":{\"@id\":\"https:\\\/\\\/algarve7.pt\\\/index.php\\\/2022\\\/03\\\/apresentacao-da-obra-o-dicionario-as-mulheres-e-a-unidade-europeia-em-lagoa\\\/cultura\\\/11\\\/07\\\/#primaryimage\"},\"thumbnailUrl\":\"https:\\\/\\\/algarve7.pt\\\/wp-content\\\/uploads\\\/2022\\\/03\\\/Captura-de-ecra-2022-03-04-as-11.03.06.png\",\"keywords\":[\"Algarve\",\"Cultura\",\"Lagoa\"],\"articleSection\":[\"Cultura\"],\"inLanguage\":\"pt-PT\"},{\"@type\":\"WebPage\",\"@id\":\"https:\\\/\\\/algarve7.pt\\\/index.php\\\/2022\\\/03\\\/apresentacao-da-obra-o-dicionario-as-mulheres-e-a-unidade-europeia-em-lagoa\\\/cultura\\\/11\\\/07\\\/\",\"url\":\"https:\\\/\\\/algarve7.pt\\\/index.php\\\/2022\\\/03\\\/apresentacao-da-obra-o-dicionario-as-mulheres-e-a-unidade-europeia-em-lagoa\\\/cultura\\\/11\\\/07\\\/\",\"name\":\"Apresenta\u00e7\u00e3o da obra \\\"O dicion\u00e1rio \\\"As Mulheres e a Unidade Europeia\\\" em Lagoa - Algarve 7\",\"isPartOf\":{\"@id\":\"https:\\\/\\\/algarve7.pt\\\/#website\"},\"primaryImageOfPage\":{\"@id\":\"https:\\\/\\\/algarve7.pt\\\/index.php\\\/2022\\\/03\\\/apresentacao-da-obra-o-dicionario-as-mulheres-e-a-unidade-europeia-em-lagoa\\\/cultura\\\/11\\\/07\\\/#primaryimage\"},\"image\":{\"@id\":\"https:\\\/\\\/algarve7.pt\\\/index.php\\\/2022\\\/03\\\/apresentacao-da-obra-o-dicionario-as-mulheres-e-a-unidade-europeia-em-lagoa\\\/cultura\\\/11\\\/07\\\/#primaryimage\"},\"thumbnailUrl\":\"https:\\\/\\\/algarve7.pt\\\/wp-content\\\/uploads\\\/2022\\\/03\\\/Captura-de-ecra-2022-03-04-as-11.03.06.png\",\"datePublished\":\"2022-03-04T11:07:12+00:00\",\"dateModified\":\"2022-03-04T11:07:14+00:00\",\"description\":\"Apresenta\u00e7\u00e3o da obra \\\"O dicion\u00e1rio \\\"As Mulheres e a Unidade Europeia\\\" em Lagoa Cultura\",\"breadcrumb\":{\"@id\":\"https:\\\/\\\/algarve7.pt\\\/index.php\\\/2022\\\/03\\\/apresentacao-da-obra-o-dicionario-as-mulheres-e-a-unidade-europeia-em-lagoa\\\/cultura\\\/11\\\/07\\\/#breadcrumb\"},\"inLanguage\":\"pt-PT\",\"potentialAction\":[{\"@type\":\"ReadAction\",\"target\":[\"https:\\\/\\\/algarve7.pt\\\/index.php\\\/2022\\\/03\\\/apresentacao-da-obra-o-dicionario-as-mulheres-e-a-unidade-europeia-em-lagoa\\\/cultura\\\/11\\\/07\\\/\"]}]},{\"@type\":\"ImageObject\",\"inLanguage\":\"pt-PT\",\"@id\":\"https:\\\/\\\/algarve7.pt\\\/index.php\\\/2022\\\/03\\\/apresentacao-da-obra-o-dicionario-as-mulheres-e-a-unidade-europeia-em-lagoa\\\/cultura\\\/11\\\/07\\\/#primaryimage\",\"url\":\"https:\\\/\\\/algarve7.pt\\\/wp-content\\\/uploads\\\/2022\\\/03\\\/Captura-de-ecra-2022-03-04-as-11.03.06.png\",\"contentUrl\":\"https:\\\/\\\/algarve7.pt\\\/wp-content\\\/uploads\\\/2022\\\/03\\\/Captura-de-ecra-2022-03-04-as-11.03.06.png\",\"width\":1564,\"height\":1238},{\"@type\":\"BreadcrumbList\",\"@id\":\"https:\\\/\\\/algarve7.pt\\\/index.php\\\/2022\\\/03\\\/apresentacao-da-obra-o-dicionario-as-mulheres-e-a-unidade-europeia-em-lagoa\\\/cultura\\\/11\\\/07\\\/#breadcrumb\",\"itemListElement\":[{\"@type\":\"ListItem\",\"position\":1,\"name\":\"In\u00edcio\",\"item\":\"https:\\\/\\\/algarve7.pt\\\/\"},{\"@type\":\"ListItem\",\"position\":2,\"name\":\"Apresenta\u00e7\u00e3o da obra &#8220;O dicion\u00e1rio &#8220;As Mulheres e a Unidade Europeia&#8221; em Lagoa\"}]},{\"@type\":\"WebSite\",\"@id\":\"https:\\\/\\\/algarve7.pt\\\/#website\",\"url\":\"https:\\\/\\\/algarve7.pt\\\/\",\"name\":\"Algarve 7\",\"description\":\"Informa\u00e7\u00e3o sobre o Algarve\",\"publisher\":{\"@id\":\"https:\\\/\\\/algarve7.pt\\\/#organization\"},\"potentialAction\":[{\"@type\":\"SearchAction\",\"target\":{\"@type\":\"EntryPoint\",\"urlTemplate\":\"https:\\\/\\\/algarve7.pt\\\/?s={search_term_string}\"},\"query-input\":{\"@type\":\"PropertyValueSpecification\",\"valueRequired\":true,\"valueName\":\"search_term_string\"}}],\"inLanguage\":\"pt-PT\"},{\"@type\":\"Organization\",\"@id\":\"https:\\\/\\\/algarve7.pt\\\/#organization\",\"name\":\"Algarve 7\",\"url\":\"https:\\\/\\\/algarve7.pt\\\/\",\"logo\":{\"@type\":\"ImageObject\",\"inLanguage\":\"pt-PT\",\"@id\":\"https:\\\/\\\/algarve7.pt\\\/#\\\/schema\\\/logo\\\/image\\\/\",\"url\":\"https:\\\/\\\/algarve7.pt\\\/wp-content\\\/uploads\\\/2020\\\/10\\\/Logo-8.jpg\",\"contentUrl\":\"https:\\\/\\\/algarve7.pt\\\/wp-content\\\/uploads\\\/2020\\\/10\\\/Logo-8.jpg\",\"width\":1680,\"height\":1186,\"caption\":\"Algarve 7\"},\"image\":{\"@id\":\"https:\\\/\\\/algarve7.pt\\\/#\\\/schema\\\/logo\\\/image\\\/\"},\"sameAs\":[\"https:\\\/\\\/www.facebook.com\\\/algarve7\",\"https:\\\/\\\/x.com\\\/Algarvesete\",\"https:\\\/\\\/www.instagram.com\\\/jornalalgarve7\\\/\",\"https:\\\/\\\/www.linkedin.com\\\/company\\\/algarve7\",\"https:\\\/\\\/www.pinterest.pt\\\/geral0939\\\/_created\\\/\"]},{\"@type\":\"Person\",\"@id\":\"https:\\\/\\\/algarve7.pt\\\/#\\\/schema\\\/person\\\/23fa70681308e7b319a3204bcea45e0c\",\"name\":\"Algarve 7\",\"sameAs\":[\"https:\\\/\\\/algarve7.pt\",\"https:\\\/\\\/www.facebook.com\\\/algarve7\"],\"url\":\"https:\\\/\\\/algarve7.pt\\\/index.php\\\/author\\\/geralalgarve7-pt\\\/\"}]}<\/script>\n<!-- \/ Yoast SEO plugin. -->","yoast_head_json":{"title":"Apresenta\u00e7\u00e3o da obra \"O dicion\u00e1rio \"As Mulheres e a Unidade Europeia\" em Lagoa - Algarve 7","description":"Apresenta\u00e7\u00e3o da obra \"O dicion\u00e1rio \"As Mulheres e a Unidade Europeia\" em Lagoa Cultura","robots":{"index":"index","follow":"follow","max-snippet":"max-snippet:-1","max-image-preview":"max-image-preview:large","max-video-preview":"max-video-preview:-1"},"canonical":"https:\/\/algarve7.pt\/index.php\/2022\/03\/apresentacao-da-obra-o-dicionario-as-mulheres-e-a-unidade-europeia-em-lagoa\/cultura\/11\/07\/","og_locale":"pt_PT","og_type":"article","og_title":"Apresenta\u00e7\u00e3o da obra \"O dicion\u00e1rio \"As Mulheres e a Unidade Europeia\" em Lagoa - Algarve 7","og_description":"Apresenta\u00e7\u00e3o da obra \"O dicion\u00e1rio \"As Mulheres e a Unidade Europeia\" em Lagoa Cultura","og_url":"https:\/\/algarve7.pt\/index.php\/2022\/03\/apresentacao-da-obra-o-dicionario-as-mulheres-e-a-unidade-europeia-em-lagoa\/cultura\/11\/07\/","og_site_name":"Algarve 7","article_publisher":"https:\/\/www.facebook.com\/algarve7","article_author":"https:\/\/www.facebook.com\/algarve7","article_published_time":"2022-03-04T11:07:12+00:00","article_modified_time":"2022-03-04T11:07:14+00:00","og_image":[{"width":1564,"height":1238,"url":"https:\/\/algarve7.pt\/wp-content\/uploads\/2022\/03\/Captura-de-ecra-2022-03-04-as-11.03.06.png","type":"image\/png"}],"author":"Algarve 7","twitter_card":"summary_large_image","twitter_creator":"@Algarvesete","twitter_site":"@Algarvesete","twitter_misc":{"Escrito por":"Algarve 7","Tempo estimado de leitura":"1 minuto"},"schema":{"@context":"https:\/\/schema.org","@graph":[{"@type":"Article","@id":"https:\/\/algarve7.pt\/index.php\/2022\/03\/apresentacao-da-obra-o-dicionario-as-mulheres-e-a-unidade-europeia-em-lagoa\/cultura\/11\/07\/#article","isPartOf":{"@id":"https:\/\/algarve7.pt\/index.php\/2022\/03\/apresentacao-da-obra-o-dicionario-as-mulheres-e-a-unidade-europeia-em-lagoa\/cultura\/11\/07\/"},"author":{"name":"Algarve 7","@id":"https:\/\/algarve7.pt\/#\/schema\/person\/23fa70681308e7b319a3204bcea45e0c"},"headline":"Apresenta\u00e7\u00e3o da obra &#8220;O dicion\u00e1rio &#8220;As Mulheres e a Unidade Europeia&#8221; em Lagoa","datePublished":"2022-03-04T11:07:12+00:00","dateModified":"2022-03-04T11:07:14+00:00","mainEntityOfPage":{"@id":"https:\/\/algarve7.pt\/index.php\/2022\/03\/apresentacao-da-obra-o-dicionario-as-mulheres-e-a-unidade-europeia-em-lagoa\/cultura\/11\/07\/"},"wordCount":108,"publisher":{"@id":"https:\/\/algarve7.pt\/#organization"},"image":{"@id":"https:\/\/algarve7.pt\/index.php\/2022\/03\/apresentacao-da-obra-o-dicionario-as-mulheres-e-a-unidade-europeia-em-lagoa\/cultura\/11\/07\/#primaryimage"},"thumbnailUrl":"https:\/\/algarve7.pt\/wp-content\/uploads\/2022\/03\/Captura-de-ecra-2022-03-04-as-11.03.06.png","keywords":["Algarve","Cultura","Lagoa"],"articleSection":["Cultura"],"inLanguage":"pt-PT"},{"@type":"WebPage","@id":"https:\/\/algarve7.pt\/index.php\/2022\/03\/apresentacao-da-obra-o-dicionario-as-mulheres-e-a-unidade-europeia-em-lagoa\/cultura\/11\/07\/","url":"https:\/\/algarve7.pt\/index.php\/2022\/03\/apresentacao-da-obra-o-dicionario-as-mulheres-e-a-unidade-europeia-em-lagoa\/cultura\/11\/07\/","name":"Apresenta\u00e7\u00e3o da obra \"O dicion\u00e1rio \"As Mulheres e a Unidade Europeia\" em Lagoa - Algarve 7","isPartOf":{"@id":"https:\/\/algarve7.pt\/#website"},"primaryImageOfPage":{"@id":"https:\/\/algarve7.pt\/index.php\/2022\/03\/apresentacao-da-obra-o-dicionario-as-mulheres-e-a-unidade-europeia-em-lagoa\/cultura\/11\/07\/#primaryimage"},"image":{"@id":"https:\/\/algarve7.pt\/index.php\/2022\/03\/apresentacao-da-obra-o-dicionario-as-mulheres-e-a-unidade-europeia-em-lagoa\/cultura\/11\/07\/#primaryimage"},"thumbnailUrl":"https:\/\/algarve7.pt\/wp-content\/uploads\/2022\/03\/Captura-de-ecra-2022-03-04-as-11.03.06.png","datePublished":"2022-03-04T11:07:12+00:00","dateModified":"2022-03-04T11:07:14+00:00","description":"Apresenta\u00e7\u00e3o da obra \"O dicion\u00e1rio \"As Mulheres e a Unidade Europeia\" em Lagoa Cultura","breadcrumb":{"@id":"https:\/\/algarve7.pt\/index.php\/2022\/03\/apresentacao-da-obra-o-dicionario-as-mulheres-e-a-unidade-europeia-em-lagoa\/cultura\/11\/07\/#breadcrumb"},"inLanguage":"pt-PT","potentialAction":[{"@type":"ReadAction","target":["https:\/\/algarve7.pt\/index.php\/2022\/03\/apresentacao-da-obra-o-dicionario-as-mulheres-e-a-unidade-europeia-em-lagoa\/cultura\/11\/07\/"]}]},{"@type":"ImageObject","inLanguage":"pt-PT","@id":"https:\/\/algarve7.pt\/index.php\/2022\/03\/apresentacao-da-obra-o-dicionario-as-mulheres-e-a-unidade-europeia-em-lagoa\/cultura\/11\/07\/#primaryimage","url":"https:\/\/algarve7.pt\/wp-content\/uploads\/2022\/03\/Captura-de-ecra-2022-03-04-as-11.03.06.png","contentUrl":"https:\/\/algarve7.pt\/wp-content\/uploads\/2022\/03\/Captura-de-ecra-2022-03-04-as-11.03.06.png","width":1564,"height":1238},{"@type":"BreadcrumbList","@id":"https:\/\/algarve7.pt\/index.php\/2022\/03\/apresentacao-da-obra-o-dicionario-as-mulheres-e-a-unidade-europeia-em-lagoa\/cultura\/11\/07\/#breadcrumb","itemListElement":[{"@type":"ListItem","position":1,"name":"In\u00edcio","item":"https:\/\/algarve7.pt\/"},{"@type":"ListItem","position":2,"name":"Apresenta\u00e7\u00e3o da obra &#8220;O dicion\u00e1rio &#8220;As Mulheres e a Unidade Europeia&#8221; em Lagoa"}]},{"@type":"WebSite","@id":"https:\/\/algarve7.pt\/#website","url":"https:\/\/algarve7.pt\/","name":"Algarve 7","description":"Informa\u00e7\u00e3o sobre o Algarve","publisher":{"@id":"https:\/\/algarve7.pt\/#organization"},"potentialAction":[{"@type":"SearchAction","target":{"@type":"EntryPoint","urlTemplate":"https:\/\/algarve7.pt\/?s={search_term_string}"},"query-input":{"@type":"PropertyValueSpecification","valueRequired":true,"valueName":"search_term_string"}}],"inLanguage":"pt-PT"},{"@type":"Organization","@id":"https:\/\/algarve7.pt\/#organization","name":"Algarve 7","url":"https:\/\/algarve7.pt\/","logo":{"@type":"ImageObject","inLanguage":"pt-PT","@id":"https:\/\/algarve7.pt\/#\/schema\/logo\/image\/","url":"https:\/\/algarve7.pt\/wp-content\/uploads\/2020\/10\/Logo-8.jpg","contentUrl":"https:\/\/algarve7.pt\/wp-content\/uploads\/2020\/10\/Logo-8.jpg","width":1680,"height":1186,"caption":"Algarve 7"},"image":{"@id":"https:\/\/algarve7.pt\/#\/schema\/logo\/image\/"},"sameAs":["https:\/\/www.facebook.com\/algarve7","https:\/\/x.com\/Algarvesete","https:\/\/www.instagram.com\/jornalalgarve7\/","https:\/\/www.linkedin.com\/company\/algarve7","https:\/\/www.pinterest.pt\/geral0939\/_created\/"]},{"@type":"Person","@id":"https:\/\/algarve7.pt\/#\/schema\/person\/23fa70681308e7b319a3204bcea45e0c","name":"Algarve 7","sameAs":["https:\/\/algarve7.pt","https:\/\/www.facebook.com\/algarve7"],"url":"https:\/\/algarve7.pt\/index.php\/author\/geralalgarve7-pt\/"}]}},"jetpack_publicize_connections":[],"jetpack_featured_media_url":"https:\/\/algarve7.pt\/wp-content\/uploads\/2022\/03\/Captura-de-ecra-2022-03-04-as-11.03.06.png","jetpack_shortlink":"https:\/\/wp.me\/pcezmW-4cz","jetpack_sharing_enabled":true,"_links":{"self":[{"href":"https:\/\/algarve7.pt\/index.php\/wp-json\/wp\/v2\/posts\/16155","targetHints":{"allow":["GET"]}}],"collection":[{"href":"https:\/\/algarve7.pt\/index.php\/wp-json\/wp\/v2\/posts"}],"about":[{"href":"https:\/\/algarve7.pt\/index.php\/wp-json\/wp\/v2\/types\/post"}],"author":[{"embeddable":true,"href":"https:\/\/algarve7.pt\/index.php\/wp-json\/wp\/v2\/users\/1"}],"replies":[{"embeddable":true,"href":"https:\/\/algarve7.pt\/index.php\/wp-json\/wp\/v2\/comments?post=16155"}],"version-history":[{"count":0,"href":"https:\/\/algarve7.pt\/index.php\/wp-json\/wp\/v2\/posts\/16155\/revisions"}],"wp:featuredmedia":[{"embeddable":true,"href":"https:\/\/algarve7.pt\/index.php\/wp-json\/wp\/v2\/media\/16156"}],"wp:attachment":[{"href":"https:\/\/algarve7.pt\/index.php\/wp-json\/wp\/v2\/media?parent=16155"}],"wp:term":[{"taxonomy":"category","embeddable":true,"href":"https:\/\/algarve7.pt\/index.php\/wp-json\/wp\/v2\/categories?post=16155"},{"taxonomy":"post_tag","embeddable":true,"href":"https:\/\/algarve7.pt\/index.php\/wp-json\/wp\/v2\/tags?post=16155"}],"curies":[{"name":"wp","href":"https:\/\/api.w.org\/{rel}","templated":true}]}}