{"id":1611,"date":"2020-09-21T08:01:18","date_gmt":"2020-09-21T07:01:18","guid":{"rendered":"https:\/\/algarve7.pt\/?p=1611"},"modified":"2020-09-21T08:01:19","modified_gmt":"2020-09-21T07:01:19","slug":"docapesca-abre-concurso-para-sinalizacao-do-estado-da-barra-e-avisos-de-temporal-em-quarteira","status":"publish","type":"post","link":"https:\/\/algarve7.pt\/index.php\/2020\/09\/docapesca-abre-concurso-para-sinalizacao-do-estado-da-barra-e-avisos-de-temporal-em-quarteira\/economia\/08\/01\/","title":{"rendered":"Docapesca abre concurso para sinaliza\u00e7\u00e3o do estado da barra e avisos de temporal em Quarteira"},"content":{"rendered":"\n<p>A Docapesca abriu um concurso para a sinaliza\u00e7\u00e3o visual do estado da barra e avisos de temporal no porto de pesca de Quarteira, com o pre\u00e7o base de 31 mil euros, no \u00e2mbito do apoio \u00e0s opera\u00e7\u00f5es da esta\u00e7\u00e3o salva vidas da Autoridade Mar\u00edtima Nacional que foi inaugurada oficialmente em 8 de setembro.<\/p>\n\n\n\n<p>O mastro de sinaliza\u00e7\u00e3o a instalar tem como objetivo indicar \u00e0 navega\u00e7\u00e3o o estado da barra e avisos de temporal, garantindo um acr\u00e9scimo de seguran\u00e7a a quem navega nesta zona, incluindo os tripulantes das mais de 250 embarca\u00e7\u00f5es de pesca que operam no porto de Quarteira e os desportistas n\u00e1uticos.<\/p>\n\n\n\n<p>A esta\u00e7\u00e3o salva vidas de Quarteira come\u00e7ou a funcionar em maio com o apoio da Docapesca e da C\u00e2mara Municipal de Loul\u00e9. Veio colmatar uma lacuna de 30 milhas, entre Olh\u00e3o e Ferragudo, onde n\u00e3o existia uma infraestrutura deste tipo.&nbsp;<\/p>\n\n\n\n<p>A costa algarvia est\u00e1 agora dotada de esta\u00e7\u00f5es salva vidas em Quarteira, Sagres, Ferragudo, Olh\u00e3o, Tavira e Vila Real de Santo Ant\u00f3nio.<\/p>\n\n\n\n<p>Recorda-se que a Docapesca tamb\u00e9m lan\u00e7ou, este m\u00eas, um concurso para empreitada de reabilita\u00e7\u00e3o da rampa varadouro do porto de pesca de Quarteira com o pre\u00e7o base de 51.200 euros.<\/p>\n\n\n\n<p>A Docapesca \u2013 Portos e Lotas, S.A. \u00e9 uma empresa do Setor Empresarial do Estado tutelada pelo Minist\u00e9rio do Mar, que tem a seu cargo, no continente, o servi\u00e7o da primeira venda de pescado e o apoio ao setor da pesca e respetivos portos, dispondo de&nbsp;<em>22<\/em>&nbsp;lotas e 37 postos.<\/p>\n","protected":false},"excerpt":{"rendered":"<p>A Docapesca abriu um concurso para a sinaliza\u00e7\u00e3o visual do estado da barra e avisos de temporal no porto de<\/p>\n","protected":false},"author":1,"featured_media":1612,"comment_status":"closed","ping_status":"open","sticky":false,"template":"","format":"standard","meta":{"colormag_page_container_layout":"default_layout","colormag_page_sidebar_layout":"default_layout","_monsterinsights_skip_tracking":false,"_monsterinsights_sitenote_active":false,"_monsterinsights_sitenote_note":"","_monsterinsights_sitenote_category":0,"jetpack_post_was_ever_published":false,"_jetpack_newsletter_access":"","_jetpack_dont_email_post_to_subs":false,"_jetpack_newsletter_tier_id":0,"_jetpack_memberships_contains_paywalled_content":false,"_jetpack_memberships_contains_paid_content":false,"footnotes":"","jetpack_publicize_message":"","jetpack_publicize_feature_enabled":true,"jetpack_social_post_already_shared":true,"jetpack_social_options":{"image_generator_settings":{"template":"highway","default_image_id":0,"font":"","enabled":false},"version":2}},"categories":[151],"tags":[],"class_list":["post-1611","post","type-post","status-publish","format-standard","has-post-thumbnail","hentry","category-economia"],"yoast_head":"<!-- This site is optimized with the Yoast SEO plugin v27.5 - https:\/\/yoast.com\/product\/yoast-seo-wordpress\/ -->\n<title>Docapesca abre concurso para sinaliza\u00e7\u00e3o do estado da barra e avisos de temporal em Quarteira - Algarve 7<\/title>\n<meta name=\"description\" content=\"Docapesca abre concurso para sinaliza\u00e7\u00e3o do estado da barra e avisos de temporal em Quarteira\" \/>\n<meta name=\"robots\" content=\"index, follow, max-snippet:-1, max-image-preview:large, max-video-preview:-1\" \/>\n<link rel=\"canonical\" href=\"https:\/\/algarve7.pt\/index.php\/2020\/09\/docapesca-abre-concurso-para-sinalizacao-do-estado-da-barra-e-avisos-de-temporal-em-quarteira\/economia\/08\/01\/\" \/>\n<meta property=\"og:locale\" content=\"pt_PT\" \/>\n<meta property=\"og:type\" content=\"article\" \/>\n<meta property=\"og:title\" content=\"Docapesca abre concurso para sinaliza\u00e7\u00e3o do estado da barra e avisos de temporal em Quarteira - Algarve 7\" \/>\n<meta property=\"og:description\" content=\"Docapesca abre concurso para sinaliza\u00e7\u00e3o do estado da barra e avisos de temporal em Quarteira\" \/>\n<meta property=\"og:url\" content=\"https:\/\/algarve7.pt\/index.php\/2020\/09\/docapesca-abre-concurso-para-sinalizacao-do-estado-da-barra-e-avisos-de-temporal-em-quarteira\/economia\/08\/01\/\" \/>\n<meta property=\"og:site_name\" content=\"Algarve 7\" \/>\n<meta property=\"article:publisher\" content=\"https:\/\/www.facebook.com\/algarve7\" \/>\n<meta property=\"article:author\" content=\"https:\/\/www.facebook.com\/algarve7\" \/>\n<meta property=\"article:published_time\" content=\"2020-09-21T07:01:18+00:00\" \/>\n<meta property=\"article:modified_time\" content=\"2020-09-21T07:01:19+00:00\" \/>\n<meta property=\"og:image\" content=\"https:\/\/algarve7.pt\/wp-content\/uploads\/2020\/09\/Porto-de-pesca-de-Quarteira-1.jpg\" \/>\n\t<meta property=\"og:image:width\" content=\"973\" \/>\n\t<meta property=\"og:image:height\" content=\"768\" \/>\n\t<meta property=\"og:image:type\" content=\"image\/jpeg\" \/>\n<meta name=\"author\" content=\"Algarve 7\" \/>\n<meta name=\"twitter:card\" content=\"summary_large_image\" \/>\n<meta name=\"twitter:creator\" content=\"@Algarvesete\" \/>\n<meta name=\"twitter:site\" content=\"@Algarvesete\" \/>\n<meta name=\"twitter:label1\" content=\"Escrito por\" \/>\n\t<meta name=\"twitter:data1\" content=\"Algarve 7\" \/>\n\t<meta name=\"twitter:label2\" content=\"Tempo estimado de leitura\" \/>\n\t<meta name=\"twitter:data2\" content=\"1 minuto\" \/>\n<script type=\"application\/ld+json\" class=\"yoast-schema-graph\">{\"@context\":\"https:\\\/\\\/schema.org\",\"@graph\":[{\"@type\":\"Article\",\"@id\":\"https:\\\/\\\/algarve7.pt\\\/index.php\\\/2020\\\/09\\\/docapesca-abre-concurso-para-sinalizacao-do-estado-da-barra-e-avisos-de-temporal-em-quarteira\\\/economia\\\/08\\\/01\\\/#article\",\"isPartOf\":{\"@id\":\"https:\\\/\\\/algarve7.pt\\\/index.php\\\/2020\\\/09\\\/docapesca-abre-concurso-para-sinalizacao-do-estado-da-barra-e-avisos-de-temporal-em-quarteira\\\/economia\\\/08\\\/01\\\/\"},\"author\":{\"name\":\"Algarve 7\",\"@id\":\"https:\\\/\\\/algarve7.pt\\\/#\\\/schema\\\/person\\\/23fa70681308e7b319a3204bcea45e0c\"},\"headline\":\"Docapesca abre concurso para sinaliza\u00e7\u00e3o do estado da barra e avisos de temporal em Quarteira\",\"datePublished\":\"2020-09-21T07:01:18+00:00\",\"dateModified\":\"2020-09-21T07:01:19+00:00\",\"mainEntityOfPage\":{\"@id\":\"https:\\\/\\\/algarve7.pt\\\/index.php\\\/2020\\\/09\\\/docapesca-abre-concurso-para-sinalizacao-do-estado-da-barra-e-avisos-de-temporal-em-quarteira\\\/economia\\\/08\\\/01\\\/\"},\"wordCount\":282,\"publisher\":{\"@id\":\"https:\\\/\\\/algarve7.pt\\\/#organization\"},\"image\":{\"@id\":\"https:\\\/\\\/algarve7.pt\\\/index.php\\\/2020\\\/09\\\/docapesca-abre-concurso-para-sinalizacao-do-estado-da-barra-e-avisos-de-temporal-em-quarteira\\\/economia\\\/08\\\/01\\\/#primaryimage\"},\"thumbnailUrl\":\"https:\\\/\\\/algarve7.pt\\\/wp-content\\\/uploads\\\/2020\\\/09\\\/Porto-de-pesca-de-Quarteira-1.jpg\",\"articleSection\":[\"Economia\"],\"inLanguage\":\"pt-PT\"},{\"@type\":\"WebPage\",\"@id\":\"https:\\\/\\\/algarve7.pt\\\/index.php\\\/2020\\\/09\\\/docapesca-abre-concurso-para-sinalizacao-do-estado-da-barra-e-avisos-de-temporal-em-quarteira\\\/economia\\\/08\\\/01\\\/\",\"url\":\"https:\\\/\\\/algarve7.pt\\\/index.php\\\/2020\\\/09\\\/docapesca-abre-concurso-para-sinalizacao-do-estado-da-barra-e-avisos-de-temporal-em-quarteira\\\/economia\\\/08\\\/01\\\/\",\"name\":\"Docapesca abre concurso para sinaliza\u00e7\u00e3o do estado da barra e avisos de temporal em Quarteira - Algarve 7\",\"isPartOf\":{\"@id\":\"https:\\\/\\\/algarve7.pt\\\/#website\"},\"primaryImageOfPage\":{\"@id\":\"https:\\\/\\\/algarve7.pt\\\/index.php\\\/2020\\\/09\\\/docapesca-abre-concurso-para-sinalizacao-do-estado-da-barra-e-avisos-de-temporal-em-quarteira\\\/economia\\\/08\\\/01\\\/#primaryimage\"},\"image\":{\"@id\":\"https:\\\/\\\/algarve7.pt\\\/index.php\\\/2020\\\/09\\\/docapesca-abre-concurso-para-sinalizacao-do-estado-da-barra-e-avisos-de-temporal-em-quarteira\\\/economia\\\/08\\\/01\\\/#primaryimage\"},\"thumbnailUrl\":\"https:\\\/\\\/algarve7.pt\\\/wp-content\\\/uploads\\\/2020\\\/09\\\/Porto-de-pesca-de-Quarteira-1.jpg\",\"datePublished\":\"2020-09-21T07:01:18+00:00\",\"dateModified\":\"2020-09-21T07:01:19+00:00\",\"description\":\"Docapesca abre concurso para sinaliza\u00e7\u00e3o do estado da barra e avisos de temporal em Quarteira\",\"breadcrumb\":{\"@id\":\"https:\\\/\\\/algarve7.pt\\\/index.php\\\/2020\\\/09\\\/docapesca-abre-concurso-para-sinalizacao-do-estado-da-barra-e-avisos-de-temporal-em-quarteira\\\/economia\\\/08\\\/01\\\/#breadcrumb\"},\"inLanguage\":\"pt-PT\",\"potentialAction\":[{\"@type\":\"ReadAction\",\"target\":[\"https:\\\/\\\/algarve7.pt\\\/index.php\\\/2020\\\/09\\\/docapesca-abre-concurso-para-sinalizacao-do-estado-da-barra-e-avisos-de-temporal-em-quarteira\\\/economia\\\/08\\\/01\\\/\"]}]},{\"@type\":\"ImageObject\",\"inLanguage\":\"pt-PT\",\"@id\":\"https:\\\/\\\/algarve7.pt\\\/index.php\\\/2020\\\/09\\\/docapesca-abre-concurso-para-sinalizacao-do-estado-da-barra-e-avisos-de-temporal-em-quarteira\\\/economia\\\/08\\\/01\\\/#primaryimage\",\"url\":\"https:\\\/\\\/algarve7.pt\\\/wp-content\\\/uploads\\\/2020\\\/09\\\/Porto-de-pesca-de-Quarteira-1.jpg\",\"contentUrl\":\"https:\\\/\\\/algarve7.pt\\\/wp-content\\\/uploads\\\/2020\\\/09\\\/Porto-de-pesca-de-Quarteira-1.jpg\",\"width\":973,\"height\":768,\"caption\":\"DCIM100MEDIADJI_0019.JPG\"},{\"@type\":\"BreadcrumbList\",\"@id\":\"https:\\\/\\\/algarve7.pt\\\/index.php\\\/2020\\\/09\\\/docapesca-abre-concurso-para-sinalizacao-do-estado-da-barra-e-avisos-de-temporal-em-quarteira\\\/economia\\\/08\\\/01\\\/#breadcrumb\",\"itemListElement\":[{\"@type\":\"ListItem\",\"position\":1,\"name\":\"In\u00edcio\",\"item\":\"https:\\\/\\\/algarve7.pt\\\/\"},{\"@type\":\"ListItem\",\"position\":2,\"name\":\"Docapesca abre concurso para sinaliza\u00e7\u00e3o do estado da barra e avisos de temporal em Quarteira\"}]},{\"@type\":\"WebSite\",\"@id\":\"https:\\\/\\\/algarve7.pt\\\/#website\",\"url\":\"https:\\\/\\\/algarve7.pt\\\/\",\"name\":\"Algarve 7\",\"description\":\"Informa\u00e7\u00e3o sobre o Algarve\",\"publisher\":{\"@id\":\"https:\\\/\\\/algarve7.pt\\\/#organization\"},\"potentialAction\":[{\"@type\":\"SearchAction\",\"target\":{\"@type\":\"EntryPoint\",\"urlTemplate\":\"https:\\\/\\\/algarve7.pt\\\/?s={search_term_string}\"},\"query-input\":{\"@type\":\"PropertyValueSpecification\",\"valueRequired\":true,\"valueName\":\"search_term_string\"}}],\"inLanguage\":\"pt-PT\"},{\"@type\":\"Organization\",\"@id\":\"https:\\\/\\\/algarve7.pt\\\/#organization\",\"name\":\"Algarve 7\",\"url\":\"https:\\\/\\\/algarve7.pt\\\/\",\"logo\":{\"@type\":\"ImageObject\",\"inLanguage\":\"pt-PT\",\"@id\":\"https:\\\/\\\/algarve7.pt\\\/#\\\/schema\\\/logo\\\/image\\\/\",\"url\":\"https:\\\/\\\/algarve7.pt\\\/wp-content\\\/uploads\\\/2020\\\/10\\\/Logo-8.jpg\",\"contentUrl\":\"https:\\\/\\\/algarve7.pt\\\/wp-content\\\/uploads\\\/2020\\\/10\\\/Logo-8.jpg\",\"width\":1680,\"height\":1186,\"caption\":\"Algarve 7\"},\"image\":{\"@id\":\"https:\\\/\\\/algarve7.pt\\\/#\\\/schema\\\/logo\\\/image\\\/\"},\"sameAs\":[\"https:\\\/\\\/www.facebook.com\\\/algarve7\",\"https:\\\/\\\/x.com\\\/Algarvesete\",\"https:\\\/\\\/www.instagram.com\\\/jornalalgarve7\\\/\",\"https:\\\/\\\/www.linkedin.com\\\/company\\\/algarve7\",\"https:\\\/\\\/www.pinterest.pt\\\/geral0939\\\/_created\\\/\"]},{\"@type\":\"Person\",\"@id\":\"https:\\\/\\\/algarve7.pt\\\/#\\\/schema\\\/person\\\/23fa70681308e7b319a3204bcea45e0c\",\"name\":\"Algarve 7\",\"sameAs\":[\"https:\\\/\\\/algarve7.pt\",\"https:\\\/\\\/www.facebook.com\\\/algarve7\"],\"url\":\"https:\\\/\\\/algarve7.pt\\\/index.php\\\/author\\\/geralalgarve7-pt\\\/\"}]}<\/script>\n<!-- \/ Yoast SEO plugin. -->","yoast_head_json":{"title":"Docapesca abre concurso para sinaliza\u00e7\u00e3o do estado da barra e avisos de temporal em Quarteira - Algarve 7","description":"Docapesca abre concurso para sinaliza\u00e7\u00e3o do estado da barra e avisos de temporal em Quarteira","robots":{"index":"index","follow":"follow","max-snippet":"max-snippet:-1","max-image-preview":"max-image-preview:large","max-video-preview":"max-video-preview:-1"},"canonical":"https:\/\/algarve7.pt\/index.php\/2020\/09\/docapesca-abre-concurso-para-sinalizacao-do-estado-da-barra-e-avisos-de-temporal-em-quarteira\/economia\/08\/01\/","og_locale":"pt_PT","og_type":"article","og_title":"Docapesca abre concurso para sinaliza\u00e7\u00e3o do estado da barra e avisos de temporal em Quarteira - Algarve 7","og_description":"Docapesca abre concurso para sinaliza\u00e7\u00e3o do estado da barra e avisos de temporal em Quarteira","og_url":"https:\/\/algarve7.pt\/index.php\/2020\/09\/docapesca-abre-concurso-para-sinalizacao-do-estado-da-barra-e-avisos-de-temporal-em-quarteira\/economia\/08\/01\/","og_site_name":"Algarve 7","article_publisher":"https:\/\/www.facebook.com\/algarve7","article_author":"https:\/\/www.facebook.com\/algarve7","article_published_time":"2020-09-21T07:01:18+00:00","article_modified_time":"2020-09-21T07:01:19+00:00","og_image":[{"width":973,"height":768,"url":"https:\/\/algarve7.pt\/wp-content\/uploads\/2020\/09\/Porto-de-pesca-de-Quarteira-1.jpg","type":"image\/jpeg"}],"author":"Algarve 7","twitter_card":"summary_large_image","twitter_creator":"@Algarvesete","twitter_site":"@Algarvesete","twitter_misc":{"Escrito por":"Algarve 7","Tempo estimado de leitura":"1 minuto"},"schema":{"@context":"https:\/\/schema.org","@graph":[{"@type":"Article","@id":"https:\/\/algarve7.pt\/index.php\/2020\/09\/docapesca-abre-concurso-para-sinalizacao-do-estado-da-barra-e-avisos-de-temporal-em-quarteira\/economia\/08\/01\/#article","isPartOf":{"@id":"https:\/\/algarve7.pt\/index.php\/2020\/09\/docapesca-abre-concurso-para-sinalizacao-do-estado-da-barra-e-avisos-de-temporal-em-quarteira\/economia\/08\/01\/"},"author":{"name":"Algarve 7","@id":"https:\/\/algarve7.pt\/#\/schema\/person\/23fa70681308e7b319a3204bcea45e0c"},"headline":"Docapesca abre concurso para sinaliza\u00e7\u00e3o do estado da barra e avisos de temporal em Quarteira","datePublished":"2020-09-21T07:01:18+00:00","dateModified":"2020-09-21T07:01:19+00:00","mainEntityOfPage":{"@id":"https:\/\/algarve7.pt\/index.php\/2020\/09\/docapesca-abre-concurso-para-sinalizacao-do-estado-da-barra-e-avisos-de-temporal-em-quarteira\/economia\/08\/01\/"},"wordCount":282,"publisher":{"@id":"https:\/\/algarve7.pt\/#organization"},"image":{"@id":"https:\/\/algarve7.pt\/index.php\/2020\/09\/docapesca-abre-concurso-para-sinalizacao-do-estado-da-barra-e-avisos-de-temporal-em-quarteira\/economia\/08\/01\/#primaryimage"},"thumbnailUrl":"https:\/\/algarve7.pt\/wp-content\/uploads\/2020\/09\/Porto-de-pesca-de-Quarteira-1.jpg","articleSection":["Economia"],"inLanguage":"pt-PT"},{"@type":"WebPage","@id":"https:\/\/algarve7.pt\/index.php\/2020\/09\/docapesca-abre-concurso-para-sinalizacao-do-estado-da-barra-e-avisos-de-temporal-em-quarteira\/economia\/08\/01\/","url":"https:\/\/algarve7.pt\/index.php\/2020\/09\/docapesca-abre-concurso-para-sinalizacao-do-estado-da-barra-e-avisos-de-temporal-em-quarteira\/economia\/08\/01\/","name":"Docapesca abre concurso para sinaliza\u00e7\u00e3o do estado da barra e avisos de temporal em Quarteira - Algarve 7","isPartOf":{"@id":"https:\/\/algarve7.pt\/#website"},"primaryImageOfPage":{"@id":"https:\/\/algarve7.pt\/index.php\/2020\/09\/docapesca-abre-concurso-para-sinalizacao-do-estado-da-barra-e-avisos-de-temporal-em-quarteira\/economia\/08\/01\/#primaryimage"},"image":{"@id":"https:\/\/algarve7.pt\/index.php\/2020\/09\/docapesca-abre-concurso-para-sinalizacao-do-estado-da-barra-e-avisos-de-temporal-em-quarteira\/economia\/08\/01\/#primaryimage"},"thumbnailUrl":"https:\/\/algarve7.pt\/wp-content\/uploads\/2020\/09\/Porto-de-pesca-de-Quarteira-1.jpg","datePublished":"2020-09-21T07:01:18+00:00","dateModified":"2020-09-21T07:01:19+00:00","description":"Docapesca abre concurso para sinaliza\u00e7\u00e3o do estado da barra e avisos de temporal em Quarteira","breadcrumb":{"@id":"https:\/\/algarve7.pt\/index.php\/2020\/09\/docapesca-abre-concurso-para-sinalizacao-do-estado-da-barra-e-avisos-de-temporal-em-quarteira\/economia\/08\/01\/#breadcrumb"},"inLanguage":"pt-PT","potentialAction":[{"@type":"ReadAction","target":["https:\/\/algarve7.pt\/index.php\/2020\/09\/docapesca-abre-concurso-para-sinalizacao-do-estado-da-barra-e-avisos-de-temporal-em-quarteira\/economia\/08\/01\/"]}]},{"@type":"ImageObject","inLanguage":"pt-PT","@id":"https:\/\/algarve7.pt\/index.php\/2020\/09\/docapesca-abre-concurso-para-sinalizacao-do-estado-da-barra-e-avisos-de-temporal-em-quarteira\/economia\/08\/01\/#primaryimage","url":"https:\/\/algarve7.pt\/wp-content\/uploads\/2020\/09\/Porto-de-pesca-de-Quarteira-1.jpg","contentUrl":"https:\/\/algarve7.pt\/wp-content\/uploads\/2020\/09\/Porto-de-pesca-de-Quarteira-1.jpg","width":973,"height":768,"caption":"DCIM100MEDIADJI_0019.JPG"},{"@type":"BreadcrumbList","@id":"https:\/\/algarve7.pt\/index.php\/2020\/09\/docapesca-abre-concurso-para-sinalizacao-do-estado-da-barra-e-avisos-de-temporal-em-quarteira\/economia\/08\/01\/#breadcrumb","itemListElement":[{"@type":"ListItem","position":1,"name":"In\u00edcio","item":"https:\/\/algarve7.pt\/"},{"@type":"ListItem","position":2,"name":"Docapesca abre concurso para sinaliza\u00e7\u00e3o do estado da barra e avisos de temporal em Quarteira"}]},{"@type":"WebSite","@id":"https:\/\/algarve7.pt\/#website","url":"https:\/\/algarve7.pt\/","name":"Algarve 7","description":"Informa\u00e7\u00e3o sobre o Algarve","publisher":{"@id":"https:\/\/algarve7.pt\/#organization"},"potentialAction":[{"@type":"SearchAction","target":{"@type":"EntryPoint","urlTemplate":"https:\/\/algarve7.pt\/?s={search_term_string}"},"query-input":{"@type":"PropertyValueSpecification","valueRequired":true,"valueName":"search_term_string"}}],"inLanguage":"pt-PT"},{"@type":"Organization","@id":"https:\/\/algarve7.pt\/#organization","name":"Algarve 7","url":"https:\/\/algarve7.pt\/","logo":{"@type":"ImageObject","inLanguage":"pt-PT","@id":"https:\/\/algarve7.pt\/#\/schema\/logo\/image\/","url":"https:\/\/algarve7.pt\/wp-content\/uploads\/2020\/10\/Logo-8.jpg","contentUrl":"https:\/\/algarve7.pt\/wp-content\/uploads\/2020\/10\/Logo-8.jpg","width":1680,"height":1186,"caption":"Algarve 7"},"image":{"@id":"https:\/\/algarve7.pt\/#\/schema\/logo\/image\/"},"sameAs":["https:\/\/www.facebook.com\/algarve7","https:\/\/x.com\/Algarvesete","https:\/\/www.instagram.com\/jornalalgarve7\/","https:\/\/www.linkedin.com\/company\/algarve7","https:\/\/www.pinterest.pt\/geral0939\/_created\/"]},{"@type":"Person","@id":"https:\/\/algarve7.pt\/#\/schema\/person\/23fa70681308e7b319a3204bcea45e0c","name":"Algarve 7","sameAs":["https:\/\/algarve7.pt","https:\/\/www.facebook.com\/algarve7"],"url":"https:\/\/algarve7.pt\/index.php\/author\/geralalgarve7-pt\/"}]}},"jetpack_publicize_connections":[],"jetpack_featured_media_url":"https:\/\/algarve7.pt\/wp-content\/uploads\/2020\/09\/Porto-de-pesca-de-Quarteira-1.jpg","jetpack_shortlink":"https:\/\/wp.me\/pcezmW-pZ","jetpack_sharing_enabled":true,"_links":{"self":[{"href":"https:\/\/algarve7.pt\/index.php\/wp-json\/wp\/v2\/posts\/1611","targetHints":{"allow":["GET"]}}],"collection":[{"href":"https:\/\/algarve7.pt\/index.php\/wp-json\/wp\/v2\/posts"}],"about":[{"href":"https:\/\/algarve7.pt\/index.php\/wp-json\/wp\/v2\/types\/post"}],"author":[{"embeddable":true,"href":"https:\/\/algarve7.pt\/index.php\/wp-json\/wp\/v2\/users\/1"}],"replies":[{"embeddable":true,"href":"https:\/\/algarve7.pt\/index.php\/wp-json\/wp\/v2\/comments?post=1611"}],"version-history":[{"count":0,"href":"https:\/\/algarve7.pt\/index.php\/wp-json\/wp\/v2\/posts\/1611\/revisions"}],"wp:featuredmedia":[{"embeddable":true,"href":"https:\/\/algarve7.pt\/index.php\/wp-json\/wp\/v2\/media\/1612"}],"wp:attachment":[{"href":"https:\/\/algarve7.pt\/index.php\/wp-json\/wp\/v2\/media?parent=1611"}],"wp:term":[{"taxonomy":"category","embeddable":true,"href":"https:\/\/algarve7.pt\/index.php\/wp-json\/wp\/v2\/categories?post=1611"},{"taxonomy":"post_tag","embeddable":true,"href":"https:\/\/algarve7.pt\/index.php\/wp-json\/wp\/v2\/tags?post=1611"}],"curies":[{"name":"wp","href":"https:\/\/api.w.org\/{rel}","templated":true}]}}