{"id":16075,"date":"2022-03-01T16:13:49","date_gmt":"2022-03-01T16:13:49","guid":{"rendered":"https:\/\/algarve7.pt\/?p=16075"},"modified":"2022-03-01T16:13:50","modified_gmt":"2022-03-01T16:13:50","slug":"48o-torneio-de-vela-do-carnaval-com-centenas-de-velejadores-em-vilamoura","status":"publish","type":"post","link":"https:\/\/algarve7.pt\/index.php\/2022\/03\/48o-torneio-de-vela-do-carnaval-com-centenas-de-velejadores-em-vilamoura\/desporto\/16\/13\/","title":{"rendered":"48\u00ba Torneio de Vela do Carnaval com centenas de velejadores em Vilamoura"},"content":{"rendered":"\n<p>O Torneio Internacional de Vela do Carnaval, que decorreu em Vilamoura entre os dias 26, 27 e 28 de fevereiro de 2022, \u00e9 j\u00e1 um cl\u00e1ssico na vela ligeira.<\/p>\n\n\n\n<p>Organizado pelo CIMAV (Clube Internacional da Marina de Vilamoura) \u00e9 a maior prova do g\u00e9nero em Portugal e atrai atletas nacionais e de v\u00e1rios pa\u00edses europeus.<\/p>\n\n\n\n<p>Com a competi\u00e7\u00e3o dividida por tr\u00eas campos de regatas, as centenas de velejadores que participaram no 48\u00ba Torneio Internacional do Carnaval, competiram nas classes Optimist (iniciados, infantis e juvenis), ILCA (4, 6 e 7), 420, Snipe e Dart 18.<\/p>\n\n\n\n<p>No primeiro dia de competi\u00e7\u00e3o, a aus\u00eancia de vento n\u00e3o permitiu a realiza\u00e7\u00e3o de regatas, mas no domingo (2\u00ba dia), as condi\u00e7\u00f5es possibilitaram que se realizassem as regatas previstas nas v\u00e1rias classes.<\/p>\n\n\n\n<p>A segunda-feira, \u00faltimo dia de competi\u00e7\u00e3o, com o vento a soprar do quadrante Este, entre os 12 e os 14 n\u00f3s, revelou-se um dia excecional para a pr\u00e1tica da vela.<\/p>\n\n\n\n<p>Em Optimist (juvenis) o dom\u00ednio foi espanhol, com os velejadores do pa\u00eds vizinhos nos 10 primeiros lugares e Sergio Mancera a vencer. Nos infantis, a vit\u00f3ria foi portuguesa, com o primeiro lugar de Louren\u00e7o Teixeira. Nos iniciados saiu vitoriosa a portuguesa Maria Fraz\u00e3o.<\/p>\n\n\n\n<p>Em ILCA 4 os belgas ocuparam os tr\u00eas lugares do p\u00f3dio, com Hannelien Borghijs a vencer. Em ILCA 6 a vit\u00f3ria ficou em casa, com o primeiro lugar de Jo\u00e3o Pontes. Sebastian Keeping venceu em ILCA 7, igualmente por Portugal.<\/p>\n\n\n\n<p>Em 420 a vit\u00f3ria foi espanhola com a dupla Sebastian Beckmann e Miguel Carbo a levarem a melhor ao resto da frota.<\/p>\n\n\n\n<p>Na classe Snipe, Portugal venceu com a dupla Henrique Brites e Francisco Maia. Em Dart 18 os atletas nacionais voltaram a dar nas vistas, com a vit\u00f3ria de Nuno Rocha e Marta Gir\u00e3o.<\/p>\n\n\n\n<p>Para Isolete Correia, presidente do CIMAV, \u201c\u00e9 um orgulho estar de novo a organizar este torneio e com tantos participantes. O CIMAV \u00e9 important\u00edssimo para a regi\u00e3o e para a atividade n\u00e1utica. Este clube nasceu praticamente em simult\u00e2neo com a Marina de Vilamoura. Esperamos que o clube continue a crescer com o deporto escolar que inici\u00e1mos o ano passado\u201d.<\/p>\n\n\n\n<p>Os campos de regatas, montados muito perto da costa, permitiram a quem aproveita o sol algarvio por esta altura, disfrutar do espet\u00e1culo que se viveu na \u00e1gua.<\/p>\n\n\n\n<p>O Torneio Internacional de Vela do Carnaval \u00e9 n\u00e3o s\u00f3 um atrativo para os atletas como um espet\u00e1culo ao ar livre, aproveitado pelos turistas que j\u00e1 procuram o destino Algarve.<\/p>\n\n\n\n<p>0 48\u00aa Torneio Internacional de Vela do Carnaval contou com os patroc\u00ednios da C\u00e2mara Municipal de Loul\u00e9, Junta de Freguesia de Quarteira, Inframoura, Vilamoura World, Marina de Vilamoura, Turismo do Algarve, Federa\u00e7\u00e3o Portuguesa de Vela, ARVSul, Dom Pedro Hotels (hotel Oficial da Prova), Companhia N\u00e1utica, Prow e Vilamoura Sailing.<\/p>\n\n\n\n<p>Desde 1997 que esta prova faz parte do Calend\u00e1rio Internacional da World Sailing, Federa\u00e7\u00e3o Internacional de Vela.<\/p>\n\n\n\n<p>A organiza\u00e7\u00e3o do Torneio \u00e9 da responsabilidade do CIMAV &#8211; Clube Internacional da Marina de Vilamoura, desde a sua funda\u00e7\u00e3o em 1975 e realiza-se todos os anos durante o carnaval, ocupando os tr\u00eas dias correspondentes a s\u00e1bado, domingo e segunda-feira.&nbsp;<\/p>\n","protected":false},"excerpt":{"rendered":"<p>O Torneio Internacional de Vela do Carnaval, que decorreu em Vilamoura entre os dias 26, 27 e 28 de fevereiro<\/p>\n","protected":false},"author":1,"featured_media":16076,"comment_status":"closed","ping_status":"open","sticky":false,"template":"","format":"standard","meta":{"colormag_page_container_layout":"default_layout","colormag_page_sidebar_layout":"default_layout","_monsterinsights_skip_tracking":false,"_monsterinsights_sitenote_active":false,"_monsterinsights_sitenote_note":"","_monsterinsights_sitenote_category":0,"jetpack_post_was_ever_published":false,"_jetpack_newsletter_access":"","_jetpack_dont_email_post_to_subs":false,"_jetpack_newsletter_tier_id":0,"_jetpack_memberships_contains_paywalled_content":false,"_jetpack_memberships_contains_paid_content":false,"footnotes":"","jetpack_publicize_message":"","jetpack_publicize_feature_enabled":true,"jetpack_social_post_already_shared":false,"jetpack_social_options":{"image_generator_settings":{"template":"highway","default_image_id":0,"font":"","enabled":false},"version":2}},"categories":[15],"tags":[36,596,40,105,121],"class_list":["post-16075","post","type-post","status-publish","format-standard","has-post-thumbnail","hentry","category-desporto","tag-algarve","tag-cimav","tag-desporto","tag-vela","tag-vilamoura"],"yoast_head":"<!-- This site is optimized with the Yoast SEO plugin v27.5 - https:\/\/yoast.com\/product\/yoast-seo-wordpress\/ -->\n<title>48\u00ba Torneio de Vela do Carnaval com centenas de velejadores em Vilamoura - Algarve 7<\/title>\n<meta name=\"description\" content=\"48\u00ba Torneio de Vela do Carnaval com centenas de velejadores em Vilamoura Desporto\" \/>\n<meta name=\"robots\" content=\"index, follow, max-snippet:-1, max-image-preview:large, max-video-preview:-1\" \/>\n<link rel=\"canonical\" href=\"https:\/\/algarve7.pt\/index.php\/2022\/03\/48o-torneio-de-vela-do-carnaval-com-centenas-de-velejadores-em-vilamoura\/desporto\/16\/13\/\" \/>\n<meta property=\"og:locale\" content=\"pt_PT\" \/>\n<meta property=\"og:type\" content=\"article\" \/>\n<meta property=\"og:title\" content=\"48\u00ba Torneio de Vela do Carnaval com centenas de velejadores em Vilamoura - Algarve 7\" \/>\n<meta property=\"og:description\" content=\"48\u00ba Torneio de Vela do Carnaval com centenas de velejadores em Vilamoura Desporto\" \/>\n<meta property=\"og:url\" content=\"https:\/\/algarve7.pt\/index.php\/2022\/03\/48o-torneio-de-vela-do-carnaval-com-centenas-de-velejadores-em-vilamoura\/desporto\/16\/13\/\" \/>\n<meta property=\"og:site_name\" content=\"Algarve 7\" \/>\n<meta property=\"article:publisher\" content=\"https:\/\/www.facebook.com\/algarve7\" \/>\n<meta property=\"article:author\" content=\"https:\/\/www.facebook.com\/algarve7\" \/>\n<meta property=\"article:published_time\" content=\"2022-03-01T16:13:49+00:00\" \/>\n<meta property=\"article:modified_time\" content=\"2022-03-01T16:13:50+00:00\" \/>\n<meta property=\"og:image\" content=\"https:\/\/algarve7.pt\/wp-content\/uploads\/2022\/03\/CIMAV-3.jpg\" \/>\n\t<meta property=\"og:image:width\" content=\"1200\" \/>\n\t<meta property=\"og:image:height\" content=\"726\" \/>\n\t<meta property=\"og:image:type\" content=\"image\/jpeg\" \/>\n<meta name=\"author\" content=\"Algarve 7\" \/>\n<meta name=\"twitter:card\" content=\"summary_large_image\" \/>\n<meta name=\"twitter:creator\" content=\"@Algarvesete\" \/>\n<meta name=\"twitter:site\" content=\"@Algarvesete\" \/>\n<meta name=\"twitter:label1\" content=\"Escrito por\" \/>\n\t<meta name=\"twitter:data1\" content=\"Algarve 7\" \/>\n\t<meta name=\"twitter:label2\" content=\"Tempo estimado de leitura\" \/>\n\t<meta name=\"twitter:data2\" content=\"3 minutos\" \/>\n<script type=\"application\/ld+json\" class=\"yoast-schema-graph\">{\"@context\":\"https:\\\/\\\/schema.org\",\"@graph\":[{\"@type\":\"Article\",\"@id\":\"https:\\\/\\\/algarve7.pt\\\/index.php\\\/2022\\\/03\\\/48o-torneio-de-vela-do-carnaval-com-centenas-de-velejadores-em-vilamoura\\\/desporto\\\/16\\\/13\\\/#article\",\"isPartOf\":{\"@id\":\"https:\\\/\\\/algarve7.pt\\\/index.php\\\/2022\\\/03\\\/48o-torneio-de-vela-do-carnaval-com-centenas-de-velejadores-em-vilamoura\\\/desporto\\\/16\\\/13\\\/\"},\"author\":{\"name\":\"Algarve 7\",\"@id\":\"https:\\\/\\\/algarve7.pt\\\/#\\\/schema\\\/person\\\/23fa70681308e7b319a3204bcea45e0c\"},\"headline\":\"48\u00ba Torneio de Vela do Carnaval com centenas de velejadores em Vilamoura\",\"datePublished\":\"2022-03-01T16:13:49+00:00\",\"dateModified\":\"2022-03-01T16:13:50+00:00\",\"mainEntityOfPage\":{\"@id\":\"https:\\\/\\\/algarve7.pt\\\/index.php\\\/2022\\\/03\\\/48o-torneio-de-vela-do-carnaval-com-centenas-de-velejadores-em-vilamoura\\\/desporto\\\/16\\\/13\\\/\"},\"wordCount\":544,\"publisher\":{\"@id\":\"https:\\\/\\\/algarve7.pt\\\/#organization\"},\"image\":{\"@id\":\"https:\\\/\\\/algarve7.pt\\\/index.php\\\/2022\\\/03\\\/48o-torneio-de-vela-do-carnaval-com-centenas-de-velejadores-em-vilamoura\\\/desporto\\\/16\\\/13\\\/#primaryimage\"},\"thumbnailUrl\":\"https:\\\/\\\/algarve7.pt\\\/wp-content\\\/uploads\\\/2022\\\/03\\\/CIMAV-3.jpg\",\"keywords\":[\"Algarve\",\"Cimav\",\"Desporto\",\"Vela\",\"Vilamoura\"],\"articleSection\":[\"Desporto\"],\"inLanguage\":\"pt-PT\"},{\"@type\":\"WebPage\",\"@id\":\"https:\\\/\\\/algarve7.pt\\\/index.php\\\/2022\\\/03\\\/48o-torneio-de-vela-do-carnaval-com-centenas-de-velejadores-em-vilamoura\\\/desporto\\\/16\\\/13\\\/\",\"url\":\"https:\\\/\\\/algarve7.pt\\\/index.php\\\/2022\\\/03\\\/48o-torneio-de-vela-do-carnaval-com-centenas-de-velejadores-em-vilamoura\\\/desporto\\\/16\\\/13\\\/\",\"name\":\"48\u00ba Torneio de Vela do Carnaval com centenas de velejadores em Vilamoura - Algarve 7\",\"isPartOf\":{\"@id\":\"https:\\\/\\\/algarve7.pt\\\/#website\"},\"primaryImageOfPage\":{\"@id\":\"https:\\\/\\\/algarve7.pt\\\/index.php\\\/2022\\\/03\\\/48o-torneio-de-vela-do-carnaval-com-centenas-de-velejadores-em-vilamoura\\\/desporto\\\/16\\\/13\\\/#primaryimage\"},\"image\":{\"@id\":\"https:\\\/\\\/algarve7.pt\\\/index.php\\\/2022\\\/03\\\/48o-torneio-de-vela-do-carnaval-com-centenas-de-velejadores-em-vilamoura\\\/desporto\\\/16\\\/13\\\/#primaryimage\"},\"thumbnailUrl\":\"https:\\\/\\\/algarve7.pt\\\/wp-content\\\/uploads\\\/2022\\\/03\\\/CIMAV-3.jpg\",\"datePublished\":\"2022-03-01T16:13:49+00:00\",\"dateModified\":\"2022-03-01T16:13:50+00:00\",\"description\":\"48\u00ba Torneio de Vela do Carnaval com centenas de velejadores em Vilamoura Desporto\",\"breadcrumb\":{\"@id\":\"https:\\\/\\\/algarve7.pt\\\/index.php\\\/2022\\\/03\\\/48o-torneio-de-vela-do-carnaval-com-centenas-de-velejadores-em-vilamoura\\\/desporto\\\/16\\\/13\\\/#breadcrumb\"},\"inLanguage\":\"pt-PT\",\"potentialAction\":[{\"@type\":\"ReadAction\",\"target\":[\"https:\\\/\\\/algarve7.pt\\\/index.php\\\/2022\\\/03\\\/48o-torneio-de-vela-do-carnaval-com-centenas-de-velejadores-em-vilamoura\\\/desporto\\\/16\\\/13\\\/\"]}]},{\"@type\":\"ImageObject\",\"inLanguage\":\"pt-PT\",\"@id\":\"https:\\\/\\\/algarve7.pt\\\/index.php\\\/2022\\\/03\\\/48o-torneio-de-vela-do-carnaval-com-centenas-de-velejadores-em-vilamoura\\\/desporto\\\/16\\\/13\\\/#primaryimage\",\"url\":\"https:\\\/\\\/algarve7.pt\\\/wp-content\\\/uploads\\\/2022\\\/03\\\/CIMAV-3.jpg\",\"contentUrl\":\"https:\\\/\\\/algarve7.pt\\\/wp-content\\\/uploads\\\/2022\\\/03\\\/CIMAV-3.jpg\",\"width\":1200,\"height\":726},{\"@type\":\"BreadcrumbList\",\"@id\":\"https:\\\/\\\/algarve7.pt\\\/index.php\\\/2022\\\/03\\\/48o-torneio-de-vela-do-carnaval-com-centenas-de-velejadores-em-vilamoura\\\/desporto\\\/16\\\/13\\\/#breadcrumb\",\"itemListElement\":[{\"@type\":\"ListItem\",\"position\":1,\"name\":\"In\u00edcio\",\"item\":\"https:\\\/\\\/algarve7.pt\\\/\"},{\"@type\":\"ListItem\",\"position\":2,\"name\":\"48\u00ba Torneio de Vela do Carnaval com centenas de velejadores em Vilamoura\"}]},{\"@type\":\"WebSite\",\"@id\":\"https:\\\/\\\/algarve7.pt\\\/#website\",\"url\":\"https:\\\/\\\/algarve7.pt\\\/\",\"name\":\"Algarve 7\",\"description\":\"Informa\u00e7\u00e3o sobre o Algarve\",\"publisher\":{\"@id\":\"https:\\\/\\\/algarve7.pt\\\/#organization\"},\"potentialAction\":[{\"@type\":\"SearchAction\",\"target\":{\"@type\":\"EntryPoint\",\"urlTemplate\":\"https:\\\/\\\/algarve7.pt\\\/?s={search_term_string}\"},\"query-input\":{\"@type\":\"PropertyValueSpecification\",\"valueRequired\":true,\"valueName\":\"search_term_string\"}}],\"inLanguage\":\"pt-PT\"},{\"@type\":\"Organization\",\"@id\":\"https:\\\/\\\/algarve7.pt\\\/#organization\",\"name\":\"Algarve 7\",\"url\":\"https:\\\/\\\/algarve7.pt\\\/\",\"logo\":{\"@type\":\"ImageObject\",\"inLanguage\":\"pt-PT\",\"@id\":\"https:\\\/\\\/algarve7.pt\\\/#\\\/schema\\\/logo\\\/image\\\/\",\"url\":\"https:\\\/\\\/algarve7.pt\\\/wp-content\\\/uploads\\\/2020\\\/10\\\/Logo-8.jpg\",\"contentUrl\":\"https:\\\/\\\/algarve7.pt\\\/wp-content\\\/uploads\\\/2020\\\/10\\\/Logo-8.jpg\",\"width\":1680,\"height\":1186,\"caption\":\"Algarve 7\"},\"image\":{\"@id\":\"https:\\\/\\\/algarve7.pt\\\/#\\\/schema\\\/logo\\\/image\\\/\"},\"sameAs\":[\"https:\\\/\\\/www.facebook.com\\\/algarve7\",\"https:\\\/\\\/x.com\\\/Algarvesete\",\"https:\\\/\\\/www.instagram.com\\\/jornalalgarve7\\\/\",\"https:\\\/\\\/www.linkedin.com\\\/company\\\/algarve7\",\"https:\\\/\\\/www.pinterest.pt\\\/geral0939\\\/_created\\\/\"]},{\"@type\":\"Person\",\"@id\":\"https:\\\/\\\/algarve7.pt\\\/#\\\/schema\\\/person\\\/23fa70681308e7b319a3204bcea45e0c\",\"name\":\"Algarve 7\",\"sameAs\":[\"https:\\\/\\\/algarve7.pt\",\"https:\\\/\\\/www.facebook.com\\\/algarve7\"],\"url\":\"https:\\\/\\\/algarve7.pt\\\/index.php\\\/author\\\/geralalgarve7-pt\\\/\"}]}<\/script>\n<!-- \/ Yoast SEO plugin. -->","yoast_head_json":{"title":"48\u00ba Torneio de Vela do Carnaval com centenas de velejadores em Vilamoura - Algarve 7","description":"48\u00ba Torneio de Vela do Carnaval com centenas de velejadores em Vilamoura Desporto","robots":{"index":"index","follow":"follow","max-snippet":"max-snippet:-1","max-image-preview":"max-image-preview:large","max-video-preview":"max-video-preview:-1"},"canonical":"https:\/\/algarve7.pt\/index.php\/2022\/03\/48o-torneio-de-vela-do-carnaval-com-centenas-de-velejadores-em-vilamoura\/desporto\/16\/13\/","og_locale":"pt_PT","og_type":"article","og_title":"48\u00ba Torneio de Vela do Carnaval com centenas de velejadores em Vilamoura - Algarve 7","og_description":"48\u00ba Torneio de Vela do Carnaval com centenas de velejadores em Vilamoura Desporto","og_url":"https:\/\/algarve7.pt\/index.php\/2022\/03\/48o-torneio-de-vela-do-carnaval-com-centenas-de-velejadores-em-vilamoura\/desporto\/16\/13\/","og_site_name":"Algarve 7","article_publisher":"https:\/\/www.facebook.com\/algarve7","article_author":"https:\/\/www.facebook.com\/algarve7","article_published_time":"2022-03-01T16:13:49+00:00","article_modified_time":"2022-03-01T16:13:50+00:00","og_image":[{"width":1200,"height":726,"url":"https:\/\/algarve7.pt\/wp-content\/uploads\/2022\/03\/CIMAV-3.jpg","type":"image\/jpeg"}],"author":"Algarve 7","twitter_card":"summary_large_image","twitter_creator":"@Algarvesete","twitter_site":"@Algarvesete","twitter_misc":{"Escrito por":"Algarve 7","Tempo estimado de leitura":"3 minutos"},"schema":{"@context":"https:\/\/schema.org","@graph":[{"@type":"Article","@id":"https:\/\/algarve7.pt\/index.php\/2022\/03\/48o-torneio-de-vela-do-carnaval-com-centenas-de-velejadores-em-vilamoura\/desporto\/16\/13\/#article","isPartOf":{"@id":"https:\/\/algarve7.pt\/index.php\/2022\/03\/48o-torneio-de-vela-do-carnaval-com-centenas-de-velejadores-em-vilamoura\/desporto\/16\/13\/"},"author":{"name":"Algarve 7","@id":"https:\/\/algarve7.pt\/#\/schema\/person\/23fa70681308e7b319a3204bcea45e0c"},"headline":"48\u00ba Torneio de Vela do Carnaval com centenas de velejadores em Vilamoura","datePublished":"2022-03-01T16:13:49+00:00","dateModified":"2022-03-01T16:13:50+00:00","mainEntityOfPage":{"@id":"https:\/\/algarve7.pt\/index.php\/2022\/03\/48o-torneio-de-vela-do-carnaval-com-centenas-de-velejadores-em-vilamoura\/desporto\/16\/13\/"},"wordCount":544,"publisher":{"@id":"https:\/\/algarve7.pt\/#organization"},"image":{"@id":"https:\/\/algarve7.pt\/index.php\/2022\/03\/48o-torneio-de-vela-do-carnaval-com-centenas-de-velejadores-em-vilamoura\/desporto\/16\/13\/#primaryimage"},"thumbnailUrl":"https:\/\/algarve7.pt\/wp-content\/uploads\/2022\/03\/CIMAV-3.jpg","keywords":["Algarve","Cimav","Desporto","Vela","Vilamoura"],"articleSection":["Desporto"],"inLanguage":"pt-PT"},{"@type":"WebPage","@id":"https:\/\/algarve7.pt\/index.php\/2022\/03\/48o-torneio-de-vela-do-carnaval-com-centenas-de-velejadores-em-vilamoura\/desporto\/16\/13\/","url":"https:\/\/algarve7.pt\/index.php\/2022\/03\/48o-torneio-de-vela-do-carnaval-com-centenas-de-velejadores-em-vilamoura\/desporto\/16\/13\/","name":"48\u00ba Torneio de Vela do Carnaval com centenas de velejadores em Vilamoura - Algarve 7","isPartOf":{"@id":"https:\/\/algarve7.pt\/#website"},"primaryImageOfPage":{"@id":"https:\/\/algarve7.pt\/index.php\/2022\/03\/48o-torneio-de-vela-do-carnaval-com-centenas-de-velejadores-em-vilamoura\/desporto\/16\/13\/#primaryimage"},"image":{"@id":"https:\/\/algarve7.pt\/index.php\/2022\/03\/48o-torneio-de-vela-do-carnaval-com-centenas-de-velejadores-em-vilamoura\/desporto\/16\/13\/#primaryimage"},"thumbnailUrl":"https:\/\/algarve7.pt\/wp-content\/uploads\/2022\/03\/CIMAV-3.jpg","datePublished":"2022-03-01T16:13:49+00:00","dateModified":"2022-03-01T16:13:50+00:00","description":"48\u00ba Torneio de Vela do Carnaval com centenas de velejadores em Vilamoura Desporto","breadcrumb":{"@id":"https:\/\/algarve7.pt\/index.php\/2022\/03\/48o-torneio-de-vela-do-carnaval-com-centenas-de-velejadores-em-vilamoura\/desporto\/16\/13\/#breadcrumb"},"inLanguage":"pt-PT","potentialAction":[{"@type":"ReadAction","target":["https:\/\/algarve7.pt\/index.php\/2022\/03\/48o-torneio-de-vela-do-carnaval-com-centenas-de-velejadores-em-vilamoura\/desporto\/16\/13\/"]}]},{"@type":"ImageObject","inLanguage":"pt-PT","@id":"https:\/\/algarve7.pt\/index.php\/2022\/03\/48o-torneio-de-vela-do-carnaval-com-centenas-de-velejadores-em-vilamoura\/desporto\/16\/13\/#primaryimage","url":"https:\/\/algarve7.pt\/wp-content\/uploads\/2022\/03\/CIMAV-3.jpg","contentUrl":"https:\/\/algarve7.pt\/wp-content\/uploads\/2022\/03\/CIMAV-3.jpg","width":1200,"height":726},{"@type":"BreadcrumbList","@id":"https:\/\/algarve7.pt\/index.php\/2022\/03\/48o-torneio-de-vela-do-carnaval-com-centenas-de-velejadores-em-vilamoura\/desporto\/16\/13\/#breadcrumb","itemListElement":[{"@type":"ListItem","position":1,"name":"In\u00edcio","item":"https:\/\/algarve7.pt\/"},{"@type":"ListItem","position":2,"name":"48\u00ba Torneio de Vela do Carnaval com centenas de velejadores em Vilamoura"}]},{"@type":"WebSite","@id":"https:\/\/algarve7.pt\/#website","url":"https:\/\/algarve7.pt\/","name":"Algarve 7","description":"Informa\u00e7\u00e3o sobre o Algarve","publisher":{"@id":"https:\/\/algarve7.pt\/#organization"},"potentialAction":[{"@type":"SearchAction","target":{"@type":"EntryPoint","urlTemplate":"https:\/\/algarve7.pt\/?s={search_term_string}"},"query-input":{"@type":"PropertyValueSpecification","valueRequired":true,"valueName":"search_term_string"}}],"inLanguage":"pt-PT"},{"@type":"Organization","@id":"https:\/\/algarve7.pt\/#organization","name":"Algarve 7","url":"https:\/\/algarve7.pt\/","logo":{"@type":"ImageObject","inLanguage":"pt-PT","@id":"https:\/\/algarve7.pt\/#\/schema\/logo\/image\/","url":"https:\/\/algarve7.pt\/wp-content\/uploads\/2020\/10\/Logo-8.jpg","contentUrl":"https:\/\/algarve7.pt\/wp-content\/uploads\/2020\/10\/Logo-8.jpg","width":1680,"height":1186,"caption":"Algarve 7"},"image":{"@id":"https:\/\/algarve7.pt\/#\/schema\/logo\/image\/"},"sameAs":["https:\/\/www.facebook.com\/algarve7","https:\/\/x.com\/Algarvesete","https:\/\/www.instagram.com\/jornalalgarve7\/","https:\/\/www.linkedin.com\/company\/algarve7","https:\/\/www.pinterest.pt\/geral0939\/_created\/"]},{"@type":"Person","@id":"https:\/\/algarve7.pt\/#\/schema\/person\/23fa70681308e7b319a3204bcea45e0c","name":"Algarve 7","sameAs":["https:\/\/algarve7.pt","https:\/\/www.facebook.com\/algarve7"],"url":"https:\/\/algarve7.pt\/index.php\/author\/geralalgarve7-pt\/"}]}},"jetpack_publicize_connections":[],"jetpack_featured_media_url":"https:\/\/algarve7.pt\/wp-content\/uploads\/2022\/03\/CIMAV-3.jpg","jetpack_shortlink":"https:\/\/wp.me\/pcezmW-4bh","jetpack_sharing_enabled":true,"_links":{"self":[{"href":"https:\/\/algarve7.pt\/index.php\/wp-json\/wp\/v2\/posts\/16075","targetHints":{"allow":["GET"]}}],"collection":[{"href":"https:\/\/algarve7.pt\/index.php\/wp-json\/wp\/v2\/posts"}],"about":[{"href":"https:\/\/algarve7.pt\/index.php\/wp-json\/wp\/v2\/types\/post"}],"author":[{"embeddable":true,"href":"https:\/\/algarve7.pt\/index.php\/wp-json\/wp\/v2\/users\/1"}],"replies":[{"embeddable":true,"href":"https:\/\/algarve7.pt\/index.php\/wp-json\/wp\/v2\/comments?post=16075"}],"version-history":[{"count":0,"href":"https:\/\/algarve7.pt\/index.php\/wp-json\/wp\/v2\/posts\/16075\/revisions"}],"wp:featuredmedia":[{"embeddable":true,"href":"https:\/\/algarve7.pt\/index.php\/wp-json\/wp\/v2\/media\/16076"}],"wp:attachment":[{"href":"https:\/\/algarve7.pt\/index.php\/wp-json\/wp\/v2\/media?parent=16075"}],"wp:term":[{"taxonomy":"category","embeddable":true,"href":"https:\/\/algarve7.pt\/index.php\/wp-json\/wp\/v2\/categories?post=16075"},{"taxonomy":"post_tag","embeddable":true,"href":"https:\/\/algarve7.pt\/index.php\/wp-json\/wp\/v2\/tags?post=16075"}],"curies":[{"name":"wp","href":"https:\/\/api.w.org\/{rel}","templated":true}]}}