{"id":1605,"date":"2020-09-20T21:28:21","date_gmt":"2020-09-20T20:28:21","guid":{"rendered":"https:\/\/algarve7.pt\/?p=1605"},"modified":"2020-09-20T21:28:22","modified_gmt":"2020-09-20T20:28:22","slug":"mario-de-carvalho-recebe-em-loule-o-grande-premio-de-cronica-e-dispersos-literarios","status":"publish","type":"post","link":"https:\/\/algarve7.pt\/index.php\/2020\/09\/mario-de-carvalho-recebe-em-loule-o-grande-premio-de-cronica-e-dispersos-literarios\/cultura\/21\/28\/","title":{"rendered":"M\u00e1rio de Carvalho recebe em Loul\u00e9 o grande Pr\u00e9mio de cr\u00f3nica e dispersos liter\u00e1rios"},"content":{"rendered":"\n<p>O escritor M\u00e1rio de Carvalho esteve este s\u00e1bado em Loul\u00e9 para receber o&nbsp;Grande Pr\u00e9mio de Literatura &#8211; Cr\u00f3nica e Dispersos Liter\u00e1rios, promovido pela C\u00e2mara Municipal de Loul\u00e9 e a Associa\u00e7\u00e3o Portuguesa de Escritores, numa cerim\u00f3nia que decorreu na sala da Assembleia Municipal com lota\u00e7\u00e3o reduzida, devido \u00e0s regras de preven\u00e7\u00e3o da Covid-19.<\/p>\n\n\n\n<p>\u201cO que eu ouvi na barrica das ma\u00e7\u00e3s\u201d foi a obra distinguida nesta 5\u00aa edi\u00e7\u00e3o, na qual o autor manifesta a sua faceta de cronista. Trata-se de uma sele\u00e7\u00e3o das suas melhores cr\u00f3nicas publicadas nas d\u00e9cadas de oitenta e noventa do s\u00e9culo XX no&nbsp;<em>P\u00fablico<\/em>&nbsp;e no&nbsp;<em>Jornal de Letras<\/em><em>.<\/em><\/p>\n\n\n\n<p>Com o intuito de criar uma coer\u00eancia narrativa, o editor (Porto Editora) optou por agrupar as diferentes cr\u00f3nicas em 4 atos, representando as quatro facetas do escritor: o ficcionista, o cidad\u00e3o, o comunicador e o memorialista.&nbsp;Nas palavras de Francisco Belard, essas cr\u00f3nicas s\u00e3o \u201ctestemunhos de um largo campo de assuntos, abordagens, dimens\u00f5es e estilos, atrav\u00e9s de eras e lugares\u201d.&nbsp;<\/p>\n\n\n\n<p>Surpreendido com esta distin\u00e7\u00e3o, M\u00e1rio de Carvalho sublinhou neste momento de consagra\u00e7\u00e3o: \u201cEste pr\u00e9mio representou para mim um clar\u00e3o s\u00fabito de alegria e tamb\u00e9m de esperan\u00e7a por significar que valeu a pena enveredar um dia por estes caminhos\u201d. Um livro que retrata \u201ccoisas do dia-a-dia, dos jornais, calhandrices, relances do tempo que passa, o que se ia ouvindo aqui e al\u00e9m, como aquela jovem personagem que escutava os piratas, escondido na barrica das ma\u00e7\u00e3s do navio\u201d.&nbsp;<\/p>\n\n\n\n<p>Numa interven\u00e7\u00e3o em que abordou o seu trabalho desde que, em 1981, lan\u00e7ou o seu primeiro livro,&nbsp;\u201cContos da S\u00e9tima Esfera\u201d, M\u00e1rio de Carvalho falou tamb\u00e9m de uma importante refer\u00eancia na sua escrita, \u201cAnt\u00f3nio Aleixo, o genial improvisador, esse grande poeta popular que faz parte da minha forma\u00e7\u00e3o\u201d.<\/p>\n\n\n\n<p>Carlos Albino Guerreiro, na qualidade de porta-voz do j\u00fari que integrou ainda Jos\u00e9 C\u00e2ndido D\u2019Oliveira Martins e Paula Mendes Coelho, elencou as raz\u00f5es pelas quais foi decidida por unanimidade a atribui\u00e7\u00e3o do pr\u00e9mio a esta obra, de entre as mais de 30 a concurso. \u201cDesde logo pela qualidade das cr\u00f3nicas que a comp\u00f5em. Nelas, M\u00e1rio de Carvalho conjuga algumas das suas melhores qualidades como ficcionista, contista, cronista, mestre da ironia, um dos escritores que melhor domina o l\u00e9xico e a sem\u00e2ntica da l\u00edngua portuguesa, pensador atento da vida, da atualidade, da pol\u00edtica. Fomos sens\u00edveis \u00e0 sua mestria\u201d.<\/p>\n\n\n\n<p>Por seu turno, Jos\u00e9 Manuel Mendes, presidente da Associa\u00e7\u00e3o Portuguesa de Escritores, institui\u00e7\u00e3o cinquenten\u00e1ria parceira do Munic\u00edpio de Loul\u00e9 nesta iniciativa, sublinhou as qualidades do premiado. \u201cO pr\u00e9mio foi entregue a um grande escritor portugu\u00eas, um dos escritores maiores do nosso tempo. Autor que se renova de livro para livro, n\u00e3o apenas nos g\u00e9neros mas nos pr\u00f3prios procedimentos de escrita\u201d.<\/p>\n\n\n\n<p>Este respons\u00e1vel relembrou os objetivos desta iniciativa que passam pelo \u201creconhecimento do trabalho que \u00e9 feito a partir da Comunica\u00e7\u00e3o Social escrita ou mesmo at\u00e9 oral, por v\u00e1rios autores que t\u00eam na cr\u00f3nica, um g\u00e9nero com larga tradi\u00e7\u00e3o no nosso pa\u00eds desde tempos quase imemoriais e, nesse reconhecimento, afirmar tamb\u00e9m o incentivo para que as cr\u00f3nicas que andam dispersas pelos jornais e revistas possam ser reunidas em volume, retrabalhadas e republicadas\u201d. Neste \u00e2mbito salientou o facto deste ser j\u00e1 o \u201cGrande Pr\u00e9mio de refer\u00eancia \u00e0 escala do pa\u00eds\u201d no que toca ao g\u00e9nero cr\u00f3nica.<\/p>\n\n\n\n<p>Na mesma l\u00f3gica o autarca louletano, V\u00edtor Aleixo, garantiu que \u201co Pr\u00e9mio veio para ficar\u201d, destacando os \u201cgrandes nomes da Literatura Portuguesa\u201d que j\u00e1 o conquistaram: Jos\u00e9 Tolentino Mendon\u00e7a (2016),&nbsp;Rui Cardoso Martins (2017), M\u00e1rio Cl\u00e1udio (2018) e Pedro Mexia (2019).<\/p>\n\n\n\n<p>\u201cO of\u00edcio da escrita \u00e9 apreciado neste Munic\u00edpio, procura-se divulgar a beleza das constru\u00e7\u00f5es que a palavra permite. Acreditamos que a Cultura \u00e9 uma ferramenta que nos pode construir a todos n\u00f3s de uma forma muito mais humana\u201d, salientou o presidente de C\u00e2mara.<\/p>\n","protected":false},"excerpt":{"rendered":"<p>O escritor M\u00e1rio de Carvalho esteve este s\u00e1bado em Loul\u00e9 para receber o&nbsp;Grande Pr\u00e9mio de Literatura &#8211; Cr\u00f3nica e Dispersos<\/p>\n","protected":false},"author":1,"featured_media":1606,"comment_status":"closed","ping_status":"open","sticky":false,"template":"","format":"standard","meta":{"colormag_page_container_layout":"default_layout","colormag_page_sidebar_layout":"default_layout","_monsterinsights_skip_tracking":false,"_monsterinsights_sitenote_active":false,"_monsterinsights_sitenote_note":"","_monsterinsights_sitenote_category":0,"jetpack_post_was_ever_published":false,"_jetpack_newsletter_access":"","_jetpack_dont_email_post_to_subs":false,"_jetpack_newsletter_tier_id":0,"_jetpack_memberships_contains_paywalled_content":false,"_jetpack_memberships_contains_paid_content":false,"footnotes":"","jetpack_publicize_message":"","jetpack_publicize_feature_enabled":true,"jetpack_social_post_already_shared":true,"jetpack_social_options":{"image_generator_settings":{"template":"highway","default_image_id":0,"font":"","enabled":false},"version":2}},"categories":[14],"tags":[35,31,80],"class_list":["post-1605","post","type-post","status-publish","format-standard","has-post-thumbnail","hentry","category-cultura","tag-cultura","tag-loule","tag-premio"],"yoast_head":"<!-- This site is optimized with the Yoast SEO plugin v27.5 - https:\/\/yoast.com\/product\/yoast-seo-wordpress\/ -->\n<title>M\u00e1rio de Carvalho recebe em Loul\u00e9 o grande Pr\u00e9mio de cr\u00f3nica e dispersos liter\u00e1rios - Algarve 7<\/title>\n<meta name=\"description\" content=\"M\u00e1rio de Carvalho recebe em Loul\u00e9 o grande Pr\u00e9mio de cr\u00f3nica e dispersos liter\u00e1rios\" \/>\n<meta name=\"robots\" content=\"index, follow, max-snippet:-1, max-image-preview:large, max-video-preview:-1\" \/>\n<link rel=\"canonical\" href=\"https:\/\/algarve7.pt\/index.php\/2020\/09\/mario-de-carvalho-recebe-em-loule-o-grande-premio-de-cronica-e-dispersos-literarios\/cultura\/21\/28\/\" \/>\n<meta property=\"og:locale\" content=\"pt_PT\" \/>\n<meta property=\"og:type\" content=\"article\" \/>\n<meta property=\"og:title\" content=\"M\u00e1rio de Carvalho recebe em Loul\u00e9 o grande Pr\u00e9mio de cr\u00f3nica e dispersos liter\u00e1rios - Algarve 7\" \/>\n<meta property=\"og:description\" content=\"M\u00e1rio de Carvalho recebe em Loul\u00e9 o grande Pr\u00e9mio de cr\u00f3nica e dispersos liter\u00e1rios\" \/>\n<meta property=\"og:url\" content=\"https:\/\/algarve7.pt\/index.php\/2020\/09\/mario-de-carvalho-recebe-em-loule-o-grande-premio-de-cronica-e-dispersos-literarios\/cultura\/21\/28\/\" \/>\n<meta property=\"og:site_name\" content=\"Algarve 7\" \/>\n<meta property=\"article:publisher\" content=\"https:\/\/www.facebook.com\/algarve7\" \/>\n<meta property=\"article:author\" content=\"https:\/\/www.facebook.com\/algarve7\" \/>\n<meta property=\"article:published_time\" content=\"2020-09-20T20:28:21+00:00\" \/>\n<meta property=\"article:modified_time\" content=\"2020-09-20T20:28:22+00:00\" \/>\n<meta property=\"og:image\" content=\"https:\/\/algarve7.pt\/wp-content\/uploads\/2020\/09\/Entrega-Premio-Mario-de-Carv-alho-Loule-19-09-2020-44.jpg\" \/>\n\t<meta property=\"og:image:width\" content=\"1201\" \/>\n\t<meta property=\"og:image:height\" content=\"1800\" \/>\n\t<meta property=\"og:image:type\" content=\"image\/jpeg\" \/>\n<meta name=\"author\" content=\"Algarve 7\" \/>\n<meta name=\"twitter:card\" content=\"summary_large_image\" \/>\n<meta name=\"twitter:creator\" content=\"@Algarvesete\" \/>\n<meta name=\"twitter:site\" content=\"@Algarvesete\" \/>\n<meta name=\"twitter:label1\" content=\"Escrito por\" \/>\n\t<meta name=\"twitter:data1\" content=\"Algarve 7\" \/>\n\t<meta name=\"twitter:label2\" content=\"Tempo estimado de leitura\" \/>\n\t<meta name=\"twitter:data2\" content=\"4 minutos\" \/>\n<script type=\"application\/ld+json\" class=\"yoast-schema-graph\">{\"@context\":\"https:\\\/\\\/schema.org\",\"@graph\":[{\"@type\":\"Article\",\"@id\":\"https:\\\/\\\/algarve7.pt\\\/index.php\\\/2020\\\/09\\\/mario-de-carvalho-recebe-em-loule-o-grande-premio-de-cronica-e-dispersos-literarios\\\/cultura\\\/21\\\/28\\\/#article\",\"isPartOf\":{\"@id\":\"https:\\\/\\\/algarve7.pt\\\/index.php\\\/2020\\\/09\\\/mario-de-carvalho-recebe-em-loule-o-grande-premio-de-cronica-e-dispersos-literarios\\\/cultura\\\/21\\\/28\\\/\"},\"author\":{\"name\":\"Algarve 7\",\"@id\":\"https:\\\/\\\/algarve7.pt\\\/#\\\/schema\\\/person\\\/23fa70681308e7b319a3204bcea45e0c\"},\"headline\":\"M\u00e1rio de Carvalho recebe em Loul\u00e9 o grande Pr\u00e9mio de cr\u00f3nica e dispersos liter\u00e1rios\",\"datePublished\":\"2020-09-20T20:28:21+00:00\",\"dateModified\":\"2020-09-20T20:28:22+00:00\",\"mainEntityOfPage\":{\"@id\":\"https:\\\/\\\/algarve7.pt\\\/index.php\\\/2020\\\/09\\\/mario-de-carvalho-recebe-em-loule-o-grande-premio-de-cronica-e-dispersos-literarios\\\/cultura\\\/21\\\/28\\\/\"},\"wordCount\":727,\"publisher\":{\"@id\":\"https:\\\/\\\/algarve7.pt\\\/#organization\"},\"image\":{\"@id\":\"https:\\\/\\\/algarve7.pt\\\/index.php\\\/2020\\\/09\\\/mario-de-carvalho-recebe-em-loule-o-grande-premio-de-cronica-e-dispersos-literarios\\\/cultura\\\/21\\\/28\\\/#primaryimage\"},\"thumbnailUrl\":\"https:\\\/\\\/algarve7.pt\\\/wp-content\\\/uploads\\\/2020\\\/09\\\/Entrega-Premio-Mario-de-Carv-alho-Loule-19-09-2020-44.jpg\",\"keywords\":[\"Cultura\",\"Loul\u00e9\",\"Pr\u00e9mio\"],\"articleSection\":[\"Cultura\"],\"inLanguage\":\"pt-PT\"},{\"@type\":\"WebPage\",\"@id\":\"https:\\\/\\\/algarve7.pt\\\/index.php\\\/2020\\\/09\\\/mario-de-carvalho-recebe-em-loule-o-grande-premio-de-cronica-e-dispersos-literarios\\\/cultura\\\/21\\\/28\\\/\",\"url\":\"https:\\\/\\\/algarve7.pt\\\/index.php\\\/2020\\\/09\\\/mario-de-carvalho-recebe-em-loule-o-grande-premio-de-cronica-e-dispersos-literarios\\\/cultura\\\/21\\\/28\\\/\",\"name\":\"M\u00e1rio de Carvalho recebe em Loul\u00e9 o grande Pr\u00e9mio de cr\u00f3nica e dispersos liter\u00e1rios - Algarve 7\",\"isPartOf\":{\"@id\":\"https:\\\/\\\/algarve7.pt\\\/#website\"},\"primaryImageOfPage\":{\"@id\":\"https:\\\/\\\/algarve7.pt\\\/index.php\\\/2020\\\/09\\\/mario-de-carvalho-recebe-em-loule-o-grande-premio-de-cronica-e-dispersos-literarios\\\/cultura\\\/21\\\/28\\\/#primaryimage\"},\"image\":{\"@id\":\"https:\\\/\\\/algarve7.pt\\\/index.php\\\/2020\\\/09\\\/mario-de-carvalho-recebe-em-loule-o-grande-premio-de-cronica-e-dispersos-literarios\\\/cultura\\\/21\\\/28\\\/#primaryimage\"},\"thumbnailUrl\":\"https:\\\/\\\/algarve7.pt\\\/wp-content\\\/uploads\\\/2020\\\/09\\\/Entrega-Premio-Mario-de-Carv-alho-Loule-19-09-2020-44.jpg\",\"datePublished\":\"2020-09-20T20:28:21+00:00\",\"dateModified\":\"2020-09-20T20:28:22+00:00\",\"description\":\"M\u00e1rio de Carvalho recebe em Loul\u00e9 o grande Pr\u00e9mio de cr\u00f3nica e dispersos liter\u00e1rios\",\"breadcrumb\":{\"@id\":\"https:\\\/\\\/algarve7.pt\\\/index.php\\\/2020\\\/09\\\/mario-de-carvalho-recebe-em-loule-o-grande-premio-de-cronica-e-dispersos-literarios\\\/cultura\\\/21\\\/28\\\/#breadcrumb\"},\"inLanguage\":\"pt-PT\",\"potentialAction\":[{\"@type\":\"ReadAction\",\"target\":[\"https:\\\/\\\/algarve7.pt\\\/index.php\\\/2020\\\/09\\\/mario-de-carvalho-recebe-em-loule-o-grande-premio-de-cronica-e-dispersos-literarios\\\/cultura\\\/21\\\/28\\\/\"]}]},{\"@type\":\"ImageObject\",\"inLanguage\":\"pt-PT\",\"@id\":\"https:\\\/\\\/algarve7.pt\\\/index.php\\\/2020\\\/09\\\/mario-de-carvalho-recebe-em-loule-o-grande-premio-de-cronica-e-dispersos-literarios\\\/cultura\\\/21\\\/28\\\/#primaryimage\",\"url\":\"https:\\\/\\\/algarve7.pt\\\/wp-content\\\/uploads\\\/2020\\\/09\\\/Entrega-Premio-Mario-de-Carv-alho-Loule-19-09-2020-44.jpg\",\"contentUrl\":\"https:\\\/\\\/algarve7.pt\\\/wp-content\\\/uploads\\\/2020\\\/09\\\/Entrega-Premio-Mario-de-Carv-alho-Loule-19-09-2020-44.jpg\",\"width\":1201,\"height\":1800},{\"@type\":\"BreadcrumbList\",\"@id\":\"https:\\\/\\\/algarve7.pt\\\/index.php\\\/2020\\\/09\\\/mario-de-carvalho-recebe-em-loule-o-grande-premio-de-cronica-e-dispersos-literarios\\\/cultura\\\/21\\\/28\\\/#breadcrumb\",\"itemListElement\":[{\"@type\":\"ListItem\",\"position\":1,\"name\":\"In\u00edcio\",\"item\":\"https:\\\/\\\/algarve7.pt\\\/\"},{\"@type\":\"ListItem\",\"position\":2,\"name\":\"M\u00e1rio de Carvalho recebe em Loul\u00e9 o grande Pr\u00e9mio de cr\u00f3nica e dispersos liter\u00e1rios\"}]},{\"@type\":\"WebSite\",\"@id\":\"https:\\\/\\\/algarve7.pt\\\/#website\",\"url\":\"https:\\\/\\\/algarve7.pt\\\/\",\"name\":\"Algarve 7\",\"description\":\"Informa\u00e7\u00e3o sobre o Algarve\",\"publisher\":{\"@id\":\"https:\\\/\\\/algarve7.pt\\\/#organization\"},\"potentialAction\":[{\"@type\":\"SearchAction\",\"target\":{\"@type\":\"EntryPoint\",\"urlTemplate\":\"https:\\\/\\\/algarve7.pt\\\/?s={search_term_string}\"},\"query-input\":{\"@type\":\"PropertyValueSpecification\",\"valueRequired\":true,\"valueName\":\"search_term_string\"}}],\"inLanguage\":\"pt-PT\"},{\"@type\":\"Organization\",\"@id\":\"https:\\\/\\\/algarve7.pt\\\/#organization\",\"name\":\"Algarve 7\",\"url\":\"https:\\\/\\\/algarve7.pt\\\/\",\"logo\":{\"@type\":\"ImageObject\",\"inLanguage\":\"pt-PT\",\"@id\":\"https:\\\/\\\/algarve7.pt\\\/#\\\/schema\\\/logo\\\/image\\\/\",\"url\":\"https:\\\/\\\/algarve7.pt\\\/wp-content\\\/uploads\\\/2020\\\/10\\\/Logo-8.jpg\",\"contentUrl\":\"https:\\\/\\\/algarve7.pt\\\/wp-content\\\/uploads\\\/2020\\\/10\\\/Logo-8.jpg\",\"width\":1680,\"height\":1186,\"caption\":\"Algarve 7\"},\"image\":{\"@id\":\"https:\\\/\\\/algarve7.pt\\\/#\\\/schema\\\/logo\\\/image\\\/\"},\"sameAs\":[\"https:\\\/\\\/www.facebook.com\\\/algarve7\",\"https:\\\/\\\/x.com\\\/Algarvesete\",\"https:\\\/\\\/www.instagram.com\\\/jornalalgarve7\\\/\",\"https:\\\/\\\/www.linkedin.com\\\/company\\\/algarve7\",\"https:\\\/\\\/www.pinterest.pt\\\/geral0939\\\/_created\\\/\"]},{\"@type\":\"Person\",\"@id\":\"https:\\\/\\\/algarve7.pt\\\/#\\\/schema\\\/person\\\/23fa70681308e7b319a3204bcea45e0c\",\"name\":\"Algarve 7\",\"sameAs\":[\"https:\\\/\\\/algarve7.pt\",\"https:\\\/\\\/www.facebook.com\\\/algarve7\"],\"url\":\"https:\\\/\\\/algarve7.pt\\\/index.php\\\/author\\\/geralalgarve7-pt\\\/\"}]}<\/script>\n<!-- \/ Yoast SEO plugin. -->","yoast_head_json":{"title":"M\u00e1rio de Carvalho recebe em Loul\u00e9 o grande Pr\u00e9mio de cr\u00f3nica e dispersos liter\u00e1rios - Algarve 7","description":"M\u00e1rio de Carvalho recebe em Loul\u00e9 o grande Pr\u00e9mio de cr\u00f3nica e dispersos liter\u00e1rios","robots":{"index":"index","follow":"follow","max-snippet":"max-snippet:-1","max-image-preview":"max-image-preview:large","max-video-preview":"max-video-preview:-1"},"canonical":"https:\/\/algarve7.pt\/index.php\/2020\/09\/mario-de-carvalho-recebe-em-loule-o-grande-premio-de-cronica-e-dispersos-literarios\/cultura\/21\/28\/","og_locale":"pt_PT","og_type":"article","og_title":"M\u00e1rio de Carvalho recebe em Loul\u00e9 o grande Pr\u00e9mio de cr\u00f3nica e dispersos liter\u00e1rios - Algarve 7","og_description":"M\u00e1rio de Carvalho recebe em Loul\u00e9 o grande Pr\u00e9mio de cr\u00f3nica e dispersos liter\u00e1rios","og_url":"https:\/\/algarve7.pt\/index.php\/2020\/09\/mario-de-carvalho-recebe-em-loule-o-grande-premio-de-cronica-e-dispersos-literarios\/cultura\/21\/28\/","og_site_name":"Algarve 7","article_publisher":"https:\/\/www.facebook.com\/algarve7","article_author":"https:\/\/www.facebook.com\/algarve7","article_published_time":"2020-09-20T20:28:21+00:00","article_modified_time":"2020-09-20T20:28:22+00:00","og_image":[{"width":1201,"height":1800,"url":"https:\/\/algarve7.pt\/wp-content\/uploads\/2020\/09\/Entrega-Premio-Mario-de-Carv-alho-Loule-19-09-2020-44.jpg","type":"image\/jpeg"}],"author":"Algarve 7","twitter_card":"summary_large_image","twitter_creator":"@Algarvesete","twitter_site":"@Algarvesete","twitter_misc":{"Escrito por":"Algarve 7","Tempo estimado de leitura":"4 minutos"},"schema":{"@context":"https:\/\/schema.org","@graph":[{"@type":"Article","@id":"https:\/\/algarve7.pt\/index.php\/2020\/09\/mario-de-carvalho-recebe-em-loule-o-grande-premio-de-cronica-e-dispersos-literarios\/cultura\/21\/28\/#article","isPartOf":{"@id":"https:\/\/algarve7.pt\/index.php\/2020\/09\/mario-de-carvalho-recebe-em-loule-o-grande-premio-de-cronica-e-dispersos-literarios\/cultura\/21\/28\/"},"author":{"name":"Algarve 7","@id":"https:\/\/algarve7.pt\/#\/schema\/person\/23fa70681308e7b319a3204bcea45e0c"},"headline":"M\u00e1rio de Carvalho recebe em Loul\u00e9 o grande Pr\u00e9mio de cr\u00f3nica e dispersos liter\u00e1rios","datePublished":"2020-09-20T20:28:21+00:00","dateModified":"2020-09-20T20:28:22+00:00","mainEntityOfPage":{"@id":"https:\/\/algarve7.pt\/index.php\/2020\/09\/mario-de-carvalho-recebe-em-loule-o-grande-premio-de-cronica-e-dispersos-literarios\/cultura\/21\/28\/"},"wordCount":727,"publisher":{"@id":"https:\/\/algarve7.pt\/#organization"},"image":{"@id":"https:\/\/algarve7.pt\/index.php\/2020\/09\/mario-de-carvalho-recebe-em-loule-o-grande-premio-de-cronica-e-dispersos-literarios\/cultura\/21\/28\/#primaryimage"},"thumbnailUrl":"https:\/\/algarve7.pt\/wp-content\/uploads\/2020\/09\/Entrega-Premio-Mario-de-Carv-alho-Loule-19-09-2020-44.jpg","keywords":["Cultura","Loul\u00e9","Pr\u00e9mio"],"articleSection":["Cultura"],"inLanguage":"pt-PT"},{"@type":"WebPage","@id":"https:\/\/algarve7.pt\/index.php\/2020\/09\/mario-de-carvalho-recebe-em-loule-o-grande-premio-de-cronica-e-dispersos-literarios\/cultura\/21\/28\/","url":"https:\/\/algarve7.pt\/index.php\/2020\/09\/mario-de-carvalho-recebe-em-loule-o-grande-premio-de-cronica-e-dispersos-literarios\/cultura\/21\/28\/","name":"M\u00e1rio de Carvalho recebe em Loul\u00e9 o grande Pr\u00e9mio de cr\u00f3nica e dispersos liter\u00e1rios - Algarve 7","isPartOf":{"@id":"https:\/\/algarve7.pt\/#website"},"primaryImageOfPage":{"@id":"https:\/\/algarve7.pt\/index.php\/2020\/09\/mario-de-carvalho-recebe-em-loule-o-grande-premio-de-cronica-e-dispersos-literarios\/cultura\/21\/28\/#primaryimage"},"image":{"@id":"https:\/\/algarve7.pt\/index.php\/2020\/09\/mario-de-carvalho-recebe-em-loule-o-grande-premio-de-cronica-e-dispersos-literarios\/cultura\/21\/28\/#primaryimage"},"thumbnailUrl":"https:\/\/algarve7.pt\/wp-content\/uploads\/2020\/09\/Entrega-Premio-Mario-de-Carv-alho-Loule-19-09-2020-44.jpg","datePublished":"2020-09-20T20:28:21+00:00","dateModified":"2020-09-20T20:28:22+00:00","description":"M\u00e1rio de Carvalho recebe em Loul\u00e9 o grande Pr\u00e9mio de cr\u00f3nica e dispersos liter\u00e1rios","breadcrumb":{"@id":"https:\/\/algarve7.pt\/index.php\/2020\/09\/mario-de-carvalho-recebe-em-loule-o-grande-premio-de-cronica-e-dispersos-literarios\/cultura\/21\/28\/#breadcrumb"},"inLanguage":"pt-PT","potentialAction":[{"@type":"ReadAction","target":["https:\/\/algarve7.pt\/index.php\/2020\/09\/mario-de-carvalho-recebe-em-loule-o-grande-premio-de-cronica-e-dispersos-literarios\/cultura\/21\/28\/"]}]},{"@type":"ImageObject","inLanguage":"pt-PT","@id":"https:\/\/algarve7.pt\/index.php\/2020\/09\/mario-de-carvalho-recebe-em-loule-o-grande-premio-de-cronica-e-dispersos-literarios\/cultura\/21\/28\/#primaryimage","url":"https:\/\/algarve7.pt\/wp-content\/uploads\/2020\/09\/Entrega-Premio-Mario-de-Carv-alho-Loule-19-09-2020-44.jpg","contentUrl":"https:\/\/algarve7.pt\/wp-content\/uploads\/2020\/09\/Entrega-Premio-Mario-de-Carv-alho-Loule-19-09-2020-44.jpg","width":1201,"height":1800},{"@type":"BreadcrumbList","@id":"https:\/\/algarve7.pt\/index.php\/2020\/09\/mario-de-carvalho-recebe-em-loule-o-grande-premio-de-cronica-e-dispersos-literarios\/cultura\/21\/28\/#breadcrumb","itemListElement":[{"@type":"ListItem","position":1,"name":"In\u00edcio","item":"https:\/\/algarve7.pt\/"},{"@type":"ListItem","position":2,"name":"M\u00e1rio de Carvalho recebe em Loul\u00e9 o grande Pr\u00e9mio de cr\u00f3nica e dispersos liter\u00e1rios"}]},{"@type":"WebSite","@id":"https:\/\/algarve7.pt\/#website","url":"https:\/\/algarve7.pt\/","name":"Algarve 7","description":"Informa\u00e7\u00e3o sobre o Algarve","publisher":{"@id":"https:\/\/algarve7.pt\/#organization"},"potentialAction":[{"@type":"SearchAction","target":{"@type":"EntryPoint","urlTemplate":"https:\/\/algarve7.pt\/?s={search_term_string}"},"query-input":{"@type":"PropertyValueSpecification","valueRequired":true,"valueName":"search_term_string"}}],"inLanguage":"pt-PT"},{"@type":"Organization","@id":"https:\/\/algarve7.pt\/#organization","name":"Algarve 7","url":"https:\/\/algarve7.pt\/","logo":{"@type":"ImageObject","inLanguage":"pt-PT","@id":"https:\/\/algarve7.pt\/#\/schema\/logo\/image\/","url":"https:\/\/algarve7.pt\/wp-content\/uploads\/2020\/10\/Logo-8.jpg","contentUrl":"https:\/\/algarve7.pt\/wp-content\/uploads\/2020\/10\/Logo-8.jpg","width":1680,"height":1186,"caption":"Algarve 7"},"image":{"@id":"https:\/\/algarve7.pt\/#\/schema\/logo\/image\/"},"sameAs":["https:\/\/www.facebook.com\/algarve7","https:\/\/x.com\/Algarvesete","https:\/\/www.instagram.com\/jornalalgarve7\/","https:\/\/www.linkedin.com\/company\/algarve7","https:\/\/www.pinterest.pt\/geral0939\/_created\/"]},{"@type":"Person","@id":"https:\/\/algarve7.pt\/#\/schema\/person\/23fa70681308e7b319a3204bcea45e0c","name":"Algarve 7","sameAs":["https:\/\/algarve7.pt","https:\/\/www.facebook.com\/algarve7"],"url":"https:\/\/algarve7.pt\/index.php\/author\/geralalgarve7-pt\/"}]}},"jetpack_publicize_connections":[],"jetpack_featured_media_url":"https:\/\/algarve7.pt\/wp-content\/uploads\/2020\/09\/Entrega-Premio-Mario-de-Carv-alho-Loule-19-09-2020-44.jpg","jetpack_shortlink":"https:\/\/wp.me\/pcezmW-pT","jetpack_sharing_enabled":true,"_links":{"self":[{"href":"https:\/\/algarve7.pt\/index.php\/wp-json\/wp\/v2\/posts\/1605","targetHints":{"allow":["GET"]}}],"collection":[{"href":"https:\/\/algarve7.pt\/index.php\/wp-json\/wp\/v2\/posts"}],"about":[{"href":"https:\/\/algarve7.pt\/index.php\/wp-json\/wp\/v2\/types\/post"}],"author":[{"embeddable":true,"href":"https:\/\/algarve7.pt\/index.php\/wp-json\/wp\/v2\/users\/1"}],"replies":[{"embeddable":true,"href":"https:\/\/algarve7.pt\/index.php\/wp-json\/wp\/v2\/comments?post=1605"}],"version-history":[{"count":0,"href":"https:\/\/algarve7.pt\/index.php\/wp-json\/wp\/v2\/posts\/1605\/revisions"}],"wp:featuredmedia":[{"embeddable":true,"href":"https:\/\/algarve7.pt\/index.php\/wp-json\/wp\/v2\/media\/1606"}],"wp:attachment":[{"href":"https:\/\/algarve7.pt\/index.php\/wp-json\/wp\/v2\/media?parent=1605"}],"wp:term":[{"taxonomy":"category","embeddable":true,"href":"https:\/\/algarve7.pt\/index.php\/wp-json\/wp\/v2\/categories?post=1605"},{"taxonomy":"post_tag","embeddable":true,"href":"https:\/\/algarve7.pt\/index.php\/wp-json\/wp\/v2\/tags?post=1605"}],"curies":[{"name":"wp","href":"https:\/\/api.w.org\/{rel}","templated":true}]}}