{"id":1601,"date":"2020-09-20T11:41:36","date_gmt":"2020-09-20T10:41:36","guid":{"rendered":"https:\/\/algarve7.pt\/?p=1601"},"modified":"2020-09-20T11:41:37","modified_gmt":"2020-09-20T10:41:37","slug":"programacao-cultural-em-rede-arranca-em-outubro-em-cinco-municipios-do-algarve-central","status":"publish","type":"post","link":"https:\/\/algarve7.pt\/index.php\/2020\/09\/programacao-cultural-em-rede-arranca-em-outubro-em-cinco-municipios-do-algarve-central\/cultura\/11\/41\/","title":{"rendered":"Programa\u00e7\u00e3o Cultural em rede arranca em Outubro em cinco Munic\u00edpios do Algarve central"},"content":{"rendered":"\n<p class=\"wp-block-paragraph\">A 10 de outubro, pelas 18h00, realiza-se na cidade de Olh\u00e3o, no estacionamento Bela Olh\u00e3o, o concerto \u201cWater Return\u201d (em formato de&nbsp;<em>drive-in<\/em>), pelos prestigiados Olive Tree Dance, no \u00e2mbito do arranque oficial do projeto \u201cCentral Artes \u2013 Programa\u00e7\u00e3o Cultural em Rede\u201d,&nbsp;uma iniciativa conjunta de cinco munic\u00edpios do Algarve Central (Loul\u00e9, Albufeira, Faro, Olh\u00e3o e Tavira) no seguimento de uma candidatura realizada ao CRESC Algarve 2020 (Programa Operacional Regional do Algarve), instrumento financeiro, com fundos comunit\u00e1rios, que visa o apoio ao desenvolvimento do Algarve.<\/p>\n\n\n\n<p class=\"wp-block-paragraph\">Este projeto intermunicipal&nbsp;prev\u00ea a implementa\u00e7\u00e3o de&nbsp;um programa de oferta cultural em rede envolvendo os cinco munic\u00edpios durante dois anos (2020 e 2021) e explorando diversos quadrantes das artes performativas, com dire\u00e7\u00e3o art\u00edstica, conte\u00fados e produ\u00e7\u00e3o a cargo das empresas Eventors\u2019Lab e Spira \u2013 Revitaliza\u00e7\u00e3o Patrimonial, tendo a programa\u00e7\u00e3o como mote a tem\u00e1tica da \u201cCultura da Sustentabilidade\u201d.<\/p>\n\n\n\n<p class=\"wp-block-paragraph\">Esta primeira fase do projeto \u2013 cuja realiza\u00e7\u00e3o estava inicialmente prevista para o primeiro semestre deste ano, mas que devido \u00e0 pandemia teve de ser reagendada \u2013 contempla ainda mais quatro espet\u00e1culos. A 17 de outubro, pelas 17h00, a Companhia Inst\u00e1vel apresenta contagiantes \u201cPercursos pela arquitetura\u201d em v\u00e1rios espa\u00e7os do Museu Municipal de Faro, e no mesmo dia, mas \u00e0s 21h30, o grupo A Presen\u00e7a das Formigas, projeto de refer\u00eancia ligado \u00e0 m\u00fasica de raiz tradicional, estreia-se em Loul\u00e9 atuando no Audit\u00f3rio do Solar da M\u00fasica Nova. A 24 de outubro, pelas 17h00, a cidade de Tavira acolhe o teatro de rua \u201cPassagem\u201d pela reconhecida Companhia PIA, a ocorrer no Jardim da Igreja de S\u00e3o Francisco. J\u00e1 em novembro, a 28, o Audit\u00f3rio Municipal de Albufeira apresenta, pelas 21h30, um dos maiores \u00edcones da&nbsp;<em>world music<\/em>&nbsp;nacional no feminino: Celina da Piedade.&nbsp;<\/p>\n\n\n\n<p class=\"wp-block-paragraph\">Dado que a oferta cultural inserida neste projeto inclui, al\u00e9m de espet\u00e1culos de declarado valor internacional e nacional, uma vertente de forma\u00e7\u00e3o\/media\u00e7\u00e3o criativa e intera\u00e7\u00e3o com os p\u00fablicos, est\u00e3o previstos nos mesmos dias dos espet\u00e1culos workshops com as v\u00e1rias companhias e artistas envolvidos na programa\u00e7\u00e3o. Pretende-se assim envolver diretamente as comunidades locais nos processos performativos. Nesta medida, ser\u00e3o realizadas atividades de m\u00fasica instrumental (<em>diggeridoo<\/em>), dan\u00e7a contempor\u00e2nea, canto tradicional portugu\u00eas, constru\u00e7\u00e3o de m\u00e1scaras e cante alentejano dirigidas ao p\u00fablico em geral. Estas a\u00e7\u00f5es, bem como os espet\u00e1culos, ter\u00e3o entrada livre, limitada (requerendo inscri\u00e7\u00e3o pr\u00e9via), e respeitando as regras de higiene e seguran\u00e7a em vigor emanadas da Dire\u00e7\u00e3o-Geral de Sa\u00fade.&nbsp;<\/p>\n\n\n\n<p class=\"wp-block-paragraph\">No m\u00eas de novembro, entre 23 e 27, realiza-se nos cinco munic\u00edpios um novo workshop de cariz interdisciplinar intitulado \u201dPinto-me dan\u00e7ando\u201d, destinado ao p\u00fablico infanto-juvenil, o qual \u00e9 igualmente de acesso gratuito, limitado. J\u00e1 para 2021 est\u00e1 prevista uma ampla programa\u00e7\u00e3o que contempla cinco espet\u00e1culos com a comunidade, cinco espet\u00e1culos internacionais e mais 20 workshops.&nbsp;<\/p>\n\n\n\n<p class=\"wp-block-paragraph\">Pretende-se com este projeto \u2013 e na linha do \u201cMovimenta-te\u201d, ocorrido em 2011 e 2012 no Algarve igualmente numa l\u00f3gica de coopera\u00e7\u00e3o intermunicipal \u2013 fomentar e aprofundar pr\u00e1ticas colaborativas entre os v\u00e1rios membros envolvidos, a circula\u00e7\u00e3o de espetadores no territ\u00f3rio e uma maior diversifica\u00e7\u00e3o da oferta cultural, a pensar n\u00e3o s\u00f3 na popula\u00e7\u00e3o residente mas tamb\u00e9m nos diversos segmentos ligados ao turismo cultural, de modo inclusive a combater a sazonalidade e a consolidar gradualmente o Algarve como uma regi\u00e3o tur\u00edstica de eleva notoriedade.&nbsp;&nbsp;<\/p>\n\n\n\n<p class=\"wp-block-paragraph\">Para mais informa\u00e7\u00f5es e inscri\u00e7\u00f5es os interessados podem contactar os diversos munic\u00edpios envolvidos nas atividades, em cujos canais de comunica\u00e7\u00e3o ser\u00e3o difundidos os diversos eventos, bem como atrav\u00e9s do email:&nbsp;<a href=\"mailto:centralartes@eventorslab.com\">centralartes@eventorslab.com<\/a><\/p>\n","protected":false},"excerpt":{"rendered":"<p>A 10 de outubro, pelas 18h00, realiza-se na cidade de Olh\u00e3o, no estacionamento Bela Olh\u00e3o, o concerto \u201cWater Return\u201d (em<\/p>\n","protected":false},"author":1,"featured_media":1602,"comment_status":"closed","ping_status":"open","sticky":false,"template":"","format":"standard","meta":{"colormag_page_container_layout":"default_layout","colormag_page_sidebar_layout":"default_layout","_monsterinsights_skip_tracking":false,"_jetpack_newsletter_access":"","_jetpack_dont_email_post_to_subs":false,"_jetpack_newsletter_tier_id":0,"_jetpack_memberships_contains_paywalled_content":false,"_jetpack_feature_clip_id":0,"_jetpack_memberships_contains_paid_content":false,"footnotes":"","jetpack_publicize_message":"","jetpack_publicize_feature_enabled":true,"jetpack_social_post_already_shared":true,"jetpack_social_options":{"image_generator_settings":{"template":"highway","default_image_id":0,"font":"","enabled":false},"version":2},"jetpack_post_was_ever_published":false},"categories":[14],"tags":[155,36,35,57,31,37,54],"class_list":["post-1601","post","type-post","status-publish","format-standard","has-post-thumbnail","hentry","category-cultura","tag-albufeira","tag-algarve","tag-cultura","tag-faro","tag-loule","tag-olhao","tag-tavira"],"yoast_head":"<!-- This site is optimized with the Yoast SEO plugin v28.4 - https:\/\/yoast.com\/product\/yoast-seo-wordpress\/ -->\n<title>Programa\u00e7\u00e3o Cultural em rede arranca em Outubro em cinco Munic\u00edpios do Algarve central - Algarve 7<\/title>\n<meta name=\"description\" content=\"Programa\u00e7\u00e3o Cultural em rede arranca em Outubro em cinco Munic\u00edpios do Algarve central\" \/>\n<meta name=\"robots\" content=\"index, follow, max-snippet:-1, max-image-preview:large, max-video-preview:-1\" \/>\n<link rel=\"canonical\" href=\"https:\/\/algarve7.pt\/index.php\/2020\/09\/programacao-cultural-em-rede-arranca-em-outubro-em-cinco-municipios-do-algarve-central\/cultura\/11\/41\/\" \/>\n<meta property=\"og:locale\" content=\"pt_PT\" \/>\n<meta property=\"og:type\" content=\"article\" \/>\n<meta property=\"og:title\" content=\"Programa\u00e7\u00e3o Cultural em rede arranca em Outubro em cinco Munic\u00edpios do Algarve central - Algarve 7\" \/>\n<meta property=\"og:description\" content=\"Programa\u00e7\u00e3o Cultural em rede arranca em Outubro em cinco Munic\u00edpios do Algarve central\" \/>\n<meta property=\"og:url\" content=\"https:\/\/algarve7.pt\/index.php\/2020\/09\/programacao-cultural-em-rede-arranca-em-outubro-em-cinco-municipios-do-algarve-central\/cultura\/11\/41\/\" \/>\n<meta property=\"og:site_name\" content=\"Algarve 7\" \/>\n<meta property=\"article:publisher\" content=\"https:\/\/www.facebook.com\/algarve7\" \/>\n<meta property=\"article:author\" content=\"https:\/\/www.facebook.com\/algarve7\" \/>\n<meta property=\"article:published_time\" content=\"2020-09-20T10:41:36+00:00\" \/>\n<meta property=\"article:modified_time\" content=\"2020-09-20T10:41:37+00:00\" \/>\n<meta property=\"og:image\" content=\"https:\/\/algarve7.pt\/wp-content\/uploads\/2020\/09\/Arranque-Central-Artes.jpg\" \/>\n\t<meta property=\"og:image:width\" content=\"2048\" \/>\n\t<meta property=\"og:image:height\" content=\"1365\" \/>\n\t<meta property=\"og:image:type\" content=\"image\/jpeg\" \/>\n<meta name=\"author\" content=\"Algarve 7\" \/>\n<meta name=\"twitter:card\" content=\"summary_large_image\" \/>\n<meta name=\"twitter:creator\" content=\"@Algarvesete\" \/>\n<meta name=\"twitter:site\" content=\"@Algarvesete\" \/>\n<meta name=\"twitter:label1\" content=\"Escrito por\" \/>\n\t<meta name=\"twitter:data1\" content=\"Algarve 7\" \/>\n\t<meta name=\"twitter:label2\" content=\"Tempo estimado de leitura\" \/>\n\t<meta name=\"twitter:data2\" content=\"3 minutos\" \/>\n<script type=\"application\/ld+json\" class=\"yoast-schema-graph\">{\"@context\":\"https:\\\/\\\/schema.org\",\"@graph\":[{\"@type\":\"Article\",\"@id\":\"https:\\\/\\\/algarve7.pt\\\/index.php\\\/2020\\\/09\\\/programacao-cultural-em-rede-arranca-em-outubro-em-cinco-municipios-do-algarve-central\\\/cultura\\\/11\\\/41\\\/#article\",\"isPartOf\":{\"@id\":\"https:\\\/\\\/algarve7.pt\\\/index.php\\\/2020\\\/09\\\/programacao-cultural-em-rede-arranca-em-outubro-em-cinco-municipios-do-algarve-central\\\/cultura\\\/11\\\/41\\\/\"},\"author\":{\"name\":\"Algarve 7\",\"@id\":\"https:\\\/\\\/algarve7.pt\\\/#\\\/schema\\\/person\\\/23fa70681308e7b319a3204bcea45e0c\"},\"headline\":\"Programa\u00e7\u00e3o Cultural em rede arranca em Outubro em cinco Munic\u00edpios do Algarve central\",\"datePublished\":\"2020-09-20T10:41:36+00:00\",\"dateModified\":\"2020-09-20T10:41:37+00:00\",\"mainEntityOfPage\":{\"@id\":\"https:\\\/\\\/algarve7.pt\\\/index.php\\\/2020\\\/09\\\/programacao-cultural-em-rede-arranca-em-outubro-em-cinco-municipios-do-algarve-central\\\/cultura\\\/11\\\/41\\\/\"},\"wordCount\":649,\"publisher\":{\"@id\":\"https:\\\/\\\/algarve7.pt\\\/#organization\"},\"image\":{\"@id\":\"https:\\\/\\\/algarve7.pt\\\/index.php\\\/2020\\\/09\\\/programacao-cultural-em-rede-arranca-em-outubro-em-cinco-municipios-do-algarve-central\\\/cultura\\\/11\\\/41\\\/#primaryimage\"},\"thumbnailUrl\":\"https:\\\/\\\/algarve7.pt\\\/wp-content\\\/uploads\\\/2020\\\/09\\\/Arranque-Central-Artes.jpg\",\"keywords\":[\"Albufeira\",\"Algarve\",\"Cultura\",\"Faro\",\"Loul\u00e9\",\"Olh\u00e3o\",\"Tavira\"],\"articleSection\":[\"Cultura\"],\"inLanguage\":\"pt-PT\"},{\"@type\":\"WebPage\",\"@id\":\"https:\\\/\\\/algarve7.pt\\\/index.php\\\/2020\\\/09\\\/programacao-cultural-em-rede-arranca-em-outubro-em-cinco-municipios-do-algarve-central\\\/cultura\\\/11\\\/41\\\/\",\"url\":\"https:\\\/\\\/algarve7.pt\\\/index.php\\\/2020\\\/09\\\/programacao-cultural-em-rede-arranca-em-outubro-em-cinco-municipios-do-algarve-central\\\/cultura\\\/11\\\/41\\\/\",\"name\":\"Programa\u00e7\u00e3o Cultural em rede arranca em Outubro em cinco Munic\u00edpios do Algarve central - Algarve 7\",\"isPartOf\":{\"@id\":\"https:\\\/\\\/algarve7.pt\\\/#website\"},\"primaryImageOfPage\":{\"@id\":\"https:\\\/\\\/algarve7.pt\\\/index.php\\\/2020\\\/09\\\/programacao-cultural-em-rede-arranca-em-outubro-em-cinco-municipios-do-algarve-central\\\/cultura\\\/11\\\/41\\\/#primaryimage\"},\"image\":{\"@id\":\"https:\\\/\\\/algarve7.pt\\\/index.php\\\/2020\\\/09\\\/programacao-cultural-em-rede-arranca-em-outubro-em-cinco-municipios-do-algarve-central\\\/cultura\\\/11\\\/41\\\/#primaryimage\"},\"thumbnailUrl\":\"https:\\\/\\\/algarve7.pt\\\/wp-content\\\/uploads\\\/2020\\\/09\\\/Arranque-Central-Artes.jpg\",\"datePublished\":\"2020-09-20T10:41:36+00:00\",\"dateModified\":\"2020-09-20T10:41:37+00:00\",\"description\":\"Programa\u00e7\u00e3o Cultural em rede arranca em Outubro em cinco Munic\u00edpios do Algarve central\",\"breadcrumb\":{\"@id\":\"https:\\\/\\\/algarve7.pt\\\/index.php\\\/2020\\\/09\\\/programacao-cultural-em-rede-arranca-em-outubro-em-cinco-municipios-do-algarve-central\\\/cultura\\\/11\\\/41\\\/#breadcrumb\"},\"inLanguage\":\"pt-PT\",\"potentialAction\":[{\"@type\":\"ReadAction\",\"target\":[\"https:\\\/\\\/algarve7.pt\\\/index.php\\\/2020\\\/09\\\/programacao-cultural-em-rede-arranca-em-outubro-em-cinco-municipios-do-algarve-central\\\/cultura\\\/11\\\/41\\\/\"]}]},{\"@type\":\"ImageObject\",\"inLanguage\":\"pt-PT\",\"@id\":\"https:\\\/\\\/algarve7.pt\\\/index.php\\\/2020\\\/09\\\/programacao-cultural-em-rede-arranca-em-outubro-em-cinco-municipios-do-algarve-central\\\/cultura\\\/11\\\/41\\\/#primaryimage\",\"url\":\"https:\\\/\\\/algarve7.pt\\\/wp-content\\\/uploads\\\/2020\\\/09\\\/Arranque-Central-Artes.jpg\",\"contentUrl\":\"https:\\\/\\\/algarve7.pt\\\/wp-content\\\/uploads\\\/2020\\\/09\\\/Arranque-Central-Artes.jpg\",\"width\":2048,\"height\":1365},{\"@type\":\"BreadcrumbList\",\"@id\":\"https:\\\/\\\/algarve7.pt\\\/index.php\\\/2020\\\/09\\\/programacao-cultural-em-rede-arranca-em-outubro-em-cinco-municipios-do-algarve-central\\\/cultura\\\/11\\\/41\\\/#breadcrumb\",\"itemListElement\":[{\"@type\":\"ListItem\",\"position\":1,\"name\":\"In\u00edcio\",\"item\":\"https:\\\/\\\/algarve7.pt\\\/\"},{\"@type\":\"ListItem\",\"position\":2,\"name\":\"Programa\u00e7\u00e3o Cultural em rede arranca em Outubro em cinco Munic\u00edpios do Algarve central\"}]},{\"@type\":\"WebSite\",\"@id\":\"https:\\\/\\\/algarve7.pt\\\/#website\",\"url\":\"https:\\\/\\\/algarve7.pt\\\/\",\"name\":\"Algarve 7\",\"description\":\"Informa\u00e7\u00e3o sobre o Algarve\",\"publisher\":{\"@id\":\"https:\\\/\\\/algarve7.pt\\\/#organization\"},\"potentialAction\":[{\"@type\":\"SearchAction\",\"target\":{\"@type\":\"EntryPoint\",\"urlTemplate\":\"https:\\\/\\\/algarve7.pt\\\/?s={search_term_string}\"},\"query-input\":{\"@type\":\"PropertyValueSpecification\",\"valueRequired\":true,\"valueName\":\"search_term_string\"}}],\"inLanguage\":\"pt-PT\"},{\"@type\":\"Organization\",\"@id\":\"https:\\\/\\\/algarve7.pt\\\/#organization\",\"name\":\"Algarve 7\",\"url\":\"https:\\\/\\\/algarve7.pt\\\/\",\"logo\":{\"@type\":\"ImageObject\",\"inLanguage\":\"pt-PT\",\"@id\":\"https:\\\/\\\/algarve7.pt\\\/#\\\/schema\\\/logo\\\/image\\\/\",\"url\":\"https:\\\/\\\/algarve7.pt\\\/wp-content\\\/uploads\\\/2020\\\/10\\\/Logo-8.jpg\",\"contentUrl\":\"https:\\\/\\\/algarve7.pt\\\/wp-content\\\/uploads\\\/2020\\\/10\\\/Logo-8.jpg\",\"width\":1680,\"height\":1186,\"caption\":\"Algarve 7\"},\"image\":{\"@id\":\"https:\\\/\\\/algarve7.pt\\\/#\\\/schema\\\/logo\\\/image\\\/\"},\"sameAs\":[\"https:\\\/\\\/www.facebook.com\\\/algarve7\",\"https:\\\/\\\/x.com\\\/Algarvesete\",\"https:\\\/\\\/www.instagram.com\\\/jornalalgarve7\\\/\",\"https:\\\/\\\/www.linkedin.com\\\/company\\\/algarve7\",\"https:\\\/\\\/www.pinterest.pt\\\/geral0939\\\/_created\\\/\"]},{\"@type\":\"Person\",\"@id\":\"https:\\\/\\\/algarve7.pt\\\/#\\\/schema\\\/person\\\/23fa70681308e7b319a3204bcea45e0c\",\"name\":\"Algarve 7\",\"sameAs\":[\"https:\\\/\\\/algarve7.pt\",\"https:\\\/\\\/www.facebook.com\\\/algarve7\"],\"url\":\"https:\\\/\\\/algarve7.pt\\\/index.php\\\/author\\\/geralalgarve7-pt\\\/\"}]}<\/script>\n<!-- \/ Yoast SEO plugin. -->","yoast_head_json":{"title":"Programa\u00e7\u00e3o Cultural em rede arranca em Outubro em cinco Munic\u00edpios do Algarve central - Algarve 7","description":"Programa\u00e7\u00e3o Cultural em rede arranca em Outubro em cinco Munic\u00edpios do Algarve central","robots":{"index":"index","follow":"follow","max-snippet":"max-snippet:-1","max-image-preview":"max-image-preview:large","max-video-preview":"max-video-preview:-1"},"canonical":"https:\/\/algarve7.pt\/index.php\/2020\/09\/programacao-cultural-em-rede-arranca-em-outubro-em-cinco-municipios-do-algarve-central\/cultura\/11\/41\/","og_locale":"pt_PT","og_type":"article","og_title":"Programa\u00e7\u00e3o Cultural em rede arranca em Outubro em cinco Munic\u00edpios do Algarve central - Algarve 7","og_description":"Programa\u00e7\u00e3o Cultural em rede arranca em Outubro em cinco Munic\u00edpios do Algarve central","og_url":"https:\/\/algarve7.pt\/index.php\/2020\/09\/programacao-cultural-em-rede-arranca-em-outubro-em-cinco-municipios-do-algarve-central\/cultura\/11\/41\/","og_site_name":"Algarve 7","article_publisher":"https:\/\/www.facebook.com\/algarve7","article_author":"https:\/\/www.facebook.com\/algarve7","article_published_time":"2020-09-20T10:41:36+00:00","article_modified_time":"2020-09-20T10:41:37+00:00","og_image":[{"width":2048,"height":1365,"url":"https:\/\/algarve7.pt\/wp-content\/uploads\/2020\/09\/Arranque-Central-Artes.jpg","type":"image\/jpeg"}],"author":"Algarve 7","twitter_card":"summary_large_image","twitter_creator":"@Algarvesete","twitter_site":"@Algarvesete","twitter_misc":{"Escrito por":"Algarve 7","Tempo estimado de leitura":"3 minutos"},"schema":{"@context":"https:\/\/schema.org","@graph":[{"@type":"Article","@id":"https:\/\/algarve7.pt\/index.php\/2020\/09\/programacao-cultural-em-rede-arranca-em-outubro-em-cinco-municipios-do-algarve-central\/cultura\/11\/41\/#article","isPartOf":{"@id":"https:\/\/algarve7.pt\/index.php\/2020\/09\/programacao-cultural-em-rede-arranca-em-outubro-em-cinco-municipios-do-algarve-central\/cultura\/11\/41\/"},"author":{"name":"Algarve 7","@id":"https:\/\/algarve7.pt\/#\/schema\/person\/23fa70681308e7b319a3204bcea45e0c"},"headline":"Programa\u00e7\u00e3o Cultural em rede arranca em Outubro em cinco Munic\u00edpios do Algarve central","datePublished":"2020-09-20T10:41:36+00:00","dateModified":"2020-09-20T10:41:37+00:00","mainEntityOfPage":{"@id":"https:\/\/algarve7.pt\/index.php\/2020\/09\/programacao-cultural-em-rede-arranca-em-outubro-em-cinco-municipios-do-algarve-central\/cultura\/11\/41\/"},"wordCount":649,"publisher":{"@id":"https:\/\/algarve7.pt\/#organization"},"image":{"@id":"https:\/\/algarve7.pt\/index.php\/2020\/09\/programacao-cultural-em-rede-arranca-em-outubro-em-cinco-municipios-do-algarve-central\/cultura\/11\/41\/#primaryimage"},"thumbnailUrl":"https:\/\/algarve7.pt\/wp-content\/uploads\/2020\/09\/Arranque-Central-Artes.jpg","keywords":["Albufeira","Algarve","Cultura","Faro","Loul\u00e9","Olh\u00e3o","Tavira"],"articleSection":["Cultura"],"inLanguage":"pt-PT"},{"@type":"WebPage","@id":"https:\/\/algarve7.pt\/index.php\/2020\/09\/programacao-cultural-em-rede-arranca-em-outubro-em-cinco-municipios-do-algarve-central\/cultura\/11\/41\/","url":"https:\/\/algarve7.pt\/index.php\/2020\/09\/programacao-cultural-em-rede-arranca-em-outubro-em-cinco-municipios-do-algarve-central\/cultura\/11\/41\/","name":"Programa\u00e7\u00e3o Cultural em rede arranca em Outubro em cinco Munic\u00edpios do Algarve central - Algarve 7","isPartOf":{"@id":"https:\/\/algarve7.pt\/#website"},"primaryImageOfPage":{"@id":"https:\/\/algarve7.pt\/index.php\/2020\/09\/programacao-cultural-em-rede-arranca-em-outubro-em-cinco-municipios-do-algarve-central\/cultura\/11\/41\/#primaryimage"},"image":{"@id":"https:\/\/algarve7.pt\/index.php\/2020\/09\/programacao-cultural-em-rede-arranca-em-outubro-em-cinco-municipios-do-algarve-central\/cultura\/11\/41\/#primaryimage"},"thumbnailUrl":"https:\/\/algarve7.pt\/wp-content\/uploads\/2020\/09\/Arranque-Central-Artes.jpg","datePublished":"2020-09-20T10:41:36+00:00","dateModified":"2020-09-20T10:41:37+00:00","description":"Programa\u00e7\u00e3o Cultural em rede arranca em Outubro em cinco Munic\u00edpios do Algarve central","breadcrumb":{"@id":"https:\/\/algarve7.pt\/index.php\/2020\/09\/programacao-cultural-em-rede-arranca-em-outubro-em-cinco-municipios-do-algarve-central\/cultura\/11\/41\/#breadcrumb"},"inLanguage":"pt-PT","potentialAction":[{"@type":"ReadAction","target":["https:\/\/algarve7.pt\/index.php\/2020\/09\/programacao-cultural-em-rede-arranca-em-outubro-em-cinco-municipios-do-algarve-central\/cultura\/11\/41\/"]}]},{"@type":"ImageObject","inLanguage":"pt-PT","@id":"https:\/\/algarve7.pt\/index.php\/2020\/09\/programacao-cultural-em-rede-arranca-em-outubro-em-cinco-municipios-do-algarve-central\/cultura\/11\/41\/#primaryimage","url":"https:\/\/algarve7.pt\/wp-content\/uploads\/2020\/09\/Arranque-Central-Artes.jpg","contentUrl":"https:\/\/algarve7.pt\/wp-content\/uploads\/2020\/09\/Arranque-Central-Artes.jpg","width":2048,"height":1365},{"@type":"BreadcrumbList","@id":"https:\/\/algarve7.pt\/index.php\/2020\/09\/programacao-cultural-em-rede-arranca-em-outubro-em-cinco-municipios-do-algarve-central\/cultura\/11\/41\/#breadcrumb","itemListElement":[{"@type":"ListItem","position":1,"name":"In\u00edcio","item":"https:\/\/algarve7.pt\/"},{"@type":"ListItem","position":2,"name":"Programa\u00e7\u00e3o Cultural em rede arranca em Outubro em cinco Munic\u00edpios do Algarve central"}]},{"@type":"WebSite","@id":"https:\/\/algarve7.pt\/#website","url":"https:\/\/algarve7.pt\/","name":"Algarve 7","description":"Informa\u00e7\u00e3o sobre o Algarve","publisher":{"@id":"https:\/\/algarve7.pt\/#organization"},"potentialAction":[{"@type":"SearchAction","target":{"@type":"EntryPoint","urlTemplate":"https:\/\/algarve7.pt\/?s={search_term_string}"},"query-input":{"@type":"PropertyValueSpecification","valueRequired":true,"valueName":"search_term_string"}}],"inLanguage":"pt-PT"},{"@type":"Organization","@id":"https:\/\/algarve7.pt\/#organization","name":"Algarve 7","url":"https:\/\/algarve7.pt\/","logo":{"@type":"ImageObject","inLanguage":"pt-PT","@id":"https:\/\/algarve7.pt\/#\/schema\/logo\/image\/","url":"https:\/\/algarve7.pt\/wp-content\/uploads\/2020\/10\/Logo-8.jpg","contentUrl":"https:\/\/algarve7.pt\/wp-content\/uploads\/2020\/10\/Logo-8.jpg","width":1680,"height":1186,"caption":"Algarve 7"},"image":{"@id":"https:\/\/algarve7.pt\/#\/schema\/logo\/image\/"},"sameAs":["https:\/\/www.facebook.com\/algarve7","https:\/\/x.com\/Algarvesete","https:\/\/www.instagram.com\/jornalalgarve7\/","https:\/\/www.linkedin.com\/company\/algarve7","https:\/\/www.pinterest.pt\/geral0939\/_created\/"]},{"@type":"Person","@id":"https:\/\/algarve7.pt\/#\/schema\/person\/23fa70681308e7b319a3204bcea45e0c","name":"Algarve 7","sameAs":["https:\/\/algarve7.pt","https:\/\/www.facebook.com\/algarve7"],"url":"https:\/\/algarve7.pt\/index.php\/author\/geralalgarve7-pt\/"}]}},"jetpack_publicize_connections":[],"jetpack_shortlink":"https:\/\/wp.me\/pcezmW-pP","jetpack_sharing_enabled":true,"jetpack_featured_media_url":"https:\/\/algarve7.pt\/wp-content\/uploads\/2020\/09\/Arranque-Central-Artes.jpg","_links":{"self":[{"href":"https:\/\/algarve7.pt\/index.php\/wp-json\/wp\/v2\/posts\/1601","targetHints":{"allow":["GET"]}}],"collection":[{"href":"https:\/\/algarve7.pt\/index.php\/wp-json\/wp\/v2\/posts"}],"about":[{"href":"https:\/\/algarve7.pt\/index.php\/wp-json\/wp\/v2\/types\/post"}],"author":[{"embeddable":true,"href":"https:\/\/algarve7.pt\/index.php\/wp-json\/wp\/v2\/users\/1"}],"replies":[{"embeddable":true,"href":"https:\/\/algarve7.pt\/index.php\/wp-json\/wp\/v2\/comments?post=1601"}],"version-history":[{"count":0,"href":"https:\/\/algarve7.pt\/index.php\/wp-json\/wp\/v2\/posts\/1601\/revisions"}],"wp:featuredmedia":[{"embeddable":true,"href":"https:\/\/algarve7.pt\/index.php\/wp-json\/wp\/v2\/media\/1602"}],"wp:attachment":[{"href":"https:\/\/algarve7.pt\/index.php\/wp-json\/wp\/v2\/media?parent=1601"}],"wp:term":[{"taxonomy":"category","embeddable":true,"href":"https:\/\/algarve7.pt\/index.php\/wp-json\/wp\/v2\/categories?post=1601"},{"taxonomy":"post_tag","embeddable":true,"href":"https:\/\/algarve7.pt\/index.php\/wp-json\/wp\/v2\/tags?post=1601"}],"curies":[{"name":"wp","href":"https:\/\/api.w.org\/{rel}","templated":true}]}}