{"id":15947,"date":"2022-02-28T14:06:09","date_gmt":"2022-02-28T14:06:09","guid":{"rendered":"https:\/\/algarve7.pt\/?p=15947"},"modified":"2022-02-28T14:06:11","modified_gmt":"2022-02-28T14:06:11","slug":"silves-assinala-o-192-o-aniversario-do-nascimento-do-poeta-e-pedagogo-joao-de-deus","status":"publish","type":"post","link":"https:\/\/algarve7.pt\/index.php\/2022\/02\/silves-assinala-o-192-o-aniversario-do-nascimento-do-poeta-e-pedagogo-joao-de-deus\/cultura\/14\/06\/","title":{"rendered":"Silves assinala o 192.\u00ba anivers\u00e1rio do nascimento do poeta e pedagogo Jo\u00e3o de Deus"},"content":{"rendered":"\n<p>Numa iniciativa promovida pelo Munic\u00edpio de Silves, ter\u00e1 lugar, em SB Messines, no pr\u00f3ximo dia 8 de mar\u00e7o &#8211; Dia Municipal de Jo\u00e3o de Deus &#8211; uma cerim\u00f3nia comemorativa dos 192 anos do nascimento do poeta e pedagogo. A iniciativa, que conta com o alto patroc\u00ednio da Presid\u00eancia da Rep\u00fablica, integra a realiza\u00e7\u00e3o de diversas atividades, ao longo de todo o dia, coincidindo as mesmas com o 50.\u00ba Anivers\u00e1rio do Jardim-Escola Jo\u00e3o de Deus.<\/p>\n\n\n\n<p>As comemora\u00e7\u00f5es deste dia contam com diversos pontos altos, entre os quais a cerim\u00f3nia evocativa com deposi\u00e7\u00e3o de flores junto ao monumento de homenagem a Jo\u00e3o de Deus, pelas 9h30; a cerim\u00f3nia de entrega do Pr\u00e9mio Nacional Liter\u00e1rio Jo\u00e3o de Deus \u2013 Poesia 2021, \u00e0s 17h00; terminando com o espet\u00e1culo \u201cMeu Fado\u201d, interpretado pelos Ecos de Coimbra, pelas 21h30.&nbsp;<\/p>\n\n\n\n<p>Fazem, ainda, parte desta programa\u00e7\u00e3o variadas atividades de destaque, como as comemora\u00e7\u00f5es do 45.\u00ba anivers\u00e1rio dos Bombeiros Volunt\u00e1rios de SB Messines, com formatura com guarda de honra, logo pela manh\u00e3; o descerramento de placa comemorativa no \u00e2mbito das comemora\u00e7\u00f5es do 50.\u00ba anivers\u00e1rio do Jardim Escola Jo\u00e3o de Deus; o Torneio Inter Escolas Jo\u00e3o de Deus; a leitura de poesia de Jo\u00e3o de Deus, por Cristina Paiva, tendo como cen\u00e1rio o Pante\u00e3o Nacional (atividade online); e o apontamento performativo \u201cMaraf\u00e1bulas e os bichinhos que contam\u201d, pelos alunos do Jardim-Escola Jo\u00e3o de Deus de S\u00e3o Bartolomeu de Messines. O programa de dia 8 de mar\u00e7o ser\u00e1 antecedido da atividade online \u201cJo\u00e3o de Deus para mim? Breve coment\u00e1rio\u201d, que apresentar\u00e1, de 01 a 07 de mar\u00e7o, a perspetiva de diversos convidados sobre o poeta e pedagogo.<\/p>\n\n\n\n<p>O Munic\u00edpio de Silves convida todos a participarem neste programa comemorativo, com o objetivo de homenagear Jo\u00e3o de Deus, um filho da terra de reconhecido m\u00e9rito nacional, que ser\u00e1 para sempre recordado como uma das mais eminentes figuras do seu tempo e de toda a literatura e pedagogia portuguesas.&nbsp;<\/p>\n\n\n\n<p>Consulte o programa detalhado em\u00a0<a href=\"https:\/\/www.cm-silves.pt\/pt\/destaques\/8541\/municipio-de-silves-assinala-o-192-aniversario-do-nascimento-do-poeta-e-pedagogo-joao-de-deus.aspx\" target=\"_blank\" rel=\"noreferrer noopener\">https:\/\/www.cm-silves.pt\/pt\/destaques\/8541\/municipio-de-silves-assinala-o-192-aniversario-do-nascimento-do-poeta-e-pedagogo-joao-de-deus.aspx<\/a><\/p>\n","protected":false},"excerpt":{"rendered":"<p>Numa iniciativa promovida pelo Munic\u00edpio de Silves, ter\u00e1 lugar, em SB Messines, no pr\u00f3ximo dia 8 de mar\u00e7o &#8211; Dia<\/p>\n","protected":false},"author":1,"featured_media":15948,"comment_status":"open","ping_status":"open","sticky":false,"template":"","format":"standard","meta":{"colormag_page_container_layout":"default_layout","colormag_page_sidebar_layout":"default_layout","_monsterinsights_skip_tracking":false,"_monsterinsights_sitenote_active":false,"_monsterinsights_sitenote_note":"","_monsterinsights_sitenote_category":0,"jetpack_post_was_ever_published":false,"_jetpack_newsletter_access":"","_jetpack_dont_email_post_to_subs":false,"_jetpack_newsletter_tier_id":0,"_jetpack_memberships_contains_paywalled_content":false,"_jetpack_memberships_contains_paid_content":false,"footnotes":"","jetpack_publicize_message":"","jetpack_publicize_feature_enabled":true,"jetpack_social_post_already_shared":false,"jetpack_social_options":{"image_generator_settings":{"template":"highway","default_image_id":0,"font":"","enabled":false},"version":2}},"categories":[14],"tags":[36,35,254,42],"class_list":["post-15947","post","type-post","status-publish","format-standard","has-post-thumbnail","hentry","category-cultura","tag-algarve","tag-cultura","tag-sao-bartolomeu-de-messines","tag-silves"],"yoast_head":"<!-- This site is optimized with the Yoast SEO plugin v27.5 - https:\/\/yoast.com\/product\/yoast-seo-wordpress\/ -->\n<title>Silves assinala o 192.\u00ba anivers\u00e1rio do nascimento do poeta e pedagogo Jo\u00e3o de Deus - Algarve 7<\/title>\n<meta name=\"description\" content=\"Silves assinala o 192.\u00ba anivers\u00e1rio do nascimento do poeta e pedagogo Jo\u00e3o de Deus Cultura\" \/>\n<meta name=\"robots\" content=\"index, follow, max-snippet:-1, max-image-preview:large, max-video-preview:-1\" \/>\n<link rel=\"canonical\" href=\"https:\/\/algarve7.pt\/index.php\/2022\/02\/silves-assinala-o-192-o-aniversario-do-nascimento-do-poeta-e-pedagogo-joao-de-deus\/cultura\/14\/06\/\" \/>\n<meta property=\"og:locale\" content=\"pt_PT\" \/>\n<meta property=\"og:type\" content=\"article\" \/>\n<meta property=\"og:title\" content=\"Silves assinala o 192.\u00ba anivers\u00e1rio do nascimento do poeta e pedagogo Jo\u00e3o de Deus - Algarve 7\" \/>\n<meta property=\"og:description\" content=\"Silves assinala o 192.\u00ba anivers\u00e1rio do nascimento do poeta e pedagogo Jo\u00e3o de Deus Cultura\" \/>\n<meta property=\"og:url\" content=\"https:\/\/algarve7.pt\/index.php\/2022\/02\/silves-assinala-o-192-o-aniversario-do-nascimento-do-poeta-e-pedagogo-joao-de-deus\/cultura\/14\/06\/\" \/>\n<meta property=\"og:site_name\" content=\"Algarve 7\" \/>\n<meta property=\"article:publisher\" content=\"https:\/\/www.facebook.com\/algarve7\" \/>\n<meta property=\"article:author\" content=\"https:\/\/www.facebook.com\/algarve7\" \/>\n<meta property=\"article:published_time\" content=\"2022-02-28T14:06:09+00:00\" \/>\n<meta property=\"article:modified_time\" content=\"2022-02-28T14:06:11+00:00\" \/>\n<meta property=\"og:image\" content=\"https:\/\/algarve7.pt\/wp-content\/uploads\/2022\/02\/evento-aniversario-JDeus.jpg\" \/>\n\t<meta property=\"og:image:width\" content=\"1280\" \/>\n\t<meta property=\"og:image:height\" content=\"620\" \/>\n\t<meta property=\"og:image:type\" content=\"image\/jpeg\" \/>\n<meta name=\"author\" content=\"Algarve 7\" \/>\n<meta name=\"twitter:card\" content=\"summary_large_image\" \/>\n<meta name=\"twitter:creator\" content=\"@Algarvesete\" \/>\n<meta name=\"twitter:site\" content=\"@Algarvesete\" \/>\n<meta name=\"twitter:label1\" content=\"Escrito por\" \/>\n\t<meta name=\"twitter:data1\" content=\"Algarve 7\" \/>\n\t<meta name=\"twitter:label2\" content=\"Tempo estimado de leitura\" \/>\n\t<meta name=\"twitter:data2\" content=\"2 minutos\" \/>\n<script type=\"application\/ld+json\" class=\"yoast-schema-graph\">{\"@context\":\"https:\\\/\\\/schema.org\",\"@graph\":[{\"@type\":\"Article\",\"@id\":\"https:\\\/\\\/algarve7.pt\\\/index.php\\\/2022\\\/02\\\/silves-assinala-o-192-o-aniversario-do-nascimento-do-poeta-e-pedagogo-joao-de-deus\\\/cultura\\\/14\\\/06\\\/#article\",\"isPartOf\":{\"@id\":\"https:\\\/\\\/algarve7.pt\\\/index.php\\\/2022\\\/02\\\/silves-assinala-o-192-o-aniversario-do-nascimento-do-poeta-e-pedagogo-joao-de-deus\\\/cultura\\\/14\\\/06\\\/\"},\"author\":{\"name\":\"Algarve 7\",\"@id\":\"https:\\\/\\\/algarve7.pt\\\/#\\\/schema\\\/person\\\/23fa70681308e7b319a3204bcea45e0c\"},\"headline\":\"Silves assinala o 192.\u00ba anivers\u00e1rio do nascimento do poeta e pedagogo Jo\u00e3o de Deus\",\"datePublished\":\"2022-02-28T14:06:09+00:00\",\"dateModified\":\"2022-02-28T14:06:11+00:00\",\"mainEntityOfPage\":{\"@id\":\"https:\\\/\\\/algarve7.pt\\\/index.php\\\/2022\\\/02\\\/silves-assinala-o-192-o-aniversario-do-nascimento-do-poeta-e-pedagogo-joao-de-deus\\\/cultura\\\/14\\\/06\\\/\"},\"wordCount\":377,\"commentCount\":0,\"publisher\":{\"@id\":\"https:\\\/\\\/algarve7.pt\\\/#organization\"},\"image\":{\"@id\":\"https:\\\/\\\/algarve7.pt\\\/index.php\\\/2022\\\/02\\\/silves-assinala-o-192-o-aniversario-do-nascimento-do-poeta-e-pedagogo-joao-de-deus\\\/cultura\\\/14\\\/06\\\/#primaryimage\"},\"thumbnailUrl\":\"https:\\\/\\\/algarve7.pt\\\/wp-content\\\/uploads\\\/2022\\\/02\\\/evento-aniversario-JDeus.jpg\",\"keywords\":[\"Algarve\",\"Cultura\",\"S\u00e3o Bartolomeu de Messines\",\"Silves\"],\"articleSection\":[\"Cultura\"],\"inLanguage\":\"pt-PT\",\"potentialAction\":[{\"@type\":\"CommentAction\",\"name\":\"Comment\",\"target\":[\"https:\\\/\\\/algarve7.pt\\\/index.php\\\/2022\\\/02\\\/silves-assinala-o-192-o-aniversario-do-nascimento-do-poeta-e-pedagogo-joao-de-deus\\\/cultura\\\/14\\\/06\\\/#respond\"]}]},{\"@type\":\"WebPage\",\"@id\":\"https:\\\/\\\/algarve7.pt\\\/index.php\\\/2022\\\/02\\\/silves-assinala-o-192-o-aniversario-do-nascimento-do-poeta-e-pedagogo-joao-de-deus\\\/cultura\\\/14\\\/06\\\/\",\"url\":\"https:\\\/\\\/algarve7.pt\\\/index.php\\\/2022\\\/02\\\/silves-assinala-o-192-o-aniversario-do-nascimento-do-poeta-e-pedagogo-joao-de-deus\\\/cultura\\\/14\\\/06\\\/\",\"name\":\"Silves assinala o 192.\u00ba anivers\u00e1rio do nascimento do poeta e pedagogo Jo\u00e3o de Deus - Algarve 7\",\"isPartOf\":{\"@id\":\"https:\\\/\\\/algarve7.pt\\\/#website\"},\"primaryImageOfPage\":{\"@id\":\"https:\\\/\\\/algarve7.pt\\\/index.php\\\/2022\\\/02\\\/silves-assinala-o-192-o-aniversario-do-nascimento-do-poeta-e-pedagogo-joao-de-deus\\\/cultura\\\/14\\\/06\\\/#primaryimage\"},\"image\":{\"@id\":\"https:\\\/\\\/algarve7.pt\\\/index.php\\\/2022\\\/02\\\/silves-assinala-o-192-o-aniversario-do-nascimento-do-poeta-e-pedagogo-joao-de-deus\\\/cultura\\\/14\\\/06\\\/#primaryimage\"},\"thumbnailUrl\":\"https:\\\/\\\/algarve7.pt\\\/wp-content\\\/uploads\\\/2022\\\/02\\\/evento-aniversario-JDeus.jpg\",\"datePublished\":\"2022-02-28T14:06:09+00:00\",\"dateModified\":\"2022-02-28T14:06:11+00:00\",\"description\":\"Silves assinala o 192.\u00ba anivers\u00e1rio do nascimento do poeta e pedagogo Jo\u00e3o de Deus Cultura\",\"breadcrumb\":{\"@id\":\"https:\\\/\\\/algarve7.pt\\\/index.php\\\/2022\\\/02\\\/silves-assinala-o-192-o-aniversario-do-nascimento-do-poeta-e-pedagogo-joao-de-deus\\\/cultura\\\/14\\\/06\\\/#breadcrumb\"},\"inLanguage\":\"pt-PT\",\"potentialAction\":[{\"@type\":\"ReadAction\",\"target\":[\"https:\\\/\\\/algarve7.pt\\\/index.php\\\/2022\\\/02\\\/silves-assinala-o-192-o-aniversario-do-nascimento-do-poeta-e-pedagogo-joao-de-deus\\\/cultura\\\/14\\\/06\\\/\"]}]},{\"@type\":\"ImageObject\",\"inLanguage\":\"pt-PT\",\"@id\":\"https:\\\/\\\/algarve7.pt\\\/index.php\\\/2022\\\/02\\\/silves-assinala-o-192-o-aniversario-do-nascimento-do-poeta-e-pedagogo-joao-de-deus\\\/cultura\\\/14\\\/06\\\/#primaryimage\",\"url\":\"https:\\\/\\\/algarve7.pt\\\/wp-content\\\/uploads\\\/2022\\\/02\\\/evento-aniversario-JDeus.jpg\",\"contentUrl\":\"https:\\\/\\\/algarve7.pt\\\/wp-content\\\/uploads\\\/2022\\\/02\\\/evento-aniversario-JDeus.jpg\",\"width\":1280,\"height\":620},{\"@type\":\"BreadcrumbList\",\"@id\":\"https:\\\/\\\/algarve7.pt\\\/index.php\\\/2022\\\/02\\\/silves-assinala-o-192-o-aniversario-do-nascimento-do-poeta-e-pedagogo-joao-de-deus\\\/cultura\\\/14\\\/06\\\/#breadcrumb\",\"itemListElement\":[{\"@type\":\"ListItem\",\"position\":1,\"name\":\"In\u00edcio\",\"item\":\"https:\\\/\\\/algarve7.pt\\\/\"},{\"@type\":\"ListItem\",\"position\":2,\"name\":\"Silves assinala o 192.\u00ba anivers\u00e1rio do nascimento do poeta e pedagogo Jo\u00e3o de Deus\"}]},{\"@type\":\"WebSite\",\"@id\":\"https:\\\/\\\/algarve7.pt\\\/#website\",\"url\":\"https:\\\/\\\/algarve7.pt\\\/\",\"name\":\"Algarve 7\",\"description\":\"Informa\u00e7\u00e3o sobre o Algarve\",\"publisher\":{\"@id\":\"https:\\\/\\\/algarve7.pt\\\/#organization\"},\"potentialAction\":[{\"@type\":\"SearchAction\",\"target\":{\"@type\":\"EntryPoint\",\"urlTemplate\":\"https:\\\/\\\/algarve7.pt\\\/?s={search_term_string}\"},\"query-input\":{\"@type\":\"PropertyValueSpecification\",\"valueRequired\":true,\"valueName\":\"search_term_string\"}}],\"inLanguage\":\"pt-PT\"},{\"@type\":\"Organization\",\"@id\":\"https:\\\/\\\/algarve7.pt\\\/#organization\",\"name\":\"Algarve 7\",\"url\":\"https:\\\/\\\/algarve7.pt\\\/\",\"logo\":{\"@type\":\"ImageObject\",\"inLanguage\":\"pt-PT\",\"@id\":\"https:\\\/\\\/algarve7.pt\\\/#\\\/schema\\\/logo\\\/image\\\/\",\"url\":\"https:\\\/\\\/algarve7.pt\\\/wp-content\\\/uploads\\\/2020\\\/10\\\/Logo-8.jpg\",\"contentUrl\":\"https:\\\/\\\/algarve7.pt\\\/wp-content\\\/uploads\\\/2020\\\/10\\\/Logo-8.jpg\",\"width\":1680,\"height\":1186,\"caption\":\"Algarve 7\"},\"image\":{\"@id\":\"https:\\\/\\\/algarve7.pt\\\/#\\\/schema\\\/logo\\\/image\\\/\"},\"sameAs\":[\"https:\\\/\\\/www.facebook.com\\\/algarve7\",\"https:\\\/\\\/x.com\\\/Algarvesete\",\"https:\\\/\\\/www.instagram.com\\\/jornalalgarve7\\\/\",\"https:\\\/\\\/www.linkedin.com\\\/company\\\/algarve7\",\"https:\\\/\\\/www.pinterest.pt\\\/geral0939\\\/_created\\\/\"]},{\"@type\":\"Person\",\"@id\":\"https:\\\/\\\/algarve7.pt\\\/#\\\/schema\\\/person\\\/23fa70681308e7b319a3204bcea45e0c\",\"name\":\"Algarve 7\",\"sameAs\":[\"https:\\\/\\\/algarve7.pt\",\"https:\\\/\\\/www.facebook.com\\\/algarve7\"],\"url\":\"https:\\\/\\\/algarve7.pt\\\/index.php\\\/author\\\/geralalgarve7-pt\\\/\"}]}<\/script>\n<!-- \/ Yoast SEO plugin. -->","yoast_head_json":{"title":"Silves assinala o 192.\u00ba anivers\u00e1rio do nascimento do poeta e pedagogo Jo\u00e3o de Deus - Algarve 7","description":"Silves assinala o 192.\u00ba anivers\u00e1rio do nascimento do poeta e pedagogo Jo\u00e3o de Deus Cultura","robots":{"index":"index","follow":"follow","max-snippet":"max-snippet:-1","max-image-preview":"max-image-preview:large","max-video-preview":"max-video-preview:-1"},"canonical":"https:\/\/algarve7.pt\/index.php\/2022\/02\/silves-assinala-o-192-o-aniversario-do-nascimento-do-poeta-e-pedagogo-joao-de-deus\/cultura\/14\/06\/","og_locale":"pt_PT","og_type":"article","og_title":"Silves assinala o 192.\u00ba anivers\u00e1rio do nascimento do poeta e pedagogo Jo\u00e3o de Deus - Algarve 7","og_description":"Silves assinala o 192.\u00ba anivers\u00e1rio do nascimento do poeta e pedagogo Jo\u00e3o de Deus Cultura","og_url":"https:\/\/algarve7.pt\/index.php\/2022\/02\/silves-assinala-o-192-o-aniversario-do-nascimento-do-poeta-e-pedagogo-joao-de-deus\/cultura\/14\/06\/","og_site_name":"Algarve 7","article_publisher":"https:\/\/www.facebook.com\/algarve7","article_author":"https:\/\/www.facebook.com\/algarve7","article_published_time":"2022-02-28T14:06:09+00:00","article_modified_time":"2022-02-28T14:06:11+00:00","og_image":[{"width":1280,"height":620,"url":"https:\/\/algarve7.pt\/wp-content\/uploads\/2022\/02\/evento-aniversario-JDeus.jpg","type":"image\/jpeg"}],"author":"Algarve 7","twitter_card":"summary_large_image","twitter_creator":"@Algarvesete","twitter_site":"@Algarvesete","twitter_misc":{"Escrito por":"Algarve 7","Tempo estimado de leitura":"2 minutos"},"schema":{"@context":"https:\/\/schema.org","@graph":[{"@type":"Article","@id":"https:\/\/algarve7.pt\/index.php\/2022\/02\/silves-assinala-o-192-o-aniversario-do-nascimento-do-poeta-e-pedagogo-joao-de-deus\/cultura\/14\/06\/#article","isPartOf":{"@id":"https:\/\/algarve7.pt\/index.php\/2022\/02\/silves-assinala-o-192-o-aniversario-do-nascimento-do-poeta-e-pedagogo-joao-de-deus\/cultura\/14\/06\/"},"author":{"name":"Algarve 7","@id":"https:\/\/algarve7.pt\/#\/schema\/person\/23fa70681308e7b319a3204bcea45e0c"},"headline":"Silves assinala o 192.\u00ba anivers\u00e1rio do nascimento do poeta e pedagogo Jo\u00e3o de Deus","datePublished":"2022-02-28T14:06:09+00:00","dateModified":"2022-02-28T14:06:11+00:00","mainEntityOfPage":{"@id":"https:\/\/algarve7.pt\/index.php\/2022\/02\/silves-assinala-o-192-o-aniversario-do-nascimento-do-poeta-e-pedagogo-joao-de-deus\/cultura\/14\/06\/"},"wordCount":377,"commentCount":0,"publisher":{"@id":"https:\/\/algarve7.pt\/#organization"},"image":{"@id":"https:\/\/algarve7.pt\/index.php\/2022\/02\/silves-assinala-o-192-o-aniversario-do-nascimento-do-poeta-e-pedagogo-joao-de-deus\/cultura\/14\/06\/#primaryimage"},"thumbnailUrl":"https:\/\/algarve7.pt\/wp-content\/uploads\/2022\/02\/evento-aniversario-JDeus.jpg","keywords":["Algarve","Cultura","S\u00e3o Bartolomeu de Messines","Silves"],"articleSection":["Cultura"],"inLanguage":"pt-PT","potentialAction":[{"@type":"CommentAction","name":"Comment","target":["https:\/\/algarve7.pt\/index.php\/2022\/02\/silves-assinala-o-192-o-aniversario-do-nascimento-do-poeta-e-pedagogo-joao-de-deus\/cultura\/14\/06\/#respond"]}]},{"@type":"WebPage","@id":"https:\/\/algarve7.pt\/index.php\/2022\/02\/silves-assinala-o-192-o-aniversario-do-nascimento-do-poeta-e-pedagogo-joao-de-deus\/cultura\/14\/06\/","url":"https:\/\/algarve7.pt\/index.php\/2022\/02\/silves-assinala-o-192-o-aniversario-do-nascimento-do-poeta-e-pedagogo-joao-de-deus\/cultura\/14\/06\/","name":"Silves assinala o 192.\u00ba anivers\u00e1rio do nascimento do poeta e pedagogo Jo\u00e3o de Deus - Algarve 7","isPartOf":{"@id":"https:\/\/algarve7.pt\/#website"},"primaryImageOfPage":{"@id":"https:\/\/algarve7.pt\/index.php\/2022\/02\/silves-assinala-o-192-o-aniversario-do-nascimento-do-poeta-e-pedagogo-joao-de-deus\/cultura\/14\/06\/#primaryimage"},"image":{"@id":"https:\/\/algarve7.pt\/index.php\/2022\/02\/silves-assinala-o-192-o-aniversario-do-nascimento-do-poeta-e-pedagogo-joao-de-deus\/cultura\/14\/06\/#primaryimage"},"thumbnailUrl":"https:\/\/algarve7.pt\/wp-content\/uploads\/2022\/02\/evento-aniversario-JDeus.jpg","datePublished":"2022-02-28T14:06:09+00:00","dateModified":"2022-02-28T14:06:11+00:00","description":"Silves assinala o 192.\u00ba anivers\u00e1rio do nascimento do poeta e pedagogo Jo\u00e3o de Deus Cultura","breadcrumb":{"@id":"https:\/\/algarve7.pt\/index.php\/2022\/02\/silves-assinala-o-192-o-aniversario-do-nascimento-do-poeta-e-pedagogo-joao-de-deus\/cultura\/14\/06\/#breadcrumb"},"inLanguage":"pt-PT","potentialAction":[{"@type":"ReadAction","target":["https:\/\/algarve7.pt\/index.php\/2022\/02\/silves-assinala-o-192-o-aniversario-do-nascimento-do-poeta-e-pedagogo-joao-de-deus\/cultura\/14\/06\/"]}]},{"@type":"ImageObject","inLanguage":"pt-PT","@id":"https:\/\/algarve7.pt\/index.php\/2022\/02\/silves-assinala-o-192-o-aniversario-do-nascimento-do-poeta-e-pedagogo-joao-de-deus\/cultura\/14\/06\/#primaryimage","url":"https:\/\/algarve7.pt\/wp-content\/uploads\/2022\/02\/evento-aniversario-JDeus.jpg","contentUrl":"https:\/\/algarve7.pt\/wp-content\/uploads\/2022\/02\/evento-aniversario-JDeus.jpg","width":1280,"height":620},{"@type":"BreadcrumbList","@id":"https:\/\/algarve7.pt\/index.php\/2022\/02\/silves-assinala-o-192-o-aniversario-do-nascimento-do-poeta-e-pedagogo-joao-de-deus\/cultura\/14\/06\/#breadcrumb","itemListElement":[{"@type":"ListItem","position":1,"name":"In\u00edcio","item":"https:\/\/algarve7.pt\/"},{"@type":"ListItem","position":2,"name":"Silves assinala o 192.\u00ba anivers\u00e1rio do nascimento do poeta e pedagogo Jo\u00e3o de Deus"}]},{"@type":"WebSite","@id":"https:\/\/algarve7.pt\/#website","url":"https:\/\/algarve7.pt\/","name":"Algarve 7","description":"Informa\u00e7\u00e3o sobre o Algarve","publisher":{"@id":"https:\/\/algarve7.pt\/#organization"},"potentialAction":[{"@type":"SearchAction","target":{"@type":"EntryPoint","urlTemplate":"https:\/\/algarve7.pt\/?s={search_term_string}"},"query-input":{"@type":"PropertyValueSpecification","valueRequired":true,"valueName":"search_term_string"}}],"inLanguage":"pt-PT"},{"@type":"Organization","@id":"https:\/\/algarve7.pt\/#organization","name":"Algarve 7","url":"https:\/\/algarve7.pt\/","logo":{"@type":"ImageObject","inLanguage":"pt-PT","@id":"https:\/\/algarve7.pt\/#\/schema\/logo\/image\/","url":"https:\/\/algarve7.pt\/wp-content\/uploads\/2020\/10\/Logo-8.jpg","contentUrl":"https:\/\/algarve7.pt\/wp-content\/uploads\/2020\/10\/Logo-8.jpg","width":1680,"height":1186,"caption":"Algarve 7"},"image":{"@id":"https:\/\/algarve7.pt\/#\/schema\/logo\/image\/"},"sameAs":["https:\/\/www.facebook.com\/algarve7","https:\/\/x.com\/Algarvesete","https:\/\/www.instagram.com\/jornalalgarve7\/","https:\/\/www.linkedin.com\/company\/algarve7","https:\/\/www.pinterest.pt\/geral0939\/_created\/"]},{"@type":"Person","@id":"https:\/\/algarve7.pt\/#\/schema\/person\/23fa70681308e7b319a3204bcea45e0c","name":"Algarve 7","sameAs":["https:\/\/algarve7.pt","https:\/\/www.facebook.com\/algarve7"],"url":"https:\/\/algarve7.pt\/index.php\/author\/geralalgarve7-pt\/"}]}},"jetpack_publicize_connections":[],"jetpack_featured_media_url":"https:\/\/algarve7.pt\/wp-content\/uploads\/2022\/02\/evento-aniversario-JDeus.jpg","jetpack_shortlink":"https:\/\/wp.me\/pcezmW-49d","jetpack_sharing_enabled":true,"_links":{"self":[{"href":"https:\/\/algarve7.pt\/index.php\/wp-json\/wp\/v2\/posts\/15947","targetHints":{"allow":["GET"]}}],"collection":[{"href":"https:\/\/algarve7.pt\/index.php\/wp-json\/wp\/v2\/posts"}],"about":[{"href":"https:\/\/algarve7.pt\/index.php\/wp-json\/wp\/v2\/types\/post"}],"author":[{"embeddable":true,"href":"https:\/\/algarve7.pt\/index.php\/wp-json\/wp\/v2\/users\/1"}],"replies":[{"embeddable":true,"href":"https:\/\/algarve7.pt\/index.php\/wp-json\/wp\/v2\/comments?post=15947"}],"version-history":[{"count":0,"href":"https:\/\/algarve7.pt\/index.php\/wp-json\/wp\/v2\/posts\/15947\/revisions"}],"wp:featuredmedia":[{"embeddable":true,"href":"https:\/\/algarve7.pt\/index.php\/wp-json\/wp\/v2\/media\/15948"}],"wp:attachment":[{"href":"https:\/\/algarve7.pt\/index.php\/wp-json\/wp\/v2\/media?parent=15947"}],"wp:term":[{"taxonomy":"category","embeddable":true,"href":"https:\/\/algarve7.pt\/index.php\/wp-json\/wp\/v2\/categories?post=15947"},{"taxonomy":"post_tag","embeddable":true,"href":"https:\/\/algarve7.pt\/index.php\/wp-json\/wp\/v2\/tags?post=15947"}],"curies":[{"name":"wp","href":"https:\/\/api.w.org\/{rel}","templated":true}]}}