{"id":15944,"date":"2022-02-28T11:30:20","date_gmt":"2022-02-28T11:30:20","guid":{"rendered":"https:\/\/algarve7.pt\/?p=15944"},"modified":"2022-02-28T11:30:23","modified_gmt":"2022-02-28T11:30:23","slug":"programa-formacao-proxima-disponibiliza-inquerito","status":"publish","type":"post","link":"https:\/\/algarve7.pt\/index.php\/2022\/02\/programa-formacao-proxima-disponibiliza-inquerito\/turismo\/11\/30\/","title":{"rendered":"Programa \u201cForma\u00e7\u00e3o + Pr\u00f3xima\u201d disponibiliza inqu\u00e9rito"},"content":{"rendered":"\n<p>Criado atrav\u00e9s de uma parceria entre o Turismo de Portugal, Escola de Hotelaria e Turismo de Portim\u00e3o e o munic\u00edpio de Lagos, este programa de capacita\u00e7\u00e3o de recursos humanos de empresas e entidades do concelho disponibiliza um inqu\u00e9rito de diagn\u00f3stico para que as a\u00e7\u00f5es a desenvolver possam ir ao encontro das necessidades de qualifica\u00e7\u00e3o das diferentes organiza\u00e7\u00f5es, o qual dever\u00e1 ser respondido at\u00e9 8 de mar\u00e7o<strong>.<\/strong><\/p>\n\n\n\n<p>A integra\u00e7\u00e3o do munic\u00edpio no programa \u201cForma\u00e7\u00e3o + Pr\u00f3xima\u201d surgiu em novembro de 2021 com a assinatura de protocolo numa cerim\u00f3nia que decorreu em Amarante e que contou com a presen\u00e7a de Lu\u00eds Ara\u00fajo, presidente do Turismo de Portugal, e de Rita Marques, Secret\u00e1ria de Estado do Turismo.&nbsp;<\/p>\n\n\n\n<p>Um dos principais objetivos deste programa passa pela oferta formativa gratuita direcionada a empresas e entidades direta ou indiretamente associadas ao setor do Turismo (empres\u00e1rios e gestores, quadros interm\u00e9dios e operacionais), garantindo um refor\u00e7o das suas compet\u00eancias e qualifica\u00e7\u00f5es na \u00e1rea.&nbsp;Este programa apresentado pelo Turismo de Portugal e desenvolvido nas Escolas de Hotelaria e Turismo, em parceria com as c\u00e2maras municipais, insere-se no plano \u201cReativar o Turismo \u2013 Construir o Futuro\u201d, o qual visa desenvolver o setor, especialmente depois do impacto causado pela crise pand\u00e9mica.&nbsp;<\/p>\n\n\n\n<p>Estas a\u00e7\u00f5es de forma\u00e7\u00e3o ser\u00e3o certificadas, atrav\u00e9s da plataforma SIGO, enquadrando-se nas quarenta horas de forma\u00e7\u00e3o previstas no C\u00f3digo de Trabalho.<\/p>\n\n\n\n<p>Para que o munic\u00edpio disponha de uma oferta tur\u00edstica mais capacitada, qualificada e criadora de valor no tecido econ\u00f3mico local, surgiu a necessidade de disponibilizar este question\u00e1rio como forma de ir ao encontro das necessidades espec\u00edficas das empresas e entidades locais.<\/p>\n\n\n\n<p>O question\u00e1rio dever\u00e1 ser respondido at\u00e9 8 de mar\u00e7o e est\u00e1 dispon\u00edvel\u00a0<a href=\"https:\/\/www.lagosempreendedor.com\/pt\/questionario\" target=\"_blank\" rel=\"noreferrer noopener\">aqui<\/a>.<\/p>\n\n\n\n<p>Para mais informa\u00e7\u00f5es, contacte <a href=\"mailto:info@lagosempreendedor.com\" target=\"_blank\" rel=\"noreferrer noopener\">info@lagosempreendedor.com<\/a>\u00a0<\/p>\n","protected":false},"excerpt":{"rendered":"<p>Criado atrav\u00e9s de uma parceria entre o Turismo de Portugal, Escola de Hotelaria e Turismo de Portim\u00e3o e o munic\u00edpio<\/p>\n","protected":false},"author":1,"featured_media":15945,"comment_status":"open","ping_status":"open","sticky":false,"template":"","format":"standard","meta":{"colormag_page_container_layout":"default_layout","colormag_page_sidebar_layout":"default_layout","_monsterinsights_skip_tracking":false,"_monsterinsights_sitenote_active":false,"_monsterinsights_sitenote_note":"","_monsterinsights_sitenote_category":0,"jetpack_post_was_ever_published":false,"_jetpack_newsletter_access":"","_jetpack_dont_email_post_to_subs":false,"_jetpack_newsletter_tier_id":0,"_jetpack_memberships_contains_paywalled_content":false,"_jetpack_memberships_contains_paid_content":false,"footnotes":"","jetpack_publicize_message":"","jetpack_publicize_feature_enabled":true,"jetpack_social_post_already_shared":false,"jetpack_social_options":{"image_generator_settings":{"template":"highway","default_image_id":0,"font":"","enabled":false},"version":2}},"categories":[17],"tags":[36,360,68,45],"class_list":["post-15944","post","type-post","status-publish","format-standard","has-post-thumbnail","hentry","category-turismo","tag-algarve","tag-formacao","tag-lagos","tag-turismo"],"yoast_head":"<!-- This site is optimized with the Yoast SEO plugin v27.5 - https:\/\/yoast.com\/product\/yoast-seo-wordpress\/ -->\n<title>Programa \u201cForma\u00e7\u00e3o + Pr\u00f3xima\u201d disponibiliza inqu\u00e9rito - Algarve 7<\/title>\n<meta name=\"description\" content=\"Programa \u201cForma\u00e7\u00e3o + Pr\u00f3xima\u201d disponibiliza inqu\u00e9rito Turismo\" \/>\n<meta name=\"robots\" content=\"index, follow, max-snippet:-1, max-image-preview:large, max-video-preview:-1\" \/>\n<link rel=\"canonical\" href=\"https:\/\/algarve7.pt\/index.php\/2022\/02\/programa-formacao-proxima-disponibiliza-inquerito\/turismo\/11\/30\/\" \/>\n<meta property=\"og:locale\" content=\"pt_PT\" \/>\n<meta property=\"og:type\" content=\"article\" \/>\n<meta property=\"og:title\" content=\"Programa \u201cForma\u00e7\u00e3o + Pr\u00f3xima\u201d disponibiliza inqu\u00e9rito - Algarve 7\" \/>\n<meta property=\"og:description\" content=\"Programa \u201cForma\u00e7\u00e3o + Pr\u00f3xima\u201d disponibiliza inqu\u00e9rito Turismo\" \/>\n<meta property=\"og:url\" content=\"https:\/\/algarve7.pt\/index.php\/2022\/02\/programa-formacao-proxima-disponibiliza-inquerito\/turismo\/11\/30\/\" \/>\n<meta property=\"og:site_name\" content=\"Algarve 7\" \/>\n<meta property=\"article:publisher\" content=\"https:\/\/www.facebook.com\/algarve7\" \/>\n<meta property=\"article:author\" content=\"https:\/\/www.facebook.com\/algarve7\" \/>\n<meta property=\"article:published_time\" content=\"2022-02-28T11:30:20+00:00\" \/>\n<meta property=\"article:modified_time\" content=\"2022-02-28T11:30:23+00:00\" \/>\n<meta property=\"og:image\" content=\"https:\/\/algarve7.pt\/wp-content\/uploads\/2022\/02\/LOGOS-45.jpg\" \/>\n\t<meta property=\"og:image:width\" content=\"1200\" \/>\n\t<meta property=\"og:image:height\" content=\"800\" \/>\n\t<meta property=\"og:image:type\" content=\"image\/jpeg\" \/>\n<meta name=\"author\" content=\"Algarve 7\" \/>\n<meta name=\"twitter:card\" content=\"summary_large_image\" \/>\n<meta name=\"twitter:creator\" content=\"@Algarvesete\" \/>\n<meta name=\"twitter:site\" content=\"@Algarvesete\" \/>\n<meta name=\"twitter:label1\" content=\"Escrito por\" \/>\n\t<meta name=\"twitter:data1\" content=\"Algarve 7\" \/>\n\t<meta name=\"twitter:label2\" content=\"Tempo estimado de leitura\" \/>\n\t<meta name=\"twitter:data2\" content=\"2 minutos\" \/>\n<script type=\"application\/ld+json\" class=\"yoast-schema-graph\">{\"@context\":\"https:\\\/\\\/schema.org\",\"@graph\":[{\"@type\":\"Article\",\"@id\":\"https:\\\/\\\/algarve7.pt\\\/index.php\\\/2022\\\/02\\\/programa-formacao-proxima-disponibiliza-inquerito\\\/turismo\\\/11\\\/30\\\/#article\",\"isPartOf\":{\"@id\":\"https:\\\/\\\/algarve7.pt\\\/index.php\\\/2022\\\/02\\\/programa-formacao-proxima-disponibiliza-inquerito\\\/turismo\\\/11\\\/30\\\/\"},\"author\":{\"name\":\"Algarve 7\",\"@id\":\"https:\\\/\\\/algarve7.pt\\\/#\\\/schema\\\/person\\\/23fa70681308e7b319a3204bcea45e0c\"},\"headline\":\"Programa \u201cForma\u00e7\u00e3o + Pr\u00f3xima\u201d disponibiliza inqu\u00e9rito\",\"datePublished\":\"2022-02-28T11:30:20+00:00\",\"dateModified\":\"2022-02-28T11:30:23+00:00\",\"mainEntityOfPage\":{\"@id\":\"https:\\\/\\\/algarve7.pt\\\/index.php\\\/2022\\\/02\\\/programa-formacao-proxima-disponibiliza-inquerito\\\/turismo\\\/11\\\/30\\\/\"},\"wordCount\":329,\"commentCount\":0,\"publisher\":{\"@id\":\"https:\\\/\\\/algarve7.pt\\\/#organization\"},\"image\":{\"@id\":\"https:\\\/\\\/algarve7.pt\\\/index.php\\\/2022\\\/02\\\/programa-formacao-proxima-disponibiliza-inquerito\\\/turismo\\\/11\\\/30\\\/#primaryimage\"},\"thumbnailUrl\":\"https:\\\/\\\/algarve7.pt\\\/wp-content\\\/uploads\\\/2022\\\/02\\\/LOGOS-45.jpg\",\"keywords\":[\"Algarve\",\"Forma\u00e7\u00e3o\",\"Lagos\",\"Turismo\"],\"articleSection\":[\"Turismo\"],\"inLanguage\":\"pt-PT\",\"potentialAction\":[{\"@type\":\"CommentAction\",\"name\":\"Comment\",\"target\":[\"https:\\\/\\\/algarve7.pt\\\/index.php\\\/2022\\\/02\\\/programa-formacao-proxima-disponibiliza-inquerito\\\/turismo\\\/11\\\/30\\\/#respond\"]}]},{\"@type\":\"WebPage\",\"@id\":\"https:\\\/\\\/algarve7.pt\\\/index.php\\\/2022\\\/02\\\/programa-formacao-proxima-disponibiliza-inquerito\\\/turismo\\\/11\\\/30\\\/\",\"url\":\"https:\\\/\\\/algarve7.pt\\\/index.php\\\/2022\\\/02\\\/programa-formacao-proxima-disponibiliza-inquerito\\\/turismo\\\/11\\\/30\\\/\",\"name\":\"Programa \u201cForma\u00e7\u00e3o + Pr\u00f3xima\u201d disponibiliza inqu\u00e9rito - Algarve 7\",\"isPartOf\":{\"@id\":\"https:\\\/\\\/algarve7.pt\\\/#website\"},\"primaryImageOfPage\":{\"@id\":\"https:\\\/\\\/algarve7.pt\\\/index.php\\\/2022\\\/02\\\/programa-formacao-proxima-disponibiliza-inquerito\\\/turismo\\\/11\\\/30\\\/#primaryimage\"},\"image\":{\"@id\":\"https:\\\/\\\/algarve7.pt\\\/index.php\\\/2022\\\/02\\\/programa-formacao-proxima-disponibiliza-inquerito\\\/turismo\\\/11\\\/30\\\/#primaryimage\"},\"thumbnailUrl\":\"https:\\\/\\\/algarve7.pt\\\/wp-content\\\/uploads\\\/2022\\\/02\\\/LOGOS-45.jpg\",\"datePublished\":\"2022-02-28T11:30:20+00:00\",\"dateModified\":\"2022-02-28T11:30:23+00:00\",\"description\":\"Programa \u201cForma\u00e7\u00e3o + Pr\u00f3xima\u201d disponibiliza inqu\u00e9rito Turismo\",\"breadcrumb\":{\"@id\":\"https:\\\/\\\/algarve7.pt\\\/index.php\\\/2022\\\/02\\\/programa-formacao-proxima-disponibiliza-inquerito\\\/turismo\\\/11\\\/30\\\/#breadcrumb\"},\"inLanguage\":\"pt-PT\",\"potentialAction\":[{\"@type\":\"ReadAction\",\"target\":[\"https:\\\/\\\/algarve7.pt\\\/index.php\\\/2022\\\/02\\\/programa-formacao-proxima-disponibiliza-inquerito\\\/turismo\\\/11\\\/30\\\/\"]}]},{\"@type\":\"ImageObject\",\"inLanguage\":\"pt-PT\",\"@id\":\"https:\\\/\\\/algarve7.pt\\\/index.php\\\/2022\\\/02\\\/programa-formacao-proxima-disponibiliza-inquerito\\\/turismo\\\/11\\\/30\\\/#primaryimage\",\"url\":\"https:\\\/\\\/algarve7.pt\\\/wp-content\\\/uploads\\\/2022\\\/02\\\/LOGOS-45.jpg\",\"contentUrl\":\"https:\\\/\\\/algarve7.pt\\\/wp-content\\\/uploads\\\/2022\\\/02\\\/LOGOS-45.jpg\",\"width\":1200,\"height\":800},{\"@type\":\"BreadcrumbList\",\"@id\":\"https:\\\/\\\/algarve7.pt\\\/index.php\\\/2022\\\/02\\\/programa-formacao-proxima-disponibiliza-inquerito\\\/turismo\\\/11\\\/30\\\/#breadcrumb\",\"itemListElement\":[{\"@type\":\"ListItem\",\"position\":1,\"name\":\"In\u00edcio\",\"item\":\"https:\\\/\\\/algarve7.pt\\\/\"},{\"@type\":\"ListItem\",\"position\":2,\"name\":\"Programa \u201cForma\u00e7\u00e3o + Pr\u00f3xima\u201d disponibiliza inqu\u00e9rito\"}]},{\"@type\":\"WebSite\",\"@id\":\"https:\\\/\\\/algarve7.pt\\\/#website\",\"url\":\"https:\\\/\\\/algarve7.pt\\\/\",\"name\":\"Algarve 7\",\"description\":\"Informa\u00e7\u00e3o sobre o Algarve\",\"publisher\":{\"@id\":\"https:\\\/\\\/algarve7.pt\\\/#organization\"},\"potentialAction\":[{\"@type\":\"SearchAction\",\"target\":{\"@type\":\"EntryPoint\",\"urlTemplate\":\"https:\\\/\\\/algarve7.pt\\\/?s={search_term_string}\"},\"query-input\":{\"@type\":\"PropertyValueSpecification\",\"valueRequired\":true,\"valueName\":\"search_term_string\"}}],\"inLanguage\":\"pt-PT\"},{\"@type\":\"Organization\",\"@id\":\"https:\\\/\\\/algarve7.pt\\\/#organization\",\"name\":\"Algarve 7\",\"url\":\"https:\\\/\\\/algarve7.pt\\\/\",\"logo\":{\"@type\":\"ImageObject\",\"inLanguage\":\"pt-PT\",\"@id\":\"https:\\\/\\\/algarve7.pt\\\/#\\\/schema\\\/logo\\\/image\\\/\",\"url\":\"https:\\\/\\\/algarve7.pt\\\/wp-content\\\/uploads\\\/2020\\\/10\\\/Logo-8.jpg\",\"contentUrl\":\"https:\\\/\\\/algarve7.pt\\\/wp-content\\\/uploads\\\/2020\\\/10\\\/Logo-8.jpg\",\"width\":1680,\"height\":1186,\"caption\":\"Algarve 7\"},\"image\":{\"@id\":\"https:\\\/\\\/algarve7.pt\\\/#\\\/schema\\\/logo\\\/image\\\/\"},\"sameAs\":[\"https:\\\/\\\/www.facebook.com\\\/algarve7\",\"https:\\\/\\\/x.com\\\/Algarvesete\",\"https:\\\/\\\/www.instagram.com\\\/jornalalgarve7\\\/\",\"https:\\\/\\\/www.linkedin.com\\\/company\\\/algarve7\",\"https:\\\/\\\/www.pinterest.pt\\\/geral0939\\\/_created\\\/\"]},{\"@type\":\"Person\",\"@id\":\"https:\\\/\\\/algarve7.pt\\\/#\\\/schema\\\/person\\\/23fa70681308e7b319a3204bcea45e0c\",\"name\":\"Algarve 7\",\"sameAs\":[\"https:\\\/\\\/algarve7.pt\",\"https:\\\/\\\/www.facebook.com\\\/algarve7\"],\"url\":\"https:\\\/\\\/algarve7.pt\\\/index.php\\\/author\\\/geralalgarve7-pt\\\/\"}]}<\/script>\n<!-- \/ Yoast SEO plugin. -->","yoast_head_json":{"title":"Programa \u201cForma\u00e7\u00e3o + Pr\u00f3xima\u201d disponibiliza inqu\u00e9rito - Algarve 7","description":"Programa \u201cForma\u00e7\u00e3o + Pr\u00f3xima\u201d disponibiliza inqu\u00e9rito Turismo","robots":{"index":"index","follow":"follow","max-snippet":"max-snippet:-1","max-image-preview":"max-image-preview:large","max-video-preview":"max-video-preview:-1"},"canonical":"https:\/\/algarve7.pt\/index.php\/2022\/02\/programa-formacao-proxima-disponibiliza-inquerito\/turismo\/11\/30\/","og_locale":"pt_PT","og_type":"article","og_title":"Programa \u201cForma\u00e7\u00e3o + Pr\u00f3xima\u201d disponibiliza inqu\u00e9rito - Algarve 7","og_description":"Programa \u201cForma\u00e7\u00e3o + Pr\u00f3xima\u201d disponibiliza inqu\u00e9rito Turismo","og_url":"https:\/\/algarve7.pt\/index.php\/2022\/02\/programa-formacao-proxima-disponibiliza-inquerito\/turismo\/11\/30\/","og_site_name":"Algarve 7","article_publisher":"https:\/\/www.facebook.com\/algarve7","article_author":"https:\/\/www.facebook.com\/algarve7","article_published_time":"2022-02-28T11:30:20+00:00","article_modified_time":"2022-02-28T11:30:23+00:00","og_image":[{"width":1200,"height":800,"url":"https:\/\/algarve7.pt\/wp-content\/uploads\/2022\/02\/LOGOS-45.jpg","type":"image\/jpeg"}],"author":"Algarve 7","twitter_card":"summary_large_image","twitter_creator":"@Algarvesete","twitter_site":"@Algarvesete","twitter_misc":{"Escrito por":"Algarve 7","Tempo estimado de leitura":"2 minutos"},"schema":{"@context":"https:\/\/schema.org","@graph":[{"@type":"Article","@id":"https:\/\/algarve7.pt\/index.php\/2022\/02\/programa-formacao-proxima-disponibiliza-inquerito\/turismo\/11\/30\/#article","isPartOf":{"@id":"https:\/\/algarve7.pt\/index.php\/2022\/02\/programa-formacao-proxima-disponibiliza-inquerito\/turismo\/11\/30\/"},"author":{"name":"Algarve 7","@id":"https:\/\/algarve7.pt\/#\/schema\/person\/23fa70681308e7b319a3204bcea45e0c"},"headline":"Programa \u201cForma\u00e7\u00e3o + Pr\u00f3xima\u201d disponibiliza inqu\u00e9rito","datePublished":"2022-02-28T11:30:20+00:00","dateModified":"2022-02-28T11:30:23+00:00","mainEntityOfPage":{"@id":"https:\/\/algarve7.pt\/index.php\/2022\/02\/programa-formacao-proxima-disponibiliza-inquerito\/turismo\/11\/30\/"},"wordCount":329,"commentCount":0,"publisher":{"@id":"https:\/\/algarve7.pt\/#organization"},"image":{"@id":"https:\/\/algarve7.pt\/index.php\/2022\/02\/programa-formacao-proxima-disponibiliza-inquerito\/turismo\/11\/30\/#primaryimage"},"thumbnailUrl":"https:\/\/algarve7.pt\/wp-content\/uploads\/2022\/02\/LOGOS-45.jpg","keywords":["Algarve","Forma\u00e7\u00e3o","Lagos","Turismo"],"articleSection":["Turismo"],"inLanguage":"pt-PT","potentialAction":[{"@type":"CommentAction","name":"Comment","target":["https:\/\/algarve7.pt\/index.php\/2022\/02\/programa-formacao-proxima-disponibiliza-inquerito\/turismo\/11\/30\/#respond"]}]},{"@type":"WebPage","@id":"https:\/\/algarve7.pt\/index.php\/2022\/02\/programa-formacao-proxima-disponibiliza-inquerito\/turismo\/11\/30\/","url":"https:\/\/algarve7.pt\/index.php\/2022\/02\/programa-formacao-proxima-disponibiliza-inquerito\/turismo\/11\/30\/","name":"Programa \u201cForma\u00e7\u00e3o + Pr\u00f3xima\u201d disponibiliza inqu\u00e9rito - Algarve 7","isPartOf":{"@id":"https:\/\/algarve7.pt\/#website"},"primaryImageOfPage":{"@id":"https:\/\/algarve7.pt\/index.php\/2022\/02\/programa-formacao-proxima-disponibiliza-inquerito\/turismo\/11\/30\/#primaryimage"},"image":{"@id":"https:\/\/algarve7.pt\/index.php\/2022\/02\/programa-formacao-proxima-disponibiliza-inquerito\/turismo\/11\/30\/#primaryimage"},"thumbnailUrl":"https:\/\/algarve7.pt\/wp-content\/uploads\/2022\/02\/LOGOS-45.jpg","datePublished":"2022-02-28T11:30:20+00:00","dateModified":"2022-02-28T11:30:23+00:00","description":"Programa \u201cForma\u00e7\u00e3o + Pr\u00f3xima\u201d disponibiliza inqu\u00e9rito Turismo","breadcrumb":{"@id":"https:\/\/algarve7.pt\/index.php\/2022\/02\/programa-formacao-proxima-disponibiliza-inquerito\/turismo\/11\/30\/#breadcrumb"},"inLanguage":"pt-PT","potentialAction":[{"@type":"ReadAction","target":["https:\/\/algarve7.pt\/index.php\/2022\/02\/programa-formacao-proxima-disponibiliza-inquerito\/turismo\/11\/30\/"]}]},{"@type":"ImageObject","inLanguage":"pt-PT","@id":"https:\/\/algarve7.pt\/index.php\/2022\/02\/programa-formacao-proxima-disponibiliza-inquerito\/turismo\/11\/30\/#primaryimage","url":"https:\/\/algarve7.pt\/wp-content\/uploads\/2022\/02\/LOGOS-45.jpg","contentUrl":"https:\/\/algarve7.pt\/wp-content\/uploads\/2022\/02\/LOGOS-45.jpg","width":1200,"height":800},{"@type":"BreadcrumbList","@id":"https:\/\/algarve7.pt\/index.php\/2022\/02\/programa-formacao-proxima-disponibiliza-inquerito\/turismo\/11\/30\/#breadcrumb","itemListElement":[{"@type":"ListItem","position":1,"name":"In\u00edcio","item":"https:\/\/algarve7.pt\/"},{"@type":"ListItem","position":2,"name":"Programa \u201cForma\u00e7\u00e3o + Pr\u00f3xima\u201d disponibiliza inqu\u00e9rito"}]},{"@type":"WebSite","@id":"https:\/\/algarve7.pt\/#website","url":"https:\/\/algarve7.pt\/","name":"Algarve 7","description":"Informa\u00e7\u00e3o sobre o Algarve","publisher":{"@id":"https:\/\/algarve7.pt\/#organization"},"potentialAction":[{"@type":"SearchAction","target":{"@type":"EntryPoint","urlTemplate":"https:\/\/algarve7.pt\/?s={search_term_string}"},"query-input":{"@type":"PropertyValueSpecification","valueRequired":true,"valueName":"search_term_string"}}],"inLanguage":"pt-PT"},{"@type":"Organization","@id":"https:\/\/algarve7.pt\/#organization","name":"Algarve 7","url":"https:\/\/algarve7.pt\/","logo":{"@type":"ImageObject","inLanguage":"pt-PT","@id":"https:\/\/algarve7.pt\/#\/schema\/logo\/image\/","url":"https:\/\/algarve7.pt\/wp-content\/uploads\/2020\/10\/Logo-8.jpg","contentUrl":"https:\/\/algarve7.pt\/wp-content\/uploads\/2020\/10\/Logo-8.jpg","width":1680,"height":1186,"caption":"Algarve 7"},"image":{"@id":"https:\/\/algarve7.pt\/#\/schema\/logo\/image\/"},"sameAs":["https:\/\/www.facebook.com\/algarve7","https:\/\/x.com\/Algarvesete","https:\/\/www.instagram.com\/jornalalgarve7\/","https:\/\/www.linkedin.com\/company\/algarve7","https:\/\/www.pinterest.pt\/geral0939\/_created\/"]},{"@type":"Person","@id":"https:\/\/algarve7.pt\/#\/schema\/person\/23fa70681308e7b319a3204bcea45e0c","name":"Algarve 7","sameAs":["https:\/\/algarve7.pt","https:\/\/www.facebook.com\/algarve7"],"url":"https:\/\/algarve7.pt\/index.php\/author\/geralalgarve7-pt\/"}]}},"jetpack_publicize_connections":[],"jetpack_featured_media_url":"https:\/\/algarve7.pt\/wp-content\/uploads\/2022\/02\/LOGOS-45.jpg","jetpack_shortlink":"https:\/\/wp.me\/pcezmW-49a","jetpack_sharing_enabled":true,"_links":{"self":[{"href":"https:\/\/algarve7.pt\/index.php\/wp-json\/wp\/v2\/posts\/15944","targetHints":{"allow":["GET"]}}],"collection":[{"href":"https:\/\/algarve7.pt\/index.php\/wp-json\/wp\/v2\/posts"}],"about":[{"href":"https:\/\/algarve7.pt\/index.php\/wp-json\/wp\/v2\/types\/post"}],"author":[{"embeddable":true,"href":"https:\/\/algarve7.pt\/index.php\/wp-json\/wp\/v2\/users\/1"}],"replies":[{"embeddable":true,"href":"https:\/\/algarve7.pt\/index.php\/wp-json\/wp\/v2\/comments?post=15944"}],"version-history":[{"count":0,"href":"https:\/\/algarve7.pt\/index.php\/wp-json\/wp\/v2\/posts\/15944\/revisions"}],"wp:featuredmedia":[{"embeddable":true,"href":"https:\/\/algarve7.pt\/index.php\/wp-json\/wp\/v2\/media\/15945"}],"wp:attachment":[{"href":"https:\/\/algarve7.pt\/index.php\/wp-json\/wp\/v2\/media?parent=15944"}],"wp:term":[{"taxonomy":"category","embeddable":true,"href":"https:\/\/algarve7.pt\/index.php\/wp-json\/wp\/v2\/categories?post=15944"},{"taxonomy":"post_tag","embeddable":true,"href":"https:\/\/algarve7.pt\/index.php\/wp-json\/wp\/v2\/tags?post=15944"}],"curies":[{"name":"wp","href":"https:\/\/api.w.org\/{rel}","templated":true}]}}