{"id":15879,"date":"2022-02-26T09:30:29","date_gmt":"2022-02-26T09:30:29","guid":{"rendered":"https:\/\/algarve7.pt\/?p=15879"},"modified":"2022-02-26T09:30:32","modified_gmt":"2022-02-26T09:30:32","slug":"tavira-promove-o-orcamento-participativo-2022","status":"publish","type":"post","link":"https:\/\/algarve7.pt\/index.php\/2022\/02\/tavira-promove-o-orcamento-participativo-2022\/economia\/09\/30\/","title":{"rendered":"Tavira promove o Or\u00e7amento Participativo 2022"},"content":{"rendered":"\n<p>No seguimento de uma pol\u00edtica de maior proximidade com todos os cidad\u00e3os, onde o seu esp\u00edrito c\u00edvico e envolvimento local em iniciativas e projetos se afirma cada vez mais, o Munic\u00edpio de Tavira promove o Or\u00e7amento Participativo (OP) 2022.&nbsp;<\/p>\n\n\n\n<p>Neste sentido, a edilidade convida os residentes, portugueses ou estrangeiros, com idade igual ou superior a 18 anos, inscritos nos cadernos eleitorais do concelho, a participar.&nbsp;<\/p>\n\n\n\n<p>O OP \u00e9 um instrumento da democracia que confere o poder de decis\u00e3o direto aos cidad\u00e3os. De modo a fomentar uma sociedade civil mais ativa na defini\u00e7\u00e3o de prioridades governativas, a autarquia afeta o m\u00e1ximo de 200 mil euros, sendo que o custo global de cada proposta dever\u00e1 ser igual ou inferior a \u20ac50 mil.&nbsp;<\/p>\n\n\n\n<p>O \u00e2mbito tem\u00e1tico do OP 2022 estrutura-se nas seguintes \u00e1reas: A\u00e7\u00e3o Social (solidariedade social); Acessibilidades e Mobilidade (mobilidade sustent\u00e1vel e inteligente); Ambiente (adapta\u00e7\u00e3o e mitiga\u00e7\u00e3o das altera\u00e7\u00f5es clim\u00e1ticas; economia circular; energia limpa e renov\u00e1vel; bem-estar animal); Cultura e Turismo (turismo sustent\u00e1vel; promo\u00e7\u00e3o tur\u00edstica do concelho, em especial das zonas do interior); Desporto (competi\u00e7\u00e3o; promo\u00e7\u00e3o da sa\u00fade f\u00edsica e metal \u2013 lazer e sa\u00fade); Educa\u00e7\u00e3o (promo\u00e7\u00e3o da cidadania ativa e participa\u00e7\u00e3o social) e Juventude (empreendedorismo juvenil).&nbsp;<\/p>\n\n\n\n<p>Entre 15 de mar\u00e7o e 08 de abril, os interessados dever\u00e3o apresentar as suas propostas em formul\u00e1rio pr\u00f3prio, o qual se encontra dispon\u00edvel no portal o OP Tavira (<a href=\"http:\/\/op.cm-tavira.pt\/\" target=\"_blank\" rel=\"noreferrer noopener\">http:\/\/op.cm-tavira.pt<\/a>) ou, presencialmente, num dos seguintes locais:<\/p>\n\n\n\n<p>&#8211; Rece\u00e7\u00e3o do Balc\u00e3o \u00danico (edif\u00edcio dos Pa\u00e7os do Concelho);<\/p>\n\n\n\n<p>&#8211; Juntas de Freguesias e<\/p>\n\n\n\n<p>&#8211; Biblioteca Municipal \u00c1lvaro de Campos.<\/p>\n\n\n\n<p>A participa\u00e7\u00e3o tem uma base individual, n\u00e3o sendo consideradas as propostas subscritas em representa\u00e7\u00e3o de pessoas coletivas ou grupos informais.<\/p>\n\n\n\n<p>Ap\u00f3s an\u00e1lise da elegibilidade das propostas, as mesmas ser\u00e3o submetidas a vota\u00e7\u00e3o, entre 01 e 15 de julho. Os resultados ser\u00e3o anunciados, entre 16 e 31 de agosto.&nbsp;<\/p>\n","protected":false},"excerpt":{"rendered":"<p>No seguimento de uma pol\u00edtica de maior proximidade com todos os cidad\u00e3os, onde o seu esp\u00edrito c\u00edvico e envolvimento local<\/p>\n","protected":false},"author":1,"featured_media":15880,"comment_status":"closed","ping_status":"open","sticky":false,"template":"","format":"standard","meta":{"colormag_page_container_layout":"default_layout","colormag_page_sidebar_layout":"default_layout","_monsterinsights_skip_tracking":false,"_monsterinsights_sitenote_active":false,"_monsterinsights_sitenote_note":"","_monsterinsights_sitenote_category":0,"jetpack_post_was_ever_published":false,"_jetpack_newsletter_access":"","_jetpack_dont_email_post_to_subs":false,"_jetpack_newsletter_tier_id":0,"_jetpack_memberships_contains_paywalled_content":false,"_jetpack_memberships_contains_paid_content":false,"footnotes":"","jetpack_publicize_message":"","jetpack_publicize_feature_enabled":true,"jetpack_social_post_already_shared":false,"jetpack_social_options":{"image_generator_settings":{"template":"highway","default_image_id":0,"font":"","enabled":false},"version":2}},"categories":[151],"tags":[36,325,54],"class_list":["post-15879","post","type-post","status-publish","format-standard","has-post-thumbnail","hentry","category-economia","tag-algarve","tag-orcamento-participativo","tag-tavira"],"yoast_head":"<!-- This site is optimized with the Yoast SEO plugin v27.5 - https:\/\/yoast.com\/product\/yoast-seo-wordpress\/ -->\n<title>Tavira promove o Or\u00e7amento Participativo 2022 - Algarve 7<\/title>\n<meta name=\"description\" content=\"Tavira promove o Or\u00e7amento Participativo 2022 Economia\" \/>\n<meta name=\"robots\" content=\"index, follow, max-snippet:-1, max-image-preview:large, max-video-preview:-1\" \/>\n<link rel=\"canonical\" href=\"https:\/\/algarve7.pt\/index.php\/2022\/02\/tavira-promove-o-orcamento-participativo-2022\/economia\/09\/30\/\" \/>\n<meta property=\"og:locale\" content=\"pt_PT\" \/>\n<meta property=\"og:type\" content=\"article\" \/>\n<meta property=\"og:title\" content=\"Tavira promove o Or\u00e7amento Participativo 2022 - Algarve 7\" \/>\n<meta property=\"og:description\" content=\"Tavira promove o Or\u00e7amento Participativo 2022 Economia\" \/>\n<meta property=\"og:url\" content=\"https:\/\/algarve7.pt\/index.php\/2022\/02\/tavira-promove-o-orcamento-participativo-2022\/economia\/09\/30\/\" \/>\n<meta property=\"og:site_name\" content=\"Algarve 7\" \/>\n<meta property=\"article:publisher\" content=\"https:\/\/www.facebook.com\/algarve7\" \/>\n<meta property=\"article:author\" content=\"https:\/\/www.facebook.com\/algarve7\" \/>\n<meta property=\"article:published_time\" content=\"2022-02-26T09:30:29+00:00\" \/>\n<meta property=\"article:modified_time\" content=\"2022-02-26T09:30:32+00:00\" \/>\n<meta property=\"og:image\" content=\"https:\/\/algarve7.pt\/wp-content\/uploads\/2022\/02\/A4-724x1024.jpg\" \/>\n\t<meta property=\"og:image:width\" content=\"724\" \/>\n\t<meta property=\"og:image:height\" content=\"1024\" \/>\n\t<meta property=\"og:image:type\" content=\"image\/jpeg\" \/>\n<meta name=\"author\" content=\"Algarve 7\" \/>\n<meta name=\"twitter:card\" content=\"summary_large_image\" \/>\n<meta name=\"twitter:creator\" content=\"@Algarvesete\" \/>\n<meta name=\"twitter:site\" content=\"@Algarvesete\" \/>\n<meta name=\"twitter:label1\" content=\"Escrito por\" \/>\n\t<meta name=\"twitter:data1\" content=\"Algarve 7\" \/>\n\t<meta name=\"twitter:label2\" content=\"Tempo estimado de leitura\" \/>\n\t<meta name=\"twitter:data2\" content=\"2 minutos\" \/>\n<script type=\"application\/ld+json\" class=\"yoast-schema-graph\">{\"@context\":\"https:\\\/\\\/schema.org\",\"@graph\":[{\"@type\":\"Article\",\"@id\":\"https:\\\/\\\/algarve7.pt\\\/index.php\\\/2022\\\/02\\\/tavira-promove-o-orcamento-participativo-2022\\\/economia\\\/09\\\/30\\\/#article\",\"isPartOf\":{\"@id\":\"https:\\\/\\\/algarve7.pt\\\/index.php\\\/2022\\\/02\\\/tavira-promove-o-orcamento-participativo-2022\\\/economia\\\/09\\\/30\\\/\"},\"author\":{\"name\":\"Algarve 7\",\"@id\":\"https:\\\/\\\/algarve7.pt\\\/#\\\/schema\\\/person\\\/23fa70681308e7b319a3204bcea45e0c\"},\"headline\":\"Tavira promove o Or\u00e7amento Participativo 2022\",\"datePublished\":\"2022-02-26T09:30:29+00:00\",\"dateModified\":\"2022-02-26T09:30:32+00:00\",\"mainEntityOfPage\":{\"@id\":\"https:\\\/\\\/algarve7.pt\\\/index.php\\\/2022\\\/02\\\/tavira-promove-o-orcamento-participativo-2022\\\/economia\\\/09\\\/30\\\/\"},\"wordCount\":346,\"publisher\":{\"@id\":\"https:\\\/\\\/algarve7.pt\\\/#organization\"},\"image\":{\"@id\":\"https:\\\/\\\/algarve7.pt\\\/index.php\\\/2022\\\/02\\\/tavira-promove-o-orcamento-participativo-2022\\\/economia\\\/09\\\/30\\\/#primaryimage\"},\"thumbnailUrl\":\"https:\\\/\\\/algarve7.pt\\\/wp-content\\\/uploads\\\/2022\\\/02\\\/A4-scaled.jpg\",\"keywords\":[\"Algarve\",\"Or\u00e7amento Participativo\",\"Tavira\"],\"articleSection\":[\"Economia\"],\"inLanguage\":\"pt-PT\"},{\"@type\":\"WebPage\",\"@id\":\"https:\\\/\\\/algarve7.pt\\\/index.php\\\/2022\\\/02\\\/tavira-promove-o-orcamento-participativo-2022\\\/economia\\\/09\\\/30\\\/\",\"url\":\"https:\\\/\\\/algarve7.pt\\\/index.php\\\/2022\\\/02\\\/tavira-promove-o-orcamento-participativo-2022\\\/economia\\\/09\\\/30\\\/\",\"name\":\"Tavira promove o Or\u00e7amento Participativo 2022 - Algarve 7\",\"isPartOf\":{\"@id\":\"https:\\\/\\\/algarve7.pt\\\/#website\"},\"primaryImageOfPage\":{\"@id\":\"https:\\\/\\\/algarve7.pt\\\/index.php\\\/2022\\\/02\\\/tavira-promove-o-orcamento-participativo-2022\\\/economia\\\/09\\\/30\\\/#primaryimage\"},\"image\":{\"@id\":\"https:\\\/\\\/algarve7.pt\\\/index.php\\\/2022\\\/02\\\/tavira-promove-o-orcamento-participativo-2022\\\/economia\\\/09\\\/30\\\/#primaryimage\"},\"thumbnailUrl\":\"https:\\\/\\\/algarve7.pt\\\/wp-content\\\/uploads\\\/2022\\\/02\\\/A4-scaled.jpg\",\"datePublished\":\"2022-02-26T09:30:29+00:00\",\"dateModified\":\"2022-02-26T09:30:32+00:00\",\"description\":\"Tavira promove o Or\u00e7amento Participativo 2022 Economia\",\"breadcrumb\":{\"@id\":\"https:\\\/\\\/algarve7.pt\\\/index.php\\\/2022\\\/02\\\/tavira-promove-o-orcamento-participativo-2022\\\/economia\\\/09\\\/30\\\/#breadcrumb\"},\"inLanguage\":\"pt-PT\",\"potentialAction\":[{\"@type\":\"ReadAction\",\"target\":[\"https:\\\/\\\/algarve7.pt\\\/index.php\\\/2022\\\/02\\\/tavira-promove-o-orcamento-participativo-2022\\\/economia\\\/09\\\/30\\\/\"]}]},{\"@type\":\"ImageObject\",\"inLanguage\":\"pt-PT\",\"@id\":\"https:\\\/\\\/algarve7.pt\\\/index.php\\\/2022\\\/02\\\/tavira-promove-o-orcamento-participativo-2022\\\/economia\\\/09\\\/30\\\/#primaryimage\",\"url\":\"https:\\\/\\\/algarve7.pt\\\/wp-content\\\/uploads\\\/2022\\\/02\\\/A4-scaled.jpg\",\"contentUrl\":\"https:\\\/\\\/algarve7.pt\\\/wp-content\\\/uploads\\\/2022\\\/02\\\/A4-scaled.jpg\",\"width\":1810,\"height\":2560},{\"@type\":\"BreadcrumbList\",\"@id\":\"https:\\\/\\\/algarve7.pt\\\/index.php\\\/2022\\\/02\\\/tavira-promove-o-orcamento-participativo-2022\\\/economia\\\/09\\\/30\\\/#breadcrumb\",\"itemListElement\":[{\"@type\":\"ListItem\",\"position\":1,\"name\":\"In\u00edcio\",\"item\":\"https:\\\/\\\/algarve7.pt\\\/\"},{\"@type\":\"ListItem\",\"position\":2,\"name\":\"Tavira promove o Or\u00e7amento Participativo 2022\"}]},{\"@type\":\"WebSite\",\"@id\":\"https:\\\/\\\/algarve7.pt\\\/#website\",\"url\":\"https:\\\/\\\/algarve7.pt\\\/\",\"name\":\"Algarve 7\",\"description\":\"Informa\u00e7\u00e3o sobre o Algarve\",\"publisher\":{\"@id\":\"https:\\\/\\\/algarve7.pt\\\/#organization\"},\"potentialAction\":[{\"@type\":\"SearchAction\",\"target\":{\"@type\":\"EntryPoint\",\"urlTemplate\":\"https:\\\/\\\/algarve7.pt\\\/?s={search_term_string}\"},\"query-input\":{\"@type\":\"PropertyValueSpecification\",\"valueRequired\":true,\"valueName\":\"search_term_string\"}}],\"inLanguage\":\"pt-PT\"},{\"@type\":\"Organization\",\"@id\":\"https:\\\/\\\/algarve7.pt\\\/#organization\",\"name\":\"Algarve 7\",\"url\":\"https:\\\/\\\/algarve7.pt\\\/\",\"logo\":{\"@type\":\"ImageObject\",\"inLanguage\":\"pt-PT\",\"@id\":\"https:\\\/\\\/algarve7.pt\\\/#\\\/schema\\\/logo\\\/image\\\/\",\"url\":\"https:\\\/\\\/algarve7.pt\\\/wp-content\\\/uploads\\\/2020\\\/10\\\/Logo-8.jpg\",\"contentUrl\":\"https:\\\/\\\/algarve7.pt\\\/wp-content\\\/uploads\\\/2020\\\/10\\\/Logo-8.jpg\",\"width\":1680,\"height\":1186,\"caption\":\"Algarve 7\"},\"image\":{\"@id\":\"https:\\\/\\\/algarve7.pt\\\/#\\\/schema\\\/logo\\\/image\\\/\"},\"sameAs\":[\"https:\\\/\\\/www.facebook.com\\\/algarve7\",\"https:\\\/\\\/x.com\\\/Algarvesete\",\"https:\\\/\\\/www.instagram.com\\\/jornalalgarve7\\\/\",\"https:\\\/\\\/www.linkedin.com\\\/company\\\/algarve7\",\"https:\\\/\\\/www.pinterest.pt\\\/geral0939\\\/_created\\\/\"]},{\"@type\":\"Person\",\"@id\":\"https:\\\/\\\/algarve7.pt\\\/#\\\/schema\\\/person\\\/23fa70681308e7b319a3204bcea45e0c\",\"name\":\"Algarve 7\",\"sameAs\":[\"https:\\\/\\\/algarve7.pt\",\"https:\\\/\\\/www.facebook.com\\\/algarve7\"],\"url\":\"https:\\\/\\\/algarve7.pt\\\/index.php\\\/author\\\/geralalgarve7-pt\\\/\"}]}<\/script>\n<!-- \/ Yoast SEO plugin. -->","yoast_head_json":{"title":"Tavira promove o Or\u00e7amento Participativo 2022 - Algarve 7","description":"Tavira promove o Or\u00e7amento Participativo 2022 Economia","robots":{"index":"index","follow":"follow","max-snippet":"max-snippet:-1","max-image-preview":"max-image-preview:large","max-video-preview":"max-video-preview:-1"},"canonical":"https:\/\/algarve7.pt\/index.php\/2022\/02\/tavira-promove-o-orcamento-participativo-2022\/economia\/09\/30\/","og_locale":"pt_PT","og_type":"article","og_title":"Tavira promove o Or\u00e7amento Participativo 2022 - Algarve 7","og_description":"Tavira promove o Or\u00e7amento Participativo 2022 Economia","og_url":"https:\/\/algarve7.pt\/index.php\/2022\/02\/tavira-promove-o-orcamento-participativo-2022\/economia\/09\/30\/","og_site_name":"Algarve 7","article_publisher":"https:\/\/www.facebook.com\/algarve7","article_author":"https:\/\/www.facebook.com\/algarve7","article_published_time":"2022-02-26T09:30:29+00:00","article_modified_time":"2022-02-26T09:30:32+00:00","og_image":[{"width":724,"height":1024,"url":"https:\/\/algarve7.pt\/wp-content\/uploads\/2022\/02\/A4-724x1024.jpg","type":"image\/jpeg"}],"author":"Algarve 7","twitter_card":"summary_large_image","twitter_creator":"@Algarvesete","twitter_site":"@Algarvesete","twitter_misc":{"Escrito por":"Algarve 7","Tempo estimado de leitura":"2 minutos"},"schema":{"@context":"https:\/\/schema.org","@graph":[{"@type":"Article","@id":"https:\/\/algarve7.pt\/index.php\/2022\/02\/tavira-promove-o-orcamento-participativo-2022\/economia\/09\/30\/#article","isPartOf":{"@id":"https:\/\/algarve7.pt\/index.php\/2022\/02\/tavira-promove-o-orcamento-participativo-2022\/economia\/09\/30\/"},"author":{"name":"Algarve 7","@id":"https:\/\/algarve7.pt\/#\/schema\/person\/23fa70681308e7b319a3204bcea45e0c"},"headline":"Tavira promove o Or\u00e7amento Participativo 2022","datePublished":"2022-02-26T09:30:29+00:00","dateModified":"2022-02-26T09:30:32+00:00","mainEntityOfPage":{"@id":"https:\/\/algarve7.pt\/index.php\/2022\/02\/tavira-promove-o-orcamento-participativo-2022\/economia\/09\/30\/"},"wordCount":346,"publisher":{"@id":"https:\/\/algarve7.pt\/#organization"},"image":{"@id":"https:\/\/algarve7.pt\/index.php\/2022\/02\/tavira-promove-o-orcamento-participativo-2022\/economia\/09\/30\/#primaryimage"},"thumbnailUrl":"https:\/\/algarve7.pt\/wp-content\/uploads\/2022\/02\/A4-scaled.jpg","keywords":["Algarve","Or\u00e7amento Participativo","Tavira"],"articleSection":["Economia"],"inLanguage":"pt-PT"},{"@type":"WebPage","@id":"https:\/\/algarve7.pt\/index.php\/2022\/02\/tavira-promove-o-orcamento-participativo-2022\/economia\/09\/30\/","url":"https:\/\/algarve7.pt\/index.php\/2022\/02\/tavira-promove-o-orcamento-participativo-2022\/economia\/09\/30\/","name":"Tavira promove o Or\u00e7amento Participativo 2022 - Algarve 7","isPartOf":{"@id":"https:\/\/algarve7.pt\/#website"},"primaryImageOfPage":{"@id":"https:\/\/algarve7.pt\/index.php\/2022\/02\/tavira-promove-o-orcamento-participativo-2022\/economia\/09\/30\/#primaryimage"},"image":{"@id":"https:\/\/algarve7.pt\/index.php\/2022\/02\/tavira-promove-o-orcamento-participativo-2022\/economia\/09\/30\/#primaryimage"},"thumbnailUrl":"https:\/\/algarve7.pt\/wp-content\/uploads\/2022\/02\/A4-scaled.jpg","datePublished":"2022-02-26T09:30:29+00:00","dateModified":"2022-02-26T09:30:32+00:00","description":"Tavira promove o Or\u00e7amento Participativo 2022 Economia","breadcrumb":{"@id":"https:\/\/algarve7.pt\/index.php\/2022\/02\/tavira-promove-o-orcamento-participativo-2022\/economia\/09\/30\/#breadcrumb"},"inLanguage":"pt-PT","potentialAction":[{"@type":"ReadAction","target":["https:\/\/algarve7.pt\/index.php\/2022\/02\/tavira-promove-o-orcamento-participativo-2022\/economia\/09\/30\/"]}]},{"@type":"ImageObject","inLanguage":"pt-PT","@id":"https:\/\/algarve7.pt\/index.php\/2022\/02\/tavira-promove-o-orcamento-participativo-2022\/economia\/09\/30\/#primaryimage","url":"https:\/\/algarve7.pt\/wp-content\/uploads\/2022\/02\/A4-scaled.jpg","contentUrl":"https:\/\/algarve7.pt\/wp-content\/uploads\/2022\/02\/A4-scaled.jpg","width":1810,"height":2560},{"@type":"BreadcrumbList","@id":"https:\/\/algarve7.pt\/index.php\/2022\/02\/tavira-promove-o-orcamento-participativo-2022\/economia\/09\/30\/#breadcrumb","itemListElement":[{"@type":"ListItem","position":1,"name":"In\u00edcio","item":"https:\/\/algarve7.pt\/"},{"@type":"ListItem","position":2,"name":"Tavira promove o Or\u00e7amento Participativo 2022"}]},{"@type":"WebSite","@id":"https:\/\/algarve7.pt\/#website","url":"https:\/\/algarve7.pt\/","name":"Algarve 7","description":"Informa\u00e7\u00e3o sobre o Algarve","publisher":{"@id":"https:\/\/algarve7.pt\/#organization"},"potentialAction":[{"@type":"SearchAction","target":{"@type":"EntryPoint","urlTemplate":"https:\/\/algarve7.pt\/?s={search_term_string}"},"query-input":{"@type":"PropertyValueSpecification","valueRequired":true,"valueName":"search_term_string"}}],"inLanguage":"pt-PT"},{"@type":"Organization","@id":"https:\/\/algarve7.pt\/#organization","name":"Algarve 7","url":"https:\/\/algarve7.pt\/","logo":{"@type":"ImageObject","inLanguage":"pt-PT","@id":"https:\/\/algarve7.pt\/#\/schema\/logo\/image\/","url":"https:\/\/algarve7.pt\/wp-content\/uploads\/2020\/10\/Logo-8.jpg","contentUrl":"https:\/\/algarve7.pt\/wp-content\/uploads\/2020\/10\/Logo-8.jpg","width":1680,"height":1186,"caption":"Algarve 7"},"image":{"@id":"https:\/\/algarve7.pt\/#\/schema\/logo\/image\/"},"sameAs":["https:\/\/www.facebook.com\/algarve7","https:\/\/x.com\/Algarvesete","https:\/\/www.instagram.com\/jornalalgarve7\/","https:\/\/www.linkedin.com\/company\/algarve7","https:\/\/www.pinterest.pt\/geral0939\/_created\/"]},{"@type":"Person","@id":"https:\/\/algarve7.pt\/#\/schema\/person\/23fa70681308e7b319a3204bcea45e0c","name":"Algarve 7","sameAs":["https:\/\/algarve7.pt","https:\/\/www.facebook.com\/algarve7"],"url":"https:\/\/algarve7.pt\/index.php\/author\/geralalgarve7-pt\/"}]}},"jetpack_publicize_connections":[],"jetpack_featured_media_url":"https:\/\/algarve7.pt\/wp-content\/uploads\/2022\/02\/A4-scaled.jpg","jetpack_shortlink":"https:\/\/wp.me\/pcezmW-487","jetpack_sharing_enabled":true,"_links":{"self":[{"href":"https:\/\/algarve7.pt\/index.php\/wp-json\/wp\/v2\/posts\/15879","targetHints":{"allow":["GET"]}}],"collection":[{"href":"https:\/\/algarve7.pt\/index.php\/wp-json\/wp\/v2\/posts"}],"about":[{"href":"https:\/\/algarve7.pt\/index.php\/wp-json\/wp\/v2\/types\/post"}],"author":[{"embeddable":true,"href":"https:\/\/algarve7.pt\/index.php\/wp-json\/wp\/v2\/users\/1"}],"replies":[{"embeddable":true,"href":"https:\/\/algarve7.pt\/index.php\/wp-json\/wp\/v2\/comments?post=15879"}],"version-history":[{"count":0,"href":"https:\/\/algarve7.pt\/index.php\/wp-json\/wp\/v2\/posts\/15879\/revisions"}],"wp:featuredmedia":[{"embeddable":true,"href":"https:\/\/algarve7.pt\/index.php\/wp-json\/wp\/v2\/media\/15880"}],"wp:attachment":[{"href":"https:\/\/algarve7.pt\/index.php\/wp-json\/wp\/v2\/media?parent=15879"}],"wp:term":[{"taxonomy":"category","embeddable":true,"href":"https:\/\/algarve7.pt\/index.php\/wp-json\/wp\/v2\/categories?post=15879"},{"taxonomy":"post_tag","embeddable":true,"href":"https:\/\/algarve7.pt\/index.php\/wp-json\/wp\/v2\/tags?post=15879"}],"curies":[{"name":"wp","href":"https:\/\/api.w.org\/{rel}","templated":true}]}}