{"id":1573,"date":"2020-09-18T19:44:18","date_gmt":"2020-09-18T18:44:18","guid":{"rendered":"https:\/\/algarve7.pt\/?p=1573"},"modified":"2020-09-18T19:44:19","modified_gmt":"2020-09-18T18:44:19","slug":"programa-faro-ativo-acontece-em-formato-inedito","status":"publish","type":"post","link":"https:\/\/algarve7.pt\/index.php\/2020\/09\/programa-faro-ativo-acontece-em-formato-inedito\/desporto\/19\/44\/","title":{"rendered":"Programa &#8220;Faro Ativo&#8221; acontece em formato in\u00e9dito"},"content":{"rendered":"\n<p>O Munic\u00edpio de Faro, em parceria com o movimento associativo e o tecido empresarial do concelho, apresenta o j\u00e1 habitual programa desportivo Faro Ativo, este ano em formato digital e presencial. Esta edi\u00e7\u00e3o mista acontece entre os dias 20 de Setembro e 11 de Outubro e inclui atividades no \u00e2mbito das comemora\u00e7\u00f5es da Semana Europeia do Desporto, que se assinala de 23 a 29 de Setembro.<\/p>\n\n\n\n<p>Tendo em conta que o Faro Ativo se vem constituindo h\u00e1 v\u00e1rios anos como montra da oferta, p\u00fablica e privada de servi\u00e7os desportivos existentes no concelho, a autarquia n\u00e3o quis deixar de promover esta iniciativa que tanto tem contribu\u00eddo para o desenvolvimento desportivo da comunidade, respeitando ainda assim com zelo escrupuloso o contexto de pandemia que vivemos e todas as medidas de seguran\u00e7a e distanciamento f\u00edsico impostas pela Autoridade de Sa\u00fade.<\/p>\n\n\n\n<p>Assim, o programa de atividades vai incluir uma vertente digital, que prev\u00ea a transmiss\u00e3o de atividades organizadas para o efeito pelas entidades parceiros do Faro Ativo, nas datas, hor\u00e1rios e canais digitais municipais que podem ser consultadas no programa em anexo.<\/p>\n\n\n\n<p>Simultaneamente, a vertente presencial pressup\u00f5e uma visita aos locais onde as entidades parceiras se encontram a desenvolver as suas atividades e onde todos os interessados poder\u00e3o assistir ou participar, num contexto de experimenta\u00e7\u00e3o ou batismo de modalidade, de forma gratuita, mediante marca\u00e7\u00e3o pr\u00e9via junto da entidade promotora e com o devido cumprimento de todas as indica\u00e7\u00f5es emanadas pela Dire\u00e7\u00e3o-Geral de Sa\u00fade.<\/p>\n\n\n\n<p>O Munic\u00edpio de Faro pretende que, num ano singular das vidas de todos, o programa Faro Ativo venha a constituir-se como um momento familiar, contribuindo simultaneamente para debelar algumas dificuldades que os tecidos associativo e empresarial t\u00eam experimentado no contexto da pandemia de Covid-19 no nosso concelho.<\/p>\n\n\n\n<p>A autarquia sa\u00fada ainda o entusiasmo com que todas as entidades parceiras acolheram esta ideia tornando poss\u00edvel a implementa\u00e7\u00e3o do programa Faro Ativo 2020.<\/p>\n\n\n\n<p>Para aceder a mais informa\u00e7\u00f5es e ao programa completo do Faro Ativo 2020 visite-nos em<\/p>\n\n\n\n<p>www.cm-faro.pt, na p\u00e1gina de Facebook \u201cDesporto em Faro\u201d ou contacte a Divis\u00e3o de<\/p>\n\n\n\n<p>Desporto e Juventude, atrav\u00e9s do telefone 289 870 843 ou do e-mail desporto@cm-faro.pt.<\/p>\n","protected":false},"excerpt":{"rendered":"<p>O Munic\u00edpio de Faro, em parceria com o movimento associativo e o tecido empresarial do concelho, apresenta o j\u00e1 habitual<\/p>\n","protected":false},"author":1,"featured_media":1574,"comment_status":"closed","ping_status":"open","sticky":false,"template":"","format":"standard","meta":{"colormag_page_container_layout":"default_layout","colormag_page_sidebar_layout":"default_layout","_monsterinsights_skip_tracking":false,"_monsterinsights_sitenote_active":false,"_monsterinsights_sitenote_note":"","_monsterinsights_sitenote_category":0,"jetpack_post_was_ever_published":false,"_jetpack_newsletter_access":"","_jetpack_dont_email_post_to_subs":false,"_jetpack_newsletter_tier_id":0,"_jetpack_memberships_contains_paywalled_content":false,"_jetpack_memberships_contains_paid_content":false,"footnotes":"","jetpack_publicize_message":"","jetpack_publicize_feature_enabled":true,"jetpack_social_post_already_shared":true,"jetpack_social_options":{"image_generator_settings":{"template":"highway","default_image_id":0,"font":"","enabled":false},"version":2}},"categories":[15],"tags":[40,57,58],"class_list":["post-1573","post","type-post","status-publish","format-standard","has-post-thumbnail","hentry","category-desporto","tag-desporto","tag-faro","tag-saude"],"yoast_head":"<!-- This site is optimized with the Yoast SEO plugin v27.4 - https:\/\/yoast.com\/product\/yoast-seo-wordpress\/ -->\n<title>Programa &quot;Faro Ativo&quot; acontece em formato in\u00e9dito - Algarve 7<\/title>\n<meta name=\"description\" content=\"Programa &quot;Faro Ativo&quot; acontece em formato in\u00e9dito\" \/>\n<meta name=\"robots\" content=\"index, follow, max-snippet:-1, max-image-preview:large, max-video-preview:-1\" \/>\n<link rel=\"canonical\" href=\"https:\/\/algarve7.pt\/index.php\/2020\/09\/programa-faro-ativo-acontece-em-formato-inedito\/desporto\/19\/44\/\" \/>\n<meta property=\"og:locale\" content=\"pt_PT\" \/>\n<meta property=\"og:type\" content=\"article\" \/>\n<meta property=\"og:title\" content=\"Programa &quot;Faro Ativo&quot; acontece em formato in\u00e9dito - Algarve 7\" \/>\n<meta property=\"og:description\" content=\"Programa &quot;Faro Ativo&quot; acontece em formato in\u00e9dito\" \/>\n<meta property=\"og:url\" content=\"https:\/\/algarve7.pt\/index.php\/2020\/09\/programa-faro-ativo-acontece-em-formato-inedito\/desporto\/19\/44\/\" \/>\n<meta property=\"og:site_name\" content=\"Algarve 7\" \/>\n<meta property=\"article:publisher\" content=\"https:\/\/www.facebook.com\/algarve7\" \/>\n<meta property=\"article:author\" content=\"https:\/\/www.facebook.com\/algarve7\" \/>\n<meta property=\"article:published_time\" content=\"2020-09-18T18:44:18+00:00\" \/>\n<meta property=\"article:modified_time\" content=\"2020-09-18T18:44:19+00:00\" \/>\n<meta property=\"og:image\" content=\"https:\/\/algarve7.pt\/wp-content\/uploads\/2020\/09\/FaroAtivo-0427.jpg\" \/>\n\t<meta property=\"og:image:width\" content=\"1094\" \/>\n\t<meta property=\"og:image:height\" content=\"730\" \/>\n\t<meta property=\"og:image:type\" content=\"image\/jpeg\" \/>\n<meta name=\"author\" content=\"Algarve 7\" \/>\n<meta name=\"twitter:card\" content=\"summary_large_image\" \/>\n<meta name=\"twitter:creator\" content=\"@Algarvesete\" \/>\n<meta name=\"twitter:site\" content=\"@Algarvesete\" \/>\n<meta name=\"twitter:label1\" content=\"Escrito por\" \/>\n\t<meta name=\"twitter:data1\" content=\"Algarve 7\" \/>\n\t<meta name=\"twitter:label2\" content=\"Tempo estimado de leitura\" \/>\n\t<meta name=\"twitter:data2\" content=\"2 minutos\" \/>\n<script type=\"application\/ld+json\" class=\"yoast-schema-graph\">{\"@context\":\"https:\\\/\\\/schema.org\",\"@graph\":[{\"@type\":\"Article\",\"@id\":\"https:\\\/\\\/algarve7.pt\\\/index.php\\\/2020\\\/09\\\/programa-faro-ativo-acontece-em-formato-inedito\\\/desporto\\\/19\\\/44\\\/#article\",\"isPartOf\":{\"@id\":\"https:\\\/\\\/algarve7.pt\\\/index.php\\\/2020\\\/09\\\/programa-faro-ativo-acontece-em-formato-inedito\\\/desporto\\\/19\\\/44\\\/\"},\"author\":{\"name\":\"Algarve 7\",\"@id\":\"https:\\\/\\\/algarve7.pt\\\/#\\\/schema\\\/person\\\/23fa70681308e7b319a3204bcea45e0c\"},\"headline\":\"Programa &#8220;Faro Ativo&#8221; acontece em formato in\u00e9dito\",\"datePublished\":\"2020-09-18T18:44:18+00:00\",\"dateModified\":\"2020-09-18T18:44:19+00:00\",\"mainEntityOfPage\":{\"@id\":\"https:\\\/\\\/algarve7.pt\\\/index.php\\\/2020\\\/09\\\/programa-faro-ativo-acontece-em-formato-inedito\\\/desporto\\\/19\\\/44\\\/\"},\"wordCount\":384,\"publisher\":{\"@id\":\"https:\\\/\\\/algarve7.pt\\\/#organization\"},\"image\":{\"@id\":\"https:\\\/\\\/algarve7.pt\\\/index.php\\\/2020\\\/09\\\/programa-faro-ativo-acontece-em-formato-inedito\\\/desporto\\\/19\\\/44\\\/#primaryimage\"},\"thumbnailUrl\":\"https:\\\/\\\/algarve7.pt\\\/wp-content\\\/uploads\\\/2020\\\/09\\\/FaroAtivo-0427.jpg\",\"keywords\":[\"Desporto\",\"Faro\",\"Sa\u00fade\"],\"articleSection\":[\"Desporto\"],\"inLanguage\":\"pt-PT\"},{\"@type\":\"WebPage\",\"@id\":\"https:\\\/\\\/algarve7.pt\\\/index.php\\\/2020\\\/09\\\/programa-faro-ativo-acontece-em-formato-inedito\\\/desporto\\\/19\\\/44\\\/\",\"url\":\"https:\\\/\\\/algarve7.pt\\\/index.php\\\/2020\\\/09\\\/programa-faro-ativo-acontece-em-formato-inedito\\\/desporto\\\/19\\\/44\\\/\",\"name\":\"Programa \\\"Faro Ativo\\\" acontece em formato in\u00e9dito - Algarve 7\",\"isPartOf\":{\"@id\":\"https:\\\/\\\/algarve7.pt\\\/#website\"},\"primaryImageOfPage\":{\"@id\":\"https:\\\/\\\/algarve7.pt\\\/index.php\\\/2020\\\/09\\\/programa-faro-ativo-acontece-em-formato-inedito\\\/desporto\\\/19\\\/44\\\/#primaryimage\"},\"image\":{\"@id\":\"https:\\\/\\\/algarve7.pt\\\/index.php\\\/2020\\\/09\\\/programa-faro-ativo-acontece-em-formato-inedito\\\/desporto\\\/19\\\/44\\\/#primaryimage\"},\"thumbnailUrl\":\"https:\\\/\\\/algarve7.pt\\\/wp-content\\\/uploads\\\/2020\\\/09\\\/FaroAtivo-0427.jpg\",\"datePublished\":\"2020-09-18T18:44:18+00:00\",\"dateModified\":\"2020-09-18T18:44:19+00:00\",\"description\":\"Programa \\\"Faro Ativo\\\" acontece em formato in\u00e9dito\",\"breadcrumb\":{\"@id\":\"https:\\\/\\\/algarve7.pt\\\/index.php\\\/2020\\\/09\\\/programa-faro-ativo-acontece-em-formato-inedito\\\/desporto\\\/19\\\/44\\\/#breadcrumb\"},\"inLanguage\":\"pt-PT\",\"potentialAction\":[{\"@type\":\"ReadAction\",\"target\":[\"https:\\\/\\\/algarve7.pt\\\/index.php\\\/2020\\\/09\\\/programa-faro-ativo-acontece-em-formato-inedito\\\/desporto\\\/19\\\/44\\\/\"]}]},{\"@type\":\"ImageObject\",\"inLanguage\":\"pt-PT\",\"@id\":\"https:\\\/\\\/algarve7.pt\\\/index.php\\\/2020\\\/09\\\/programa-faro-ativo-acontece-em-formato-inedito\\\/desporto\\\/19\\\/44\\\/#primaryimage\",\"url\":\"https:\\\/\\\/algarve7.pt\\\/wp-content\\\/uploads\\\/2020\\\/09\\\/FaroAtivo-0427.jpg\",\"contentUrl\":\"https:\\\/\\\/algarve7.pt\\\/wp-content\\\/uploads\\\/2020\\\/09\\\/FaroAtivo-0427.jpg\",\"width\":1094,\"height\":730},{\"@type\":\"BreadcrumbList\",\"@id\":\"https:\\\/\\\/algarve7.pt\\\/index.php\\\/2020\\\/09\\\/programa-faro-ativo-acontece-em-formato-inedito\\\/desporto\\\/19\\\/44\\\/#breadcrumb\",\"itemListElement\":[{\"@type\":\"ListItem\",\"position\":1,\"name\":\"In\u00edcio\",\"item\":\"https:\\\/\\\/algarve7.pt\\\/\"},{\"@type\":\"ListItem\",\"position\":2,\"name\":\"Programa &#8220;Faro Ativo&#8221; acontece em formato in\u00e9dito\"}]},{\"@type\":\"WebSite\",\"@id\":\"https:\\\/\\\/algarve7.pt\\\/#website\",\"url\":\"https:\\\/\\\/algarve7.pt\\\/\",\"name\":\"Algarve 7\",\"description\":\"Informa\u00e7\u00e3o sobre o Algarve\",\"publisher\":{\"@id\":\"https:\\\/\\\/algarve7.pt\\\/#organization\"},\"potentialAction\":[{\"@type\":\"SearchAction\",\"target\":{\"@type\":\"EntryPoint\",\"urlTemplate\":\"https:\\\/\\\/algarve7.pt\\\/?s={search_term_string}\"},\"query-input\":{\"@type\":\"PropertyValueSpecification\",\"valueRequired\":true,\"valueName\":\"search_term_string\"}}],\"inLanguage\":\"pt-PT\"},{\"@type\":\"Organization\",\"@id\":\"https:\\\/\\\/algarve7.pt\\\/#organization\",\"name\":\"Algarve 7\",\"url\":\"https:\\\/\\\/algarve7.pt\\\/\",\"logo\":{\"@type\":\"ImageObject\",\"inLanguage\":\"pt-PT\",\"@id\":\"https:\\\/\\\/algarve7.pt\\\/#\\\/schema\\\/logo\\\/image\\\/\",\"url\":\"https:\\\/\\\/algarve7.pt\\\/wp-content\\\/uploads\\\/2020\\\/10\\\/Logo-8.jpg\",\"contentUrl\":\"https:\\\/\\\/algarve7.pt\\\/wp-content\\\/uploads\\\/2020\\\/10\\\/Logo-8.jpg\",\"width\":1680,\"height\":1186,\"caption\":\"Algarve 7\"},\"image\":{\"@id\":\"https:\\\/\\\/algarve7.pt\\\/#\\\/schema\\\/logo\\\/image\\\/\"},\"sameAs\":[\"https:\\\/\\\/www.facebook.com\\\/algarve7\",\"https:\\\/\\\/x.com\\\/Algarvesete\",\"https:\\\/\\\/www.instagram.com\\\/jornalalgarve7\\\/\",\"https:\\\/\\\/www.linkedin.com\\\/company\\\/algarve7\",\"https:\\\/\\\/www.pinterest.pt\\\/geral0939\\\/_created\\\/\"]},{\"@type\":\"Person\",\"@id\":\"https:\\\/\\\/algarve7.pt\\\/#\\\/schema\\\/person\\\/23fa70681308e7b319a3204bcea45e0c\",\"name\":\"Algarve 7\",\"sameAs\":[\"https:\\\/\\\/algarve7.pt\",\"https:\\\/\\\/www.facebook.com\\\/algarve7\"],\"url\":\"https:\\\/\\\/algarve7.pt\\\/index.php\\\/author\\\/geralalgarve7-pt\\\/\"}]}<\/script>\n<!-- \/ Yoast SEO plugin. -->","yoast_head_json":{"title":"Programa \"Faro Ativo\" acontece em formato in\u00e9dito - Algarve 7","description":"Programa \"Faro Ativo\" acontece em formato in\u00e9dito","robots":{"index":"index","follow":"follow","max-snippet":"max-snippet:-1","max-image-preview":"max-image-preview:large","max-video-preview":"max-video-preview:-1"},"canonical":"https:\/\/algarve7.pt\/index.php\/2020\/09\/programa-faro-ativo-acontece-em-formato-inedito\/desporto\/19\/44\/","og_locale":"pt_PT","og_type":"article","og_title":"Programa \"Faro Ativo\" acontece em formato in\u00e9dito - Algarve 7","og_description":"Programa \"Faro Ativo\" acontece em formato in\u00e9dito","og_url":"https:\/\/algarve7.pt\/index.php\/2020\/09\/programa-faro-ativo-acontece-em-formato-inedito\/desporto\/19\/44\/","og_site_name":"Algarve 7","article_publisher":"https:\/\/www.facebook.com\/algarve7","article_author":"https:\/\/www.facebook.com\/algarve7","article_published_time":"2020-09-18T18:44:18+00:00","article_modified_time":"2020-09-18T18:44:19+00:00","og_image":[{"width":1094,"height":730,"url":"https:\/\/algarve7.pt\/wp-content\/uploads\/2020\/09\/FaroAtivo-0427.jpg","type":"image\/jpeg"}],"author":"Algarve 7","twitter_card":"summary_large_image","twitter_creator":"@Algarvesete","twitter_site":"@Algarvesete","twitter_misc":{"Escrito por":"Algarve 7","Tempo estimado de leitura":"2 minutos"},"schema":{"@context":"https:\/\/schema.org","@graph":[{"@type":"Article","@id":"https:\/\/algarve7.pt\/index.php\/2020\/09\/programa-faro-ativo-acontece-em-formato-inedito\/desporto\/19\/44\/#article","isPartOf":{"@id":"https:\/\/algarve7.pt\/index.php\/2020\/09\/programa-faro-ativo-acontece-em-formato-inedito\/desporto\/19\/44\/"},"author":{"name":"Algarve 7","@id":"https:\/\/algarve7.pt\/#\/schema\/person\/23fa70681308e7b319a3204bcea45e0c"},"headline":"Programa &#8220;Faro Ativo&#8221; acontece em formato in\u00e9dito","datePublished":"2020-09-18T18:44:18+00:00","dateModified":"2020-09-18T18:44:19+00:00","mainEntityOfPage":{"@id":"https:\/\/algarve7.pt\/index.php\/2020\/09\/programa-faro-ativo-acontece-em-formato-inedito\/desporto\/19\/44\/"},"wordCount":384,"publisher":{"@id":"https:\/\/algarve7.pt\/#organization"},"image":{"@id":"https:\/\/algarve7.pt\/index.php\/2020\/09\/programa-faro-ativo-acontece-em-formato-inedito\/desporto\/19\/44\/#primaryimage"},"thumbnailUrl":"https:\/\/algarve7.pt\/wp-content\/uploads\/2020\/09\/FaroAtivo-0427.jpg","keywords":["Desporto","Faro","Sa\u00fade"],"articleSection":["Desporto"],"inLanguage":"pt-PT"},{"@type":"WebPage","@id":"https:\/\/algarve7.pt\/index.php\/2020\/09\/programa-faro-ativo-acontece-em-formato-inedito\/desporto\/19\/44\/","url":"https:\/\/algarve7.pt\/index.php\/2020\/09\/programa-faro-ativo-acontece-em-formato-inedito\/desporto\/19\/44\/","name":"Programa \"Faro Ativo\" acontece em formato in\u00e9dito - Algarve 7","isPartOf":{"@id":"https:\/\/algarve7.pt\/#website"},"primaryImageOfPage":{"@id":"https:\/\/algarve7.pt\/index.php\/2020\/09\/programa-faro-ativo-acontece-em-formato-inedito\/desporto\/19\/44\/#primaryimage"},"image":{"@id":"https:\/\/algarve7.pt\/index.php\/2020\/09\/programa-faro-ativo-acontece-em-formato-inedito\/desporto\/19\/44\/#primaryimage"},"thumbnailUrl":"https:\/\/algarve7.pt\/wp-content\/uploads\/2020\/09\/FaroAtivo-0427.jpg","datePublished":"2020-09-18T18:44:18+00:00","dateModified":"2020-09-18T18:44:19+00:00","description":"Programa \"Faro Ativo\" acontece em formato in\u00e9dito","breadcrumb":{"@id":"https:\/\/algarve7.pt\/index.php\/2020\/09\/programa-faro-ativo-acontece-em-formato-inedito\/desporto\/19\/44\/#breadcrumb"},"inLanguage":"pt-PT","potentialAction":[{"@type":"ReadAction","target":["https:\/\/algarve7.pt\/index.php\/2020\/09\/programa-faro-ativo-acontece-em-formato-inedito\/desporto\/19\/44\/"]}]},{"@type":"ImageObject","inLanguage":"pt-PT","@id":"https:\/\/algarve7.pt\/index.php\/2020\/09\/programa-faro-ativo-acontece-em-formato-inedito\/desporto\/19\/44\/#primaryimage","url":"https:\/\/algarve7.pt\/wp-content\/uploads\/2020\/09\/FaroAtivo-0427.jpg","contentUrl":"https:\/\/algarve7.pt\/wp-content\/uploads\/2020\/09\/FaroAtivo-0427.jpg","width":1094,"height":730},{"@type":"BreadcrumbList","@id":"https:\/\/algarve7.pt\/index.php\/2020\/09\/programa-faro-ativo-acontece-em-formato-inedito\/desporto\/19\/44\/#breadcrumb","itemListElement":[{"@type":"ListItem","position":1,"name":"In\u00edcio","item":"https:\/\/algarve7.pt\/"},{"@type":"ListItem","position":2,"name":"Programa &#8220;Faro Ativo&#8221; acontece em formato in\u00e9dito"}]},{"@type":"WebSite","@id":"https:\/\/algarve7.pt\/#website","url":"https:\/\/algarve7.pt\/","name":"Algarve 7","description":"Informa\u00e7\u00e3o sobre o Algarve","publisher":{"@id":"https:\/\/algarve7.pt\/#organization"},"potentialAction":[{"@type":"SearchAction","target":{"@type":"EntryPoint","urlTemplate":"https:\/\/algarve7.pt\/?s={search_term_string}"},"query-input":{"@type":"PropertyValueSpecification","valueRequired":true,"valueName":"search_term_string"}}],"inLanguage":"pt-PT"},{"@type":"Organization","@id":"https:\/\/algarve7.pt\/#organization","name":"Algarve 7","url":"https:\/\/algarve7.pt\/","logo":{"@type":"ImageObject","inLanguage":"pt-PT","@id":"https:\/\/algarve7.pt\/#\/schema\/logo\/image\/","url":"https:\/\/algarve7.pt\/wp-content\/uploads\/2020\/10\/Logo-8.jpg","contentUrl":"https:\/\/algarve7.pt\/wp-content\/uploads\/2020\/10\/Logo-8.jpg","width":1680,"height":1186,"caption":"Algarve 7"},"image":{"@id":"https:\/\/algarve7.pt\/#\/schema\/logo\/image\/"},"sameAs":["https:\/\/www.facebook.com\/algarve7","https:\/\/x.com\/Algarvesete","https:\/\/www.instagram.com\/jornalalgarve7\/","https:\/\/www.linkedin.com\/company\/algarve7","https:\/\/www.pinterest.pt\/geral0939\/_created\/"]},{"@type":"Person","@id":"https:\/\/algarve7.pt\/#\/schema\/person\/23fa70681308e7b319a3204bcea45e0c","name":"Algarve 7","sameAs":["https:\/\/algarve7.pt","https:\/\/www.facebook.com\/algarve7"],"url":"https:\/\/algarve7.pt\/index.php\/author\/geralalgarve7-pt\/"}]}},"jetpack_publicize_connections":[],"jetpack_featured_media_url":"https:\/\/algarve7.pt\/wp-content\/uploads\/2020\/09\/FaroAtivo-0427.jpg","jetpack_shortlink":"https:\/\/wp.me\/pcezmW-pn","jetpack_sharing_enabled":true,"_links":{"self":[{"href":"https:\/\/algarve7.pt\/index.php\/wp-json\/wp\/v2\/posts\/1573","targetHints":{"allow":["GET"]}}],"collection":[{"href":"https:\/\/algarve7.pt\/index.php\/wp-json\/wp\/v2\/posts"}],"about":[{"href":"https:\/\/algarve7.pt\/index.php\/wp-json\/wp\/v2\/types\/post"}],"author":[{"embeddable":true,"href":"https:\/\/algarve7.pt\/index.php\/wp-json\/wp\/v2\/users\/1"}],"replies":[{"embeddable":true,"href":"https:\/\/algarve7.pt\/index.php\/wp-json\/wp\/v2\/comments?post=1573"}],"version-history":[{"count":0,"href":"https:\/\/algarve7.pt\/index.php\/wp-json\/wp\/v2\/posts\/1573\/revisions"}],"wp:featuredmedia":[{"embeddable":true,"href":"https:\/\/algarve7.pt\/index.php\/wp-json\/wp\/v2\/media\/1574"}],"wp:attachment":[{"href":"https:\/\/algarve7.pt\/index.php\/wp-json\/wp\/v2\/media?parent=1573"}],"wp:term":[{"taxonomy":"category","embeddable":true,"href":"https:\/\/algarve7.pt\/index.php\/wp-json\/wp\/v2\/categories?post=1573"},{"taxonomy":"post_tag","embeddable":true,"href":"https:\/\/algarve7.pt\/index.php\/wp-json\/wp\/v2\/tags?post=1573"}],"curies":[{"name":"wp","href":"https:\/\/api.w.org\/{rel}","templated":true}]}}