{"id":15643,"date":"2022-02-19T20:00:10","date_gmt":"2022-02-19T20:00:10","guid":{"rendered":"https:\/\/algarve7.pt\/?p=15643"},"modified":"2022-02-19T20:00:14","modified_gmt":"2022-02-19T20:00:14","slug":"deliberacao-da-reuniao-extraordinaria-no-04-2022-da-comissao-de-protecao-civil-da-regiao-do-algarve","status":"publish","type":"post","link":"https:\/\/algarve7.pt\/index.php\/2022\/02\/deliberacao-da-reuniao-extraordinaria-no-04-2022-da-comissao-de-protecao-civil-da-regiao-do-algarve\/atualidade\/20\/00\/","title":{"rendered":"Delibera\u00e7\u00e3o da reuni\u00e3o extraordin\u00e1ria n\u00ba 04\/2022 da Comiss\u00e3o de Prote\u00e7\u00e3o Civil da Regi\u00e3o do Algarve"},"content":{"rendered":"\n<p>A Comiss\u00e3o de Prote\u00e7\u00e3o Civil territorialmente competente na regi\u00e3o do Algarve,&nbsp;adiante designada por \u201cComiss\u00e3o\u201d,&nbsp;reunida no dia 19 de fevereiro de 2022, via VTC (<em>Video Teleconference<\/em>), e considerando:<\/p>\n\n\n\n<ol class=\"wp-block-list\"><li>a) &nbsp;A Resolu\u00e7\u00e3o do Conselho de Ministros (RCM) no 25-A\/2022, de 18 de fevereiro, que declara a Situa\u00e7\u00e3o de Alerta, no \u00e2mbito da Lei de Bases de Prote\u00e7\u00e3o Civil (LBPC), para todo o territ\u00f3rio nacional continental, das 00:00 horas do dia 19 de fevereiro de 2022 at\u00e9 \u00e0s 23:59 horas do dia 07 de mar\u00e7o de 2022;<\/li><li>b) &nbsp;O Plano Distrital de Emerg\u00eancia de Prote\u00e7\u00e3o Civil (PDEPC) de Faro e os 16 Planos Municipais de Emerg\u00eancia de Prote\u00e7\u00e3o Civil (PMEPC) do Algarve, se encontram ativos, nos termos do n.o 4 do artigo 21.o da LBPC;<\/li><li>c) &nbsp;A audi\u00e7\u00e3o de Sua Excel\u00eancia o Secret\u00e1rio de Estado Coordenador para Regi\u00e3o do Algarve, Dr. Jorge Botelho;<\/li><li>d) &nbsp;A pronuncia da Subcomiss\u00e3o de Prote\u00e7\u00e3o Civil&nbsp;\u2013&nbsp;COVID-19, constitu\u00edda no dia 14 de mar\u00e7o de 2020, ao abrigo do artigo 42.o da LBPC, que reuniu no dia 19 de fevereiro de 2022, pelas 16:00 horas;<\/li><li>e) &nbsp;A audi\u00e7\u00e3o da estrutura de coordena\u00e7\u00e3o institucional de \u00e2mbito regional, designadamente o Centro de Coordena\u00e7\u00e3o Operacional (CCO), que reuniu no dia 19 de fevereiro de 2022, pelas 16:00 horas;<\/li><li>f) &nbsp;A avalia\u00e7\u00e3o desta Comiss\u00e3o, nos termos do n.o 3 do artigo 14.o da LBPC, no que concerne \u00e0 manuten\u00e7\u00e3o da atividade do PDEPC, ap\u00f3s a entrada em vigor da Situa\u00e7\u00e3o de Alerta referida na al\u00ednea a).<\/li><\/ol>\n\n\n\n<p>Deliberou,<\/p>\n\n\n\n<ol class=\"wp-block-list\"><li>Propor a Sua Excel\u00eancia a Secret\u00e1ria de Estado da Administra\u00e7\u00e3o Interna, a manuten\u00e7\u00e3o da atividade do PDEPC de Faro, enquanto vigorar a Situa\u00e7\u00e3o de Alerta na regi\u00e3o;<\/li><li>Reunir a Comiss\u00e3o, via VTC, ordinariamente, com periodicidade mensal enquanto vigorar a Situa\u00e7\u00e3o de Alerta na Regi\u00e3o;<\/li><li>Manter em funcionamento a Subcomiss\u00e3o de Prote\u00e7\u00e3o Civil&nbsp;\u2013&nbsp;COVID-19, a qual reunir\u00e1 ordinariamente, via VTC, com periodicidade semanal, \u00e0 quinta-feira, pelas 12:00 horas, e extraordinariamente, sempre que necess\u00e1rio, enquanto vigorar a Situa\u00e7\u00e3o de Alerta na regi\u00e3o;<\/li><li>Realizar Confer\u00eancias de Imprensa, presenciais, nas instala\u00e7\u00f5es do Comando Regional de Emerg\u00eancia e Prote\u00e7\u00e3o Civil (CREPC) do Algarve, juntamente com o Secret\u00e1rio de Estado Coordenador, o Presidente da Administra\u00e7\u00e3o Regional de Sa\u00fade, a Delegada de Sa\u00fade Regional e o Comandante Regional de Emerg\u00eancia e Prote\u00e7\u00e3o Civil, com periodicidade a definir pelo Presidente da Comiss\u00e3o;<\/li><li>Elaborar um plano sustentado de desativa\u00e7\u00e3o dos mecanismos de apoio aos servi\u00e7os e autoridades de sa\u00fade, com a consequente desmobiliza\u00e7\u00e3o racional dos meios e recursos inerentes, caso a situa\u00e7\u00e3o pand\u00e9mica continue a evoluir favoravelmente e n\u00e3o seja prolongada a Situa\u00e7\u00e3o de Alerta pelo Governo;<\/li><li>Dar conhecimento da avalia\u00e7\u00e3o efetuada, pela Comiss\u00e3o, \u00e0s Autoridades Municipais de Prote\u00e7\u00e3o Civil da regi\u00e3o;<\/li><li>Que a presente Delibera\u00e7\u00e3o seja divulgada junto dos \u00d3rg\u00e3os de Comunica\u00e7\u00e3o Social, que t\u00eam a obriga\u00e7\u00e3o especial de colabora\u00e7\u00e3o visando a divulga\u00e7\u00e3o das informa\u00e7\u00f5es relevantes relativas \u00e0 situa\u00e7\u00e3o nos termos do n.o 4 do art.o14o da LBPC.<\/li><\/ol>\n","protected":false},"excerpt":{"rendered":"<p>A Comiss\u00e3o de Prote\u00e7\u00e3o Civil territorialmente competente na regi\u00e3o do Algarve,&nbsp;adiante designada por \u201cComiss\u00e3o\u201d,&nbsp;reunida no dia 19 de fevereiro de<\/p>\n","protected":false},"author":1,"featured_media":15644,"comment_status":"closed","ping_status":"open","sticky":false,"template":"","format":"standard","meta":{"colormag_page_container_layout":"default_layout","colormag_page_sidebar_layout":"default_layout","_monsterinsights_skip_tracking":false,"_monsterinsights_sitenote_active":false,"_monsterinsights_sitenote_note":"","_monsterinsights_sitenote_category":0,"jetpack_post_was_ever_published":false,"_jetpack_newsletter_access":"","_jetpack_dont_email_post_to_subs":false,"_jetpack_newsletter_tier_id":0,"_jetpack_memberships_contains_paywalled_content":false,"_jetpack_memberships_contains_paid_content":false,"footnotes":"","jetpack_publicize_message":"","jetpack_publicize_feature_enabled":true,"jetpack_social_post_already_shared":true,"jetpack_social_options":{"image_generator_settings":{"template":"highway","default_image_id":0,"font":"","enabled":false},"version":2}},"categories":[11],"tags":[36,62],"class_list":["post-15643","post","type-post","status-publish","format-standard","has-post-thumbnail","hentry","category-atualidade","tag-algarve","tag-atualidade"],"yoast_head":"<!-- This site is optimized with the Yoast SEO plugin v27.5 - https:\/\/yoast.com\/product\/yoast-seo-wordpress\/ -->\n<title>Delibera\u00e7\u00e3o da reuni\u00e3o extraordin\u00e1ria n\u00ba 04\/2022 da Comiss\u00e3o de Prote\u00e7\u00e3o Civil da Regi\u00e3o do Algarve - Algarve 7<\/title>\n<meta name=\"description\" content=\"Delibera\u00e7\u00e3o da reuni\u00e3o extraordin\u00e1ria n\u00ba 04\/2022 da Comiss\u00e3o de Prote\u00e7\u00e3o Civil da Regi\u00e3o do Algarve Atualidade\" \/>\n<meta name=\"robots\" content=\"index, follow, max-snippet:-1, max-image-preview:large, max-video-preview:-1\" \/>\n<link rel=\"canonical\" href=\"https:\/\/algarve7.pt\/index.php\/2022\/02\/deliberacao-da-reuniao-extraordinaria-no-04-2022-da-comissao-de-protecao-civil-da-regiao-do-algarve\/atualidade\/20\/00\/\" \/>\n<meta property=\"og:locale\" content=\"pt_PT\" \/>\n<meta property=\"og:type\" content=\"article\" \/>\n<meta property=\"og:title\" content=\"Delibera\u00e7\u00e3o da reuni\u00e3o extraordin\u00e1ria n\u00ba 04\/2022 da Comiss\u00e3o de Prote\u00e7\u00e3o Civil da Regi\u00e3o do Algarve - Algarve 7\" \/>\n<meta property=\"og:description\" content=\"Delibera\u00e7\u00e3o da reuni\u00e3o extraordin\u00e1ria n\u00ba 04\/2022 da Comiss\u00e3o de Prote\u00e7\u00e3o Civil da Regi\u00e3o do Algarve Atualidade\" \/>\n<meta property=\"og:url\" content=\"https:\/\/algarve7.pt\/index.php\/2022\/02\/deliberacao-da-reuniao-extraordinaria-no-04-2022-da-comissao-de-protecao-civil-da-regiao-do-algarve\/atualidade\/20\/00\/\" \/>\n<meta property=\"og:site_name\" content=\"Algarve 7\" \/>\n<meta property=\"article:publisher\" content=\"https:\/\/www.facebook.com\/algarve7\" \/>\n<meta property=\"article:author\" content=\"https:\/\/www.facebook.com\/algarve7\" \/>\n<meta property=\"article:published_time\" content=\"2022-02-19T20:00:10+00:00\" \/>\n<meta property=\"article:modified_time\" content=\"2022-02-19T20:00:14+00:00\" \/>\n<meta property=\"og:image\" content=\"https:\/\/algarve7.pt\/wp-content\/uploads\/2022\/02\/anpc.png\" \/>\n\t<meta property=\"og:image:width\" content=\"800\" \/>\n\t<meta property=\"og:image:height\" content=\"450\" \/>\n\t<meta property=\"og:image:type\" content=\"image\/png\" \/>\n<meta name=\"author\" content=\"Algarve 7\" \/>\n<meta name=\"twitter:card\" content=\"summary_large_image\" \/>\n<meta name=\"twitter:creator\" content=\"@Algarvesete\" \/>\n<meta name=\"twitter:site\" content=\"@Algarvesete\" \/>\n<meta name=\"twitter:label1\" content=\"Escrito por\" \/>\n\t<meta name=\"twitter:data1\" content=\"Algarve 7\" \/>\n\t<meta name=\"twitter:label2\" content=\"Tempo estimado de leitura\" \/>\n\t<meta name=\"twitter:data2\" content=\"3 minutos\" \/>\n<script type=\"application\/ld+json\" class=\"yoast-schema-graph\">{\"@context\":\"https:\\\/\\\/schema.org\",\"@graph\":[{\"@type\":\"Article\",\"@id\":\"https:\\\/\\\/algarve7.pt\\\/index.php\\\/2022\\\/02\\\/deliberacao-da-reuniao-extraordinaria-no-04-2022-da-comissao-de-protecao-civil-da-regiao-do-algarve\\\/atualidade\\\/20\\\/00\\\/#article\",\"isPartOf\":{\"@id\":\"https:\\\/\\\/algarve7.pt\\\/index.php\\\/2022\\\/02\\\/deliberacao-da-reuniao-extraordinaria-no-04-2022-da-comissao-de-protecao-civil-da-regiao-do-algarve\\\/atualidade\\\/20\\\/00\\\/\"},\"author\":{\"name\":\"Algarve 7\",\"@id\":\"https:\\\/\\\/algarve7.pt\\\/#\\\/schema\\\/person\\\/23fa70681308e7b319a3204bcea45e0c\"},\"headline\":\"Delibera\u00e7\u00e3o da reuni\u00e3o extraordin\u00e1ria n\u00ba 04\\\/2022 da Comiss\u00e3o de Prote\u00e7\u00e3o Civil da Regi\u00e3o do Algarve\",\"datePublished\":\"2022-02-19T20:00:10+00:00\",\"dateModified\":\"2022-02-19T20:00:14+00:00\",\"mainEntityOfPage\":{\"@id\":\"https:\\\/\\\/algarve7.pt\\\/index.php\\\/2022\\\/02\\\/deliberacao-da-reuniao-extraordinaria-no-04-2022-da-comissao-de-protecao-civil-da-regiao-do-algarve\\\/atualidade\\\/20\\\/00\\\/\"},\"wordCount\":564,\"publisher\":{\"@id\":\"https:\\\/\\\/algarve7.pt\\\/#organization\"},\"image\":{\"@id\":\"https:\\\/\\\/algarve7.pt\\\/index.php\\\/2022\\\/02\\\/deliberacao-da-reuniao-extraordinaria-no-04-2022-da-comissao-de-protecao-civil-da-regiao-do-algarve\\\/atualidade\\\/20\\\/00\\\/#primaryimage\"},\"thumbnailUrl\":\"https:\\\/\\\/algarve7.pt\\\/wp-content\\\/uploads\\\/2022\\\/02\\\/anpc.png\",\"keywords\":[\"Algarve\",\"Atualidade\"],\"articleSection\":[\"Atualidade\"],\"inLanguage\":\"pt-PT\"},{\"@type\":\"WebPage\",\"@id\":\"https:\\\/\\\/algarve7.pt\\\/index.php\\\/2022\\\/02\\\/deliberacao-da-reuniao-extraordinaria-no-04-2022-da-comissao-de-protecao-civil-da-regiao-do-algarve\\\/atualidade\\\/20\\\/00\\\/\",\"url\":\"https:\\\/\\\/algarve7.pt\\\/index.php\\\/2022\\\/02\\\/deliberacao-da-reuniao-extraordinaria-no-04-2022-da-comissao-de-protecao-civil-da-regiao-do-algarve\\\/atualidade\\\/20\\\/00\\\/\",\"name\":\"Delibera\u00e7\u00e3o da reuni\u00e3o extraordin\u00e1ria n\u00ba 04\\\/2022 da Comiss\u00e3o de Prote\u00e7\u00e3o Civil da Regi\u00e3o do Algarve - Algarve 7\",\"isPartOf\":{\"@id\":\"https:\\\/\\\/algarve7.pt\\\/#website\"},\"primaryImageOfPage\":{\"@id\":\"https:\\\/\\\/algarve7.pt\\\/index.php\\\/2022\\\/02\\\/deliberacao-da-reuniao-extraordinaria-no-04-2022-da-comissao-de-protecao-civil-da-regiao-do-algarve\\\/atualidade\\\/20\\\/00\\\/#primaryimage\"},\"image\":{\"@id\":\"https:\\\/\\\/algarve7.pt\\\/index.php\\\/2022\\\/02\\\/deliberacao-da-reuniao-extraordinaria-no-04-2022-da-comissao-de-protecao-civil-da-regiao-do-algarve\\\/atualidade\\\/20\\\/00\\\/#primaryimage\"},\"thumbnailUrl\":\"https:\\\/\\\/algarve7.pt\\\/wp-content\\\/uploads\\\/2022\\\/02\\\/anpc.png\",\"datePublished\":\"2022-02-19T20:00:10+00:00\",\"dateModified\":\"2022-02-19T20:00:14+00:00\",\"description\":\"Delibera\u00e7\u00e3o da reuni\u00e3o extraordin\u00e1ria n\u00ba 04\\\/2022 da Comiss\u00e3o de Prote\u00e7\u00e3o Civil da Regi\u00e3o do Algarve Atualidade\",\"breadcrumb\":{\"@id\":\"https:\\\/\\\/algarve7.pt\\\/index.php\\\/2022\\\/02\\\/deliberacao-da-reuniao-extraordinaria-no-04-2022-da-comissao-de-protecao-civil-da-regiao-do-algarve\\\/atualidade\\\/20\\\/00\\\/#breadcrumb\"},\"inLanguage\":\"pt-PT\",\"potentialAction\":[{\"@type\":\"ReadAction\",\"target\":[\"https:\\\/\\\/algarve7.pt\\\/index.php\\\/2022\\\/02\\\/deliberacao-da-reuniao-extraordinaria-no-04-2022-da-comissao-de-protecao-civil-da-regiao-do-algarve\\\/atualidade\\\/20\\\/00\\\/\"]}]},{\"@type\":\"ImageObject\",\"inLanguage\":\"pt-PT\",\"@id\":\"https:\\\/\\\/algarve7.pt\\\/index.php\\\/2022\\\/02\\\/deliberacao-da-reuniao-extraordinaria-no-04-2022-da-comissao-de-protecao-civil-da-regiao-do-algarve\\\/atualidade\\\/20\\\/00\\\/#primaryimage\",\"url\":\"https:\\\/\\\/algarve7.pt\\\/wp-content\\\/uploads\\\/2022\\\/02\\\/anpc.png\",\"contentUrl\":\"https:\\\/\\\/algarve7.pt\\\/wp-content\\\/uploads\\\/2022\\\/02\\\/anpc.png\",\"width\":800,\"height\":450},{\"@type\":\"BreadcrumbList\",\"@id\":\"https:\\\/\\\/algarve7.pt\\\/index.php\\\/2022\\\/02\\\/deliberacao-da-reuniao-extraordinaria-no-04-2022-da-comissao-de-protecao-civil-da-regiao-do-algarve\\\/atualidade\\\/20\\\/00\\\/#breadcrumb\",\"itemListElement\":[{\"@type\":\"ListItem\",\"position\":1,\"name\":\"In\u00edcio\",\"item\":\"https:\\\/\\\/algarve7.pt\\\/\"},{\"@type\":\"ListItem\",\"position\":2,\"name\":\"Delibera\u00e7\u00e3o da reuni\u00e3o extraordin\u00e1ria n\u00ba 04\\\/2022 da Comiss\u00e3o de Prote\u00e7\u00e3o Civil da Regi\u00e3o do Algarve\"}]},{\"@type\":\"WebSite\",\"@id\":\"https:\\\/\\\/algarve7.pt\\\/#website\",\"url\":\"https:\\\/\\\/algarve7.pt\\\/\",\"name\":\"Algarve 7\",\"description\":\"Informa\u00e7\u00e3o sobre o Algarve\",\"publisher\":{\"@id\":\"https:\\\/\\\/algarve7.pt\\\/#organization\"},\"potentialAction\":[{\"@type\":\"SearchAction\",\"target\":{\"@type\":\"EntryPoint\",\"urlTemplate\":\"https:\\\/\\\/algarve7.pt\\\/?s={search_term_string}\"},\"query-input\":{\"@type\":\"PropertyValueSpecification\",\"valueRequired\":true,\"valueName\":\"search_term_string\"}}],\"inLanguage\":\"pt-PT\"},{\"@type\":\"Organization\",\"@id\":\"https:\\\/\\\/algarve7.pt\\\/#organization\",\"name\":\"Algarve 7\",\"url\":\"https:\\\/\\\/algarve7.pt\\\/\",\"logo\":{\"@type\":\"ImageObject\",\"inLanguage\":\"pt-PT\",\"@id\":\"https:\\\/\\\/algarve7.pt\\\/#\\\/schema\\\/logo\\\/image\\\/\",\"url\":\"https:\\\/\\\/algarve7.pt\\\/wp-content\\\/uploads\\\/2020\\\/10\\\/Logo-8.jpg\",\"contentUrl\":\"https:\\\/\\\/algarve7.pt\\\/wp-content\\\/uploads\\\/2020\\\/10\\\/Logo-8.jpg\",\"width\":1680,\"height\":1186,\"caption\":\"Algarve 7\"},\"image\":{\"@id\":\"https:\\\/\\\/algarve7.pt\\\/#\\\/schema\\\/logo\\\/image\\\/\"},\"sameAs\":[\"https:\\\/\\\/www.facebook.com\\\/algarve7\",\"https:\\\/\\\/x.com\\\/Algarvesete\",\"https:\\\/\\\/www.instagram.com\\\/jornalalgarve7\\\/\",\"https:\\\/\\\/www.linkedin.com\\\/company\\\/algarve7\",\"https:\\\/\\\/www.pinterest.pt\\\/geral0939\\\/_created\\\/\"]},{\"@type\":\"Person\",\"@id\":\"https:\\\/\\\/algarve7.pt\\\/#\\\/schema\\\/person\\\/23fa70681308e7b319a3204bcea45e0c\",\"name\":\"Algarve 7\",\"sameAs\":[\"https:\\\/\\\/algarve7.pt\",\"https:\\\/\\\/www.facebook.com\\\/algarve7\"],\"url\":\"https:\\\/\\\/algarve7.pt\\\/index.php\\\/author\\\/geralalgarve7-pt\\\/\"}]}<\/script>\n<!-- \/ Yoast SEO plugin. -->","yoast_head_json":{"title":"Delibera\u00e7\u00e3o da reuni\u00e3o extraordin\u00e1ria n\u00ba 04\/2022 da Comiss\u00e3o de Prote\u00e7\u00e3o Civil da Regi\u00e3o do Algarve - Algarve 7","description":"Delibera\u00e7\u00e3o da reuni\u00e3o extraordin\u00e1ria n\u00ba 04\/2022 da Comiss\u00e3o de Prote\u00e7\u00e3o Civil da Regi\u00e3o do Algarve Atualidade","robots":{"index":"index","follow":"follow","max-snippet":"max-snippet:-1","max-image-preview":"max-image-preview:large","max-video-preview":"max-video-preview:-1"},"canonical":"https:\/\/algarve7.pt\/index.php\/2022\/02\/deliberacao-da-reuniao-extraordinaria-no-04-2022-da-comissao-de-protecao-civil-da-regiao-do-algarve\/atualidade\/20\/00\/","og_locale":"pt_PT","og_type":"article","og_title":"Delibera\u00e7\u00e3o da reuni\u00e3o extraordin\u00e1ria n\u00ba 04\/2022 da Comiss\u00e3o de Prote\u00e7\u00e3o Civil da Regi\u00e3o do Algarve - Algarve 7","og_description":"Delibera\u00e7\u00e3o da reuni\u00e3o extraordin\u00e1ria n\u00ba 04\/2022 da Comiss\u00e3o de Prote\u00e7\u00e3o Civil da Regi\u00e3o do Algarve Atualidade","og_url":"https:\/\/algarve7.pt\/index.php\/2022\/02\/deliberacao-da-reuniao-extraordinaria-no-04-2022-da-comissao-de-protecao-civil-da-regiao-do-algarve\/atualidade\/20\/00\/","og_site_name":"Algarve 7","article_publisher":"https:\/\/www.facebook.com\/algarve7","article_author":"https:\/\/www.facebook.com\/algarve7","article_published_time":"2022-02-19T20:00:10+00:00","article_modified_time":"2022-02-19T20:00:14+00:00","og_image":[{"width":800,"height":450,"url":"https:\/\/algarve7.pt\/wp-content\/uploads\/2022\/02\/anpc.png","type":"image\/png"}],"author":"Algarve 7","twitter_card":"summary_large_image","twitter_creator":"@Algarvesete","twitter_site":"@Algarvesete","twitter_misc":{"Escrito por":"Algarve 7","Tempo estimado de leitura":"3 minutos"},"schema":{"@context":"https:\/\/schema.org","@graph":[{"@type":"Article","@id":"https:\/\/algarve7.pt\/index.php\/2022\/02\/deliberacao-da-reuniao-extraordinaria-no-04-2022-da-comissao-de-protecao-civil-da-regiao-do-algarve\/atualidade\/20\/00\/#article","isPartOf":{"@id":"https:\/\/algarve7.pt\/index.php\/2022\/02\/deliberacao-da-reuniao-extraordinaria-no-04-2022-da-comissao-de-protecao-civil-da-regiao-do-algarve\/atualidade\/20\/00\/"},"author":{"name":"Algarve 7","@id":"https:\/\/algarve7.pt\/#\/schema\/person\/23fa70681308e7b319a3204bcea45e0c"},"headline":"Delibera\u00e7\u00e3o da reuni\u00e3o extraordin\u00e1ria n\u00ba 04\/2022 da Comiss\u00e3o de Prote\u00e7\u00e3o Civil da Regi\u00e3o do Algarve","datePublished":"2022-02-19T20:00:10+00:00","dateModified":"2022-02-19T20:00:14+00:00","mainEntityOfPage":{"@id":"https:\/\/algarve7.pt\/index.php\/2022\/02\/deliberacao-da-reuniao-extraordinaria-no-04-2022-da-comissao-de-protecao-civil-da-regiao-do-algarve\/atualidade\/20\/00\/"},"wordCount":564,"publisher":{"@id":"https:\/\/algarve7.pt\/#organization"},"image":{"@id":"https:\/\/algarve7.pt\/index.php\/2022\/02\/deliberacao-da-reuniao-extraordinaria-no-04-2022-da-comissao-de-protecao-civil-da-regiao-do-algarve\/atualidade\/20\/00\/#primaryimage"},"thumbnailUrl":"https:\/\/algarve7.pt\/wp-content\/uploads\/2022\/02\/anpc.png","keywords":["Algarve","Atualidade"],"articleSection":["Atualidade"],"inLanguage":"pt-PT"},{"@type":"WebPage","@id":"https:\/\/algarve7.pt\/index.php\/2022\/02\/deliberacao-da-reuniao-extraordinaria-no-04-2022-da-comissao-de-protecao-civil-da-regiao-do-algarve\/atualidade\/20\/00\/","url":"https:\/\/algarve7.pt\/index.php\/2022\/02\/deliberacao-da-reuniao-extraordinaria-no-04-2022-da-comissao-de-protecao-civil-da-regiao-do-algarve\/atualidade\/20\/00\/","name":"Delibera\u00e7\u00e3o da reuni\u00e3o extraordin\u00e1ria n\u00ba 04\/2022 da Comiss\u00e3o de Prote\u00e7\u00e3o Civil da Regi\u00e3o do Algarve - Algarve 7","isPartOf":{"@id":"https:\/\/algarve7.pt\/#website"},"primaryImageOfPage":{"@id":"https:\/\/algarve7.pt\/index.php\/2022\/02\/deliberacao-da-reuniao-extraordinaria-no-04-2022-da-comissao-de-protecao-civil-da-regiao-do-algarve\/atualidade\/20\/00\/#primaryimage"},"image":{"@id":"https:\/\/algarve7.pt\/index.php\/2022\/02\/deliberacao-da-reuniao-extraordinaria-no-04-2022-da-comissao-de-protecao-civil-da-regiao-do-algarve\/atualidade\/20\/00\/#primaryimage"},"thumbnailUrl":"https:\/\/algarve7.pt\/wp-content\/uploads\/2022\/02\/anpc.png","datePublished":"2022-02-19T20:00:10+00:00","dateModified":"2022-02-19T20:00:14+00:00","description":"Delibera\u00e7\u00e3o da reuni\u00e3o extraordin\u00e1ria n\u00ba 04\/2022 da Comiss\u00e3o de Prote\u00e7\u00e3o Civil da Regi\u00e3o do Algarve Atualidade","breadcrumb":{"@id":"https:\/\/algarve7.pt\/index.php\/2022\/02\/deliberacao-da-reuniao-extraordinaria-no-04-2022-da-comissao-de-protecao-civil-da-regiao-do-algarve\/atualidade\/20\/00\/#breadcrumb"},"inLanguage":"pt-PT","potentialAction":[{"@type":"ReadAction","target":["https:\/\/algarve7.pt\/index.php\/2022\/02\/deliberacao-da-reuniao-extraordinaria-no-04-2022-da-comissao-de-protecao-civil-da-regiao-do-algarve\/atualidade\/20\/00\/"]}]},{"@type":"ImageObject","inLanguage":"pt-PT","@id":"https:\/\/algarve7.pt\/index.php\/2022\/02\/deliberacao-da-reuniao-extraordinaria-no-04-2022-da-comissao-de-protecao-civil-da-regiao-do-algarve\/atualidade\/20\/00\/#primaryimage","url":"https:\/\/algarve7.pt\/wp-content\/uploads\/2022\/02\/anpc.png","contentUrl":"https:\/\/algarve7.pt\/wp-content\/uploads\/2022\/02\/anpc.png","width":800,"height":450},{"@type":"BreadcrumbList","@id":"https:\/\/algarve7.pt\/index.php\/2022\/02\/deliberacao-da-reuniao-extraordinaria-no-04-2022-da-comissao-de-protecao-civil-da-regiao-do-algarve\/atualidade\/20\/00\/#breadcrumb","itemListElement":[{"@type":"ListItem","position":1,"name":"In\u00edcio","item":"https:\/\/algarve7.pt\/"},{"@type":"ListItem","position":2,"name":"Delibera\u00e7\u00e3o da reuni\u00e3o extraordin\u00e1ria n\u00ba 04\/2022 da Comiss\u00e3o de Prote\u00e7\u00e3o Civil da Regi\u00e3o do Algarve"}]},{"@type":"WebSite","@id":"https:\/\/algarve7.pt\/#website","url":"https:\/\/algarve7.pt\/","name":"Algarve 7","description":"Informa\u00e7\u00e3o sobre o Algarve","publisher":{"@id":"https:\/\/algarve7.pt\/#organization"},"potentialAction":[{"@type":"SearchAction","target":{"@type":"EntryPoint","urlTemplate":"https:\/\/algarve7.pt\/?s={search_term_string}"},"query-input":{"@type":"PropertyValueSpecification","valueRequired":true,"valueName":"search_term_string"}}],"inLanguage":"pt-PT"},{"@type":"Organization","@id":"https:\/\/algarve7.pt\/#organization","name":"Algarve 7","url":"https:\/\/algarve7.pt\/","logo":{"@type":"ImageObject","inLanguage":"pt-PT","@id":"https:\/\/algarve7.pt\/#\/schema\/logo\/image\/","url":"https:\/\/algarve7.pt\/wp-content\/uploads\/2020\/10\/Logo-8.jpg","contentUrl":"https:\/\/algarve7.pt\/wp-content\/uploads\/2020\/10\/Logo-8.jpg","width":1680,"height":1186,"caption":"Algarve 7"},"image":{"@id":"https:\/\/algarve7.pt\/#\/schema\/logo\/image\/"},"sameAs":["https:\/\/www.facebook.com\/algarve7","https:\/\/x.com\/Algarvesete","https:\/\/www.instagram.com\/jornalalgarve7\/","https:\/\/www.linkedin.com\/company\/algarve7","https:\/\/www.pinterest.pt\/geral0939\/_created\/"]},{"@type":"Person","@id":"https:\/\/algarve7.pt\/#\/schema\/person\/23fa70681308e7b319a3204bcea45e0c","name":"Algarve 7","sameAs":["https:\/\/algarve7.pt","https:\/\/www.facebook.com\/algarve7"],"url":"https:\/\/algarve7.pt\/index.php\/author\/geralalgarve7-pt\/"}]}},"jetpack_publicize_connections":[],"jetpack_featured_media_url":"https:\/\/algarve7.pt\/wp-content\/uploads\/2022\/02\/anpc.png","jetpack_shortlink":"https:\/\/wp.me\/pcezmW-44j","jetpack_sharing_enabled":true,"_links":{"self":[{"href":"https:\/\/algarve7.pt\/index.php\/wp-json\/wp\/v2\/posts\/15643","targetHints":{"allow":["GET"]}}],"collection":[{"href":"https:\/\/algarve7.pt\/index.php\/wp-json\/wp\/v2\/posts"}],"about":[{"href":"https:\/\/algarve7.pt\/index.php\/wp-json\/wp\/v2\/types\/post"}],"author":[{"embeddable":true,"href":"https:\/\/algarve7.pt\/index.php\/wp-json\/wp\/v2\/users\/1"}],"replies":[{"embeddable":true,"href":"https:\/\/algarve7.pt\/index.php\/wp-json\/wp\/v2\/comments?post=15643"}],"version-history":[{"count":0,"href":"https:\/\/algarve7.pt\/index.php\/wp-json\/wp\/v2\/posts\/15643\/revisions"}],"wp:featuredmedia":[{"embeddable":true,"href":"https:\/\/algarve7.pt\/index.php\/wp-json\/wp\/v2\/media\/15644"}],"wp:attachment":[{"href":"https:\/\/algarve7.pt\/index.php\/wp-json\/wp\/v2\/media?parent=15643"}],"wp:term":[{"taxonomy":"category","embeddable":true,"href":"https:\/\/algarve7.pt\/index.php\/wp-json\/wp\/v2\/categories?post=15643"},{"taxonomy":"post_tag","embeddable":true,"href":"https:\/\/algarve7.pt\/index.php\/wp-json\/wp\/v2\/tags?post=15643"}],"curies":[{"name":"wp","href":"https:\/\/api.w.org\/{rel}","templated":true}]}}