{"id":15639,"date":"2022-02-19T13:08:40","date_gmt":"2022-02-19T13:08:40","guid":{"rendered":"https:\/\/algarve7.pt\/?p=15639"},"modified":"2022-02-19T13:08:44","modified_gmt":"2022-02-19T13:08:44","slug":"atribuicao-do-nome-de-gago-coutinho-como-patrono-do-aeroporto-de-faro-marcou-inicio-das-comemoracoes","status":"publish","type":"post","link":"https:\/\/algarve7.pt\/index.php\/2022\/02\/atribuicao-do-nome-de-gago-coutinho-como-patrono-do-aeroporto-de-faro-marcou-inicio-das-comemoracoes\/atualidade\/13\/08\/","title":{"rendered":"Atribui\u00e7\u00e3o do nome de Gago Coutinho como patrono do Aeroporto de Faro marcou in\u00edcio das comemora\u00e7\u00f5es"},"content":{"rendered":"\n<p>Programa multidisciplinar e intergeracional dinamizado pelo Munic\u00edpio de S\u00e3o Br\u00e1s de Alportel integra o programa nacional de Comemora\u00e7\u00f5es do Centen\u00e1rio da 1\u00aa Travessia do Atl\u00e2ntico Sul (100TAAS) e vai envolver comunidade s\u00e3o-brasense.<\/p>\n\n\n\n<p>A r\u00e9plica do Hidroavi\u00e3o Fairey III \u201cSanta Cruz\u201d criada pelo artista algarvio Carlos de Oliveira Correia, que homenageia a memor\u00e1vel primeira Travessia A\u00e9rea do Atl\u00e2ntico Sul protagonizada por Gago Coutinho e Sacadura Cabral foi o pano de fundo para a cerim\u00f3nia que marcou, esta quinta-feira, dia 17 de fevereiro, o in\u00edcio do programa comemorativo do centen\u00e1rio deste feito \u00e9pico que marcou a hist\u00f3ria da avia\u00e7\u00e3o mundial.<\/p>\n\n\n\n<p>O monumento localizado junto \u00e0s Piscinas Municipais Cobertas de S\u00e3o Br\u00e1s de Alportel conta agora com uma Placa Comemorativa que foi descerrada pelo Presidente da C\u00e2mara Municipal de S\u00e3o Br\u00e1s de Alportel, Vitor Guerreiro, e pelo representante da Comiss\u00e3o Aeronaval das Comemora\u00e7\u00f5es do Centen\u00e1rio da 1\u00aa Travessia do Atl\u00e2ntico Sul &#8211; 100TAAS&nbsp; (de \u00e2mbito nacional), Tenente-General Ant\u00f3nio Carlos Mimoso e Carvalho.<\/p>\n\n\n\n<p>Gago Coutinho, com ra\u00edzes familiares s\u00e3o-brasenses e algarvias e Sacadura Cabral, s\u00e3o exemplo de resili\u00eancia, per\u00edcia e aud\u00e1cia que Vitor Guerreiro diz rever no espirito dos s\u00e3o-brasenses.&nbsp;<\/p>\n\n\n\n<p><em>\u201cAs Comemora\u00e7\u00f5es do Centen\u00e1rio, \u00e0s quais o Munic\u00edpio tem a honra de se associar, conferem a merecida dignidade e relev\u00e2ncia a esta verdadeira epopeia que marcou a nossa trajet\u00f3ria coletiva, a forma\u00e7\u00e3o da nossa entidade nacional e afirma\u00e7\u00e3o al\u00e9m-fronteiras<\/em>\u201d,&nbsp; referiu Vitor Guerreiro apontando que esta \u00e9 uma excelente oportunidade para&nbsp;<em>\u201cvalorizar a nossa Mem\u00f3ria Comum, o nosso passado, a nossa hist\u00f3ria e as nossas gentes, para se viver o presente e projetar o futuro\u201d,<\/em>&nbsp;tendo como fonte de inspira\u00e7\u00e3o esta travessia \u00e9pica.<\/p>\n\n\n\n<p>Este sentimento de respeito e orgulho nestes her\u00f3is nacionais motivou a proposta do Movimento \u201cCidad\u00e3os pelo Aeroporto Gago Coutinho\u201d, representado na cerim\u00f3nia pelo s\u00e3o-brasense Almirante Martins Guerreiro.<\/p>\n\n\n\n<p><em>\u201cAtribuir ao aeroporto de Faro o nome de \u201cAeroporto Almirante Gago Coutinho\u201d seria uma forma de nos projetarmos no mundo, lembrando, o engenho e a capacidade criativa da gente portuguesa e o seu contributo para o desenvolvimento da humanidade\u201d,<\/em>&nbsp;afirmou.<\/p>\n\n\n\n<p>Seria aos olhos do Almirante Martins Guerreiro e dos cidad\u00e3os que comp\u00f5em o movimento, entre os quais todos os deputados algarvios \u00e0 Assembleia Constituinte, uma forma de saldar uma d\u00edvida hist\u00f3rica para com um dos seus maiores e prop\u00f5e ainda que o Aeroporto possa ter um espa\u00e7o que d\u00ea a conhecer a 1\u00aa Travessia A\u00e9rea do Atl\u00e2ntico Sul e os seus concretizadores.<\/p>\n\n\n\n<p>Uma proposta que conta com o apoio do Munic\u00edpio de S\u00e3o Br\u00e1s de Alportel, tendo merecido aprova\u00e7\u00e3o un\u00e2nime da Assembleia Municipal e tendo sido &nbsp;apresentada na Comunidade Intermunicipal do Algarve em 2019. A sua vota\u00e7\u00e3o foi, contudo, protelada pela pandemia e o Movimento entende que 2022 \u00e9 o ano certo para retomar a proposta.<\/p>\n\n\n\n<p>Esta cerim\u00f3nia contou ainda com uma palestra proferida pelo Tenente-General Ant\u00f3nio Carlos Mimoso e Carvalho que deu a conhecer o percurso, conquistas e as vicissitudes da travessia momentos antes da inaugura\u00e7\u00e3o da exposi\u00e7\u00e3o itinerante \u201c1\u00aa Travessia A\u00e9rea do Atl\u00e2ntico Sul\u201d, preparada pela Comiss\u00e3o Aeronaval das Comemora\u00e7\u00f5es do Centen\u00e1rio da Travessia A\u00e9rea do Atl\u00e2ntico Sul (100TAAS) e que vai estar patente no \u00e1trio das Piscinas Municipais Cobertas de S\u00e3o Br\u00e1s de Alportel at\u00e9 27 de fevereiro.<\/p>\n\n\n\n<p><strong>Programa multidisciplinar e intergeracional at\u00e9 ao final do ano<\/strong><\/p>\n\n\n\n<p>O programa s\u00e3o-brasense que assinala os 100 anos da Primeira Travessia A\u00e9rea do Atl\u00e2ntico Sul vai desenvolver-se at\u00e9 ao final de 2022 com momentos musicais, art\u00edsticos, liter\u00e1rios, infantojuvenis, entre outros.&nbsp;<\/p>\n\n\n\n<p><em>\u201cUm programa que queremos universal, mas profundamente local e intergeracional, n\u00e3o apenas para assistir mas para viver e envolver a nossa comunidade de forma intergeracional\u201d,<\/em>&nbsp;referiu a Vice-presidente da C\u00e2mara Municipal que revelou alguns dos momentos-chave do calend\u00e1rio de eventos que decorrer\u00e1 at\u00e9 final de 2022.<\/p>\n\n\n\n<p>J\u00e1 a 27 de fevereiro, o Ciclo de Passeios Natureza ir\u00e1 tamb\u00e9m ser dedicado a Gago Coutinho dando a conhecer a \u201cRota Gago Coutinho \u2013 a Geodesia em S\u00e3o Br\u00e1s de Alportel\u201d, um percurso pelos 14 marcos geod\u00e9sicos do territ\u00f3rio s\u00e3o-brasense, recentemente alvo de requalifica\u00e7\u00e3o.<\/p>\n\n\n\n<p>A Biblioteca Municipal Dr. Estando Louro, parceira desta iniciativa, ir\u00e1 apresentar entre 30 de mar\u00e7o e 17 de junho uma exposi\u00e7\u00e3o documental e de colecionismo dedicado \u00e0 Travessia, que ter\u00e1 continuidade numa exposi\u00e7\u00e3o de rua centrada neste feito hist\u00f3rico.<\/p>\n\n\n\n<p>O Cineteatro S\u00e3o Br\u00e1s e os espa\u00e7os p\u00fablicos do munic\u00edpio ser\u00e3o palco de v\u00e1rios concertos e espet\u00e1culos de dan\u00e7a, entre os quais um concerto pela Banda de M\u00fasica da Armada agendado para o dia 28 de maio.<\/p>\n\n\n\n<p>As atividades dirigidas ao p\u00fablico infantojuvenil j\u00e1 tiveram in\u00edcio com a disponibiliza\u00e7\u00e3o do livro \u201cA enigm\u00e1tica travessia do Atl\u00e2ntico Sul 1922\u201d, da autoria de Marco Pitt.&nbsp; Um livro juvenil, interativo, baseado no relat\u00f3rio de Sacadura Cabral durante a travessia realizada com Gago Coutinho. Visitas interpretadas para escolas e para turistas, aventuras com ci\u00eancia e oficinas criativas onde se inclui a constru\u00e7\u00e3o de uma miniatura em papel do hidroavi\u00e3o \u201cSanta F\u00e9\u201d que foi revelado esta quinta-feira.<\/p>\n\n\n\n<p>Ciclos de Tert\u00falias, confer\u00eancias, publica\u00e7\u00f5es e conte\u00fados em formato digital integram ainda este programa concebido para dignificar a mem\u00f3ria destes homens de grande dimens\u00e3o e genialidade, que se pretende inspirador para as novas gera\u00e7\u00f5es e promotor de um olhar perspicaz para o futuro.<\/p>\n\n\n\n<p>O hidroavi\u00e3o \u00e9 o s\u00edmbolo maior desta travessia e por isso, o munic\u00edpio est\u00e1 a preparar um desafio art\u00edstico para desafiar toda a comunidade a lan\u00e7ar m\u00e3os \u00e0 obra, na descoberta da arte e da ci\u00eancia!<\/p>\n\n\n\n<p>A proposta de atribui\u00e7\u00e3o do nome do Almirante Gago Coutinho, dadas as suas ra\u00edzes familiares algarvias, como patrono do Aeroporto de Faro foi defendida esta quinta-feira, no arranque das Comemora\u00e7\u00f5es s\u00e3o-brasenses do Centen\u00e1rio da 1\u00aa Travessia A\u00e9rea do Atl\u00e2ntico Sul.<\/p>\n\n\n\n<p>Programa multidisciplinar e intergeracional dinamizado pelo Munic\u00edpio de S\u00e3o Br\u00e1s de Alportel integra o programa nacional de Comemora\u00e7\u00f5es do Centen\u00e1rio da 1\u00aa Travessia do Atl\u00e2ntico Sul (100TAAS) e vai envolver comunidade s\u00e3o-brasense.<\/p>\n\n\n\n<p>A r\u00e9plica do Hidroavi\u00e3o Fairey III \u201cSanta Cruz\u201d criada pelo artista algarvio Carlos de Oliveira Correia, que homenageia a memor\u00e1vel primeira Travessia A\u00e9rea do Atl\u00e2ntico Sul protagonizada por Gago Coutinho e Sacadura Cabral foi o pano de fundo para a cerim\u00f3nia que marcou, esta quinta-feira, dia 17 de fevereiro, o in\u00edcio do programa comemorativo do centen\u00e1rio deste feito \u00e9pico que marcou a hist\u00f3ria da avia\u00e7\u00e3o mundial.<\/p>\n\n\n\n<p>O monumento localizado junto \u00e0s Piscinas Municipais Cobertas de S\u00e3o Br\u00e1s de Alportel conta agora com uma Placa Comemorativa que foi descerrada pelo Presidente da C\u00e2mara Municipal de S\u00e3o Br\u00e1s de Alportel, Vitor Guerreiro, e pelo representante da Comiss\u00e3o Aeronaval das Comemora\u00e7\u00f5es do Centen\u00e1rio da 1\u00aa Travessia do Atl\u00e2ntico Sul &#8211; 100TAAS&nbsp; (de \u00e2mbito nacional), Tenente-General Ant\u00f3nio Carlos Mimoso e Carvalho.<\/p>\n\n\n\n<p>Gago Coutinho, com ra\u00edzes familiares s\u00e3o-brasenses e algarvias e Sacadura Cabral, s\u00e3o exemplo de resili\u00eancia, per\u00edcia e aud\u00e1cia que Vitor Guerreiro diz rever no espirito dos s\u00e3o-brasenses.&nbsp;<\/p>\n\n\n\n<p><em>\u201cAs Comemora\u00e7\u00f5es do Centen\u00e1rio, \u00e0s quais o Munic\u00edpio tem a honra de se associar, conferem a merecida dignidade e relev\u00e2ncia a esta verdadeira epopeia que marcou a nossa trajet\u00f3ria coletiva, a forma\u00e7\u00e3o da nossa entidade nacional e afirma\u00e7\u00e3o al\u00e9m-fronteiras<\/em>\u201d,&nbsp; referiu Vitor Guerreiro apontando que esta \u00e9 uma excelente oportunidade para&nbsp;<em>\u201cvalorizar a nossa Mem\u00f3ria Comum, o nosso passado, a nossa hist\u00f3ria e as nossas gentes, para se viver o presente e projetar o futuro\u201d,<\/em>&nbsp;tendo como fonte de inspira\u00e7\u00e3o esta travessia \u00e9pica.<\/p>\n\n\n\n<p>Este sentimento de respeito e orgulho nestes her\u00f3is nacionais motivou a proposta do Movimento \u201cCidad\u00e3os pelo Aeroporto Gago Coutinho\u201d, representado na cerim\u00f3nia pelo s\u00e3o-brasense Almirante Martins Guerreiro.<\/p>\n\n\n\n<p><em>\u201cAtribuir ao aeroporto de Faro o nome de \u201cAeroporto Almirante Gago Coutinho\u201d seria uma forma de nos projetarmos no mundo, lembrando, o engenho e a capacidade criativa da gente portuguesa e o seu contributo para o desenvolvimento da humanidade\u201d,<\/em>&nbsp;afirmou.<\/p>\n\n\n\n<p>Seria aos olhos do Almirante Martins Guerreiro e dos cidad\u00e3os que comp\u00f5em o movimento, entre os quais todos os deputados algarvios \u00e0 Assembleia Constituinte, uma forma de saldar uma d\u00edvida hist\u00f3rica para com um dos seus maiores e prop\u00f5e ainda que o Aeroporto possa ter um espa\u00e7o que d\u00ea a conhecer a 1\u00aa Travessia A\u00e9rea do Atl\u00e2ntico Sul e os seus concretizadores.<\/p>\n\n\n\n<p>Uma proposta que conta com o apoio do Munic\u00edpio de S\u00e3o Br\u00e1s de Alportel, tendo merecido aprova\u00e7\u00e3o un\u00e2nime da Assembleia Municipal e tendo sido &nbsp;apresentada na Comunidade Intermunicipal do Algarve em 2019. A sua vota\u00e7\u00e3o foi, contudo, protelada pela pandemia e o Movimento entende que 2022 \u00e9 o ano certo para retomar a proposta.<\/p>\n\n\n\n<p>Esta cerim\u00f3nia contou ainda com uma palestra proferida pelo Tenente-General Ant\u00f3nio Carlos Mimoso e Carvalho que deu a conhecer o percurso, conquistas e as vicissitudes da travessia momentos antes da inaugura\u00e7\u00e3o da exposi\u00e7\u00e3o itinerante \u201c1\u00aa Travessia A\u00e9rea do Atl\u00e2ntico Sul\u201d, preparada pela Comiss\u00e3o Aeronaval das Comemora\u00e7\u00f5es do Centen\u00e1rio da Travessia A\u00e9rea do Atl\u00e2ntico Sul (100TAAS) e que vai estar patente no \u00e1trio das Piscinas Municipais Cobertas de S\u00e3o Br\u00e1s de Alportel at\u00e9 27 de fevereiro.<\/p>\n\n\n\n<p><strong>Programa multidisciplinar e intergeracional at\u00e9 ao final do ano<\/strong><\/p>\n\n\n\n<p>O programa s\u00e3o-brasense que assinala os 100 anos da Primeira Travessia A\u00e9rea do Atl\u00e2ntico Sul vai desenvolver-se at\u00e9 ao final de 2022 com momentos musicais, art\u00edsticos, liter\u00e1rios, infantojuvenis, entre outros.&nbsp;<\/p>\n\n\n\n<p><em>\u201cUm programa que queremos universal, mas profundamente local e intergeracional, n\u00e3o apenas para assistir mas para viver e envolver a nossa comunidade de forma intergeracional\u201d,<\/em>&nbsp;referiu a Vice-presidente da C\u00e2mara Municipal que revelou alguns dos momentos-chave do calend\u00e1rio de eventos que decorrer\u00e1 at\u00e9 final de 2022.<\/p>\n\n\n\n<p>J\u00e1 a 27 de fevereiro, o Ciclo de Passeios Natureza ir\u00e1 tamb\u00e9m ser dedicado a Gago Coutinho dando a conhecer a \u201cRota Gago Coutinho \u2013 a Geodesia em S\u00e3o Br\u00e1s de Alportel\u201d, um percurso pelos 14 marcos geod\u00e9sicos do territ\u00f3rio s\u00e3o-brasense, recentemente alvo de requalifica\u00e7\u00e3o.<\/p>\n\n\n\n<p>A Biblioteca Municipal Dr. Estando Louro, parceira desta iniciativa, ir\u00e1 apresentar entre 30 de mar\u00e7o e 17 de junho uma exposi\u00e7\u00e3o documental e de colecionismo dedicado \u00e0 Travessia, que ter\u00e1 continuidade numa exposi\u00e7\u00e3o de rua centrada neste feito hist\u00f3rico.<\/p>\n\n\n\n<p>O Cineteatro S\u00e3o Br\u00e1s e os espa\u00e7os p\u00fablicos do munic\u00edpio ser\u00e3o palco de v\u00e1rios concertos e espet\u00e1culos de dan\u00e7a, entre os quais um concerto pela Banda de M\u00fasica da Armada agendado para o dia 28 de maio.<\/p>\n\n\n\n<p>As atividades dirigidas ao p\u00fablico infantojuvenil j\u00e1 tiveram in\u00edcio com a disponibiliza\u00e7\u00e3o do livro \u201cA enigm\u00e1tica travessia do Atl\u00e2ntico Sul 1922\u201d, da autoria de Marco Pitt.&nbsp; Um livro juvenil, interativo, baseado no relat\u00f3rio de Sacadura Cabral durante a travessia realizada com Gago Coutinho. Visitas interpretadas para escolas e para turistas, aventuras com ci\u00eancia e oficinas criativas onde se inclui a constru\u00e7\u00e3o de uma miniatura em papel do hidroavi\u00e3o \u201cSanta F\u00e9\u201d que foi revelado esta quinta-feira.<\/p>\n\n\n\n<p>Ciclos de Tert\u00falias, confer\u00eancias, publica\u00e7\u00f5es e conte\u00fados em formato digital integram ainda este programa concebido para dignificar a mem\u00f3ria destes homens de grande dimens\u00e3o e genialidade, que se pretende inspirador para as novas gera\u00e7\u00f5es e promotor de um olhar perspicaz para o futuro.<\/p>\n\n\n\n<p>O hidroavi\u00e3o \u00e9 o s\u00edmbolo maior desta travessia e por isso, o munic\u00edpio est\u00e1 a preparar um desafio art\u00edstico para desafiar toda a comunidade a lan\u00e7ar m\u00e3os \u00e0 obra, na descoberta da arte e da ci\u00eancia!<\/p>\n","protected":false},"excerpt":{"rendered":"<p>Programa multidisciplinar e intergeracional dinamizado pelo Munic\u00edpio de S\u00e3o Br\u00e1s de Alportel integra o programa nacional de Comemora\u00e7\u00f5es do Centen\u00e1rio<\/p>\n","protected":false},"author":1,"featured_media":15637,"comment_status":"closed","ping_status":"open","sticky":false,"template":"","format":"standard","meta":{"colormag_page_container_layout":"default_layout","colormag_page_sidebar_layout":"default_layout","_monsterinsights_skip_tracking":false,"_monsterinsights_sitenote_active":false,"_monsterinsights_sitenote_note":"","_monsterinsights_sitenote_category":0,"jetpack_post_was_ever_published":false,"_jetpack_newsletter_access":"","_jetpack_dont_email_post_to_subs":false,"_jetpack_newsletter_tier_id":0,"_jetpack_memberships_contains_paywalled_content":false,"_jetpack_memberships_contains_paid_content":false,"footnotes":"","jetpack_publicize_message":"","jetpack_publicize_feature_enabled":true,"jetpack_social_post_already_shared":true,"jetpack_social_options":{"image_generator_settings":{"template":"highway","default_image_id":0,"font":"","enabled":false},"version":2}},"categories":[11],"tags":[376,36,62,63],"class_list":["post-15639","post","type-post","status-publish","format-standard","has-post-thumbnail","hentry","category-atualidade","tag-aeroporto-faro","tag-algarve","tag-atualidade","tag-sao-bras-de-alportel"],"yoast_head":"<!-- This site is optimized with the Yoast SEO plugin v27.5 - https:\/\/yoast.com\/product\/yoast-seo-wordpress\/ -->\n<title>Atribui\u00e7\u00e3o do nome de Gago Coutinho como patrono do Aeroporto de Faro marcou in\u00edcio das comemora\u00e7\u00f5es - Algarve 7<\/title>\n<meta name=\"description\" content=\"Atribui\u00e7\u00e3o do nome de Gago Coutinho como patrono do Aeroporto de Faro marcou in\u00edcio das comemora\u00e7\u00f5es Atualidade\" \/>\n<meta name=\"robots\" content=\"index, follow, max-snippet:-1, max-image-preview:large, max-video-preview:-1\" \/>\n<link rel=\"canonical\" href=\"https:\/\/algarve7.pt\/index.php\/2022\/02\/atribuicao-do-nome-de-gago-coutinho-como-patrono-do-aeroporto-de-faro-marcou-inicio-das-comemoracoes\/atualidade\/13\/08\/\" \/>\n<meta property=\"og:locale\" content=\"pt_PT\" \/>\n<meta property=\"og:type\" content=\"article\" \/>\n<meta property=\"og:title\" content=\"Atribui\u00e7\u00e3o do nome de Gago Coutinho como patrono do Aeroporto de Faro marcou in\u00edcio das comemora\u00e7\u00f5es - Algarve 7\" \/>\n<meta property=\"og:description\" content=\"Atribui\u00e7\u00e3o do nome de Gago Coutinho como patrono do Aeroporto de Faro marcou in\u00edcio das comemora\u00e7\u00f5es Atualidade\" \/>\n<meta property=\"og:url\" content=\"https:\/\/algarve7.pt\/index.php\/2022\/02\/atribuicao-do-nome-de-gago-coutinho-como-patrono-do-aeroporto-de-faro-marcou-inicio-das-comemoracoes\/atualidade\/13\/08\/\" \/>\n<meta property=\"og:site_name\" content=\"Algarve 7\" \/>\n<meta property=\"article:publisher\" content=\"https:\/\/www.facebook.com\/algarve7\" \/>\n<meta property=\"article:author\" content=\"https:\/\/www.facebook.com\/algarve7\" \/>\n<meta property=\"article:published_time\" content=\"2022-02-19T13:08:40+00:00\" \/>\n<meta property=\"article:modified_time\" content=\"2022-02-19T13:08:44+00:00\" \/>\n<meta property=\"og:image\" content=\"https:\/\/algarve7.pt\/wp-content\/uploads\/2022\/02\/Comemoracao-dos-100-anos-de-Gago-Coutinho-S.-Bras-17-02-2022-3-1.jpg\" \/>\n\t<meta property=\"og:image:width\" content=\"1920\" \/>\n\t<meta property=\"og:image:height\" content=\"1280\" \/>\n\t<meta property=\"og:image:type\" content=\"image\/jpeg\" \/>\n<meta name=\"author\" content=\"Algarve 7\" \/>\n<meta name=\"twitter:card\" content=\"summary_large_image\" \/>\n<meta name=\"twitter:creator\" content=\"@Algarvesete\" \/>\n<meta name=\"twitter:site\" content=\"@Algarvesete\" \/>\n<meta name=\"twitter:label1\" content=\"Escrito por\" \/>\n\t<meta name=\"twitter:data1\" content=\"Algarve 7\" \/>\n\t<meta name=\"twitter:label2\" content=\"Tempo estimado de leitura\" \/>\n\t<meta name=\"twitter:data2\" content=\"10 minutos\" \/>\n<script type=\"application\/ld+json\" class=\"yoast-schema-graph\">{\"@context\":\"https:\\\/\\\/schema.org\",\"@graph\":[{\"@type\":\"Article\",\"@id\":\"https:\\\/\\\/algarve7.pt\\\/index.php\\\/2022\\\/02\\\/atribuicao-do-nome-de-gago-coutinho-como-patrono-do-aeroporto-de-faro-marcou-inicio-das-comemoracoes\\\/atualidade\\\/13\\\/08\\\/#article\",\"isPartOf\":{\"@id\":\"https:\\\/\\\/algarve7.pt\\\/index.php\\\/2022\\\/02\\\/atribuicao-do-nome-de-gago-coutinho-como-patrono-do-aeroporto-de-faro-marcou-inicio-das-comemoracoes\\\/atualidade\\\/13\\\/08\\\/\"},\"author\":{\"name\":\"Algarve 7\",\"@id\":\"https:\\\/\\\/algarve7.pt\\\/#\\\/schema\\\/person\\\/23fa70681308e7b319a3204bcea45e0c\"},\"headline\":\"Atribui\u00e7\u00e3o do nome de Gago Coutinho como patrono do Aeroporto de Faro marcou in\u00edcio das comemora\u00e7\u00f5es\",\"datePublished\":\"2022-02-19T13:08:40+00:00\",\"dateModified\":\"2022-02-19T13:08:44+00:00\",\"mainEntityOfPage\":{\"@id\":\"https:\\\/\\\/algarve7.pt\\\/index.php\\\/2022\\\/02\\\/atribuicao-do-nome-de-gago-coutinho-como-patrono-do-aeroporto-de-faro-marcou-inicio-das-comemoracoes\\\/atualidade\\\/13\\\/08\\\/\"},\"wordCount\":2065,\"publisher\":{\"@id\":\"https:\\\/\\\/algarve7.pt\\\/#organization\"},\"image\":{\"@id\":\"https:\\\/\\\/algarve7.pt\\\/index.php\\\/2022\\\/02\\\/atribuicao-do-nome-de-gago-coutinho-como-patrono-do-aeroporto-de-faro-marcou-inicio-das-comemoracoes\\\/atualidade\\\/13\\\/08\\\/#primaryimage\"},\"thumbnailUrl\":\"https:\\\/\\\/algarve7.pt\\\/wp-content\\\/uploads\\\/2022\\\/02\\\/Comemoracao-dos-100-anos-de-Gago-Coutinho-S.-Bras-17-02-2022-3-1.jpg\",\"keywords\":[\"Aeroporto Faro\",\"Algarve\",\"Atualidade\",\"S\u00e3o Br\u00e1s de Alportel\"],\"articleSection\":[\"Atualidade\"],\"inLanguage\":\"pt-PT\"},{\"@type\":\"WebPage\",\"@id\":\"https:\\\/\\\/algarve7.pt\\\/index.php\\\/2022\\\/02\\\/atribuicao-do-nome-de-gago-coutinho-como-patrono-do-aeroporto-de-faro-marcou-inicio-das-comemoracoes\\\/atualidade\\\/13\\\/08\\\/\",\"url\":\"https:\\\/\\\/algarve7.pt\\\/index.php\\\/2022\\\/02\\\/atribuicao-do-nome-de-gago-coutinho-como-patrono-do-aeroporto-de-faro-marcou-inicio-das-comemoracoes\\\/atualidade\\\/13\\\/08\\\/\",\"name\":\"Atribui\u00e7\u00e3o do nome de Gago Coutinho como patrono do Aeroporto de Faro marcou in\u00edcio das comemora\u00e7\u00f5es - Algarve 7\",\"isPartOf\":{\"@id\":\"https:\\\/\\\/algarve7.pt\\\/#website\"},\"primaryImageOfPage\":{\"@id\":\"https:\\\/\\\/algarve7.pt\\\/index.php\\\/2022\\\/02\\\/atribuicao-do-nome-de-gago-coutinho-como-patrono-do-aeroporto-de-faro-marcou-inicio-das-comemoracoes\\\/atualidade\\\/13\\\/08\\\/#primaryimage\"},\"image\":{\"@id\":\"https:\\\/\\\/algarve7.pt\\\/index.php\\\/2022\\\/02\\\/atribuicao-do-nome-de-gago-coutinho-como-patrono-do-aeroporto-de-faro-marcou-inicio-das-comemoracoes\\\/atualidade\\\/13\\\/08\\\/#primaryimage\"},\"thumbnailUrl\":\"https:\\\/\\\/algarve7.pt\\\/wp-content\\\/uploads\\\/2022\\\/02\\\/Comemoracao-dos-100-anos-de-Gago-Coutinho-S.-Bras-17-02-2022-3-1.jpg\",\"datePublished\":\"2022-02-19T13:08:40+00:00\",\"dateModified\":\"2022-02-19T13:08:44+00:00\",\"description\":\"Atribui\u00e7\u00e3o do nome de Gago Coutinho como patrono do Aeroporto de Faro marcou in\u00edcio das comemora\u00e7\u00f5es Atualidade\",\"breadcrumb\":{\"@id\":\"https:\\\/\\\/algarve7.pt\\\/index.php\\\/2022\\\/02\\\/atribuicao-do-nome-de-gago-coutinho-como-patrono-do-aeroporto-de-faro-marcou-inicio-das-comemoracoes\\\/atualidade\\\/13\\\/08\\\/#breadcrumb\"},\"inLanguage\":\"pt-PT\",\"potentialAction\":[{\"@type\":\"ReadAction\",\"target\":[\"https:\\\/\\\/algarve7.pt\\\/index.php\\\/2022\\\/02\\\/atribuicao-do-nome-de-gago-coutinho-como-patrono-do-aeroporto-de-faro-marcou-inicio-das-comemoracoes\\\/atualidade\\\/13\\\/08\\\/\"]}]},{\"@type\":\"ImageObject\",\"inLanguage\":\"pt-PT\",\"@id\":\"https:\\\/\\\/algarve7.pt\\\/index.php\\\/2022\\\/02\\\/atribuicao-do-nome-de-gago-coutinho-como-patrono-do-aeroporto-de-faro-marcou-inicio-das-comemoracoes\\\/atualidade\\\/13\\\/08\\\/#primaryimage\",\"url\":\"https:\\\/\\\/algarve7.pt\\\/wp-content\\\/uploads\\\/2022\\\/02\\\/Comemoracao-dos-100-anos-de-Gago-Coutinho-S.-Bras-17-02-2022-3-1.jpg\",\"contentUrl\":\"https:\\\/\\\/algarve7.pt\\\/wp-content\\\/uploads\\\/2022\\\/02\\\/Comemoracao-dos-100-anos-de-Gago-Coutinho-S.-Bras-17-02-2022-3-1.jpg\",\"width\":1920,\"height\":1280},{\"@type\":\"BreadcrumbList\",\"@id\":\"https:\\\/\\\/algarve7.pt\\\/index.php\\\/2022\\\/02\\\/atribuicao-do-nome-de-gago-coutinho-como-patrono-do-aeroporto-de-faro-marcou-inicio-das-comemoracoes\\\/atualidade\\\/13\\\/08\\\/#breadcrumb\",\"itemListElement\":[{\"@type\":\"ListItem\",\"position\":1,\"name\":\"In\u00edcio\",\"item\":\"https:\\\/\\\/algarve7.pt\\\/\"},{\"@type\":\"ListItem\",\"position\":2,\"name\":\"Atribui\u00e7\u00e3o do nome de Gago Coutinho como patrono do Aeroporto de Faro marcou in\u00edcio das comemora\u00e7\u00f5es\"}]},{\"@type\":\"WebSite\",\"@id\":\"https:\\\/\\\/algarve7.pt\\\/#website\",\"url\":\"https:\\\/\\\/algarve7.pt\\\/\",\"name\":\"Algarve 7\",\"description\":\"Informa\u00e7\u00e3o sobre o Algarve\",\"publisher\":{\"@id\":\"https:\\\/\\\/algarve7.pt\\\/#organization\"},\"potentialAction\":[{\"@type\":\"SearchAction\",\"target\":{\"@type\":\"EntryPoint\",\"urlTemplate\":\"https:\\\/\\\/algarve7.pt\\\/?s={search_term_string}\"},\"query-input\":{\"@type\":\"PropertyValueSpecification\",\"valueRequired\":true,\"valueName\":\"search_term_string\"}}],\"inLanguage\":\"pt-PT\"},{\"@type\":\"Organization\",\"@id\":\"https:\\\/\\\/algarve7.pt\\\/#organization\",\"name\":\"Algarve 7\",\"url\":\"https:\\\/\\\/algarve7.pt\\\/\",\"logo\":{\"@type\":\"ImageObject\",\"inLanguage\":\"pt-PT\",\"@id\":\"https:\\\/\\\/algarve7.pt\\\/#\\\/schema\\\/logo\\\/image\\\/\",\"url\":\"https:\\\/\\\/algarve7.pt\\\/wp-content\\\/uploads\\\/2020\\\/10\\\/Logo-8.jpg\",\"contentUrl\":\"https:\\\/\\\/algarve7.pt\\\/wp-content\\\/uploads\\\/2020\\\/10\\\/Logo-8.jpg\",\"width\":1680,\"height\":1186,\"caption\":\"Algarve 7\"},\"image\":{\"@id\":\"https:\\\/\\\/algarve7.pt\\\/#\\\/schema\\\/logo\\\/image\\\/\"},\"sameAs\":[\"https:\\\/\\\/www.facebook.com\\\/algarve7\",\"https:\\\/\\\/x.com\\\/Algarvesete\",\"https:\\\/\\\/www.instagram.com\\\/jornalalgarve7\\\/\",\"https:\\\/\\\/www.linkedin.com\\\/company\\\/algarve7\",\"https:\\\/\\\/www.pinterest.pt\\\/geral0939\\\/_created\\\/\"]},{\"@type\":\"Person\",\"@id\":\"https:\\\/\\\/algarve7.pt\\\/#\\\/schema\\\/person\\\/23fa70681308e7b319a3204bcea45e0c\",\"name\":\"Algarve 7\",\"sameAs\":[\"https:\\\/\\\/algarve7.pt\",\"https:\\\/\\\/www.facebook.com\\\/algarve7\"],\"url\":\"https:\\\/\\\/algarve7.pt\\\/index.php\\\/author\\\/geralalgarve7-pt\\\/\"}]}<\/script>\n<!-- \/ Yoast SEO plugin. -->","yoast_head_json":{"title":"Atribui\u00e7\u00e3o do nome de Gago Coutinho como patrono do Aeroporto de Faro marcou in\u00edcio das comemora\u00e7\u00f5es - Algarve 7","description":"Atribui\u00e7\u00e3o do nome de Gago Coutinho como patrono do Aeroporto de Faro marcou in\u00edcio das comemora\u00e7\u00f5es Atualidade","robots":{"index":"index","follow":"follow","max-snippet":"max-snippet:-1","max-image-preview":"max-image-preview:large","max-video-preview":"max-video-preview:-1"},"canonical":"https:\/\/algarve7.pt\/index.php\/2022\/02\/atribuicao-do-nome-de-gago-coutinho-como-patrono-do-aeroporto-de-faro-marcou-inicio-das-comemoracoes\/atualidade\/13\/08\/","og_locale":"pt_PT","og_type":"article","og_title":"Atribui\u00e7\u00e3o do nome de Gago Coutinho como patrono do Aeroporto de Faro marcou in\u00edcio das comemora\u00e7\u00f5es - Algarve 7","og_description":"Atribui\u00e7\u00e3o do nome de Gago Coutinho como patrono do Aeroporto de Faro marcou in\u00edcio das comemora\u00e7\u00f5es Atualidade","og_url":"https:\/\/algarve7.pt\/index.php\/2022\/02\/atribuicao-do-nome-de-gago-coutinho-como-patrono-do-aeroporto-de-faro-marcou-inicio-das-comemoracoes\/atualidade\/13\/08\/","og_site_name":"Algarve 7","article_publisher":"https:\/\/www.facebook.com\/algarve7","article_author":"https:\/\/www.facebook.com\/algarve7","article_published_time":"2022-02-19T13:08:40+00:00","article_modified_time":"2022-02-19T13:08:44+00:00","og_image":[{"width":1920,"height":1280,"url":"https:\/\/algarve7.pt\/wp-content\/uploads\/2022\/02\/Comemoracao-dos-100-anos-de-Gago-Coutinho-S.-Bras-17-02-2022-3-1.jpg","type":"image\/jpeg"}],"author":"Algarve 7","twitter_card":"summary_large_image","twitter_creator":"@Algarvesete","twitter_site":"@Algarvesete","twitter_misc":{"Escrito por":"Algarve 7","Tempo estimado de leitura":"10 minutos"},"schema":{"@context":"https:\/\/schema.org","@graph":[{"@type":"Article","@id":"https:\/\/algarve7.pt\/index.php\/2022\/02\/atribuicao-do-nome-de-gago-coutinho-como-patrono-do-aeroporto-de-faro-marcou-inicio-das-comemoracoes\/atualidade\/13\/08\/#article","isPartOf":{"@id":"https:\/\/algarve7.pt\/index.php\/2022\/02\/atribuicao-do-nome-de-gago-coutinho-como-patrono-do-aeroporto-de-faro-marcou-inicio-das-comemoracoes\/atualidade\/13\/08\/"},"author":{"name":"Algarve 7","@id":"https:\/\/algarve7.pt\/#\/schema\/person\/23fa70681308e7b319a3204bcea45e0c"},"headline":"Atribui\u00e7\u00e3o do nome de Gago Coutinho como patrono do Aeroporto de Faro marcou in\u00edcio das comemora\u00e7\u00f5es","datePublished":"2022-02-19T13:08:40+00:00","dateModified":"2022-02-19T13:08:44+00:00","mainEntityOfPage":{"@id":"https:\/\/algarve7.pt\/index.php\/2022\/02\/atribuicao-do-nome-de-gago-coutinho-como-patrono-do-aeroporto-de-faro-marcou-inicio-das-comemoracoes\/atualidade\/13\/08\/"},"wordCount":2065,"publisher":{"@id":"https:\/\/algarve7.pt\/#organization"},"image":{"@id":"https:\/\/algarve7.pt\/index.php\/2022\/02\/atribuicao-do-nome-de-gago-coutinho-como-patrono-do-aeroporto-de-faro-marcou-inicio-das-comemoracoes\/atualidade\/13\/08\/#primaryimage"},"thumbnailUrl":"https:\/\/algarve7.pt\/wp-content\/uploads\/2022\/02\/Comemoracao-dos-100-anos-de-Gago-Coutinho-S.-Bras-17-02-2022-3-1.jpg","keywords":["Aeroporto Faro","Algarve","Atualidade","S\u00e3o Br\u00e1s de Alportel"],"articleSection":["Atualidade"],"inLanguage":"pt-PT"},{"@type":"WebPage","@id":"https:\/\/algarve7.pt\/index.php\/2022\/02\/atribuicao-do-nome-de-gago-coutinho-como-patrono-do-aeroporto-de-faro-marcou-inicio-das-comemoracoes\/atualidade\/13\/08\/","url":"https:\/\/algarve7.pt\/index.php\/2022\/02\/atribuicao-do-nome-de-gago-coutinho-como-patrono-do-aeroporto-de-faro-marcou-inicio-das-comemoracoes\/atualidade\/13\/08\/","name":"Atribui\u00e7\u00e3o do nome de Gago Coutinho como patrono do Aeroporto de Faro marcou in\u00edcio das comemora\u00e7\u00f5es - Algarve 7","isPartOf":{"@id":"https:\/\/algarve7.pt\/#website"},"primaryImageOfPage":{"@id":"https:\/\/algarve7.pt\/index.php\/2022\/02\/atribuicao-do-nome-de-gago-coutinho-como-patrono-do-aeroporto-de-faro-marcou-inicio-das-comemoracoes\/atualidade\/13\/08\/#primaryimage"},"image":{"@id":"https:\/\/algarve7.pt\/index.php\/2022\/02\/atribuicao-do-nome-de-gago-coutinho-como-patrono-do-aeroporto-de-faro-marcou-inicio-das-comemoracoes\/atualidade\/13\/08\/#primaryimage"},"thumbnailUrl":"https:\/\/algarve7.pt\/wp-content\/uploads\/2022\/02\/Comemoracao-dos-100-anos-de-Gago-Coutinho-S.-Bras-17-02-2022-3-1.jpg","datePublished":"2022-02-19T13:08:40+00:00","dateModified":"2022-02-19T13:08:44+00:00","description":"Atribui\u00e7\u00e3o do nome de Gago Coutinho como patrono do Aeroporto de Faro marcou in\u00edcio das comemora\u00e7\u00f5es Atualidade","breadcrumb":{"@id":"https:\/\/algarve7.pt\/index.php\/2022\/02\/atribuicao-do-nome-de-gago-coutinho-como-patrono-do-aeroporto-de-faro-marcou-inicio-das-comemoracoes\/atualidade\/13\/08\/#breadcrumb"},"inLanguage":"pt-PT","potentialAction":[{"@type":"ReadAction","target":["https:\/\/algarve7.pt\/index.php\/2022\/02\/atribuicao-do-nome-de-gago-coutinho-como-patrono-do-aeroporto-de-faro-marcou-inicio-das-comemoracoes\/atualidade\/13\/08\/"]}]},{"@type":"ImageObject","inLanguage":"pt-PT","@id":"https:\/\/algarve7.pt\/index.php\/2022\/02\/atribuicao-do-nome-de-gago-coutinho-como-patrono-do-aeroporto-de-faro-marcou-inicio-das-comemoracoes\/atualidade\/13\/08\/#primaryimage","url":"https:\/\/algarve7.pt\/wp-content\/uploads\/2022\/02\/Comemoracao-dos-100-anos-de-Gago-Coutinho-S.-Bras-17-02-2022-3-1.jpg","contentUrl":"https:\/\/algarve7.pt\/wp-content\/uploads\/2022\/02\/Comemoracao-dos-100-anos-de-Gago-Coutinho-S.-Bras-17-02-2022-3-1.jpg","width":1920,"height":1280},{"@type":"BreadcrumbList","@id":"https:\/\/algarve7.pt\/index.php\/2022\/02\/atribuicao-do-nome-de-gago-coutinho-como-patrono-do-aeroporto-de-faro-marcou-inicio-das-comemoracoes\/atualidade\/13\/08\/#breadcrumb","itemListElement":[{"@type":"ListItem","position":1,"name":"In\u00edcio","item":"https:\/\/algarve7.pt\/"},{"@type":"ListItem","position":2,"name":"Atribui\u00e7\u00e3o do nome de Gago Coutinho como patrono do Aeroporto de Faro marcou in\u00edcio das comemora\u00e7\u00f5es"}]},{"@type":"WebSite","@id":"https:\/\/algarve7.pt\/#website","url":"https:\/\/algarve7.pt\/","name":"Algarve 7","description":"Informa\u00e7\u00e3o sobre o Algarve","publisher":{"@id":"https:\/\/algarve7.pt\/#organization"},"potentialAction":[{"@type":"SearchAction","target":{"@type":"EntryPoint","urlTemplate":"https:\/\/algarve7.pt\/?s={search_term_string}"},"query-input":{"@type":"PropertyValueSpecification","valueRequired":true,"valueName":"search_term_string"}}],"inLanguage":"pt-PT"},{"@type":"Organization","@id":"https:\/\/algarve7.pt\/#organization","name":"Algarve 7","url":"https:\/\/algarve7.pt\/","logo":{"@type":"ImageObject","inLanguage":"pt-PT","@id":"https:\/\/algarve7.pt\/#\/schema\/logo\/image\/","url":"https:\/\/algarve7.pt\/wp-content\/uploads\/2020\/10\/Logo-8.jpg","contentUrl":"https:\/\/algarve7.pt\/wp-content\/uploads\/2020\/10\/Logo-8.jpg","width":1680,"height":1186,"caption":"Algarve 7"},"image":{"@id":"https:\/\/algarve7.pt\/#\/schema\/logo\/image\/"},"sameAs":["https:\/\/www.facebook.com\/algarve7","https:\/\/x.com\/Algarvesete","https:\/\/www.instagram.com\/jornalalgarve7\/","https:\/\/www.linkedin.com\/company\/algarve7","https:\/\/www.pinterest.pt\/geral0939\/_created\/"]},{"@type":"Person","@id":"https:\/\/algarve7.pt\/#\/schema\/person\/23fa70681308e7b319a3204bcea45e0c","name":"Algarve 7","sameAs":["https:\/\/algarve7.pt","https:\/\/www.facebook.com\/algarve7"],"url":"https:\/\/algarve7.pt\/index.php\/author\/geralalgarve7-pt\/"}]}},"jetpack_publicize_connections":[],"jetpack_featured_media_url":"https:\/\/algarve7.pt\/wp-content\/uploads\/2022\/02\/Comemoracao-dos-100-anos-de-Gago-Coutinho-S.-Bras-17-02-2022-3-1.jpg","jetpack_shortlink":"https:\/\/wp.me\/pcezmW-44f","jetpack_sharing_enabled":true,"_links":{"self":[{"href":"https:\/\/algarve7.pt\/index.php\/wp-json\/wp\/v2\/posts\/15639","targetHints":{"allow":["GET"]}}],"collection":[{"href":"https:\/\/algarve7.pt\/index.php\/wp-json\/wp\/v2\/posts"}],"about":[{"href":"https:\/\/algarve7.pt\/index.php\/wp-json\/wp\/v2\/types\/post"}],"author":[{"embeddable":true,"href":"https:\/\/algarve7.pt\/index.php\/wp-json\/wp\/v2\/users\/1"}],"replies":[{"embeddable":true,"href":"https:\/\/algarve7.pt\/index.php\/wp-json\/wp\/v2\/comments?post=15639"}],"version-history":[{"count":0,"href":"https:\/\/algarve7.pt\/index.php\/wp-json\/wp\/v2\/posts\/15639\/revisions"}],"wp:featuredmedia":[{"embeddable":true,"href":"https:\/\/algarve7.pt\/index.php\/wp-json\/wp\/v2\/media\/15637"}],"wp:attachment":[{"href":"https:\/\/algarve7.pt\/index.php\/wp-json\/wp\/v2\/media?parent=15639"}],"wp:term":[{"taxonomy":"category","embeddable":true,"href":"https:\/\/algarve7.pt\/index.php\/wp-json\/wp\/v2\/categories?post=15639"},{"taxonomy":"post_tag","embeddable":true,"href":"https:\/\/algarve7.pt\/index.php\/wp-json\/wp\/v2\/tags?post=15639"}],"curies":[{"name":"wp","href":"https:\/\/api.w.org\/{rel}","templated":true}]}}