{"id":1561,"date":"2020-09-18T21:00:41","date_gmt":"2020-09-18T20:00:41","guid":{"rendered":"https:\/\/algarve7.pt\/?p=1561"},"modified":"2020-09-18T19:20:13","modified_gmt":"2020-09-18T18:20:13","slug":"faro-continua-a-sua-aposta-no-melhoria-da-mobilidade","status":"publish","type":"post","link":"https:\/\/algarve7.pt\/index.php\/2020\/09\/faro-continua-a-sua-aposta-no-melhoria-da-mobilidade\/ambiente\/21\/00\/","title":{"rendered":"Faro continua a sua aposta no melhoria da mobilidade"},"content":{"rendered":"\n<p>O Munic\u00edpio de Faro volta a participa em pleno na semana europeia da mobilidade que este ano se celebra sob o mote \u201cEmiss\u00f5es Zero \u2013 Mobilidade para todos\u201d com o objetivo de promover uma mobilidade urbana limpa, sustent\u00e1vel e sem emiss\u00f5es de gases nocivos. Faro inicia as suas atividades a 19 de setembro num programa que termina a 22 de setembro \u2013 O Dia Mundial Sem Carros.<\/p>\n\n\n\n<p>A participa\u00e7\u00e3o do Munic\u00edpio traduz-se em duas vertentes: a realiza\u00e7\u00e3o de iniciativas ao longo de 4 dias e a organiza\u00e7\u00e3o do Dia Mundial Sem Carros, no dia 22, ter\u00e7a-feira, que culmina com uma conversa sobre mobilidade sustent\u00e1vel com in\u00edcio \u00e0s 21h30 no espa\u00e7o Quintal\u00e3o e que ter\u00e1 transmiss\u00e3o online nas redes sociais do Munic\u00edpio.<\/p>\n\n\n\n<p>Este evento prev\u00ea o fecho de um per\u00edmetro de v\u00e1rias ruas ao tr\u00e2nsito autom\u00f3vel, nomeadamente na zona da Vila Adentro e baixa da cidade. No \u00e2mbito da iniciativa ser\u00e3o ainda realizadas a\u00e7\u00f5es promocionais relacionadas com a mobilidade sustent\u00e1vel, que ser\u00e3o levadas a cabo pelos v\u00e1rios parceiros envolvidos no projeto distribu\u00eddos pelas v\u00e1rias zonas onde ir\u00e3o decorrer as atividades.<\/p>\n\n\n\n<p><strong>Na \u00e1rea do Jardim Manuel Bivar, estar\u00e3o representados:&nbsp;<\/strong><\/p>\n\n\n\n<p>&#8211; O Agrupamento de Escolas Pinheiro e Rosa com o projeto Bike Me onde se pretende fundamentalmente dar a conhecer o projeto e fazer a recolha de bicicletas usadas, ferramentas e materiais para apetrechamento da oficina de bicicletas apelando-se para a d\u00e1diva destes materiais;&nbsp;<\/p>\n\n\n\n<p>&#8211; Stand expositivo da Ampere Ride \u2013 Scooters e motos El\u00e9tricas;<\/p>\n\n\n\n<p>&#8211; A Universidade do Algarve com o projeto Eco Bike;<\/p>\n\n\n\n<p>&#8211; A Federa\u00e7\u00e3o Portuguesa de Cicloturismo e Utilizadores de Bicicleta (FPCUB) com um stand de divulga\u00e7\u00e3o e promo\u00e7\u00e3o, oferta de seguro anual e inscri\u00e7\u00e3o na federa\u00e7\u00e3o caso venha de bicicleta ao local onde decorre a Semana Europeia da Mobilidade;<\/p>\n\n\n\n<p>&#8211; Algarve By Segway com a ced\u00eancia gratuita de segways.<\/p>\n\n\n\n<p><strong>No espa\u00e7o Quinta\u00e7\u00e3o:<\/strong><\/p>\n\n\n\n<p>&#8211; No dia 20 de setembro teremos uma Sess\u00e3o de Cinema ao Ar-Livre com o apoio da Associa\u00e7\u00e3o Faro 1540 onde poderemos visionar o document\u00e1rio \u201cWhy We Cycle?\u201d<\/p>\n\n\n\n<p>&#8211; Para encerrar as atividades este espa\u00e7o acolhe no dia 22 de setembro \u00e0s 21h30 uma conversa sobre \u201cMobilidade Sustent\u00e1vel\u201d onde teremos como moderador o Prof. Francisco Soares, Presidente do Agrupamento de Escolas Pinheiro e Rosa; como convidados contamos com representantes das seguintes entidades\/associa\u00e7\u00f5es: C\u00e2mara Municipal de Faro;&nbsp;Administra\u00e7\u00e3o Regional de Sa\u00fade; da Pr\u00f3ximo; Faro a Pedalar; Federa\u00e7\u00e3o Portuguesa de Cicloturismo e Utilizadores de Bicicleta e do grupo informal Pegadas \u00e0 4\u00aa.<\/p>\n\n\n\n<p>Al\u00e9m destas atividades ser\u00e3o tamb\u00e9m elaboradas a\u00e7\u00f5es de participa\u00e7\u00e3o e consulta online, como um mobi paper cultural e um question\u00e1rio de ausculta\u00e7\u00e3o da popula\u00e7\u00e3o jovem sobre a mobilidade.<\/p>\n\n\n\n<p>\u00c9 tamb\u00e9m inten\u00e7\u00e3o a realiza\u00e7\u00e3o de outras a\u00e7\u00f5es de car\u00e1ter informativo com a realiza\u00e7\u00e3o de pequenos v\u00eddeos sobre os projetos das entidades parceiras e do Munic\u00edpio de Faro, para veicula\u00e7\u00e3o nas redes sociais.&nbsp;<\/p>\n\n\n\n<p>Est\u00e3o tamb\u00e9m previstas a\u00e7\u00f5es de sensibiliza\u00e7\u00e3o teatral que ir\u00e3o abordar as regras de condu\u00e7\u00e3o de veloc\u00edpedes e que ser\u00e3o dirigidas aos condutores e transeuntes da cidade.<\/p>\n\n\n\n<p>A Associa\u00e7\u00e3o Faro a Pedalar ficar\u00e1 respons\u00e1vel por dinamizar dois ciclo-passeios citadinos com um percurso de 10 km cada e o projeto Faro a Andar, dinamizado pela C\u00e2mara Municipal, ficar\u00e1 respons\u00e1vel pela caminhada. Estas atividades obrigam a inscri\u00e7\u00f5es pr\u00e9vias e decorrem mediante todas as orienta\u00e7\u00f5es da Direc\u00e7\u00e3o Geral de Sa\u00fade.&nbsp;<\/p>\n\n\n\n<p>O Agrupamento de Escolas Pinheiro e Rosa ir\u00e1 promover os percursos cicl\u00e1veis para a Escola EB 2 3 Neves J\u00fanior e ir\u00e1 fazer a inaugura\u00e7\u00e3o da Oficina de Bicicletas, tamb\u00e9m no contexto das comemora\u00e7\u00f5es da Semana Europeia da Mobilidade. Esta oficina estar\u00e1 tamb\u00e9m ao servi\u00e7o de toda a comunidade.<\/p>\n\n\n\n<p>No Dia Mundial Sem Carros, a 22 de setembro, a C\u00e2mara Municipal ir\u00e1 ainda assinar pelas 15h00 a consigna\u00e7\u00e3o da obra da Ciclovia entre a Avenida Calouste Gulbenkian (junto ao Estabelecimento Prisional) e a Rotunda dos Bombeiros de Faro.<\/p>\n\n\n\n<p>S\u00e3o ainda parceiros desta iniciativa a Pol\u00edcia de Seguran\u00e7a P\u00fablica de Faro e a Pr\u00f3ximo<\/p>\n\n\n\n<p>A semana europeia da mobilidade decorre at\u00e9 ao pr\u00f3ximo dia 22 de Setembro e o seu programa pode ser consultado&nbsp;<a href=\"http:\/\/www.cm-faro.pt\/\">www.cm-faro.pt<\/a>.<\/p>\n","protected":false},"excerpt":{"rendered":"<p>O Munic\u00edpio de Faro volta a participa em pleno na semana europeia da mobilidade que este ano se celebra sob<\/p>\n","protected":false},"author":1,"featured_media":1562,"comment_status":"closed","ping_status":"open","sticky":false,"template":"","format":"standard","meta":{"colormag_page_container_layout":"default_layout","colormag_page_sidebar_layout":"default_layout","_monsterinsights_skip_tracking":false,"_monsterinsights_sitenote_active":false,"_monsterinsights_sitenote_note":"","_monsterinsights_sitenote_category":0,"jetpack_post_was_ever_published":false,"_jetpack_newsletter_access":"","_jetpack_dont_email_post_to_subs":false,"_jetpack_newsletter_tier_id":0,"_jetpack_memberships_contains_paywalled_content":false,"_jetpack_memberships_contains_paid_content":false,"footnotes":"","jetpack_publicize_message":"","jetpack_publicize_feature_enabled":true,"jetpack_social_post_already_shared":true,"jetpack_social_options":{"image_generator_settings":{"template":"highway","default_image_id":0,"font":"","enabled":false},"version":2}},"categories":[5],"tags":[32,57],"class_list":["post-1561","post","type-post","status-publish","format-standard","has-post-thumbnail","hentry","category-ambiente","tag-ambiente","tag-faro"],"yoast_head":"<!-- This site is optimized with the Yoast SEO plugin v27.4 - https:\/\/yoast.com\/product\/yoast-seo-wordpress\/ -->\n<title>Faro continua a sua aposta no melhoria da mobilidade - Algarve 7<\/title>\n<meta name=\"description\" content=\"Faro continua a sua aposta no melhoria da mobilidade\" \/>\n<meta name=\"robots\" content=\"index, follow, max-snippet:-1, max-image-preview:large, max-video-preview:-1\" \/>\n<link rel=\"canonical\" href=\"https:\/\/algarve7.pt\/index.php\/2020\/09\/faro-continua-a-sua-aposta-no-melhoria-da-mobilidade\/ambiente\/21\/00\/\" \/>\n<meta property=\"og:locale\" content=\"pt_PT\" \/>\n<meta property=\"og:type\" content=\"article\" \/>\n<meta property=\"og:title\" content=\"Faro continua a sua aposta no melhoria da mobilidade - Algarve 7\" \/>\n<meta property=\"og:description\" content=\"Faro continua a sua aposta no melhoria da mobilidade\" \/>\n<meta property=\"og:url\" content=\"https:\/\/algarve7.pt\/index.php\/2020\/09\/faro-continua-a-sua-aposta-no-melhoria-da-mobilidade\/ambiente\/21\/00\/\" \/>\n<meta property=\"og:site_name\" content=\"Algarve 7\" \/>\n<meta property=\"article:publisher\" content=\"https:\/\/www.facebook.com\/algarve7\" \/>\n<meta property=\"article:author\" content=\"https:\/\/www.facebook.com\/algarve7\" \/>\n<meta property=\"article:published_time\" content=\"2020-09-18T20:00:41+00:00\" \/>\n<meta property=\"og:image\" content=\"https:\/\/algarve7.pt\/wp-content\/uploads\/2020\/09\/Post_geral_Prancheta-1-e1600453166160.png\" \/>\n\t<meta property=\"og:image:width\" content=\"1200\" \/>\n\t<meta property=\"og:image:height\" content=\"1200\" \/>\n\t<meta property=\"og:image:type\" content=\"image\/png\" \/>\n<meta name=\"author\" content=\"Algarve 7\" \/>\n<meta name=\"twitter:card\" content=\"summary_large_image\" \/>\n<meta name=\"twitter:creator\" content=\"@Algarvesete\" \/>\n<meta name=\"twitter:site\" content=\"@Algarvesete\" \/>\n<meta name=\"twitter:label1\" content=\"Escrito por\" \/>\n\t<meta name=\"twitter:data1\" content=\"Algarve 7\" \/>\n\t<meta name=\"twitter:label2\" content=\"Tempo estimado de leitura\" \/>\n\t<meta name=\"twitter:data2\" content=\"4 minutos\" \/>\n<script type=\"application\/ld+json\" class=\"yoast-schema-graph\">{\"@context\":\"https:\\\/\\\/schema.org\",\"@graph\":[{\"@type\":\"Article\",\"@id\":\"https:\\\/\\\/algarve7.pt\\\/index.php\\\/2020\\\/09\\\/faro-continua-a-sua-aposta-no-melhoria-da-mobilidade\\\/ambiente\\\/21\\\/00\\\/#article\",\"isPartOf\":{\"@id\":\"https:\\\/\\\/algarve7.pt\\\/index.php\\\/2020\\\/09\\\/faro-continua-a-sua-aposta-no-melhoria-da-mobilidade\\\/ambiente\\\/21\\\/00\\\/\"},\"author\":{\"name\":\"Algarve 7\",\"@id\":\"https:\\\/\\\/algarve7.pt\\\/#\\\/schema\\\/person\\\/23fa70681308e7b319a3204bcea45e0c\"},\"headline\":\"Faro continua a sua aposta no melhoria da mobilidade\",\"datePublished\":\"2020-09-18T20:00:41+00:00\",\"mainEntityOfPage\":{\"@id\":\"https:\\\/\\\/algarve7.pt\\\/index.php\\\/2020\\\/09\\\/faro-continua-a-sua-aposta-no-melhoria-da-mobilidade\\\/ambiente\\\/21\\\/00\\\/\"},\"wordCount\":763,\"publisher\":{\"@id\":\"https:\\\/\\\/algarve7.pt\\\/#organization\"},\"image\":{\"@id\":\"https:\\\/\\\/algarve7.pt\\\/index.php\\\/2020\\\/09\\\/faro-continua-a-sua-aposta-no-melhoria-da-mobilidade\\\/ambiente\\\/21\\\/00\\\/#primaryimage\"},\"thumbnailUrl\":\"https:\\\/\\\/algarve7.pt\\\/wp-content\\\/uploads\\\/2020\\\/09\\\/Post_geral_Prancheta-1-e1600453166160.png\",\"keywords\":[\"Ambiente\",\"Faro\"],\"articleSection\":[\"Ambiente\"],\"inLanguage\":\"pt-PT\"},{\"@type\":\"WebPage\",\"@id\":\"https:\\\/\\\/algarve7.pt\\\/index.php\\\/2020\\\/09\\\/faro-continua-a-sua-aposta-no-melhoria-da-mobilidade\\\/ambiente\\\/21\\\/00\\\/\",\"url\":\"https:\\\/\\\/algarve7.pt\\\/index.php\\\/2020\\\/09\\\/faro-continua-a-sua-aposta-no-melhoria-da-mobilidade\\\/ambiente\\\/21\\\/00\\\/\",\"name\":\"Faro continua a sua aposta no melhoria da mobilidade - Algarve 7\",\"isPartOf\":{\"@id\":\"https:\\\/\\\/algarve7.pt\\\/#website\"},\"primaryImageOfPage\":{\"@id\":\"https:\\\/\\\/algarve7.pt\\\/index.php\\\/2020\\\/09\\\/faro-continua-a-sua-aposta-no-melhoria-da-mobilidade\\\/ambiente\\\/21\\\/00\\\/#primaryimage\"},\"image\":{\"@id\":\"https:\\\/\\\/algarve7.pt\\\/index.php\\\/2020\\\/09\\\/faro-continua-a-sua-aposta-no-melhoria-da-mobilidade\\\/ambiente\\\/21\\\/00\\\/#primaryimage\"},\"thumbnailUrl\":\"https:\\\/\\\/algarve7.pt\\\/wp-content\\\/uploads\\\/2020\\\/09\\\/Post_geral_Prancheta-1-e1600453166160.png\",\"datePublished\":\"2020-09-18T20:00:41+00:00\",\"description\":\"Faro continua a sua aposta no melhoria da mobilidade\",\"breadcrumb\":{\"@id\":\"https:\\\/\\\/algarve7.pt\\\/index.php\\\/2020\\\/09\\\/faro-continua-a-sua-aposta-no-melhoria-da-mobilidade\\\/ambiente\\\/21\\\/00\\\/#breadcrumb\"},\"inLanguage\":\"pt-PT\",\"potentialAction\":[{\"@type\":\"ReadAction\",\"target\":[\"https:\\\/\\\/algarve7.pt\\\/index.php\\\/2020\\\/09\\\/faro-continua-a-sua-aposta-no-melhoria-da-mobilidade\\\/ambiente\\\/21\\\/00\\\/\"]}]},{\"@type\":\"ImageObject\",\"inLanguage\":\"pt-PT\",\"@id\":\"https:\\\/\\\/algarve7.pt\\\/index.php\\\/2020\\\/09\\\/faro-continua-a-sua-aposta-no-melhoria-da-mobilidade\\\/ambiente\\\/21\\\/00\\\/#primaryimage\",\"url\":\"https:\\\/\\\/algarve7.pt\\\/wp-content\\\/uploads\\\/2020\\\/09\\\/Post_geral_Prancheta-1-e1600453166160.png\",\"contentUrl\":\"https:\\\/\\\/algarve7.pt\\\/wp-content\\\/uploads\\\/2020\\\/09\\\/Post_geral_Prancheta-1-e1600453166160.png\",\"width\":1200,\"height\":1200},{\"@type\":\"BreadcrumbList\",\"@id\":\"https:\\\/\\\/algarve7.pt\\\/index.php\\\/2020\\\/09\\\/faro-continua-a-sua-aposta-no-melhoria-da-mobilidade\\\/ambiente\\\/21\\\/00\\\/#breadcrumb\",\"itemListElement\":[{\"@type\":\"ListItem\",\"position\":1,\"name\":\"In\u00edcio\",\"item\":\"https:\\\/\\\/algarve7.pt\\\/\"},{\"@type\":\"ListItem\",\"position\":2,\"name\":\"Faro continua a sua aposta no melhoria da mobilidade\"}]},{\"@type\":\"WebSite\",\"@id\":\"https:\\\/\\\/algarve7.pt\\\/#website\",\"url\":\"https:\\\/\\\/algarve7.pt\\\/\",\"name\":\"Algarve 7\",\"description\":\"Informa\u00e7\u00e3o sobre o Algarve\",\"publisher\":{\"@id\":\"https:\\\/\\\/algarve7.pt\\\/#organization\"},\"potentialAction\":[{\"@type\":\"SearchAction\",\"target\":{\"@type\":\"EntryPoint\",\"urlTemplate\":\"https:\\\/\\\/algarve7.pt\\\/?s={search_term_string}\"},\"query-input\":{\"@type\":\"PropertyValueSpecification\",\"valueRequired\":true,\"valueName\":\"search_term_string\"}}],\"inLanguage\":\"pt-PT\"},{\"@type\":\"Organization\",\"@id\":\"https:\\\/\\\/algarve7.pt\\\/#organization\",\"name\":\"Algarve 7\",\"url\":\"https:\\\/\\\/algarve7.pt\\\/\",\"logo\":{\"@type\":\"ImageObject\",\"inLanguage\":\"pt-PT\",\"@id\":\"https:\\\/\\\/algarve7.pt\\\/#\\\/schema\\\/logo\\\/image\\\/\",\"url\":\"https:\\\/\\\/algarve7.pt\\\/wp-content\\\/uploads\\\/2020\\\/10\\\/Logo-8.jpg\",\"contentUrl\":\"https:\\\/\\\/algarve7.pt\\\/wp-content\\\/uploads\\\/2020\\\/10\\\/Logo-8.jpg\",\"width\":1680,\"height\":1186,\"caption\":\"Algarve 7\"},\"image\":{\"@id\":\"https:\\\/\\\/algarve7.pt\\\/#\\\/schema\\\/logo\\\/image\\\/\"},\"sameAs\":[\"https:\\\/\\\/www.facebook.com\\\/algarve7\",\"https:\\\/\\\/x.com\\\/Algarvesete\",\"https:\\\/\\\/www.instagram.com\\\/jornalalgarve7\\\/\",\"https:\\\/\\\/www.linkedin.com\\\/company\\\/algarve7\",\"https:\\\/\\\/www.pinterest.pt\\\/geral0939\\\/_created\\\/\"]},{\"@type\":\"Person\",\"@id\":\"https:\\\/\\\/algarve7.pt\\\/#\\\/schema\\\/person\\\/23fa70681308e7b319a3204bcea45e0c\",\"name\":\"Algarve 7\",\"sameAs\":[\"https:\\\/\\\/algarve7.pt\",\"https:\\\/\\\/www.facebook.com\\\/algarve7\"],\"url\":\"https:\\\/\\\/algarve7.pt\\\/index.php\\\/author\\\/geralalgarve7-pt\\\/\"}]}<\/script>\n<!-- \/ Yoast SEO plugin. -->","yoast_head_json":{"title":"Faro continua a sua aposta no melhoria da mobilidade - Algarve 7","description":"Faro continua a sua aposta no melhoria da mobilidade","robots":{"index":"index","follow":"follow","max-snippet":"max-snippet:-1","max-image-preview":"max-image-preview:large","max-video-preview":"max-video-preview:-1"},"canonical":"https:\/\/algarve7.pt\/index.php\/2020\/09\/faro-continua-a-sua-aposta-no-melhoria-da-mobilidade\/ambiente\/21\/00\/","og_locale":"pt_PT","og_type":"article","og_title":"Faro continua a sua aposta no melhoria da mobilidade - Algarve 7","og_description":"Faro continua a sua aposta no melhoria da mobilidade","og_url":"https:\/\/algarve7.pt\/index.php\/2020\/09\/faro-continua-a-sua-aposta-no-melhoria-da-mobilidade\/ambiente\/21\/00\/","og_site_name":"Algarve 7","article_publisher":"https:\/\/www.facebook.com\/algarve7","article_author":"https:\/\/www.facebook.com\/algarve7","article_published_time":"2020-09-18T20:00:41+00:00","og_image":[{"width":1200,"height":1200,"url":"https:\/\/algarve7.pt\/wp-content\/uploads\/2020\/09\/Post_geral_Prancheta-1-e1600453166160.png","type":"image\/png"}],"author":"Algarve 7","twitter_card":"summary_large_image","twitter_creator":"@Algarvesete","twitter_site":"@Algarvesete","twitter_misc":{"Escrito por":"Algarve 7","Tempo estimado de leitura":"4 minutos"},"schema":{"@context":"https:\/\/schema.org","@graph":[{"@type":"Article","@id":"https:\/\/algarve7.pt\/index.php\/2020\/09\/faro-continua-a-sua-aposta-no-melhoria-da-mobilidade\/ambiente\/21\/00\/#article","isPartOf":{"@id":"https:\/\/algarve7.pt\/index.php\/2020\/09\/faro-continua-a-sua-aposta-no-melhoria-da-mobilidade\/ambiente\/21\/00\/"},"author":{"name":"Algarve 7","@id":"https:\/\/algarve7.pt\/#\/schema\/person\/23fa70681308e7b319a3204bcea45e0c"},"headline":"Faro continua a sua aposta no melhoria da mobilidade","datePublished":"2020-09-18T20:00:41+00:00","mainEntityOfPage":{"@id":"https:\/\/algarve7.pt\/index.php\/2020\/09\/faro-continua-a-sua-aposta-no-melhoria-da-mobilidade\/ambiente\/21\/00\/"},"wordCount":763,"publisher":{"@id":"https:\/\/algarve7.pt\/#organization"},"image":{"@id":"https:\/\/algarve7.pt\/index.php\/2020\/09\/faro-continua-a-sua-aposta-no-melhoria-da-mobilidade\/ambiente\/21\/00\/#primaryimage"},"thumbnailUrl":"https:\/\/algarve7.pt\/wp-content\/uploads\/2020\/09\/Post_geral_Prancheta-1-e1600453166160.png","keywords":["Ambiente","Faro"],"articleSection":["Ambiente"],"inLanguage":"pt-PT"},{"@type":"WebPage","@id":"https:\/\/algarve7.pt\/index.php\/2020\/09\/faro-continua-a-sua-aposta-no-melhoria-da-mobilidade\/ambiente\/21\/00\/","url":"https:\/\/algarve7.pt\/index.php\/2020\/09\/faro-continua-a-sua-aposta-no-melhoria-da-mobilidade\/ambiente\/21\/00\/","name":"Faro continua a sua aposta no melhoria da mobilidade - Algarve 7","isPartOf":{"@id":"https:\/\/algarve7.pt\/#website"},"primaryImageOfPage":{"@id":"https:\/\/algarve7.pt\/index.php\/2020\/09\/faro-continua-a-sua-aposta-no-melhoria-da-mobilidade\/ambiente\/21\/00\/#primaryimage"},"image":{"@id":"https:\/\/algarve7.pt\/index.php\/2020\/09\/faro-continua-a-sua-aposta-no-melhoria-da-mobilidade\/ambiente\/21\/00\/#primaryimage"},"thumbnailUrl":"https:\/\/algarve7.pt\/wp-content\/uploads\/2020\/09\/Post_geral_Prancheta-1-e1600453166160.png","datePublished":"2020-09-18T20:00:41+00:00","description":"Faro continua a sua aposta no melhoria da mobilidade","breadcrumb":{"@id":"https:\/\/algarve7.pt\/index.php\/2020\/09\/faro-continua-a-sua-aposta-no-melhoria-da-mobilidade\/ambiente\/21\/00\/#breadcrumb"},"inLanguage":"pt-PT","potentialAction":[{"@type":"ReadAction","target":["https:\/\/algarve7.pt\/index.php\/2020\/09\/faro-continua-a-sua-aposta-no-melhoria-da-mobilidade\/ambiente\/21\/00\/"]}]},{"@type":"ImageObject","inLanguage":"pt-PT","@id":"https:\/\/algarve7.pt\/index.php\/2020\/09\/faro-continua-a-sua-aposta-no-melhoria-da-mobilidade\/ambiente\/21\/00\/#primaryimage","url":"https:\/\/algarve7.pt\/wp-content\/uploads\/2020\/09\/Post_geral_Prancheta-1-e1600453166160.png","contentUrl":"https:\/\/algarve7.pt\/wp-content\/uploads\/2020\/09\/Post_geral_Prancheta-1-e1600453166160.png","width":1200,"height":1200},{"@type":"BreadcrumbList","@id":"https:\/\/algarve7.pt\/index.php\/2020\/09\/faro-continua-a-sua-aposta-no-melhoria-da-mobilidade\/ambiente\/21\/00\/#breadcrumb","itemListElement":[{"@type":"ListItem","position":1,"name":"In\u00edcio","item":"https:\/\/algarve7.pt\/"},{"@type":"ListItem","position":2,"name":"Faro continua a sua aposta no melhoria da mobilidade"}]},{"@type":"WebSite","@id":"https:\/\/algarve7.pt\/#website","url":"https:\/\/algarve7.pt\/","name":"Algarve 7","description":"Informa\u00e7\u00e3o sobre o Algarve","publisher":{"@id":"https:\/\/algarve7.pt\/#organization"},"potentialAction":[{"@type":"SearchAction","target":{"@type":"EntryPoint","urlTemplate":"https:\/\/algarve7.pt\/?s={search_term_string}"},"query-input":{"@type":"PropertyValueSpecification","valueRequired":true,"valueName":"search_term_string"}}],"inLanguage":"pt-PT"},{"@type":"Organization","@id":"https:\/\/algarve7.pt\/#organization","name":"Algarve 7","url":"https:\/\/algarve7.pt\/","logo":{"@type":"ImageObject","inLanguage":"pt-PT","@id":"https:\/\/algarve7.pt\/#\/schema\/logo\/image\/","url":"https:\/\/algarve7.pt\/wp-content\/uploads\/2020\/10\/Logo-8.jpg","contentUrl":"https:\/\/algarve7.pt\/wp-content\/uploads\/2020\/10\/Logo-8.jpg","width":1680,"height":1186,"caption":"Algarve 7"},"image":{"@id":"https:\/\/algarve7.pt\/#\/schema\/logo\/image\/"},"sameAs":["https:\/\/www.facebook.com\/algarve7","https:\/\/x.com\/Algarvesete","https:\/\/www.instagram.com\/jornalalgarve7\/","https:\/\/www.linkedin.com\/company\/algarve7","https:\/\/www.pinterest.pt\/geral0939\/_created\/"]},{"@type":"Person","@id":"https:\/\/algarve7.pt\/#\/schema\/person\/23fa70681308e7b319a3204bcea45e0c","name":"Algarve 7","sameAs":["https:\/\/algarve7.pt","https:\/\/www.facebook.com\/algarve7"],"url":"https:\/\/algarve7.pt\/index.php\/author\/geralalgarve7-pt\/"}]}},"jetpack_publicize_connections":[],"jetpack_featured_media_url":"https:\/\/algarve7.pt\/wp-content\/uploads\/2020\/09\/Post_geral_Prancheta-1-e1600453166160.png","jetpack_shortlink":"https:\/\/wp.me\/pcezmW-pb","jetpack_sharing_enabled":true,"_links":{"self":[{"href":"https:\/\/algarve7.pt\/index.php\/wp-json\/wp\/v2\/posts\/1561","targetHints":{"allow":["GET"]}}],"collection":[{"href":"https:\/\/algarve7.pt\/index.php\/wp-json\/wp\/v2\/posts"}],"about":[{"href":"https:\/\/algarve7.pt\/index.php\/wp-json\/wp\/v2\/types\/post"}],"author":[{"embeddable":true,"href":"https:\/\/algarve7.pt\/index.php\/wp-json\/wp\/v2\/users\/1"}],"replies":[{"embeddable":true,"href":"https:\/\/algarve7.pt\/index.php\/wp-json\/wp\/v2\/comments?post=1561"}],"version-history":[{"count":0,"href":"https:\/\/algarve7.pt\/index.php\/wp-json\/wp\/v2\/posts\/1561\/revisions"}],"wp:featuredmedia":[{"embeddable":true,"href":"https:\/\/algarve7.pt\/index.php\/wp-json\/wp\/v2\/media\/1562"}],"wp:attachment":[{"href":"https:\/\/algarve7.pt\/index.php\/wp-json\/wp\/v2\/media?parent=1561"}],"wp:term":[{"taxonomy":"category","embeddable":true,"href":"https:\/\/algarve7.pt\/index.php\/wp-json\/wp\/v2\/categories?post=1561"},{"taxonomy":"post_tag","embeddable":true,"href":"https:\/\/algarve7.pt\/index.php\/wp-json\/wp\/v2\/tags?post=1561"}],"curies":[{"name":"wp","href":"https:\/\/api.w.org\/{rel}","templated":true}]}}