{"id":15421,"date":"2022-02-14T17:03:02","date_gmt":"2022-02-14T17:03:02","guid":{"rendered":"https:\/\/algarve7.pt\/?p=15421"},"modified":"2022-02-14T17:03:05","modified_gmt":"2022-02-14T17:03:05","slug":"chua-inaugura-novo-laboratorio-de-eletroencefalografia-com-equipamento-de-eeg-de-alta-tecnologia","status":"publish","type":"post","link":"https:\/\/algarve7.pt\/index.php\/2022\/02\/chua-inaugura-novo-laboratorio-de-eletroencefalografia-com-equipamento-de-eeg-de-alta-tecnologia\/saude\/17\/03\/","title":{"rendered":"CHUA inaugura novo Laborat\u00f3rio de Eletroencefalografia com equipamento de EEG de Alta Tecnologia"},"content":{"rendered":"\n<p>O Cento Hospitalar Universit\u00e1rio do Algarve inaugurou hoje, 14 de fevereiro, as novas instala\u00e7\u00f5es do Laborat\u00f3rio de Eletroencefalografia (EEG) da Unidade de Neurofisiologia, bem como um novo equipamento de EEG de Alta Tecnologia.<\/p>\n\n\n\n<p>Este novo equipamento auxilia no diagn\u00f3stico de variadas doen\u00e7as neurol\u00f3gicas, permitindo a realiza\u00e7\u00e3o de EEGs em ambulat\u00f3rio, EEGs cont\u00ednuos em Unidade de Cuidados Intensivos (UCI), monitoriza\u00e7\u00f5es V\u00eddeo-EEG com sono noturno, entre outros exames.&nbsp;<em>\u201cO novo laborat\u00f3rio ser\u00e1 uma mais-valia para o CHUA e sobretudo para os seus utentes, melhorando a resposta da Neurofisiologia a toda a popula\u00e7\u00e3o do Algarve. As novas val\u00eancias de eletroencefalografia permitem que o CHUA se torne um centro de refer\u00eancia na \u00e1rea, apostando na inova\u00e7\u00e3o e qualifica\u00e7\u00e3o da oferta na Neurofisiologia e respondendo \u00e0s necessidades da popula\u00e7\u00e3o adulta e pedi\u00e1trica\u201d<\/em>, referiu a T\u00e9cnica Coordenadora, Ana Magalh\u00e3es.<\/p>\n\n\n\n<p>Presente na cerim\u00f3nia, o Diretor Cl\u00ednico do CHUA, Hor\u00e1cio Guerreiro, destacou a import\u00e2ncia do investimento em tecnologia de ponta como um aspeto primordial para a qualidade na presta\u00e7\u00e3o de cuidados diferenciados, bem como para a reten\u00e7\u00e3o e capta\u00e7\u00e3o de profissionais de sa\u00fade,&nbsp;<em>\u201cque come\u00e7am agora a encontrar no CHUA mais oportunidades de diferencia\u00e7\u00e3o cl\u00ednica e t\u00e9cnica. As nossas propostas de investimento est\u00e3o bem estruturadas. Estamos a preparar um futuro, n\u00e3o estamos \u00e0 espera do novo hospital para elevar a diferencia\u00e7\u00e3o tecnol\u00f3gica nos atuais hospitais. Temos que trabalhar mais, melhor e com maior diferencia\u00e7\u00e3o, elevando o potencial cl\u00ednico e cient\u00edfico do Centro Hospitalar. Eu acredito muito no CHUA, na liga\u00e7\u00e3o com a Universidade, na internacionaliza\u00e7\u00e3o e nos projetos de coopera\u00e7\u00e3o, perspetivando novas oportunidades em termos de investiga\u00e7\u00e3o e de recursos humanos\u201d<\/em>, frisou o Diretor Clinico.<\/p>\n\n\n\n<p>O vogal executivo do Conselho de Administra\u00e7\u00e3o, Paulo Neves, refor\u00e7ou a ideia da import\u00e2ncia do investimento nos atuais hospitais no sentido de continuar a garantir respostas de qualidade e diferenciadas<em>. \u201cS\u00f3 nestes meses de mandato, estamos a executar 7 milh\u00f5es de euros de investimento em novas respostas em sa\u00fade mormente em Faro, Portim\u00e3o e Lagos\u201d,&nbsp;<\/em>sublinhando que, at\u00e9 \u00e0 constru\u00e7\u00e3o do novo Hospital Central do Algarve, \u00e9 necess\u00e1rio continuar a investir nestes, em particular em equipamentos transfer\u00edveis mas que sejam j\u00e1 disponibilizados aos nossos doentes.<\/p>\n\n\n\n<p><strong>Exposi\u00e7\u00f5es tem\u00e1ticas sobre \u00abEpilepsia\u00bb<\/strong><\/p>\n\n\n\n<p>A inaugura\u00e7\u00e3o das novas instala\u00e7\u00f5es e do novo equipamento da Unidade de Neurofisiologia decorreram simbolicamente na data em que se assinala o Dia Internacional da Epilepsia. Para se associar \u00e0s iniciativas nacionais, os profissionais do Servi\u00e7o de Neurologia dinamizaram simultaneamente exposi\u00e7\u00f5es, patentes nas duas unidades hospitalares, alusivas \u00e0 tem\u00e1tica da Epilepsia.<\/p>\n","protected":false},"excerpt":{"rendered":"<p>O Cento Hospitalar Universit\u00e1rio do Algarve inaugurou hoje, 14 de fevereiro, as novas instala\u00e7\u00f5es do Laborat\u00f3rio de Eletroencefalografia (EEG) da<\/p>\n","protected":false},"author":1,"featured_media":15422,"comment_status":"closed","ping_status":"open","sticky":false,"template":"","format":"standard","meta":{"colormag_page_container_layout":"default_layout","colormag_page_sidebar_layout":"default_layout","_monsterinsights_skip_tracking":false,"_monsterinsights_sitenote_active":false,"_monsterinsights_sitenote_note":"","_monsterinsights_sitenote_category":0,"jetpack_post_was_ever_published":false,"_jetpack_newsletter_access":"","_jetpack_dont_email_post_to_subs":false,"_jetpack_newsletter_tier_id":0,"_jetpack_memberships_contains_paywalled_content":false,"_jetpack_memberships_contains_paid_content":false,"footnotes":"","jetpack_publicize_message":"","jetpack_publicize_feature_enabled":true,"jetpack_social_post_already_shared":true,"jetpack_social_options":{"image_generator_settings":{"template":"highway","default_image_id":0,"font":"","enabled":false},"version":2}},"categories":[59],"tags":[36,181,58],"class_list":["post-15421","post","type-post","status-publish","format-standard","has-post-thumbnail","hentry","category-saude","tag-algarve","tag-chua","tag-saude"],"yoast_head":"<!-- This site is optimized with the Yoast SEO plugin v27.5 - https:\/\/yoast.com\/product\/yoast-seo-wordpress\/ -->\n<title>CHUA inaugura novo Laborat\u00f3rio de Eletroencefalografia com equipamento de EEG de Alta Tecnologia - Algarve 7<\/title>\n<meta name=\"description\" content=\"CHUA inaugura novo Laborat\u00f3rio de Eletroencefalografia com equipamento de EEG de Alta Tecnologia Sa\u00fade\" \/>\n<meta name=\"robots\" content=\"index, follow, max-snippet:-1, max-image-preview:large, max-video-preview:-1\" \/>\n<link rel=\"canonical\" href=\"https:\/\/algarve7.pt\/index.php\/2022\/02\/chua-inaugura-novo-laboratorio-de-eletroencefalografia-com-equipamento-de-eeg-de-alta-tecnologia\/saude\/17\/03\/\" \/>\n<meta property=\"og:locale\" content=\"pt_PT\" \/>\n<meta property=\"og:type\" content=\"article\" \/>\n<meta property=\"og:title\" content=\"CHUA inaugura novo Laborat\u00f3rio de Eletroencefalografia com equipamento de EEG de Alta Tecnologia - Algarve 7\" \/>\n<meta property=\"og:description\" content=\"CHUA inaugura novo Laborat\u00f3rio de Eletroencefalografia com equipamento de EEG de Alta Tecnologia Sa\u00fade\" \/>\n<meta property=\"og:url\" content=\"https:\/\/algarve7.pt\/index.php\/2022\/02\/chua-inaugura-novo-laboratorio-de-eletroencefalografia-com-equipamento-de-eeg-de-alta-tecnologia\/saude\/17\/03\/\" \/>\n<meta property=\"og:site_name\" content=\"Algarve 7\" \/>\n<meta property=\"article:publisher\" content=\"https:\/\/www.facebook.com\/algarve7\" \/>\n<meta property=\"article:author\" content=\"https:\/\/www.facebook.com\/algarve7\" \/>\n<meta property=\"article:published_time\" content=\"2022-02-14T17:03:02+00:00\" \/>\n<meta property=\"article:modified_time\" content=\"2022-02-14T17:03:05+00:00\" \/>\n<meta property=\"og:image\" content=\"https:\/\/algarve7.pt\/wp-content\/uploads\/2022\/02\/Inauguracao-Laboratorio-EEG-1.jpg\" \/>\n\t<meta property=\"og:image:width\" content=\"1000\" \/>\n\t<meta property=\"og:image:height\" content=\"666\" \/>\n\t<meta property=\"og:image:type\" content=\"image\/jpeg\" \/>\n<meta name=\"author\" content=\"Algarve 7\" \/>\n<meta name=\"twitter:card\" content=\"summary_large_image\" \/>\n<meta name=\"twitter:creator\" content=\"@Algarvesete\" \/>\n<meta name=\"twitter:site\" content=\"@Algarvesete\" \/>\n<meta name=\"twitter:label1\" content=\"Escrito por\" \/>\n\t<meta name=\"twitter:data1\" content=\"Algarve 7\" \/>\n\t<meta name=\"twitter:label2\" content=\"Tempo estimado de leitura\" \/>\n\t<meta name=\"twitter:data2\" content=\"3 minutos\" \/>\n<script type=\"application\/ld+json\" class=\"yoast-schema-graph\">{\"@context\":\"https:\\\/\\\/schema.org\",\"@graph\":[{\"@type\":\"Article\",\"@id\":\"https:\\\/\\\/algarve7.pt\\\/index.php\\\/2022\\\/02\\\/chua-inaugura-novo-laboratorio-de-eletroencefalografia-com-equipamento-de-eeg-de-alta-tecnologia\\\/saude\\\/17\\\/03\\\/#article\",\"isPartOf\":{\"@id\":\"https:\\\/\\\/algarve7.pt\\\/index.php\\\/2022\\\/02\\\/chua-inaugura-novo-laboratorio-de-eletroencefalografia-com-equipamento-de-eeg-de-alta-tecnologia\\\/saude\\\/17\\\/03\\\/\"},\"author\":{\"name\":\"Algarve 7\",\"@id\":\"https:\\\/\\\/algarve7.pt\\\/#\\\/schema\\\/person\\\/23fa70681308e7b319a3204bcea45e0c\"},\"headline\":\"CHUA inaugura novo Laborat\u00f3rio de Eletroencefalografia com equipamento de EEG de Alta Tecnologia\",\"datePublished\":\"2022-02-14T17:03:02+00:00\",\"dateModified\":\"2022-02-14T17:03:05+00:00\",\"mainEntityOfPage\":{\"@id\":\"https:\\\/\\\/algarve7.pt\\\/index.php\\\/2022\\\/02\\\/chua-inaugura-novo-laboratorio-de-eletroencefalografia-com-equipamento-de-eeg-de-alta-tecnologia\\\/saude\\\/17\\\/03\\\/\"},\"wordCount\":478,\"publisher\":{\"@id\":\"https:\\\/\\\/algarve7.pt\\\/#organization\"},\"image\":{\"@id\":\"https:\\\/\\\/algarve7.pt\\\/index.php\\\/2022\\\/02\\\/chua-inaugura-novo-laboratorio-de-eletroencefalografia-com-equipamento-de-eeg-de-alta-tecnologia\\\/saude\\\/17\\\/03\\\/#primaryimage\"},\"thumbnailUrl\":\"https:\\\/\\\/algarve7.pt\\\/wp-content\\\/uploads\\\/2022\\\/02\\\/Inauguracao-Laboratorio-EEG-1.jpg\",\"keywords\":[\"Algarve\",\"CHUA\",\"Sa\u00fade\"],\"articleSection\":[\"Sa\u00fade\"],\"inLanguage\":\"pt-PT\"},{\"@type\":\"WebPage\",\"@id\":\"https:\\\/\\\/algarve7.pt\\\/index.php\\\/2022\\\/02\\\/chua-inaugura-novo-laboratorio-de-eletroencefalografia-com-equipamento-de-eeg-de-alta-tecnologia\\\/saude\\\/17\\\/03\\\/\",\"url\":\"https:\\\/\\\/algarve7.pt\\\/index.php\\\/2022\\\/02\\\/chua-inaugura-novo-laboratorio-de-eletroencefalografia-com-equipamento-de-eeg-de-alta-tecnologia\\\/saude\\\/17\\\/03\\\/\",\"name\":\"CHUA inaugura novo Laborat\u00f3rio de Eletroencefalografia com equipamento de EEG de Alta Tecnologia - Algarve 7\",\"isPartOf\":{\"@id\":\"https:\\\/\\\/algarve7.pt\\\/#website\"},\"primaryImageOfPage\":{\"@id\":\"https:\\\/\\\/algarve7.pt\\\/index.php\\\/2022\\\/02\\\/chua-inaugura-novo-laboratorio-de-eletroencefalografia-com-equipamento-de-eeg-de-alta-tecnologia\\\/saude\\\/17\\\/03\\\/#primaryimage\"},\"image\":{\"@id\":\"https:\\\/\\\/algarve7.pt\\\/index.php\\\/2022\\\/02\\\/chua-inaugura-novo-laboratorio-de-eletroencefalografia-com-equipamento-de-eeg-de-alta-tecnologia\\\/saude\\\/17\\\/03\\\/#primaryimage\"},\"thumbnailUrl\":\"https:\\\/\\\/algarve7.pt\\\/wp-content\\\/uploads\\\/2022\\\/02\\\/Inauguracao-Laboratorio-EEG-1.jpg\",\"datePublished\":\"2022-02-14T17:03:02+00:00\",\"dateModified\":\"2022-02-14T17:03:05+00:00\",\"description\":\"CHUA inaugura novo Laborat\u00f3rio de Eletroencefalografia com equipamento de EEG de Alta Tecnologia Sa\u00fade\",\"breadcrumb\":{\"@id\":\"https:\\\/\\\/algarve7.pt\\\/index.php\\\/2022\\\/02\\\/chua-inaugura-novo-laboratorio-de-eletroencefalografia-com-equipamento-de-eeg-de-alta-tecnologia\\\/saude\\\/17\\\/03\\\/#breadcrumb\"},\"inLanguage\":\"pt-PT\",\"potentialAction\":[{\"@type\":\"ReadAction\",\"target\":[\"https:\\\/\\\/algarve7.pt\\\/index.php\\\/2022\\\/02\\\/chua-inaugura-novo-laboratorio-de-eletroencefalografia-com-equipamento-de-eeg-de-alta-tecnologia\\\/saude\\\/17\\\/03\\\/\"]}]},{\"@type\":\"ImageObject\",\"inLanguage\":\"pt-PT\",\"@id\":\"https:\\\/\\\/algarve7.pt\\\/index.php\\\/2022\\\/02\\\/chua-inaugura-novo-laboratorio-de-eletroencefalografia-com-equipamento-de-eeg-de-alta-tecnologia\\\/saude\\\/17\\\/03\\\/#primaryimage\",\"url\":\"https:\\\/\\\/algarve7.pt\\\/wp-content\\\/uploads\\\/2022\\\/02\\\/Inauguracao-Laboratorio-EEG-1.jpg\",\"contentUrl\":\"https:\\\/\\\/algarve7.pt\\\/wp-content\\\/uploads\\\/2022\\\/02\\\/Inauguracao-Laboratorio-EEG-1.jpg\",\"width\":1000,\"height\":666},{\"@type\":\"BreadcrumbList\",\"@id\":\"https:\\\/\\\/algarve7.pt\\\/index.php\\\/2022\\\/02\\\/chua-inaugura-novo-laboratorio-de-eletroencefalografia-com-equipamento-de-eeg-de-alta-tecnologia\\\/saude\\\/17\\\/03\\\/#breadcrumb\",\"itemListElement\":[{\"@type\":\"ListItem\",\"position\":1,\"name\":\"In\u00edcio\",\"item\":\"https:\\\/\\\/algarve7.pt\\\/\"},{\"@type\":\"ListItem\",\"position\":2,\"name\":\"CHUA inaugura novo Laborat\u00f3rio de Eletroencefalografia com equipamento de EEG de Alta Tecnologia\"}]},{\"@type\":\"WebSite\",\"@id\":\"https:\\\/\\\/algarve7.pt\\\/#website\",\"url\":\"https:\\\/\\\/algarve7.pt\\\/\",\"name\":\"Algarve 7\",\"description\":\"Informa\u00e7\u00e3o sobre o Algarve\",\"publisher\":{\"@id\":\"https:\\\/\\\/algarve7.pt\\\/#organization\"},\"potentialAction\":[{\"@type\":\"SearchAction\",\"target\":{\"@type\":\"EntryPoint\",\"urlTemplate\":\"https:\\\/\\\/algarve7.pt\\\/?s={search_term_string}\"},\"query-input\":{\"@type\":\"PropertyValueSpecification\",\"valueRequired\":true,\"valueName\":\"search_term_string\"}}],\"inLanguage\":\"pt-PT\"},{\"@type\":\"Organization\",\"@id\":\"https:\\\/\\\/algarve7.pt\\\/#organization\",\"name\":\"Algarve 7\",\"url\":\"https:\\\/\\\/algarve7.pt\\\/\",\"logo\":{\"@type\":\"ImageObject\",\"inLanguage\":\"pt-PT\",\"@id\":\"https:\\\/\\\/algarve7.pt\\\/#\\\/schema\\\/logo\\\/image\\\/\",\"url\":\"https:\\\/\\\/algarve7.pt\\\/wp-content\\\/uploads\\\/2020\\\/10\\\/Logo-8.jpg\",\"contentUrl\":\"https:\\\/\\\/algarve7.pt\\\/wp-content\\\/uploads\\\/2020\\\/10\\\/Logo-8.jpg\",\"width\":1680,\"height\":1186,\"caption\":\"Algarve 7\"},\"image\":{\"@id\":\"https:\\\/\\\/algarve7.pt\\\/#\\\/schema\\\/logo\\\/image\\\/\"},\"sameAs\":[\"https:\\\/\\\/www.facebook.com\\\/algarve7\",\"https:\\\/\\\/x.com\\\/Algarvesete\",\"https:\\\/\\\/www.instagram.com\\\/jornalalgarve7\\\/\",\"https:\\\/\\\/www.linkedin.com\\\/company\\\/algarve7\",\"https:\\\/\\\/www.pinterest.pt\\\/geral0939\\\/_created\\\/\"]},{\"@type\":\"Person\",\"@id\":\"https:\\\/\\\/algarve7.pt\\\/#\\\/schema\\\/person\\\/23fa70681308e7b319a3204bcea45e0c\",\"name\":\"Algarve 7\",\"sameAs\":[\"https:\\\/\\\/algarve7.pt\",\"https:\\\/\\\/www.facebook.com\\\/algarve7\"],\"url\":\"https:\\\/\\\/algarve7.pt\\\/index.php\\\/author\\\/geralalgarve7-pt\\\/\"}]}<\/script>\n<!-- \/ Yoast SEO plugin. -->","yoast_head_json":{"title":"CHUA inaugura novo Laborat\u00f3rio de Eletroencefalografia com equipamento de EEG de Alta Tecnologia - Algarve 7","description":"CHUA inaugura novo Laborat\u00f3rio de Eletroencefalografia com equipamento de EEG de Alta Tecnologia Sa\u00fade","robots":{"index":"index","follow":"follow","max-snippet":"max-snippet:-1","max-image-preview":"max-image-preview:large","max-video-preview":"max-video-preview:-1"},"canonical":"https:\/\/algarve7.pt\/index.php\/2022\/02\/chua-inaugura-novo-laboratorio-de-eletroencefalografia-com-equipamento-de-eeg-de-alta-tecnologia\/saude\/17\/03\/","og_locale":"pt_PT","og_type":"article","og_title":"CHUA inaugura novo Laborat\u00f3rio de Eletroencefalografia com equipamento de EEG de Alta Tecnologia - Algarve 7","og_description":"CHUA inaugura novo Laborat\u00f3rio de Eletroencefalografia com equipamento de EEG de Alta Tecnologia Sa\u00fade","og_url":"https:\/\/algarve7.pt\/index.php\/2022\/02\/chua-inaugura-novo-laboratorio-de-eletroencefalografia-com-equipamento-de-eeg-de-alta-tecnologia\/saude\/17\/03\/","og_site_name":"Algarve 7","article_publisher":"https:\/\/www.facebook.com\/algarve7","article_author":"https:\/\/www.facebook.com\/algarve7","article_published_time":"2022-02-14T17:03:02+00:00","article_modified_time":"2022-02-14T17:03:05+00:00","og_image":[{"width":1000,"height":666,"url":"https:\/\/algarve7.pt\/wp-content\/uploads\/2022\/02\/Inauguracao-Laboratorio-EEG-1.jpg","type":"image\/jpeg"}],"author":"Algarve 7","twitter_card":"summary_large_image","twitter_creator":"@Algarvesete","twitter_site":"@Algarvesete","twitter_misc":{"Escrito por":"Algarve 7","Tempo estimado de leitura":"3 minutos"},"schema":{"@context":"https:\/\/schema.org","@graph":[{"@type":"Article","@id":"https:\/\/algarve7.pt\/index.php\/2022\/02\/chua-inaugura-novo-laboratorio-de-eletroencefalografia-com-equipamento-de-eeg-de-alta-tecnologia\/saude\/17\/03\/#article","isPartOf":{"@id":"https:\/\/algarve7.pt\/index.php\/2022\/02\/chua-inaugura-novo-laboratorio-de-eletroencefalografia-com-equipamento-de-eeg-de-alta-tecnologia\/saude\/17\/03\/"},"author":{"name":"Algarve 7","@id":"https:\/\/algarve7.pt\/#\/schema\/person\/23fa70681308e7b319a3204bcea45e0c"},"headline":"CHUA inaugura novo Laborat\u00f3rio de Eletroencefalografia com equipamento de EEG de Alta Tecnologia","datePublished":"2022-02-14T17:03:02+00:00","dateModified":"2022-02-14T17:03:05+00:00","mainEntityOfPage":{"@id":"https:\/\/algarve7.pt\/index.php\/2022\/02\/chua-inaugura-novo-laboratorio-de-eletroencefalografia-com-equipamento-de-eeg-de-alta-tecnologia\/saude\/17\/03\/"},"wordCount":478,"publisher":{"@id":"https:\/\/algarve7.pt\/#organization"},"image":{"@id":"https:\/\/algarve7.pt\/index.php\/2022\/02\/chua-inaugura-novo-laboratorio-de-eletroencefalografia-com-equipamento-de-eeg-de-alta-tecnologia\/saude\/17\/03\/#primaryimage"},"thumbnailUrl":"https:\/\/algarve7.pt\/wp-content\/uploads\/2022\/02\/Inauguracao-Laboratorio-EEG-1.jpg","keywords":["Algarve","CHUA","Sa\u00fade"],"articleSection":["Sa\u00fade"],"inLanguage":"pt-PT"},{"@type":"WebPage","@id":"https:\/\/algarve7.pt\/index.php\/2022\/02\/chua-inaugura-novo-laboratorio-de-eletroencefalografia-com-equipamento-de-eeg-de-alta-tecnologia\/saude\/17\/03\/","url":"https:\/\/algarve7.pt\/index.php\/2022\/02\/chua-inaugura-novo-laboratorio-de-eletroencefalografia-com-equipamento-de-eeg-de-alta-tecnologia\/saude\/17\/03\/","name":"CHUA inaugura novo Laborat\u00f3rio de Eletroencefalografia com equipamento de EEG de Alta Tecnologia - Algarve 7","isPartOf":{"@id":"https:\/\/algarve7.pt\/#website"},"primaryImageOfPage":{"@id":"https:\/\/algarve7.pt\/index.php\/2022\/02\/chua-inaugura-novo-laboratorio-de-eletroencefalografia-com-equipamento-de-eeg-de-alta-tecnologia\/saude\/17\/03\/#primaryimage"},"image":{"@id":"https:\/\/algarve7.pt\/index.php\/2022\/02\/chua-inaugura-novo-laboratorio-de-eletroencefalografia-com-equipamento-de-eeg-de-alta-tecnologia\/saude\/17\/03\/#primaryimage"},"thumbnailUrl":"https:\/\/algarve7.pt\/wp-content\/uploads\/2022\/02\/Inauguracao-Laboratorio-EEG-1.jpg","datePublished":"2022-02-14T17:03:02+00:00","dateModified":"2022-02-14T17:03:05+00:00","description":"CHUA inaugura novo Laborat\u00f3rio de Eletroencefalografia com equipamento de EEG de Alta Tecnologia Sa\u00fade","breadcrumb":{"@id":"https:\/\/algarve7.pt\/index.php\/2022\/02\/chua-inaugura-novo-laboratorio-de-eletroencefalografia-com-equipamento-de-eeg-de-alta-tecnologia\/saude\/17\/03\/#breadcrumb"},"inLanguage":"pt-PT","potentialAction":[{"@type":"ReadAction","target":["https:\/\/algarve7.pt\/index.php\/2022\/02\/chua-inaugura-novo-laboratorio-de-eletroencefalografia-com-equipamento-de-eeg-de-alta-tecnologia\/saude\/17\/03\/"]}]},{"@type":"ImageObject","inLanguage":"pt-PT","@id":"https:\/\/algarve7.pt\/index.php\/2022\/02\/chua-inaugura-novo-laboratorio-de-eletroencefalografia-com-equipamento-de-eeg-de-alta-tecnologia\/saude\/17\/03\/#primaryimage","url":"https:\/\/algarve7.pt\/wp-content\/uploads\/2022\/02\/Inauguracao-Laboratorio-EEG-1.jpg","contentUrl":"https:\/\/algarve7.pt\/wp-content\/uploads\/2022\/02\/Inauguracao-Laboratorio-EEG-1.jpg","width":1000,"height":666},{"@type":"BreadcrumbList","@id":"https:\/\/algarve7.pt\/index.php\/2022\/02\/chua-inaugura-novo-laboratorio-de-eletroencefalografia-com-equipamento-de-eeg-de-alta-tecnologia\/saude\/17\/03\/#breadcrumb","itemListElement":[{"@type":"ListItem","position":1,"name":"In\u00edcio","item":"https:\/\/algarve7.pt\/"},{"@type":"ListItem","position":2,"name":"CHUA inaugura novo Laborat\u00f3rio de Eletroencefalografia com equipamento de EEG de Alta Tecnologia"}]},{"@type":"WebSite","@id":"https:\/\/algarve7.pt\/#website","url":"https:\/\/algarve7.pt\/","name":"Algarve 7","description":"Informa\u00e7\u00e3o sobre o Algarve","publisher":{"@id":"https:\/\/algarve7.pt\/#organization"},"potentialAction":[{"@type":"SearchAction","target":{"@type":"EntryPoint","urlTemplate":"https:\/\/algarve7.pt\/?s={search_term_string}"},"query-input":{"@type":"PropertyValueSpecification","valueRequired":true,"valueName":"search_term_string"}}],"inLanguage":"pt-PT"},{"@type":"Organization","@id":"https:\/\/algarve7.pt\/#organization","name":"Algarve 7","url":"https:\/\/algarve7.pt\/","logo":{"@type":"ImageObject","inLanguage":"pt-PT","@id":"https:\/\/algarve7.pt\/#\/schema\/logo\/image\/","url":"https:\/\/algarve7.pt\/wp-content\/uploads\/2020\/10\/Logo-8.jpg","contentUrl":"https:\/\/algarve7.pt\/wp-content\/uploads\/2020\/10\/Logo-8.jpg","width":1680,"height":1186,"caption":"Algarve 7"},"image":{"@id":"https:\/\/algarve7.pt\/#\/schema\/logo\/image\/"},"sameAs":["https:\/\/www.facebook.com\/algarve7","https:\/\/x.com\/Algarvesete","https:\/\/www.instagram.com\/jornalalgarve7\/","https:\/\/www.linkedin.com\/company\/algarve7","https:\/\/www.pinterest.pt\/geral0939\/_created\/"]},{"@type":"Person","@id":"https:\/\/algarve7.pt\/#\/schema\/person\/23fa70681308e7b319a3204bcea45e0c","name":"Algarve 7","sameAs":["https:\/\/algarve7.pt","https:\/\/www.facebook.com\/algarve7"],"url":"https:\/\/algarve7.pt\/index.php\/author\/geralalgarve7-pt\/"}]}},"jetpack_publicize_connections":[],"jetpack_featured_media_url":"https:\/\/algarve7.pt\/wp-content\/uploads\/2022\/02\/Inauguracao-Laboratorio-EEG-1.jpg","jetpack_shortlink":"https:\/\/wp.me\/pcezmW-40J","jetpack_sharing_enabled":true,"_links":{"self":[{"href":"https:\/\/algarve7.pt\/index.php\/wp-json\/wp\/v2\/posts\/15421","targetHints":{"allow":["GET"]}}],"collection":[{"href":"https:\/\/algarve7.pt\/index.php\/wp-json\/wp\/v2\/posts"}],"about":[{"href":"https:\/\/algarve7.pt\/index.php\/wp-json\/wp\/v2\/types\/post"}],"author":[{"embeddable":true,"href":"https:\/\/algarve7.pt\/index.php\/wp-json\/wp\/v2\/users\/1"}],"replies":[{"embeddable":true,"href":"https:\/\/algarve7.pt\/index.php\/wp-json\/wp\/v2\/comments?post=15421"}],"version-history":[{"count":0,"href":"https:\/\/algarve7.pt\/index.php\/wp-json\/wp\/v2\/posts\/15421\/revisions"}],"wp:featuredmedia":[{"embeddable":true,"href":"https:\/\/algarve7.pt\/index.php\/wp-json\/wp\/v2\/media\/15422"}],"wp:attachment":[{"href":"https:\/\/algarve7.pt\/index.php\/wp-json\/wp\/v2\/media?parent=15421"}],"wp:term":[{"taxonomy":"category","embeddable":true,"href":"https:\/\/algarve7.pt\/index.php\/wp-json\/wp\/v2\/categories?post=15421"},{"taxonomy":"post_tag","embeddable":true,"href":"https:\/\/algarve7.pt\/index.php\/wp-json\/wp\/v2\/tags?post=15421"}],"curies":[{"name":"wp","href":"https:\/\/api.w.org\/{rel}","templated":true}]}}