{"id":15402,"date":"2022-02-14T11:28:39","date_gmt":"2022-02-14T11:28:39","guid":{"rendered":"https:\/\/algarve7.pt\/?p=15402"},"modified":"2022-02-14T11:28:42","modified_gmt":"2022-02-14T11:28:42","slug":"campanha-vaisparar-nao-a-violencia-no-namoro","status":"publish","type":"post","link":"https:\/\/algarve7.pt\/index.php\/2022\/02\/campanha-vaisparar-nao-a-violencia-no-namoro\/nacional\/11\/28\/","title":{"rendered":"Campanha #VaisParar &#8211; N\u00e3o \u00e0 viol\u00eancia no namoro"},"content":{"rendered":"\n<p>A Guarda Nacional Republicana, entre o dia de hoje e 20 de fevereiro de 2022, realiza uma campanha de preven\u00e7\u00e3o e sensibiliza\u00e7\u00e3o, com o objetivo de combater comportamentos violentos e todas as formas de agress\u00e3o existentes, em especial no namoro entre jovens, onde estes comportamentos s\u00e3o precoces.<\/p>\n\n\n\n<p>Com o intuito de alterar comportamentos e evitar que a viol\u00eancia se prolongue no futuro, \u00e9 inten\u00e7\u00e3o, com esta campanha, sensibilizar os nossos jovens, para que digam n\u00e3o \u00e0 viol\u00eancia e para que consigam travar este tipo de comportamentos quer para si pr\u00f3prios quer para os outros. A campanha&nbsp;<strong>#VaisParar<\/strong>&nbsp;visa incentivar todos os jovens a denunciar e a n\u00e3o aceitar qualquer tipo de viol\u00eancia psicol\u00f3gica, emocional, f\u00edsica, social ou sexual. &nbsp;<\/p>\n\n\n\n<p>\u00c9 importante alertar os jovens para a import\u00e2ncia das rela\u00e7\u00f5es saud\u00e1veis, baseadas em princ\u00edpios e valores tais como a autoestima, o respeito e a toler\u00e2ncia, que s\u00e3o pilar das rela\u00e7\u00f5es de namoro, promovendo uma cultura anti-viol\u00eancia atrav\u00e9s de uma maior consciencializa\u00e7\u00e3o. Para isso, a Guarda continua a direcionar e a priorizar as Sec\u00e7\u00f5es de Preven\u00e7\u00e3o Criminal e Policiamento Comunit\u00e1rio para as escolas e para a educa\u00e7\u00e3o dos nossos jovens.<\/p>\n\n\n\n<p>A preven\u00e7\u00e3o, a investiga\u00e7\u00e3o e o acompanhamento do crime de viol\u00eancia dom\u00e9stica s\u00e3o prioridades da atual pol\u00edtica criminal e constituem-se como uma absoluta prioridade para a Guarda Nacional Republicana. Neste \u00e2mbito, a GNR tem vindo a refor\u00e7ar as suas campanhas de sensibiliza\u00e7\u00e3o, a apostar em a\u00e7\u00f5es de forma\u00e7\u00e3o ao seu efetivo, para que tamb\u00e9m esteja mais preparada para agir e acompanhar este tipo de situa\u00e7\u00f5es.<\/p>\n\n\n\n<p>Durante o ano de 2020, na \u00e1rea de responsabilidade da GNR, foram registados 1 110 crimes de viol\u00eancia no namoro em todas as faixas et\u00e1rias. Desses crimes, 365 v\u00edtimas encontravam-se na faixa et\u00e1ria at\u00e9 aos 24 anos. Em 2021 foram registados 1 105 crimes de viol\u00eancia no namoro, em todas as faixas et\u00e1rias, registando-se 332 v\u00edtimas com idade at\u00e9 aos 24 anos.<\/p>\n\n\n\n<p>A viol\u00eancia no namoro enquadra-se na viol\u00eancia psicol\u00f3gica e emocional, a viol\u00eancia f\u00edsica e social, e a viol\u00eancia sexual. O impacto deste tipo de viol\u00eancia em idades precoces pode ser a aceita\u00e7\u00e3o desta viol\u00eancia no futuro, comprometendo as v\u00edtimas envolvidas, as suas fam\u00edlias e a sociedade no seu conjunto.<\/p>\n\n\n\n<p>A viol\u00eancia n\u00e3o \u00e9 uma op\u00e7\u00e3o. Denunciar \u00e9 uma responsabilidade coletiva.&nbsp;<strong>N\u00f3s Paramos. E tu? Vais parar?<\/strong><\/p>\n","protected":false},"excerpt":{"rendered":"<p>A Guarda Nacional Republicana, entre o dia de hoje e 20 de fevereiro de 2022, realiza uma campanha de preven\u00e7\u00e3o<\/p>\n","protected":false},"author":1,"featured_media":15403,"comment_status":"closed","ping_status":"open","sticky":false,"template":"","format":"standard","meta":{"colormag_page_container_layout":"default_layout","colormag_page_sidebar_layout":"default_layout","_monsterinsights_skip_tracking":false,"_monsterinsights_sitenote_active":false,"_monsterinsights_sitenote_note":"","_monsterinsights_sitenote_category":0,"jetpack_post_was_ever_published":false,"_jetpack_newsletter_access":"","_jetpack_dont_email_post_to_subs":false,"_jetpack_newsletter_tier_id":0,"_jetpack_memberships_contains_paywalled_content":false,"_jetpack_memberships_contains_paid_content":false,"footnotes":"","jetpack_publicize_message":"","jetpack_publicize_feature_enabled":true,"jetpack_social_post_already_shared":true,"jetpack_social_options":{"image_generator_settings":{"template":"highway","default_image_id":0,"font":"","enabled":false},"version":2}},"categories":[189],"tags":[62,140,98],"class_list":["post-15402","post","type-post","status-publish","format-standard","has-post-thumbnail","hentry","category-nacional","tag-atualidade","tag-gnr","tag-nacional"],"yoast_head":"<!-- This site is optimized with the Yoast SEO plugin v27.4 - https:\/\/yoast.com\/product\/yoast-seo-wordpress\/ -->\n<title>Campanha #VaisParar - N\u00e3o \u00e0 viol\u00eancia no namoro - Algarve 7<\/title>\n<meta name=\"description\" content=\"Campanha #VaisParar - N\u00e3o \u00e0 viol\u00eancia no namoro Nacional\" \/>\n<meta name=\"robots\" content=\"index, follow, max-snippet:-1, max-image-preview:large, max-video-preview:-1\" \/>\n<link rel=\"canonical\" href=\"https:\/\/algarve7.pt\/index.php\/2022\/02\/campanha-vaisparar-nao-a-violencia-no-namoro\/nacional\/11\/28\/\" \/>\n<meta property=\"og:locale\" content=\"pt_PT\" \/>\n<meta property=\"og:type\" content=\"article\" \/>\n<meta property=\"og:title\" content=\"Campanha #VaisParar - N\u00e3o \u00e0 viol\u00eancia no namoro - Algarve 7\" \/>\n<meta property=\"og:description\" content=\"Campanha #VaisParar - N\u00e3o \u00e0 viol\u00eancia no namoro Nacional\" \/>\n<meta property=\"og:url\" content=\"https:\/\/algarve7.pt\/index.php\/2022\/02\/campanha-vaisparar-nao-a-violencia-no-namoro\/nacional\/11\/28\/\" \/>\n<meta property=\"og:site_name\" content=\"Algarve 7\" \/>\n<meta property=\"article:publisher\" content=\"https:\/\/www.facebook.com\/algarve7\" \/>\n<meta property=\"article:author\" content=\"https:\/\/www.facebook.com\/algarve7\" \/>\n<meta property=\"article:published_time\" content=\"2022-02-14T11:28:39+00:00\" \/>\n<meta property=\"article:modified_time\" content=\"2022-02-14T11:28:42+00:00\" \/>\n<meta property=\"og:image\" content=\"https:\/\/algarve7.pt\/wp-content\/uploads\/2022\/02\/GNR-Campanha-VaisParar.jpg\" \/>\n\t<meta property=\"og:image:width\" content=\"925\" \/>\n\t<meta property=\"og:image:height\" content=\"923\" \/>\n\t<meta property=\"og:image:type\" content=\"image\/jpeg\" \/>\n<meta name=\"author\" content=\"Algarve 7\" \/>\n<meta name=\"twitter:card\" content=\"summary_large_image\" \/>\n<meta name=\"twitter:creator\" content=\"@Algarvesete\" \/>\n<meta name=\"twitter:site\" content=\"@Algarvesete\" \/>\n<meta name=\"twitter:label1\" content=\"Escrito por\" \/>\n\t<meta name=\"twitter:data1\" content=\"Algarve 7\" \/>\n\t<meta name=\"twitter:label2\" content=\"Tempo estimado de leitura\" \/>\n\t<meta name=\"twitter:data2\" content=\"3 minutos\" \/>\n<script type=\"application\/ld+json\" class=\"yoast-schema-graph\">{\"@context\":\"https:\\\/\\\/schema.org\",\"@graph\":[{\"@type\":\"Article\",\"@id\":\"https:\\\/\\\/algarve7.pt\\\/index.php\\\/2022\\\/02\\\/campanha-vaisparar-nao-a-violencia-no-namoro\\\/nacional\\\/11\\\/28\\\/#article\",\"isPartOf\":{\"@id\":\"https:\\\/\\\/algarve7.pt\\\/index.php\\\/2022\\\/02\\\/campanha-vaisparar-nao-a-violencia-no-namoro\\\/nacional\\\/11\\\/28\\\/\"},\"author\":{\"name\":\"Algarve 7\",\"@id\":\"https:\\\/\\\/algarve7.pt\\\/#\\\/schema\\\/person\\\/23fa70681308e7b319a3204bcea45e0c\"},\"headline\":\"Campanha #VaisParar &#8211; N\u00e3o \u00e0 viol\u00eancia no namoro\",\"datePublished\":\"2022-02-14T11:28:39+00:00\",\"dateModified\":\"2022-02-14T11:28:42+00:00\",\"mainEntityOfPage\":{\"@id\":\"https:\\\/\\\/algarve7.pt\\\/index.php\\\/2022\\\/02\\\/campanha-vaisparar-nao-a-violencia-no-namoro\\\/nacional\\\/11\\\/28\\\/\"},\"wordCount\":437,\"publisher\":{\"@id\":\"https:\\\/\\\/algarve7.pt\\\/#organization\"},\"image\":{\"@id\":\"https:\\\/\\\/algarve7.pt\\\/index.php\\\/2022\\\/02\\\/campanha-vaisparar-nao-a-violencia-no-namoro\\\/nacional\\\/11\\\/28\\\/#primaryimage\"},\"thumbnailUrl\":\"https:\\\/\\\/algarve7.pt\\\/wp-content\\\/uploads\\\/2022\\\/02\\\/GNR-Campanha-VaisParar.jpg\",\"keywords\":[\"Atualidade\",\"GNR\",\"Nacional\"],\"articleSection\":[\"Nacional\"],\"inLanguage\":\"pt-PT\"},{\"@type\":\"WebPage\",\"@id\":\"https:\\\/\\\/algarve7.pt\\\/index.php\\\/2022\\\/02\\\/campanha-vaisparar-nao-a-violencia-no-namoro\\\/nacional\\\/11\\\/28\\\/\",\"url\":\"https:\\\/\\\/algarve7.pt\\\/index.php\\\/2022\\\/02\\\/campanha-vaisparar-nao-a-violencia-no-namoro\\\/nacional\\\/11\\\/28\\\/\",\"name\":\"Campanha #VaisParar - N\u00e3o \u00e0 viol\u00eancia no namoro - Algarve 7\",\"isPartOf\":{\"@id\":\"https:\\\/\\\/algarve7.pt\\\/#website\"},\"primaryImageOfPage\":{\"@id\":\"https:\\\/\\\/algarve7.pt\\\/index.php\\\/2022\\\/02\\\/campanha-vaisparar-nao-a-violencia-no-namoro\\\/nacional\\\/11\\\/28\\\/#primaryimage\"},\"image\":{\"@id\":\"https:\\\/\\\/algarve7.pt\\\/index.php\\\/2022\\\/02\\\/campanha-vaisparar-nao-a-violencia-no-namoro\\\/nacional\\\/11\\\/28\\\/#primaryimage\"},\"thumbnailUrl\":\"https:\\\/\\\/algarve7.pt\\\/wp-content\\\/uploads\\\/2022\\\/02\\\/GNR-Campanha-VaisParar.jpg\",\"datePublished\":\"2022-02-14T11:28:39+00:00\",\"dateModified\":\"2022-02-14T11:28:42+00:00\",\"description\":\"Campanha #VaisParar - N\u00e3o \u00e0 viol\u00eancia no namoro Nacional\",\"breadcrumb\":{\"@id\":\"https:\\\/\\\/algarve7.pt\\\/index.php\\\/2022\\\/02\\\/campanha-vaisparar-nao-a-violencia-no-namoro\\\/nacional\\\/11\\\/28\\\/#breadcrumb\"},\"inLanguage\":\"pt-PT\",\"potentialAction\":[{\"@type\":\"ReadAction\",\"target\":[\"https:\\\/\\\/algarve7.pt\\\/index.php\\\/2022\\\/02\\\/campanha-vaisparar-nao-a-violencia-no-namoro\\\/nacional\\\/11\\\/28\\\/\"]}]},{\"@type\":\"ImageObject\",\"inLanguage\":\"pt-PT\",\"@id\":\"https:\\\/\\\/algarve7.pt\\\/index.php\\\/2022\\\/02\\\/campanha-vaisparar-nao-a-violencia-no-namoro\\\/nacional\\\/11\\\/28\\\/#primaryimage\",\"url\":\"https:\\\/\\\/algarve7.pt\\\/wp-content\\\/uploads\\\/2022\\\/02\\\/GNR-Campanha-VaisParar.jpg\",\"contentUrl\":\"https:\\\/\\\/algarve7.pt\\\/wp-content\\\/uploads\\\/2022\\\/02\\\/GNR-Campanha-VaisParar.jpg\",\"width\":925,\"height\":923},{\"@type\":\"BreadcrumbList\",\"@id\":\"https:\\\/\\\/algarve7.pt\\\/index.php\\\/2022\\\/02\\\/campanha-vaisparar-nao-a-violencia-no-namoro\\\/nacional\\\/11\\\/28\\\/#breadcrumb\",\"itemListElement\":[{\"@type\":\"ListItem\",\"position\":1,\"name\":\"In\u00edcio\",\"item\":\"https:\\\/\\\/algarve7.pt\\\/\"},{\"@type\":\"ListItem\",\"position\":2,\"name\":\"Campanha #VaisParar &#8211; N\u00e3o \u00e0 viol\u00eancia no namoro\"}]},{\"@type\":\"WebSite\",\"@id\":\"https:\\\/\\\/algarve7.pt\\\/#website\",\"url\":\"https:\\\/\\\/algarve7.pt\\\/\",\"name\":\"Algarve 7\",\"description\":\"Informa\u00e7\u00e3o sobre o Algarve\",\"publisher\":{\"@id\":\"https:\\\/\\\/algarve7.pt\\\/#organization\"},\"potentialAction\":[{\"@type\":\"SearchAction\",\"target\":{\"@type\":\"EntryPoint\",\"urlTemplate\":\"https:\\\/\\\/algarve7.pt\\\/?s={search_term_string}\"},\"query-input\":{\"@type\":\"PropertyValueSpecification\",\"valueRequired\":true,\"valueName\":\"search_term_string\"}}],\"inLanguage\":\"pt-PT\"},{\"@type\":\"Organization\",\"@id\":\"https:\\\/\\\/algarve7.pt\\\/#organization\",\"name\":\"Algarve 7\",\"url\":\"https:\\\/\\\/algarve7.pt\\\/\",\"logo\":{\"@type\":\"ImageObject\",\"inLanguage\":\"pt-PT\",\"@id\":\"https:\\\/\\\/algarve7.pt\\\/#\\\/schema\\\/logo\\\/image\\\/\",\"url\":\"https:\\\/\\\/algarve7.pt\\\/wp-content\\\/uploads\\\/2020\\\/10\\\/Logo-8.jpg\",\"contentUrl\":\"https:\\\/\\\/algarve7.pt\\\/wp-content\\\/uploads\\\/2020\\\/10\\\/Logo-8.jpg\",\"width\":1680,\"height\":1186,\"caption\":\"Algarve 7\"},\"image\":{\"@id\":\"https:\\\/\\\/algarve7.pt\\\/#\\\/schema\\\/logo\\\/image\\\/\"},\"sameAs\":[\"https:\\\/\\\/www.facebook.com\\\/algarve7\",\"https:\\\/\\\/x.com\\\/Algarvesete\",\"https:\\\/\\\/www.instagram.com\\\/jornalalgarve7\\\/\",\"https:\\\/\\\/www.linkedin.com\\\/company\\\/algarve7\",\"https:\\\/\\\/www.pinterest.pt\\\/geral0939\\\/_created\\\/\"]},{\"@type\":\"Person\",\"@id\":\"https:\\\/\\\/algarve7.pt\\\/#\\\/schema\\\/person\\\/23fa70681308e7b319a3204bcea45e0c\",\"name\":\"Algarve 7\",\"sameAs\":[\"https:\\\/\\\/algarve7.pt\",\"https:\\\/\\\/www.facebook.com\\\/algarve7\"],\"url\":\"https:\\\/\\\/algarve7.pt\\\/index.php\\\/author\\\/geralalgarve7-pt\\\/\"}]}<\/script>\n<!-- \/ Yoast SEO plugin. -->","yoast_head_json":{"title":"Campanha #VaisParar - N\u00e3o \u00e0 viol\u00eancia no namoro - Algarve 7","description":"Campanha #VaisParar - N\u00e3o \u00e0 viol\u00eancia no namoro Nacional","robots":{"index":"index","follow":"follow","max-snippet":"max-snippet:-1","max-image-preview":"max-image-preview:large","max-video-preview":"max-video-preview:-1"},"canonical":"https:\/\/algarve7.pt\/index.php\/2022\/02\/campanha-vaisparar-nao-a-violencia-no-namoro\/nacional\/11\/28\/","og_locale":"pt_PT","og_type":"article","og_title":"Campanha #VaisParar - N\u00e3o \u00e0 viol\u00eancia no namoro - Algarve 7","og_description":"Campanha #VaisParar - N\u00e3o \u00e0 viol\u00eancia no namoro Nacional","og_url":"https:\/\/algarve7.pt\/index.php\/2022\/02\/campanha-vaisparar-nao-a-violencia-no-namoro\/nacional\/11\/28\/","og_site_name":"Algarve 7","article_publisher":"https:\/\/www.facebook.com\/algarve7","article_author":"https:\/\/www.facebook.com\/algarve7","article_published_time":"2022-02-14T11:28:39+00:00","article_modified_time":"2022-02-14T11:28:42+00:00","og_image":[{"width":925,"height":923,"url":"https:\/\/algarve7.pt\/wp-content\/uploads\/2022\/02\/GNR-Campanha-VaisParar.jpg","type":"image\/jpeg"}],"author":"Algarve 7","twitter_card":"summary_large_image","twitter_creator":"@Algarvesete","twitter_site":"@Algarvesete","twitter_misc":{"Escrito por":"Algarve 7","Tempo estimado de leitura":"3 minutos"},"schema":{"@context":"https:\/\/schema.org","@graph":[{"@type":"Article","@id":"https:\/\/algarve7.pt\/index.php\/2022\/02\/campanha-vaisparar-nao-a-violencia-no-namoro\/nacional\/11\/28\/#article","isPartOf":{"@id":"https:\/\/algarve7.pt\/index.php\/2022\/02\/campanha-vaisparar-nao-a-violencia-no-namoro\/nacional\/11\/28\/"},"author":{"name":"Algarve 7","@id":"https:\/\/algarve7.pt\/#\/schema\/person\/23fa70681308e7b319a3204bcea45e0c"},"headline":"Campanha #VaisParar &#8211; N\u00e3o \u00e0 viol\u00eancia no namoro","datePublished":"2022-02-14T11:28:39+00:00","dateModified":"2022-02-14T11:28:42+00:00","mainEntityOfPage":{"@id":"https:\/\/algarve7.pt\/index.php\/2022\/02\/campanha-vaisparar-nao-a-violencia-no-namoro\/nacional\/11\/28\/"},"wordCount":437,"publisher":{"@id":"https:\/\/algarve7.pt\/#organization"},"image":{"@id":"https:\/\/algarve7.pt\/index.php\/2022\/02\/campanha-vaisparar-nao-a-violencia-no-namoro\/nacional\/11\/28\/#primaryimage"},"thumbnailUrl":"https:\/\/algarve7.pt\/wp-content\/uploads\/2022\/02\/GNR-Campanha-VaisParar.jpg","keywords":["Atualidade","GNR","Nacional"],"articleSection":["Nacional"],"inLanguage":"pt-PT"},{"@type":"WebPage","@id":"https:\/\/algarve7.pt\/index.php\/2022\/02\/campanha-vaisparar-nao-a-violencia-no-namoro\/nacional\/11\/28\/","url":"https:\/\/algarve7.pt\/index.php\/2022\/02\/campanha-vaisparar-nao-a-violencia-no-namoro\/nacional\/11\/28\/","name":"Campanha #VaisParar - N\u00e3o \u00e0 viol\u00eancia no namoro - Algarve 7","isPartOf":{"@id":"https:\/\/algarve7.pt\/#website"},"primaryImageOfPage":{"@id":"https:\/\/algarve7.pt\/index.php\/2022\/02\/campanha-vaisparar-nao-a-violencia-no-namoro\/nacional\/11\/28\/#primaryimage"},"image":{"@id":"https:\/\/algarve7.pt\/index.php\/2022\/02\/campanha-vaisparar-nao-a-violencia-no-namoro\/nacional\/11\/28\/#primaryimage"},"thumbnailUrl":"https:\/\/algarve7.pt\/wp-content\/uploads\/2022\/02\/GNR-Campanha-VaisParar.jpg","datePublished":"2022-02-14T11:28:39+00:00","dateModified":"2022-02-14T11:28:42+00:00","description":"Campanha #VaisParar - N\u00e3o \u00e0 viol\u00eancia no namoro Nacional","breadcrumb":{"@id":"https:\/\/algarve7.pt\/index.php\/2022\/02\/campanha-vaisparar-nao-a-violencia-no-namoro\/nacional\/11\/28\/#breadcrumb"},"inLanguage":"pt-PT","potentialAction":[{"@type":"ReadAction","target":["https:\/\/algarve7.pt\/index.php\/2022\/02\/campanha-vaisparar-nao-a-violencia-no-namoro\/nacional\/11\/28\/"]}]},{"@type":"ImageObject","inLanguage":"pt-PT","@id":"https:\/\/algarve7.pt\/index.php\/2022\/02\/campanha-vaisparar-nao-a-violencia-no-namoro\/nacional\/11\/28\/#primaryimage","url":"https:\/\/algarve7.pt\/wp-content\/uploads\/2022\/02\/GNR-Campanha-VaisParar.jpg","contentUrl":"https:\/\/algarve7.pt\/wp-content\/uploads\/2022\/02\/GNR-Campanha-VaisParar.jpg","width":925,"height":923},{"@type":"BreadcrumbList","@id":"https:\/\/algarve7.pt\/index.php\/2022\/02\/campanha-vaisparar-nao-a-violencia-no-namoro\/nacional\/11\/28\/#breadcrumb","itemListElement":[{"@type":"ListItem","position":1,"name":"In\u00edcio","item":"https:\/\/algarve7.pt\/"},{"@type":"ListItem","position":2,"name":"Campanha #VaisParar &#8211; N\u00e3o \u00e0 viol\u00eancia no namoro"}]},{"@type":"WebSite","@id":"https:\/\/algarve7.pt\/#website","url":"https:\/\/algarve7.pt\/","name":"Algarve 7","description":"Informa\u00e7\u00e3o sobre o Algarve","publisher":{"@id":"https:\/\/algarve7.pt\/#organization"},"potentialAction":[{"@type":"SearchAction","target":{"@type":"EntryPoint","urlTemplate":"https:\/\/algarve7.pt\/?s={search_term_string}"},"query-input":{"@type":"PropertyValueSpecification","valueRequired":true,"valueName":"search_term_string"}}],"inLanguage":"pt-PT"},{"@type":"Organization","@id":"https:\/\/algarve7.pt\/#organization","name":"Algarve 7","url":"https:\/\/algarve7.pt\/","logo":{"@type":"ImageObject","inLanguage":"pt-PT","@id":"https:\/\/algarve7.pt\/#\/schema\/logo\/image\/","url":"https:\/\/algarve7.pt\/wp-content\/uploads\/2020\/10\/Logo-8.jpg","contentUrl":"https:\/\/algarve7.pt\/wp-content\/uploads\/2020\/10\/Logo-8.jpg","width":1680,"height":1186,"caption":"Algarve 7"},"image":{"@id":"https:\/\/algarve7.pt\/#\/schema\/logo\/image\/"},"sameAs":["https:\/\/www.facebook.com\/algarve7","https:\/\/x.com\/Algarvesete","https:\/\/www.instagram.com\/jornalalgarve7\/","https:\/\/www.linkedin.com\/company\/algarve7","https:\/\/www.pinterest.pt\/geral0939\/_created\/"]},{"@type":"Person","@id":"https:\/\/algarve7.pt\/#\/schema\/person\/23fa70681308e7b319a3204bcea45e0c","name":"Algarve 7","sameAs":["https:\/\/algarve7.pt","https:\/\/www.facebook.com\/algarve7"],"url":"https:\/\/algarve7.pt\/index.php\/author\/geralalgarve7-pt\/"}]}},"jetpack_publicize_connections":[],"jetpack_featured_media_url":"https:\/\/algarve7.pt\/wp-content\/uploads\/2022\/02\/GNR-Campanha-VaisParar.jpg","jetpack_shortlink":"https:\/\/wp.me\/pcezmW-40q","jetpack_sharing_enabled":true,"_links":{"self":[{"href":"https:\/\/algarve7.pt\/index.php\/wp-json\/wp\/v2\/posts\/15402","targetHints":{"allow":["GET"]}}],"collection":[{"href":"https:\/\/algarve7.pt\/index.php\/wp-json\/wp\/v2\/posts"}],"about":[{"href":"https:\/\/algarve7.pt\/index.php\/wp-json\/wp\/v2\/types\/post"}],"author":[{"embeddable":true,"href":"https:\/\/algarve7.pt\/index.php\/wp-json\/wp\/v2\/users\/1"}],"replies":[{"embeddable":true,"href":"https:\/\/algarve7.pt\/index.php\/wp-json\/wp\/v2\/comments?post=15402"}],"version-history":[{"count":0,"href":"https:\/\/algarve7.pt\/index.php\/wp-json\/wp\/v2\/posts\/15402\/revisions"}],"wp:featuredmedia":[{"embeddable":true,"href":"https:\/\/algarve7.pt\/index.php\/wp-json\/wp\/v2\/media\/15403"}],"wp:attachment":[{"href":"https:\/\/algarve7.pt\/index.php\/wp-json\/wp\/v2\/media?parent=15402"}],"wp:term":[{"taxonomy":"category","embeddable":true,"href":"https:\/\/algarve7.pt\/index.php\/wp-json\/wp\/v2\/categories?post=15402"},{"taxonomy":"post_tag","embeddable":true,"href":"https:\/\/algarve7.pt\/index.php\/wp-json\/wp\/v2\/tags?post=15402"}],"curies":[{"name":"wp","href":"https:\/\/api.w.org\/{rel}","templated":true}]}}