{"id":15398,"date":"2022-02-14T11:21:27","date_gmt":"2022-02-14T11:21:27","guid":{"rendered":"https:\/\/algarve7.pt\/?p=15398"},"modified":"2022-02-14T11:21:30","modified_gmt":"2022-02-14T11:21:30","slug":"teatro-de-marionetas-conta-como-a-laranja-mais-doce-chegou-a-silves","status":"publish","type":"post","link":"https:\/\/algarve7.pt\/index.php\/2022\/02\/teatro-de-marionetas-conta-como-a-laranja-mais-doce-chegou-a-silves\/cultura\/11\/21\/","title":{"rendered":"Teatro de marionetas conta como a laranja mais doce chegou a Silves"},"content":{"rendered":"\n<p>\u201cA laranja doce do Jesu\u00edta\u201d \u00e9 o nome do teatro de marionetas que animar\u00e1 os mais novos na 6.\u00aa Mostra Silves Capital da Laranja. A iniciativa, que ter\u00e1 lugar no espa\u00e7o Laranjinha Kids, conta com sess\u00f5es dirigidas \u00e0 comunidade escolar (no dia 18, pelas 11h00 e 14h00) e a fam\u00edlias com crian\u00e7as com idade superior a 3 anos (nos dias 19 &#8211; \u00e0s 11h00, 15h00 e 16h00 &#8211;&nbsp;&nbsp;e 20, pelas 11h00).<\/p>\n\n\n\n<p>Ser\u00e3o momentos que trar\u00e3o muita anima\u00e7\u00e3o junto dos mais novos e que ir\u00e3o contar a hist\u00f3ria de como um jesu\u00edta entrou nos port\u00f5es da Cidade Proibida para trazer consigo uma muda da laranja mais doce e de como foi a sua aventura at\u00e9 chegar a Silves.<\/p>\n\n\n\n<p>O evento cumpre as orienta\u00e7\u00f5es da DGS. A entrada em cada sess\u00e3o est\u00e1 condicionada \u00e0 apresenta\u00e7\u00e3o de voucher (entregue no local uma hora antes do inicio do espet\u00e1culo) e de certifica\u00e7\u00e3o de vacina\u00e7\u00e3o ou teste negativo (para maiores de 12 anos).&nbsp;<\/p>\n\n\n\n<p>Programa dispon\u00edvel em\u00a0<a href=\"https:\/\/www.cm-silves.pt\/pt\/menu\/1677\/6-mostra-silves-capital-da-laranja.aspx\" target=\"_blank\" rel=\"noreferrer noopener\">https:\/\/www.cm-silves.pt\/pt\/menu\/1677\/6-mostra-silves-capital-da-laranja.aspx<\/a><\/p>\n\n\n\n<div class=\"wp-block-image is-style-default\"><figure class=\"aligncenter size-large is-resized\"><img loading=\"lazy\" decoding=\"async\" src=\"https:\/\/algarve7.pt\/wp-content\/uploads\/2022\/02\/cartaz-as-laranjas-doces-do-jesuita-731x1024.jpg\" alt=\"\" class=\"wp-image-15400\" width=\"326\" height=\"457\" srcset=\"https:\/\/algarve7.pt\/wp-content\/uploads\/2022\/02\/cartaz-as-laranjas-doces-do-jesuita-731x1024.jpg 731w, https:\/\/algarve7.pt\/wp-content\/uploads\/2022\/02\/cartaz-as-laranjas-doces-do-jesuita-214x300.jpg 214w, https:\/\/algarve7.pt\/wp-content\/uploads\/2022\/02\/cartaz-as-laranjas-doces-do-jesuita-768x1076.jpg 768w, https:\/\/algarve7.pt\/wp-content\/uploads\/2022\/02\/cartaz-as-laranjas-doces-do-jesuita.jpg 1088w\" sizes=\"auto, (max-width: 326px) 100vw, 326px\" \/><\/figure><\/div>\n\n\n\n<p><strong>Lota\u00e7\u00e3o:<\/strong>&nbsp;50 pessoas<\/p>\n\n\n\n<p><strong>Classifica\u00e7\u00e3o:<\/strong>&nbsp;M\/3<\/p>\n\n\n\n<p><strong>SINOPSE<\/strong><\/p>\n\n\n\n<p>Conta-se que depois da chegada da laranja da china, no algarve, mais precisamente em Silves, a vida das suas gentes nunca mais foi a mesma. Conta-se que at\u00e9 os povos da Alm\u00f3ada j\u00e1 se desentendiam devido a este belo, doce e sumarento fruto. Silves ficou no mapa pelo seu passado ligado \u00e0 cultura e costumes mouriscos, mas nada \u00e9 equivalente \u00e0 sua fama de ser a eterna capital da laranja.<\/p>\n\n\n\n<p>Mas como \u00e9 que a laranja doce chegou a Portugal? Em Portugal s\u00f3 existiam laranjas amargas, mas uma vez um jesu\u00edta visitou a Cidade Proibida na China e a\u00ed provou as laranjas mais doces que um algum dia tinha comido. Surpreso com a do\u00e7ura, com muita ast\u00facia, um dia roubou uma muda dentro do seu cajado oco. Conseguiu sair dali voltou a Lisboa aonde plantou essa muda. Da\u00ed em diante iniciou-se a dissemina\u00e7\u00e3o do fruto, tendo este chegado ao Algarve e ter-se vingado como s\u00edmbolo e com\u00e9rcio primordial de Silves.<\/p>\n\n\n\n<p>Diz-se por a\u00ed, entre as gentes que esse tal de jesu\u00edta teve a ast\u00facia maior para passar os port\u00f5es da Cidade Proibida sem que ningu\u00e9m soubesse de nada, com a ajuda do seu cajado oco e de seu burrico que o transportava para todo o lado. A Cidade Proibida era um lugar somente habitado pelo imperador, sua fam\u00edlia e serventes. Quem l\u00e1 entrasse sem permiss\u00e3o era dolorosamente punido. O risco de ali ter entrado o jesu\u00edta, ter conhecido as gentes do pal\u00e1cio e ter sido agraciado com as laranjas doces e estas terem um dia chegado a Silves, s\u00e3o o mote para uma hist\u00f3ria animada de teatro de fantoches.<\/p>\n\n\n\n<p><strong>CONDI\u00c7\u00d5ES DE ACESSO<\/strong><\/p>\n\n\n\n<p>A entrada no recinto a maiores de 12 anos est\u00e1 condicionada \u00e0 apresenta\u00e7\u00e3o de certificado digital v\u00e1lido ou teste negativo (de acordo com as normas em vigor);<\/p>\n\n\n\n<p>O recinto do espet\u00e1culo estar\u00e1 delimitado, o acesso ser\u00e1 condicionado e controlado;<\/p>\n\n\n\n<p>Devem evitar-se aglomera\u00e7\u00f5es de pessoas \u00e0 entrada e \u00e0 sa\u00edda do recinto;<\/p>\n\n\n\n<p>Acesso ao recinto apenas para os titulares de voucher;<\/p>\n\n\n\n<p>Higieniza\u00e7\u00e3o das m\u00e3os \u00e0 entrada e \u00e0 sa\u00edda;<\/p>\n\n\n\n<p>Seguir pelos circuitos independentes de entrada e de sa\u00edda;<\/p>\n\n\n\n<p>Cumprir o per\u00edodo de entrada e sa\u00edda de p\u00fablico alargado;<\/p>\n\n\n\n<p>Entrada e sa\u00edda de p\u00fablico desfasada, cumprindo as regras de distanciamento;<\/p>\n\n\n\n<p>Uso obrigat\u00f3rio de m\u00e1scara;<\/p>\n\n\n\n<p>N\u00e3o \u00e9 permitido movimentar a cadeira ou mudar de lugar;<\/p>\n\n\n\n<p>Mantenha a dist\u00e2ncia de seguran\u00e7a (2 metros) sempre que deambular pelo recinto;<\/p>\n\n\n\n<p>Os espa\u00e7os, equipamentos, objetos e superf\u00edcies s\u00e3o limpos e desinfetados periodicamente, conforme a sua frequ\u00eancia de utiliza\u00e7\u00e3o;<\/p>\n\n\n\n<p>Ao aceder e permanecer no recinto o espectador consente a capta\u00e7\u00e3o, reprodu\u00e7\u00e3o, publica\u00e7\u00e3o e identifica\u00e7\u00e3o da sua imagem e som, em quaisquer meios, incluindo nas redes sociais, para efeitos de marketing ou promocionais, a t\u00edtulo gratuito.<\/p>\n","protected":false},"excerpt":{"rendered":"<p>\u201cA laranja doce do Jesu\u00edta\u201d \u00e9 o nome do teatro de marionetas que animar\u00e1 os mais novos na 6.\u00aa Mostra<\/p>\n","protected":false},"author":1,"featured_media":15399,"comment_status":"closed","ping_status":"open","sticky":false,"template":"","format":"standard","meta":{"colormag_page_container_layout":"default_layout","colormag_page_sidebar_layout":"default_layout","_monsterinsights_skip_tracking":false,"_monsterinsights_sitenote_active":false,"_monsterinsights_sitenote_note":"","_monsterinsights_sitenote_category":0,"jetpack_post_was_ever_published":false,"_jetpack_newsletter_access":"","_jetpack_dont_email_post_to_subs":false,"_jetpack_newsletter_tier_id":0,"_jetpack_memberships_contains_paywalled_content":false,"_jetpack_memberships_contains_paid_content":false,"footnotes":"","jetpack_publicize_message":"","jetpack_publicize_feature_enabled":true,"jetpack_social_post_already_shared":true,"jetpack_social_options":{"image_generator_settings":{"template":"highway","default_image_id":0,"font":"","enabled":false},"version":2}},"categories":[14],"tags":[36,35,42,101],"class_list":["post-15398","post","type-post","status-publish","format-standard","has-post-thumbnail","hentry","category-cultura","tag-algarve","tag-cultura","tag-silves","tag-teatro"],"yoast_head":"<!-- This site is optimized with the Yoast SEO plugin v27.5 - https:\/\/yoast.com\/product\/yoast-seo-wordpress\/ -->\n<title>Teatro de marionetas conta como a laranja mais doce chegou a Silves - Algarve 7<\/title>\n<meta name=\"description\" content=\"Teatro de marionetas conta como a laranja mais doce chegou a Silves Cultura\" \/>\n<meta name=\"robots\" content=\"index, follow, max-snippet:-1, max-image-preview:large, max-video-preview:-1\" \/>\n<link rel=\"canonical\" href=\"https:\/\/algarve7.pt\/index.php\/2022\/02\/teatro-de-marionetas-conta-como-a-laranja-mais-doce-chegou-a-silves\/cultura\/11\/21\/\" \/>\n<meta property=\"og:locale\" content=\"pt_PT\" \/>\n<meta property=\"og:type\" content=\"article\" \/>\n<meta property=\"og:title\" content=\"Teatro de marionetas conta como a laranja mais doce chegou a Silves - Algarve 7\" \/>\n<meta property=\"og:description\" content=\"Teatro de marionetas conta como a laranja mais doce chegou a Silves Cultura\" \/>\n<meta property=\"og:url\" content=\"https:\/\/algarve7.pt\/index.php\/2022\/02\/teatro-de-marionetas-conta-como-a-laranja-mais-doce-chegou-a-silves\/cultura\/11\/21\/\" \/>\n<meta property=\"og:site_name\" content=\"Algarve 7\" \/>\n<meta property=\"article:publisher\" content=\"https:\/\/www.facebook.com\/algarve7\" \/>\n<meta property=\"article:author\" content=\"https:\/\/www.facebook.com\/algarve7\" \/>\n<meta property=\"article:published_time\" content=\"2022-02-14T11:21:27+00:00\" \/>\n<meta property=\"article:modified_time\" content=\"2022-02-14T11:21:30+00:00\" \/>\n<meta property=\"og:image\" content=\"https:\/\/algarve7.pt\/wp-content\/uploads\/2022\/02\/Captura-de-ecra-2022-02-14-as-11.16.39.png\" \/>\n\t<meta property=\"og:image:width\" content=\"1920\" \/>\n\t<meta property=\"og:image:height\" content=\"1712\" \/>\n\t<meta property=\"og:image:type\" content=\"image\/png\" \/>\n<meta name=\"author\" content=\"Algarve 7\" \/>\n<meta name=\"twitter:card\" content=\"summary_large_image\" \/>\n<meta name=\"twitter:creator\" content=\"@Algarvesete\" \/>\n<meta name=\"twitter:site\" content=\"@Algarvesete\" \/>\n<meta name=\"twitter:label1\" content=\"Escrito por\" \/>\n\t<meta name=\"twitter:data1\" content=\"Algarve 7\" \/>\n\t<meta name=\"twitter:label2\" content=\"Tempo estimado de leitura\" \/>\n\t<meta name=\"twitter:data2\" content=\"4 minutos\" \/>\n<script type=\"application\/ld+json\" class=\"yoast-schema-graph\">{\"@context\":\"https:\\\/\\\/schema.org\",\"@graph\":[{\"@type\":\"Article\",\"@id\":\"https:\\\/\\\/algarve7.pt\\\/index.php\\\/2022\\\/02\\\/teatro-de-marionetas-conta-como-a-laranja-mais-doce-chegou-a-silves\\\/cultura\\\/11\\\/21\\\/#article\",\"isPartOf\":{\"@id\":\"https:\\\/\\\/algarve7.pt\\\/index.php\\\/2022\\\/02\\\/teatro-de-marionetas-conta-como-a-laranja-mais-doce-chegou-a-silves\\\/cultura\\\/11\\\/21\\\/\"},\"author\":{\"name\":\"Algarve 7\",\"@id\":\"https:\\\/\\\/algarve7.pt\\\/#\\\/schema\\\/person\\\/23fa70681308e7b319a3204bcea45e0c\"},\"headline\":\"Teatro de marionetas conta como a laranja mais doce chegou a Silves\",\"datePublished\":\"2022-02-14T11:21:27+00:00\",\"dateModified\":\"2022-02-14T11:21:30+00:00\",\"mainEntityOfPage\":{\"@id\":\"https:\\\/\\\/algarve7.pt\\\/index.php\\\/2022\\\/02\\\/teatro-de-marionetas-conta-como-a-laranja-mais-doce-chegou-a-silves\\\/cultura\\\/11\\\/21\\\/\"},\"wordCount\":688,\"publisher\":{\"@id\":\"https:\\\/\\\/algarve7.pt\\\/#organization\"},\"image\":{\"@id\":\"https:\\\/\\\/algarve7.pt\\\/index.php\\\/2022\\\/02\\\/teatro-de-marionetas-conta-como-a-laranja-mais-doce-chegou-a-silves\\\/cultura\\\/11\\\/21\\\/#primaryimage\"},\"thumbnailUrl\":\"https:\\\/\\\/algarve7.pt\\\/wp-content\\\/uploads\\\/2022\\\/02\\\/Captura-de-ecra-2022-02-14-as-11.16.39.png\",\"keywords\":[\"Algarve\",\"Cultura\",\"Silves\",\"Teatro\"],\"articleSection\":[\"Cultura\"],\"inLanguage\":\"pt-PT\"},{\"@type\":\"WebPage\",\"@id\":\"https:\\\/\\\/algarve7.pt\\\/index.php\\\/2022\\\/02\\\/teatro-de-marionetas-conta-como-a-laranja-mais-doce-chegou-a-silves\\\/cultura\\\/11\\\/21\\\/\",\"url\":\"https:\\\/\\\/algarve7.pt\\\/index.php\\\/2022\\\/02\\\/teatro-de-marionetas-conta-como-a-laranja-mais-doce-chegou-a-silves\\\/cultura\\\/11\\\/21\\\/\",\"name\":\"Teatro de marionetas conta como a laranja mais doce chegou a Silves - Algarve 7\",\"isPartOf\":{\"@id\":\"https:\\\/\\\/algarve7.pt\\\/#website\"},\"primaryImageOfPage\":{\"@id\":\"https:\\\/\\\/algarve7.pt\\\/index.php\\\/2022\\\/02\\\/teatro-de-marionetas-conta-como-a-laranja-mais-doce-chegou-a-silves\\\/cultura\\\/11\\\/21\\\/#primaryimage\"},\"image\":{\"@id\":\"https:\\\/\\\/algarve7.pt\\\/index.php\\\/2022\\\/02\\\/teatro-de-marionetas-conta-como-a-laranja-mais-doce-chegou-a-silves\\\/cultura\\\/11\\\/21\\\/#primaryimage\"},\"thumbnailUrl\":\"https:\\\/\\\/algarve7.pt\\\/wp-content\\\/uploads\\\/2022\\\/02\\\/Captura-de-ecra-2022-02-14-as-11.16.39.png\",\"datePublished\":\"2022-02-14T11:21:27+00:00\",\"dateModified\":\"2022-02-14T11:21:30+00:00\",\"description\":\"Teatro de marionetas conta como a laranja mais doce chegou a Silves Cultura\",\"breadcrumb\":{\"@id\":\"https:\\\/\\\/algarve7.pt\\\/index.php\\\/2022\\\/02\\\/teatro-de-marionetas-conta-como-a-laranja-mais-doce-chegou-a-silves\\\/cultura\\\/11\\\/21\\\/#breadcrumb\"},\"inLanguage\":\"pt-PT\",\"potentialAction\":[{\"@type\":\"ReadAction\",\"target\":[\"https:\\\/\\\/algarve7.pt\\\/index.php\\\/2022\\\/02\\\/teatro-de-marionetas-conta-como-a-laranja-mais-doce-chegou-a-silves\\\/cultura\\\/11\\\/21\\\/\"]}]},{\"@type\":\"ImageObject\",\"inLanguage\":\"pt-PT\",\"@id\":\"https:\\\/\\\/algarve7.pt\\\/index.php\\\/2022\\\/02\\\/teatro-de-marionetas-conta-como-a-laranja-mais-doce-chegou-a-silves\\\/cultura\\\/11\\\/21\\\/#primaryimage\",\"url\":\"https:\\\/\\\/algarve7.pt\\\/wp-content\\\/uploads\\\/2022\\\/02\\\/Captura-de-ecra-2022-02-14-as-11.16.39.png\",\"contentUrl\":\"https:\\\/\\\/algarve7.pt\\\/wp-content\\\/uploads\\\/2022\\\/02\\\/Captura-de-ecra-2022-02-14-as-11.16.39.png\",\"width\":1920,\"height\":1712},{\"@type\":\"BreadcrumbList\",\"@id\":\"https:\\\/\\\/algarve7.pt\\\/index.php\\\/2022\\\/02\\\/teatro-de-marionetas-conta-como-a-laranja-mais-doce-chegou-a-silves\\\/cultura\\\/11\\\/21\\\/#breadcrumb\",\"itemListElement\":[{\"@type\":\"ListItem\",\"position\":1,\"name\":\"In\u00edcio\",\"item\":\"https:\\\/\\\/algarve7.pt\\\/\"},{\"@type\":\"ListItem\",\"position\":2,\"name\":\"Teatro de marionetas conta como a laranja mais doce chegou a Silves\"}]},{\"@type\":\"WebSite\",\"@id\":\"https:\\\/\\\/algarve7.pt\\\/#website\",\"url\":\"https:\\\/\\\/algarve7.pt\\\/\",\"name\":\"Algarve 7\",\"description\":\"Informa\u00e7\u00e3o sobre o Algarve\",\"publisher\":{\"@id\":\"https:\\\/\\\/algarve7.pt\\\/#organization\"},\"potentialAction\":[{\"@type\":\"SearchAction\",\"target\":{\"@type\":\"EntryPoint\",\"urlTemplate\":\"https:\\\/\\\/algarve7.pt\\\/?s={search_term_string}\"},\"query-input\":{\"@type\":\"PropertyValueSpecification\",\"valueRequired\":true,\"valueName\":\"search_term_string\"}}],\"inLanguage\":\"pt-PT\"},{\"@type\":\"Organization\",\"@id\":\"https:\\\/\\\/algarve7.pt\\\/#organization\",\"name\":\"Algarve 7\",\"url\":\"https:\\\/\\\/algarve7.pt\\\/\",\"logo\":{\"@type\":\"ImageObject\",\"inLanguage\":\"pt-PT\",\"@id\":\"https:\\\/\\\/algarve7.pt\\\/#\\\/schema\\\/logo\\\/image\\\/\",\"url\":\"https:\\\/\\\/algarve7.pt\\\/wp-content\\\/uploads\\\/2020\\\/10\\\/Logo-8.jpg\",\"contentUrl\":\"https:\\\/\\\/algarve7.pt\\\/wp-content\\\/uploads\\\/2020\\\/10\\\/Logo-8.jpg\",\"width\":1680,\"height\":1186,\"caption\":\"Algarve 7\"},\"image\":{\"@id\":\"https:\\\/\\\/algarve7.pt\\\/#\\\/schema\\\/logo\\\/image\\\/\"},\"sameAs\":[\"https:\\\/\\\/www.facebook.com\\\/algarve7\",\"https:\\\/\\\/x.com\\\/Algarvesete\",\"https:\\\/\\\/www.instagram.com\\\/jornalalgarve7\\\/\",\"https:\\\/\\\/www.linkedin.com\\\/company\\\/algarve7\",\"https:\\\/\\\/www.pinterest.pt\\\/geral0939\\\/_created\\\/\"]},{\"@type\":\"Person\",\"@id\":\"https:\\\/\\\/algarve7.pt\\\/#\\\/schema\\\/person\\\/23fa70681308e7b319a3204bcea45e0c\",\"name\":\"Algarve 7\",\"sameAs\":[\"https:\\\/\\\/algarve7.pt\",\"https:\\\/\\\/www.facebook.com\\\/algarve7\"],\"url\":\"https:\\\/\\\/algarve7.pt\\\/index.php\\\/author\\\/geralalgarve7-pt\\\/\"}]}<\/script>\n<!-- \/ Yoast SEO plugin. -->","yoast_head_json":{"title":"Teatro de marionetas conta como a laranja mais doce chegou a Silves - Algarve 7","description":"Teatro de marionetas conta como a laranja mais doce chegou a Silves Cultura","robots":{"index":"index","follow":"follow","max-snippet":"max-snippet:-1","max-image-preview":"max-image-preview:large","max-video-preview":"max-video-preview:-1"},"canonical":"https:\/\/algarve7.pt\/index.php\/2022\/02\/teatro-de-marionetas-conta-como-a-laranja-mais-doce-chegou-a-silves\/cultura\/11\/21\/","og_locale":"pt_PT","og_type":"article","og_title":"Teatro de marionetas conta como a laranja mais doce chegou a Silves - Algarve 7","og_description":"Teatro de marionetas conta como a laranja mais doce chegou a Silves Cultura","og_url":"https:\/\/algarve7.pt\/index.php\/2022\/02\/teatro-de-marionetas-conta-como-a-laranja-mais-doce-chegou-a-silves\/cultura\/11\/21\/","og_site_name":"Algarve 7","article_publisher":"https:\/\/www.facebook.com\/algarve7","article_author":"https:\/\/www.facebook.com\/algarve7","article_published_time":"2022-02-14T11:21:27+00:00","article_modified_time":"2022-02-14T11:21:30+00:00","og_image":[{"width":1920,"height":1712,"url":"https:\/\/algarve7.pt\/wp-content\/uploads\/2022\/02\/Captura-de-ecra-2022-02-14-as-11.16.39.png","type":"image\/png"}],"author":"Algarve 7","twitter_card":"summary_large_image","twitter_creator":"@Algarvesete","twitter_site":"@Algarvesete","twitter_misc":{"Escrito por":"Algarve 7","Tempo estimado de leitura":"4 minutos"},"schema":{"@context":"https:\/\/schema.org","@graph":[{"@type":"Article","@id":"https:\/\/algarve7.pt\/index.php\/2022\/02\/teatro-de-marionetas-conta-como-a-laranja-mais-doce-chegou-a-silves\/cultura\/11\/21\/#article","isPartOf":{"@id":"https:\/\/algarve7.pt\/index.php\/2022\/02\/teatro-de-marionetas-conta-como-a-laranja-mais-doce-chegou-a-silves\/cultura\/11\/21\/"},"author":{"name":"Algarve 7","@id":"https:\/\/algarve7.pt\/#\/schema\/person\/23fa70681308e7b319a3204bcea45e0c"},"headline":"Teatro de marionetas conta como a laranja mais doce chegou a Silves","datePublished":"2022-02-14T11:21:27+00:00","dateModified":"2022-02-14T11:21:30+00:00","mainEntityOfPage":{"@id":"https:\/\/algarve7.pt\/index.php\/2022\/02\/teatro-de-marionetas-conta-como-a-laranja-mais-doce-chegou-a-silves\/cultura\/11\/21\/"},"wordCount":688,"publisher":{"@id":"https:\/\/algarve7.pt\/#organization"},"image":{"@id":"https:\/\/algarve7.pt\/index.php\/2022\/02\/teatro-de-marionetas-conta-como-a-laranja-mais-doce-chegou-a-silves\/cultura\/11\/21\/#primaryimage"},"thumbnailUrl":"https:\/\/algarve7.pt\/wp-content\/uploads\/2022\/02\/Captura-de-ecra-2022-02-14-as-11.16.39.png","keywords":["Algarve","Cultura","Silves","Teatro"],"articleSection":["Cultura"],"inLanguage":"pt-PT"},{"@type":"WebPage","@id":"https:\/\/algarve7.pt\/index.php\/2022\/02\/teatro-de-marionetas-conta-como-a-laranja-mais-doce-chegou-a-silves\/cultura\/11\/21\/","url":"https:\/\/algarve7.pt\/index.php\/2022\/02\/teatro-de-marionetas-conta-como-a-laranja-mais-doce-chegou-a-silves\/cultura\/11\/21\/","name":"Teatro de marionetas conta como a laranja mais doce chegou a Silves - Algarve 7","isPartOf":{"@id":"https:\/\/algarve7.pt\/#website"},"primaryImageOfPage":{"@id":"https:\/\/algarve7.pt\/index.php\/2022\/02\/teatro-de-marionetas-conta-como-a-laranja-mais-doce-chegou-a-silves\/cultura\/11\/21\/#primaryimage"},"image":{"@id":"https:\/\/algarve7.pt\/index.php\/2022\/02\/teatro-de-marionetas-conta-como-a-laranja-mais-doce-chegou-a-silves\/cultura\/11\/21\/#primaryimage"},"thumbnailUrl":"https:\/\/algarve7.pt\/wp-content\/uploads\/2022\/02\/Captura-de-ecra-2022-02-14-as-11.16.39.png","datePublished":"2022-02-14T11:21:27+00:00","dateModified":"2022-02-14T11:21:30+00:00","description":"Teatro de marionetas conta como a laranja mais doce chegou a Silves Cultura","breadcrumb":{"@id":"https:\/\/algarve7.pt\/index.php\/2022\/02\/teatro-de-marionetas-conta-como-a-laranja-mais-doce-chegou-a-silves\/cultura\/11\/21\/#breadcrumb"},"inLanguage":"pt-PT","potentialAction":[{"@type":"ReadAction","target":["https:\/\/algarve7.pt\/index.php\/2022\/02\/teatro-de-marionetas-conta-como-a-laranja-mais-doce-chegou-a-silves\/cultura\/11\/21\/"]}]},{"@type":"ImageObject","inLanguage":"pt-PT","@id":"https:\/\/algarve7.pt\/index.php\/2022\/02\/teatro-de-marionetas-conta-como-a-laranja-mais-doce-chegou-a-silves\/cultura\/11\/21\/#primaryimage","url":"https:\/\/algarve7.pt\/wp-content\/uploads\/2022\/02\/Captura-de-ecra-2022-02-14-as-11.16.39.png","contentUrl":"https:\/\/algarve7.pt\/wp-content\/uploads\/2022\/02\/Captura-de-ecra-2022-02-14-as-11.16.39.png","width":1920,"height":1712},{"@type":"BreadcrumbList","@id":"https:\/\/algarve7.pt\/index.php\/2022\/02\/teatro-de-marionetas-conta-como-a-laranja-mais-doce-chegou-a-silves\/cultura\/11\/21\/#breadcrumb","itemListElement":[{"@type":"ListItem","position":1,"name":"In\u00edcio","item":"https:\/\/algarve7.pt\/"},{"@type":"ListItem","position":2,"name":"Teatro de marionetas conta como a laranja mais doce chegou a Silves"}]},{"@type":"WebSite","@id":"https:\/\/algarve7.pt\/#website","url":"https:\/\/algarve7.pt\/","name":"Algarve 7","description":"Informa\u00e7\u00e3o sobre o Algarve","publisher":{"@id":"https:\/\/algarve7.pt\/#organization"},"potentialAction":[{"@type":"SearchAction","target":{"@type":"EntryPoint","urlTemplate":"https:\/\/algarve7.pt\/?s={search_term_string}"},"query-input":{"@type":"PropertyValueSpecification","valueRequired":true,"valueName":"search_term_string"}}],"inLanguage":"pt-PT"},{"@type":"Organization","@id":"https:\/\/algarve7.pt\/#organization","name":"Algarve 7","url":"https:\/\/algarve7.pt\/","logo":{"@type":"ImageObject","inLanguage":"pt-PT","@id":"https:\/\/algarve7.pt\/#\/schema\/logo\/image\/","url":"https:\/\/algarve7.pt\/wp-content\/uploads\/2020\/10\/Logo-8.jpg","contentUrl":"https:\/\/algarve7.pt\/wp-content\/uploads\/2020\/10\/Logo-8.jpg","width":1680,"height":1186,"caption":"Algarve 7"},"image":{"@id":"https:\/\/algarve7.pt\/#\/schema\/logo\/image\/"},"sameAs":["https:\/\/www.facebook.com\/algarve7","https:\/\/x.com\/Algarvesete","https:\/\/www.instagram.com\/jornalalgarve7\/","https:\/\/www.linkedin.com\/company\/algarve7","https:\/\/www.pinterest.pt\/geral0939\/_created\/"]},{"@type":"Person","@id":"https:\/\/algarve7.pt\/#\/schema\/person\/23fa70681308e7b319a3204bcea45e0c","name":"Algarve 7","sameAs":["https:\/\/algarve7.pt","https:\/\/www.facebook.com\/algarve7"],"url":"https:\/\/algarve7.pt\/index.php\/author\/geralalgarve7-pt\/"}]}},"jetpack_publicize_connections":[],"jetpack_featured_media_url":"https:\/\/algarve7.pt\/wp-content\/uploads\/2022\/02\/Captura-de-ecra-2022-02-14-as-11.16.39.png","jetpack_shortlink":"https:\/\/wp.me\/pcezmW-40m","jetpack_sharing_enabled":true,"_links":{"self":[{"href":"https:\/\/algarve7.pt\/index.php\/wp-json\/wp\/v2\/posts\/15398","targetHints":{"allow":["GET"]}}],"collection":[{"href":"https:\/\/algarve7.pt\/index.php\/wp-json\/wp\/v2\/posts"}],"about":[{"href":"https:\/\/algarve7.pt\/index.php\/wp-json\/wp\/v2\/types\/post"}],"author":[{"embeddable":true,"href":"https:\/\/algarve7.pt\/index.php\/wp-json\/wp\/v2\/users\/1"}],"replies":[{"embeddable":true,"href":"https:\/\/algarve7.pt\/index.php\/wp-json\/wp\/v2\/comments?post=15398"}],"version-history":[{"count":0,"href":"https:\/\/algarve7.pt\/index.php\/wp-json\/wp\/v2\/posts\/15398\/revisions"}],"wp:featuredmedia":[{"embeddable":true,"href":"https:\/\/algarve7.pt\/index.php\/wp-json\/wp\/v2\/media\/15399"}],"wp:attachment":[{"href":"https:\/\/algarve7.pt\/index.php\/wp-json\/wp\/v2\/media?parent=15398"}],"wp:term":[{"taxonomy":"category","embeddable":true,"href":"https:\/\/algarve7.pt\/index.php\/wp-json\/wp\/v2\/categories?post=15398"},{"taxonomy":"post_tag","embeddable":true,"href":"https:\/\/algarve7.pt\/index.php\/wp-json\/wp\/v2\/tags?post=15398"}],"curies":[{"name":"wp","href":"https:\/\/api.w.org\/{rel}","templated":true}]}}