{"id":15316,"date":"2022-02-10T16:30:34","date_gmt":"2022-02-10T16:30:34","guid":{"rendered":"https:\/\/algarve7.pt\/?p=15316"},"modified":"2022-02-10T16:30:38","modified_gmt":"2022-02-10T16:30:38","slug":"conferencia-laranja-xxi-debate-citricultura-a-18-de-fevereiro-em-silves","status":"publish","type":"post","link":"https:\/\/algarve7.pt\/index.php\/2022\/02\/conferencia-laranja-xxi-debate-citricultura-a-18-de-fevereiro-em-silves\/atualidade\/16\/30\/","title":{"rendered":"Confer\u00eancia laranja XXI debate citricultura a 18 de fevereiro \u00a0em Silves"},"content":{"rendered":"\n<p>A 6.\u00aa Mostra Silves Capital da Laranja ser\u00e1 palco de mais uma edi\u00e7\u00e3o da Confer\u00eancia Laranja XXI, que ter\u00e1 lugar no audit\u00f3rio da FISSUL, no pr\u00f3ximo dia 18 de fevereiro, \u00e0s 14h30. Debater e refletir sobre os temas que atualmente preocupam os citricultores e colocam desafios a este sector s\u00e3o os principais objetivos desta a\u00e7\u00e3o.<\/p>\n\n\n\n<p>Presentes na sess\u00e3o de abertura ir\u00e3o estar a Presidente da C\u00e2mara Municipal de Silves, Rosa Palma; o Presidente da CCDR Algarve, Jos\u00e9 Apolin\u00e1rio; o Presidente da Regi\u00e3o Turismo do Algarve, Jo\u00e3o Fernandes; o Diretor da Faculdade de Ci\u00eancias e Tecnologia da Universidade do Algarve, Carlos Guerrero; o Diretor Regional de Agricultura e Pescas do Algarve, Pedro Valadas Monteiro; e o Diretor da ARHAlg, Pedro Coelho.<\/p>\n\n\n\n<p>Huanglongbing (HLB) e seus vetores. Import\u00e2ncia e controlo; Os inimigos da cultura dos citrinos: \u201cTrioza erytreae\u201d e HLB; A \u00e1gua e a agricultura no Algarve \u2013 Novos desafios: Plano Regional de Efici\u00eancia H\u00eddrica e Regadio 2030; \u00c1gua Subterr\u00e2nea e o Sector Agr\u00edcola no Algarve; A \u00e1gua na Agricultura \u2013 Situa\u00e7\u00e3o atual e desafios futuros e a apresenta\u00e7\u00e3o de um Caso pr\u00e1tico de uso eficiente de \u00e1gua em citrinos s\u00e3o os pain\u00e9is em debate por especialistas de diversas entidades como a Faculdade de Ci\u00eancias e Tecnologia da Universidade do Algarve, DRAP Algarve, ARH Alg e Frutas Tereso.<\/p>\n\n\n\n<p>A confer\u00eancia culmina com um Quiz RD + Debate sobre \u201cA agricultura na regi\u00e3o do Algarve (Plano de resili\u00eancia e recupera\u00e7\u00e3o), que reunir\u00e1 em torno deste tema Jos\u00e9 Apolin\u00e1rio (CCDR Algarve), Pedro Valadas Monteiro (DRAPAlg), Pedro Coelho (APA \u2013 ARHAlg) e Jos\u00e9 Oliveira (Algarorange).<\/p>\n\n\n\n<p>Relembre-se que destacar a citricultura que se faz no concelho de Silves, os seus produtores e os assuntos que interessam para a melhoria deste sector \u00e9 o grande objetivo da mostra \u201cSilves Capital da Laranja\u201d, que teve a sua primeira edi\u00e7\u00e3o em fevereiro de 2017.<\/p>\n","protected":false},"excerpt":{"rendered":"<p>A 6.\u00aa Mostra Silves Capital da Laranja ser\u00e1 palco de mais uma edi\u00e7\u00e3o da Confer\u00eancia Laranja XXI, que ter\u00e1 lugar<\/p>\n","protected":false},"author":1,"featured_media":15317,"comment_status":"closed","ping_status":"open","sticky":false,"template":"","format":"standard","meta":{"colormag_page_container_layout":"default_layout","colormag_page_sidebar_layout":"default_layout","_monsterinsights_skip_tracking":false,"_monsterinsights_sitenote_active":false,"_monsterinsights_sitenote_note":"","_monsterinsights_sitenote_category":0,"jetpack_post_was_ever_published":false,"_jetpack_newsletter_access":"","_jetpack_dont_email_post_to_subs":false,"_jetpack_newsletter_tier_id":0,"_jetpack_memberships_contains_paywalled_content":false,"_jetpack_memberships_contains_paid_content":false,"footnotes":"","jetpack_publicize_message":"","jetpack_publicize_feature_enabled":true,"jetpack_social_post_already_shared":true,"jetpack_social_options":{"image_generator_settings":{"template":"highway","default_image_id":0,"font":"","enabled":false},"version":2}},"categories":[11],"tags":[36,304,42],"class_list":["post-15316","post","type-post","status-publish","format-standard","has-post-thumbnail","hentry","category-atualidade","tag-algarve","tag-conferencia","tag-silves"],"yoast_head":"<!-- This site is optimized with the Yoast SEO plugin v27.5 - https:\/\/yoast.com\/product\/yoast-seo-wordpress\/ -->\n<title>Confer\u00eancia laranja XXI debate citricultura a 18 de fevereiro \u00a0em Silves - Algarve 7<\/title>\n<meta name=\"description\" content=\"Confer\u00eancia laranja XXI debate citricultura a 18 de fevereiro \u00a0em Silves Atualidade\" \/>\n<meta name=\"robots\" content=\"index, follow, max-snippet:-1, max-image-preview:large, max-video-preview:-1\" \/>\n<link rel=\"canonical\" href=\"https:\/\/algarve7.pt\/index.php\/2022\/02\/conferencia-laranja-xxi-debate-citricultura-a-18-de-fevereiro-em-silves\/atualidade\/16\/30\/\" \/>\n<meta property=\"og:locale\" content=\"pt_PT\" \/>\n<meta property=\"og:type\" content=\"article\" \/>\n<meta property=\"og:title\" content=\"Confer\u00eancia laranja XXI debate citricultura a 18 de fevereiro \u00a0em Silves - Algarve 7\" \/>\n<meta property=\"og:description\" content=\"Confer\u00eancia laranja XXI debate citricultura a 18 de fevereiro \u00a0em Silves Atualidade\" \/>\n<meta property=\"og:url\" content=\"https:\/\/algarve7.pt\/index.php\/2022\/02\/conferencia-laranja-xxi-debate-citricultura-a-18-de-fevereiro-em-silves\/atualidade\/16\/30\/\" \/>\n<meta property=\"og:site_name\" content=\"Algarve 7\" \/>\n<meta property=\"article:publisher\" content=\"https:\/\/www.facebook.com\/algarve7\" \/>\n<meta property=\"article:author\" content=\"https:\/\/www.facebook.com\/algarve7\" \/>\n<meta property=\"article:published_time\" content=\"2022-02-10T16:30:34+00:00\" \/>\n<meta property=\"article:modified_time\" content=\"2022-02-10T16:30:38+00:00\" \/>\n<meta property=\"og:image\" content=\"https:\/\/algarve7.pt\/wp-content\/uploads\/2022\/02\/LED-wall-conferencia-LXXI.jpg\" \/>\n\t<meta property=\"og:image:width\" content=\"1296\" \/>\n\t<meta property=\"og:image:height\" content=\"648\" \/>\n\t<meta property=\"og:image:type\" content=\"image\/jpeg\" \/>\n<meta name=\"author\" content=\"Algarve 7\" \/>\n<meta name=\"twitter:card\" content=\"summary_large_image\" \/>\n<meta name=\"twitter:creator\" content=\"@Algarvesete\" \/>\n<meta name=\"twitter:site\" content=\"@Algarvesete\" \/>\n<meta name=\"twitter:label1\" content=\"Escrito por\" \/>\n\t<meta name=\"twitter:data1\" content=\"Algarve 7\" \/>\n\t<meta name=\"twitter:label2\" content=\"Tempo estimado de leitura\" \/>\n\t<meta name=\"twitter:data2\" content=\"2 minutos\" \/>\n<script type=\"application\/ld+json\" class=\"yoast-schema-graph\">{\"@context\":\"https:\\\/\\\/schema.org\",\"@graph\":[{\"@type\":\"Article\",\"@id\":\"https:\\\/\\\/algarve7.pt\\\/index.php\\\/2022\\\/02\\\/conferencia-laranja-xxi-debate-citricultura-a-18-de-fevereiro-em-silves\\\/atualidade\\\/16\\\/30\\\/#article\",\"isPartOf\":{\"@id\":\"https:\\\/\\\/algarve7.pt\\\/index.php\\\/2022\\\/02\\\/conferencia-laranja-xxi-debate-citricultura-a-18-de-fevereiro-em-silves\\\/atualidade\\\/16\\\/30\\\/\"},\"author\":{\"name\":\"Algarve 7\",\"@id\":\"https:\\\/\\\/algarve7.pt\\\/#\\\/schema\\\/person\\\/23fa70681308e7b319a3204bcea45e0c\"},\"headline\":\"Confer\u00eancia laranja XXI debate citricultura a 18 de fevereiro \u00a0em Silves\",\"datePublished\":\"2022-02-10T16:30:34+00:00\",\"dateModified\":\"2022-02-10T16:30:38+00:00\",\"mainEntityOfPage\":{\"@id\":\"https:\\\/\\\/algarve7.pt\\\/index.php\\\/2022\\\/02\\\/conferencia-laranja-xxi-debate-citricultura-a-18-de-fevereiro-em-silves\\\/atualidade\\\/16\\\/30\\\/\"},\"wordCount\":337,\"publisher\":{\"@id\":\"https:\\\/\\\/algarve7.pt\\\/#organization\"},\"image\":{\"@id\":\"https:\\\/\\\/algarve7.pt\\\/index.php\\\/2022\\\/02\\\/conferencia-laranja-xxi-debate-citricultura-a-18-de-fevereiro-em-silves\\\/atualidade\\\/16\\\/30\\\/#primaryimage\"},\"thumbnailUrl\":\"https:\\\/\\\/algarve7.pt\\\/wp-content\\\/uploads\\\/2022\\\/02\\\/LED-wall-conferencia-LXXI.jpg\",\"keywords\":[\"Algarve\",\"Confer\u00eancia\",\"Silves\"],\"articleSection\":[\"Atualidade\"],\"inLanguage\":\"pt-PT\"},{\"@type\":\"WebPage\",\"@id\":\"https:\\\/\\\/algarve7.pt\\\/index.php\\\/2022\\\/02\\\/conferencia-laranja-xxi-debate-citricultura-a-18-de-fevereiro-em-silves\\\/atualidade\\\/16\\\/30\\\/\",\"url\":\"https:\\\/\\\/algarve7.pt\\\/index.php\\\/2022\\\/02\\\/conferencia-laranja-xxi-debate-citricultura-a-18-de-fevereiro-em-silves\\\/atualidade\\\/16\\\/30\\\/\",\"name\":\"Confer\u00eancia laranja XXI debate citricultura a 18 de fevereiro \u00a0em Silves - Algarve 7\",\"isPartOf\":{\"@id\":\"https:\\\/\\\/algarve7.pt\\\/#website\"},\"primaryImageOfPage\":{\"@id\":\"https:\\\/\\\/algarve7.pt\\\/index.php\\\/2022\\\/02\\\/conferencia-laranja-xxi-debate-citricultura-a-18-de-fevereiro-em-silves\\\/atualidade\\\/16\\\/30\\\/#primaryimage\"},\"image\":{\"@id\":\"https:\\\/\\\/algarve7.pt\\\/index.php\\\/2022\\\/02\\\/conferencia-laranja-xxi-debate-citricultura-a-18-de-fevereiro-em-silves\\\/atualidade\\\/16\\\/30\\\/#primaryimage\"},\"thumbnailUrl\":\"https:\\\/\\\/algarve7.pt\\\/wp-content\\\/uploads\\\/2022\\\/02\\\/LED-wall-conferencia-LXXI.jpg\",\"datePublished\":\"2022-02-10T16:30:34+00:00\",\"dateModified\":\"2022-02-10T16:30:38+00:00\",\"description\":\"Confer\u00eancia laranja XXI debate citricultura a 18 de fevereiro \u00a0em Silves Atualidade\",\"breadcrumb\":{\"@id\":\"https:\\\/\\\/algarve7.pt\\\/index.php\\\/2022\\\/02\\\/conferencia-laranja-xxi-debate-citricultura-a-18-de-fevereiro-em-silves\\\/atualidade\\\/16\\\/30\\\/#breadcrumb\"},\"inLanguage\":\"pt-PT\",\"potentialAction\":[{\"@type\":\"ReadAction\",\"target\":[\"https:\\\/\\\/algarve7.pt\\\/index.php\\\/2022\\\/02\\\/conferencia-laranja-xxi-debate-citricultura-a-18-de-fevereiro-em-silves\\\/atualidade\\\/16\\\/30\\\/\"]}]},{\"@type\":\"ImageObject\",\"inLanguage\":\"pt-PT\",\"@id\":\"https:\\\/\\\/algarve7.pt\\\/index.php\\\/2022\\\/02\\\/conferencia-laranja-xxi-debate-citricultura-a-18-de-fevereiro-em-silves\\\/atualidade\\\/16\\\/30\\\/#primaryimage\",\"url\":\"https:\\\/\\\/algarve7.pt\\\/wp-content\\\/uploads\\\/2022\\\/02\\\/LED-wall-conferencia-LXXI.jpg\",\"contentUrl\":\"https:\\\/\\\/algarve7.pt\\\/wp-content\\\/uploads\\\/2022\\\/02\\\/LED-wall-conferencia-LXXI.jpg\",\"width\":1296,\"height\":648},{\"@type\":\"BreadcrumbList\",\"@id\":\"https:\\\/\\\/algarve7.pt\\\/index.php\\\/2022\\\/02\\\/conferencia-laranja-xxi-debate-citricultura-a-18-de-fevereiro-em-silves\\\/atualidade\\\/16\\\/30\\\/#breadcrumb\",\"itemListElement\":[{\"@type\":\"ListItem\",\"position\":1,\"name\":\"In\u00edcio\",\"item\":\"https:\\\/\\\/algarve7.pt\\\/\"},{\"@type\":\"ListItem\",\"position\":2,\"name\":\"Confer\u00eancia laranja XXI debate citricultura a 18 de fevereiro \u00a0em Silves\"}]},{\"@type\":\"WebSite\",\"@id\":\"https:\\\/\\\/algarve7.pt\\\/#website\",\"url\":\"https:\\\/\\\/algarve7.pt\\\/\",\"name\":\"Algarve 7\",\"description\":\"Informa\u00e7\u00e3o sobre o Algarve\",\"publisher\":{\"@id\":\"https:\\\/\\\/algarve7.pt\\\/#organization\"},\"potentialAction\":[{\"@type\":\"SearchAction\",\"target\":{\"@type\":\"EntryPoint\",\"urlTemplate\":\"https:\\\/\\\/algarve7.pt\\\/?s={search_term_string}\"},\"query-input\":{\"@type\":\"PropertyValueSpecification\",\"valueRequired\":true,\"valueName\":\"search_term_string\"}}],\"inLanguage\":\"pt-PT\"},{\"@type\":\"Organization\",\"@id\":\"https:\\\/\\\/algarve7.pt\\\/#organization\",\"name\":\"Algarve 7\",\"url\":\"https:\\\/\\\/algarve7.pt\\\/\",\"logo\":{\"@type\":\"ImageObject\",\"inLanguage\":\"pt-PT\",\"@id\":\"https:\\\/\\\/algarve7.pt\\\/#\\\/schema\\\/logo\\\/image\\\/\",\"url\":\"https:\\\/\\\/algarve7.pt\\\/wp-content\\\/uploads\\\/2020\\\/10\\\/Logo-8.jpg\",\"contentUrl\":\"https:\\\/\\\/algarve7.pt\\\/wp-content\\\/uploads\\\/2020\\\/10\\\/Logo-8.jpg\",\"width\":1680,\"height\":1186,\"caption\":\"Algarve 7\"},\"image\":{\"@id\":\"https:\\\/\\\/algarve7.pt\\\/#\\\/schema\\\/logo\\\/image\\\/\"},\"sameAs\":[\"https:\\\/\\\/www.facebook.com\\\/algarve7\",\"https:\\\/\\\/x.com\\\/Algarvesete\",\"https:\\\/\\\/www.instagram.com\\\/jornalalgarve7\\\/\",\"https:\\\/\\\/www.linkedin.com\\\/company\\\/algarve7\",\"https:\\\/\\\/www.pinterest.pt\\\/geral0939\\\/_created\\\/\"]},{\"@type\":\"Person\",\"@id\":\"https:\\\/\\\/algarve7.pt\\\/#\\\/schema\\\/person\\\/23fa70681308e7b319a3204bcea45e0c\",\"name\":\"Algarve 7\",\"sameAs\":[\"https:\\\/\\\/algarve7.pt\",\"https:\\\/\\\/www.facebook.com\\\/algarve7\"],\"url\":\"https:\\\/\\\/algarve7.pt\\\/index.php\\\/author\\\/geralalgarve7-pt\\\/\"}]}<\/script>\n<!-- \/ Yoast SEO plugin. -->","yoast_head_json":{"title":"Confer\u00eancia laranja XXI debate citricultura a 18 de fevereiro \u00a0em Silves - Algarve 7","description":"Confer\u00eancia laranja XXI debate citricultura a 18 de fevereiro \u00a0em Silves Atualidade","robots":{"index":"index","follow":"follow","max-snippet":"max-snippet:-1","max-image-preview":"max-image-preview:large","max-video-preview":"max-video-preview:-1"},"canonical":"https:\/\/algarve7.pt\/index.php\/2022\/02\/conferencia-laranja-xxi-debate-citricultura-a-18-de-fevereiro-em-silves\/atualidade\/16\/30\/","og_locale":"pt_PT","og_type":"article","og_title":"Confer\u00eancia laranja XXI debate citricultura a 18 de fevereiro \u00a0em Silves - Algarve 7","og_description":"Confer\u00eancia laranja XXI debate citricultura a 18 de fevereiro \u00a0em Silves Atualidade","og_url":"https:\/\/algarve7.pt\/index.php\/2022\/02\/conferencia-laranja-xxi-debate-citricultura-a-18-de-fevereiro-em-silves\/atualidade\/16\/30\/","og_site_name":"Algarve 7","article_publisher":"https:\/\/www.facebook.com\/algarve7","article_author":"https:\/\/www.facebook.com\/algarve7","article_published_time":"2022-02-10T16:30:34+00:00","article_modified_time":"2022-02-10T16:30:38+00:00","og_image":[{"width":1296,"height":648,"url":"https:\/\/algarve7.pt\/wp-content\/uploads\/2022\/02\/LED-wall-conferencia-LXXI.jpg","type":"image\/jpeg"}],"author":"Algarve 7","twitter_card":"summary_large_image","twitter_creator":"@Algarvesete","twitter_site":"@Algarvesete","twitter_misc":{"Escrito por":"Algarve 7","Tempo estimado de leitura":"2 minutos"},"schema":{"@context":"https:\/\/schema.org","@graph":[{"@type":"Article","@id":"https:\/\/algarve7.pt\/index.php\/2022\/02\/conferencia-laranja-xxi-debate-citricultura-a-18-de-fevereiro-em-silves\/atualidade\/16\/30\/#article","isPartOf":{"@id":"https:\/\/algarve7.pt\/index.php\/2022\/02\/conferencia-laranja-xxi-debate-citricultura-a-18-de-fevereiro-em-silves\/atualidade\/16\/30\/"},"author":{"name":"Algarve 7","@id":"https:\/\/algarve7.pt\/#\/schema\/person\/23fa70681308e7b319a3204bcea45e0c"},"headline":"Confer\u00eancia laranja XXI debate citricultura a 18 de fevereiro \u00a0em Silves","datePublished":"2022-02-10T16:30:34+00:00","dateModified":"2022-02-10T16:30:38+00:00","mainEntityOfPage":{"@id":"https:\/\/algarve7.pt\/index.php\/2022\/02\/conferencia-laranja-xxi-debate-citricultura-a-18-de-fevereiro-em-silves\/atualidade\/16\/30\/"},"wordCount":337,"publisher":{"@id":"https:\/\/algarve7.pt\/#organization"},"image":{"@id":"https:\/\/algarve7.pt\/index.php\/2022\/02\/conferencia-laranja-xxi-debate-citricultura-a-18-de-fevereiro-em-silves\/atualidade\/16\/30\/#primaryimage"},"thumbnailUrl":"https:\/\/algarve7.pt\/wp-content\/uploads\/2022\/02\/LED-wall-conferencia-LXXI.jpg","keywords":["Algarve","Confer\u00eancia","Silves"],"articleSection":["Atualidade"],"inLanguage":"pt-PT"},{"@type":"WebPage","@id":"https:\/\/algarve7.pt\/index.php\/2022\/02\/conferencia-laranja-xxi-debate-citricultura-a-18-de-fevereiro-em-silves\/atualidade\/16\/30\/","url":"https:\/\/algarve7.pt\/index.php\/2022\/02\/conferencia-laranja-xxi-debate-citricultura-a-18-de-fevereiro-em-silves\/atualidade\/16\/30\/","name":"Confer\u00eancia laranja XXI debate citricultura a 18 de fevereiro \u00a0em Silves - Algarve 7","isPartOf":{"@id":"https:\/\/algarve7.pt\/#website"},"primaryImageOfPage":{"@id":"https:\/\/algarve7.pt\/index.php\/2022\/02\/conferencia-laranja-xxi-debate-citricultura-a-18-de-fevereiro-em-silves\/atualidade\/16\/30\/#primaryimage"},"image":{"@id":"https:\/\/algarve7.pt\/index.php\/2022\/02\/conferencia-laranja-xxi-debate-citricultura-a-18-de-fevereiro-em-silves\/atualidade\/16\/30\/#primaryimage"},"thumbnailUrl":"https:\/\/algarve7.pt\/wp-content\/uploads\/2022\/02\/LED-wall-conferencia-LXXI.jpg","datePublished":"2022-02-10T16:30:34+00:00","dateModified":"2022-02-10T16:30:38+00:00","description":"Confer\u00eancia laranja XXI debate citricultura a 18 de fevereiro \u00a0em Silves Atualidade","breadcrumb":{"@id":"https:\/\/algarve7.pt\/index.php\/2022\/02\/conferencia-laranja-xxi-debate-citricultura-a-18-de-fevereiro-em-silves\/atualidade\/16\/30\/#breadcrumb"},"inLanguage":"pt-PT","potentialAction":[{"@type":"ReadAction","target":["https:\/\/algarve7.pt\/index.php\/2022\/02\/conferencia-laranja-xxi-debate-citricultura-a-18-de-fevereiro-em-silves\/atualidade\/16\/30\/"]}]},{"@type":"ImageObject","inLanguage":"pt-PT","@id":"https:\/\/algarve7.pt\/index.php\/2022\/02\/conferencia-laranja-xxi-debate-citricultura-a-18-de-fevereiro-em-silves\/atualidade\/16\/30\/#primaryimage","url":"https:\/\/algarve7.pt\/wp-content\/uploads\/2022\/02\/LED-wall-conferencia-LXXI.jpg","contentUrl":"https:\/\/algarve7.pt\/wp-content\/uploads\/2022\/02\/LED-wall-conferencia-LXXI.jpg","width":1296,"height":648},{"@type":"BreadcrumbList","@id":"https:\/\/algarve7.pt\/index.php\/2022\/02\/conferencia-laranja-xxi-debate-citricultura-a-18-de-fevereiro-em-silves\/atualidade\/16\/30\/#breadcrumb","itemListElement":[{"@type":"ListItem","position":1,"name":"In\u00edcio","item":"https:\/\/algarve7.pt\/"},{"@type":"ListItem","position":2,"name":"Confer\u00eancia laranja XXI debate citricultura a 18 de fevereiro \u00a0em Silves"}]},{"@type":"WebSite","@id":"https:\/\/algarve7.pt\/#website","url":"https:\/\/algarve7.pt\/","name":"Algarve 7","description":"Informa\u00e7\u00e3o sobre o Algarve","publisher":{"@id":"https:\/\/algarve7.pt\/#organization"},"potentialAction":[{"@type":"SearchAction","target":{"@type":"EntryPoint","urlTemplate":"https:\/\/algarve7.pt\/?s={search_term_string}"},"query-input":{"@type":"PropertyValueSpecification","valueRequired":true,"valueName":"search_term_string"}}],"inLanguage":"pt-PT"},{"@type":"Organization","@id":"https:\/\/algarve7.pt\/#organization","name":"Algarve 7","url":"https:\/\/algarve7.pt\/","logo":{"@type":"ImageObject","inLanguage":"pt-PT","@id":"https:\/\/algarve7.pt\/#\/schema\/logo\/image\/","url":"https:\/\/algarve7.pt\/wp-content\/uploads\/2020\/10\/Logo-8.jpg","contentUrl":"https:\/\/algarve7.pt\/wp-content\/uploads\/2020\/10\/Logo-8.jpg","width":1680,"height":1186,"caption":"Algarve 7"},"image":{"@id":"https:\/\/algarve7.pt\/#\/schema\/logo\/image\/"},"sameAs":["https:\/\/www.facebook.com\/algarve7","https:\/\/x.com\/Algarvesete","https:\/\/www.instagram.com\/jornalalgarve7\/","https:\/\/www.linkedin.com\/company\/algarve7","https:\/\/www.pinterest.pt\/geral0939\/_created\/"]},{"@type":"Person","@id":"https:\/\/algarve7.pt\/#\/schema\/person\/23fa70681308e7b319a3204bcea45e0c","name":"Algarve 7","sameAs":["https:\/\/algarve7.pt","https:\/\/www.facebook.com\/algarve7"],"url":"https:\/\/algarve7.pt\/index.php\/author\/geralalgarve7-pt\/"}]}},"jetpack_publicize_connections":[],"jetpack_featured_media_url":"https:\/\/algarve7.pt\/wp-content\/uploads\/2022\/02\/LED-wall-conferencia-LXXI.jpg","jetpack_shortlink":"https:\/\/wp.me\/pcezmW-3Z2","jetpack_sharing_enabled":true,"_links":{"self":[{"href":"https:\/\/algarve7.pt\/index.php\/wp-json\/wp\/v2\/posts\/15316","targetHints":{"allow":["GET"]}}],"collection":[{"href":"https:\/\/algarve7.pt\/index.php\/wp-json\/wp\/v2\/posts"}],"about":[{"href":"https:\/\/algarve7.pt\/index.php\/wp-json\/wp\/v2\/types\/post"}],"author":[{"embeddable":true,"href":"https:\/\/algarve7.pt\/index.php\/wp-json\/wp\/v2\/users\/1"}],"replies":[{"embeddable":true,"href":"https:\/\/algarve7.pt\/index.php\/wp-json\/wp\/v2\/comments?post=15316"}],"version-history":[{"count":0,"href":"https:\/\/algarve7.pt\/index.php\/wp-json\/wp\/v2\/posts\/15316\/revisions"}],"wp:featuredmedia":[{"embeddable":true,"href":"https:\/\/algarve7.pt\/index.php\/wp-json\/wp\/v2\/media\/15317"}],"wp:attachment":[{"href":"https:\/\/algarve7.pt\/index.php\/wp-json\/wp\/v2\/media?parent=15316"}],"wp:term":[{"taxonomy":"category","embeddable":true,"href":"https:\/\/algarve7.pt\/index.php\/wp-json\/wp\/v2\/categories?post=15316"},{"taxonomy":"post_tag","embeddable":true,"href":"https:\/\/algarve7.pt\/index.php\/wp-json\/wp\/v2\/tags?post=15316"}],"curies":[{"name":"wp","href":"https:\/\/api.w.org\/{rel}","templated":true}]}}