{"id":15313,"date":"2022-02-10T11:59:00","date_gmt":"2022-02-10T11:59:00","guid":{"rendered":"https:\/\/algarve7.pt\/?p=15313"},"modified":"2022-02-10T08:00:25","modified_gmt":"2022-02-10T08:00:25","slug":"novo-protocolo-de-cooperacao-transfronteirica-da-eurorregiao-alentejo-algarve-andaluzia","status":"publish","type":"post","link":"https:\/\/algarve7.pt\/index.php\/2022\/02\/novo-protocolo-de-cooperacao-transfronteirica-da-eurorregiao-alentejo-algarve-andaluzia\/atualidade\/11\/59\/","title":{"rendered":"Novo protocolo de coopera\u00e7\u00e3o Transfronteiri\u00e7a da Eurorregi\u00e3o Alentejo \u2013 Algarve \u2013 Andaluzia"},"content":{"rendered":"\n<p>A Secret\u00e1ria de Estado da Valoriza\u00e7\u00e3o do Interior, atrav\u00e9s do Despacho n.\u00ba 1548\/2022 ontem publicado no Di\u00e1rio da Rep\u00fablica, validou os termos do protocolo de Coopera\u00e7\u00e3o Transfronteiri\u00e7a da Comunidade de Trabalho \u00abEurorregi\u00e3o Alentejo-Algarve-Andaluzia\u00bb (EuroAAA), propostos pelas Comiss\u00f5es de Coordena\u00e7\u00e3o e Desenvolvimento Regional (CCDR) das Regi\u00f5es do Algarve e do Alentejo e a Junta da Andaluzia<strong>.<\/strong><\/p>\n\n\n\n<p>O novo protocolo de Coopera\u00e7\u00e3o Transfronteiri\u00e7a, que substituir\u00e1 os j\u00e1 extintos Acordos de Coopera\u00e7\u00e3o Transfronteiri\u00e7a Algarve-Andaluzia e Alentejo-Andaluzia, prevendo que a comunidade de trabalho EuroAAA tenha os seguintes objetivos:<\/p>\n\n\n\n<p>1) Promover o conhecimento e a aproxima\u00e7\u00e3o entre as popula\u00e7\u00f5es das tr\u00eas regi\u00f5es, estabelecendo canais e mecanismos est\u00e1veis nesse sentido;<\/p>\n\n\n\n<p>2) Promover e coordenar iniciativas, projetos e propostas de a\u00e7\u00e3o para a coopera\u00e7\u00e3o, integra\u00e7\u00e3o e interc\u00e2mbio entre as tr\u00eas entidades;<\/p>\n\n\n\n<p>3) Promover o di\u00e1logo e a coopera\u00e7\u00e3o entre entidades p\u00fablicas e privadas das tr\u00eas regi\u00f5es, a fim de contribuir para a integra\u00e7\u00e3o econ\u00f3mica e social, a cria\u00e7\u00e3o de vantagens competitivas comuns e o desenvolvimento dos respetivos territ\u00f3rios fronteiri\u00e7os;<\/p>\n\n\n\n<p>4) Contribuir para refor\u00e7ar a competitividade internacional da EuroAAA, criando um espa\u00e7o de crescimento na fachada sul do Atl\u00e2ntico, baseado na especializa\u00e7\u00e3o inteligente e na digitaliza\u00e7\u00e3o;<\/p>\n\n\n\n<p>5) Promover, no \u00e2mbito do Pacto Verde Europeu, um desenvolvimento sustent\u00e1vel e equilibrado do territ\u00f3rio da EuroAAA que promova uma economia limpa, proteja o nosso habitat natural e promova a luta contra as altera\u00e7\u00f5es clim\u00e1ticas no espa\u00e7o que o constitui;<\/p>\n\n\n\n<p>6) Coordenar e promover projetos, programas e propostas conjuntos que possam beneficiar do cofinanciamento da Uni\u00e3o Europeia, nomeadamente atrav\u00e9s de programas de coopera\u00e7\u00e3o transfronteiri\u00e7a;<\/p>\n\n\n\n<p>7) Executar as tarefas previstas para as comunidades de trabalho no \u00e2mbito dos instrumentos aceites pelos Estados Espanhol e Portugu\u00eas.<\/p>\n\n\n\n<p>Conhe\u00e7a o despacho na \u00edntegra\u00a0<a href=\"https:\/\/files.dre.pt\/2s\/2022\/02\/027000000\/0014000148.pdf\" target=\"_blank\" rel=\"noreferrer noopener\">AQUI.<\/a><\/p>\n","protected":false},"excerpt":{"rendered":"<p>A Secret\u00e1ria de Estado da Valoriza\u00e7\u00e3o do Interior, atrav\u00e9s do Despacho n.\u00ba 1548\/2022 ontem publicado no Di\u00e1rio da Rep\u00fablica, validou<\/p>\n","protected":false},"author":1,"featured_media":15314,"comment_status":"closed","ping_status":"open","sticky":false,"template":"","format":"standard","meta":{"colormag_page_container_layout":"default_layout","colormag_page_sidebar_layout":"default_layout","_monsterinsights_skip_tracking":false,"_monsterinsights_sitenote_active":false,"_monsterinsights_sitenote_note":"","_monsterinsights_sitenote_category":0,"jetpack_post_was_ever_published":false,"_jetpack_newsletter_access":"","_jetpack_dont_email_post_to_subs":false,"_jetpack_newsletter_tier_id":0,"_jetpack_memberships_contains_paywalled_content":false,"_jetpack_memberships_contains_paid_content":false,"footnotes":"","jetpack_publicize_message":"","jetpack_publicize_feature_enabled":true,"jetpack_social_post_already_shared":true,"jetpack_social_options":{"image_generator_settings":{"template":"highway","default_image_id":0,"font":"","enabled":false},"version":2}},"categories":[11],"tags":[36,143,581],"class_list":["post-15313","post","type-post","status-publish","format-standard","has-post-thumbnail","hentry","category-atualidade","tag-algarve","tag-ccdr-algarve","tag-eurorregiao"],"yoast_head":"<!-- This site is optimized with the Yoast SEO plugin v27.5 - https:\/\/yoast.com\/product\/yoast-seo-wordpress\/ -->\n<title>Novo protocolo de coopera\u00e7\u00e3o Transfronteiri\u00e7a da Eurorregi\u00e3o Alentejo \u2013 Algarve \u2013 Andaluzia - Algarve 7<\/title>\n<meta name=\"description\" content=\"Novo protocolo de coopera\u00e7\u00e3o Transfronteiri\u00e7a da Eurorregi\u00e3o Alentejo \u2013 Algarve \u2013 Andaluzia Atualidade\" \/>\n<meta name=\"robots\" content=\"index, follow, max-snippet:-1, max-image-preview:large, max-video-preview:-1\" \/>\n<link rel=\"canonical\" href=\"https:\/\/algarve7.pt\/index.php\/2022\/02\/novo-protocolo-de-cooperacao-transfronteirica-da-eurorregiao-alentejo-algarve-andaluzia\/atualidade\/11\/59\/\" \/>\n<meta property=\"og:locale\" content=\"pt_PT\" \/>\n<meta property=\"og:type\" content=\"article\" \/>\n<meta property=\"og:title\" content=\"Novo protocolo de coopera\u00e7\u00e3o Transfronteiri\u00e7a da Eurorregi\u00e3o Alentejo \u2013 Algarve \u2013 Andaluzia - Algarve 7\" \/>\n<meta property=\"og:description\" content=\"Novo protocolo de coopera\u00e7\u00e3o Transfronteiri\u00e7a da Eurorregi\u00e3o Alentejo \u2013 Algarve \u2013 Andaluzia Atualidade\" \/>\n<meta property=\"og:url\" content=\"https:\/\/algarve7.pt\/index.php\/2022\/02\/novo-protocolo-de-cooperacao-transfronteirica-da-eurorregiao-alentejo-algarve-andaluzia\/atualidade\/11\/59\/\" \/>\n<meta property=\"og:site_name\" content=\"Algarve 7\" \/>\n<meta property=\"article:publisher\" content=\"https:\/\/www.facebook.com\/algarve7\" \/>\n<meta property=\"article:author\" content=\"https:\/\/www.facebook.com\/algarve7\" \/>\n<meta property=\"article:published_time\" content=\"2022-02-10T11:59:00+00:00\" \/>\n<meta property=\"og:image\" content=\"https:\/\/algarve7.pt\/wp-content\/uploads\/2022\/02\/img216947221EuroAAAlogo.jpg\" \/>\n\t<meta property=\"og:image:width\" content=\"884\" \/>\n\t<meta property=\"og:image:height\" content=\"544\" \/>\n\t<meta property=\"og:image:type\" content=\"image\/jpeg\" \/>\n<meta name=\"author\" content=\"Algarve 7\" \/>\n<meta name=\"twitter:card\" content=\"summary_large_image\" \/>\n<meta name=\"twitter:creator\" content=\"@Algarvesete\" \/>\n<meta name=\"twitter:site\" content=\"@Algarvesete\" \/>\n<meta name=\"twitter:label1\" content=\"Escrito por\" \/>\n\t<meta name=\"twitter:data1\" content=\"Algarve 7\" \/>\n\t<meta name=\"twitter:label2\" content=\"Tempo estimado de leitura\" \/>\n\t<meta name=\"twitter:data2\" content=\"2 minutos\" \/>\n<script type=\"application\/ld+json\" class=\"yoast-schema-graph\">{\"@context\":\"https:\\\/\\\/schema.org\",\"@graph\":[{\"@type\":\"Article\",\"@id\":\"https:\\\/\\\/algarve7.pt\\\/index.php\\\/2022\\\/02\\\/novo-protocolo-de-cooperacao-transfronteirica-da-eurorregiao-alentejo-algarve-andaluzia\\\/atualidade\\\/11\\\/59\\\/#article\",\"isPartOf\":{\"@id\":\"https:\\\/\\\/algarve7.pt\\\/index.php\\\/2022\\\/02\\\/novo-protocolo-de-cooperacao-transfronteirica-da-eurorregiao-alentejo-algarve-andaluzia\\\/atualidade\\\/11\\\/59\\\/\"},\"author\":{\"name\":\"Algarve 7\",\"@id\":\"https:\\\/\\\/algarve7.pt\\\/#\\\/schema\\\/person\\\/23fa70681308e7b319a3204bcea45e0c\"},\"headline\":\"Novo protocolo de coopera\u00e7\u00e3o Transfronteiri\u00e7a da Eurorregi\u00e3o Alentejo \u2013 Algarve \u2013 Andaluzia\",\"datePublished\":\"2022-02-10T11:59:00+00:00\",\"mainEntityOfPage\":{\"@id\":\"https:\\\/\\\/algarve7.pt\\\/index.php\\\/2022\\\/02\\\/novo-protocolo-de-cooperacao-transfronteirica-da-eurorregiao-alentejo-algarve-andaluzia\\\/atualidade\\\/11\\\/59\\\/\"},\"wordCount\":334,\"publisher\":{\"@id\":\"https:\\\/\\\/algarve7.pt\\\/#organization\"},\"image\":{\"@id\":\"https:\\\/\\\/algarve7.pt\\\/index.php\\\/2022\\\/02\\\/novo-protocolo-de-cooperacao-transfronteirica-da-eurorregiao-alentejo-algarve-andaluzia\\\/atualidade\\\/11\\\/59\\\/#primaryimage\"},\"thumbnailUrl\":\"https:\\\/\\\/algarve7.pt\\\/wp-content\\\/uploads\\\/2022\\\/02\\\/img216947221EuroAAAlogo.jpg\",\"keywords\":[\"Algarve\",\"CCDR Algarve\",\"Eurorregi\u00e3o\"],\"articleSection\":[\"Atualidade\"],\"inLanguage\":\"pt-PT\"},{\"@type\":\"WebPage\",\"@id\":\"https:\\\/\\\/algarve7.pt\\\/index.php\\\/2022\\\/02\\\/novo-protocolo-de-cooperacao-transfronteirica-da-eurorregiao-alentejo-algarve-andaluzia\\\/atualidade\\\/11\\\/59\\\/\",\"url\":\"https:\\\/\\\/algarve7.pt\\\/index.php\\\/2022\\\/02\\\/novo-protocolo-de-cooperacao-transfronteirica-da-eurorregiao-alentejo-algarve-andaluzia\\\/atualidade\\\/11\\\/59\\\/\",\"name\":\"Novo protocolo de coopera\u00e7\u00e3o Transfronteiri\u00e7a da Eurorregi\u00e3o Alentejo \u2013 Algarve \u2013 Andaluzia - Algarve 7\",\"isPartOf\":{\"@id\":\"https:\\\/\\\/algarve7.pt\\\/#website\"},\"primaryImageOfPage\":{\"@id\":\"https:\\\/\\\/algarve7.pt\\\/index.php\\\/2022\\\/02\\\/novo-protocolo-de-cooperacao-transfronteirica-da-eurorregiao-alentejo-algarve-andaluzia\\\/atualidade\\\/11\\\/59\\\/#primaryimage\"},\"image\":{\"@id\":\"https:\\\/\\\/algarve7.pt\\\/index.php\\\/2022\\\/02\\\/novo-protocolo-de-cooperacao-transfronteirica-da-eurorregiao-alentejo-algarve-andaluzia\\\/atualidade\\\/11\\\/59\\\/#primaryimage\"},\"thumbnailUrl\":\"https:\\\/\\\/algarve7.pt\\\/wp-content\\\/uploads\\\/2022\\\/02\\\/img216947221EuroAAAlogo.jpg\",\"datePublished\":\"2022-02-10T11:59:00+00:00\",\"description\":\"Novo protocolo de coopera\u00e7\u00e3o Transfronteiri\u00e7a da Eurorregi\u00e3o Alentejo \u2013 Algarve \u2013 Andaluzia Atualidade\",\"breadcrumb\":{\"@id\":\"https:\\\/\\\/algarve7.pt\\\/index.php\\\/2022\\\/02\\\/novo-protocolo-de-cooperacao-transfronteirica-da-eurorregiao-alentejo-algarve-andaluzia\\\/atualidade\\\/11\\\/59\\\/#breadcrumb\"},\"inLanguage\":\"pt-PT\",\"potentialAction\":[{\"@type\":\"ReadAction\",\"target\":[\"https:\\\/\\\/algarve7.pt\\\/index.php\\\/2022\\\/02\\\/novo-protocolo-de-cooperacao-transfronteirica-da-eurorregiao-alentejo-algarve-andaluzia\\\/atualidade\\\/11\\\/59\\\/\"]}]},{\"@type\":\"ImageObject\",\"inLanguage\":\"pt-PT\",\"@id\":\"https:\\\/\\\/algarve7.pt\\\/index.php\\\/2022\\\/02\\\/novo-protocolo-de-cooperacao-transfronteirica-da-eurorregiao-alentejo-algarve-andaluzia\\\/atualidade\\\/11\\\/59\\\/#primaryimage\",\"url\":\"https:\\\/\\\/algarve7.pt\\\/wp-content\\\/uploads\\\/2022\\\/02\\\/img216947221EuroAAAlogo.jpg\",\"contentUrl\":\"https:\\\/\\\/algarve7.pt\\\/wp-content\\\/uploads\\\/2022\\\/02\\\/img216947221EuroAAAlogo.jpg\",\"width\":884,\"height\":544},{\"@type\":\"BreadcrumbList\",\"@id\":\"https:\\\/\\\/algarve7.pt\\\/index.php\\\/2022\\\/02\\\/novo-protocolo-de-cooperacao-transfronteirica-da-eurorregiao-alentejo-algarve-andaluzia\\\/atualidade\\\/11\\\/59\\\/#breadcrumb\",\"itemListElement\":[{\"@type\":\"ListItem\",\"position\":1,\"name\":\"In\u00edcio\",\"item\":\"https:\\\/\\\/algarve7.pt\\\/\"},{\"@type\":\"ListItem\",\"position\":2,\"name\":\"Novo protocolo de coopera\u00e7\u00e3o Transfronteiri\u00e7a da Eurorregi\u00e3o Alentejo \u2013 Algarve \u2013 Andaluzia\"}]},{\"@type\":\"WebSite\",\"@id\":\"https:\\\/\\\/algarve7.pt\\\/#website\",\"url\":\"https:\\\/\\\/algarve7.pt\\\/\",\"name\":\"Algarve 7\",\"description\":\"Informa\u00e7\u00e3o sobre o Algarve\",\"publisher\":{\"@id\":\"https:\\\/\\\/algarve7.pt\\\/#organization\"},\"potentialAction\":[{\"@type\":\"SearchAction\",\"target\":{\"@type\":\"EntryPoint\",\"urlTemplate\":\"https:\\\/\\\/algarve7.pt\\\/?s={search_term_string}\"},\"query-input\":{\"@type\":\"PropertyValueSpecification\",\"valueRequired\":true,\"valueName\":\"search_term_string\"}}],\"inLanguage\":\"pt-PT\"},{\"@type\":\"Organization\",\"@id\":\"https:\\\/\\\/algarve7.pt\\\/#organization\",\"name\":\"Algarve 7\",\"url\":\"https:\\\/\\\/algarve7.pt\\\/\",\"logo\":{\"@type\":\"ImageObject\",\"inLanguage\":\"pt-PT\",\"@id\":\"https:\\\/\\\/algarve7.pt\\\/#\\\/schema\\\/logo\\\/image\\\/\",\"url\":\"https:\\\/\\\/algarve7.pt\\\/wp-content\\\/uploads\\\/2020\\\/10\\\/Logo-8.jpg\",\"contentUrl\":\"https:\\\/\\\/algarve7.pt\\\/wp-content\\\/uploads\\\/2020\\\/10\\\/Logo-8.jpg\",\"width\":1680,\"height\":1186,\"caption\":\"Algarve 7\"},\"image\":{\"@id\":\"https:\\\/\\\/algarve7.pt\\\/#\\\/schema\\\/logo\\\/image\\\/\"},\"sameAs\":[\"https:\\\/\\\/www.facebook.com\\\/algarve7\",\"https:\\\/\\\/x.com\\\/Algarvesete\",\"https:\\\/\\\/www.instagram.com\\\/jornalalgarve7\\\/\",\"https:\\\/\\\/www.linkedin.com\\\/company\\\/algarve7\",\"https:\\\/\\\/www.pinterest.pt\\\/geral0939\\\/_created\\\/\"]},{\"@type\":\"Person\",\"@id\":\"https:\\\/\\\/algarve7.pt\\\/#\\\/schema\\\/person\\\/23fa70681308e7b319a3204bcea45e0c\",\"name\":\"Algarve 7\",\"sameAs\":[\"https:\\\/\\\/algarve7.pt\",\"https:\\\/\\\/www.facebook.com\\\/algarve7\"],\"url\":\"https:\\\/\\\/algarve7.pt\\\/index.php\\\/author\\\/geralalgarve7-pt\\\/\"}]}<\/script>\n<!-- \/ Yoast SEO plugin. -->","yoast_head_json":{"title":"Novo protocolo de coopera\u00e7\u00e3o Transfronteiri\u00e7a da Eurorregi\u00e3o Alentejo \u2013 Algarve \u2013 Andaluzia - Algarve 7","description":"Novo protocolo de coopera\u00e7\u00e3o Transfronteiri\u00e7a da Eurorregi\u00e3o Alentejo \u2013 Algarve \u2013 Andaluzia Atualidade","robots":{"index":"index","follow":"follow","max-snippet":"max-snippet:-1","max-image-preview":"max-image-preview:large","max-video-preview":"max-video-preview:-1"},"canonical":"https:\/\/algarve7.pt\/index.php\/2022\/02\/novo-protocolo-de-cooperacao-transfronteirica-da-eurorregiao-alentejo-algarve-andaluzia\/atualidade\/11\/59\/","og_locale":"pt_PT","og_type":"article","og_title":"Novo protocolo de coopera\u00e7\u00e3o Transfronteiri\u00e7a da Eurorregi\u00e3o Alentejo \u2013 Algarve \u2013 Andaluzia - Algarve 7","og_description":"Novo protocolo de coopera\u00e7\u00e3o Transfronteiri\u00e7a da Eurorregi\u00e3o Alentejo \u2013 Algarve \u2013 Andaluzia Atualidade","og_url":"https:\/\/algarve7.pt\/index.php\/2022\/02\/novo-protocolo-de-cooperacao-transfronteirica-da-eurorregiao-alentejo-algarve-andaluzia\/atualidade\/11\/59\/","og_site_name":"Algarve 7","article_publisher":"https:\/\/www.facebook.com\/algarve7","article_author":"https:\/\/www.facebook.com\/algarve7","article_published_time":"2022-02-10T11:59:00+00:00","og_image":[{"width":884,"height":544,"url":"https:\/\/algarve7.pt\/wp-content\/uploads\/2022\/02\/img216947221EuroAAAlogo.jpg","type":"image\/jpeg"}],"author":"Algarve 7","twitter_card":"summary_large_image","twitter_creator":"@Algarvesete","twitter_site":"@Algarvesete","twitter_misc":{"Escrito por":"Algarve 7","Tempo estimado de leitura":"2 minutos"},"schema":{"@context":"https:\/\/schema.org","@graph":[{"@type":"Article","@id":"https:\/\/algarve7.pt\/index.php\/2022\/02\/novo-protocolo-de-cooperacao-transfronteirica-da-eurorregiao-alentejo-algarve-andaluzia\/atualidade\/11\/59\/#article","isPartOf":{"@id":"https:\/\/algarve7.pt\/index.php\/2022\/02\/novo-protocolo-de-cooperacao-transfronteirica-da-eurorregiao-alentejo-algarve-andaluzia\/atualidade\/11\/59\/"},"author":{"name":"Algarve 7","@id":"https:\/\/algarve7.pt\/#\/schema\/person\/23fa70681308e7b319a3204bcea45e0c"},"headline":"Novo protocolo de coopera\u00e7\u00e3o Transfronteiri\u00e7a da Eurorregi\u00e3o Alentejo \u2013 Algarve \u2013 Andaluzia","datePublished":"2022-02-10T11:59:00+00:00","mainEntityOfPage":{"@id":"https:\/\/algarve7.pt\/index.php\/2022\/02\/novo-protocolo-de-cooperacao-transfronteirica-da-eurorregiao-alentejo-algarve-andaluzia\/atualidade\/11\/59\/"},"wordCount":334,"publisher":{"@id":"https:\/\/algarve7.pt\/#organization"},"image":{"@id":"https:\/\/algarve7.pt\/index.php\/2022\/02\/novo-protocolo-de-cooperacao-transfronteirica-da-eurorregiao-alentejo-algarve-andaluzia\/atualidade\/11\/59\/#primaryimage"},"thumbnailUrl":"https:\/\/algarve7.pt\/wp-content\/uploads\/2022\/02\/img216947221EuroAAAlogo.jpg","keywords":["Algarve","CCDR Algarve","Eurorregi\u00e3o"],"articleSection":["Atualidade"],"inLanguage":"pt-PT"},{"@type":"WebPage","@id":"https:\/\/algarve7.pt\/index.php\/2022\/02\/novo-protocolo-de-cooperacao-transfronteirica-da-eurorregiao-alentejo-algarve-andaluzia\/atualidade\/11\/59\/","url":"https:\/\/algarve7.pt\/index.php\/2022\/02\/novo-protocolo-de-cooperacao-transfronteirica-da-eurorregiao-alentejo-algarve-andaluzia\/atualidade\/11\/59\/","name":"Novo protocolo de coopera\u00e7\u00e3o Transfronteiri\u00e7a da Eurorregi\u00e3o Alentejo \u2013 Algarve \u2013 Andaluzia - Algarve 7","isPartOf":{"@id":"https:\/\/algarve7.pt\/#website"},"primaryImageOfPage":{"@id":"https:\/\/algarve7.pt\/index.php\/2022\/02\/novo-protocolo-de-cooperacao-transfronteirica-da-eurorregiao-alentejo-algarve-andaluzia\/atualidade\/11\/59\/#primaryimage"},"image":{"@id":"https:\/\/algarve7.pt\/index.php\/2022\/02\/novo-protocolo-de-cooperacao-transfronteirica-da-eurorregiao-alentejo-algarve-andaluzia\/atualidade\/11\/59\/#primaryimage"},"thumbnailUrl":"https:\/\/algarve7.pt\/wp-content\/uploads\/2022\/02\/img216947221EuroAAAlogo.jpg","datePublished":"2022-02-10T11:59:00+00:00","description":"Novo protocolo de coopera\u00e7\u00e3o Transfronteiri\u00e7a da Eurorregi\u00e3o Alentejo \u2013 Algarve \u2013 Andaluzia Atualidade","breadcrumb":{"@id":"https:\/\/algarve7.pt\/index.php\/2022\/02\/novo-protocolo-de-cooperacao-transfronteirica-da-eurorregiao-alentejo-algarve-andaluzia\/atualidade\/11\/59\/#breadcrumb"},"inLanguage":"pt-PT","potentialAction":[{"@type":"ReadAction","target":["https:\/\/algarve7.pt\/index.php\/2022\/02\/novo-protocolo-de-cooperacao-transfronteirica-da-eurorregiao-alentejo-algarve-andaluzia\/atualidade\/11\/59\/"]}]},{"@type":"ImageObject","inLanguage":"pt-PT","@id":"https:\/\/algarve7.pt\/index.php\/2022\/02\/novo-protocolo-de-cooperacao-transfronteirica-da-eurorregiao-alentejo-algarve-andaluzia\/atualidade\/11\/59\/#primaryimage","url":"https:\/\/algarve7.pt\/wp-content\/uploads\/2022\/02\/img216947221EuroAAAlogo.jpg","contentUrl":"https:\/\/algarve7.pt\/wp-content\/uploads\/2022\/02\/img216947221EuroAAAlogo.jpg","width":884,"height":544},{"@type":"BreadcrumbList","@id":"https:\/\/algarve7.pt\/index.php\/2022\/02\/novo-protocolo-de-cooperacao-transfronteirica-da-eurorregiao-alentejo-algarve-andaluzia\/atualidade\/11\/59\/#breadcrumb","itemListElement":[{"@type":"ListItem","position":1,"name":"In\u00edcio","item":"https:\/\/algarve7.pt\/"},{"@type":"ListItem","position":2,"name":"Novo protocolo de coopera\u00e7\u00e3o Transfronteiri\u00e7a da Eurorregi\u00e3o Alentejo \u2013 Algarve \u2013 Andaluzia"}]},{"@type":"WebSite","@id":"https:\/\/algarve7.pt\/#website","url":"https:\/\/algarve7.pt\/","name":"Algarve 7","description":"Informa\u00e7\u00e3o sobre o Algarve","publisher":{"@id":"https:\/\/algarve7.pt\/#organization"},"potentialAction":[{"@type":"SearchAction","target":{"@type":"EntryPoint","urlTemplate":"https:\/\/algarve7.pt\/?s={search_term_string}"},"query-input":{"@type":"PropertyValueSpecification","valueRequired":true,"valueName":"search_term_string"}}],"inLanguage":"pt-PT"},{"@type":"Organization","@id":"https:\/\/algarve7.pt\/#organization","name":"Algarve 7","url":"https:\/\/algarve7.pt\/","logo":{"@type":"ImageObject","inLanguage":"pt-PT","@id":"https:\/\/algarve7.pt\/#\/schema\/logo\/image\/","url":"https:\/\/algarve7.pt\/wp-content\/uploads\/2020\/10\/Logo-8.jpg","contentUrl":"https:\/\/algarve7.pt\/wp-content\/uploads\/2020\/10\/Logo-8.jpg","width":1680,"height":1186,"caption":"Algarve 7"},"image":{"@id":"https:\/\/algarve7.pt\/#\/schema\/logo\/image\/"},"sameAs":["https:\/\/www.facebook.com\/algarve7","https:\/\/x.com\/Algarvesete","https:\/\/www.instagram.com\/jornalalgarve7\/","https:\/\/www.linkedin.com\/company\/algarve7","https:\/\/www.pinterest.pt\/geral0939\/_created\/"]},{"@type":"Person","@id":"https:\/\/algarve7.pt\/#\/schema\/person\/23fa70681308e7b319a3204bcea45e0c","name":"Algarve 7","sameAs":["https:\/\/algarve7.pt","https:\/\/www.facebook.com\/algarve7"],"url":"https:\/\/algarve7.pt\/index.php\/author\/geralalgarve7-pt\/"}]}},"jetpack_publicize_connections":[],"jetpack_featured_media_url":"https:\/\/algarve7.pt\/wp-content\/uploads\/2022\/02\/img216947221EuroAAAlogo.jpg","jetpack_shortlink":"https:\/\/wp.me\/pcezmW-3YZ","jetpack_sharing_enabled":true,"_links":{"self":[{"href":"https:\/\/algarve7.pt\/index.php\/wp-json\/wp\/v2\/posts\/15313","targetHints":{"allow":["GET"]}}],"collection":[{"href":"https:\/\/algarve7.pt\/index.php\/wp-json\/wp\/v2\/posts"}],"about":[{"href":"https:\/\/algarve7.pt\/index.php\/wp-json\/wp\/v2\/types\/post"}],"author":[{"embeddable":true,"href":"https:\/\/algarve7.pt\/index.php\/wp-json\/wp\/v2\/users\/1"}],"replies":[{"embeddable":true,"href":"https:\/\/algarve7.pt\/index.php\/wp-json\/wp\/v2\/comments?post=15313"}],"version-history":[{"count":0,"href":"https:\/\/algarve7.pt\/index.php\/wp-json\/wp\/v2\/posts\/15313\/revisions"}],"wp:featuredmedia":[{"embeddable":true,"href":"https:\/\/algarve7.pt\/index.php\/wp-json\/wp\/v2\/media\/15314"}],"wp:attachment":[{"href":"https:\/\/algarve7.pt\/index.php\/wp-json\/wp\/v2\/media?parent=15313"}],"wp:term":[{"taxonomy":"category","embeddable":true,"href":"https:\/\/algarve7.pt\/index.php\/wp-json\/wp\/v2\/categories?post=15313"},{"taxonomy":"post_tag","embeddable":true,"href":"https:\/\/algarve7.pt\/index.php\/wp-json\/wp\/v2\/tags?post=15313"}],"curies":[{"name":"wp","href":"https:\/\/api.w.org\/{rel}","templated":true}]}}