{"id":15306,"date":"2022-02-10T11:28:00","date_gmt":"2022-02-10T11:28:00","guid":{"rendered":"https:\/\/algarve7.pt\/?p=15306"},"modified":"2022-02-09T21:28:34","modified_gmt":"2022-02-09T21:28:34","slug":"sao-bras-de-alportel-vai-revelar-a-receita-do-amor","status":"publish","type":"post","link":"https:\/\/algarve7.pt\/index.php\/2022\/02\/sao-bras-de-alportel-vai-revelar-a-receita-do-amor\/cultura\/11\/28\/","title":{"rendered":"S\u00e3o Br\u00e1s de Alportel vai revelar a Receita do Amor\u00a0"},"content":{"rendered":"\n<p>A 6.\u00aa edi\u00e7\u00e3o do \u201cTrovas e Serenatas na Fonte do Amor\u201d que habitualmente se realizava na Fonte dos Amores, em pleno Centro Hist\u00f3rico, regressa j\u00e1 este domingo, dia 13, para proporcionar a tarde mais rom\u00e2ntica deste ano com m\u00fasica, cartas e hist\u00f3rias de amor que prometem derreter cora\u00e7\u00f5es, a partir das 16h00, com transmiss\u00e3o on-line.<\/p>\n\n\n\n<p>No m\u00eas mais rom\u00e2ntico do ano, o Munic\u00edpio de S\u00e3o Br\u00e1s de Alportel preparou a segunda edi\u00e7\u00e3o on-line do programa \u201cTrovas e Serenatas na Fonte do Amor #EmCasa\u201d.<\/p>\n\n\n\n<p>Um programa onde ser\u00e3o apresentadas seis hist\u00f3rias de amor de casais s\u00e3o-brasenses com mais de 50 anos de casados, ou seja, mais de 300 anos de hist\u00f3rias amor!<\/p>\n\n\n\n<p>Esta edi\u00e7\u00e3o conta ainda com momentos musicais proporcionados por artistas locais, cartas de amor, o an\u00fancio dos vencedores do concurso d\u2019A mais bela carta de amor. Ao longo do programa ser\u00e1 poss\u00edvel conhecer a receita do amor e, porque o amor n\u00e3o \u00e9 coisa s\u00f3 dos mais velhos\u2026, ser\u00e3o reveladas mais surpresas!<\/p>\n\n\n\n<p>Uma iniciativa que se realizava em modo presencial na Fonte Nova, no Centro Hist\u00f3rico da vila, que todos os anos se transformava na \u201cFonte do Amor\u201d com um evento cultural que culminava com o an\u00fancio dos vencedores do concurso d\u2019A mais bela carta de amor que a Biblioteca Municipal Dr. Estanco Louro promove anualmente.<\/p>\n\n\n\n<p>Com a entrada \u201cem cena\u201d da pandemia e a necessidade de cumprir as regras de preven\u00e7\u00e3o de cont\u00e1gio, o Munic\u00edpio de S\u00e3o Br\u00e1s de Alportel \u201ctransportou\u201d, em 2021, este evento para o mundo digital e leva agora o evento \u00e0 casa dos espectadores s\u00e3o-brasenses (e n\u00e3o s\u00f3).<\/p>\n\n\n\n<p>De regresso este domingo, dia 13 de fevereiro, a partir das 16h00, o programa vai ser transmitido atrav\u00e9s do Facebook e do Youtube do Munic\u00edpio assim como no Meo Kanal 205 250.<\/p>\n\n\n\n<p>Uma iniciativa promovida pelo Munic\u00edpio de S\u00e3o Br\u00e1s de Alportel e que conta com o apoio da Junta de Freguesia de S\u00e3o Br\u00e1s de Alportel, da Santa Casa da Miseric\u00f3rdia de S\u00e3o Br\u00e1s de Alportel e do Agrupamento de Escolas Jos\u00e9 Belchior Viegas, empresas locais e o envolvimento da comunidade.<\/p>\n\n\n\n<p>\u00c0 semelhan\u00e7a de edi\u00e7\u00f5es anteriores, o programa do m\u00eas rom\u00e2ntico conta com a participa\u00e7\u00e3o da restaura\u00e7\u00e3o local que preparou menus especiais para o Dia de S\u00e3o Valentim que podem ser degustados no local ou em casa. As propostas gastron\u00f3micas rom\u00e2nticas est\u00e3o dispon\u00edveis no\u00a0<a href=\"https:\/\/www.cm-sbras.pt\/pt\/menu\/1439\/mes-romantico.aspx\" target=\"_blank\" rel=\"noreferrer noopener\">site do Munic\u00edpio<\/a>.<\/p>\n\n\n\n<div class=\"wp-block-image is-style-default\"><figure class=\"aligncenter size-large is-resized\"><img loading=\"lazy\" decoding=\"async\" src=\"https:\/\/algarve7.pt\/wp-content\/uploads\/2022\/02\/instagram_13_fevereiro_trovas_serenatas_amor-1024x1024.jpg\" alt=\"\" class=\"wp-image-15308\" width=\"616\" height=\"616\" srcset=\"https:\/\/algarve7.pt\/wp-content\/uploads\/2022\/02\/instagram_13_fevereiro_trovas_serenatas_amor-1024x1024.jpg 1024w, https:\/\/algarve7.pt\/wp-content\/uploads\/2022\/02\/instagram_13_fevereiro_trovas_serenatas_amor-300x300.jpg 300w, https:\/\/algarve7.pt\/wp-content\/uploads\/2022\/02\/instagram_13_fevereiro_trovas_serenatas_amor-150x150.jpg 150w, https:\/\/algarve7.pt\/wp-content\/uploads\/2022\/02\/instagram_13_fevereiro_trovas_serenatas_amor-768x768.jpg 768w, https:\/\/algarve7.pt\/wp-content\/uploads\/2022\/02\/instagram_13_fevereiro_trovas_serenatas_amor.jpg 1080w\" sizes=\"auto, (max-width: 616px) 100vw, 616px\" \/><\/figure><\/div>\n","protected":false},"excerpt":{"rendered":"<p>A 6.\u00aa edi\u00e7\u00e3o do \u201cTrovas e Serenatas na Fonte do Amor\u201d que habitualmente se realizava na Fonte dos Amores, em<\/p>\n","protected":false},"author":1,"featured_media":15307,"comment_status":"closed","ping_status":"open","sticky":false,"template":"","format":"standard","meta":{"colormag_page_container_layout":"default_layout","colormag_page_sidebar_layout":"default_layout","_monsterinsights_skip_tracking":false,"_monsterinsights_sitenote_active":false,"_monsterinsights_sitenote_note":"","_monsterinsights_sitenote_category":0,"jetpack_post_was_ever_published":false,"_jetpack_newsletter_access":"","_jetpack_dont_email_post_to_subs":false,"_jetpack_newsletter_tier_id":0,"_jetpack_memberships_contains_paywalled_content":false,"_jetpack_memberships_contains_paid_content":false,"footnotes":"","jetpack_publicize_message":"","jetpack_publicize_feature_enabled":true,"jetpack_social_post_already_shared":true,"jetpack_social_options":{"image_generator_settings":{"template":"highway","default_image_id":0,"font":"","enabled":false},"version":2}},"categories":[14],"tags":[36,35,63],"class_list":["post-15306","post","type-post","status-publish","format-standard","has-post-thumbnail","hentry","category-cultura","tag-algarve","tag-cultura","tag-sao-bras-de-alportel"],"yoast_head":"<!-- This site is optimized with the Yoast SEO plugin v27.5 - https:\/\/yoast.com\/product\/yoast-seo-wordpress\/ -->\n<title>S\u00e3o Br\u00e1s de Alportel vai revelar a Receita do Amor\u00a0 - Algarve 7<\/title>\n<meta name=\"description\" content=\"S\u00e3o Br\u00e1s de Alportel vai revelar a Receita do Amor\u00a0 Cultura\" \/>\n<meta name=\"robots\" content=\"index, follow, max-snippet:-1, max-image-preview:large, max-video-preview:-1\" \/>\n<link rel=\"canonical\" href=\"https:\/\/algarve7.pt\/index.php\/2022\/02\/sao-bras-de-alportel-vai-revelar-a-receita-do-amor\/cultura\/11\/28\/\" \/>\n<meta property=\"og:locale\" content=\"pt_PT\" \/>\n<meta property=\"og:type\" content=\"article\" \/>\n<meta property=\"og:title\" content=\"S\u00e3o Br\u00e1s de Alportel vai revelar a Receita do Amor\u00a0 - Algarve 7\" \/>\n<meta property=\"og:description\" content=\"S\u00e3o Br\u00e1s de Alportel vai revelar a Receita do Amor\u00a0 Cultura\" \/>\n<meta property=\"og:url\" content=\"https:\/\/algarve7.pt\/index.php\/2022\/02\/sao-bras-de-alportel-vai-revelar-a-receita-do-amor\/cultura\/11\/28\/\" \/>\n<meta property=\"og:site_name\" content=\"Algarve 7\" \/>\n<meta property=\"article:publisher\" content=\"https:\/\/www.facebook.com\/algarve7\" \/>\n<meta property=\"article:author\" content=\"https:\/\/www.facebook.com\/algarve7\" \/>\n<meta property=\"article:published_time\" content=\"2022-02-10T11:28:00+00:00\" \/>\n<meta property=\"og:image\" content=\"https:\/\/algarve7.pt\/wp-content\/uploads\/2022\/02\/Captura-de-ecra-2022-02-09-as-21.24.08-1024x810.png\" \/>\n\t<meta property=\"og:image:width\" content=\"1024\" \/>\n\t<meta property=\"og:image:height\" content=\"810\" \/>\n\t<meta property=\"og:image:type\" content=\"image\/png\" \/>\n<meta name=\"author\" content=\"Algarve 7\" \/>\n<meta name=\"twitter:card\" content=\"summary_large_image\" \/>\n<meta name=\"twitter:creator\" content=\"@Algarvesete\" \/>\n<meta name=\"twitter:site\" content=\"@Algarvesete\" \/>\n<meta name=\"twitter:label1\" content=\"Escrito por\" \/>\n\t<meta name=\"twitter:data1\" content=\"Algarve 7\" \/>\n\t<meta name=\"twitter:label2\" content=\"Tempo estimado de leitura\" \/>\n\t<meta name=\"twitter:data2\" content=\"3 minutos\" \/>\n<script type=\"application\/ld+json\" class=\"yoast-schema-graph\">{\"@context\":\"https:\\\/\\\/schema.org\",\"@graph\":[{\"@type\":\"Article\",\"@id\":\"https:\\\/\\\/algarve7.pt\\\/index.php\\\/2022\\\/02\\\/sao-bras-de-alportel-vai-revelar-a-receita-do-amor\\\/cultura\\\/11\\\/28\\\/#article\",\"isPartOf\":{\"@id\":\"https:\\\/\\\/algarve7.pt\\\/index.php\\\/2022\\\/02\\\/sao-bras-de-alportel-vai-revelar-a-receita-do-amor\\\/cultura\\\/11\\\/28\\\/\"},\"author\":{\"name\":\"Algarve 7\",\"@id\":\"https:\\\/\\\/algarve7.pt\\\/#\\\/schema\\\/person\\\/23fa70681308e7b319a3204bcea45e0c\"},\"headline\":\"S\u00e3o Br\u00e1s de Alportel vai revelar a Receita do Amor\u00a0\",\"datePublished\":\"2022-02-10T11:28:00+00:00\",\"mainEntityOfPage\":{\"@id\":\"https:\\\/\\\/algarve7.pt\\\/index.php\\\/2022\\\/02\\\/sao-bras-de-alportel-vai-revelar-a-receita-do-amor\\\/cultura\\\/11\\\/28\\\/\"},\"wordCount\":448,\"publisher\":{\"@id\":\"https:\\\/\\\/algarve7.pt\\\/#organization\"},\"image\":{\"@id\":\"https:\\\/\\\/algarve7.pt\\\/index.php\\\/2022\\\/02\\\/sao-bras-de-alportel-vai-revelar-a-receita-do-amor\\\/cultura\\\/11\\\/28\\\/#primaryimage\"},\"thumbnailUrl\":\"https:\\\/\\\/algarve7.pt\\\/wp-content\\\/uploads\\\/2022\\\/02\\\/Captura-de-ecra-2022-02-09-as-21.24.08.png\",\"keywords\":[\"Algarve\",\"Cultura\",\"S\u00e3o Br\u00e1s de Alportel\"],\"articleSection\":[\"Cultura\"],\"inLanguage\":\"pt-PT\"},{\"@type\":\"WebPage\",\"@id\":\"https:\\\/\\\/algarve7.pt\\\/index.php\\\/2022\\\/02\\\/sao-bras-de-alportel-vai-revelar-a-receita-do-amor\\\/cultura\\\/11\\\/28\\\/\",\"url\":\"https:\\\/\\\/algarve7.pt\\\/index.php\\\/2022\\\/02\\\/sao-bras-de-alportel-vai-revelar-a-receita-do-amor\\\/cultura\\\/11\\\/28\\\/\",\"name\":\"S\u00e3o Br\u00e1s de Alportel vai revelar a Receita do Amor\u00a0 - Algarve 7\",\"isPartOf\":{\"@id\":\"https:\\\/\\\/algarve7.pt\\\/#website\"},\"primaryImageOfPage\":{\"@id\":\"https:\\\/\\\/algarve7.pt\\\/index.php\\\/2022\\\/02\\\/sao-bras-de-alportel-vai-revelar-a-receita-do-amor\\\/cultura\\\/11\\\/28\\\/#primaryimage\"},\"image\":{\"@id\":\"https:\\\/\\\/algarve7.pt\\\/index.php\\\/2022\\\/02\\\/sao-bras-de-alportel-vai-revelar-a-receita-do-amor\\\/cultura\\\/11\\\/28\\\/#primaryimage\"},\"thumbnailUrl\":\"https:\\\/\\\/algarve7.pt\\\/wp-content\\\/uploads\\\/2022\\\/02\\\/Captura-de-ecra-2022-02-09-as-21.24.08.png\",\"datePublished\":\"2022-02-10T11:28:00+00:00\",\"description\":\"S\u00e3o Br\u00e1s de Alportel vai revelar a Receita do Amor\u00a0 Cultura\",\"breadcrumb\":{\"@id\":\"https:\\\/\\\/algarve7.pt\\\/index.php\\\/2022\\\/02\\\/sao-bras-de-alportel-vai-revelar-a-receita-do-amor\\\/cultura\\\/11\\\/28\\\/#breadcrumb\"},\"inLanguage\":\"pt-PT\",\"potentialAction\":[{\"@type\":\"ReadAction\",\"target\":[\"https:\\\/\\\/algarve7.pt\\\/index.php\\\/2022\\\/02\\\/sao-bras-de-alportel-vai-revelar-a-receita-do-amor\\\/cultura\\\/11\\\/28\\\/\"]}]},{\"@type\":\"ImageObject\",\"inLanguage\":\"pt-PT\",\"@id\":\"https:\\\/\\\/algarve7.pt\\\/index.php\\\/2022\\\/02\\\/sao-bras-de-alportel-vai-revelar-a-receita-do-amor\\\/cultura\\\/11\\\/28\\\/#primaryimage\",\"url\":\"https:\\\/\\\/algarve7.pt\\\/wp-content\\\/uploads\\\/2022\\\/02\\\/Captura-de-ecra-2022-02-09-as-21.24.08.png\",\"contentUrl\":\"https:\\\/\\\/algarve7.pt\\\/wp-content\\\/uploads\\\/2022\\\/02\\\/Captura-de-ecra-2022-02-09-as-21.24.08.png\",\"width\":1920,\"height\":1519},{\"@type\":\"BreadcrumbList\",\"@id\":\"https:\\\/\\\/algarve7.pt\\\/index.php\\\/2022\\\/02\\\/sao-bras-de-alportel-vai-revelar-a-receita-do-amor\\\/cultura\\\/11\\\/28\\\/#breadcrumb\",\"itemListElement\":[{\"@type\":\"ListItem\",\"position\":1,\"name\":\"In\u00edcio\",\"item\":\"https:\\\/\\\/algarve7.pt\\\/\"},{\"@type\":\"ListItem\",\"position\":2,\"name\":\"S\u00e3o Br\u00e1s de Alportel vai revelar a Receita do Amor\u00a0\"}]},{\"@type\":\"WebSite\",\"@id\":\"https:\\\/\\\/algarve7.pt\\\/#website\",\"url\":\"https:\\\/\\\/algarve7.pt\\\/\",\"name\":\"Algarve 7\",\"description\":\"Informa\u00e7\u00e3o sobre o Algarve\",\"publisher\":{\"@id\":\"https:\\\/\\\/algarve7.pt\\\/#organization\"},\"potentialAction\":[{\"@type\":\"SearchAction\",\"target\":{\"@type\":\"EntryPoint\",\"urlTemplate\":\"https:\\\/\\\/algarve7.pt\\\/?s={search_term_string}\"},\"query-input\":{\"@type\":\"PropertyValueSpecification\",\"valueRequired\":true,\"valueName\":\"search_term_string\"}}],\"inLanguage\":\"pt-PT\"},{\"@type\":\"Organization\",\"@id\":\"https:\\\/\\\/algarve7.pt\\\/#organization\",\"name\":\"Algarve 7\",\"url\":\"https:\\\/\\\/algarve7.pt\\\/\",\"logo\":{\"@type\":\"ImageObject\",\"inLanguage\":\"pt-PT\",\"@id\":\"https:\\\/\\\/algarve7.pt\\\/#\\\/schema\\\/logo\\\/image\\\/\",\"url\":\"https:\\\/\\\/algarve7.pt\\\/wp-content\\\/uploads\\\/2020\\\/10\\\/Logo-8.jpg\",\"contentUrl\":\"https:\\\/\\\/algarve7.pt\\\/wp-content\\\/uploads\\\/2020\\\/10\\\/Logo-8.jpg\",\"width\":1680,\"height\":1186,\"caption\":\"Algarve 7\"},\"image\":{\"@id\":\"https:\\\/\\\/algarve7.pt\\\/#\\\/schema\\\/logo\\\/image\\\/\"},\"sameAs\":[\"https:\\\/\\\/www.facebook.com\\\/algarve7\",\"https:\\\/\\\/x.com\\\/Algarvesete\",\"https:\\\/\\\/www.instagram.com\\\/jornalalgarve7\\\/\",\"https:\\\/\\\/www.linkedin.com\\\/company\\\/algarve7\",\"https:\\\/\\\/www.pinterest.pt\\\/geral0939\\\/_created\\\/\"]},{\"@type\":\"Person\",\"@id\":\"https:\\\/\\\/algarve7.pt\\\/#\\\/schema\\\/person\\\/23fa70681308e7b319a3204bcea45e0c\",\"name\":\"Algarve 7\",\"sameAs\":[\"https:\\\/\\\/algarve7.pt\",\"https:\\\/\\\/www.facebook.com\\\/algarve7\"],\"url\":\"https:\\\/\\\/algarve7.pt\\\/index.php\\\/author\\\/geralalgarve7-pt\\\/\"}]}<\/script>\n<!-- \/ Yoast SEO plugin. -->","yoast_head_json":{"title":"S\u00e3o Br\u00e1s de Alportel vai revelar a Receita do Amor\u00a0 - Algarve 7","description":"S\u00e3o Br\u00e1s de Alportel vai revelar a Receita do Amor\u00a0 Cultura","robots":{"index":"index","follow":"follow","max-snippet":"max-snippet:-1","max-image-preview":"max-image-preview:large","max-video-preview":"max-video-preview:-1"},"canonical":"https:\/\/algarve7.pt\/index.php\/2022\/02\/sao-bras-de-alportel-vai-revelar-a-receita-do-amor\/cultura\/11\/28\/","og_locale":"pt_PT","og_type":"article","og_title":"S\u00e3o Br\u00e1s de Alportel vai revelar a Receita do Amor\u00a0 - Algarve 7","og_description":"S\u00e3o Br\u00e1s de Alportel vai revelar a Receita do Amor\u00a0 Cultura","og_url":"https:\/\/algarve7.pt\/index.php\/2022\/02\/sao-bras-de-alportel-vai-revelar-a-receita-do-amor\/cultura\/11\/28\/","og_site_name":"Algarve 7","article_publisher":"https:\/\/www.facebook.com\/algarve7","article_author":"https:\/\/www.facebook.com\/algarve7","article_published_time":"2022-02-10T11:28:00+00:00","og_image":[{"width":1024,"height":810,"url":"https:\/\/algarve7.pt\/wp-content\/uploads\/2022\/02\/Captura-de-ecra-2022-02-09-as-21.24.08-1024x810.png","type":"image\/png"}],"author":"Algarve 7","twitter_card":"summary_large_image","twitter_creator":"@Algarvesete","twitter_site":"@Algarvesete","twitter_misc":{"Escrito por":"Algarve 7","Tempo estimado de leitura":"3 minutos"},"schema":{"@context":"https:\/\/schema.org","@graph":[{"@type":"Article","@id":"https:\/\/algarve7.pt\/index.php\/2022\/02\/sao-bras-de-alportel-vai-revelar-a-receita-do-amor\/cultura\/11\/28\/#article","isPartOf":{"@id":"https:\/\/algarve7.pt\/index.php\/2022\/02\/sao-bras-de-alportel-vai-revelar-a-receita-do-amor\/cultura\/11\/28\/"},"author":{"name":"Algarve 7","@id":"https:\/\/algarve7.pt\/#\/schema\/person\/23fa70681308e7b319a3204bcea45e0c"},"headline":"S\u00e3o Br\u00e1s de Alportel vai revelar a Receita do Amor\u00a0","datePublished":"2022-02-10T11:28:00+00:00","mainEntityOfPage":{"@id":"https:\/\/algarve7.pt\/index.php\/2022\/02\/sao-bras-de-alportel-vai-revelar-a-receita-do-amor\/cultura\/11\/28\/"},"wordCount":448,"publisher":{"@id":"https:\/\/algarve7.pt\/#organization"},"image":{"@id":"https:\/\/algarve7.pt\/index.php\/2022\/02\/sao-bras-de-alportel-vai-revelar-a-receita-do-amor\/cultura\/11\/28\/#primaryimage"},"thumbnailUrl":"https:\/\/algarve7.pt\/wp-content\/uploads\/2022\/02\/Captura-de-ecra-2022-02-09-as-21.24.08.png","keywords":["Algarve","Cultura","S\u00e3o Br\u00e1s de Alportel"],"articleSection":["Cultura"],"inLanguage":"pt-PT"},{"@type":"WebPage","@id":"https:\/\/algarve7.pt\/index.php\/2022\/02\/sao-bras-de-alportel-vai-revelar-a-receita-do-amor\/cultura\/11\/28\/","url":"https:\/\/algarve7.pt\/index.php\/2022\/02\/sao-bras-de-alportel-vai-revelar-a-receita-do-amor\/cultura\/11\/28\/","name":"S\u00e3o Br\u00e1s de Alportel vai revelar a Receita do Amor\u00a0 - Algarve 7","isPartOf":{"@id":"https:\/\/algarve7.pt\/#website"},"primaryImageOfPage":{"@id":"https:\/\/algarve7.pt\/index.php\/2022\/02\/sao-bras-de-alportel-vai-revelar-a-receita-do-amor\/cultura\/11\/28\/#primaryimage"},"image":{"@id":"https:\/\/algarve7.pt\/index.php\/2022\/02\/sao-bras-de-alportel-vai-revelar-a-receita-do-amor\/cultura\/11\/28\/#primaryimage"},"thumbnailUrl":"https:\/\/algarve7.pt\/wp-content\/uploads\/2022\/02\/Captura-de-ecra-2022-02-09-as-21.24.08.png","datePublished":"2022-02-10T11:28:00+00:00","description":"S\u00e3o Br\u00e1s de Alportel vai revelar a Receita do Amor\u00a0 Cultura","breadcrumb":{"@id":"https:\/\/algarve7.pt\/index.php\/2022\/02\/sao-bras-de-alportel-vai-revelar-a-receita-do-amor\/cultura\/11\/28\/#breadcrumb"},"inLanguage":"pt-PT","potentialAction":[{"@type":"ReadAction","target":["https:\/\/algarve7.pt\/index.php\/2022\/02\/sao-bras-de-alportel-vai-revelar-a-receita-do-amor\/cultura\/11\/28\/"]}]},{"@type":"ImageObject","inLanguage":"pt-PT","@id":"https:\/\/algarve7.pt\/index.php\/2022\/02\/sao-bras-de-alportel-vai-revelar-a-receita-do-amor\/cultura\/11\/28\/#primaryimage","url":"https:\/\/algarve7.pt\/wp-content\/uploads\/2022\/02\/Captura-de-ecra-2022-02-09-as-21.24.08.png","contentUrl":"https:\/\/algarve7.pt\/wp-content\/uploads\/2022\/02\/Captura-de-ecra-2022-02-09-as-21.24.08.png","width":1920,"height":1519},{"@type":"BreadcrumbList","@id":"https:\/\/algarve7.pt\/index.php\/2022\/02\/sao-bras-de-alportel-vai-revelar-a-receita-do-amor\/cultura\/11\/28\/#breadcrumb","itemListElement":[{"@type":"ListItem","position":1,"name":"In\u00edcio","item":"https:\/\/algarve7.pt\/"},{"@type":"ListItem","position":2,"name":"S\u00e3o Br\u00e1s de Alportel vai revelar a Receita do Amor\u00a0"}]},{"@type":"WebSite","@id":"https:\/\/algarve7.pt\/#website","url":"https:\/\/algarve7.pt\/","name":"Algarve 7","description":"Informa\u00e7\u00e3o sobre o Algarve","publisher":{"@id":"https:\/\/algarve7.pt\/#organization"},"potentialAction":[{"@type":"SearchAction","target":{"@type":"EntryPoint","urlTemplate":"https:\/\/algarve7.pt\/?s={search_term_string}"},"query-input":{"@type":"PropertyValueSpecification","valueRequired":true,"valueName":"search_term_string"}}],"inLanguage":"pt-PT"},{"@type":"Organization","@id":"https:\/\/algarve7.pt\/#organization","name":"Algarve 7","url":"https:\/\/algarve7.pt\/","logo":{"@type":"ImageObject","inLanguage":"pt-PT","@id":"https:\/\/algarve7.pt\/#\/schema\/logo\/image\/","url":"https:\/\/algarve7.pt\/wp-content\/uploads\/2020\/10\/Logo-8.jpg","contentUrl":"https:\/\/algarve7.pt\/wp-content\/uploads\/2020\/10\/Logo-8.jpg","width":1680,"height":1186,"caption":"Algarve 7"},"image":{"@id":"https:\/\/algarve7.pt\/#\/schema\/logo\/image\/"},"sameAs":["https:\/\/www.facebook.com\/algarve7","https:\/\/x.com\/Algarvesete","https:\/\/www.instagram.com\/jornalalgarve7\/","https:\/\/www.linkedin.com\/company\/algarve7","https:\/\/www.pinterest.pt\/geral0939\/_created\/"]},{"@type":"Person","@id":"https:\/\/algarve7.pt\/#\/schema\/person\/23fa70681308e7b319a3204bcea45e0c","name":"Algarve 7","sameAs":["https:\/\/algarve7.pt","https:\/\/www.facebook.com\/algarve7"],"url":"https:\/\/algarve7.pt\/index.php\/author\/geralalgarve7-pt\/"}]}},"jetpack_publicize_connections":[],"jetpack_featured_media_url":"https:\/\/algarve7.pt\/wp-content\/uploads\/2022\/02\/Captura-de-ecra-2022-02-09-as-21.24.08.png","jetpack_shortlink":"https:\/\/wp.me\/pcezmW-3YS","jetpack_sharing_enabled":true,"_links":{"self":[{"href":"https:\/\/algarve7.pt\/index.php\/wp-json\/wp\/v2\/posts\/15306","targetHints":{"allow":["GET"]}}],"collection":[{"href":"https:\/\/algarve7.pt\/index.php\/wp-json\/wp\/v2\/posts"}],"about":[{"href":"https:\/\/algarve7.pt\/index.php\/wp-json\/wp\/v2\/types\/post"}],"author":[{"embeddable":true,"href":"https:\/\/algarve7.pt\/index.php\/wp-json\/wp\/v2\/users\/1"}],"replies":[{"embeddable":true,"href":"https:\/\/algarve7.pt\/index.php\/wp-json\/wp\/v2\/comments?post=15306"}],"version-history":[{"count":0,"href":"https:\/\/algarve7.pt\/index.php\/wp-json\/wp\/v2\/posts\/15306\/revisions"}],"wp:featuredmedia":[{"embeddable":true,"href":"https:\/\/algarve7.pt\/index.php\/wp-json\/wp\/v2\/media\/15307"}],"wp:attachment":[{"href":"https:\/\/algarve7.pt\/index.php\/wp-json\/wp\/v2\/media?parent=15306"}],"wp:term":[{"taxonomy":"category","embeddable":true,"href":"https:\/\/algarve7.pt\/index.php\/wp-json\/wp\/v2\/categories?post=15306"},{"taxonomy":"post_tag","embeddable":true,"href":"https:\/\/algarve7.pt\/index.php\/wp-json\/wp\/v2\/tags?post=15306"}],"curies":[{"name":"wp","href":"https:\/\/api.w.org\/{rel}","templated":true}]}}