{"id":1523,"date":"2020-09-17T19:17:46","date_gmt":"2020-09-17T18:17:46","guid":{"rendered":"https:\/\/algarve7.pt\/?p=1523"},"modified":"2020-09-17T20:02:49","modified_gmt":"2020-09-17T19:02:49","slug":"camara-de-lagos-aprova-reducao-da-carga-fiscal-sobre-as-empresas-e-familias","status":"publish","type":"post","link":"https:\/\/algarve7.pt\/index.php\/2020\/09\/camara-de-lagos-aprova-reducao-da-carga-fiscal-sobre-as-empresas-e-familias\/atualidade\/19\/17\/","title":{"rendered":"C\u00e2mara de Lagos aprova redu\u00e7\u00e3o da carga fiscal sobre as empresas e fam\u00edlias"},"content":{"rendered":"\n<p>Foram aprovadas, na \u00faltima reuni\u00e3o do executivo lacobrigense, ontem realizada, tr\u00eas propostas para reduzir a carga fiscal sobre as empresas e os mun\u00edcipes. O n\u00e3o lan\u00e7amento da derrama, a redu\u00e7\u00e3o da taxa de participa\u00e7\u00e3o no IRS de 3,5% para 3% e a diminui\u00e7\u00e3o de 0,35% para 0,34% da taxa de Imposto Municipal sobre Im\u00f3veis (IMI) para os pr\u00e9dios urbanos, s\u00e3o decis\u00f5es que v\u00eam concretizar as medidas j\u00e1 anunciadas em abril passado, aquando da aprova\u00e7\u00e3o do \u201cLAGOS APOIA &#8211; Programa de Apoio \u00e0s Fam\u00edlias e Economia Local\u201d lan\u00e7ado pela autarquia para diminuir o impacto causado pela pandemia da COVID 19.<\/p>\n\n\n\n<p>Nos termos do Regime Financeiro das Autarquias Locais e das Entidades Intermunicipais&nbsp;(RFALEI) constitui receita do munic\u00edpio o produto da cobran\u00e7a de derramas lan\u00e7adas, as quais t\u00eam dura\u00e7\u00e3o anual e podem ir at\u00e9 ao limite de 1,5% sobre o lucro tribut\u00e1vel sujeito e n\u00e3o isento de imposto sobre o rendimento das pessoas coletivas. Com base nesta disposi\u00e7\u00e3o legal, o munic\u00edpio de Lagos tem vindo a aplicar, desde 2016, uma derrama de 1% \u00e0s empresas com volume de neg\u00f3cios superior a 150.000,00\u20ac, isentando as empresas com volume de neg\u00f3cios igual ou inferior ao referido montante. Em 2019 a derrama gerou uma receita de 600.268,06\u20ac para a autarquia, verba que tem sido aplicada no financiamento de projetos e obras municipais em carteira, muitos dos quais j\u00e1 em execu\u00e7\u00e3o. \u00c9 esta importante receita e fonte de financiamento que a C\u00e2mara de Lagos se prop\u00f5e dispensar em benef\u00edcio do tecido econ\u00f3mico do concelho e como forma de apoiar a viabilidade e sa\u00fade financeira das empresas.<\/p>\n\n\n\n<p>O mesmo Regime prev\u00ea que os munic\u00edpios tenham direito, em cada ano, a uma participa\u00e7\u00e3o vari\u00e1vel, at\u00e9 5%, no Imposto sobre Rendimentos de Pessoas Singulares (IRS) dos sujeitos passivos com domic\u00edlio fiscal na respetiva circunscri\u00e7\u00e3o territorial, relativa aos rendimentos do ano imediatamente anterior. Esta participa\u00e7\u00e3o depende de delibera\u00e7\u00e3o sobre a percentagem de IRS pretendida pelo munic\u00edpio. Em Lagos, a percentagem vari\u00e1vel para os anos de 2018 e 2019 foi fixada em 4,5% e em 2020 passou para 3,5%. A C\u00e2mara prop\u00f5e-se, agora, reduzir esta taxa para 3% sobre os rendimentos de 2021, proposta que, a ser aprovada tamb\u00e9m pela Assembleia Municipal, se traduzir\u00e1 num benef\u00edcio adicional para os mun\u00edcipes em termos de dedu\u00e7\u00e3o \u00e0 coleta do IRS, conforme ficou previsto no programa LAGOS APOIA j\u00e1 referido. Para o munic\u00edpio, este apoio \u00e0s fam\u00edlias traduzir-se-\u00e1 em perda estimada de receita na ordem dos 116.555,57\u20ac.<\/p>\n\n\n\n<p>A situa\u00e7\u00e3o epidemiol\u00f3gica que se vive no pa\u00eds e no mundo justifica, igualmente, a proposta de diminui\u00e7\u00e3o para 0,34% da taxa de IMI para os pr\u00e9dios urbanos avaliados nos termos do CIMI, taxa que se aplicar\u00e1 a todas as freguesias do concelho. Esta redu\u00e7\u00e3o permite estimar uma perda de receita para a autarquia na ordem dos 364.247,70\u20ac. Mant\u00eam-se os 0,8% para os pr\u00e9dios r\u00fasticos, assim como a pol\u00edtica de incentivos \u00e0 reabilita\u00e7\u00e3o do patrim\u00f3nio edificado na \u00c1rea de Reabilita\u00e7\u00e3o Urbana da Cidade de Lagos (ARU) &#8211; com a majora\u00e7\u00e3o para o triplo da taxa de IMI para os pr\u00e9dios devolutos h\u00e1 mais de um ano e para os pr\u00e9dios em ru\u00ednas, e com a minora\u00e7\u00e3o em 30% para os im\u00f3veis intervencionados \u2013 e, ainda, a redu\u00e7\u00e3o de 20% (valor m\u00e1ximo que a lei prev\u00ea) da taxa a aplicar aos pr\u00e9dios urbanos arrendados para habita\u00e7\u00e3o, uma medida que visa estimular o mercado privado de arrendamento. Os benef\u00edcios para os agregados familiares com dependentes a cargo v\u00e3o manter-se, variando a redu\u00e7\u00e3o da taxa de IMI em fun\u00e7\u00e3o do n\u00famero de dependentes de cada fam\u00edlia (20,00\u20ac para um dependente, 40,00\u20ac para dois dependentes e 70,00\u20ac para tr\u00eas ou mais dependentes).<\/p>\n\n\n\n<p>No global, estas medidas representam uma redu\u00e7\u00e3o de receita para o munic\u00edpio de mais de um milh\u00e3o de euros, que se traduzem em apoio indireto \u00e0s fam\u00edlias e \u00e0 economia local.<\/p>\n\n\n\n<p>Estas propostas ser\u00e3o agora submetidas \u00e0 aprecia\u00e7\u00e3o da Assembleia Municipal, \u00f3rg\u00e3o a quem compete a aprova\u00e7\u00e3o das taxas a fixar, e posteriormente comunicadas \u00e0 Autoridade Tribut\u00e1ria e Aduaneira.<\/p>\n","protected":false},"excerpt":{"rendered":"<p>Foram aprovadas, na \u00faltima reuni\u00e3o do executivo lacobrigense, ontem realizada, tr\u00eas propostas para reduzir a carga fiscal sobre as empresas<\/p>\n","protected":false},"author":1,"featured_media":1524,"comment_status":"closed","ping_status":"open","sticky":false,"template":"","format":"standard","meta":{"colormag_page_container_layout":"default_layout","colormag_page_sidebar_layout":"default_layout","_monsterinsights_skip_tracking":false,"_monsterinsights_sitenote_active":false,"_monsterinsights_sitenote_note":"","_monsterinsights_sitenote_category":0,"jetpack_post_was_ever_published":false,"_jetpack_newsletter_access":"","_jetpack_dont_email_post_to_subs":false,"_jetpack_newsletter_tier_id":0,"_jetpack_memberships_contains_paywalled_content":false,"_jetpack_memberships_contains_paid_content":false,"footnotes":"","jetpack_publicize_message":"","jetpack_publicize_feature_enabled":true,"jetpack_social_post_already_shared":true,"jetpack_social_options":{"image_generator_settings":{"template":"highway","default_image_id":0,"font":"","enabled":false},"version":2}},"categories":[11,151],"tags":[68],"class_list":["post-1523","post","type-post","status-publish","format-standard","has-post-thumbnail","hentry","category-atualidade","category-economia","tag-lagos"],"yoast_head":"<!-- This site is optimized with the Yoast SEO plugin v27.5 - https:\/\/yoast.com\/product\/yoast-seo-wordpress\/ -->\n<title>C\u00e2mara de Lagos aprova redu\u00e7\u00e3o da carga fiscal sobre as empresas e fam\u00edlias - Algarve 7<\/title>\n<meta name=\"description\" content=\"C\u00e2mara de Lagos aprova redu\u00e7\u00e3o da carga fiscal sobre as empresas e fam\u00edlias\" \/>\n<meta name=\"robots\" content=\"index, follow, max-snippet:-1, max-image-preview:large, max-video-preview:-1\" \/>\n<link rel=\"canonical\" href=\"https:\/\/algarve7.pt\/index.php\/2020\/09\/camara-de-lagos-aprova-reducao-da-carga-fiscal-sobre-as-empresas-e-familias\/atualidade\/19\/17\/\" \/>\n<meta property=\"og:locale\" content=\"pt_PT\" \/>\n<meta property=\"og:type\" content=\"article\" \/>\n<meta property=\"og:title\" content=\"C\u00e2mara de Lagos aprova redu\u00e7\u00e3o da carga fiscal sobre as empresas e fam\u00edlias - Algarve 7\" \/>\n<meta property=\"og:description\" content=\"C\u00e2mara de Lagos aprova redu\u00e7\u00e3o da carga fiscal sobre as empresas e fam\u00edlias\" \/>\n<meta property=\"og:url\" content=\"https:\/\/algarve7.pt\/index.php\/2020\/09\/camara-de-lagos-aprova-reducao-da-carga-fiscal-sobre-as-empresas-e-familias\/atualidade\/19\/17\/\" \/>\n<meta property=\"og:site_name\" content=\"Algarve 7\" \/>\n<meta property=\"article:publisher\" content=\"https:\/\/www.facebook.com\/algarve7\" \/>\n<meta property=\"article:author\" content=\"https:\/\/www.facebook.com\/algarve7\" \/>\n<meta property=\"article:published_time\" content=\"2020-09-17T18:17:46+00:00\" \/>\n<meta property=\"article:modified_time\" content=\"2020-09-17T19:02:49+00:00\" \/>\n<meta property=\"og:image\" content=\"https:\/\/algarve7.pt\/wp-content\/uploads\/2020\/09\/aereas-lagos-63-OCS.jpg\" \/>\n\t<meta property=\"og:image:width\" content=\"1200\" \/>\n\t<meta property=\"og:image:height\" content=\"901\" \/>\n\t<meta property=\"og:image:type\" content=\"image\/jpeg\" \/>\n<meta name=\"author\" content=\"Algarve 7\" \/>\n<meta name=\"twitter:card\" content=\"summary_large_image\" \/>\n<meta name=\"twitter:creator\" content=\"@Algarvesete\" \/>\n<meta name=\"twitter:site\" content=\"@Algarvesete\" \/>\n<meta name=\"twitter:label1\" content=\"Escrito por\" \/>\n\t<meta name=\"twitter:data1\" content=\"Algarve 7\" \/>\n\t<meta name=\"twitter:label2\" content=\"Tempo estimado de leitura\" \/>\n\t<meta name=\"twitter:data2\" content=\"4 minutos\" \/>\n<script type=\"application\/ld+json\" class=\"yoast-schema-graph\">{\"@context\":\"https:\\\/\\\/schema.org\",\"@graph\":[{\"@type\":\"Article\",\"@id\":\"https:\\\/\\\/algarve7.pt\\\/index.php\\\/2020\\\/09\\\/camara-de-lagos-aprova-reducao-da-carga-fiscal-sobre-as-empresas-e-familias\\\/atualidade\\\/19\\\/17\\\/#article\",\"isPartOf\":{\"@id\":\"https:\\\/\\\/algarve7.pt\\\/index.php\\\/2020\\\/09\\\/camara-de-lagos-aprova-reducao-da-carga-fiscal-sobre-as-empresas-e-familias\\\/atualidade\\\/19\\\/17\\\/\"},\"author\":{\"name\":\"Algarve 7\",\"@id\":\"https:\\\/\\\/algarve7.pt\\\/#\\\/schema\\\/person\\\/23fa70681308e7b319a3204bcea45e0c\"},\"headline\":\"C\u00e2mara de Lagos aprova redu\u00e7\u00e3o da carga fiscal sobre as empresas e fam\u00edlias\",\"datePublished\":\"2020-09-17T18:17:46+00:00\",\"dateModified\":\"2020-09-17T19:02:49+00:00\",\"mainEntityOfPage\":{\"@id\":\"https:\\\/\\\/algarve7.pt\\\/index.php\\\/2020\\\/09\\\/camara-de-lagos-aprova-reducao-da-carga-fiscal-sobre-as-empresas-e-familias\\\/atualidade\\\/19\\\/17\\\/\"},\"wordCount\":730,\"publisher\":{\"@id\":\"https:\\\/\\\/algarve7.pt\\\/#organization\"},\"image\":{\"@id\":\"https:\\\/\\\/algarve7.pt\\\/index.php\\\/2020\\\/09\\\/camara-de-lagos-aprova-reducao-da-carga-fiscal-sobre-as-empresas-e-familias\\\/atualidade\\\/19\\\/17\\\/#primaryimage\"},\"thumbnailUrl\":\"https:\\\/\\\/algarve7.pt\\\/wp-content\\\/uploads\\\/2020\\\/09\\\/aereas-lagos-63-OCS.jpg\",\"keywords\":[\"Lagos\"],\"articleSection\":[\"Atualidade\",\"Economia\"],\"inLanguage\":\"pt-PT\"},{\"@type\":\"WebPage\",\"@id\":\"https:\\\/\\\/algarve7.pt\\\/index.php\\\/2020\\\/09\\\/camara-de-lagos-aprova-reducao-da-carga-fiscal-sobre-as-empresas-e-familias\\\/atualidade\\\/19\\\/17\\\/\",\"url\":\"https:\\\/\\\/algarve7.pt\\\/index.php\\\/2020\\\/09\\\/camara-de-lagos-aprova-reducao-da-carga-fiscal-sobre-as-empresas-e-familias\\\/atualidade\\\/19\\\/17\\\/\",\"name\":\"C\u00e2mara de Lagos aprova redu\u00e7\u00e3o da carga fiscal sobre as empresas e fam\u00edlias - Algarve 7\",\"isPartOf\":{\"@id\":\"https:\\\/\\\/algarve7.pt\\\/#website\"},\"primaryImageOfPage\":{\"@id\":\"https:\\\/\\\/algarve7.pt\\\/index.php\\\/2020\\\/09\\\/camara-de-lagos-aprova-reducao-da-carga-fiscal-sobre-as-empresas-e-familias\\\/atualidade\\\/19\\\/17\\\/#primaryimage\"},\"image\":{\"@id\":\"https:\\\/\\\/algarve7.pt\\\/index.php\\\/2020\\\/09\\\/camara-de-lagos-aprova-reducao-da-carga-fiscal-sobre-as-empresas-e-familias\\\/atualidade\\\/19\\\/17\\\/#primaryimage\"},\"thumbnailUrl\":\"https:\\\/\\\/algarve7.pt\\\/wp-content\\\/uploads\\\/2020\\\/09\\\/aereas-lagos-63-OCS.jpg\",\"datePublished\":\"2020-09-17T18:17:46+00:00\",\"dateModified\":\"2020-09-17T19:02:49+00:00\",\"description\":\"C\u00e2mara de Lagos aprova redu\u00e7\u00e3o da carga fiscal sobre as empresas e fam\u00edlias\",\"breadcrumb\":{\"@id\":\"https:\\\/\\\/algarve7.pt\\\/index.php\\\/2020\\\/09\\\/camara-de-lagos-aprova-reducao-da-carga-fiscal-sobre-as-empresas-e-familias\\\/atualidade\\\/19\\\/17\\\/#breadcrumb\"},\"inLanguage\":\"pt-PT\",\"potentialAction\":[{\"@type\":\"ReadAction\",\"target\":[\"https:\\\/\\\/algarve7.pt\\\/index.php\\\/2020\\\/09\\\/camara-de-lagos-aprova-reducao-da-carga-fiscal-sobre-as-empresas-e-familias\\\/atualidade\\\/19\\\/17\\\/\"]}]},{\"@type\":\"ImageObject\",\"inLanguage\":\"pt-PT\",\"@id\":\"https:\\\/\\\/algarve7.pt\\\/index.php\\\/2020\\\/09\\\/camara-de-lagos-aprova-reducao-da-carga-fiscal-sobre-as-empresas-e-familias\\\/atualidade\\\/19\\\/17\\\/#primaryimage\",\"url\":\"https:\\\/\\\/algarve7.pt\\\/wp-content\\\/uploads\\\/2020\\\/09\\\/aereas-lagos-63-OCS.jpg\",\"contentUrl\":\"https:\\\/\\\/algarve7.pt\\\/wp-content\\\/uploads\\\/2020\\\/09\\\/aereas-lagos-63-OCS.jpg\",\"width\":1200,\"height\":901,\"caption\":\"imagens a\u00e9reas de Lagos\"},{\"@type\":\"BreadcrumbList\",\"@id\":\"https:\\\/\\\/algarve7.pt\\\/index.php\\\/2020\\\/09\\\/camara-de-lagos-aprova-reducao-da-carga-fiscal-sobre-as-empresas-e-familias\\\/atualidade\\\/19\\\/17\\\/#breadcrumb\",\"itemListElement\":[{\"@type\":\"ListItem\",\"position\":1,\"name\":\"In\u00edcio\",\"item\":\"https:\\\/\\\/algarve7.pt\\\/\"},{\"@type\":\"ListItem\",\"position\":2,\"name\":\"C\u00e2mara de Lagos aprova redu\u00e7\u00e3o da carga fiscal sobre as empresas e fam\u00edlias\"}]},{\"@type\":\"WebSite\",\"@id\":\"https:\\\/\\\/algarve7.pt\\\/#website\",\"url\":\"https:\\\/\\\/algarve7.pt\\\/\",\"name\":\"Algarve 7\",\"description\":\"Informa\u00e7\u00e3o sobre o Algarve\",\"publisher\":{\"@id\":\"https:\\\/\\\/algarve7.pt\\\/#organization\"},\"potentialAction\":[{\"@type\":\"SearchAction\",\"target\":{\"@type\":\"EntryPoint\",\"urlTemplate\":\"https:\\\/\\\/algarve7.pt\\\/?s={search_term_string}\"},\"query-input\":{\"@type\":\"PropertyValueSpecification\",\"valueRequired\":true,\"valueName\":\"search_term_string\"}}],\"inLanguage\":\"pt-PT\"},{\"@type\":\"Organization\",\"@id\":\"https:\\\/\\\/algarve7.pt\\\/#organization\",\"name\":\"Algarve 7\",\"url\":\"https:\\\/\\\/algarve7.pt\\\/\",\"logo\":{\"@type\":\"ImageObject\",\"inLanguage\":\"pt-PT\",\"@id\":\"https:\\\/\\\/algarve7.pt\\\/#\\\/schema\\\/logo\\\/image\\\/\",\"url\":\"https:\\\/\\\/algarve7.pt\\\/wp-content\\\/uploads\\\/2020\\\/10\\\/Logo-8.jpg\",\"contentUrl\":\"https:\\\/\\\/algarve7.pt\\\/wp-content\\\/uploads\\\/2020\\\/10\\\/Logo-8.jpg\",\"width\":1680,\"height\":1186,\"caption\":\"Algarve 7\"},\"image\":{\"@id\":\"https:\\\/\\\/algarve7.pt\\\/#\\\/schema\\\/logo\\\/image\\\/\"},\"sameAs\":[\"https:\\\/\\\/www.facebook.com\\\/algarve7\",\"https:\\\/\\\/x.com\\\/Algarvesete\",\"https:\\\/\\\/www.instagram.com\\\/jornalalgarve7\\\/\",\"https:\\\/\\\/www.linkedin.com\\\/company\\\/algarve7\",\"https:\\\/\\\/www.pinterest.pt\\\/geral0939\\\/_created\\\/\"]},{\"@type\":\"Person\",\"@id\":\"https:\\\/\\\/algarve7.pt\\\/#\\\/schema\\\/person\\\/23fa70681308e7b319a3204bcea45e0c\",\"name\":\"Algarve 7\",\"sameAs\":[\"https:\\\/\\\/algarve7.pt\",\"https:\\\/\\\/www.facebook.com\\\/algarve7\"],\"url\":\"https:\\\/\\\/algarve7.pt\\\/index.php\\\/author\\\/geralalgarve7-pt\\\/\"}]}<\/script>\n<!-- \/ Yoast SEO plugin. -->","yoast_head_json":{"title":"C\u00e2mara de Lagos aprova redu\u00e7\u00e3o da carga fiscal sobre as empresas e fam\u00edlias - Algarve 7","description":"C\u00e2mara de Lagos aprova redu\u00e7\u00e3o da carga fiscal sobre as empresas e fam\u00edlias","robots":{"index":"index","follow":"follow","max-snippet":"max-snippet:-1","max-image-preview":"max-image-preview:large","max-video-preview":"max-video-preview:-1"},"canonical":"https:\/\/algarve7.pt\/index.php\/2020\/09\/camara-de-lagos-aprova-reducao-da-carga-fiscal-sobre-as-empresas-e-familias\/atualidade\/19\/17\/","og_locale":"pt_PT","og_type":"article","og_title":"C\u00e2mara de Lagos aprova redu\u00e7\u00e3o da carga fiscal sobre as empresas e fam\u00edlias - Algarve 7","og_description":"C\u00e2mara de Lagos aprova redu\u00e7\u00e3o da carga fiscal sobre as empresas e fam\u00edlias","og_url":"https:\/\/algarve7.pt\/index.php\/2020\/09\/camara-de-lagos-aprova-reducao-da-carga-fiscal-sobre-as-empresas-e-familias\/atualidade\/19\/17\/","og_site_name":"Algarve 7","article_publisher":"https:\/\/www.facebook.com\/algarve7","article_author":"https:\/\/www.facebook.com\/algarve7","article_published_time":"2020-09-17T18:17:46+00:00","article_modified_time":"2020-09-17T19:02:49+00:00","og_image":[{"width":1200,"height":901,"url":"https:\/\/algarve7.pt\/wp-content\/uploads\/2020\/09\/aereas-lagos-63-OCS.jpg","type":"image\/jpeg"}],"author":"Algarve 7","twitter_card":"summary_large_image","twitter_creator":"@Algarvesete","twitter_site":"@Algarvesete","twitter_misc":{"Escrito por":"Algarve 7","Tempo estimado de leitura":"4 minutos"},"schema":{"@context":"https:\/\/schema.org","@graph":[{"@type":"Article","@id":"https:\/\/algarve7.pt\/index.php\/2020\/09\/camara-de-lagos-aprova-reducao-da-carga-fiscal-sobre-as-empresas-e-familias\/atualidade\/19\/17\/#article","isPartOf":{"@id":"https:\/\/algarve7.pt\/index.php\/2020\/09\/camara-de-lagos-aprova-reducao-da-carga-fiscal-sobre-as-empresas-e-familias\/atualidade\/19\/17\/"},"author":{"name":"Algarve 7","@id":"https:\/\/algarve7.pt\/#\/schema\/person\/23fa70681308e7b319a3204bcea45e0c"},"headline":"C\u00e2mara de Lagos aprova redu\u00e7\u00e3o da carga fiscal sobre as empresas e fam\u00edlias","datePublished":"2020-09-17T18:17:46+00:00","dateModified":"2020-09-17T19:02:49+00:00","mainEntityOfPage":{"@id":"https:\/\/algarve7.pt\/index.php\/2020\/09\/camara-de-lagos-aprova-reducao-da-carga-fiscal-sobre-as-empresas-e-familias\/atualidade\/19\/17\/"},"wordCount":730,"publisher":{"@id":"https:\/\/algarve7.pt\/#organization"},"image":{"@id":"https:\/\/algarve7.pt\/index.php\/2020\/09\/camara-de-lagos-aprova-reducao-da-carga-fiscal-sobre-as-empresas-e-familias\/atualidade\/19\/17\/#primaryimage"},"thumbnailUrl":"https:\/\/algarve7.pt\/wp-content\/uploads\/2020\/09\/aereas-lagos-63-OCS.jpg","keywords":["Lagos"],"articleSection":["Atualidade","Economia"],"inLanguage":"pt-PT"},{"@type":"WebPage","@id":"https:\/\/algarve7.pt\/index.php\/2020\/09\/camara-de-lagos-aprova-reducao-da-carga-fiscal-sobre-as-empresas-e-familias\/atualidade\/19\/17\/","url":"https:\/\/algarve7.pt\/index.php\/2020\/09\/camara-de-lagos-aprova-reducao-da-carga-fiscal-sobre-as-empresas-e-familias\/atualidade\/19\/17\/","name":"C\u00e2mara de Lagos aprova redu\u00e7\u00e3o da carga fiscal sobre as empresas e fam\u00edlias - Algarve 7","isPartOf":{"@id":"https:\/\/algarve7.pt\/#website"},"primaryImageOfPage":{"@id":"https:\/\/algarve7.pt\/index.php\/2020\/09\/camara-de-lagos-aprova-reducao-da-carga-fiscal-sobre-as-empresas-e-familias\/atualidade\/19\/17\/#primaryimage"},"image":{"@id":"https:\/\/algarve7.pt\/index.php\/2020\/09\/camara-de-lagos-aprova-reducao-da-carga-fiscal-sobre-as-empresas-e-familias\/atualidade\/19\/17\/#primaryimage"},"thumbnailUrl":"https:\/\/algarve7.pt\/wp-content\/uploads\/2020\/09\/aereas-lagos-63-OCS.jpg","datePublished":"2020-09-17T18:17:46+00:00","dateModified":"2020-09-17T19:02:49+00:00","description":"C\u00e2mara de Lagos aprova redu\u00e7\u00e3o da carga fiscal sobre as empresas e fam\u00edlias","breadcrumb":{"@id":"https:\/\/algarve7.pt\/index.php\/2020\/09\/camara-de-lagos-aprova-reducao-da-carga-fiscal-sobre-as-empresas-e-familias\/atualidade\/19\/17\/#breadcrumb"},"inLanguage":"pt-PT","potentialAction":[{"@type":"ReadAction","target":["https:\/\/algarve7.pt\/index.php\/2020\/09\/camara-de-lagos-aprova-reducao-da-carga-fiscal-sobre-as-empresas-e-familias\/atualidade\/19\/17\/"]}]},{"@type":"ImageObject","inLanguage":"pt-PT","@id":"https:\/\/algarve7.pt\/index.php\/2020\/09\/camara-de-lagos-aprova-reducao-da-carga-fiscal-sobre-as-empresas-e-familias\/atualidade\/19\/17\/#primaryimage","url":"https:\/\/algarve7.pt\/wp-content\/uploads\/2020\/09\/aereas-lagos-63-OCS.jpg","contentUrl":"https:\/\/algarve7.pt\/wp-content\/uploads\/2020\/09\/aereas-lagos-63-OCS.jpg","width":1200,"height":901,"caption":"imagens a\u00e9reas de Lagos"},{"@type":"BreadcrumbList","@id":"https:\/\/algarve7.pt\/index.php\/2020\/09\/camara-de-lagos-aprova-reducao-da-carga-fiscal-sobre-as-empresas-e-familias\/atualidade\/19\/17\/#breadcrumb","itemListElement":[{"@type":"ListItem","position":1,"name":"In\u00edcio","item":"https:\/\/algarve7.pt\/"},{"@type":"ListItem","position":2,"name":"C\u00e2mara de Lagos aprova redu\u00e7\u00e3o da carga fiscal sobre as empresas e fam\u00edlias"}]},{"@type":"WebSite","@id":"https:\/\/algarve7.pt\/#website","url":"https:\/\/algarve7.pt\/","name":"Algarve 7","description":"Informa\u00e7\u00e3o sobre o Algarve","publisher":{"@id":"https:\/\/algarve7.pt\/#organization"},"potentialAction":[{"@type":"SearchAction","target":{"@type":"EntryPoint","urlTemplate":"https:\/\/algarve7.pt\/?s={search_term_string}"},"query-input":{"@type":"PropertyValueSpecification","valueRequired":true,"valueName":"search_term_string"}}],"inLanguage":"pt-PT"},{"@type":"Organization","@id":"https:\/\/algarve7.pt\/#organization","name":"Algarve 7","url":"https:\/\/algarve7.pt\/","logo":{"@type":"ImageObject","inLanguage":"pt-PT","@id":"https:\/\/algarve7.pt\/#\/schema\/logo\/image\/","url":"https:\/\/algarve7.pt\/wp-content\/uploads\/2020\/10\/Logo-8.jpg","contentUrl":"https:\/\/algarve7.pt\/wp-content\/uploads\/2020\/10\/Logo-8.jpg","width":1680,"height":1186,"caption":"Algarve 7"},"image":{"@id":"https:\/\/algarve7.pt\/#\/schema\/logo\/image\/"},"sameAs":["https:\/\/www.facebook.com\/algarve7","https:\/\/x.com\/Algarvesete","https:\/\/www.instagram.com\/jornalalgarve7\/","https:\/\/www.linkedin.com\/company\/algarve7","https:\/\/www.pinterest.pt\/geral0939\/_created\/"]},{"@type":"Person","@id":"https:\/\/algarve7.pt\/#\/schema\/person\/23fa70681308e7b319a3204bcea45e0c","name":"Algarve 7","sameAs":["https:\/\/algarve7.pt","https:\/\/www.facebook.com\/algarve7"],"url":"https:\/\/algarve7.pt\/index.php\/author\/geralalgarve7-pt\/"}]}},"jetpack_publicize_connections":[],"jetpack_featured_media_url":"https:\/\/algarve7.pt\/wp-content\/uploads\/2020\/09\/aereas-lagos-63-OCS.jpg","jetpack_shortlink":"https:\/\/wp.me\/pcezmW-oz","jetpack_sharing_enabled":true,"_links":{"self":[{"href":"https:\/\/algarve7.pt\/index.php\/wp-json\/wp\/v2\/posts\/1523","targetHints":{"allow":["GET"]}}],"collection":[{"href":"https:\/\/algarve7.pt\/index.php\/wp-json\/wp\/v2\/posts"}],"about":[{"href":"https:\/\/algarve7.pt\/index.php\/wp-json\/wp\/v2\/types\/post"}],"author":[{"embeddable":true,"href":"https:\/\/algarve7.pt\/index.php\/wp-json\/wp\/v2\/users\/1"}],"replies":[{"embeddable":true,"href":"https:\/\/algarve7.pt\/index.php\/wp-json\/wp\/v2\/comments?post=1523"}],"version-history":[{"count":0,"href":"https:\/\/algarve7.pt\/index.php\/wp-json\/wp\/v2\/posts\/1523\/revisions"}],"wp:featuredmedia":[{"embeddable":true,"href":"https:\/\/algarve7.pt\/index.php\/wp-json\/wp\/v2\/media\/1524"}],"wp:attachment":[{"href":"https:\/\/algarve7.pt\/index.php\/wp-json\/wp\/v2\/media?parent=1523"}],"wp:term":[{"taxonomy":"category","embeddable":true,"href":"https:\/\/algarve7.pt\/index.php\/wp-json\/wp\/v2\/categories?post=1523"},{"taxonomy":"post_tag","embeddable":true,"href":"https:\/\/algarve7.pt\/index.php\/wp-json\/wp\/v2\/tags?post=1523"}],"curies":[{"name":"wp","href":"https:\/\/api.w.org\/{rel}","templated":true}]}}