{"id":15211,"date":"2022-02-07T15:50:53","date_gmt":"2022-02-07T15:50:53","guid":{"rendered":"https:\/\/algarve7.pt\/?p=15211"},"modified":"2022-02-07T15:50:57","modified_gmt":"2022-02-07T15:50:57","slug":"navio-escola-sagres-da-marinha-celebra-60-anos-com-a-bandeira-portuguesa","status":"publish","type":"post","link":"https:\/\/algarve7.pt\/index.php\/2022\/02\/navio-escola-sagres-da-marinha-celebra-60-anos-com-a-bandeira-portuguesa\/nacional\/15\/50\/","title":{"rendered":"Navio-escola Sagres da Marinha celebra 60 anos com a Bandeira Portuguesa"},"content":{"rendered":"\n<p><strong>Foi no dia 8 de fevereiro de 1962 que o NRP Sagres i\u00e7ou, pela primeira vez, a Bandeira Portuguesa. Faz, amanh\u00e3, ter\u00e7a-feira, sessenta anos. O momento teve lugar, \u00e0 \u00e9poca, no Rio de Janeiro, na sequ\u00eancia do processo de aquisi\u00e7\u00e3o ao Brasil.<\/strong><\/p>\n\n\n\n<p>S\u00e3o 60 anos a cumprir a miss\u00e3o de Escola de Mar dos futuros oficiais da Marinha e a contribuir para a Pol\u00edtica Externa Portuguesa, de onde se destaca \u201co mundo de express\u00e3o portuguesa\u201d; \u201co acompanhamento e a valoriza\u00e7\u00e3o das comunidades portuguesas\u201d e a \u201cinternacionaliza\u00e7\u00e3o da economia\u201d.&nbsp;Atualmente, o navio tem uma guarni\u00e7\u00e3o composta por 103 militares e \u00e9 comandado pelo capit\u00e3o-de-fragata M\u00e1rio Fonte Domingues.&nbsp;<strong>Conhe\u00e7a mais sobre estes 60 anos do Navio-escola Sagres ao servi\u00e7o de Portugal<\/strong>&nbsp;A primeira viagem efetuada com Bandeira Portuguesa realizou-se entre o Rio de Janeiro e Lisboa, de 25 abril a 23 junho de 1962, com escalas em Recife (Brasil), Mindelo (Cabo Verde) e Funchal.&nbsp;O navio emblem\u00e1tico da Marinha regista um tempo total de&nbsp;7.273 dias de miss\u00f5es efetuadas, equivalente a 19,9 anos consecutivos em miss\u00e3o.&nbsp;A Sagres navegou, at\u00e9 ao momento, ao servi\u00e7o de Portugal, 108.026 horas, que significaria o equivalente a 12,3 anos ininterruptamente a navegar.&nbsp;O navio-escola da Marinha tem um total de 664.722 milhas navegadas, o que corresponde a 25,7 voltas ao Mundo.<br><br>Num total de 564 visitas a portos e fundeadouros estrangeiros, dos quais 266 pelo menos uma vez, os mais&nbsp; visitados pelo NRP Sagres s\u00e3o:&nbsp;Mindelo (Cabo Verde)&nbsp; &nbsp; &nbsp; &nbsp; &nbsp; &nbsp; &nbsp; &nbsp; &nbsp;32 vezes&nbsp;Rio de Janeiro (Brasil)&nbsp; &nbsp; &nbsp; &nbsp; &nbsp; &nbsp; &nbsp; &nbsp; &nbsp;14 vezesSta. Cruz de Tenerife (Espanha)&nbsp; &nbsp;11 vezesNew York e Boston (EUA)&nbsp; &nbsp; &nbsp; &nbsp; &nbsp; &nbsp; 10 vezes&nbsp;A tirada (viagem entre dois portos) que regista maior dura\u00e7\u00e3o de dias registou-se em 1982: 31 dias e 03 horas (27 de junho a 28 de julho), durante a regata Newport (EUA) \u2013 Lisboa.&nbsp;Mais recentemente, em 2020, o navio inscreveu na sua hist\u00f3ria, ao servi\u00e7o de Portugal, a tirada mais longa: 4.534 milhas (aproximadamente 7.297 Kms), efetuada em 28 dias e 3 horas (25 MAR \/ 22 ABR 2020), entre a Cidade do Cabo (\u00c1frica do Sul) e Mindelo (Cabo Verde).&nbsp;O navio-escola Sagres j\u00e1 cruzou o equador 35 vezes, 18 no sentido Sul &#8211; Norte e 17 no sentido Norte &#8211; Sul.<\/p>\n","protected":false},"excerpt":{"rendered":"<p>Foi no dia 8 de fevereiro de 1962 que o NRP Sagres i\u00e7ou, pela primeira vez, a Bandeira Portuguesa. Faz,<\/p>\n","protected":false},"author":1,"featured_media":15212,"comment_status":"closed","ping_status":"open","sticky":false,"template":"","format":"standard","meta":{"colormag_page_container_layout":"default_layout","colormag_page_sidebar_layout":"default_layout","_monsterinsights_skip_tracking":false,"_monsterinsights_sitenote_active":false,"_monsterinsights_sitenote_note":"","_monsterinsights_sitenote_category":0,"jetpack_post_was_ever_published":false,"_jetpack_newsletter_access":"","_jetpack_dont_email_post_to_subs":false,"_jetpack_newsletter_tier_id":0,"_jetpack_memberships_contains_paywalled_content":false,"_jetpack_memberships_contains_paid_content":false,"footnotes":"","jetpack_publicize_message":"","jetpack_publicize_feature_enabled":true,"jetpack_social_post_already_shared":true,"jetpack_social_options":{"image_generator_settings":{"template":"highway","default_image_id":0,"font":"","enabled":false},"version":2}},"categories":[189],"tags":[98],"class_list":["post-15211","post","type-post","status-publish","format-standard","has-post-thumbnail","hentry","category-nacional","tag-nacional"],"yoast_head":"<!-- This site is optimized with the Yoast SEO plugin v27.5 - https:\/\/yoast.com\/product\/yoast-seo-wordpress\/ -->\n<title>Navio-escola Sagres da Marinha celebra 60 anos com a Bandeira Portuguesa - Algarve 7<\/title>\n<meta name=\"description\" content=\"Navio-escola Sagres da Marinha celebra 60 anos com a Bandeira Portuguesa Nacional\" \/>\n<meta name=\"robots\" content=\"index, follow, max-snippet:-1, max-image-preview:large, max-video-preview:-1\" \/>\n<link rel=\"canonical\" href=\"https:\/\/algarve7.pt\/index.php\/2022\/02\/navio-escola-sagres-da-marinha-celebra-60-anos-com-a-bandeira-portuguesa\/nacional\/15\/50\/\" \/>\n<meta property=\"og:locale\" content=\"pt_PT\" \/>\n<meta property=\"og:type\" content=\"article\" \/>\n<meta property=\"og:title\" content=\"Navio-escola Sagres da Marinha celebra 60 anos com a Bandeira Portuguesa - Algarve 7\" \/>\n<meta property=\"og:description\" content=\"Navio-escola Sagres da Marinha celebra 60 anos com a Bandeira Portuguesa Nacional\" \/>\n<meta property=\"og:url\" content=\"https:\/\/algarve7.pt\/index.php\/2022\/02\/navio-escola-sagres-da-marinha-celebra-60-anos-com-a-bandeira-portuguesa\/nacional\/15\/50\/\" \/>\n<meta property=\"og:site_name\" content=\"Algarve 7\" \/>\n<meta property=\"article:publisher\" content=\"https:\/\/www.facebook.com\/algarve7\" \/>\n<meta property=\"article:author\" content=\"https:\/\/www.facebook.com\/algarve7\" \/>\n<meta property=\"article:published_time\" content=\"2022-02-07T15:50:53+00:00\" \/>\n<meta property=\"article:modified_time\" content=\"2022-02-07T15:50:57+00:00\" \/>\n<meta property=\"og:image\" content=\"https:\/\/algarve7.pt\/wp-content\/uploads\/2022\/02\/SAGRES_CABO-HORN.jpg\" \/>\n\t<meta property=\"og:image:width\" content=\"1920\" \/>\n\t<meta property=\"og:image:height\" content=\"1277\" \/>\n\t<meta property=\"og:image:type\" content=\"image\/jpeg\" \/>\n<meta name=\"author\" content=\"Algarve 7\" \/>\n<meta name=\"twitter:card\" content=\"summary_large_image\" \/>\n<meta name=\"twitter:creator\" content=\"@Algarvesete\" \/>\n<meta name=\"twitter:site\" content=\"@Algarvesete\" \/>\n<meta name=\"twitter:label1\" content=\"Escrito por\" \/>\n\t<meta name=\"twitter:data1\" content=\"Algarve 7\" \/>\n\t<meta name=\"twitter:label2\" content=\"Tempo estimado de leitura\" \/>\n\t<meta name=\"twitter:data2\" content=\"3 minutos\" \/>\n<script type=\"application\/ld+json\" class=\"yoast-schema-graph\">{\"@context\":\"https:\\\/\\\/schema.org\",\"@graph\":[{\"@type\":\"Article\",\"@id\":\"https:\\\/\\\/algarve7.pt\\\/index.php\\\/2022\\\/02\\\/navio-escola-sagres-da-marinha-celebra-60-anos-com-a-bandeira-portuguesa\\\/nacional\\\/15\\\/50\\\/#article\",\"isPartOf\":{\"@id\":\"https:\\\/\\\/algarve7.pt\\\/index.php\\\/2022\\\/02\\\/navio-escola-sagres-da-marinha-celebra-60-anos-com-a-bandeira-portuguesa\\\/nacional\\\/15\\\/50\\\/\"},\"author\":{\"name\":\"Algarve 7\",\"@id\":\"https:\\\/\\\/algarve7.pt\\\/#\\\/schema\\\/person\\\/23fa70681308e7b319a3204bcea45e0c\"},\"headline\":\"Navio-escola Sagres da Marinha celebra 60 anos com a Bandeira Portuguesa\",\"datePublished\":\"2022-02-07T15:50:53+00:00\",\"dateModified\":\"2022-02-07T15:50:57+00:00\",\"mainEntityOfPage\":{\"@id\":\"https:\\\/\\\/algarve7.pt\\\/index.php\\\/2022\\\/02\\\/navio-escola-sagres-da-marinha-celebra-60-anos-com-a-bandeira-portuguesa\\\/nacional\\\/15\\\/50\\\/\"},\"wordCount\":398,\"publisher\":{\"@id\":\"https:\\\/\\\/algarve7.pt\\\/#organization\"},\"image\":{\"@id\":\"https:\\\/\\\/algarve7.pt\\\/index.php\\\/2022\\\/02\\\/navio-escola-sagres-da-marinha-celebra-60-anos-com-a-bandeira-portuguesa\\\/nacional\\\/15\\\/50\\\/#primaryimage\"},\"thumbnailUrl\":\"https:\\\/\\\/algarve7.pt\\\/wp-content\\\/uploads\\\/2022\\\/02\\\/SAGRES_CABO-HORN.jpg\",\"keywords\":[\"Nacional\"],\"articleSection\":[\"Nacional\"],\"inLanguage\":\"pt-PT\"},{\"@type\":\"WebPage\",\"@id\":\"https:\\\/\\\/algarve7.pt\\\/index.php\\\/2022\\\/02\\\/navio-escola-sagres-da-marinha-celebra-60-anos-com-a-bandeira-portuguesa\\\/nacional\\\/15\\\/50\\\/\",\"url\":\"https:\\\/\\\/algarve7.pt\\\/index.php\\\/2022\\\/02\\\/navio-escola-sagres-da-marinha-celebra-60-anos-com-a-bandeira-portuguesa\\\/nacional\\\/15\\\/50\\\/\",\"name\":\"Navio-escola Sagres da Marinha celebra 60 anos com a Bandeira Portuguesa - Algarve 7\",\"isPartOf\":{\"@id\":\"https:\\\/\\\/algarve7.pt\\\/#website\"},\"primaryImageOfPage\":{\"@id\":\"https:\\\/\\\/algarve7.pt\\\/index.php\\\/2022\\\/02\\\/navio-escola-sagres-da-marinha-celebra-60-anos-com-a-bandeira-portuguesa\\\/nacional\\\/15\\\/50\\\/#primaryimage\"},\"image\":{\"@id\":\"https:\\\/\\\/algarve7.pt\\\/index.php\\\/2022\\\/02\\\/navio-escola-sagres-da-marinha-celebra-60-anos-com-a-bandeira-portuguesa\\\/nacional\\\/15\\\/50\\\/#primaryimage\"},\"thumbnailUrl\":\"https:\\\/\\\/algarve7.pt\\\/wp-content\\\/uploads\\\/2022\\\/02\\\/SAGRES_CABO-HORN.jpg\",\"datePublished\":\"2022-02-07T15:50:53+00:00\",\"dateModified\":\"2022-02-07T15:50:57+00:00\",\"description\":\"Navio-escola Sagres da Marinha celebra 60 anos com a Bandeira Portuguesa Nacional\",\"breadcrumb\":{\"@id\":\"https:\\\/\\\/algarve7.pt\\\/index.php\\\/2022\\\/02\\\/navio-escola-sagres-da-marinha-celebra-60-anos-com-a-bandeira-portuguesa\\\/nacional\\\/15\\\/50\\\/#breadcrumb\"},\"inLanguage\":\"pt-PT\",\"potentialAction\":[{\"@type\":\"ReadAction\",\"target\":[\"https:\\\/\\\/algarve7.pt\\\/index.php\\\/2022\\\/02\\\/navio-escola-sagres-da-marinha-celebra-60-anos-com-a-bandeira-portuguesa\\\/nacional\\\/15\\\/50\\\/\"]}]},{\"@type\":\"ImageObject\",\"inLanguage\":\"pt-PT\",\"@id\":\"https:\\\/\\\/algarve7.pt\\\/index.php\\\/2022\\\/02\\\/navio-escola-sagres-da-marinha-celebra-60-anos-com-a-bandeira-portuguesa\\\/nacional\\\/15\\\/50\\\/#primaryimage\",\"url\":\"https:\\\/\\\/algarve7.pt\\\/wp-content\\\/uploads\\\/2022\\\/02\\\/SAGRES_CABO-HORN.jpg\",\"contentUrl\":\"https:\\\/\\\/algarve7.pt\\\/wp-content\\\/uploads\\\/2022\\\/02\\\/SAGRES_CABO-HORN.jpg\",\"width\":1920,\"height\":1277,\"caption\":\"NRP Sagres no Cabo Horn\"},{\"@type\":\"BreadcrumbList\",\"@id\":\"https:\\\/\\\/algarve7.pt\\\/index.php\\\/2022\\\/02\\\/navio-escola-sagres-da-marinha-celebra-60-anos-com-a-bandeira-portuguesa\\\/nacional\\\/15\\\/50\\\/#breadcrumb\",\"itemListElement\":[{\"@type\":\"ListItem\",\"position\":1,\"name\":\"In\u00edcio\",\"item\":\"https:\\\/\\\/algarve7.pt\\\/\"},{\"@type\":\"ListItem\",\"position\":2,\"name\":\"Navio-escola Sagres da Marinha celebra 60 anos com a Bandeira Portuguesa\"}]},{\"@type\":\"WebSite\",\"@id\":\"https:\\\/\\\/algarve7.pt\\\/#website\",\"url\":\"https:\\\/\\\/algarve7.pt\\\/\",\"name\":\"Algarve 7\",\"description\":\"Informa\u00e7\u00e3o sobre o Algarve\",\"publisher\":{\"@id\":\"https:\\\/\\\/algarve7.pt\\\/#organization\"},\"potentialAction\":[{\"@type\":\"SearchAction\",\"target\":{\"@type\":\"EntryPoint\",\"urlTemplate\":\"https:\\\/\\\/algarve7.pt\\\/?s={search_term_string}\"},\"query-input\":{\"@type\":\"PropertyValueSpecification\",\"valueRequired\":true,\"valueName\":\"search_term_string\"}}],\"inLanguage\":\"pt-PT\"},{\"@type\":\"Organization\",\"@id\":\"https:\\\/\\\/algarve7.pt\\\/#organization\",\"name\":\"Algarve 7\",\"url\":\"https:\\\/\\\/algarve7.pt\\\/\",\"logo\":{\"@type\":\"ImageObject\",\"inLanguage\":\"pt-PT\",\"@id\":\"https:\\\/\\\/algarve7.pt\\\/#\\\/schema\\\/logo\\\/image\\\/\",\"url\":\"https:\\\/\\\/algarve7.pt\\\/wp-content\\\/uploads\\\/2020\\\/10\\\/Logo-8.jpg\",\"contentUrl\":\"https:\\\/\\\/algarve7.pt\\\/wp-content\\\/uploads\\\/2020\\\/10\\\/Logo-8.jpg\",\"width\":1680,\"height\":1186,\"caption\":\"Algarve 7\"},\"image\":{\"@id\":\"https:\\\/\\\/algarve7.pt\\\/#\\\/schema\\\/logo\\\/image\\\/\"},\"sameAs\":[\"https:\\\/\\\/www.facebook.com\\\/algarve7\",\"https:\\\/\\\/x.com\\\/Algarvesete\",\"https:\\\/\\\/www.instagram.com\\\/jornalalgarve7\\\/\",\"https:\\\/\\\/www.linkedin.com\\\/company\\\/algarve7\",\"https:\\\/\\\/www.pinterest.pt\\\/geral0939\\\/_created\\\/\"]},{\"@type\":\"Person\",\"@id\":\"https:\\\/\\\/algarve7.pt\\\/#\\\/schema\\\/person\\\/23fa70681308e7b319a3204bcea45e0c\",\"name\":\"Algarve 7\",\"sameAs\":[\"https:\\\/\\\/algarve7.pt\",\"https:\\\/\\\/www.facebook.com\\\/algarve7\"],\"url\":\"https:\\\/\\\/algarve7.pt\\\/index.php\\\/author\\\/geralalgarve7-pt\\\/\"}]}<\/script>\n<!-- \/ Yoast SEO plugin. -->","yoast_head_json":{"title":"Navio-escola Sagres da Marinha celebra 60 anos com a Bandeira Portuguesa - Algarve 7","description":"Navio-escola Sagres da Marinha celebra 60 anos com a Bandeira Portuguesa Nacional","robots":{"index":"index","follow":"follow","max-snippet":"max-snippet:-1","max-image-preview":"max-image-preview:large","max-video-preview":"max-video-preview:-1"},"canonical":"https:\/\/algarve7.pt\/index.php\/2022\/02\/navio-escola-sagres-da-marinha-celebra-60-anos-com-a-bandeira-portuguesa\/nacional\/15\/50\/","og_locale":"pt_PT","og_type":"article","og_title":"Navio-escola Sagres da Marinha celebra 60 anos com a Bandeira Portuguesa - Algarve 7","og_description":"Navio-escola Sagres da Marinha celebra 60 anos com a Bandeira Portuguesa Nacional","og_url":"https:\/\/algarve7.pt\/index.php\/2022\/02\/navio-escola-sagres-da-marinha-celebra-60-anos-com-a-bandeira-portuguesa\/nacional\/15\/50\/","og_site_name":"Algarve 7","article_publisher":"https:\/\/www.facebook.com\/algarve7","article_author":"https:\/\/www.facebook.com\/algarve7","article_published_time":"2022-02-07T15:50:53+00:00","article_modified_time":"2022-02-07T15:50:57+00:00","og_image":[{"width":1920,"height":1277,"url":"https:\/\/algarve7.pt\/wp-content\/uploads\/2022\/02\/SAGRES_CABO-HORN.jpg","type":"image\/jpeg"}],"author":"Algarve 7","twitter_card":"summary_large_image","twitter_creator":"@Algarvesete","twitter_site":"@Algarvesete","twitter_misc":{"Escrito por":"Algarve 7","Tempo estimado de leitura":"3 minutos"},"schema":{"@context":"https:\/\/schema.org","@graph":[{"@type":"Article","@id":"https:\/\/algarve7.pt\/index.php\/2022\/02\/navio-escola-sagres-da-marinha-celebra-60-anos-com-a-bandeira-portuguesa\/nacional\/15\/50\/#article","isPartOf":{"@id":"https:\/\/algarve7.pt\/index.php\/2022\/02\/navio-escola-sagres-da-marinha-celebra-60-anos-com-a-bandeira-portuguesa\/nacional\/15\/50\/"},"author":{"name":"Algarve 7","@id":"https:\/\/algarve7.pt\/#\/schema\/person\/23fa70681308e7b319a3204bcea45e0c"},"headline":"Navio-escola Sagres da Marinha celebra 60 anos com a Bandeira Portuguesa","datePublished":"2022-02-07T15:50:53+00:00","dateModified":"2022-02-07T15:50:57+00:00","mainEntityOfPage":{"@id":"https:\/\/algarve7.pt\/index.php\/2022\/02\/navio-escola-sagres-da-marinha-celebra-60-anos-com-a-bandeira-portuguesa\/nacional\/15\/50\/"},"wordCount":398,"publisher":{"@id":"https:\/\/algarve7.pt\/#organization"},"image":{"@id":"https:\/\/algarve7.pt\/index.php\/2022\/02\/navio-escola-sagres-da-marinha-celebra-60-anos-com-a-bandeira-portuguesa\/nacional\/15\/50\/#primaryimage"},"thumbnailUrl":"https:\/\/algarve7.pt\/wp-content\/uploads\/2022\/02\/SAGRES_CABO-HORN.jpg","keywords":["Nacional"],"articleSection":["Nacional"],"inLanguage":"pt-PT"},{"@type":"WebPage","@id":"https:\/\/algarve7.pt\/index.php\/2022\/02\/navio-escola-sagres-da-marinha-celebra-60-anos-com-a-bandeira-portuguesa\/nacional\/15\/50\/","url":"https:\/\/algarve7.pt\/index.php\/2022\/02\/navio-escola-sagres-da-marinha-celebra-60-anos-com-a-bandeira-portuguesa\/nacional\/15\/50\/","name":"Navio-escola Sagres da Marinha celebra 60 anos com a Bandeira Portuguesa - Algarve 7","isPartOf":{"@id":"https:\/\/algarve7.pt\/#website"},"primaryImageOfPage":{"@id":"https:\/\/algarve7.pt\/index.php\/2022\/02\/navio-escola-sagres-da-marinha-celebra-60-anos-com-a-bandeira-portuguesa\/nacional\/15\/50\/#primaryimage"},"image":{"@id":"https:\/\/algarve7.pt\/index.php\/2022\/02\/navio-escola-sagres-da-marinha-celebra-60-anos-com-a-bandeira-portuguesa\/nacional\/15\/50\/#primaryimage"},"thumbnailUrl":"https:\/\/algarve7.pt\/wp-content\/uploads\/2022\/02\/SAGRES_CABO-HORN.jpg","datePublished":"2022-02-07T15:50:53+00:00","dateModified":"2022-02-07T15:50:57+00:00","description":"Navio-escola Sagres da Marinha celebra 60 anos com a Bandeira Portuguesa Nacional","breadcrumb":{"@id":"https:\/\/algarve7.pt\/index.php\/2022\/02\/navio-escola-sagres-da-marinha-celebra-60-anos-com-a-bandeira-portuguesa\/nacional\/15\/50\/#breadcrumb"},"inLanguage":"pt-PT","potentialAction":[{"@type":"ReadAction","target":["https:\/\/algarve7.pt\/index.php\/2022\/02\/navio-escola-sagres-da-marinha-celebra-60-anos-com-a-bandeira-portuguesa\/nacional\/15\/50\/"]}]},{"@type":"ImageObject","inLanguage":"pt-PT","@id":"https:\/\/algarve7.pt\/index.php\/2022\/02\/navio-escola-sagres-da-marinha-celebra-60-anos-com-a-bandeira-portuguesa\/nacional\/15\/50\/#primaryimage","url":"https:\/\/algarve7.pt\/wp-content\/uploads\/2022\/02\/SAGRES_CABO-HORN.jpg","contentUrl":"https:\/\/algarve7.pt\/wp-content\/uploads\/2022\/02\/SAGRES_CABO-HORN.jpg","width":1920,"height":1277,"caption":"NRP Sagres no Cabo Horn"},{"@type":"BreadcrumbList","@id":"https:\/\/algarve7.pt\/index.php\/2022\/02\/navio-escola-sagres-da-marinha-celebra-60-anos-com-a-bandeira-portuguesa\/nacional\/15\/50\/#breadcrumb","itemListElement":[{"@type":"ListItem","position":1,"name":"In\u00edcio","item":"https:\/\/algarve7.pt\/"},{"@type":"ListItem","position":2,"name":"Navio-escola Sagres da Marinha celebra 60 anos com a Bandeira Portuguesa"}]},{"@type":"WebSite","@id":"https:\/\/algarve7.pt\/#website","url":"https:\/\/algarve7.pt\/","name":"Algarve 7","description":"Informa\u00e7\u00e3o sobre o Algarve","publisher":{"@id":"https:\/\/algarve7.pt\/#organization"},"potentialAction":[{"@type":"SearchAction","target":{"@type":"EntryPoint","urlTemplate":"https:\/\/algarve7.pt\/?s={search_term_string}"},"query-input":{"@type":"PropertyValueSpecification","valueRequired":true,"valueName":"search_term_string"}}],"inLanguage":"pt-PT"},{"@type":"Organization","@id":"https:\/\/algarve7.pt\/#organization","name":"Algarve 7","url":"https:\/\/algarve7.pt\/","logo":{"@type":"ImageObject","inLanguage":"pt-PT","@id":"https:\/\/algarve7.pt\/#\/schema\/logo\/image\/","url":"https:\/\/algarve7.pt\/wp-content\/uploads\/2020\/10\/Logo-8.jpg","contentUrl":"https:\/\/algarve7.pt\/wp-content\/uploads\/2020\/10\/Logo-8.jpg","width":1680,"height":1186,"caption":"Algarve 7"},"image":{"@id":"https:\/\/algarve7.pt\/#\/schema\/logo\/image\/"},"sameAs":["https:\/\/www.facebook.com\/algarve7","https:\/\/x.com\/Algarvesete","https:\/\/www.instagram.com\/jornalalgarve7\/","https:\/\/www.linkedin.com\/company\/algarve7","https:\/\/www.pinterest.pt\/geral0939\/_created\/"]},{"@type":"Person","@id":"https:\/\/algarve7.pt\/#\/schema\/person\/23fa70681308e7b319a3204bcea45e0c","name":"Algarve 7","sameAs":["https:\/\/algarve7.pt","https:\/\/www.facebook.com\/algarve7"],"url":"https:\/\/algarve7.pt\/index.php\/author\/geralalgarve7-pt\/"}]}},"jetpack_publicize_connections":[],"jetpack_featured_media_url":"https:\/\/algarve7.pt\/wp-content\/uploads\/2022\/02\/SAGRES_CABO-HORN.jpg","jetpack_shortlink":"https:\/\/wp.me\/pcezmW-3Xl","jetpack_sharing_enabled":true,"_links":{"self":[{"href":"https:\/\/algarve7.pt\/index.php\/wp-json\/wp\/v2\/posts\/15211","targetHints":{"allow":["GET"]}}],"collection":[{"href":"https:\/\/algarve7.pt\/index.php\/wp-json\/wp\/v2\/posts"}],"about":[{"href":"https:\/\/algarve7.pt\/index.php\/wp-json\/wp\/v2\/types\/post"}],"author":[{"embeddable":true,"href":"https:\/\/algarve7.pt\/index.php\/wp-json\/wp\/v2\/users\/1"}],"replies":[{"embeddable":true,"href":"https:\/\/algarve7.pt\/index.php\/wp-json\/wp\/v2\/comments?post=15211"}],"version-history":[{"count":0,"href":"https:\/\/algarve7.pt\/index.php\/wp-json\/wp\/v2\/posts\/15211\/revisions"}],"wp:featuredmedia":[{"embeddable":true,"href":"https:\/\/algarve7.pt\/index.php\/wp-json\/wp\/v2\/media\/15212"}],"wp:attachment":[{"href":"https:\/\/algarve7.pt\/index.php\/wp-json\/wp\/v2\/media?parent=15211"}],"wp:term":[{"taxonomy":"category","embeddable":true,"href":"https:\/\/algarve7.pt\/index.php\/wp-json\/wp\/v2\/categories?post=15211"},{"taxonomy":"post_tag","embeddable":true,"href":"https:\/\/algarve7.pt\/index.php\/wp-json\/wp\/v2\/tags?post=15211"}],"curies":[{"name":"wp","href":"https:\/\/api.w.org\/{rel}","templated":true}]}}