{"id":15082,"date":"2022-02-03T11:10:00","date_gmt":"2022-02-03T11:10:00","guid":{"rendered":"https:\/\/algarve7.pt\/?p=15082"},"modified":"2022-02-02T17:25:57","modified_gmt":"2022-02-02T17:25:57","slug":"substituicao-integral-do-passadico-da-praia-da-rocha-decorre-a-bom-ritmo","status":"publish","type":"post","link":"https:\/\/algarve7.pt\/index.php\/2022\/02\/substituicao-integral-do-passadico-da-praia-da-rocha-decorre-a-bom-ritmo\/atualidade\/11\/10\/","title":{"rendered":"Substitui\u00e7\u00e3o integral do passadi\u00e7o da Praia da Rocha decorre a bom ritmo"},"content":{"rendered":"\n<p>Decorre a bom ritmo a interven\u00e7\u00e3o global que o Munic\u00edpio de Portim\u00e3o est\u00e1 a proceder no passadi\u00e7o da Praia da Rocha, cuja estrutura, constru\u00edda h\u00e1 cerca de 16 anos, ser\u00e1 substitu\u00edda integralmente, o mesmo sucedendo com a ilumina\u00e7\u00e3o, num investimento aut\u00e1rquico superior a um milh\u00e3o de euros.<\/p>\n\n\n\n<p>Os trabalhos incidem na substitui\u00e7\u00e3o integral do atual passadi\u00e7o, com cerca de 1,5 km de extens\u00e3o, assim como dos respetivos acessos, atrav\u00e9s do recurso a novas madeiras com caracter\u00edsticas mais resilientes e adaptadas \u00e0s especificidades da zona, localizada a poucas centenas de metros do mar.<\/p>\n\n\n\n<p>No que toca \u00e0 ilumina\u00e7\u00e3o, vai permitir uma experi\u00eancia mais agrad\u00e1vel e segura durante os passeios noturnos, ao reduzir as zonas de sombra, servindo igualmente os acessos aos restaurantes instalados ao longo de passadi\u00e7o, atrav\u00e9s da coloca\u00e7\u00e3o de meia centena de lumin\u00e1rias LED com 5 metros de altura.<\/p>\n\n\n\n<p>Est\u00e1 tamb\u00e9m contemplada nesta interven\u00e7\u00e3o de fundo a instala\u00e7\u00e3o de infraestruturas de uma rede p\u00fablica de \u2018wireless\u2019, que ir\u00e1 permitir livre acesso \u00e0 internet em toda a \u00e1rea.<\/p>\n\n\n\n<p>Desde que entrou em funcionamento, no ano de 2006, o passadi\u00e7o da Praia da Rocha tem sido bastante frequentado por residentes e turistas para os seus passeios de lazer ou para frequentar os diversos restaurantes distribu\u00eddos ao longo do percurso, sendo muito utilizado no per\u00edodo noturno, particularmente na primavera e no ver\u00e3o.<\/p>\n","protected":false},"excerpt":{"rendered":"<p>Decorre a bom ritmo a interven\u00e7\u00e3o global que o Munic\u00edpio de Portim\u00e3o est\u00e1 a proceder no passadi\u00e7o da Praia da<\/p>\n","protected":false},"author":1,"featured_media":15083,"comment_status":"closed","ping_status":"open","sticky":false,"template":"","format":"standard","meta":{"colormag_page_container_layout":"default_layout","colormag_page_sidebar_layout":"default_layout","_monsterinsights_skip_tracking":false,"_monsterinsights_sitenote_active":false,"_monsterinsights_sitenote_note":"","_monsterinsights_sitenote_category":0,"jetpack_post_was_ever_published":false,"_jetpack_newsletter_access":"","_jetpack_dont_email_post_to_subs":false,"_jetpack_newsletter_tier_id":0,"_jetpack_memberships_contains_paywalled_content":false,"_jetpack_memberships_contains_paid_content":false,"footnotes":"","jetpack_publicize_message":"","jetpack_publicize_feature_enabled":true,"jetpack_social_post_already_shared":true,"jetpack_social_options":{"image_generator_settings":{"template":"highway","default_image_id":0,"font":"","enabled":false},"version":2}},"categories":[11],"tags":[36,99,72],"class_list":["post-15082","post","type-post","status-publish","format-standard","has-post-thumbnail","hentry","category-atualidade","tag-algarve","tag-obra","tag-portimao"],"yoast_head":"<!-- This site is optimized with the Yoast SEO plugin v27.5 - https:\/\/yoast.com\/product\/yoast-seo-wordpress\/ -->\n<title>Substitui\u00e7\u00e3o integral do passadi\u00e7o da Praia da Rocha decorre a bom ritmo - Algarve 7<\/title>\n<meta name=\"description\" content=\"Substitui\u00e7\u00e3o integral do passadi\u00e7o da Praia da Rocha decorre a bom ritmo Atualidade\" \/>\n<meta name=\"robots\" content=\"index, follow, max-snippet:-1, max-image-preview:large, max-video-preview:-1\" \/>\n<link rel=\"canonical\" href=\"https:\/\/algarve7.pt\/index.php\/2022\/02\/substituicao-integral-do-passadico-da-praia-da-rocha-decorre-a-bom-ritmo\/atualidade\/11\/10\/\" \/>\n<meta property=\"og:locale\" content=\"pt_PT\" \/>\n<meta property=\"og:type\" content=\"article\" \/>\n<meta property=\"og:title\" content=\"Substitui\u00e7\u00e3o integral do passadi\u00e7o da Praia da Rocha decorre a bom ritmo - Algarve 7\" \/>\n<meta property=\"og:description\" content=\"Substitui\u00e7\u00e3o integral do passadi\u00e7o da Praia da Rocha decorre a bom ritmo Atualidade\" \/>\n<meta property=\"og:url\" content=\"https:\/\/algarve7.pt\/index.php\/2022\/02\/substituicao-integral-do-passadico-da-praia-da-rocha-decorre-a-bom-ritmo\/atualidade\/11\/10\/\" \/>\n<meta property=\"og:site_name\" content=\"Algarve 7\" \/>\n<meta property=\"article:publisher\" content=\"https:\/\/www.facebook.com\/algarve7\" \/>\n<meta property=\"article:author\" content=\"https:\/\/www.facebook.com\/algarve7\" \/>\n<meta property=\"article:published_time\" content=\"2022-02-03T11:10:00+00:00\" \/>\n<meta property=\"og:image\" content=\"https:\/\/algarve7.pt\/wp-content\/uploads\/2022\/02\/Obras-20jan2.jpg\" \/>\n\t<meta property=\"og:image:width\" content=\"1280\" \/>\n\t<meta property=\"og:image:height\" content=\"806\" \/>\n\t<meta property=\"og:image:type\" content=\"image\/jpeg\" \/>\n<meta name=\"author\" content=\"Algarve 7\" \/>\n<meta name=\"twitter:card\" content=\"summary_large_image\" \/>\n<meta name=\"twitter:creator\" content=\"@Algarvesete\" \/>\n<meta name=\"twitter:site\" content=\"@Algarvesete\" \/>\n<meta name=\"twitter:label1\" content=\"Escrito por\" \/>\n\t<meta name=\"twitter:data1\" content=\"Algarve 7\" \/>\n\t<meta name=\"twitter:label2\" content=\"Tempo estimado de leitura\" \/>\n\t<meta name=\"twitter:data2\" content=\"2 minutos\" \/>\n<script type=\"application\/ld+json\" class=\"yoast-schema-graph\">{\"@context\":\"https:\\\/\\\/schema.org\",\"@graph\":[{\"@type\":\"Article\",\"@id\":\"https:\\\/\\\/algarve7.pt\\\/index.php\\\/2022\\\/02\\\/substituicao-integral-do-passadico-da-praia-da-rocha-decorre-a-bom-ritmo\\\/atualidade\\\/11\\\/10\\\/#article\",\"isPartOf\":{\"@id\":\"https:\\\/\\\/algarve7.pt\\\/index.php\\\/2022\\\/02\\\/substituicao-integral-do-passadico-da-praia-da-rocha-decorre-a-bom-ritmo\\\/atualidade\\\/11\\\/10\\\/\"},\"author\":{\"name\":\"Algarve 7\",\"@id\":\"https:\\\/\\\/algarve7.pt\\\/#\\\/schema\\\/person\\\/23fa70681308e7b319a3204bcea45e0c\"},\"headline\":\"Substitui\u00e7\u00e3o integral do passadi\u00e7o da Praia da Rocha decorre a bom ritmo\",\"datePublished\":\"2022-02-03T11:10:00+00:00\",\"mainEntityOfPage\":{\"@id\":\"https:\\\/\\\/algarve7.pt\\\/index.php\\\/2022\\\/02\\\/substituicao-integral-do-passadico-da-praia-da-rocha-decorre-a-bom-ritmo\\\/atualidade\\\/11\\\/10\\\/\"},\"wordCount\":257,\"publisher\":{\"@id\":\"https:\\\/\\\/algarve7.pt\\\/#organization\"},\"image\":{\"@id\":\"https:\\\/\\\/algarve7.pt\\\/index.php\\\/2022\\\/02\\\/substituicao-integral-do-passadico-da-praia-da-rocha-decorre-a-bom-ritmo\\\/atualidade\\\/11\\\/10\\\/#primaryimage\"},\"thumbnailUrl\":\"https:\\\/\\\/algarve7.pt\\\/wp-content\\\/uploads\\\/2022\\\/02\\\/Obras-20jan2.jpg\",\"keywords\":[\"Algarve\",\"Obra\",\"Portim\u00e3o\"],\"articleSection\":[\"Atualidade\"],\"inLanguage\":\"pt-PT\"},{\"@type\":\"WebPage\",\"@id\":\"https:\\\/\\\/algarve7.pt\\\/index.php\\\/2022\\\/02\\\/substituicao-integral-do-passadico-da-praia-da-rocha-decorre-a-bom-ritmo\\\/atualidade\\\/11\\\/10\\\/\",\"url\":\"https:\\\/\\\/algarve7.pt\\\/index.php\\\/2022\\\/02\\\/substituicao-integral-do-passadico-da-praia-da-rocha-decorre-a-bom-ritmo\\\/atualidade\\\/11\\\/10\\\/\",\"name\":\"Substitui\u00e7\u00e3o integral do passadi\u00e7o da Praia da Rocha decorre a bom ritmo - Algarve 7\",\"isPartOf\":{\"@id\":\"https:\\\/\\\/algarve7.pt\\\/#website\"},\"primaryImageOfPage\":{\"@id\":\"https:\\\/\\\/algarve7.pt\\\/index.php\\\/2022\\\/02\\\/substituicao-integral-do-passadico-da-praia-da-rocha-decorre-a-bom-ritmo\\\/atualidade\\\/11\\\/10\\\/#primaryimage\"},\"image\":{\"@id\":\"https:\\\/\\\/algarve7.pt\\\/index.php\\\/2022\\\/02\\\/substituicao-integral-do-passadico-da-praia-da-rocha-decorre-a-bom-ritmo\\\/atualidade\\\/11\\\/10\\\/#primaryimage\"},\"thumbnailUrl\":\"https:\\\/\\\/algarve7.pt\\\/wp-content\\\/uploads\\\/2022\\\/02\\\/Obras-20jan2.jpg\",\"datePublished\":\"2022-02-03T11:10:00+00:00\",\"description\":\"Substitui\u00e7\u00e3o integral do passadi\u00e7o da Praia da Rocha decorre a bom ritmo Atualidade\",\"breadcrumb\":{\"@id\":\"https:\\\/\\\/algarve7.pt\\\/index.php\\\/2022\\\/02\\\/substituicao-integral-do-passadico-da-praia-da-rocha-decorre-a-bom-ritmo\\\/atualidade\\\/11\\\/10\\\/#breadcrumb\"},\"inLanguage\":\"pt-PT\",\"potentialAction\":[{\"@type\":\"ReadAction\",\"target\":[\"https:\\\/\\\/algarve7.pt\\\/index.php\\\/2022\\\/02\\\/substituicao-integral-do-passadico-da-praia-da-rocha-decorre-a-bom-ritmo\\\/atualidade\\\/11\\\/10\\\/\"]}]},{\"@type\":\"ImageObject\",\"inLanguage\":\"pt-PT\",\"@id\":\"https:\\\/\\\/algarve7.pt\\\/index.php\\\/2022\\\/02\\\/substituicao-integral-do-passadico-da-praia-da-rocha-decorre-a-bom-ritmo\\\/atualidade\\\/11\\\/10\\\/#primaryimage\",\"url\":\"https:\\\/\\\/algarve7.pt\\\/wp-content\\\/uploads\\\/2022\\\/02\\\/Obras-20jan2.jpg\",\"contentUrl\":\"https:\\\/\\\/algarve7.pt\\\/wp-content\\\/uploads\\\/2022\\\/02\\\/Obras-20jan2.jpg\",\"width\":1280,\"height\":806},{\"@type\":\"BreadcrumbList\",\"@id\":\"https:\\\/\\\/algarve7.pt\\\/index.php\\\/2022\\\/02\\\/substituicao-integral-do-passadico-da-praia-da-rocha-decorre-a-bom-ritmo\\\/atualidade\\\/11\\\/10\\\/#breadcrumb\",\"itemListElement\":[{\"@type\":\"ListItem\",\"position\":1,\"name\":\"In\u00edcio\",\"item\":\"https:\\\/\\\/algarve7.pt\\\/\"},{\"@type\":\"ListItem\",\"position\":2,\"name\":\"Substitui\u00e7\u00e3o integral do passadi\u00e7o da Praia da Rocha decorre a bom ritmo\"}]},{\"@type\":\"WebSite\",\"@id\":\"https:\\\/\\\/algarve7.pt\\\/#website\",\"url\":\"https:\\\/\\\/algarve7.pt\\\/\",\"name\":\"Algarve 7\",\"description\":\"Informa\u00e7\u00e3o sobre o Algarve\",\"publisher\":{\"@id\":\"https:\\\/\\\/algarve7.pt\\\/#organization\"},\"potentialAction\":[{\"@type\":\"SearchAction\",\"target\":{\"@type\":\"EntryPoint\",\"urlTemplate\":\"https:\\\/\\\/algarve7.pt\\\/?s={search_term_string}\"},\"query-input\":{\"@type\":\"PropertyValueSpecification\",\"valueRequired\":true,\"valueName\":\"search_term_string\"}}],\"inLanguage\":\"pt-PT\"},{\"@type\":\"Organization\",\"@id\":\"https:\\\/\\\/algarve7.pt\\\/#organization\",\"name\":\"Algarve 7\",\"url\":\"https:\\\/\\\/algarve7.pt\\\/\",\"logo\":{\"@type\":\"ImageObject\",\"inLanguage\":\"pt-PT\",\"@id\":\"https:\\\/\\\/algarve7.pt\\\/#\\\/schema\\\/logo\\\/image\\\/\",\"url\":\"https:\\\/\\\/algarve7.pt\\\/wp-content\\\/uploads\\\/2020\\\/10\\\/Logo-8.jpg\",\"contentUrl\":\"https:\\\/\\\/algarve7.pt\\\/wp-content\\\/uploads\\\/2020\\\/10\\\/Logo-8.jpg\",\"width\":1680,\"height\":1186,\"caption\":\"Algarve 7\"},\"image\":{\"@id\":\"https:\\\/\\\/algarve7.pt\\\/#\\\/schema\\\/logo\\\/image\\\/\"},\"sameAs\":[\"https:\\\/\\\/www.facebook.com\\\/algarve7\",\"https:\\\/\\\/x.com\\\/Algarvesete\",\"https:\\\/\\\/www.instagram.com\\\/jornalalgarve7\\\/\",\"https:\\\/\\\/www.linkedin.com\\\/company\\\/algarve7\",\"https:\\\/\\\/www.pinterest.pt\\\/geral0939\\\/_created\\\/\"]},{\"@type\":\"Person\",\"@id\":\"https:\\\/\\\/algarve7.pt\\\/#\\\/schema\\\/person\\\/23fa70681308e7b319a3204bcea45e0c\",\"name\":\"Algarve 7\",\"sameAs\":[\"https:\\\/\\\/algarve7.pt\",\"https:\\\/\\\/www.facebook.com\\\/algarve7\"],\"url\":\"https:\\\/\\\/algarve7.pt\\\/index.php\\\/author\\\/geralalgarve7-pt\\\/\"}]}<\/script>\n<!-- \/ Yoast SEO plugin. -->","yoast_head_json":{"title":"Substitui\u00e7\u00e3o integral do passadi\u00e7o da Praia da Rocha decorre a bom ritmo - Algarve 7","description":"Substitui\u00e7\u00e3o integral do passadi\u00e7o da Praia da Rocha decorre a bom ritmo Atualidade","robots":{"index":"index","follow":"follow","max-snippet":"max-snippet:-1","max-image-preview":"max-image-preview:large","max-video-preview":"max-video-preview:-1"},"canonical":"https:\/\/algarve7.pt\/index.php\/2022\/02\/substituicao-integral-do-passadico-da-praia-da-rocha-decorre-a-bom-ritmo\/atualidade\/11\/10\/","og_locale":"pt_PT","og_type":"article","og_title":"Substitui\u00e7\u00e3o integral do passadi\u00e7o da Praia da Rocha decorre a bom ritmo - Algarve 7","og_description":"Substitui\u00e7\u00e3o integral do passadi\u00e7o da Praia da Rocha decorre a bom ritmo Atualidade","og_url":"https:\/\/algarve7.pt\/index.php\/2022\/02\/substituicao-integral-do-passadico-da-praia-da-rocha-decorre-a-bom-ritmo\/atualidade\/11\/10\/","og_site_name":"Algarve 7","article_publisher":"https:\/\/www.facebook.com\/algarve7","article_author":"https:\/\/www.facebook.com\/algarve7","article_published_time":"2022-02-03T11:10:00+00:00","og_image":[{"width":1280,"height":806,"url":"https:\/\/algarve7.pt\/wp-content\/uploads\/2022\/02\/Obras-20jan2.jpg","type":"image\/jpeg"}],"author":"Algarve 7","twitter_card":"summary_large_image","twitter_creator":"@Algarvesete","twitter_site":"@Algarvesete","twitter_misc":{"Escrito por":"Algarve 7","Tempo estimado de leitura":"2 minutos"},"schema":{"@context":"https:\/\/schema.org","@graph":[{"@type":"Article","@id":"https:\/\/algarve7.pt\/index.php\/2022\/02\/substituicao-integral-do-passadico-da-praia-da-rocha-decorre-a-bom-ritmo\/atualidade\/11\/10\/#article","isPartOf":{"@id":"https:\/\/algarve7.pt\/index.php\/2022\/02\/substituicao-integral-do-passadico-da-praia-da-rocha-decorre-a-bom-ritmo\/atualidade\/11\/10\/"},"author":{"name":"Algarve 7","@id":"https:\/\/algarve7.pt\/#\/schema\/person\/23fa70681308e7b319a3204bcea45e0c"},"headline":"Substitui\u00e7\u00e3o integral do passadi\u00e7o da Praia da Rocha decorre a bom ritmo","datePublished":"2022-02-03T11:10:00+00:00","mainEntityOfPage":{"@id":"https:\/\/algarve7.pt\/index.php\/2022\/02\/substituicao-integral-do-passadico-da-praia-da-rocha-decorre-a-bom-ritmo\/atualidade\/11\/10\/"},"wordCount":257,"publisher":{"@id":"https:\/\/algarve7.pt\/#organization"},"image":{"@id":"https:\/\/algarve7.pt\/index.php\/2022\/02\/substituicao-integral-do-passadico-da-praia-da-rocha-decorre-a-bom-ritmo\/atualidade\/11\/10\/#primaryimage"},"thumbnailUrl":"https:\/\/algarve7.pt\/wp-content\/uploads\/2022\/02\/Obras-20jan2.jpg","keywords":["Algarve","Obra","Portim\u00e3o"],"articleSection":["Atualidade"],"inLanguage":"pt-PT"},{"@type":"WebPage","@id":"https:\/\/algarve7.pt\/index.php\/2022\/02\/substituicao-integral-do-passadico-da-praia-da-rocha-decorre-a-bom-ritmo\/atualidade\/11\/10\/","url":"https:\/\/algarve7.pt\/index.php\/2022\/02\/substituicao-integral-do-passadico-da-praia-da-rocha-decorre-a-bom-ritmo\/atualidade\/11\/10\/","name":"Substitui\u00e7\u00e3o integral do passadi\u00e7o da Praia da Rocha decorre a bom ritmo - Algarve 7","isPartOf":{"@id":"https:\/\/algarve7.pt\/#website"},"primaryImageOfPage":{"@id":"https:\/\/algarve7.pt\/index.php\/2022\/02\/substituicao-integral-do-passadico-da-praia-da-rocha-decorre-a-bom-ritmo\/atualidade\/11\/10\/#primaryimage"},"image":{"@id":"https:\/\/algarve7.pt\/index.php\/2022\/02\/substituicao-integral-do-passadico-da-praia-da-rocha-decorre-a-bom-ritmo\/atualidade\/11\/10\/#primaryimage"},"thumbnailUrl":"https:\/\/algarve7.pt\/wp-content\/uploads\/2022\/02\/Obras-20jan2.jpg","datePublished":"2022-02-03T11:10:00+00:00","description":"Substitui\u00e7\u00e3o integral do passadi\u00e7o da Praia da Rocha decorre a bom ritmo Atualidade","breadcrumb":{"@id":"https:\/\/algarve7.pt\/index.php\/2022\/02\/substituicao-integral-do-passadico-da-praia-da-rocha-decorre-a-bom-ritmo\/atualidade\/11\/10\/#breadcrumb"},"inLanguage":"pt-PT","potentialAction":[{"@type":"ReadAction","target":["https:\/\/algarve7.pt\/index.php\/2022\/02\/substituicao-integral-do-passadico-da-praia-da-rocha-decorre-a-bom-ritmo\/atualidade\/11\/10\/"]}]},{"@type":"ImageObject","inLanguage":"pt-PT","@id":"https:\/\/algarve7.pt\/index.php\/2022\/02\/substituicao-integral-do-passadico-da-praia-da-rocha-decorre-a-bom-ritmo\/atualidade\/11\/10\/#primaryimage","url":"https:\/\/algarve7.pt\/wp-content\/uploads\/2022\/02\/Obras-20jan2.jpg","contentUrl":"https:\/\/algarve7.pt\/wp-content\/uploads\/2022\/02\/Obras-20jan2.jpg","width":1280,"height":806},{"@type":"BreadcrumbList","@id":"https:\/\/algarve7.pt\/index.php\/2022\/02\/substituicao-integral-do-passadico-da-praia-da-rocha-decorre-a-bom-ritmo\/atualidade\/11\/10\/#breadcrumb","itemListElement":[{"@type":"ListItem","position":1,"name":"In\u00edcio","item":"https:\/\/algarve7.pt\/"},{"@type":"ListItem","position":2,"name":"Substitui\u00e7\u00e3o integral do passadi\u00e7o da Praia da Rocha decorre a bom ritmo"}]},{"@type":"WebSite","@id":"https:\/\/algarve7.pt\/#website","url":"https:\/\/algarve7.pt\/","name":"Algarve 7","description":"Informa\u00e7\u00e3o sobre o Algarve","publisher":{"@id":"https:\/\/algarve7.pt\/#organization"},"potentialAction":[{"@type":"SearchAction","target":{"@type":"EntryPoint","urlTemplate":"https:\/\/algarve7.pt\/?s={search_term_string}"},"query-input":{"@type":"PropertyValueSpecification","valueRequired":true,"valueName":"search_term_string"}}],"inLanguage":"pt-PT"},{"@type":"Organization","@id":"https:\/\/algarve7.pt\/#organization","name":"Algarve 7","url":"https:\/\/algarve7.pt\/","logo":{"@type":"ImageObject","inLanguage":"pt-PT","@id":"https:\/\/algarve7.pt\/#\/schema\/logo\/image\/","url":"https:\/\/algarve7.pt\/wp-content\/uploads\/2020\/10\/Logo-8.jpg","contentUrl":"https:\/\/algarve7.pt\/wp-content\/uploads\/2020\/10\/Logo-8.jpg","width":1680,"height":1186,"caption":"Algarve 7"},"image":{"@id":"https:\/\/algarve7.pt\/#\/schema\/logo\/image\/"},"sameAs":["https:\/\/www.facebook.com\/algarve7","https:\/\/x.com\/Algarvesete","https:\/\/www.instagram.com\/jornalalgarve7\/","https:\/\/www.linkedin.com\/company\/algarve7","https:\/\/www.pinterest.pt\/geral0939\/_created\/"]},{"@type":"Person","@id":"https:\/\/algarve7.pt\/#\/schema\/person\/23fa70681308e7b319a3204bcea45e0c","name":"Algarve 7","sameAs":["https:\/\/algarve7.pt","https:\/\/www.facebook.com\/algarve7"],"url":"https:\/\/algarve7.pt\/index.php\/author\/geralalgarve7-pt\/"}]}},"jetpack_publicize_connections":[],"jetpack_featured_media_url":"https:\/\/algarve7.pt\/wp-content\/uploads\/2022\/02\/Obras-20jan2.jpg","jetpack_shortlink":"https:\/\/wp.me\/pcezmW-3Vg","jetpack_sharing_enabled":true,"_links":{"self":[{"href":"https:\/\/algarve7.pt\/index.php\/wp-json\/wp\/v2\/posts\/15082","targetHints":{"allow":["GET"]}}],"collection":[{"href":"https:\/\/algarve7.pt\/index.php\/wp-json\/wp\/v2\/posts"}],"about":[{"href":"https:\/\/algarve7.pt\/index.php\/wp-json\/wp\/v2\/types\/post"}],"author":[{"embeddable":true,"href":"https:\/\/algarve7.pt\/index.php\/wp-json\/wp\/v2\/users\/1"}],"replies":[{"embeddable":true,"href":"https:\/\/algarve7.pt\/index.php\/wp-json\/wp\/v2\/comments?post=15082"}],"version-history":[{"count":0,"href":"https:\/\/algarve7.pt\/index.php\/wp-json\/wp\/v2\/posts\/15082\/revisions"}],"wp:featuredmedia":[{"embeddable":true,"href":"https:\/\/algarve7.pt\/index.php\/wp-json\/wp\/v2\/media\/15083"}],"wp:attachment":[{"href":"https:\/\/algarve7.pt\/index.php\/wp-json\/wp\/v2\/media?parent=15082"}],"wp:term":[{"taxonomy":"category","embeddable":true,"href":"https:\/\/algarve7.pt\/index.php\/wp-json\/wp\/v2\/categories?post=15082"},{"taxonomy":"post_tag","embeddable":true,"href":"https:\/\/algarve7.pt\/index.php\/wp-json\/wp\/v2\/tags?post=15082"}],"curies":[{"name":"wp","href":"https:\/\/api.w.org\/{rel}","templated":true}]}}