{"id":14901,"date":"2022-01-26T08:27:34","date_gmt":"2022-01-26T08:27:34","guid":{"rendered":"https:\/\/algarve7.pt\/?p=14901"},"modified":"2022-01-26T08:27:36","modified_gmt":"2022-01-26T08:27:36","slug":"amal-aprova-1o-pacote-de-candidaturas-no-ambito-do-prr-no-valor-de-2-milhoes-de-euros","status":"publish","type":"post","link":"https:\/\/algarve7.pt\/index.php\/2022\/01\/amal-aprova-1o-pacote-de-candidaturas-no-ambito-do-prr-no-valor-de-2-milhoes-de-euros\/economia\/08\/27\/","title":{"rendered":"AMAL aprova 1\u00ba pacote de candidaturas no \u00e2mbito do PRR no valor de 2 milh\u00f5es de euros"},"content":{"rendered":"\n<p>As sete candidaturas t\u00eam em vista a redu\u00e7\u00e3o de perdas de \u00e1gua nas redes de abastecimento e foram aprovadas no decorrer da 1\u00aa reuni\u00e3o da\u00a0Comiss\u00e3o de Gest\u00e3o do PRR, da Comunidade Intermunicipal do Algarve.\u00a0<\/p>\n\n\n\n<p>Estes primeiros sete projetos receberam luz verde num espa\u00e7o de quatro meses &#8211; desde que o processo se iniciou at\u00e9 \u00e0 aprova\u00e7\u00e3o dos projetos, na reuni\u00e3o de ontem &#8211; e representam um investimento de cerca de 2 milh\u00f5es de euros que permitir\u00e1 a implementa\u00e7\u00e3o de 72 Zonas de Medi\u00e7\u00e3o e Controlo e a cria\u00e7\u00e3o de 42 Zonas de Press\u00e3o Controlada, com vista \u00e0 redu\u00e7\u00e3o de perdas reais de \u00e1gua na regi\u00e3o do Algarve.<\/p>\n\n\n\n<p>O processo teve in\u00edcio em setembro do ano passado, quando a AMAL contratualizou com a Estrutura de Miss\u00e3o \u201cRECUPERAR PORTUGAL\u201d a concess\u00e3o de um apoio financeiro destinado ao \u201cPlano Regional de Efici\u00eancia H\u00eddrica do Algarve\u201d, enquadrado no Plano de Recupera\u00e7\u00e3o e Resili\u00eancia. Uma das medidas previstas nesse plano, a \u201cSM1 \u2013 Reduzir perdas de \u00e1gua no setor urbano\u201d, tem um valor total de 35 milh\u00f5es de euros e \u00e9 destinada \u00e0&nbsp;redu\u00e7\u00e3o do n\u00edvel de perdas reais de \u00e1gua nas redes de abastecimento em baixa.&nbsp;<\/p>\n\n\n\n<p>Ainda no decorrer do m\u00eas de setembro, foi lan\u00e7ado o 1\u00ba aviso para apresenta\u00e7\u00e3o de candidaturas, tendo sido apresentadas 26, com um total de investimento previsto de 19,6 milh\u00f5es de euros. Nestes \u00faltimos quatro meses, a Comunidade Intermunicipal tem analisado todas as candidaturas tendo sido agora aprovado o 1\u00ba pacote de sete.<\/p>\n\n\n\n<p>Este financiamento reveste a forma de subven\u00e7\u00e3o n\u00e3o reembols\u00e1vel, com 100% das despesas eleg\u00edveis atrav\u00e9s do&nbsp;fundo da&nbsp;Next Generation EU.<\/p>\n\n\n\n<p><br>A Comiss\u00e3o de Gest\u00e3o do PRR \u00e9 constitu\u00edda pelo Presidente da AMAL, Ant\u00f3nio Pina, que preside, pelo Diretor da Administra\u00e7\u00e3o da Regi\u00e3o Hidrogr\u00e1fica do Algarve, Pedro Coelho, e pelo representante da Universidade do Algarve, Jos\u00e9 Paulo Patr\u00edcio Geraldes Monteiro, (professor auxiliar da Faculdade de Ci\u00eancias e Tecnologia).<\/p>\n","protected":false},"excerpt":{"rendered":"<p>As sete candidaturas t\u00eam em vista a redu\u00e7\u00e3o de perdas de \u00e1gua nas redes de abastecimento e foram aprovadas no<\/p>\n","protected":false},"author":1,"featured_media":1203,"comment_status":"closed","ping_status":"open","sticky":false,"template":"","format":"standard","meta":{"colormag_page_container_layout":"default_layout","colormag_page_sidebar_layout":"default_layout","_monsterinsights_skip_tracking":false,"_monsterinsights_sitenote_active":false,"_monsterinsights_sitenote_note":"","_monsterinsights_sitenote_category":0,"jetpack_post_was_ever_published":false,"_jetpack_newsletter_access":"","_jetpack_dont_email_post_to_subs":false,"_jetpack_newsletter_tier_id":0,"_jetpack_memberships_contains_paywalled_content":false,"_jetpack_memberships_contains_paid_content":false,"footnotes":"","jetpack_publicize_message":"","jetpack_publicize_feature_enabled":true,"jetpack_social_post_already_shared":true,"jetpack_social_options":{"image_generator_settings":{"template":"highway","default_image_id":0,"font":"","enabled":false},"version":2}},"categories":[151],"tags":[36,207,153,534,405],"class_list":["post-14901","post","type-post","status-publish","format-standard","has-post-thumbnail","hentry","category-economia","tag-algarve","tag-amal","tag-economia","tag-plano-de-recuperacao-e-resiliencia-prr","tag-prr"],"yoast_head":"<!-- This site is optimized with the Yoast SEO plugin v27.5 - https:\/\/yoast.com\/product\/yoast-seo-wordpress\/ -->\n<title>AMAL aprova 1\u00ba pacote de candidaturas no \u00e2mbito do PRR no valor de 2 milh\u00f5es de euros - Algarve 7<\/title>\n<meta name=\"description\" content=\"AMAL aprova 1\u00ba pacote de candidaturas no \u00e2mbito do PRR no valor de 2 milh\u00f5es de euros Economia\" \/>\n<meta name=\"robots\" content=\"index, follow, max-snippet:-1, max-image-preview:large, max-video-preview:-1\" \/>\n<link rel=\"canonical\" href=\"https:\/\/algarve7.pt\/index.php\/2022\/01\/amal-aprova-1o-pacote-de-candidaturas-no-ambito-do-prr-no-valor-de-2-milhoes-de-euros\/economia\/08\/27\/\" \/>\n<meta property=\"og:locale\" content=\"pt_PT\" \/>\n<meta property=\"og:type\" content=\"article\" \/>\n<meta property=\"og:title\" content=\"AMAL aprova 1\u00ba pacote de candidaturas no \u00e2mbito do PRR no valor de 2 milh\u00f5es de euros - Algarve 7\" \/>\n<meta property=\"og:description\" content=\"AMAL aprova 1\u00ba pacote de candidaturas no \u00e2mbito do PRR no valor de 2 milh\u00f5es de euros Economia\" \/>\n<meta property=\"og:url\" content=\"https:\/\/algarve7.pt\/index.php\/2022\/01\/amal-aprova-1o-pacote-de-candidaturas-no-ambito-do-prr-no-valor-de-2-milhoes-de-euros\/economia\/08\/27\/\" \/>\n<meta property=\"og:site_name\" content=\"Algarve 7\" \/>\n<meta property=\"article:publisher\" content=\"https:\/\/www.facebook.com\/algarve7\" \/>\n<meta property=\"article:author\" content=\"https:\/\/www.facebook.com\/algarve7\" \/>\n<meta property=\"article:published_time\" content=\"2022-01-26T08:27:34+00:00\" \/>\n<meta property=\"article:modified_time\" content=\"2022-01-26T08:27:36+00:00\" \/>\n<meta property=\"og:image\" content=\"https:\/\/algarve7.pt\/wp-content\/uploads\/2020\/09\/img_0012.jpg\" \/>\n\t<meta property=\"og:image:width\" content=\"884\" \/>\n\t<meta property=\"og:image:height\" content=\"544\" \/>\n\t<meta property=\"og:image:type\" content=\"image\/jpeg\" \/>\n<meta name=\"author\" content=\"Algarve 7\" \/>\n<meta name=\"twitter:card\" content=\"summary_large_image\" \/>\n<meta name=\"twitter:creator\" content=\"@Algarvesete\" \/>\n<meta name=\"twitter:site\" content=\"@Algarvesete\" \/>\n<meta name=\"twitter:label1\" content=\"Escrito por\" \/>\n\t<meta name=\"twitter:data1\" content=\"Algarve 7\" \/>\n\t<meta name=\"twitter:label2\" content=\"Tempo estimado de leitura\" \/>\n\t<meta name=\"twitter:data2\" content=\"2 minutos\" \/>\n<script type=\"application\/ld+json\" class=\"yoast-schema-graph\">{\"@context\":\"https:\\\/\\\/schema.org\",\"@graph\":[{\"@type\":\"Article\",\"@id\":\"https:\\\/\\\/algarve7.pt\\\/index.php\\\/2022\\\/01\\\/amal-aprova-1o-pacote-de-candidaturas-no-ambito-do-prr-no-valor-de-2-milhoes-de-euros\\\/economia\\\/08\\\/27\\\/#article\",\"isPartOf\":{\"@id\":\"https:\\\/\\\/algarve7.pt\\\/index.php\\\/2022\\\/01\\\/amal-aprova-1o-pacote-de-candidaturas-no-ambito-do-prr-no-valor-de-2-milhoes-de-euros\\\/economia\\\/08\\\/27\\\/\"},\"author\":{\"name\":\"Algarve 7\",\"@id\":\"https:\\\/\\\/algarve7.pt\\\/#\\\/schema\\\/person\\\/23fa70681308e7b319a3204bcea45e0c\"},\"headline\":\"AMAL aprova 1\u00ba pacote de candidaturas no \u00e2mbito do PRR no valor de 2 milh\u00f5es de euros\",\"datePublished\":\"2022-01-26T08:27:34+00:00\",\"dateModified\":\"2022-01-26T08:27:36+00:00\",\"mainEntityOfPage\":{\"@id\":\"https:\\\/\\\/algarve7.pt\\\/index.php\\\/2022\\\/01\\\/amal-aprova-1o-pacote-de-candidaturas-no-ambito-do-prr-no-valor-de-2-milhoes-de-euros\\\/economia\\\/08\\\/27\\\/\"},\"wordCount\":360,\"publisher\":{\"@id\":\"https:\\\/\\\/algarve7.pt\\\/#organization\"},\"image\":{\"@id\":\"https:\\\/\\\/algarve7.pt\\\/index.php\\\/2022\\\/01\\\/amal-aprova-1o-pacote-de-candidaturas-no-ambito-do-prr-no-valor-de-2-milhoes-de-euros\\\/economia\\\/08\\\/27\\\/#primaryimage\"},\"thumbnailUrl\":\"https:\\\/\\\/algarve7.pt\\\/wp-content\\\/uploads\\\/2020\\\/09\\\/img_0012.jpg\",\"keywords\":[\"Algarve\",\"Amal\",\"Economia\",\"Plano de Recupera\u00e7\u00e3o e Resili\u00eancia (PRR)\",\"PRR\"],\"articleSection\":[\"Economia\"],\"inLanguage\":\"pt-PT\"},{\"@type\":\"WebPage\",\"@id\":\"https:\\\/\\\/algarve7.pt\\\/index.php\\\/2022\\\/01\\\/amal-aprova-1o-pacote-de-candidaturas-no-ambito-do-prr-no-valor-de-2-milhoes-de-euros\\\/economia\\\/08\\\/27\\\/\",\"url\":\"https:\\\/\\\/algarve7.pt\\\/index.php\\\/2022\\\/01\\\/amal-aprova-1o-pacote-de-candidaturas-no-ambito-do-prr-no-valor-de-2-milhoes-de-euros\\\/economia\\\/08\\\/27\\\/\",\"name\":\"AMAL aprova 1\u00ba pacote de candidaturas no \u00e2mbito do PRR no valor de 2 milh\u00f5es de euros - Algarve 7\",\"isPartOf\":{\"@id\":\"https:\\\/\\\/algarve7.pt\\\/#website\"},\"primaryImageOfPage\":{\"@id\":\"https:\\\/\\\/algarve7.pt\\\/index.php\\\/2022\\\/01\\\/amal-aprova-1o-pacote-de-candidaturas-no-ambito-do-prr-no-valor-de-2-milhoes-de-euros\\\/economia\\\/08\\\/27\\\/#primaryimage\"},\"image\":{\"@id\":\"https:\\\/\\\/algarve7.pt\\\/index.php\\\/2022\\\/01\\\/amal-aprova-1o-pacote-de-candidaturas-no-ambito-do-prr-no-valor-de-2-milhoes-de-euros\\\/economia\\\/08\\\/27\\\/#primaryimage\"},\"thumbnailUrl\":\"https:\\\/\\\/algarve7.pt\\\/wp-content\\\/uploads\\\/2020\\\/09\\\/img_0012.jpg\",\"datePublished\":\"2022-01-26T08:27:34+00:00\",\"dateModified\":\"2022-01-26T08:27:36+00:00\",\"description\":\"AMAL aprova 1\u00ba pacote de candidaturas no \u00e2mbito do PRR no valor de 2 milh\u00f5es de euros Economia\",\"breadcrumb\":{\"@id\":\"https:\\\/\\\/algarve7.pt\\\/index.php\\\/2022\\\/01\\\/amal-aprova-1o-pacote-de-candidaturas-no-ambito-do-prr-no-valor-de-2-milhoes-de-euros\\\/economia\\\/08\\\/27\\\/#breadcrumb\"},\"inLanguage\":\"pt-PT\",\"potentialAction\":[{\"@type\":\"ReadAction\",\"target\":[\"https:\\\/\\\/algarve7.pt\\\/index.php\\\/2022\\\/01\\\/amal-aprova-1o-pacote-de-candidaturas-no-ambito-do-prr-no-valor-de-2-milhoes-de-euros\\\/economia\\\/08\\\/27\\\/\"]}]},{\"@type\":\"ImageObject\",\"inLanguage\":\"pt-PT\",\"@id\":\"https:\\\/\\\/algarve7.pt\\\/index.php\\\/2022\\\/01\\\/amal-aprova-1o-pacote-de-candidaturas-no-ambito-do-prr-no-valor-de-2-milhoes-de-euros\\\/economia\\\/08\\\/27\\\/#primaryimage\",\"url\":\"https:\\\/\\\/algarve7.pt\\\/wp-content\\\/uploads\\\/2020\\\/09\\\/img_0012.jpg\",\"contentUrl\":\"https:\\\/\\\/algarve7.pt\\\/wp-content\\\/uploads\\\/2020\\\/09\\\/img_0012.jpg\",\"width\":884,\"height\":544},{\"@type\":\"BreadcrumbList\",\"@id\":\"https:\\\/\\\/algarve7.pt\\\/index.php\\\/2022\\\/01\\\/amal-aprova-1o-pacote-de-candidaturas-no-ambito-do-prr-no-valor-de-2-milhoes-de-euros\\\/economia\\\/08\\\/27\\\/#breadcrumb\",\"itemListElement\":[{\"@type\":\"ListItem\",\"position\":1,\"name\":\"In\u00edcio\",\"item\":\"https:\\\/\\\/algarve7.pt\\\/\"},{\"@type\":\"ListItem\",\"position\":2,\"name\":\"AMAL aprova 1\u00ba pacote de candidaturas no \u00e2mbito do PRR no valor de 2 milh\u00f5es de euros\"}]},{\"@type\":\"WebSite\",\"@id\":\"https:\\\/\\\/algarve7.pt\\\/#website\",\"url\":\"https:\\\/\\\/algarve7.pt\\\/\",\"name\":\"Algarve 7\",\"description\":\"Informa\u00e7\u00e3o sobre o Algarve\",\"publisher\":{\"@id\":\"https:\\\/\\\/algarve7.pt\\\/#organization\"},\"potentialAction\":[{\"@type\":\"SearchAction\",\"target\":{\"@type\":\"EntryPoint\",\"urlTemplate\":\"https:\\\/\\\/algarve7.pt\\\/?s={search_term_string}\"},\"query-input\":{\"@type\":\"PropertyValueSpecification\",\"valueRequired\":true,\"valueName\":\"search_term_string\"}}],\"inLanguage\":\"pt-PT\"},{\"@type\":\"Organization\",\"@id\":\"https:\\\/\\\/algarve7.pt\\\/#organization\",\"name\":\"Algarve 7\",\"url\":\"https:\\\/\\\/algarve7.pt\\\/\",\"logo\":{\"@type\":\"ImageObject\",\"inLanguage\":\"pt-PT\",\"@id\":\"https:\\\/\\\/algarve7.pt\\\/#\\\/schema\\\/logo\\\/image\\\/\",\"url\":\"https:\\\/\\\/algarve7.pt\\\/wp-content\\\/uploads\\\/2020\\\/10\\\/Logo-8.jpg\",\"contentUrl\":\"https:\\\/\\\/algarve7.pt\\\/wp-content\\\/uploads\\\/2020\\\/10\\\/Logo-8.jpg\",\"width\":1680,\"height\":1186,\"caption\":\"Algarve 7\"},\"image\":{\"@id\":\"https:\\\/\\\/algarve7.pt\\\/#\\\/schema\\\/logo\\\/image\\\/\"},\"sameAs\":[\"https:\\\/\\\/www.facebook.com\\\/algarve7\",\"https:\\\/\\\/x.com\\\/Algarvesete\",\"https:\\\/\\\/www.instagram.com\\\/jornalalgarve7\\\/\",\"https:\\\/\\\/www.linkedin.com\\\/company\\\/algarve7\",\"https:\\\/\\\/www.pinterest.pt\\\/geral0939\\\/_created\\\/\"]},{\"@type\":\"Person\",\"@id\":\"https:\\\/\\\/algarve7.pt\\\/#\\\/schema\\\/person\\\/23fa70681308e7b319a3204bcea45e0c\",\"name\":\"Algarve 7\",\"sameAs\":[\"https:\\\/\\\/algarve7.pt\",\"https:\\\/\\\/www.facebook.com\\\/algarve7\"],\"url\":\"https:\\\/\\\/algarve7.pt\\\/index.php\\\/author\\\/geralalgarve7-pt\\\/\"}]}<\/script>\n<!-- \/ Yoast SEO plugin. -->","yoast_head_json":{"title":"AMAL aprova 1\u00ba pacote de candidaturas no \u00e2mbito do PRR no valor de 2 milh\u00f5es de euros - Algarve 7","description":"AMAL aprova 1\u00ba pacote de candidaturas no \u00e2mbito do PRR no valor de 2 milh\u00f5es de euros Economia","robots":{"index":"index","follow":"follow","max-snippet":"max-snippet:-1","max-image-preview":"max-image-preview:large","max-video-preview":"max-video-preview:-1"},"canonical":"https:\/\/algarve7.pt\/index.php\/2022\/01\/amal-aprova-1o-pacote-de-candidaturas-no-ambito-do-prr-no-valor-de-2-milhoes-de-euros\/economia\/08\/27\/","og_locale":"pt_PT","og_type":"article","og_title":"AMAL aprova 1\u00ba pacote de candidaturas no \u00e2mbito do PRR no valor de 2 milh\u00f5es de euros - Algarve 7","og_description":"AMAL aprova 1\u00ba pacote de candidaturas no \u00e2mbito do PRR no valor de 2 milh\u00f5es de euros Economia","og_url":"https:\/\/algarve7.pt\/index.php\/2022\/01\/amal-aprova-1o-pacote-de-candidaturas-no-ambito-do-prr-no-valor-de-2-milhoes-de-euros\/economia\/08\/27\/","og_site_name":"Algarve 7","article_publisher":"https:\/\/www.facebook.com\/algarve7","article_author":"https:\/\/www.facebook.com\/algarve7","article_published_time":"2022-01-26T08:27:34+00:00","article_modified_time":"2022-01-26T08:27:36+00:00","og_image":[{"width":884,"height":544,"url":"https:\/\/algarve7.pt\/wp-content\/uploads\/2020\/09\/img_0012.jpg","type":"image\/jpeg"}],"author":"Algarve 7","twitter_card":"summary_large_image","twitter_creator":"@Algarvesete","twitter_site":"@Algarvesete","twitter_misc":{"Escrito por":"Algarve 7","Tempo estimado de leitura":"2 minutos"},"schema":{"@context":"https:\/\/schema.org","@graph":[{"@type":"Article","@id":"https:\/\/algarve7.pt\/index.php\/2022\/01\/amal-aprova-1o-pacote-de-candidaturas-no-ambito-do-prr-no-valor-de-2-milhoes-de-euros\/economia\/08\/27\/#article","isPartOf":{"@id":"https:\/\/algarve7.pt\/index.php\/2022\/01\/amal-aprova-1o-pacote-de-candidaturas-no-ambito-do-prr-no-valor-de-2-milhoes-de-euros\/economia\/08\/27\/"},"author":{"name":"Algarve 7","@id":"https:\/\/algarve7.pt\/#\/schema\/person\/23fa70681308e7b319a3204bcea45e0c"},"headline":"AMAL aprova 1\u00ba pacote de candidaturas no \u00e2mbito do PRR no valor de 2 milh\u00f5es de euros","datePublished":"2022-01-26T08:27:34+00:00","dateModified":"2022-01-26T08:27:36+00:00","mainEntityOfPage":{"@id":"https:\/\/algarve7.pt\/index.php\/2022\/01\/amal-aprova-1o-pacote-de-candidaturas-no-ambito-do-prr-no-valor-de-2-milhoes-de-euros\/economia\/08\/27\/"},"wordCount":360,"publisher":{"@id":"https:\/\/algarve7.pt\/#organization"},"image":{"@id":"https:\/\/algarve7.pt\/index.php\/2022\/01\/amal-aprova-1o-pacote-de-candidaturas-no-ambito-do-prr-no-valor-de-2-milhoes-de-euros\/economia\/08\/27\/#primaryimage"},"thumbnailUrl":"https:\/\/algarve7.pt\/wp-content\/uploads\/2020\/09\/img_0012.jpg","keywords":["Algarve","Amal","Economia","Plano de Recupera\u00e7\u00e3o e Resili\u00eancia (PRR)","PRR"],"articleSection":["Economia"],"inLanguage":"pt-PT"},{"@type":"WebPage","@id":"https:\/\/algarve7.pt\/index.php\/2022\/01\/amal-aprova-1o-pacote-de-candidaturas-no-ambito-do-prr-no-valor-de-2-milhoes-de-euros\/economia\/08\/27\/","url":"https:\/\/algarve7.pt\/index.php\/2022\/01\/amal-aprova-1o-pacote-de-candidaturas-no-ambito-do-prr-no-valor-de-2-milhoes-de-euros\/economia\/08\/27\/","name":"AMAL aprova 1\u00ba pacote de candidaturas no \u00e2mbito do PRR no valor de 2 milh\u00f5es de euros - Algarve 7","isPartOf":{"@id":"https:\/\/algarve7.pt\/#website"},"primaryImageOfPage":{"@id":"https:\/\/algarve7.pt\/index.php\/2022\/01\/amal-aprova-1o-pacote-de-candidaturas-no-ambito-do-prr-no-valor-de-2-milhoes-de-euros\/economia\/08\/27\/#primaryimage"},"image":{"@id":"https:\/\/algarve7.pt\/index.php\/2022\/01\/amal-aprova-1o-pacote-de-candidaturas-no-ambito-do-prr-no-valor-de-2-milhoes-de-euros\/economia\/08\/27\/#primaryimage"},"thumbnailUrl":"https:\/\/algarve7.pt\/wp-content\/uploads\/2020\/09\/img_0012.jpg","datePublished":"2022-01-26T08:27:34+00:00","dateModified":"2022-01-26T08:27:36+00:00","description":"AMAL aprova 1\u00ba pacote de candidaturas no \u00e2mbito do PRR no valor de 2 milh\u00f5es de euros Economia","breadcrumb":{"@id":"https:\/\/algarve7.pt\/index.php\/2022\/01\/amal-aprova-1o-pacote-de-candidaturas-no-ambito-do-prr-no-valor-de-2-milhoes-de-euros\/economia\/08\/27\/#breadcrumb"},"inLanguage":"pt-PT","potentialAction":[{"@type":"ReadAction","target":["https:\/\/algarve7.pt\/index.php\/2022\/01\/amal-aprova-1o-pacote-de-candidaturas-no-ambito-do-prr-no-valor-de-2-milhoes-de-euros\/economia\/08\/27\/"]}]},{"@type":"ImageObject","inLanguage":"pt-PT","@id":"https:\/\/algarve7.pt\/index.php\/2022\/01\/amal-aprova-1o-pacote-de-candidaturas-no-ambito-do-prr-no-valor-de-2-milhoes-de-euros\/economia\/08\/27\/#primaryimage","url":"https:\/\/algarve7.pt\/wp-content\/uploads\/2020\/09\/img_0012.jpg","contentUrl":"https:\/\/algarve7.pt\/wp-content\/uploads\/2020\/09\/img_0012.jpg","width":884,"height":544},{"@type":"BreadcrumbList","@id":"https:\/\/algarve7.pt\/index.php\/2022\/01\/amal-aprova-1o-pacote-de-candidaturas-no-ambito-do-prr-no-valor-de-2-milhoes-de-euros\/economia\/08\/27\/#breadcrumb","itemListElement":[{"@type":"ListItem","position":1,"name":"In\u00edcio","item":"https:\/\/algarve7.pt\/"},{"@type":"ListItem","position":2,"name":"AMAL aprova 1\u00ba pacote de candidaturas no \u00e2mbito do PRR no valor de 2 milh\u00f5es de euros"}]},{"@type":"WebSite","@id":"https:\/\/algarve7.pt\/#website","url":"https:\/\/algarve7.pt\/","name":"Algarve 7","description":"Informa\u00e7\u00e3o sobre o Algarve","publisher":{"@id":"https:\/\/algarve7.pt\/#organization"},"potentialAction":[{"@type":"SearchAction","target":{"@type":"EntryPoint","urlTemplate":"https:\/\/algarve7.pt\/?s={search_term_string}"},"query-input":{"@type":"PropertyValueSpecification","valueRequired":true,"valueName":"search_term_string"}}],"inLanguage":"pt-PT"},{"@type":"Organization","@id":"https:\/\/algarve7.pt\/#organization","name":"Algarve 7","url":"https:\/\/algarve7.pt\/","logo":{"@type":"ImageObject","inLanguage":"pt-PT","@id":"https:\/\/algarve7.pt\/#\/schema\/logo\/image\/","url":"https:\/\/algarve7.pt\/wp-content\/uploads\/2020\/10\/Logo-8.jpg","contentUrl":"https:\/\/algarve7.pt\/wp-content\/uploads\/2020\/10\/Logo-8.jpg","width":1680,"height":1186,"caption":"Algarve 7"},"image":{"@id":"https:\/\/algarve7.pt\/#\/schema\/logo\/image\/"},"sameAs":["https:\/\/www.facebook.com\/algarve7","https:\/\/x.com\/Algarvesete","https:\/\/www.instagram.com\/jornalalgarve7\/","https:\/\/www.linkedin.com\/company\/algarve7","https:\/\/www.pinterest.pt\/geral0939\/_created\/"]},{"@type":"Person","@id":"https:\/\/algarve7.pt\/#\/schema\/person\/23fa70681308e7b319a3204bcea45e0c","name":"Algarve 7","sameAs":["https:\/\/algarve7.pt","https:\/\/www.facebook.com\/algarve7"],"url":"https:\/\/algarve7.pt\/index.php\/author\/geralalgarve7-pt\/"}]}},"jetpack_publicize_connections":[],"jetpack_featured_media_url":"https:\/\/algarve7.pt\/wp-content\/uploads\/2020\/09\/img_0012.jpg","jetpack_shortlink":"https:\/\/wp.me\/pcezmW-3Sl","jetpack_sharing_enabled":true,"_links":{"self":[{"href":"https:\/\/algarve7.pt\/index.php\/wp-json\/wp\/v2\/posts\/14901","targetHints":{"allow":["GET"]}}],"collection":[{"href":"https:\/\/algarve7.pt\/index.php\/wp-json\/wp\/v2\/posts"}],"about":[{"href":"https:\/\/algarve7.pt\/index.php\/wp-json\/wp\/v2\/types\/post"}],"author":[{"embeddable":true,"href":"https:\/\/algarve7.pt\/index.php\/wp-json\/wp\/v2\/users\/1"}],"replies":[{"embeddable":true,"href":"https:\/\/algarve7.pt\/index.php\/wp-json\/wp\/v2\/comments?post=14901"}],"version-history":[{"count":0,"href":"https:\/\/algarve7.pt\/index.php\/wp-json\/wp\/v2\/posts\/14901\/revisions"}],"wp:featuredmedia":[{"embeddable":true,"href":"https:\/\/algarve7.pt\/index.php\/wp-json\/wp\/v2\/media\/1203"}],"wp:attachment":[{"href":"https:\/\/algarve7.pt\/index.php\/wp-json\/wp\/v2\/media?parent=14901"}],"wp:term":[{"taxonomy":"category","embeddable":true,"href":"https:\/\/algarve7.pt\/index.php\/wp-json\/wp\/v2\/categories?post=14901"},{"taxonomy":"post_tag","embeddable":true,"href":"https:\/\/algarve7.pt\/index.php\/wp-json\/wp\/v2\/tags?post=14901"}],"curies":[{"name":"wp","href":"https:\/\/api.w.org\/{rel}","templated":true}]}}