{"id":14895,"date":"2022-01-25T16:48:36","date_gmt":"2022-01-25T16:48:36","guid":{"rendered":"https:\/\/algarve7.pt\/?p=14895"},"modified":"2022-01-25T16:48:40","modified_gmt":"2022-01-25T16:48:40","slug":"hospital-de-sao-goncalo-de-lagos-passa-a-ser-resposta-hospitalar-exclusivamente-do-sns-integrado-no-chua","status":"publish","type":"post","link":"https:\/\/algarve7.pt\/index.php\/2022\/01\/hospital-de-sao-goncalo-de-lagos-passa-a-ser-resposta-hospitalar-exclusivamente-do-sns-integrado-no-chua\/saude\/16\/48\/","title":{"rendered":"Hospital de S\u00e3o Gon\u00e7alo de Lagos passa a ser resposta Hospitalar exclusivamente do SNS, integrado no CHUA"},"content":{"rendered":"\n<p>O Centro Hospitalar Universit\u00e1rio do Algarve (CHUA) passa a partir de hoje, 25 de janeiro, a contar com mais uma unidade hospitalar. O Hospital de S\u00e3o Gon\u00e7alo de Lagos (HSGL), cuja assinatura do contrato de cess\u00e3o de posi\u00e7\u00e3o contratual entre o HPA e o CHUA se realizou hoje, dispor\u00e1 de 44 camas, Bloco Operat\u00f3rio, Consultas, Laborat\u00f3rio, Imagiologia e Servi\u00e7o de Urg\u00eancia B\u00e1sico, permitindo assim a \u201camplia\u00e7\u00e3o da qualidade de cuidados de sa\u00fade, em seguran\u00e7a, pela imagem da regi\u00e3o\u201d.<\/p>\n\n\n\n<p>\u201cO contrato de arrendamento entre a CGD (FII Sa\u00fadeInveste) e o CHUA visa colocar e estabilizar no per\u00edmetro do SNS, as instala\u00e7\u00f5es do Hospital S. Gon\u00e7alo de Lagos (constru\u00e7\u00e3o de 2005), cujo internamento ocup\u00e1mos, h\u00e1 exatamente um ano, ainda com base na Lei da declara\u00e7\u00e3o do estado de emerg\u00eancia (jan. 2021), por acordo de ent\u00e3o entre a ARS Algarve e o grupo privado HPA (que termina a explora\u00e7\u00e3o), repondo e recuperando agora tamb\u00e9m a resposta em atividade cir\u00fargica e amplia\u00e7\u00e3o do respetivo internamento, em substitui\u00e7\u00e3o das instala\u00e7\u00f5es arrendadas do antigo hospital de Lagos (constru\u00e7\u00e3o de 1496) a operar no limite da seguran\u00e7a estrutural e cuja localiza\u00e7\u00e3o adversa \u00e9 deveras preocupante\u201d, refere o Conselho de Administra\u00e7\u00e3o do CHUA.<\/p>\n\n\n\n<p>A sess\u00e3o de assinatura deste contrato decorreu j\u00e1 nas instala\u00e7\u00f5es do Hospital de S\u00e3o Gon\u00e7alo e estiveram presentes o Conselho de Administra\u00e7\u00e3o do CHUA \u2013 a presidente Ana Varges Gomes, os vogais executivos Paulo Neves e Patr\u00edcia Rego, o Diretor Cl\u00ednico Hor\u00e1cio Guerreiro e a Enfermeira Diretora Mariana Santos \u2013 o Presidente do Conselho de Administra\u00e7\u00e3o e o Administrador do HPA, Jo\u00e3o Bacalhau e Artur Bacalhau, respetivamente, e a vereadora da C\u00e2mara Municipal de Lagos Sara Coelho.&nbsp;<\/p>\n\n\n\n<p>Ana Varges Gomes, Presidente do Conselho de Administra\u00e7\u00e3o do CHUA, real\u00e7ou a import\u00e2ncia deste \u201cmomento hist\u00f3rico para o CHUA, uma vez que nos vai permitir oferecer mais e melhores cuidados de sa\u00fade aos nossos utentes, trazendo os cuidados diferenciados para perto da popula\u00e7\u00e3o\u201d.<\/p>\n\n\n\n<p>Jo\u00e3o Bacalhau, presidente do Conselho de Administra\u00e7\u00e3o do Grupo HPA destacou \u201ca colabora\u00e7\u00e3o entre os prestadores de cuidados de sa\u00fade privados e o SNS em prol da popula\u00e7\u00e3o\u201d.<\/p>\n\n\n\n<p>J\u00e1 a vereadora Sara Coelho, na sua interven\u00e7\u00e3o, refor\u00e7ou o valor desta nova estrutura de sa\u00fade: \u201ceste novo hospital ao servi\u00e7o do SNS vai ser muito importante para o munic\u00edpio de Lagos e para as Terras do Infante, uma vez que o crescimento dos servi\u00e7os de sa\u00fade representa tamb\u00e9m o crescimento da regi\u00e3o\u201d.<\/p>\n\n\n\n<p>Recorde-se que as negocia\u00e7\u00f5es para o arrendamento deste espa\u00e7o hospitalar tiveram in\u00edcio em Mar\u00e7o de 2021, quando o Conselho de Administra\u00e7\u00e3o do CHUA manifestou \u00e0 tutela o interesse em desenvolver esfor\u00e7os para realizar, com acordo de princ\u00edpio do HPA, a transfer\u00eancia integral do antigo hospital de Lagos para o HSGL se para tanto conseguir as mesmas condi\u00e7\u00f5es de explora\u00e7\u00e3o desta unidade com o Fundo Imobili\u00e1rio da CGD, propriet\u00e1rio das instala\u00e7\u00f5es, que agora foi alcan\u00e7ado com a Portaria de Autoriza\u00e7\u00e3o assinada j\u00e1 pelas tutelas das Finan\u00e7as e Sa\u00fade.&nbsp;<\/p>\n\n\n\n<p>O Hospital de Lagos \u2013 sob gest\u00e3o do SNS passar\u00e1 a designar-se por Hospital Terras do Infante para o que se promover\u00e1 altera\u00e7\u00e3o de registo de denomina\u00e7\u00e3o sem preju\u00edzo da sua explora\u00e7\u00e3o imediata.<\/p>\n","protected":false},"excerpt":{"rendered":"<p>O Centro Hospitalar Universit\u00e1rio do Algarve (CHUA) passa a partir de hoje, 25 de janeiro, a contar com mais uma<\/p>\n","protected":false},"author":1,"featured_media":14896,"comment_status":"closed","ping_status":"open","sticky":false,"template":"","format":"standard","meta":{"colormag_page_container_layout":"default_layout","colormag_page_sidebar_layout":"default_layout","_monsterinsights_skip_tracking":false,"_monsterinsights_sitenote_active":false,"_monsterinsights_sitenote_note":"","_monsterinsights_sitenote_category":0,"jetpack_post_was_ever_published":false,"_jetpack_newsletter_access":"","_jetpack_dont_email_post_to_subs":false,"_jetpack_newsletter_tier_id":0,"_jetpack_memberships_contains_paywalled_content":false,"_jetpack_memberships_contains_paid_content":false,"footnotes":"","jetpack_publicize_message":"","jetpack_publicize_feature_enabled":true,"jetpack_social_post_already_shared":true,"jetpack_social_options":{"image_generator_settings":{"template":"highway","default_image_id":0,"font":"","enabled":false},"version":2}},"categories":[59],"tags":[36,68,58],"class_list":["post-14895","post","type-post","status-publish","format-standard","has-post-thumbnail","hentry","category-saude","tag-algarve","tag-lagos","tag-saude"],"yoast_head":"<!-- This site is optimized with the Yoast SEO plugin v27.5 - https:\/\/yoast.com\/product\/yoast-seo-wordpress\/ -->\n<title>Hospital de S\u00e3o Gon\u00e7alo de Lagos passa a ser resposta Hospitalar exclusivamente do SNS, integrado no CHUA - Algarve 7<\/title>\n<meta name=\"description\" content=\"Hospital de S\u00e3o Gon\u00e7alo de Lagos passa a ser resposta Hospitalar exclusivamente do SNS, integrado no CHUA Sa\u00fade\" \/>\n<meta name=\"robots\" content=\"index, follow, max-snippet:-1, max-image-preview:large, max-video-preview:-1\" \/>\n<link rel=\"canonical\" href=\"https:\/\/algarve7.pt\/index.php\/2022\/01\/hospital-de-sao-goncalo-de-lagos-passa-a-ser-resposta-hospitalar-exclusivamente-do-sns-integrado-no-chua\/saude\/16\/48\/\" \/>\n<meta property=\"og:locale\" content=\"pt_PT\" \/>\n<meta property=\"og:type\" content=\"article\" \/>\n<meta property=\"og:title\" content=\"Hospital de S\u00e3o Gon\u00e7alo de Lagos passa a ser resposta Hospitalar exclusivamente do SNS, integrado no CHUA - Algarve 7\" \/>\n<meta property=\"og:description\" content=\"Hospital de S\u00e3o Gon\u00e7alo de Lagos passa a ser resposta Hospitalar exclusivamente do SNS, integrado no CHUA Sa\u00fade\" \/>\n<meta property=\"og:url\" content=\"https:\/\/algarve7.pt\/index.php\/2022\/01\/hospital-de-sao-goncalo-de-lagos-passa-a-ser-resposta-hospitalar-exclusivamente-do-sns-integrado-no-chua\/saude\/16\/48\/\" \/>\n<meta property=\"og:site_name\" content=\"Algarve 7\" \/>\n<meta property=\"article:publisher\" content=\"https:\/\/www.facebook.com\/algarve7\" \/>\n<meta property=\"article:author\" content=\"https:\/\/www.facebook.com\/algarve7\" \/>\n<meta property=\"article:published_time\" content=\"2022-01-25T16:48:36+00:00\" \/>\n<meta property=\"article:modified_time\" content=\"2022-01-25T16:48:40+00:00\" \/>\n<meta property=\"og:image\" content=\"https:\/\/algarve7.pt\/wp-content\/uploads\/2022\/01\/assinatura-contrato-HSGL.jpg\" \/>\n\t<meta property=\"og:image:width\" content=\"1920\" \/>\n\t<meta property=\"og:image:height\" content=\"864\" \/>\n\t<meta property=\"og:image:type\" content=\"image\/jpeg\" \/>\n<meta name=\"author\" content=\"Algarve 7\" \/>\n<meta name=\"twitter:card\" content=\"summary_large_image\" \/>\n<meta name=\"twitter:creator\" content=\"@Algarvesete\" \/>\n<meta name=\"twitter:site\" content=\"@Algarvesete\" \/>\n<meta name=\"twitter:label1\" content=\"Escrito por\" \/>\n\t<meta name=\"twitter:data1\" content=\"Algarve 7\" \/>\n\t<meta name=\"twitter:label2\" content=\"Tempo estimado de leitura\" \/>\n\t<meta name=\"twitter:data2\" content=\"3 minutos\" \/>\n<script type=\"application\/ld+json\" class=\"yoast-schema-graph\">{\"@context\":\"https:\\\/\\\/schema.org\",\"@graph\":[{\"@type\":\"Article\",\"@id\":\"https:\\\/\\\/algarve7.pt\\\/index.php\\\/2022\\\/01\\\/hospital-de-sao-goncalo-de-lagos-passa-a-ser-resposta-hospitalar-exclusivamente-do-sns-integrado-no-chua\\\/saude\\\/16\\\/48\\\/#article\",\"isPartOf\":{\"@id\":\"https:\\\/\\\/algarve7.pt\\\/index.php\\\/2022\\\/01\\\/hospital-de-sao-goncalo-de-lagos-passa-a-ser-resposta-hospitalar-exclusivamente-do-sns-integrado-no-chua\\\/saude\\\/16\\\/48\\\/\"},\"author\":{\"name\":\"Algarve 7\",\"@id\":\"https:\\\/\\\/algarve7.pt\\\/#\\\/schema\\\/person\\\/23fa70681308e7b319a3204bcea45e0c\"},\"headline\":\"Hospital de S\u00e3o Gon\u00e7alo de Lagos passa a ser resposta Hospitalar exclusivamente do SNS, integrado no CHUA\",\"datePublished\":\"2022-01-25T16:48:36+00:00\",\"dateModified\":\"2022-01-25T16:48:40+00:00\",\"mainEntityOfPage\":{\"@id\":\"https:\\\/\\\/algarve7.pt\\\/index.php\\\/2022\\\/01\\\/hospital-de-sao-goncalo-de-lagos-passa-a-ser-resposta-hospitalar-exclusivamente-do-sns-integrado-no-chua\\\/saude\\\/16\\\/48\\\/\"},\"wordCount\":612,\"publisher\":{\"@id\":\"https:\\\/\\\/algarve7.pt\\\/#organization\"},\"image\":{\"@id\":\"https:\\\/\\\/algarve7.pt\\\/index.php\\\/2022\\\/01\\\/hospital-de-sao-goncalo-de-lagos-passa-a-ser-resposta-hospitalar-exclusivamente-do-sns-integrado-no-chua\\\/saude\\\/16\\\/48\\\/#primaryimage\"},\"thumbnailUrl\":\"https:\\\/\\\/algarve7.pt\\\/wp-content\\\/uploads\\\/2022\\\/01\\\/assinatura-contrato-HSGL.jpg\",\"keywords\":[\"Algarve\",\"Lagos\",\"Sa\u00fade\"],\"articleSection\":[\"Sa\u00fade\"],\"inLanguage\":\"pt-PT\"},{\"@type\":\"WebPage\",\"@id\":\"https:\\\/\\\/algarve7.pt\\\/index.php\\\/2022\\\/01\\\/hospital-de-sao-goncalo-de-lagos-passa-a-ser-resposta-hospitalar-exclusivamente-do-sns-integrado-no-chua\\\/saude\\\/16\\\/48\\\/\",\"url\":\"https:\\\/\\\/algarve7.pt\\\/index.php\\\/2022\\\/01\\\/hospital-de-sao-goncalo-de-lagos-passa-a-ser-resposta-hospitalar-exclusivamente-do-sns-integrado-no-chua\\\/saude\\\/16\\\/48\\\/\",\"name\":\"Hospital de S\u00e3o Gon\u00e7alo de Lagos passa a ser resposta Hospitalar exclusivamente do SNS, integrado no CHUA - Algarve 7\",\"isPartOf\":{\"@id\":\"https:\\\/\\\/algarve7.pt\\\/#website\"},\"primaryImageOfPage\":{\"@id\":\"https:\\\/\\\/algarve7.pt\\\/index.php\\\/2022\\\/01\\\/hospital-de-sao-goncalo-de-lagos-passa-a-ser-resposta-hospitalar-exclusivamente-do-sns-integrado-no-chua\\\/saude\\\/16\\\/48\\\/#primaryimage\"},\"image\":{\"@id\":\"https:\\\/\\\/algarve7.pt\\\/index.php\\\/2022\\\/01\\\/hospital-de-sao-goncalo-de-lagos-passa-a-ser-resposta-hospitalar-exclusivamente-do-sns-integrado-no-chua\\\/saude\\\/16\\\/48\\\/#primaryimage\"},\"thumbnailUrl\":\"https:\\\/\\\/algarve7.pt\\\/wp-content\\\/uploads\\\/2022\\\/01\\\/assinatura-contrato-HSGL.jpg\",\"datePublished\":\"2022-01-25T16:48:36+00:00\",\"dateModified\":\"2022-01-25T16:48:40+00:00\",\"description\":\"Hospital de S\u00e3o Gon\u00e7alo de Lagos passa a ser resposta Hospitalar exclusivamente do SNS, integrado no CHUA Sa\u00fade\",\"breadcrumb\":{\"@id\":\"https:\\\/\\\/algarve7.pt\\\/index.php\\\/2022\\\/01\\\/hospital-de-sao-goncalo-de-lagos-passa-a-ser-resposta-hospitalar-exclusivamente-do-sns-integrado-no-chua\\\/saude\\\/16\\\/48\\\/#breadcrumb\"},\"inLanguage\":\"pt-PT\",\"potentialAction\":[{\"@type\":\"ReadAction\",\"target\":[\"https:\\\/\\\/algarve7.pt\\\/index.php\\\/2022\\\/01\\\/hospital-de-sao-goncalo-de-lagos-passa-a-ser-resposta-hospitalar-exclusivamente-do-sns-integrado-no-chua\\\/saude\\\/16\\\/48\\\/\"]}]},{\"@type\":\"ImageObject\",\"inLanguage\":\"pt-PT\",\"@id\":\"https:\\\/\\\/algarve7.pt\\\/index.php\\\/2022\\\/01\\\/hospital-de-sao-goncalo-de-lagos-passa-a-ser-resposta-hospitalar-exclusivamente-do-sns-integrado-no-chua\\\/saude\\\/16\\\/48\\\/#primaryimage\",\"url\":\"https:\\\/\\\/algarve7.pt\\\/wp-content\\\/uploads\\\/2022\\\/01\\\/assinatura-contrato-HSGL.jpg\",\"contentUrl\":\"https:\\\/\\\/algarve7.pt\\\/wp-content\\\/uploads\\\/2022\\\/01\\\/assinatura-contrato-HSGL.jpg\",\"width\":1920,\"height\":864},{\"@type\":\"BreadcrumbList\",\"@id\":\"https:\\\/\\\/algarve7.pt\\\/index.php\\\/2022\\\/01\\\/hospital-de-sao-goncalo-de-lagos-passa-a-ser-resposta-hospitalar-exclusivamente-do-sns-integrado-no-chua\\\/saude\\\/16\\\/48\\\/#breadcrumb\",\"itemListElement\":[{\"@type\":\"ListItem\",\"position\":1,\"name\":\"In\u00edcio\",\"item\":\"https:\\\/\\\/algarve7.pt\\\/\"},{\"@type\":\"ListItem\",\"position\":2,\"name\":\"Hospital de S\u00e3o Gon\u00e7alo de Lagos passa a ser resposta Hospitalar exclusivamente do SNS, integrado no CHUA\"}]},{\"@type\":\"WebSite\",\"@id\":\"https:\\\/\\\/algarve7.pt\\\/#website\",\"url\":\"https:\\\/\\\/algarve7.pt\\\/\",\"name\":\"Algarve 7\",\"description\":\"Informa\u00e7\u00e3o sobre o Algarve\",\"publisher\":{\"@id\":\"https:\\\/\\\/algarve7.pt\\\/#organization\"},\"potentialAction\":[{\"@type\":\"SearchAction\",\"target\":{\"@type\":\"EntryPoint\",\"urlTemplate\":\"https:\\\/\\\/algarve7.pt\\\/?s={search_term_string}\"},\"query-input\":{\"@type\":\"PropertyValueSpecification\",\"valueRequired\":true,\"valueName\":\"search_term_string\"}}],\"inLanguage\":\"pt-PT\"},{\"@type\":\"Organization\",\"@id\":\"https:\\\/\\\/algarve7.pt\\\/#organization\",\"name\":\"Algarve 7\",\"url\":\"https:\\\/\\\/algarve7.pt\\\/\",\"logo\":{\"@type\":\"ImageObject\",\"inLanguage\":\"pt-PT\",\"@id\":\"https:\\\/\\\/algarve7.pt\\\/#\\\/schema\\\/logo\\\/image\\\/\",\"url\":\"https:\\\/\\\/algarve7.pt\\\/wp-content\\\/uploads\\\/2020\\\/10\\\/Logo-8.jpg\",\"contentUrl\":\"https:\\\/\\\/algarve7.pt\\\/wp-content\\\/uploads\\\/2020\\\/10\\\/Logo-8.jpg\",\"width\":1680,\"height\":1186,\"caption\":\"Algarve 7\"},\"image\":{\"@id\":\"https:\\\/\\\/algarve7.pt\\\/#\\\/schema\\\/logo\\\/image\\\/\"},\"sameAs\":[\"https:\\\/\\\/www.facebook.com\\\/algarve7\",\"https:\\\/\\\/x.com\\\/Algarvesete\",\"https:\\\/\\\/www.instagram.com\\\/jornalalgarve7\\\/\",\"https:\\\/\\\/www.linkedin.com\\\/company\\\/algarve7\",\"https:\\\/\\\/www.pinterest.pt\\\/geral0939\\\/_created\\\/\"]},{\"@type\":\"Person\",\"@id\":\"https:\\\/\\\/algarve7.pt\\\/#\\\/schema\\\/person\\\/23fa70681308e7b319a3204bcea45e0c\",\"name\":\"Algarve 7\",\"sameAs\":[\"https:\\\/\\\/algarve7.pt\",\"https:\\\/\\\/www.facebook.com\\\/algarve7\"],\"url\":\"https:\\\/\\\/algarve7.pt\\\/index.php\\\/author\\\/geralalgarve7-pt\\\/\"}]}<\/script>\n<!-- \/ Yoast SEO plugin. -->","yoast_head_json":{"title":"Hospital de S\u00e3o Gon\u00e7alo de Lagos passa a ser resposta Hospitalar exclusivamente do SNS, integrado no CHUA - Algarve 7","description":"Hospital de S\u00e3o Gon\u00e7alo de Lagos passa a ser resposta Hospitalar exclusivamente do SNS, integrado no CHUA Sa\u00fade","robots":{"index":"index","follow":"follow","max-snippet":"max-snippet:-1","max-image-preview":"max-image-preview:large","max-video-preview":"max-video-preview:-1"},"canonical":"https:\/\/algarve7.pt\/index.php\/2022\/01\/hospital-de-sao-goncalo-de-lagos-passa-a-ser-resposta-hospitalar-exclusivamente-do-sns-integrado-no-chua\/saude\/16\/48\/","og_locale":"pt_PT","og_type":"article","og_title":"Hospital de S\u00e3o Gon\u00e7alo de Lagos passa a ser resposta Hospitalar exclusivamente do SNS, integrado no CHUA - Algarve 7","og_description":"Hospital de S\u00e3o Gon\u00e7alo de Lagos passa a ser resposta Hospitalar exclusivamente do SNS, integrado no CHUA Sa\u00fade","og_url":"https:\/\/algarve7.pt\/index.php\/2022\/01\/hospital-de-sao-goncalo-de-lagos-passa-a-ser-resposta-hospitalar-exclusivamente-do-sns-integrado-no-chua\/saude\/16\/48\/","og_site_name":"Algarve 7","article_publisher":"https:\/\/www.facebook.com\/algarve7","article_author":"https:\/\/www.facebook.com\/algarve7","article_published_time":"2022-01-25T16:48:36+00:00","article_modified_time":"2022-01-25T16:48:40+00:00","og_image":[{"width":1920,"height":864,"url":"https:\/\/algarve7.pt\/wp-content\/uploads\/2022\/01\/assinatura-contrato-HSGL.jpg","type":"image\/jpeg"}],"author":"Algarve 7","twitter_card":"summary_large_image","twitter_creator":"@Algarvesete","twitter_site":"@Algarvesete","twitter_misc":{"Escrito por":"Algarve 7","Tempo estimado de leitura":"3 minutos"},"schema":{"@context":"https:\/\/schema.org","@graph":[{"@type":"Article","@id":"https:\/\/algarve7.pt\/index.php\/2022\/01\/hospital-de-sao-goncalo-de-lagos-passa-a-ser-resposta-hospitalar-exclusivamente-do-sns-integrado-no-chua\/saude\/16\/48\/#article","isPartOf":{"@id":"https:\/\/algarve7.pt\/index.php\/2022\/01\/hospital-de-sao-goncalo-de-lagos-passa-a-ser-resposta-hospitalar-exclusivamente-do-sns-integrado-no-chua\/saude\/16\/48\/"},"author":{"name":"Algarve 7","@id":"https:\/\/algarve7.pt\/#\/schema\/person\/23fa70681308e7b319a3204bcea45e0c"},"headline":"Hospital de S\u00e3o Gon\u00e7alo de Lagos passa a ser resposta Hospitalar exclusivamente do SNS, integrado no CHUA","datePublished":"2022-01-25T16:48:36+00:00","dateModified":"2022-01-25T16:48:40+00:00","mainEntityOfPage":{"@id":"https:\/\/algarve7.pt\/index.php\/2022\/01\/hospital-de-sao-goncalo-de-lagos-passa-a-ser-resposta-hospitalar-exclusivamente-do-sns-integrado-no-chua\/saude\/16\/48\/"},"wordCount":612,"publisher":{"@id":"https:\/\/algarve7.pt\/#organization"},"image":{"@id":"https:\/\/algarve7.pt\/index.php\/2022\/01\/hospital-de-sao-goncalo-de-lagos-passa-a-ser-resposta-hospitalar-exclusivamente-do-sns-integrado-no-chua\/saude\/16\/48\/#primaryimage"},"thumbnailUrl":"https:\/\/algarve7.pt\/wp-content\/uploads\/2022\/01\/assinatura-contrato-HSGL.jpg","keywords":["Algarve","Lagos","Sa\u00fade"],"articleSection":["Sa\u00fade"],"inLanguage":"pt-PT"},{"@type":"WebPage","@id":"https:\/\/algarve7.pt\/index.php\/2022\/01\/hospital-de-sao-goncalo-de-lagos-passa-a-ser-resposta-hospitalar-exclusivamente-do-sns-integrado-no-chua\/saude\/16\/48\/","url":"https:\/\/algarve7.pt\/index.php\/2022\/01\/hospital-de-sao-goncalo-de-lagos-passa-a-ser-resposta-hospitalar-exclusivamente-do-sns-integrado-no-chua\/saude\/16\/48\/","name":"Hospital de S\u00e3o Gon\u00e7alo de Lagos passa a ser resposta Hospitalar exclusivamente do SNS, integrado no CHUA - Algarve 7","isPartOf":{"@id":"https:\/\/algarve7.pt\/#website"},"primaryImageOfPage":{"@id":"https:\/\/algarve7.pt\/index.php\/2022\/01\/hospital-de-sao-goncalo-de-lagos-passa-a-ser-resposta-hospitalar-exclusivamente-do-sns-integrado-no-chua\/saude\/16\/48\/#primaryimage"},"image":{"@id":"https:\/\/algarve7.pt\/index.php\/2022\/01\/hospital-de-sao-goncalo-de-lagos-passa-a-ser-resposta-hospitalar-exclusivamente-do-sns-integrado-no-chua\/saude\/16\/48\/#primaryimage"},"thumbnailUrl":"https:\/\/algarve7.pt\/wp-content\/uploads\/2022\/01\/assinatura-contrato-HSGL.jpg","datePublished":"2022-01-25T16:48:36+00:00","dateModified":"2022-01-25T16:48:40+00:00","description":"Hospital de S\u00e3o Gon\u00e7alo de Lagos passa a ser resposta Hospitalar exclusivamente do SNS, integrado no CHUA Sa\u00fade","breadcrumb":{"@id":"https:\/\/algarve7.pt\/index.php\/2022\/01\/hospital-de-sao-goncalo-de-lagos-passa-a-ser-resposta-hospitalar-exclusivamente-do-sns-integrado-no-chua\/saude\/16\/48\/#breadcrumb"},"inLanguage":"pt-PT","potentialAction":[{"@type":"ReadAction","target":["https:\/\/algarve7.pt\/index.php\/2022\/01\/hospital-de-sao-goncalo-de-lagos-passa-a-ser-resposta-hospitalar-exclusivamente-do-sns-integrado-no-chua\/saude\/16\/48\/"]}]},{"@type":"ImageObject","inLanguage":"pt-PT","@id":"https:\/\/algarve7.pt\/index.php\/2022\/01\/hospital-de-sao-goncalo-de-lagos-passa-a-ser-resposta-hospitalar-exclusivamente-do-sns-integrado-no-chua\/saude\/16\/48\/#primaryimage","url":"https:\/\/algarve7.pt\/wp-content\/uploads\/2022\/01\/assinatura-contrato-HSGL.jpg","contentUrl":"https:\/\/algarve7.pt\/wp-content\/uploads\/2022\/01\/assinatura-contrato-HSGL.jpg","width":1920,"height":864},{"@type":"BreadcrumbList","@id":"https:\/\/algarve7.pt\/index.php\/2022\/01\/hospital-de-sao-goncalo-de-lagos-passa-a-ser-resposta-hospitalar-exclusivamente-do-sns-integrado-no-chua\/saude\/16\/48\/#breadcrumb","itemListElement":[{"@type":"ListItem","position":1,"name":"In\u00edcio","item":"https:\/\/algarve7.pt\/"},{"@type":"ListItem","position":2,"name":"Hospital de S\u00e3o Gon\u00e7alo de Lagos passa a ser resposta Hospitalar exclusivamente do SNS, integrado no CHUA"}]},{"@type":"WebSite","@id":"https:\/\/algarve7.pt\/#website","url":"https:\/\/algarve7.pt\/","name":"Algarve 7","description":"Informa\u00e7\u00e3o sobre o Algarve","publisher":{"@id":"https:\/\/algarve7.pt\/#organization"},"potentialAction":[{"@type":"SearchAction","target":{"@type":"EntryPoint","urlTemplate":"https:\/\/algarve7.pt\/?s={search_term_string}"},"query-input":{"@type":"PropertyValueSpecification","valueRequired":true,"valueName":"search_term_string"}}],"inLanguage":"pt-PT"},{"@type":"Organization","@id":"https:\/\/algarve7.pt\/#organization","name":"Algarve 7","url":"https:\/\/algarve7.pt\/","logo":{"@type":"ImageObject","inLanguage":"pt-PT","@id":"https:\/\/algarve7.pt\/#\/schema\/logo\/image\/","url":"https:\/\/algarve7.pt\/wp-content\/uploads\/2020\/10\/Logo-8.jpg","contentUrl":"https:\/\/algarve7.pt\/wp-content\/uploads\/2020\/10\/Logo-8.jpg","width":1680,"height":1186,"caption":"Algarve 7"},"image":{"@id":"https:\/\/algarve7.pt\/#\/schema\/logo\/image\/"},"sameAs":["https:\/\/www.facebook.com\/algarve7","https:\/\/x.com\/Algarvesete","https:\/\/www.instagram.com\/jornalalgarve7\/","https:\/\/www.linkedin.com\/company\/algarve7","https:\/\/www.pinterest.pt\/geral0939\/_created\/"]},{"@type":"Person","@id":"https:\/\/algarve7.pt\/#\/schema\/person\/23fa70681308e7b319a3204bcea45e0c","name":"Algarve 7","sameAs":["https:\/\/algarve7.pt","https:\/\/www.facebook.com\/algarve7"],"url":"https:\/\/algarve7.pt\/index.php\/author\/geralalgarve7-pt\/"}]}},"jetpack_publicize_connections":[],"jetpack_featured_media_url":"https:\/\/algarve7.pt\/wp-content\/uploads\/2022\/01\/assinatura-contrato-HSGL.jpg","jetpack_shortlink":"https:\/\/wp.me\/pcezmW-3Sf","jetpack_sharing_enabled":true,"_links":{"self":[{"href":"https:\/\/algarve7.pt\/index.php\/wp-json\/wp\/v2\/posts\/14895","targetHints":{"allow":["GET"]}}],"collection":[{"href":"https:\/\/algarve7.pt\/index.php\/wp-json\/wp\/v2\/posts"}],"about":[{"href":"https:\/\/algarve7.pt\/index.php\/wp-json\/wp\/v2\/types\/post"}],"author":[{"embeddable":true,"href":"https:\/\/algarve7.pt\/index.php\/wp-json\/wp\/v2\/users\/1"}],"replies":[{"embeddable":true,"href":"https:\/\/algarve7.pt\/index.php\/wp-json\/wp\/v2\/comments?post=14895"}],"version-history":[{"count":0,"href":"https:\/\/algarve7.pt\/index.php\/wp-json\/wp\/v2\/posts\/14895\/revisions"}],"wp:featuredmedia":[{"embeddable":true,"href":"https:\/\/algarve7.pt\/index.php\/wp-json\/wp\/v2\/media\/14896"}],"wp:attachment":[{"href":"https:\/\/algarve7.pt\/index.php\/wp-json\/wp\/v2\/media?parent=14895"}],"wp:term":[{"taxonomy":"category","embeddable":true,"href":"https:\/\/algarve7.pt\/index.php\/wp-json\/wp\/v2\/categories?post=14895"},{"taxonomy":"post_tag","embeddable":true,"href":"https:\/\/algarve7.pt\/index.php\/wp-json\/wp\/v2\/tags?post=14895"}],"curies":[{"name":"wp","href":"https:\/\/api.w.org\/{rel}","templated":true}]}}