{"id":14883,"date":"2022-01-25T16:46:00","date_gmt":"2022-01-25T16:46:00","guid":{"rendered":"https:\/\/algarve7.pt\/?p=14883"},"modified":"2022-01-25T13:48:03","modified_gmt":"2022-01-25T13:48:03","slug":"loule-organiza-conferencia-internacional-sobre-ciencia-do-futebol","status":"publish","type":"post","link":"https:\/\/algarve7.pt\/index.php\/2022\/01\/loule-organiza-conferencia-internacional-sobre-ciencia-do-futebol\/desporto\/16\/46\/","title":{"rendered":"Loul\u00e9 organiza confer\u00eancia internacional sobre \u201cci\u00eancia\u201d do futebol"},"content":{"rendered":"\n<p>Em parceria com a Sportrail e no \u00e2mbito do \u201cPlano de Forma\u00e7\u00e3o Desportiva\u201922\u201d elaborado e desenvolvido pela C\u00e2mara Municipal de Loul\u00e9, tem lugar nos dias 7, 8, 9, 14 e 15 de mar\u00e7o a Confer\u00eancia Internacional \u201cSportrail Football Science\u201d.<\/p>\n\n\n\n<p>Num formato online e totalmente em ingl\u00eas, trata-se de um evento com oradores de refer\u00eancia a n\u00edvel internacional, conhecidos e reconhecidos por tudo o que t\u00eam desenvolvido. Destaca-se &nbsp;Xavi Reche, especialista\/analista desportivo do FC Barcelona; Andrea Riboli, preparador f\u00edsico e professor adjunto na Universidade de Mil\u00e3o; Daniel Memmert, diretor do \u201cInstitute of Exercise Training and Sport Informatics German Sports\u201d da Universidade de Col\u00f3nia e, Bram van de Vinne, treinador principal de sub-21 no Willem II.<\/p>\n\n\n\n<p>Participar na Confer\u00eancia \u201cFootball Science\u201d significa que todos os formandos ter\u00e3o acesso ao vivo \u00e0s pesquisas mais recentes em todos os campos da ci\u00eancia do futebol, al\u00e9m de uma oportunidade de&nbsp;<em>networking<\/em>com os participantes, sejam eles formadores ou formandos.<\/p>\n\n\n\n<p>Para mais informa\u00e7\u00f5es e\/ou inscri\u00e7\u00f5es em:\u00a0<a href=\"https:\/\/sfsc.sportrail.pt\/\" target=\"_blank\" rel=\"noreferrer noopener\">https:\/\/sfsc.sportrail.pt\/<\/a><\/p>\n\n\n\n<p>Refira-se que a Sportrail \u00e9 uma das mais importantes empresas ligadas a forma\u00e7\u00f5es na \u00e1rea do futebol e que promove cursos de desenvolvimento profissional a profissionais do futebol em todo o mundo, num trabalho em parceria com os melhores clubes.<\/p>\n","protected":false},"excerpt":{"rendered":"<p>Em parceria com a Sportrail e no \u00e2mbito do \u201cPlano de Forma\u00e7\u00e3o Desportiva\u201922\u201d elaborado e desenvolvido pela C\u00e2mara Municipal de<\/p>\n","protected":false},"author":1,"featured_media":14884,"comment_status":"closed","ping_status":"open","sticky":false,"template":"","format":"standard","meta":{"colormag_page_container_layout":"default_layout","colormag_page_sidebar_layout":"default_layout","_monsterinsights_skip_tracking":false,"_monsterinsights_sitenote_active":false,"_monsterinsights_sitenote_note":"","_monsterinsights_sitenote_category":0,"jetpack_post_was_ever_published":false,"_jetpack_newsletter_access":"","_jetpack_dont_email_post_to_subs":false,"_jetpack_newsletter_tier_id":0,"_jetpack_memberships_contains_paywalled_content":false,"_jetpack_memberships_contains_paid_content":false,"footnotes":"","jetpack_publicize_message":"","jetpack_publicize_feature_enabled":true,"jetpack_social_post_already_shared":true,"jetpack_social_options":{"image_generator_settings":{"template":"highway","default_image_id":0,"font":"","enabled":false},"version":2}},"categories":[15],"tags":[36,304,40,31],"class_list":["post-14883","post","type-post","status-publish","format-standard","has-post-thumbnail","hentry","category-desporto","tag-algarve","tag-conferencia","tag-desporto","tag-loule"],"yoast_head":"<!-- This site is optimized with the Yoast SEO plugin v27.5 - https:\/\/yoast.com\/product\/yoast-seo-wordpress\/ -->\n<title>Loul\u00e9 organiza confer\u00eancia internacional sobre \u201cci\u00eancia\u201d do futebol - Algarve 7<\/title>\n<meta name=\"description\" content=\"Loul\u00e9 organiza confer\u00eancia internacional sobre \u201cci\u00eancia\u201d do futebol Desporto\" \/>\n<meta name=\"robots\" content=\"index, follow, max-snippet:-1, max-image-preview:large, max-video-preview:-1\" \/>\n<link rel=\"canonical\" href=\"https:\/\/algarve7.pt\/index.php\/2022\/01\/loule-organiza-conferencia-internacional-sobre-ciencia-do-futebol\/desporto\/16\/46\/\" \/>\n<meta property=\"og:locale\" content=\"pt_PT\" \/>\n<meta property=\"og:type\" content=\"article\" \/>\n<meta property=\"og:title\" content=\"Loul\u00e9 organiza confer\u00eancia internacional sobre \u201cci\u00eancia\u201d do futebol - Algarve 7\" \/>\n<meta property=\"og:description\" content=\"Loul\u00e9 organiza confer\u00eancia internacional sobre \u201cci\u00eancia\u201d do futebol Desporto\" \/>\n<meta property=\"og:url\" content=\"https:\/\/algarve7.pt\/index.php\/2022\/01\/loule-organiza-conferencia-internacional-sobre-ciencia-do-futebol\/desporto\/16\/46\/\" \/>\n<meta property=\"og:site_name\" content=\"Algarve 7\" \/>\n<meta property=\"article:publisher\" content=\"https:\/\/www.facebook.com\/algarve7\" \/>\n<meta property=\"article:author\" content=\"https:\/\/www.facebook.com\/algarve7\" \/>\n<meta property=\"article:published_time\" content=\"2022-01-25T16:46:00+00:00\" \/>\n<meta property=\"og:image\" content=\"https:\/\/algarve7.pt\/wp-content\/uploads\/2022\/01\/Formacao-Futebol.jpg\" \/>\n\t<meta property=\"og:image:width\" content=\"768\" \/>\n\t<meta property=\"og:image:height\" content=\"494\" \/>\n\t<meta property=\"og:image:type\" content=\"image\/jpeg\" \/>\n<meta name=\"author\" content=\"Algarve 7\" \/>\n<meta name=\"twitter:card\" content=\"summary_large_image\" \/>\n<meta name=\"twitter:creator\" content=\"@Algarvesete\" \/>\n<meta name=\"twitter:site\" content=\"@Algarvesete\" \/>\n<meta name=\"twitter:label1\" content=\"Escrito por\" \/>\n\t<meta name=\"twitter:data1\" content=\"Algarve 7\" \/>\n\t<meta name=\"twitter:label2\" content=\"Tempo estimado de leitura\" \/>\n\t<meta name=\"twitter:data2\" content=\"2 minutos\" \/>\n<script type=\"application\/ld+json\" class=\"yoast-schema-graph\">{\"@context\":\"https:\\\/\\\/schema.org\",\"@graph\":[{\"@type\":\"Article\",\"@id\":\"https:\\\/\\\/algarve7.pt\\\/index.php\\\/2022\\\/01\\\/loule-organiza-conferencia-internacional-sobre-ciencia-do-futebol\\\/desporto\\\/16\\\/46\\\/#article\",\"isPartOf\":{\"@id\":\"https:\\\/\\\/algarve7.pt\\\/index.php\\\/2022\\\/01\\\/loule-organiza-conferencia-internacional-sobre-ciencia-do-futebol\\\/desporto\\\/16\\\/46\\\/\"},\"author\":{\"name\":\"Algarve 7\",\"@id\":\"https:\\\/\\\/algarve7.pt\\\/#\\\/schema\\\/person\\\/23fa70681308e7b319a3204bcea45e0c\"},\"headline\":\"Loul\u00e9 organiza confer\u00eancia internacional sobre \u201cci\u00eancia\u201d do futebol\",\"datePublished\":\"2022-01-25T16:46:00+00:00\",\"mainEntityOfPage\":{\"@id\":\"https:\\\/\\\/algarve7.pt\\\/index.php\\\/2022\\\/01\\\/loule-organiza-conferencia-internacional-sobre-ciencia-do-futebol\\\/desporto\\\/16\\\/46\\\/\"},\"wordCount\":229,\"publisher\":{\"@id\":\"https:\\\/\\\/algarve7.pt\\\/#organization\"},\"image\":{\"@id\":\"https:\\\/\\\/algarve7.pt\\\/index.php\\\/2022\\\/01\\\/loule-organiza-conferencia-internacional-sobre-ciencia-do-futebol\\\/desporto\\\/16\\\/46\\\/#primaryimage\"},\"thumbnailUrl\":\"https:\\\/\\\/algarve7.pt\\\/wp-content\\\/uploads\\\/2022\\\/01\\\/Formacao-Futebol.jpg\",\"keywords\":[\"Algarve\",\"Confer\u00eancia\",\"Desporto\",\"Loul\u00e9\"],\"articleSection\":[\"Desporto\"],\"inLanguage\":\"pt-PT\"},{\"@type\":\"WebPage\",\"@id\":\"https:\\\/\\\/algarve7.pt\\\/index.php\\\/2022\\\/01\\\/loule-organiza-conferencia-internacional-sobre-ciencia-do-futebol\\\/desporto\\\/16\\\/46\\\/\",\"url\":\"https:\\\/\\\/algarve7.pt\\\/index.php\\\/2022\\\/01\\\/loule-organiza-conferencia-internacional-sobre-ciencia-do-futebol\\\/desporto\\\/16\\\/46\\\/\",\"name\":\"Loul\u00e9 organiza confer\u00eancia internacional sobre \u201cci\u00eancia\u201d do futebol - Algarve 7\",\"isPartOf\":{\"@id\":\"https:\\\/\\\/algarve7.pt\\\/#website\"},\"primaryImageOfPage\":{\"@id\":\"https:\\\/\\\/algarve7.pt\\\/index.php\\\/2022\\\/01\\\/loule-organiza-conferencia-internacional-sobre-ciencia-do-futebol\\\/desporto\\\/16\\\/46\\\/#primaryimage\"},\"image\":{\"@id\":\"https:\\\/\\\/algarve7.pt\\\/index.php\\\/2022\\\/01\\\/loule-organiza-conferencia-internacional-sobre-ciencia-do-futebol\\\/desporto\\\/16\\\/46\\\/#primaryimage\"},\"thumbnailUrl\":\"https:\\\/\\\/algarve7.pt\\\/wp-content\\\/uploads\\\/2022\\\/01\\\/Formacao-Futebol.jpg\",\"datePublished\":\"2022-01-25T16:46:00+00:00\",\"description\":\"Loul\u00e9 organiza confer\u00eancia internacional sobre \u201cci\u00eancia\u201d do futebol Desporto\",\"breadcrumb\":{\"@id\":\"https:\\\/\\\/algarve7.pt\\\/index.php\\\/2022\\\/01\\\/loule-organiza-conferencia-internacional-sobre-ciencia-do-futebol\\\/desporto\\\/16\\\/46\\\/#breadcrumb\"},\"inLanguage\":\"pt-PT\",\"potentialAction\":[{\"@type\":\"ReadAction\",\"target\":[\"https:\\\/\\\/algarve7.pt\\\/index.php\\\/2022\\\/01\\\/loule-organiza-conferencia-internacional-sobre-ciencia-do-futebol\\\/desporto\\\/16\\\/46\\\/\"]}]},{\"@type\":\"ImageObject\",\"inLanguage\":\"pt-PT\",\"@id\":\"https:\\\/\\\/algarve7.pt\\\/index.php\\\/2022\\\/01\\\/loule-organiza-conferencia-internacional-sobre-ciencia-do-futebol\\\/desporto\\\/16\\\/46\\\/#primaryimage\",\"url\":\"https:\\\/\\\/algarve7.pt\\\/wp-content\\\/uploads\\\/2022\\\/01\\\/Formacao-Futebol.jpg\",\"contentUrl\":\"https:\\\/\\\/algarve7.pt\\\/wp-content\\\/uploads\\\/2022\\\/01\\\/Formacao-Futebol.jpg\",\"width\":768,\"height\":494},{\"@type\":\"BreadcrumbList\",\"@id\":\"https:\\\/\\\/algarve7.pt\\\/index.php\\\/2022\\\/01\\\/loule-organiza-conferencia-internacional-sobre-ciencia-do-futebol\\\/desporto\\\/16\\\/46\\\/#breadcrumb\",\"itemListElement\":[{\"@type\":\"ListItem\",\"position\":1,\"name\":\"In\u00edcio\",\"item\":\"https:\\\/\\\/algarve7.pt\\\/\"},{\"@type\":\"ListItem\",\"position\":2,\"name\":\"Loul\u00e9 organiza confer\u00eancia internacional sobre \u201cci\u00eancia\u201d do futebol\"}]},{\"@type\":\"WebSite\",\"@id\":\"https:\\\/\\\/algarve7.pt\\\/#website\",\"url\":\"https:\\\/\\\/algarve7.pt\\\/\",\"name\":\"Algarve 7\",\"description\":\"Informa\u00e7\u00e3o sobre o Algarve\",\"publisher\":{\"@id\":\"https:\\\/\\\/algarve7.pt\\\/#organization\"},\"potentialAction\":[{\"@type\":\"SearchAction\",\"target\":{\"@type\":\"EntryPoint\",\"urlTemplate\":\"https:\\\/\\\/algarve7.pt\\\/?s={search_term_string}\"},\"query-input\":{\"@type\":\"PropertyValueSpecification\",\"valueRequired\":true,\"valueName\":\"search_term_string\"}}],\"inLanguage\":\"pt-PT\"},{\"@type\":\"Organization\",\"@id\":\"https:\\\/\\\/algarve7.pt\\\/#organization\",\"name\":\"Algarve 7\",\"url\":\"https:\\\/\\\/algarve7.pt\\\/\",\"logo\":{\"@type\":\"ImageObject\",\"inLanguage\":\"pt-PT\",\"@id\":\"https:\\\/\\\/algarve7.pt\\\/#\\\/schema\\\/logo\\\/image\\\/\",\"url\":\"https:\\\/\\\/algarve7.pt\\\/wp-content\\\/uploads\\\/2020\\\/10\\\/Logo-8.jpg\",\"contentUrl\":\"https:\\\/\\\/algarve7.pt\\\/wp-content\\\/uploads\\\/2020\\\/10\\\/Logo-8.jpg\",\"width\":1680,\"height\":1186,\"caption\":\"Algarve 7\"},\"image\":{\"@id\":\"https:\\\/\\\/algarve7.pt\\\/#\\\/schema\\\/logo\\\/image\\\/\"},\"sameAs\":[\"https:\\\/\\\/www.facebook.com\\\/algarve7\",\"https:\\\/\\\/x.com\\\/Algarvesete\",\"https:\\\/\\\/www.instagram.com\\\/jornalalgarve7\\\/\",\"https:\\\/\\\/www.linkedin.com\\\/company\\\/algarve7\",\"https:\\\/\\\/www.pinterest.pt\\\/geral0939\\\/_created\\\/\"]},{\"@type\":\"Person\",\"@id\":\"https:\\\/\\\/algarve7.pt\\\/#\\\/schema\\\/person\\\/23fa70681308e7b319a3204bcea45e0c\",\"name\":\"Algarve 7\",\"sameAs\":[\"https:\\\/\\\/algarve7.pt\",\"https:\\\/\\\/www.facebook.com\\\/algarve7\"],\"url\":\"https:\\\/\\\/algarve7.pt\\\/index.php\\\/author\\\/geralalgarve7-pt\\\/\"}]}<\/script>\n<!-- \/ Yoast SEO plugin. -->","yoast_head_json":{"title":"Loul\u00e9 organiza confer\u00eancia internacional sobre \u201cci\u00eancia\u201d do futebol - Algarve 7","description":"Loul\u00e9 organiza confer\u00eancia internacional sobre \u201cci\u00eancia\u201d do futebol Desporto","robots":{"index":"index","follow":"follow","max-snippet":"max-snippet:-1","max-image-preview":"max-image-preview:large","max-video-preview":"max-video-preview:-1"},"canonical":"https:\/\/algarve7.pt\/index.php\/2022\/01\/loule-organiza-conferencia-internacional-sobre-ciencia-do-futebol\/desporto\/16\/46\/","og_locale":"pt_PT","og_type":"article","og_title":"Loul\u00e9 organiza confer\u00eancia internacional sobre \u201cci\u00eancia\u201d do futebol - Algarve 7","og_description":"Loul\u00e9 organiza confer\u00eancia internacional sobre \u201cci\u00eancia\u201d do futebol Desporto","og_url":"https:\/\/algarve7.pt\/index.php\/2022\/01\/loule-organiza-conferencia-internacional-sobre-ciencia-do-futebol\/desporto\/16\/46\/","og_site_name":"Algarve 7","article_publisher":"https:\/\/www.facebook.com\/algarve7","article_author":"https:\/\/www.facebook.com\/algarve7","article_published_time":"2022-01-25T16:46:00+00:00","og_image":[{"width":768,"height":494,"url":"https:\/\/algarve7.pt\/wp-content\/uploads\/2022\/01\/Formacao-Futebol.jpg","type":"image\/jpeg"}],"author":"Algarve 7","twitter_card":"summary_large_image","twitter_creator":"@Algarvesete","twitter_site":"@Algarvesete","twitter_misc":{"Escrito por":"Algarve 7","Tempo estimado de leitura":"2 minutos"},"schema":{"@context":"https:\/\/schema.org","@graph":[{"@type":"Article","@id":"https:\/\/algarve7.pt\/index.php\/2022\/01\/loule-organiza-conferencia-internacional-sobre-ciencia-do-futebol\/desporto\/16\/46\/#article","isPartOf":{"@id":"https:\/\/algarve7.pt\/index.php\/2022\/01\/loule-organiza-conferencia-internacional-sobre-ciencia-do-futebol\/desporto\/16\/46\/"},"author":{"name":"Algarve 7","@id":"https:\/\/algarve7.pt\/#\/schema\/person\/23fa70681308e7b319a3204bcea45e0c"},"headline":"Loul\u00e9 organiza confer\u00eancia internacional sobre \u201cci\u00eancia\u201d do futebol","datePublished":"2022-01-25T16:46:00+00:00","mainEntityOfPage":{"@id":"https:\/\/algarve7.pt\/index.php\/2022\/01\/loule-organiza-conferencia-internacional-sobre-ciencia-do-futebol\/desporto\/16\/46\/"},"wordCount":229,"publisher":{"@id":"https:\/\/algarve7.pt\/#organization"},"image":{"@id":"https:\/\/algarve7.pt\/index.php\/2022\/01\/loule-organiza-conferencia-internacional-sobre-ciencia-do-futebol\/desporto\/16\/46\/#primaryimage"},"thumbnailUrl":"https:\/\/algarve7.pt\/wp-content\/uploads\/2022\/01\/Formacao-Futebol.jpg","keywords":["Algarve","Confer\u00eancia","Desporto","Loul\u00e9"],"articleSection":["Desporto"],"inLanguage":"pt-PT"},{"@type":"WebPage","@id":"https:\/\/algarve7.pt\/index.php\/2022\/01\/loule-organiza-conferencia-internacional-sobre-ciencia-do-futebol\/desporto\/16\/46\/","url":"https:\/\/algarve7.pt\/index.php\/2022\/01\/loule-organiza-conferencia-internacional-sobre-ciencia-do-futebol\/desporto\/16\/46\/","name":"Loul\u00e9 organiza confer\u00eancia internacional sobre \u201cci\u00eancia\u201d do futebol - Algarve 7","isPartOf":{"@id":"https:\/\/algarve7.pt\/#website"},"primaryImageOfPage":{"@id":"https:\/\/algarve7.pt\/index.php\/2022\/01\/loule-organiza-conferencia-internacional-sobre-ciencia-do-futebol\/desporto\/16\/46\/#primaryimage"},"image":{"@id":"https:\/\/algarve7.pt\/index.php\/2022\/01\/loule-organiza-conferencia-internacional-sobre-ciencia-do-futebol\/desporto\/16\/46\/#primaryimage"},"thumbnailUrl":"https:\/\/algarve7.pt\/wp-content\/uploads\/2022\/01\/Formacao-Futebol.jpg","datePublished":"2022-01-25T16:46:00+00:00","description":"Loul\u00e9 organiza confer\u00eancia internacional sobre \u201cci\u00eancia\u201d do futebol Desporto","breadcrumb":{"@id":"https:\/\/algarve7.pt\/index.php\/2022\/01\/loule-organiza-conferencia-internacional-sobre-ciencia-do-futebol\/desporto\/16\/46\/#breadcrumb"},"inLanguage":"pt-PT","potentialAction":[{"@type":"ReadAction","target":["https:\/\/algarve7.pt\/index.php\/2022\/01\/loule-organiza-conferencia-internacional-sobre-ciencia-do-futebol\/desporto\/16\/46\/"]}]},{"@type":"ImageObject","inLanguage":"pt-PT","@id":"https:\/\/algarve7.pt\/index.php\/2022\/01\/loule-organiza-conferencia-internacional-sobre-ciencia-do-futebol\/desporto\/16\/46\/#primaryimage","url":"https:\/\/algarve7.pt\/wp-content\/uploads\/2022\/01\/Formacao-Futebol.jpg","contentUrl":"https:\/\/algarve7.pt\/wp-content\/uploads\/2022\/01\/Formacao-Futebol.jpg","width":768,"height":494},{"@type":"BreadcrumbList","@id":"https:\/\/algarve7.pt\/index.php\/2022\/01\/loule-organiza-conferencia-internacional-sobre-ciencia-do-futebol\/desporto\/16\/46\/#breadcrumb","itemListElement":[{"@type":"ListItem","position":1,"name":"In\u00edcio","item":"https:\/\/algarve7.pt\/"},{"@type":"ListItem","position":2,"name":"Loul\u00e9 organiza confer\u00eancia internacional sobre \u201cci\u00eancia\u201d do futebol"}]},{"@type":"WebSite","@id":"https:\/\/algarve7.pt\/#website","url":"https:\/\/algarve7.pt\/","name":"Algarve 7","description":"Informa\u00e7\u00e3o sobre o Algarve","publisher":{"@id":"https:\/\/algarve7.pt\/#organization"},"potentialAction":[{"@type":"SearchAction","target":{"@type":"EntryPoint","urlTemplate":"https:\/\/algarve7.pt\/?s={search_term_string}"},"query-input":{"@type":"PropertyValueSpecification","valueRequired":true,"valueName":"search_term_string"}}],"inLanguage":"pt-PT"},{"@type":"Organization","@id":"https:\/\/algarve7.pt\/#organization","name":"Algarve 7","url":"https:\/\/algarve7.pt\/","logo":{"@type":"ImageObject","inLanguage":"pt-PT","@id":"https:\/\/algarve7.pt\/#\/schema\/logo\/image\/","url":"https:\/\/algarve7.pt\/wp-content\/uploads\/2020\/10\/Logo-8.jpg","contentUrl":"https:\/\/algarve7.pt\/wp-content\/uploads\/2020\/10\/Logo-8.jpg","width":1680,"height":1186,"caption":"Algarve 7"},"image":{"@id":"https:\/\/algarve7.pt\/#\/schema\/logo\/image\/"},"sameAs":["https:\/\/www.facebook.com\/algarve7","https:\/\/x.com\/Algarvesete","https:\/\/www.instagram.com\/jornalalgarve7\/","https:\/\/www.linkedin.com\/company\/algarve7","https:\/\/www.pinterest.pt\/geral0939\/_created\/"]},{"@type":"Person","@id":"https:\/\/algarve7.pt\/#\/schema\/person\/23fa70681308e7b319a3204bcea45e0c","name":"Algarve 7","sameAs":["https:\/\/algarve7.pt","https:\/\/www.facebook.com\/algarve7"],"url":"https:\/\/algarve7.pt\/index.php\/author\/geralalgarve7-pt\/"}]}},"jetpack_publicize_connections":[],"jetpack_featured_media_url":"https:\/\/algarve7.pt\/wp-content\/uploads\/2022\/01\/Formacao-Futebol.jpg","jetpack_shortlink":"https:\/\/wp.me\/pcezmW-3S3","jetpack_sharing_enabled":true,"_links":{"self":[{"href":"https:\/\/algarve7.pt\/index.php\/wp-json\/wp\/v2\/posts\/14883","targetHints":{"allow":["GET"]}}],"collection":[{"href":"https:\/\/algarve7.pt\/index.php\/wp-json\/wp\/v2\/posts"}],"about":[{"href":"https:\/\/algarve7.pt\/index.php\/wp-json\/wp\/v2\/types\/post"}],"author":[{"embeddable":true,"href":"https:\/\/algarve7.pt\/index.php\/wp-json\/wp\/v2\/users\/1"}],"replies":[{"embeddable":true,"href":"https:\/\/algarve7.pt\/index.php\/wp-json\/wp\/v2\/comments?post=14883"}],"version-history":[{"count":0,"href":"https:\/\/algarve7.pt\/index.php\/wp-json\/wp\/v2\/posts\/14883\/revisions"}],"wp:featuredmedia":[{"embeddable":true,"href":"https:\/\/algarve7.pt\/index.php\/wp-json\/wp\/v2\/media\/14884"}],"wp:attachment":[{"href":"https:\/\/algarve7.pt\/index.php\/wp-json\/wp\/v2\/media?parent=14883"}],"wp:term":[{"taxonomy":"category","embeddable":true,"href":"https:\/\/algarve7.pt\/index.php\/wp-json\/wp\/v2\/categories?post=14883"},{"taxonomy":"post_tag","embeddable":true,"href":"https:\/\/algarve7.pt\/index.php\/wp-json\/wp\/v2\/tags?post=14883"}],"curies":[{"name":"wp","href":"https:\/\/api.w.org\/{rel}","templated":true}]}}