{"id":14809,"date":"2022-01-22T10:06:00","date_gmt":"2022-01-22T10:06:00","guid":{"rendered":"https:\/\/algarve7.pt\/?p=14809"},"modified":"2022-01-21T12:06:48","modified_gmt":"2022-01-21T12:06:48","slug":"anp-wwf-pede-prudencia-ao-futuro-governo-sobre-os-impactos-da-exploracao-de-litio-em-portugal","status":"publish","type":"post","link":"https:\/\/algarve7.pt\/index.php\/2022\/01\/anp-wwf-pede-prudencia-ao-futuro-governo-sobre-os-impactos-da-exploracao-de-litio-em-portugal\/ambiente\/10\/06\/","title":{"rendered":"ANP\/WWF pede prud\u00eancia ao futuro governo sobre os impactos da explora\u00e7\u00e3o de l\u00edtio em Portugal"},"content":{"rendered":"\n<p>A\u00a0factsheet lan\u00e7ada no passado dia 19\u00a0pela ANPlWWF resulta de um trabalho de investiga\u00e7\u00e3o preliminar onde foram analisadas as 8 regi\u00f5es com potencial litin\u00edfero e que poder\u00e3o ser alvo de um concurso p\u00fablico em 2022 e as 3 \u00e1reas que j\u00e1 det\u00eam um contrato de explora\u00e7\u00e3o deste min\u00e9rio, bem como os impactos ambientais conhecidos da extra\u00e7\u00e3o de l\u00edtio e recomenda\u00e7\u00f5es para que este processo se torne mais transparente e respons\u00e1vel.\u00a0<\/p>\n\n\n\n<p>Para Catarina Grilo, Diretora de Conserva\u00e7\u00e3o da ANPlWWF, \u201c\u00e9 urgente que se fa\u00e7a uma re-avalia\u00e7\u00e3o s\u00e9ria dos processos de explora\u00e7\u00e3o de l\u00edtio que est\u00e3o previstos para o territ\u00f3rio portugu\u00eas. Sabemos que a transi\u00e7\u00e3o para uma economia com reduzidas emiss\u00f5es de carbono exige a explora\u00e7\u00e3o de alguns min\u00e9rios, mas acreditamos que este processo n\u00e3o pode ser feito descurando a prote\u00e7\u00e3o da biodiversidade e dos ecossistemas, bem como das comunidades locais que habitam os territ\u00f3rios onde a minera\u00e7\u00e3o ir\u00e1 acontecer. \u00c9 imperativo que Portugal assuma estas preocupa\u00e7\u00f5es e garanta a prote\u00e7\u00e3o destas popula\u00e7\u00f5es.\u201d&nbsp;<\/p>\n\n\n\n<p>S\u00e3o conhecidos os objetivos da Uni\u00e3o Europeia sobre a descarboniza\u00e7\u00e3o do setor dos transportes, que produz cerca de \u00bc das suas emiss\u00f5es de CO<sub>2<\/sub>: at\u00e9 2030 estar\u00e3o a circular 30 milh\u00f5es de ve\u00edculos el\u00e9tricos nas estradas, o que levanta quest\u00f5es sobre a autonomia e autoaprovisionamento uma vez que a UE depende sobretudo de importa\u00e7\u00f5es de l\u00edtio \u2013 78% vem do Chile, 8% dos EUA e 4% da R\u00fassia.&nbsp;<\/p>\n\n\n\n<p>No\u00a0<a href=\"https:\/\/eur-lex.europa.eu\/legal-content\/PT\/TXT\/PDF\/?uri=CELEX:52020DC0474&amp;from=EN\" target=\"_blank\" rel=\"noreferrer noopener\">Plano\u00a0Estrat\u00e9gico sobre\u00a0Mat\u00e9rias-primas\u00a0Cr\u00edticas<\/a>\u00a0publicado em setembro de 2020, a Comiss\u00e3o Europeia indica que os pa\u00edses europeus ir\u00e3o necessitar de 18 vezes mais l\u00edtio em 2030 do que a atual oferta da UE, a fim de satisfazer a sua procura de baterias para ve\u00edculos el\u00e9tricos. A classifica\u00e7\u00e3o do l\u00edtio como mat\u00e9ria-prima cr\u00edtica deu um novo f\u00f4lego \u00e0 ind\u00fastria mineira, uma vez que esta classifica\u00e7\u00e3o envolve incentivos e aux\u00edlios estatais. Paralelamente, as grandes perturba\u00e7\u00f5es nas cadeias de abastecimento globais devido \u00e0 situa\u00e7\u00e3o pand\u00e9mica, e as crescentes tens\u00f5es geopol\u00edticas, nomeadamente com a China, alimentaram os receios sobre as cadeias de abastecimento e potenciaram esta posi\u00e7\u00e3o da Comiss\u00e3o Europeia de forma a assegurar a autonomia estrat\u00e9gica da Uni\u00e3o Europeia.<\/p>\n\n\n\n<p>O documento apresentado hoje pela ANPlWWF elenca uma s\u00e9rie de recomenda\u00e7\u00f5es dirigidas \u00e0s autoridades respons\u00e1veis por este processo e refor\u00e7a que ainda \u00e9 poss\u00edvel tornar Portugal e o resto da Uni\u00e3o Europeia numa refer\u00eancia de toda a cadeia de abastecimento do l\u00edtio a n\u00edvel mundial atrav\u00e9s do Pacto Ecol\u00f3gico Europeu, onde este lidera um processo de minera\u00e7\u00e3o respons\u00e1vel e acautela que toda a cadeia de valor cumpre as melhores pr\u00e1ticas internacionais. Outra das recomenda\u00e7\u00f5es apresentada \u00e9 a cria\u00e7\u00e3o pelos Estados-membros de mecanismos transparentes e participados de atribui\u00e7\u00e3o das licen\u00e7as de prospec\u00e7\u00e3o e concess\u00e3o da minera\u00e7\u00e3o de l\u00edtio, como tamb\u00e9m a cria\u00e7\u00e3o de processos de monitoriza\u00e7\u00e3o de certifica\u00e7\u00e3o de qualidade ao longo da cadeia de abastecimento do l\u00edtio. Estas recomenda\u00e7\u00f5es contrariam as recentes movimenta\u00e7\u00f5es da ind\u00fastria mineira para que seja feita uma autorregula\u00e7\u00e3o e auto certifica\u00e7\u00e3o que poder\u00e1 p\u00f4r em causa, mais uma vez, a transpar\u00eancia de todo o processo, colocando consequentemente em risco as comunidades locais e a prote\u00e7\u00e3o da biodiversidade, assim como a sua \u201clicen\u00e7a social para operar\u201d.&nbsp;<\/p>\n\n\n\n<p>A ANPlWWF sublinha a import\u00e2ncia de refletir e justificar publicamente a explora\u00e7\u00e3o de l\u00edtio em Portugal, do ponto de vista econ\u00f3mico e estrat\u00e9gico e, sobretudo, que estes projetos sejam reconhecidos como respons\u00e1veis, acautelando adequadamente os seus impactos ambientais e assegurando que n\u00e3o s\u00e3o realizados dentro ou na proximidade de \u00e1reas de conserva\u00e7\u00e3o (\u00e1reas protegidas, Rede Natura 2000, etc.) nem colocam em risco os ecossistemas e a respetiva biodiversidade e que respeitam as comunidades locais.<\/p>\n\n\n\n<p>Com vista a debater este tema, a ANP|WWF ir\u00e1 promover uma\u00a0<a href=\"https:\/\/wwf.zoom.us\/j\/98088306293?pwd=a25mbFJJc1VCajRhSmI5blpYanZ4UT09\" target=\"_blank\" rel=\"noreferrer noopener\">mesa redonda online<\/a>\u00a0no dia 8 de fevereiro, que pretende sentar \u00e0 mesa diferentes pontos de vista sobre\u00a0<strong>&#8220;A cadeia de valor do L\u00edtio &#8211; vantagens e desvantagens para Portugal&#8221;<\/strong>. O programa completo estar\u00e1 brevemente dispon\u00edvel no site da\u00a0<a href=\"http:\/\/www.natureza-portugal.org\/\" target=\"_blank\" rel=\"noreferrer noopener\">ANP|WWF.<\/a><\/p>\n","protected":false},"excerpt":{"rendered":"<p>A\u00a0factsheet lan\u00e7ada no passado dia 19\u00a0pela ANPlWWF resulta de um trabalho de investiga\u00e7\u00e3o preliminar onde foram analisadas as 8 regi\u00f5es<\/p>\n","protected":false},"author":1,"featured_media":14810,"comment_status":"closed","ping_status":"open","sticky":false,"template":"","format":"standard","meta":{"colormag_page_container_layout":"default_layout","colormag_page_sidebar_layout":"default_layout","_monsterinsights_skip_tracking":false,"_monsterinsights_sitenote_active":false,"_monsterinsights_sitenote_note":"","_monsterinsights_sitenote_category":0,"jetpack_post_was_ever_published":false,"_jetpack_newsletter_access":"","_jetpack_dont_email_post_to_subs":false,"_jetpack_newsletter_tier_id":0,"_jetpack_memberships_contains_paywalled_content":false,"_jetpack_memberships_contains_paid_content":false,"footnotes":"","jetpack_publicize_message":"","jetpack_publicize_feature_enabled":true,"jetpack_social_post_already_shared":true,"jetpack_social_options":{"image_generator_settings":{"template":"highway","default_image_id":0,"font":"","enabled":false},"version":2}},"categories":[5],"tags":[32,98,389],"class_list":["post-14809","post","type-post","status-publish","format-standard","has-post-thumbnail","hentry","category-ambiente","tag-ambiente","tag-nacional","tag-wwf"],"yoast_head":"<!-- This site is optimized with the Yoast SEO plugin v27.5 - https:\/\/yoast.com\/product\/yoast-seo-wordpress\/ -->\n<title>ANP\/WWF pede prud\u00eancia ao futuro governo sobre os impactos da explora\u00e7\u00e3o de l\u00edtio em Portugal - Algarve 7<\/title>\n<meta name=\"description\" content=\"ANP\/WWF pede prud\u00eancia ao futuro governo sobre os impactos da explora\u00e7\u00e3o de l\u00edtio em Portugal Ambiente\" \/>\n<meta name=\"robots\" content=\"index, follow, max-snippet:-1, max-image-preview:large, max-video-preview:-1\" \/>\n<link rel=\"canonical\" href=\"https:\/\/algarve7.pt\/index.php\/2022\/01\/anp-wwf-pede-prudencia-ao-futuro-governo-sobre-os-impactos-da-exploracao-de-litio-em-portugal\/ambiente\/10\/06\/\" \/>\n<meta property=\"og:locale\" content=\"pt_PT\" \/>\n<meta property=\"og:type\" content=\"article\" \/>\n<meta property=\"og:title\" content=\"ANP\/WWF pede prud\u00eancia ao futuro governo sobre os impactos da explora\u00e7\u00e3o de l\u00edtio em Portugal - Algarve 7\" \/>\n<meta property=\"og:description\" content=\"ANP\/WWF pede prud\u00eancia ao futuro governo sobre os impactos da explora\u00e7\u00e3o de l\u00edtio em Portugal Ambiente\" \/>\n<meta property=\"og:url\" content=\"https:\/\/algarve7.pt\/index.php\/2022\/01\/anp-wwf-pede-prudencia-ao-futuro-governo-sobre-os-impactos-da-exploracao-de-litio-em-portugal\/ambiente\/10\/06\/\" \/>\n<meta property=\"og:site_name\" content=\"Algarve 7\" \/>\n<meta property=\"article:publisher\" content=\"https:\/\/www.facebook.com\/algarve7\" \/>\n<meta property=\"article:author\" content=\"https:\/\/www.facebook.com\/algarve7\" \/>\n<meta property=\"article:published_time\" content=\"2022-01-22T10:06:00+00:00\" \/>\n<meta property=\"og:image\" content=\"https:\/\/algarve7.pt\/wp-content\/uploads\/2022\/01\/logo-wwf-anp.jpg\" \/>\n\t<meta property=\"og:image:width\" content=\"1684\" \/>\n\t<meta property=\"og:image:height\" content=\"1190\" \/>\n\t<meta property=\"og:image:type\" content=\"image\/jpeg\" \/>\n<meta name=\"author\" content=\"Algarve 7\" \/>\n<meta name=\"twitter:card\" content=\"summary_large_image\" \/>\n<meta name=\"twitter:creator\" content=\"@Algarvesete\" \/>\n<meta name=\"twitter:site\" content=\"@Algarvesete\" \/>\n<meta name=\"twitter:label1\" content=\"Escrito por\" \/>\n\t<meta name=\"twitter:data1\" content=\"Algarve 7\" \/>\n\t<meta name=\"twitter:label2\" content=\"Tempo estimado de leitura\" \/>\n\t<meta name=\"twitter:data2\" content=\"4 minutos\" \/>\n<script type=\"application\/ld+json\" class=\"yoast-schema-graph\">{\"@context\":\"https:\\\/\\\/schema.org\",\"@graph\":[{\"@type\":\"Article\",\"@id\":\"https:\\\/\\\/algarve7.pt\\\/index.php\\\/2022\\\/01\\\/anp-wwf-pede-prudencia-ao-futuro-governo-sobre-os-impactos-da-exploracao-de-litio-em-portugal\\\/ambiente\\\/10\\\/06\\\/#article\",\"isPartOf\":{\"@id\":\"https:\\\/\\\/algarve7.pt\\\/index.php\\\/2022\\\/01\\\/anp-wwf-pede-prudencia-ao-futuro-governo-sobre-os-impactos-da-exploracao-de-litio-em-portugal\\\/ambiente\\\/10\\\/06\\\/\"},\"author\":{\"name\":\"Algarve 7\",\"@id\":\"https:\\\/\\\/algarve7.pt\\\/#\\\/schema\\\/person\\\/23fa70681308e7b319a3204bcea45e0c\"},\"headline\":\"ANP\\\/WWF pede prud\u00eancia ao futuro governo sobre os impactos da explora\u00e7\u00e3o de l\u00edtio em Portugal\",\"datePublished\":\"2022-01-22T10:06:00+00:00\",\"mainEntityOfPage\":{\"@id\":\"https:\\\/\\\/algarve7.pt\\\/index.php\\\/2022\\\/01\\\/anp-wwf-pede-prudencia-ao-futuro-governo-sobre-os-impactos-da-exploracao-de-litio-em-portugal\\\/ambiente\\\/10\\\/06\\\/\"},\"wordCount\":761,\"publisher\":{\"@id\":\"https:\\\/\\\/algarve7.pt\\\/#organization\"},\"image\":{\"@id\":\"https:\\\/\\\/algarve7.pt\\\/index.php\\\/2022\\\/01\\\/anp-wwf-pede-prudencia-ao-futuro-governo-sobre-os-impactos-da-exploracao-de-litio-em-portugal\\\/ambiente\\\/10\\\/06\\\/#primaryimage\"},\"thumbnailUrl\":\"https:\\\/\\\/algarve7.pt\\\/wp-content\\\/uploads\\\/2022\\\/01\\\/logo-wwf-anp.jpg\",\"keywords\":[\"Ambiente\",\"Nacional\",\"WWF\"],\"articleSection\":[\"Ambiente\"],\"inLanguage\":\"pt-PT\"},{\"@type\":\"WebPage\",\"@id\":\"https:\\\/\\\/algarve7.pt\\\/index.php\\\/2022\\\/01\\\/anp-wwf-pede-prudencia-ao-futuro-governo-sobre-os-impactos-da-exploracao-de-litio-em-portugal\\\/ambiente\\\/10\\\/06\\\/\",\"url\":\"https:\\\/\\\/algarve7.pt\\\/index.php\\\/2022\\\/01\\\/anp-wwf-pede-prudencia-ao-futuro-governo-sobre-os-impactos-da-exploracao-de-litio-em-portugal\\\/ambiente\\\/10\\\/06\\\/\",\"name\":\"ANP\\\/WWF pede prud\u00eancia ao futuro governo sobre os impactos da explora\u00e7\u00e3o de l\u00edtio em Portugal - Algarve 7\",\"isPartOf\":{\"@id\":\"https:\\\/\\\/algarve7.pt\\\/#website\"},\"primaryImageOfPage\":{\"@id\":\"https:\\\/\\\/algarve7.pt\\\/index.php\\\/2022\\\/01\\\/anp-wwf-pede-prudencia-ao-futuro-governo-sobre-os-impactos-da-exploracao-de-litio-em-portugal\\\/ambiente\\\/10\\\/06\\\/#primaryimage\"},\"image\":{\"@id\":\"https:\\\/\\\/algarve7.pt\\\/index.php\\\/2022\\\/01\\\/anp-wwf-pede-prudencia-ao-futuro-governo-sobre-os-impactos-da-exploracao-de-litio-em-portugal\\\/ambiente\\\/10\\\/06\\\/#primaryimage\"},\"thumbnailUrl\":\"https:\\\/\\\/algarve7.pt\\\/wp-content\\\/uploads\\\/2022\\\/01\\\/logo-wwf-anp.jpg\",\"datePublished\":\"2022-01-22T10:06:00+00:00\",\"description\":\"ANP\\\/WWF pede prud\u00eancia ao futuro governo sobre os impactos da explora\u00e7\u00e3o de l\u00edtio em Portugal Ambiente\",\"breadcrumb\":{\"@id\":\"https:\\\/\\\/algarve7.pt\\\/index.php\\\/2022\\\/01\\\/anp-wwf-pede-prudencia-ao-futuro-governo-sobre-os-impactos-da-exploracao-de-litio-em-portugal\\\/ambiente\\\/10\\\/06\\\/#breadcrumb\"},\"inLanguage\":\"pt-PT\",\"potentialAction\":[{\"@type\":\"ReadAction\",\"target\":[\"https:\\\/\\\/algarve7.pt\\\/index.php\\\/2022\\\/01\\\/anp-wwf-pede-prudencia-ao-futuro-governo-sobre-os-impactos-da-exploracao-de-litio-em-portugal\\\/ambiente\\\/10\\\/06\\\/\"]}]},{\"@type\":\"ImageObject\",\"inLanguage\":\"pt-PT\",\"@id\":\"https:\\\/\\\/algarve7.pt\\\/index.php\\\/2022\\\/01\\\/anp-wwf-pede-prudencia-ao-futuro-governo-sobre-os-impactos-da-exploracao-de-litio-em-portugal\\\/ambiente\\\/10\\\/06\\\/#primaryimage\",\"url\":\"https:\\\/\\\/algarve7.pt\\\/wp-content\\\/uploads\\\/2022\\\/01\\\/logo-wwf-anp.jpg\",\"contentUrl\":\"https:\\\/\\\/algarve7.pt\\\/wp-content\\\/uploads\\\/2022\\\/01\\\/logo-wwf-anp.jpg\",\"width\":1684,\"height\":1190},{\"@type\":\"BreadcrumbList\",\"@id\":\"https:\\\/\\\/algarve7.pt\\\/index.php\\\/2022\\\/01\\\/anp-wwf-pede-prudencia-ao-futuro-governo-sobre-os-impactos-da-exploracao-de-litio-em-portugal\\\/ambiente\\\/10\\\/06\\\/#breadcrumb\",\"itemListElement\":[{\"@type\":\"ListItem\",\"position\":1,\"name\":\"In\u00edcio\",\"item\":\"https:\\\/\\\/algarve7.pt\\\/\"},{\"@type\":\"ListItem\",\"position\":2,\"name\":\"ANP\\\/WWF pede prud\u00eancia ao futuro governo sobre os impactos da explora\u00e7\u00e3o de l\u00edtio em Portugal\"}]},{\"@type\":\"WebSite\",\"@id\":\"https:\\\/\\\/algarve7.pt\\\/#website\",\"url\":\"https:\\\/\\\/algarve7.pt\\\/\",\"name\":\"Algarve 7\",\"description\":\"Informa\u00e7\u00e3o sobre o Algarve\",\"publisher\":{\"@id\":\"https:\\\/\\\/algarve7.pt\\\/#organization\"},\"potentialAction\":[{\"@type\":\"SearchAction\",\"target\":{\"@type\":\"EntryPoint\",\"urlTemplate\":\"https:\\\/\\\/algarve7.pt\\\/?s={search_term_string}\"},\"query-input\":{\"@type\":\"PropertyValueSpecification\",\"valueRequired\":true,\"valueName\":\"search_term_string\"}}],\"inLanguage\":\"pt-PT\"},{\"@type\":\"Organization\",\"@id\":\"https:\\\/\\\/algarve7.pt\\\/#organization\",\"name\":\"Algarve 7\",\"url\":\"https:\\\/\\\/algarve7.pt\\\/\",\"logo\":{\"@type\":\"ImageObject\",\"inLanguage\":\"pt-PT\",\"@id\":\"https:\\\/\\\/algarve7.pt\\\/#\\\/schema\\\/logo\\\/image\\\/\",\"url\":\"https:\\\/\\\/algarve7.pt\\\/wp-content\\\/uploads\\\/2020\\\/10\\\/Logo-8.jpg\",\"contentUrl\":\"https:\\\/\\\/algarve7.pt\\\/wp-content\\\/uploads\\\/2020\\\/10\\\/Logo-8.jpg\",\"width\":1680,\"height\":1186,\"caption\":\"Algarve 7\"},\"image\":{\"@id\":\"https:\\\/\\\/algarve7.pt\\\/#\\\/schema\\\/logo\\\/image\\\/\"},\"sameAs\":[\"https:\\\/\\\/www.facebook.com\\\/algarve7\",\"https:\\\/\\\/x.com\\\/Algarvesete\",\"https:\\\/\\\/www.instagram.com\\\/jornalalgarve7\\\/\",\"https:\\\/\\\/www.linkedin.com\\\/company\\\/algarve7\",\"https:\\\/\\\/www.pinterest.pt\\\/geral0939\\\/_created\\\/\"]},{\"@type\":\"Person\",\"@id\":\"https:\\\/\\\/algarve7.pt\\\/#\\\/schema\\\/person\\\/23fa70681308e7b319a3204bcea45e0c\",\"name\":\"Algarve 7\",\"sameAs\":[\"https:\\\/\\\/algarve7.pt\",\"https:\\\/\\\/www.facebook.com\\\/algarve7\"],\"url\":\"https:\\\/\\\/algarve7.pt\\\/index.php\\\/author\\\/geralalgarve7-pt\\\/\"}]}<\/script>\n<!-- \/ Yoast SEO plugin. -->","yoast_head_json":{"title":"ANP\/WWF pede prud\u00eancia ao futuro governo sobre os impactos da explora\u00e7\u00e3o de l\u00edtio em Portugal - Algarve 7","description":"ANP\/WWF pede prud\u00eancia ao futuro governo sobre os impactos da explora\u00e7\u00e3o de l\u00edtio em Portugal Ambiente","robots":{"index":"index","follow":"follow","max-snippet":"max-snippet:-1","max-image-preview":"max-image-preview:large","max-video-preview":"max-video-preview:-1"},"canonical":"https:\/\/algarve7.pt\/index.php\/2022\/01\/anp-wwf-pede-prudencia-ao-futuro-governo-sobre-os-impactos-da-exploracao-de-litio-em-portugal\/ambiente\/10\/06\/","og_locale":"pt_PT","og_type":"article","og_title":"ANP\/WWF pede prud\u00eancia ao futuro governo sobre os impactos da explora\u00e7\u00e3o de l\u00edtio em Portugal - Algarve 7","og_description":"ANP\/WWF pede prud\u00eancia ao futuro governo sobre os impactos da explora\u00e7\u00e3o de l\u00edtio em Portugal Ambiente","og_url":"https:\/\/algarve7.pt\/index.php\/2022\/01\/anp-wwf-pede-prudencia-ao-futuro-governo-sobre-os-impactos-da-exploracao-de-litio-em-portugal\/ambiente\/10\/06\/","og_site_name":"Algarve 7","article_publisher":"https:\/\/www.facebook.com\/algarve7","article_author":"https:\/\/www.facebook.com\/algarve7","article_published_time":"2022-01-22T10:06:00+00:00","og_image":[{"width":1684,"height":1190,"url":"https:\/\/algarve7.pt\/wp-content\/uploads\/2022\/01\/logo-wwf-anp.jpg","type":"image\/jpeg"}],"author":"Algarve 7","twitter_card":"summary_large_image","twitter_creator":"@Algarvesete","twitter_site":"@Algarvesete","twitter_misc":{"Escrito por":"Algarve 7","Tempo estimado de leitura":"4 minutos"},"schema":{"@context":"https:\/\/schema.org","@graph":[{"@type":"Article","@id":"https:\/\/algarve7.pt\/index.php\/2022\/01\/anp-wwf-pede-prudencia-ao-futuro-governo-sobre-os-impactos-da-exploracao-de-litio-em-portugal\/ambiente\/10\/06\/#article","isPartOf":{"@id":"https:\/\/algarve7.pt\/index.php\/2022\/01\/anp-wwf-pede-prudencia-ao-futuro-governo-sobre-os-impactos-da-exploracao-de-litio-em-portugal\/ambiente\/10\/06\/"},"author":{"name":"Algarve 7","@id":"https:\/\/algarve7.pt\/#\/schema\/person\/23fa70681308e7b319a3204bcea45e0c"},"headline":"ANP\/WWF pede prud\u00eancia ao futuro governo sobre os impactos da explora\u00e7\u00e3o de l\u00edtio em Portugal","datePublished":"2022-01-22T10:06:00+00:00","mainEntityOfPage":{"@id":"https:\/\/algarve7.pt\/index.php\/2022\/01\/anp-wwf-pede-prudencia-ao-futuro-governo-sobre-os-impactos-da-exploracao-de-litio-em-portugal\/ambiente\/10\/06\/"},"wordCount":761,"publisher":{"@id":"https:\/\/algarve7.pt\/#organization"},"image":{"@id":"https:\/\/algarve7.pt\/index.php\/2022\/01\/anp-wwf-pede-prudencia-ao-futuro-governo-sobre-os-impactos-da-exploracao-de-litio-em-portugal\/ambiente\/10\/06\/#primaryimage"},"thumbnailUrl":"https:\/\/algarve7.pt\/wp-content\/uploads\/2022\/01\/logo-wwf-anp.jpg","keywords":["Ambiente","Nacional","WWF"],"articleSection":["Ambiente"],"inLanguage":"pt-PT"},{"@type":"WebPage","@id":"https:\/\/algarve7.pt\/index.php\/2022\/01\/anp-wwf-pede-prudencia-ao-futuro-governo-sobre-os-impactos-da-exploracao-de-litio-em-portugal\/ambiente\/10\/06\/","url":"https:\/\/algarve7.pt\/index.php\/2022\/01\/anp-wwf-pede-prudencia-ao-futuro-governo-sobre-os-impactos-da-exploracao-de-litio-em-portugal\/ambiente\/10\/06\/","name":"ANP\/WWF pede prud\u00eancia ao futuro governo sobre os impactos da explora\u00e7\u00e3o de l\u00edtio em Portugal - Algarve 7","isPartOf":{"@id":"https:\/\/algarve7.pt\/#website"},"primaryImageOfPage":{"@id":"https:\/\/algarve7.pt\/index.php\/2022\/01\/anp-wwf-pede-prudencia-ao-futuro-governo-sobre-os-impactos-da-exploracao-de-litio-em-portugal\/ambiente\/10\/06\/#primaryimage"},"image":{"@id":"https:\/\/algarve7.pt\/index.php\/2022\/01\/anp-wwf-pede-prudencia-ao-futuro-governo-sobre-os-impactos-da-exploracao-de-litio-em-portugal\/ambiente\/10\/06\/#primaryimage"},"thumbnailUrl":"https:\/\/algarve7.pt\/wp-content\/uploads\/2022\/01\/logo-wwf-anp.jpg","datePublished":"2022-01-22T10:06:00+00:00","description":"ANP\/WWF pede prud\u00eancia ao futuro governo sobre os impactos da explora\u00e7\u00e3o de l\u00edtio em Portugal Ambiente","breadcrumb":{"@id":"https:\/\/algarve7.pt\/index.php\/2022\/01\/anp-wwf-pede-prudencia-ao-futuro-governo-sobre-os-impactos-da-exploracao-de-litio-em-portugal\/ambiente\/10\/06\/#breadcrumb"},"inLanguage":"pt-PT","potentialAction":[{"@type":"ReadAction","target":["https:\/\/algarve7.pt\/index.php\/2022\/01\/anp-wwf-pede-prudencia-ao-futuro-governo-sobre-os-impactos-da-exploracao-de-litio-em-portugal\/ambiente\/10\/06\/"]}]},{"@type":"ImageObject","inLanguage":"pt-PT","@id":"https:\/\/algarve7.pt\/index.php\/2022\/01\/anp-wwf-pede-prudencia-ao-futuro-governo-sobre-os-impactos-da-exploracao-de-litio-em-portugal\/ambiente\/10\/06\/#primaryimage","url":"https:\/\/algarve7.pt\/wp-content\/uploads\/2022\/01\/logo-wwf-anp.jpg","contentUrl":"https:\/\/algarve7.pt\/wp-content\/uploads\/2022\/01\/logo-wwf-anp.jpg","width":1684,"height":1190},{"@type":"BreadcrumbList","@id":"https:\/\/algarve7.pt\/index.php\/2022\/01\/anp-wwf-pede-prudencia-ao-futuro-governo-sobre-os-impactos-da-exploracao-de-litio-em-portugal\/ambiente\/10\/06\/#breadcrumb","itemListElement":[{"@type":"ListItem","position":1,"name":"In\u00edcio","item":"https:\/\/algarve7.pt\/"},{"@type":"ListItem","position":2,"name":"ANP\/WWF pede prud\u00eancia ao futuro governo sobre os impactos da explora\u00e7\u00e3o de l\u00edtio em Portugal"}]},{"@type":"WebSite","@id":"https:\/\/algarve7.pt\/#website","url":"https:\/\/algarve7.pt\/","name":"Algarve 7","description":"Informa\u00e7\u00e3o sobre o Algarve","publisher":{"@id":"https:\/\/algarve7.pt\/#organization"},"potentialAction":[{"@type":"SearchAction","target":{"@type":"EntryPoint","urlTemplate":"https:\/\/algarve7.pt\/?s={search_term_string}"},"query-input":{"@type":"PropertyValueSpecification","valueRequired":true,"valueName":"search_term_string"}}],"inLanguage":"pt-PT"},{"@type":"Organization","@id":"https:\/\/algarve7.pt\/#organization","name":"Algarve 7","url":"https:\/\/algarve7.pt\/","logo":{"@type":"ImageObject","inLanguage":"pt-PT","@id":"https:\/\/algarve7.pt\/#\/schema\/logo\/image\/","url":"https:\/\/algarve7.pt\/wp-content\/uploads\/2020\/10\/Logo-8.jpg","contentUrl":"https:\/\/algarve7.pt\/wp-content\/uploads\/2020\/10\/Logo-8.jpg","width":1680,"height":1186,"caption":"Algarve 7"},"image":{"@id":"https:\/\/algarve7.pt\/#\/schema\/logo\/image\/"},"sameAs":["https:\/\/www.facebook.com\/algarve7","https:\/\/x.com\/Algarvesete","https:\/\/www.instagram.com\/jornalalgarve7\/","https:\/\/www.linkedin.com\/company\/algarve7","https:\/\/www.pinterest.pt\/geral0939\/_created\/"]},{"@type":"Person","@id":"https:\/\/algarve7.pt\/#\/schema\/person\/23fa70681308e7b319a3204bcea45e0c","name":"Algarve 7","sameAs":["https:\/\/algarve7.pt","https:\/\/www.facebook.com\/algarve7"],"url":"https:\/\/algarve7.pt\/index.php\/author\/geralalgarve7-pt\/"}]}},"jetpack_publicize_connections":[],"jetpack_featured_media_url":"https:\/\/algarve7.pt\/wp-content\/uploads\/2022\/01\/logo-wwf-anp.jpg","jetpack_shortlink":"https:\/\/wp.me\/pcezmW-3QR","jetpack_sharing_enabled":true,"_links":{"self":[{"href":"https:\/\/algarve7.pt\/index.php\/wp-json\/wp\/v2\/posts\/14809","targetHints":{"allow":["GET"]}}],"collection":[{"href":"https:\/\/algarve7.pt\/index.php\/wp-json\/wp\/v2\/posts"}],"about":[{"href":"https:\/\/algarve7.pt\/index.php\/wp-json\/wp\/v2\/types\/post"}],"author":[{"embeddable":true,"href":"https:\/\/algarve7.pt\/index.php\/wp-json\/wp\/v2\/users\/1"}],"replies":[{"embeddable":true,"href":"https:\/\/algarve7.pt\/index.php\/wp-json\/wp\/v2\/comments?post=14809"}],"version-history":[{"count":0,"href":"https:\/\/algarve7.pt\/index.php\/wp-json\/wp\/v2\/posts\/14809\/revisions"}],"wp:featuredmedia":[{"embeddable":true,"href":"https:\/\/algarve7.pt\/index.php\/wp-json\/wp\/v2\/media\/14810"}],"wp:attachment":[{"href":"https:\/\/algarve7.pt\/index.php\/wp-json\/wp\/v2\/media?parent=14809"}],"wp:term":[{"taxonomy":"category","embeddable":true,"href":"https:\/\/algarve7.pt\/index.php\/wp-json\/wp\/v2\/categories?post=14809"},{"taxonomy":"post_tag","embeddable":true,"href":"https:\/\/algarve7.pt\/index.php\/wp-json\/wp\/v2\/tags?post=14809"}],"curies":[{"name":"wp","href":"https:\/\/api.w.org\/{rel}","templated":true}]}}