{"id":14521,"date":"2022-01-10T12:45:16","date_gmt":"2022-01-10T12:45:16","guid":{"rendered":"https:\/\/algarve7.pt\/?p=14521"},"modified":"2022-01-10T12:45:19","modified_gmt":"2022-01-10T12:45:19","slug":"portugal-de-les-a-les-de-2022-com-partida-de-faro","status":"publish","type":"post","link":"https:\/\/algarve7.pt\/index.php\/2022\/01\/portugal-de-les-a-les-de-2022-com-partida-de-faro\/desporto\/12\/45\/","title":{"rendered":"Portugal de L\u00e9s-a-L\u00e9s de 2022 com partida de Faro"},"content":{"rendered":"\n<p>Um ano depois da entusiasmante travessia de Chaves a Faro atrav\u00e9s da Nacional 2, o Portugal de L\u00e9s-a-L\u00e9s volta, em 2022, \u00e0 tranquila zona raiana para uma edi\u00e7\u00e3o, a 24.\u00aa, com partida de Faro rumo a Tr\u00e1s-os-Montes. Do percurso, a ser ultimado pelos elementos da Comiss\u00e3o de Mototurismo da Federa\u00e7\u00e3o de Motociclismo de Portugal, j\u00e1 se pode dizer que ser\u00e1 muito, mas mesmo muito bonito! E internacional, com v\u00e1rias incurs\u00f5es na zona fronteiri\u00e7a espanhola.<\/p>\n\n\n\n<p>Que mais se pode dizer? Que o primeiro dia, 9 de junho, ser\u00e1 reservado como habitualmente nos \u00faltimos anos, \u00e0s verifica\u00e7\u00f5es t\u00e9cnicas e documentais e ao Passeio de Abertura. E para quem pensa que j\u00e1 viu tudo e conhece ao pormenor a capital algarvia, fica a garantia de novidades na descoberta do concelho de Faro, das praias \u00e0 serra passando pelo cativante e rico Centro Hist\u00f3rico.<\/p>\n\n\n\n<p>A \u00fanica certeza \u00e9 de um arranque em festa, antes de uma primeira etapa que que levar\u00e1 a caravana at\u00e9, novidade, Castelo de Vide! Bel\u00edssima vila, justamente apodada de \u2018Sintra do Alentejo\u2019, onde os motociclistas s\u00e3o sempre bem recebidos e onde as estradas apelam ao mais prazenteiro turismo. Tirada que, como todo o aventureiro passeio, ser\u00e1 muito voltado para o patrim\u00f3nio natural, refor\u00e7ando a import\u00e2ncia de passear de moto como o melhor rem\u00e9dio para ultrapassar estes tempos estranhos. E recuperar do&nbsp;<em>\u2018stop-and-go\u2019<\/em>&nbsp;que o Mundo viveu nestes dois \u00faltimos anos marcados pela pandemia.<\/p>\n\n\n\n<p>Mas, claro est\u00e1, o evento apoiado pela BMW, BP, Via Verde, NEXX, Ag\u00eancia Abreu e Dunlop ter\u00e1 muitos mais motivos de interesse, desde a descoberta megal\u00edtica no Alto Alentejo, \u00e0 possibilidade de visitar a rec\u00e9m-inaugurada Casa da Cidadania Salgueiro Maia. Bem interessante n\u00facleo museol\u00f3gico que alberga o patrim\u00f3nio que o capit\u00e3o do ex\u00e9rcito portugu\u00eas que liderou a Revolu\u00e7\u00e3o de 25 de Abril de 1974 fez quest\u00e3o de doar \u00e0 vila alentejana onde nasceu. Entre o acervo que pode ser visto no castelo da vila, encontra-se o famoso megafone com o qual o Capit\u00e3o Salgueiro Maia intimou Marcelo Caetano a render-se e a entregar o poder \u00e0s for\u00e7as da democracia, ou o uniforme militar que envergava no dia que assinala o fim da ditadura em Portugal. Momento hist\u00f3rico antes de rumar a norte, com gracioso saltitar transfronteiri\u00e7o, numa descoberta das fort\u00edssimas liga\u00e7\u00f5es entre Portugal e Espanha particularmente vis\u00edveis nesta zona do territ\u00f3rio.<\/p>\n\n\n\n<p>Mais detalhes, muito mais pormenores, ser\u00e3o dados em meados de fevereiro, numa Apresenta\u00e7\u00e3o Oficial que se espera voltar a ser nos moldes tradicionais, com a presen\u00e7a de p\u00fablico, seguida do arranque das inscri\u00e7\u00f5es. Atentos ao evoluir da situa\u00e7\u00e3o sanit\u00e1ria, os respons\u00e1veis federativos tudo far\u00e3o para reunir os apaixonados mototuristas que n\u00e3o querem perder pitada do 24.\u00ba Portugal de L\u00e9s-a-L\u00e9s em lugar central e, sobretudo, seguro.<\/p>\n","protected":false},"excerpt":{"rendered":"<p>Um ano depois da entusiasmante travessia de Chaves a Faro atrav\u00e9s da Nacional 2, o Portugal de L\u00e9s-a-L\u00e9s volta, em<\/p>\n","protected":false},"author":1,"featured_media":14522,"comment_status":"closed","ping_status":"open","sticky":false,"template":"","format":"standard","meta":{"colormag_page_container_layout":"default_layout","colormag_page_sidebar_layout":"default_layout","_monsterinsights_skip_tracking":false,"_monsterinsights_sitenote_active":false,"_monsterinsights_sitenote_note":"","_monsterinsights_sitenote_category":0,"jetpack_post_was_ever_published":false,"_jetpack_newsletter_access":"","_jetpack_dont_email_post_to_subs":false,"_jetpack_newsletter_tier_id":0,"_jetpack_memberships_contains_paywalled_content":false,"_jetpack_memberships_contains_paid_content":false,"footnotes":"","jetpack_publicize_message":"","jetpack_publicize_feature_enabled":true,"jetpack_social_post_already_shared":true,"jetpack_social_options":{"image_generator_settings":{"template":"highway","default_image_id":0,"font":"","enabled":false},"version":2}},"categories":[15],"tags":[36,40,57,562],"class_list":["post-14521","post","type-post","status-publish","format-standard","has-post-thumbnail","hentry","category-desporto","tag-algarve","tag-desporto","tag-faro","tag-portugal-de-les-a-les"],"yoast_head":"<!-- This site is optimized with the Yoast SEO plugin v27.5 - https:\/\/yoast.com\/product\/yoast-seo-wordpress\/ -->\n<title>Portugal de L\u00e9s-a-L\u00e9s de 2022 com partida de Faro - Algarve 7<\/title>\n<meta name=\"description\" content=\"Portugal de L\u00e9s-a-L\u00e9s de 2022 com partida de Faro Desporto\" \/>\n<meta name=\"robots\" content=\"index, follow, max-snippet:-1, max-image-preview:large, max-video-preview:-1\" \/>\n<link rel=\"canonical\" href=\"https:\/\/algarve7.pt\/index.php\/2022\/01\/portugal-de-les-a-les-de-2022-com-partida-de-faro\/desporto\/12\/45\/\" \/>\n<meta property=\"og:locale\" content=\"pt_PT\" \/>\n<meta property=\"og:type\" content=\"article\" \/>\n<meta property=\"og:title\" content=\"Portugal de L\u00e9s-a-L\u00e9s de 2022 com partida de Faro - Algarve 7\" \/>\n<meta property=\"og:description\" content=\"Portugal de L\u00e9s-a-L\u00e9s de 2022 com partida de Faro Desporto\" \/>\n<meta property=\"og:url\" content=\"https:\/\/algarve7.pt\/index.php\/2022\/01\/portugal-de-les-a-les-de-2022-com-partida-de-faro\/desporto\/12\/45\/\" \/>\n<meta property=\"og:site_name\" content=\"Algarve 7\" \/>\n<meta property=\"article:publisher\" content=\"https:\/\/www.facebook.com\/algarve7\" \/>\n<meta property=\"article:author\" content=\"https:\/\/www.facebook.com\/algarve7\" \/>\n<meta property=\"article:published_time\" content=\"2022-01-10T12:45:16+00:00\" \/>\n<meta property=\"article:modified_time\" content=\"2022-01-10T12:45:19+00:00\" \/>\n<meta property=\"og:image\" content=\"https:\/\/algarve7.pt\/wp-content\/uploads\/2022\/01\/Captura-de-ecra-2022-01-10-as-12.42.49-1024x563.png\" \/>\n\t<meta property=\"og:image:width\" content=\"1024\" \/>\n\t<meta property=\"og:image:height\" content=\"563\" \/>\n\t<meta property=\"og:image:type\" content=\"image\/png\" \/>\n<meta name=\"author\" content=\"Algarve 7\" \/>\n<meta name=\"twitter:card\" content=\"summary_large_image\" \/>\n<meta name=\"twitter:creator\" content=\"@Algarvesete\" \/>\n<meta name=\"twitter:site\" content=\"@Algarvesete\" \/>\n<meta name=\"twitter:label1\" content=\"Escrito por\" \/>\n\t<meta name=\"twitter:data1\" content=\"Algarve 7\" \/>\n\t<meta name=\"twitter:label2\" content=\"Tempo estimado de leitura\" \/>\n\t<meta name=\"twitter:data2\" content=\"3 minutos\" \/>\n<script type=\"application\/ld+json\" class=\"yoast-schema-graph\">{\"@context\":\"https:\\\/\\\/schema.org\",\"@graph\":[{\"@type\":\"Article\",\"@id\":\"https:\\\/\\\/algarve7.pt\\\/index.php\\\/2022\\\/01\\\/portugal-de-les-a-les-de-2022-com-partida-de-faro\\\/desporto\\\/12\\\/45\\\/#article\",\"isPartOf\":{\"@id\":\"https:\\\/\\\/algarve7.pt\\\/index.php\\\/2022\\\/01\\\/portugal-de-les-a-les-de-2022-com-partida-de-faro\\\/desporto\\\/12\\\/45\\\/\"},\"author\":{\"name\":\"Algarve 7\",\"@id\":\"https:\\\/\\\/algarve7.pt\\\/#\\\/schema\\\/person\\\/23fa70681308e7b319a3204bcea45e0c\"},\"headline\":\"Portugal de L\u00e9s-a-L\u00e9s de 2022 com partida de Faro\",\"datePublished\":\"2022-01-10T12:45:16+00:00\",\"dateModified\":\"2022-01-10T12:45:19+00:00\",\"mainEntityOfPage\":{\"@id\":\"https:\\\/\\\/algarve7.pt\\\/index.php\\\/2022\\\/01\\\/portugal-de-les-a-les-de-2022-com-partida-de-faro\\\/desporto\\\/12\\\/45\\\/\"},\"wordCount\":499,\"publisher\":{\"@id\":\"https:\\\/\\\/algarve7.pt\\\/#organization\"},\"image\":{\"@id\":\"https:\\\/\\\/algarve7.pt\\\/index.php\\\/2022\\\/01\\\/portugal-de-les-a-les-de-2022-com-partida-de-faro\\\/desporto\\\/12\\\/45\\\/#primaryimage\"},\"thumbnailUrl\":\"https:\\\/\\\/algarve7.pt\\\/wp-content\\\/uploads\\\/2022\\\/01\\\/Captura-de-ecra-2022-01-10-as-12.42.49.png\",\"keywords\":[\"Algarve\",\"Desporto\",\"Faro\",\"Portugal de L\u00e9s-a-L\u00e9s\"],\"articleSection\":[\"Desporto\"],\"inLanguage\":\"pt-PT\"},{\"@type\":\"WebPage\",\"@id\":\"https:\\\/\\\/algarve7.pt\\\/index.php\\\/2022\\\/01\\\/portugal-de-les-a-les-de-2022-com-partida-de-faro\\\/desporto\\\/12\\\/45\\\/\",\"url\":\"https:\\\/\\\/algarve7.pt\\\/index.php\\\/2022\\\/01\\\/portugal-de-les-a-les-de-2022-com-partida-de-faro\\\/desporto\\\/12\\\/45\\\/\",\"name\":\"Portugal de L\u00e9s-a-L\u00e9s de 2022 com partida de Faro - Algarve 7\",\"isPartOf\":{\"@id\":\"https:\\\/\\\/algarve7.pt\\\/#website\"},\"primaryImageOfPage\":{\"@id\":\"https:\\\/\\\/algarve7.pt\\\/index.php\\\/2022\\\/01\\\/portugal-de-les-a-les-de-2022-com-partida-de-faro\\\/desporto\\\/12\\\/45\\\/#primaryimage\"},\"image\":{\"@id\":\"https:\\\/\\\/algarve7.pt\\\/index.php\\\/2022\\\/01\\\/portugal-de-les-a-les-de-2022-com-partida-de-faro\\\/desporto\\\/12\\\/45\\\/#primaryimage\"},\"thumbnailUrl\":\"https:\\\/\\\/algarve7.pt\\\/wp-content\\\/uploads\\\/2022\\\/01\\\/Captura-de-ecra-2022-01-10-as-12.42.49.png\",\"datePublished\":\"2022-01-10T12:45:16+00:00\",\"dateModified\":\"2022-01-10T12:45:19+00:00\",\"description\":\"Portugal de L\u00e9s-a-L\u00e9s de 2022 com partida de Faro Desporto\",\"breadcrumb\":{\"@id\":\"https:\\\/\\\/algarve7.pt\\\/index.php\\\/2022\\\/01\\\/portugal-de-les-a-les-de-2022-com-partida-de-faro\\\/desporto\\\/12\\\/45\\\/#breadcrumb\"},\"inLanguage\":\"pt-PT\",\"potentialAction\":[{\"@type\":\"ReadAction\",\"target\":[\"https:\\\/\\\/algarve7.pt\\\/index.php\\\/2022\\\/01\\\/portugal-de-les-a-les-de-2022-com-partida-de-faro\\\/desporto\\\/12\\\/45\\\/\"]}]},{\"@type\":\"ImageObject\",\"inLanguage\":\"pt-PT\",\"@id\":\"https:\\\/\\\/algarve7.pt\\\/index.php\\\/2022\\\/01\\\/portugal-de-les-a-les-de-2022-com-partida-de-faro\\\/desporto\\\/12\\\/45\\\/#primaryimage\",\"url\":\"https:\\\/\\\/algarve7.pt\\\/wp-content\\\/uploads\\\/2022\\\/01\\\/Captura-de-ecra-2022-01-10-as-12.42.49.png\",\"contentUrl\":\"https:\\\/\\\/algarve7.pt\\\/wp-content\\\/uploads\\\/2022\\\/01\\\/Captura-de-ecra-2022-01-10-as-12.42.49.png\",\"width\":1540,\"height\":846},{\"@type\":\"BreadcrumbList\",\"@id\":\"https:\\\/\\\/algarve7.pt\\\/index.php\\\/2022\\\/01\\\/portugal-de-les-a-les-de-2022-com-partida-de-faro\\\/desporto\\\/12\\\/45\\\/#breadcrumb\",\"itemListElement\":[{\"@type\":\"ListItem\",\"position\":1,\"name\":\"In\u00edcio\",\"item\":\"https:\\\/\\\/algarve7.pt\\\/\"},{\"@type\":\"ListItem\",\"position\":2,\"name\":\"Portugal de L\u00e9s-a-L\u00e9s de 2022 com partida de Faro\"}]},{\"@type\":\"WebSite\",\"@id\":\"https:\\\/\\\/algarve7.pt\\\/#website\",\"url\":\"https:\\\/\\\/algarve7.pt\\\/\",\"name\":\"Algarve 7\",\"description\":\"Informa\u00e7\u00e3o sobre o Algarve\",\"publisher\":{\"@id\":\"https:\\\/\\\/algarve7.pt\\\/#organization\"},\"potentialAction\":[{\"@type\":\"SearchAction\",\"target\":{\"@type\":\"EntryPoint\",\"urlTemplate\":\"https:\\\/\\\/algarve7.pt\\\/?s={search_term_string}\"},\"query-input\":{\"@type\":\"PropertyValueSpecification\",\"valueRequired\":true,\"valueName\":\"search_term_string\"}}],\"inLanguage\":\"pt-PT\"},{\"@type\":\"Organization\",\"@id\":\"https:\\\/\\\/algarve7.pt\\\/#organization\",\"name\":\"Algarve 7\",\"url\":\"https:\\\/\\\/algarve7.pt\\\/\",\"logo\":{\"@type\":\"ImageObject\",\"inLanguage\":\"pt-PT\",\"@id\":\"https:\\\/\\\/algarve7.pt\\\/#\\\/schema\\\/logo\\\/image\\\/\",\"url\":\"https:\\\/\\\/algarve7.pt\\\/wp-content\\\/uploads\\\/2020\\\/10\\\/Logo-8.jpg\",\"contentUrl\":\"https:\\\/\\\/algarve7.pt\\\/wp-content\\\/uploads\\\/2020\\\/10\\\/Logo-8.jpg\",\"width\":1680,\"height\":1186,\"caption\":\"Algarve 7\"},\"image\":{\"@id\":\"https:\\\/\\\/algarve7.pt\\\/#\\\/schema\\\/logo\\\/image\\\/\"},\"sameAs\":[\"https:\\\/\\\/www.facebook.com\\\/algarve7\",\"https:\\\/\\\/x.com\\\/Algarvesete\",\"https:\\\/\\\/www.instagram.com\\\/jornalalgarve7\\\/\",\"https:\\\/\\\/www.linkedin.com\\\/company\\\/algarve7\",\"https:\\\/\\\/www.pinterest.pt\\\/geral0939\\\/_created\\\/\"]},{\"@type\":\"Person\",\"@id\":\"https:\\\/\\\/algarve7.pt\\\/#\\\/schema\\\/person\\\/23fa70681308e7b319a3204bcea45e0c\",\"name\":\"Algarve 7\",\"sameAs\":[\"https:\\\/\\\/algarve7.pt\",\"https:\\\/\\\/www.facebook.com\\\/algarve7\"],\"url\":\"https:\\\/\\\/algarve7.pt\\\/index.php\\\/author\\\/geralalgarve7-pt\\\/\"}]}<\/script>\n<!-- \/ Yoast SEO plugin. -->","yoast_head_json":{"title":"Portugal de L\u00e9s-a-L\u00e9s de 2022 com partida de Faro - Algarve 7","description":"Portugal de L\u00e9s-a-L\u00e9s de 2022 com partida de Faro Desporto","robots":{"index":"index","follow":"follow","max-snippet":"max-snippet:-1","max-image-preview":"max-image-preview:large","max-video-preview":"max-video-preview:-1"},"canonical":"https:\/\/algarve7.pt\/index.php\/2022\/01\/portugal-de-les-a-les-de-2022-com-partida-de-faro\/desporto\/12\/45\/","og_locale":"pt_PT","og_type":"article","og_title":"Portugal de L\u00e9s-a-L\u00e9s de 2022 com partida de Faro - Algarve 7","og_description":"Portugal de L\u00e9s-a-L\u00e9s de 2022 com partida de Faro Desporto","og_url":"https:\/\/algarve7.pt\/index.php\/2022\/01\/portugal-de-les-a-les-de-2022-com-partida-de-faro\/desporto\/12\/45\/","og_site_name":"Algarve 7","article_publisher":"https:\/\/www.facebook.com\/algarve7","article_author":"https:\/\/www.facebook.com\/algarve7","article_published_time":"2022-01-10T12:45:16+00:00","article_modified_time":"2022-01-10T12:45:19+00:00","og_image":[{"width":1024,"height":563,"url":"https:\/\/algarve7.pt\/wp-content\/uploads\/2022\/01\/Captura-de-ecra-2022-01-10-as-12.42.49-1024x563.png","type":"image\/png"}],"author":"Algarve 7","twitter_card":"summary_large_image","twitter_creator":"@Algarvesete","twitter_site":"@Algarvesete","twitter_misc":{"Escrito por":"Algarve 7","Tempo estimado de leitura":"3 minutos"},"schema":{"@context":"https:\/\/schema.org","@graph":[{"@type":"Article","@id":"https:\/\/algarve7.pt\/index.php\/2022\/01\/portugal-de-les-a-les-de-2022-com-partida-de-faro\/desporto\/12\/45\/#article","isPartOf":{"@id":"https:\/\/algarve7.pt\/index.php\/2022\/01\/portugal-de-les-a-les-de-2022-com-partida-de-faro\/desporto\/12\/45\/"},"author":{"name":"Algarve 7","@id":"https:\/\/algarve7.pt\/#\/schema\/person\/23fa70681308e7b319a3204bcea45e0c"},"headline":"Portugal de L\u00e9s-a-L\u00e9s de 2022 com partida de Faro","datePublished":"2022-01-10T12:45:16+00:00","dateModified":"2022-01-10T12:45:19+00:00","mainEntityOfPage":{"@id":"https:\/\/algarve7.pt\/index.php\/2022\/01\/portugal-de-les-a-les-de-2022-com-partida-de-faro\/desporto\/12\/45\/"},"wordCount":499,"publisher":{"@id":"https:\/\/algarve7.pt\/#organization"},"image":{"@id":"https:\/\/algarve7.pt\/index.php\/2022\/01\/portugal-de-les-a-les-de-2022-com-partida-de-faro\/desporto\/12\/45\/#primaryimage"},"thumbnailUrl":"https:\/\/algarve7.pt\/wp-content\/uploads\/2022\/01\/Captura-de-ecra-2022-01-10-as-12.42.49.png","keywords":["Algarve","Desporto","Faro","Portugal de L\u00e9s-a-L\u00e9s"],"articleSection":["Desporto"],"inLanguage":"pt-PT"},{"@type":"WebPage","@id":"https:\/\/algarve7.pt\/index.php\/2022\/01\/portugal-de-les-a-les-de-2022-com-partida-de-faro\/desporto\/12\/45\/","url":"https:\/\/algarve7.pt\/index.php\/2022\/01\/portugal-de-les-a-les-de-2022-com-partida-de-faro\/desporto\/12\/45\/","name":"Portugal de L\u00e9s-a-L\u00e9s de 2022 com partida de Faro - Algarve 7","isPartOf":{"@id":"https:\/\/algarve7.pt\/#website"},"primaryImageOfPage":{"@id":"https:\/\/algarve7.pt\/index.php\/2022\/01\/portugal-de-les-a-les-de-2022-com-partida-de-faro\/desporto\/12\/45\/#primaryimage"},"image":{"@id":"https:\/\/algarve7.pt\/index.php\/2022\/01\/portugal-de-les-a-les-de-2022-com-partida-de-faro\/desporto\/12\/45\/#primaryimage"},"thumbnailUrl":"https:\/\/algarve7.pt\/wp-content\/uploads\/2022\/01\/Captura-de-ecra-2022-01-10-as-12.42.49.png","datePublished":"2022-01-10T12:45:16+00:00","dateModified":"2022-01-10T12:45:19+00:00","description":"Portugal de L\u00e9s-a-L\u00e9s de 2022 com partida de Faro Desporto","breadcrumb":{"@id":"https:\/\/algarve7.pt\/index.php\/2022\/01\/portugal-de-les-a-les-de-2022-com-partida-de-faro\/desporto\/12\/45\/#breadcrumb"},"inLanguage":"pt-PT","potentialAction":[{"@type":"ReadAction","target":["https:\/\/algarve7.pt\/index.php\/2022\/01\/portugal-de-les-a-les-de-2022-com-partida-de-faro\/desporto\/12\/45\/"]}]},{"@type":"ImageObject","inLanguage":"pt-PT","@id":"https:\/\/algarve7.pt\/index.php\/2022\/01\/portugal-de-les-a-les-de-2022-com-partida-de-faro\/desporto\/12\/45\/#primaryimage","url":"https:\/\/algarve7.pt\/wp-content\/uploads\/2022\/01\/Captura-de-ecra-2022-01-10-as-12.42.49.png","contentUrl":"https:\/\/algarve7.pt\/wp-content\/uploads\/2022\/01\/Captura-de-ecra-2022-01-10-as-12.42.49.png","width":1540,"height":846},{"@type":"BreadcrumbList","@id":"https:\/\/algarve7.pt\/index.php\/2022\/01\/portugal-de-les-a-les-de-2022-com-partida-de-faro\/desporto\/12\/45\/#breadcrumb","itemListElement":[{"@type":"ListItem","position":1,"name":"In\u00edcio","item":"https:\/\/algarve7.pt\/"},{"@type":"ListItem","position":2,"name":"Portugal de L\u00e9s-a-L\u00e9s de 2022 com partida de Faro"}]},{"@type":"WebSite","@id":"https:\/\/algarve7.pt\/#website","url":"https:\/\/algarve7.pt\/","name":"Algarve 7","description":"Informa\u00e7\u00e3o sobre o Algarve","publisher":{"@id":"https:\/\/algarve7.pt\/#organization"},"potentialAction":[{"@type":"SearchAction","target":{"@type":"EntryPoint","urlTemplate":"https:\/\/algarve7.pt\/?s={search_term_string}"},"query-input":{"@type":"PropertyValueSpecification","valueRequired":true,"valueName":"search_term_string"}}],"inLanguage":"pt-PT"},{"@type":"Organization","@id":"https:\/\/algarve7.pt\/#organization","name":"Algarve 7","url":"https:\/\/algarve7.pt\/","logo":{"@type":"ImageObject","inLanguage":"pt-PT","@id":"https:\/\/algarve7.pt\/#\/schema\/logo\/image\/","url":"https:\/\/algarve7.pt\/wp-content\/uploads\/2020\/10\/Logo-8.jpg","contentUrl":"https:\/\/algarve7.pt\/wp-content\/uploads\/2020\/10\/Logo-8.jpg","width":1680,"height":1186,"caption":"Algarve 7"},"image":{"@id":"https:\/\/algarve7.pt\/#\/schema\/logo\/image\/"},"sameAs":["https:\/\/www.facebook.com\/algarve7","https:\/\/x.com\/Algarvesete","https:\/\/www.instagram.com\/jornalalgarve7\/","https:\/\/www.linkedin.com\/company\/algarve7","https:\/\/www.pinterest.pt\/geral0939\/_created\/"]},{"@type":"Person","@id":"https:\/\/algarve7.pt\/#\/schema\/person\/23fa70681308e7b319a3204bcea45e0c","name":"Algarve 7","sameAs":["https:\/\/algarve7.pt","https:\/\/www.facebook.com\/algarve7"],"url":"https:\/\/algarve7.pt\/index.php\/author\/geralalgarve7-pt\/"}]}},"jetpack_publicize_connections":[],"jetpack_featured_media_url":"https:\/\/algarve7.pt\/wp-content\/uploads\/2022\/01\/Captura-de-ecra-2022-01-10-as-12.42.49.png","jetpack_shortlink":"https:\/\/wp.me\/pcezmW-3Md","jetpack_sharing_enabled":true,"_links":{"self":[{"href":"https:\/\/algarve7.pt\/index.php\/wp-json\/wp\/v2\/posts\/14521","targetHints":{"allow":["GET"]}}],"collection":[{"href":"https:\/\/algarve7.pt\/index.php\/wp-json\/wp\/v2\/posts"}],"about":[{"href":"https:\/\/algarve7.pt\/index.php\/wp-json\/wp\/v2\/types\/post"}],"author":[{"embeddable":true,"href":"https:\/\/algarve7.pt\/index.php\/wp-json\/wp\/v2\/users\/1"}],"replies":[{"embeddable":true,"href":"https:\/\/algarve7.pt\/index.php\/wp-json\/wp\/v2\/comments?post=14521"}],"version-history":[{"count":0,"href":"https:\/\/algarve7.pt\/index.php\/wp-json\/wp\/v2\/posts\/14521\/revisions"}],"wp:featuredmedia":[{"embeddable":true,"href":"https:\/\/algarve7.pt\/index.php\/wp-json\/wp\/v2\/media\/14522"}],"wp:attachment":[{"href":"https:\/\/algarve7.pt\/index.php\/wp-json\/wp\/v2\/media?parent=14521"}],"wp:term":[{"taxonomy":"category","embeddable":true,"href":"https:\/\/algarve7.pt\/index.php\/wp-json\/wp\/v2\/categories?post=14521"},{"taxonomy":"post_tag","embeddable":true,"href":"https:\/\/algarve7.pt\/index.php\/wp-json\/wp\/v2\/tags?post=14521"}],"curies":[{"name":"wp","href":"https:\/\/api.w.org\/{rel}","templated":true}]}}