{"id":1432,"date":"2020-09-15T21:00:24","date_gmt":"2020-09-15T20:00:24","guid":{"rendered":"https:\/\/algarve7.pt\/?p=1432"},"modified":"2020-09-15T16:24:52","modified_gmt":"2020-09-15T15:24:52","slug":"lagos-promove-campanha-para-alcancar-as-zero-beatas","status":"publish","type":"post","link":"https:\/\/algarve7.pt\/index.php\/2020\/09\/lagos-promove-campanha-para-alcancar-as-zero-beatas\/ambiente\/21\/00\/","title":{"rendered":"Lagos promove campanha para alcan\u00e7ar as \u201cZero Beatas\u201d"},"content":{"rendered":"\n<p>\u201c1 segundo a chegar ao ch\u00e3o, 5 anos a sair do mar\u201d \u00e9 o mote da campanha de sensibiliza\u00e7\u00e3o ambiental em curso no munic\u00edpio de Lagos, refor\u00e7ando ainda a ideia de que \u201ccolocar as beatas num cinzeiro demoraria o mesmo tempo\u201d. Para al\u00e9m da campanha de comunica\u00e7\u00e3o, a autarquia apostou tamb\u00e9m na implementa\u00e7\u00e3o de suportes em formato de cigarro pelo concelho, na instala\u00e7\u00e3o de um novo modelo de papeleiras com cinzeiros, no alargamento da\u00a0rede de suportes de cinzeiros nas praias e na coloca\u00e7\u00e3o de tubos em acr\u00edlico nos principais acessos balneares, sempre com o objetivo de\u00a0alertar\u00a0o p\u00fablico para a problem\u00e1tica das\u00a0pontas de cigarro e do seu impacto no Ambiente.<\/p>\n\n\n\n<p>A Lei n\u00ba88\/2019, que entrou em vigor no passado dia 3 de setembro, determina que, devido ao seu impacto,&nbsp;pontas de cigarros, charutos ou outros cigarros passam a ser equiparados a res\u00edduos s\u00f3lidos urbanos e, por isso, fica proibido o seu \u201cdescarte em espa\u00e7o p\u00fablico\u201d, podendo as coimas chegar aos 250 \u20ac. Estima-se que em Portugal sejam atiradas para o ch\u00e3o sete mil beatas para o ch\u00e3o por minuto, chegando aos rios e mares atrav\u00e9s das sarjetas e tendo graves repercuss\u00f5es na fauna marinha.&nbsp;<\/p>\n\n\n\n<p>Consciente dos seus perigos, a autarquia tem feito um esfor\u00e7o continuado no combate \u00e0s beatas, apelando \u00e0 promo\u00e7\u00e3o de atitudes e comportamentos mais sustent\u00e1veis&nbsp;atrav\u00e9s da ado\u00e7\u00e3o de um&nbsp;<a href=\"https:\/\/www.publico.pt\/2019\/06\/05\/p3\/noticia\/de-paletes-a-tijolos-ha-uma-segunda-vida-para-as-beatas-1873838\">destino respons\u00e1vel para os res\u00edduos de tabaco<\/a>&nbsp;por parte dos fumadores. A campanha inclui divulga\u00e7\u00e3o em suportes de comunica\u00e7\u00e3o, imprensa, r\u00e1dio, redes sociais, assim como a coloca\u00e7\u00e3o de&nbsp;6 estruturas de sensibiliza\u00e7\u00e3o inovadoras em formato de cigarro em locais estrat\u00e9gicos de Lagos e da vila da Luz, sendo que 3 delas cont\u00eam um painel com uma mensagem de apelo \u00e0 responsabilidade social.&nbsp;<\/p>\n\n\n\n<p>Est\u00e1 tamb\u00e9m a decorrer a instala\u00e7\u00e3o&nbsp;de um novo modelo de papeleiras com cinzeiros incorporados para a deposi\u00e7\u00e3o das pontas de cigarro nos arruamentos da zona do centro hist\u00f3rico de Lagos, mas que est\u00e1 a ser alargado a outras zonas da cidade.&nbsp;Atualmente j\u00e1 foram&nbsp;substitu\u00eddas cerca de 300 papeleiras.<\/p>\n\n\n\n<p>Ao longo da \u00e9poca balnear, a rede de suportes de cinzeiros tamb\u00e9m foi alargada nos principais acessos \u00e0s praias num total de 16 suportes de cinzeiros distribu\u00eddos pelas 6 zonas balneares do concelho. Al\u00e9m disso,&nbsp;foram tamb\u00e9m instalados nas praias tubos em acr\u00edlico junto aos suportes de cinzeiros com o objetivo de permitir visualizar as beatas depositadas atrav\u00e9s de uma r\u00e9gua, facilitando o impacto visual acerca da problem\u00e1tica das&nbsp;pontas de cigarro.<\/p>\n\n\n\n<p>Contribua para alcan\u00e7armos as \u201cZero Beatas\u201d. Todos os gestos contam e Lagos conta consigo.<\/p>\n","protected":false},"excerpt":{"rendered":"<p>\u201c1 segundo a chegar ao ch\u00e3o, 5 anos a sair do mar\u201d \u00e9 o mote da campanha de sensibiliza\u00e7\u00e3o ambiental<\/p>\n","protected":false},"author":1,"featured_media":1433,"comment_status":"open","ping_status":"open","sticky":false,"template":"","format":"standard","meta":{"colormag_page_container_layout":"default_layout","colormag_page_sidebar_layout":"default_layout","_monsterinsights_skip_tracking":false,"_monsterinsights_sitenote_active":false,"_monsterinsights_sitenote_note":"","_monsterinsights_sitenote_category":0,"jetpack_post_was_ever_published":false,"_jetpack_newsletter_access":"","_jetpack_dont_email_post_to_subs":false,"_jetpack_newsletter_tier_id":0,"_jetpack_memberships_contains_paywalled_content":false,"_jetpack_memberships_contains_paid_content":false,"footnotes":"","jetpack_publicize_message":"","jetpack_publicize_feature_enabled":true,"jetpack_social_post_already_shared":true,"jetpack_social_options":{"image_generator_settings":{"template":"highway","default_image_id":0,"font":"","enabled":false},"version":2}},"categories":[5],"tags":[36,32,68],"class_list":["post-1432","post","type-post","status-publish","format-standard","has-post-thumbnail","hentry","category-ambiente","tag-algarve","tag-ambiente","tag-lagos"],"yoast_head":"<!-- This site is optimized with the Yoast SEO plugin v27.5 - https:\/\/yoast.com\/product\/yoast-seo-wordpress\/ -->\n<title>Lagos promove campanha para alcan\u00e7ar as \u201cZero Beatas\u201d - Algarve 7<\/title>\n<meta name=\"description\" content=\"Lagos promove campanha para alcan\u00e7ar as \u201cZero Beatas\u201d\" \/>\n<meta name=\"robots\" content=\"index, follow, max-snippet:-1, max-image-preview:large, max-video-preview:-1\" \/>\n<link rel=\"canonical\" href=\"https:\/\/algarve7.pt\/index.php\/2020\/09\/lagos-promove-campanha-para-alcancar-as-zero-beatas\/ambiente\/21\/00\/\" \/>\n<meta property=\"og:locale\" content=\"pt_PT\" \/>\n<meta property=\"og:type\" content=\"article\" \/>\n<meta property=\"og:title\" content=\"Lagos promove campanha para alcan\u00e7ar as \u201cZero Beatas\u201d - Algarve 7\" \/>\n<meta property=\"og:description\" content=\"Lagos promove campanha para alcan\u00e7ar as \u201cZero Beatas\u201d\" \/>\n<meta property=\"og:url\" content=\"https:\/\/algarve7.pt\/index.php\/2020\/09\/lagos-promove-campanha-para-alcancar-as-zero-beatas\/ambiente\/21\/00\/\" \/>\n<meta property=\"og:site_name\" content=\"Algarve 7\" \/>\n<meta property=\"article:publisher\" content=\"https:\/\/www.facebook.com\/algarve7\" \/>\n<meta property=\"article:author\" content=\"https:\/\/www.facebook.com\/algarve7\" \/>\n<meta property=\"article:published_time\" content=\"2020-09-15T20:00:24+00:00\" \/>\n<meta property=\"og:image\" content=\"https:\/\/algarve7.pt\/wp-content\/uploads\/2020\/09\/ZeroBeatas2.jpg\" \/>\n\t<meta property=\"og:image:width\" content=\"1200\" \/>\n\t<meta property=\"og:image:height\" content=\"800\" \/>\n\t<meta property=\"og:image:type\" content=\"image\/jpeg\" \/>\n<meta name=\"author\" content=\"Algarve 7\" \/>\n<meta name=\"twitter:card\" content=\"summary_large_image\" \/>\n<meta name=\"twitter:creator\" content=\"@Algarvesete\" \/>\n<meta name=\"twitter:site\" content=\"@Algarvesete\" \/>\n<meta name=\"twitter:label1\" content=\"Escrito por\" \/>\n\t<meta name=\"twitter:data1\" content=\"Algarve 7\" \/>\n\t<meta name=\"twitter:label2\" content=\"Tempo estimado de leitura\" \/>\n\t<meta name=\"twitter:data2\" content=\"2 minutos\" \/>\n<script type=\"application\/ld+json\" class=\"yoast-schema-graph\">{\"@context\":\"https:\\\/\\\/schema.org\",\"@graph\":[{\"@type\":\"Article\",\"@id\":\"https:\\\/\\\/algarve7.pt\\\/index.php\\\/2020\\\/09\\\/lagos-promove-campanha-para-alcancar-as-zero-beatas\\\/ambiente\\\/21\\\/00\\\/#article\",\"isPartOf\":{\"@id\":\"https:\\\/\\\/algarve7.pt\\\/index.php\\\/2020\\\/09\\\/lagos-promove-campanha-para-alcancar-as-zero-beatas\\\/ambiente\\\/21\\\/00\\\/\"},\"author\":{\"name\":\"Algarve 7\",\"@id\":\"https:\\\/\\\/algarve7.pt\\\/#\\\/schema\\\/person\\\/23fa70681308e7b319a3204bcea45e0c\"},\"headline\":\"Lagos promove campanha para alcan\u00e7ar as \u201cZero Beatas\u201d\",\"datePublished\":\"2020-09-15T20:00:24+00:00\",\"mainEntityOfPage\":{\"@id\":\"https:\\\/\\\/algarve7.pt\\\/index.php\\\/2020\\\/09\\\/lagos-promove-campanha-para-alcancar-as-zero-beatas\\\/ambiente\\\/21\\\/00\\\/\"},\"wordCount\":481,\"commentCount\":0,\"publisher\":{\"@id\":\"https:\\\/\\\/algarve7.pt\\\/#organization\"},\"image\":{\"@id\":\"https:\\\/\\\/algarve7.pt\\\/index.php\\\/2020\\\/09\\\/lagos-promove-campanha-para-alcancar-as-zero-beatas\\\/ambiente\\\/21\\\/00\\\/#primaryimage\"},\"thumbnailUrl\":\"https:\\\/\\\/algarve7.pt\\\/wp-content\\\/uploads\\\/2020\\\/09\\\/ZeroBeatas2.jpg\",\"keywords\":[\"Algarve\",\"Ambiente\",\"Lagos\"],\"articleSection\":[\"Ambiente\"],\"inLanguage\":\"pt-PT\",\"potentialAction\":[{\"@type\":\"CommentAction\",\"name\":\"Comment\",\"target\":[\"https:\\\/\\\/algarve7.pt\\\/index.php\\\/2020\\\/09\\\/lagos-promove-campanha-para-alcancar-as-zero-beatas\\\/ambiente\\\/21\\\/00\\\/#respond\"]}]},{\"@type\":\"WebPage\",\"@id\":\"https:\\\/\\\/algarve7.pt\\\/index.php\\\/2020\\\/09\\\/lagos-promove-campanha-para-alcancar-as-zero-beatas\\\/ambiente\\\/21\\\/00\\\/\",\"url\":\"https:\\\/\\\/algarve7.pt\\\/index.php\\\/2020\\\/09\\\/lagos-promove-campanha-para-alcancar-as-zero-beatas\\\/ambiente\\\/21\\\/00\\\/\",\"name\":\"Lagos promove campanha para alcan\u00e7ar as \u201cZero Beatas\u201d - Algarve 7\",\"isPartOf\":{\"@id\":\"https:\\\/\\\/algarve7.pt\\\/#website\"},\"primaryImageOfPage\":{\"@id\":\"https:\\\/\\\/algarve7.pt\\\/index.php\\\/2020\\\/09\\\/lagos-promove-campanha-para-alcancar-as-zero-beatas\\\/ambiente\\\/21\\\/00\\\/#primaryimage\"},\"image\":{\"@id\":\"https:\\\/\\\/algarve7.pt\\\/index.php\\\/2020\\\/09\\\/lagos-promove-campanha-para-alcancar-as-zero-beatas\\\/ambiente\\\/21\\\/00\\\/#primaryimage\"},\"thumbnailUrl\":\"https:\\\/\\\/algarve7.pt\\\/wp-content\\\/uploads\\\/2020\\\/09\\\/ZeroBeatas2.jpg\",\"datePublished\":\"2020-09-15T20:00:24+00:00\",\"description\":\"Lagos promove campanha para alcan\u00e7ar as \u201cZero Beatas\u201d\",\"breadcrumb\":{\"@id\":\"https:\\\/\\\/algarve7.pt\\\/index.php\\\/2020\\\/09\\\/lagos-promove-campanha-para-alcancar-as-zero-beatas\\\/ambiente\\\/21\\\/00\\\/#breadcrumb\"},\"inLanguage\":\"pt-PT\",\"potentialAction\":[{\"@type\":\"ReadAction\",\"target\":[\"https:\\\/\\\/algarve7.pt\\\/index.php\\\/2020\\\/09\\\/lagos-promove-campanha-para-alcancar-as-zero-beatas\\\/ambiente\\\/21\\\/00\\\/\"]}]},{\"@type\":\"ImageObject\",\"inLanguage\":\"pt-PT\",\"@id\":\"https:\\\/\\\/algarve7.pt\\\/index.php\\\/2020\\\/09\\\/lagos-promove-campanha-para-alcancar-as-zero-beatas\\\/ambiente\\\/21\\\/00\\\/#primaryimage\",\"url\":\"https:\\\/\\\/algarve7.pt\\\/wp-content\\\/uploads\\\/2020\\\/09\\\/ZeroBeatas2.jpg\",\"contentUrl\":\"https:\\\/\\\/algarve7.pt\\\/wp-content\\\/uploads\\\/2020\\\/09\\\/ZeroBeatas2.jpg\",\"width\":1200,\"height\":800},{\"@type\":\"BreadcrumbList\",\"@id\":\"https:\\\/\\\/algarve7.pt\\\/index.php\\\/2020\\\/09\\\/lagos-promove-campanha-para-alcancar-as-zero-beatas\\\/ambiente\\\/21\\\/00\\\/#breadcrumb\",\"itemListElement\":[{\"@type\":\"ListItem\",\"position\":1,\"name\":\"In\u00edcio\",\"item\":\"https:\\\/\\\/algarve7.pt\\\/\"},{\"@type\":\"ListItem\",\"position\":2,\"name\":\"Lagos promove campanha para alcan\u00e7ar as \u201cZero Beatas\u201d\"}]},{\"@type\":\"WebSite\",\"@id\":\"https:\\\/\\\/algarve7.pt\\\/#website\",\"url\":\"https:\\\/\\\/algarve7.pt\\\/\",\"name\":\"Algarve 7\",\"description\":\"Informa\u00e7\u00e3o sobre o Algarve\",\"publisher\":{\"@id\":\"https:\\\/\\\/algarve7.pt\\\/#organization\"},\"potentialAction\":[{\"@type\":\"SearchAction\",\"target\":{\"@type\":\"EntryPoint\",\"urlTemplate\":\"https:\\\/\\\/algarve7.pt\\\/?s={search_term_string}\"},\"query-input\":{\"@type\":\"PropertyValueSpecification\",\"valueRequired\":true,\"valueName\":\"search_term_string\"}}],\"inLanguage\":\"pt-PT\"},{\"@type\":\"Organization\",\"@id\":\"https:\\\/\\\/algarve7.pt\\\/#organization\",\"name\":\"Algarve 7\",\"url\":\"https:\\\/\\\/algarve7.pt\\\/\",\"logo\":{\"@type\":\"ImageObject\",\"inLanguage\":\"pt-PT\",\"@id\":\"https:\\\/\\\/algarve7.pt\\\/#\\\/schema\\\/logo\\\/image\\\/\",\"url\":\"https:\\\/\\\/algarve7.pt\\\/wp-content\\\/uploads\\\/2020\\\/10\\\/Logo-8.jpg\",\"contentUrl\":\"https:\\\/\\\/algarve7.pt\\\/wp-content\\\/uploads\\\/2020\\\/10\\\/Logo-8.jpg\",\"width\":1680,\"height\":1186,\"caption\":\"Algarve 7\"},\"image\":{\"@id\":\"https:\\\/\\\/algarve7.pt\\\/#\\\/schema\\\/logo\\\/image\\\/\"},\"sameAs\":[\"https:\\\/\\\/www.facebook.com\\\/algarve7\",\"https:\\\/\\\/x.com\\\/Algarvesete\",\"https:\\\/\\\/www.instagram.com\\\/jornalalgarve7\\\/\",\"https:\\\/\\\/www.linkedin.com\\\/company\\\/algarve7\",\"https:\\\/\\\/www.pinterest.pt\\\/geral0939\\\/_created\\\/\"]},{\"@type\":\"Person\",\"@id\":\"https:\\\/\\\/algarve7.pt\\\/#\\\/schema\\\/person\\\/23fa70681308e7b319a3204bcea45e0c\",\"name\":\"Algarve 7\",\"sameAs\":[\"https:\\\/\\\/algarve7.pt\",\"https:\\\/\\\/www.facebook.com\\\/algarve7\"],\"url\":\"https:\\\/\\\/algarve7.pt\\\/index.php\\\/author\\\/geralalgarve7-pt\\\/\"}]}<\/script>\n<!-- \/ Yoast SEO plugin. -->","yoast_head_json":{"title":"Lagos promove campanha para alcan\u00e7ar as \u201cZero Beatas\u201d - Algarve 7","description":"Lagos promove campanha para alcan\u00e7ar as \u201cZero Beatas\u201d","robots":{"index":"index","follow":"follow","max-snippet":"max-snippet:-1","max-image-preview":"max-image-preview:large","max-video-preview":"max-video-preview:-1"},"canonical":"https:\/\/algarve7.pt\/index.php\/2020\/09\/lagos-promove-campanha-para-alcancar-as-zero-beatas\/ambiente\/21\/00\/","og_locale":"pt_PT","og_type":"article","og_title":"Lagos promove campanha para alcan\u00e7ar as \u201cZero Beatas\u201d - Algarve 7","og_description":"Lagos promove campanha para alcan\u00e7ar as \u201cZero Beatas\u201d","og_url":"https:\/\/algarve7.pt\/index.php\/2020\/09\/lagos-promove-campanha-para-alcancar-as-zero-beatas\/ambiente\/21\/00\/","og_site_name":"Algarve 7","article_publisher":"https:\/\/www.facebook.com\/algarve7","article_author":"https:\/\/www.facebook.com\/algarve7","article_published_time":"2020-09-15T20:00:24+00:00","og_image":[{"width":1200,"height":800,"url":"https:\/\/algarve7.pt\/wp-content\/uploads\/2020\/09\/ZeroBeatas2.jpg","type":"image\/jpeg"}],"author":"Algarve 7","twitter_card":"summary_large_image","twitter_creator":"@Algarvesete","twitter_site":"@Algarvesete","twitter_misc":{"Escrito por":"Algarve 7","Tempo estimado de leitura":"2 minutos"},"schema":{"@context":"https:\/\/schema.org","@graph":[{"@type":"Article","@id":"https:\/\/algarve7.pt\/index.php\/2020\/09\/lagos-promove-campanha-para-alcancar-as-zero-beatas\/ambiente\/21\/00\/#article","isPartOf":{"@id":"https:\/\/algarve7.pt\/index.php\/2020\/09\/lagos-promove-campanha-para-alcancar-as-zero-beatas\/ambiente\/21\/00\/"},"author":{"name":"Algarve 7","@id":"https:\/\/algarve7.pt\/#\/schema\/person\/23fa70681308e7b319a3204bcea45e0c"},"headline":"Lagos promove campanha para alcan\u00e7ar as \u201cZero Beatas\u201d","datePublished":"2020-09-15T20:00:24+00:00","mainEntityOfPage":{"@id":"https:\/\/algarve7.pt\/index.php\/2020\/09\/lagos-promove-campanha-para-alcancar-as-zero-beatas\/ambiente\/21\/00\/"},"wordCount":481,"commentCount":0,"publisher":{"@id":"https:\/\/algarve7.pt\/#organization"},"image":{"@id":"https:\/\/algarve7.pt\/index.php\/2020\/09\/lagos-promove-campanha-para-alcancar-as-zero-beatas\/ambiente\/21\/00\/#primaryimage"},"thumbnailUrl":"https:\/\/algarve7.pt\/wp-content\/uploads\/2020\/09\/ZeroBeatas2.jpg","keywords":["Algarve","Ambiente","Lagos"],"articleSection":["Ambiente"],"inLanguage":"pt-PT","potentialAction":[{"@type":"CommentAction","name":"Comment","target":["https:\/\/algarve7.pt\/index.php\/2020\/09\/lagos-promove-campanha-para-alcancar-as-zero-beatas\/ambiente\/21\/00\/#respond"]}]},{"@type":"WebPage","@id":"https:\/\/algarve7.pt\/index.php\/2020\/09\/lagos-promove-campanha-para-alcancar-as-zero-beatas\/ambiente\/21\/00\/","url":"https:\/\/algarve7.pt\/index.php\/2020\/09\/lagos-promove-campanha-para-alcancar-as-zero-beatas\/ambiente\/21\/00\/","name":"Lagos promove campanha para alcan\u00e7ar as \u201cZero Beatas\u201d - Algarve 7","isPartOf":{"@id":"https:\/\/algarve7.pt\/#website"},"primaryImageOfPage":{"@id":"https:\/\/algarve7.pt\/index.php\/2020\/09\/lagos-promove-campanha-para-alcancar-as-zero-beatas\/ambiente\/21\/00\/#primaryimage"},"image":{"@id":"https:\/\/algarve7.pt\/index.php\/2020\/09\/lagos-promove-campanha-para-alcancar-as-zero-beatas\/ambiente\/21\/00\/#primaryimage"},"thumbnailUrl":"https:\/\/algarve7.pt\/wp-content\/uploads\/2020\/09\/ZeroBeatas2.jpg","datePublished":"2020-09-15T20:00:24+00:00","description":"Lagos promove campanha para alcan\u00e7ar as \u201cZero Beatas\u201d","breadcrumb":{"@id":"https:\/\/algarve7.pt\/index.php\/2020\/09\/lagos-promove-campanha-para-alcancar-as-zero-beatas\/ambiente\/21\/00\/#breadcrumb"},"inLanguage":"pt-PT","potentialAction":[{"@type":"ReadAction","target":["https:\/\/algarve7.pt\/index.php\/2020\/09\/lagos-promove-campanha-para-alcancar-as-zero-beatas\/ambiente\/21\/00\/"]}]},{"@type":"ImageObject","inLanguage":"pt-PT","@id":"https:\/\/algarve7.pt\/index.php\/2020\/09\/lagos-promove-campanha-para-alcancar-as-zero-beatas\/ambiente\/21\/00\/#primaryimage","url":"https:\/\/algarve7.pt\/wp-content\/uploads\/2020\/09\/ZeroBeatas2.jpg","contentUrl":"https:\/\/algarve7.pt\/wp-content\/uploads\/2020\/09\/ZeroBeatas2.jpg","width":1200,"height":800},{"@type":"BreadcrumbList","@id":"https:\/\/algarve7.pt\/index.php\/2020\/09\/lagos-promove-campanha-para-alcancar-as-zero-beatas\/ambiente\/21\/00\/#breadcrumb","itemListElement":[{"@type":"ListItem","position":1,"name":"In\u00edcio","item":"https:\/\/algarve7.pt\/"},{"@type":"ListItem","position":2,"name":"Lagos promove campanha para alcan\u00e7ar as \u201cZero Beatas\u201d"}]},{"@type":"WebSite","@id":"https:\/\/algarve7.pt\/#website","url":"https:\/\/algarve7.pt\/","name":"Algarve 7","description":"Informa\u00e7\u00e3o sobre o Algarve","publisher":{"@id":"https:\/\/algarve7.pt\/#organization"},"potentialAction":[{"@type":"SearchAction","target":{"@type":"EntryPoint","urlTemplate":"https:\/\/algarve7.pt\/?s={search_term_string}"},"query-input":{"@type":"PropertyValueSpecification","valueRequired":true,"valueName":"search_term_string"}}],"inLanguage":"pt-PT"},{"@type":"Organization","@id":"https:\/\/algarve7.pt\/#organization","name":"Algarve 7","url":"https:\/\/algarve7.pt\/","logo":{"@type":"ImageObject","inLanguage":"pt-PT","@id":"https:\/\/algarve7.pt\/#\/schema\/logo\/image\/","url":"https:\/\/algarve7.pt\/wp-content\/uploads\/2020\/10\/Logo-8.jpg","contentUrl":"https:\/\/algarve7.pt\/wp-content\/uploads\/2020\/10\/Logo-8.jpg","width":1680,"height":1186,"caption":"Algarve 7"},"image":{"@id":"https:\/\/algarve7.pt\/#\/schema\/logo\/image\/"},"sameAs":["https:\/\/www.facebook.com\/algarve7","https:\/\/x.com\/Algarvesete","https:\/\/www.instagram.com\/jornalalgarve7\/","https:\/\/www.linkedin.com\/company\/algarve7","https:\/\/www.pinterest.pt\/geral0939\/_created\/"]},{"@type":"Person","@id":"https:\/\/algarve7.pt\/#\/schema\/person\/23fa70681308e7b319a3204bcea45e0c","name":"Algarve 7","sameAs":["https:\/\/algarve7.pt","https:\/\/www.facebook.com\/algarve7"],"url":"https:\/\/algarve7.pt\/index.php\/author\/geralalgarve7-pt\/"}]}},"jetpack_publicize_connections":[],"jetpack_featured_media_url":"https:\/\/algarve7.pt\/wp-content\/uploads\/2020\/09\/ZeroBeatas2.jpg","jetpack_shortlink":"https:\/\/wp.me\/pcezmW-n6","jetpack_sharing_enabled":true,"_links":{"self":[{"href":"https:\/\/algarve7.pt\/index.php\/wp-json\/wp\/v2\/posts\/1432","targetHints":{"allow":["GET"]}}],"collection":[{"href":"https:\/\/algarve7.pt\/index.php\/wp-json\/wp\/v2\/posts"}],"about":[{"href":"https:\/\/algarve7.pt\/index.php\/wp-json\/wp\/v2\/types\/post"}],"author":[{"embeddable":true,"href":"https:\/\/algarve7.pt\/index.php\/wp-json\/wp\/v2\/users\/1"}],"replies":[{"embeddable":true,"href":"https:\/\/algarve7.pt\/index.php\/wp-json\/wp\/v2\/comments?post=1432"}],"version-history":[{"count":0,"href":"https:\/\/algarve7.pt\/index.php\/wp-json\/wp\/v2\/posts\/1432\/revisions"}],"wp:featuredmedia":[{"embeddable":true,"href":"https:\/\/algarve7.pt\/index.php\/wp-json\/wp\/v2\/media\/1433"}],"wp:attachment":[{"href":"https:\/\/algarve7.pt\/index.php\/wp-json\/wp\/v2\/media?parent=1432"}],"wp:term":[{"taxonomy":"category","embeddable":true,"href":"https:\/\/algarve7.pt\/index.php\/wp-json\/wp\/v2\/categories?post=1432"},{"taxonomy":"post_tag","embeddable":true,"href":"https:\/\/algarve7.pt\/index.php\/wp-json\/wp\/v2\/tags?post=1432"}],"curies":[{"name":"wp","href":"https:\/\/api.w.org\/{rel}","templated":true}]}}