{"id":14279,"date":"2021-12-28T09:59:12","date_gmt":"2021-12-28T09:59:12","guid":{"rendered":"https:\/\/algarve7.pt\/?p=14279"},"modified":"2021-12-28T09:59:15","modified_gmt":"2021-12-28T09:59:15","slug":"bezanhara-leva-couvada-tradicional-de-aljezur-ate-a-sua-mesa","status":"publish","type":"post","link":"https:\/\/algarve7.pt\/index.php\/2021\/12\/bezanhara-leva-couvada-tradicional-de-aljezur-ate-a-sua-mesa\/cultura\/09\/59\/","title":{"rendered":"Bezanhara leva \u201ccouvada tradicional de Aljezur\u201d at\u00e9 \u00e0 sua mesa"},"content":{"rendered":"\n<p><strong>\u201cPor Entre Saberes e Sabores Vicentinos\u201d, ser\u00e1 a \u00faltima brisa trazida pelos ventos do Bezaranha at\u00e9 ao<\/strong><\/p>\n\n\n\n<p><strong>Munic\u00edpio de Aljezur durante o ano de 2021<\/strong>.<\/p>\n\n\n\n<p>No dia 30 de dezembro pelas horas 18 horas, poder\u00e1 assistir via Facebook\u00ae da C\u00e2mara Municipal a uma demostra\u00e7\u00e3o de culin\u00e1ria pelas m\u00e3os da D. Maria Manuela Fragoso, cozinheira de m\u00e3o cheia, que at\u00e9 hoje preserva os segredos da cozinha tradicional nas suas receitas culin\u00e1rias.<\/p>\n\n\n\n<p>Acompanhem a confe\u00e7\u00e3o desta receita da tradicional&nbsp;\u201cCouvada de Aljezur\u201d&nbsp;que antigamente era degustada nas mesas do concelho durante a quadra festiva.<\/p>\n\n\n\n<p>A acompanhar a confe\u00e7\u00e3o da receita, ir\u00e1 estar a artista Rita Melo que nos vai presentear com um report\u00f3rio de can\u00e7\u00f5es populares intercaladas no tempo de confe\u00e7\u00e3o desta iguaria tradicional.<\/p>\n\n\n\n<p>Para uma experi\u00eancia ainda mais imersiva, convidamos todos os que quiserem assistir a realizar em&nbsp;simult\u00e2neo a confe\u00e7\u00e3o da sua \u201cCouvada de Aljezur\u201d,&nbsp;para tal dever\u00e1 reunir previamente os seguintes ingredientes (4 pessoas):<\/p>\n\n\n\n<p>&#8211; 1 pernil\/chamb\u00e3o aberto; &#8211; 1 orelha com tromba;<br>&#8211; 1 barriga\/ entremeada;<br>&#8211; 1 p\u00e9 aberto ao meio;<\/p>\n\n\n\n<p>&#8211; 3 ossos com carne;<br>&#8211; 6 kg de couve;<br>&#8211; 1\u20442 kg de batata-doce de Aljezur;<\/p>\n\n\n\n<p>Esta iniciativa ficar\u00e1 dispon\u00edvel no Youtube\u00ae para que possa a todo o momento repetir, sempre que quiser, esta maravilha gastron\u00f3mica de sabores e saberes Vicentinos.<\/p>\n\n\n\n<p>Junte-se ao Munic\u00edpio de Aljezur, em mais uma iniciativa pensada para v\u00f3s e leve at\u00e9 a sua mesa esta iguaria de Sabores e Saberes Vicentinos que certamente deslumbrar\u00e1 a sua fam\u00edlia nesta quadra t\u00e3o especial.<\/p>\n\n\n\n<p>O Munic\u00edpio de Aljezur \u00e9 um dos benefici\u00e1rios da candidatura que foi submetida ao programa CRESC ALGARVE 2020, e teve a aprova\u00e7\u00e3o de um financiamento eleg\u00edvel da autarquia de aproximadamente 44.000,00 \u20ac,&nbsp;com uma taxa de cofinanciamento de 100%.<\/p>\n","protected":false},"excerpt":{"rendered":"<p>\u201cPor Entre Saberes e Sabores Vicentinos\u201d, ser\u00e1 a \u00faltima brisa trazida pelos ventos do Bezaranha at\u00e9 ao Munic\u00edpio de Aljezur<\/p>\n","protected":false},"author":1,"featured_media":14280,"comment_status":"open","ping_status":"open","sticky":false,"template":"","format":"standard","meta":{"colormag_page_container_layout":"default_layout","colormag_page_sidebar_layout":"default_layout","_monsterinsights_skip_tracking":false,"_monsterinsights_sitenote_active":false,"_monsterinsights_sitenote_note":"","_monsterinsights_sitenote_category":0,"jetpack_post_was_ever_published":false,"_jetpack_newsletter_access":"","_jetpack_dont_email_post_to_subs":false,"_jetpack_newsletter_tier_id":0,"_jetpack_memberships_contains_paywalled_content":false,"_jetpack_memberships_contains_paid_content":false,"footnotes":"","jetpack_publicize_message":"","jetpack_publicize_feature_enabled":true,"jetpack_social_post_already_shared":true,"jetpack_social_options":{"image_generator_settings":{"template":"highway","default_image_id":0,"font":"","enabled":false},"version":2}},"categories":[14],"tags":[36,73,35,198],"class_list":["post-14279","post","type-post","status-publish","format-standard","has-post-thumbnail","hentry","category-cultura","tag-algarve","tag-aljezur","tag-cultura","tag-gastronomia"],"yoast_head":"<!-- This site is optimized with the Yoast SEO plugin v27.5 - https:\/\/yoast.com\/product\/yoast-seo-wordpress\/ -->\n<title>Bezanhara leva \u201ccouvada tradicional de Aljezur\u201d at\u00e9 \u00e0 sua mesa - Algarve 7<\/title>\n<meta name=\"description\" content=\"Bezanhara leva \u201ccouvada tradicional de Aljezur\u201d at\u00e9 \u00e0 sua mesa Cultura\" \/>\n<meta name=\"robots\" content=\"index, follow, max-snippet:-1, max-image-preview:large, max-video-preview:-1\" \/>\n<link rel=\"canonical\" href=\"https:\/\/algarve7.pt\/index.php\/2021\/12\/bezanhara-leva-couvada-tradicional-de-aljezur-ate-a-sua-mesa\/cultura\/09\/59\/\" \/>\n<meta property=\"og:locale\" content=\"pt_PT\" \/>\n<meta property=\"og:type\" content=\"article\" \/>\n<meta property=\"og:title\" content=\"Bezanhara leva \u201ccouvada tradicional de Aljezur\u201d at\u00e9 \u00e0 sua mesa - Algarve 7\" \/>\n<meta property=\"og:description\" content=\"Bezanhara leva \u201ccouvada tradicional de Aljezur\u201d at\u00e9 \u00e0 sua mesa Cultura\" \/>\n<meta property=\"og:url\" content=\"https:\/\/algarve7.pt\/index.php\/2021\/12\/bezanhara-leva-couvada-tradicional-de-aljezur-ate-a-sua-mesa\/cultura\/09\/59\/\" \/>\n<meta property=\"og:site_name\" content=\"Algarve 7\" \/>\n<meta property=\"article:publisher\" content=\"https:\/\/www.facebook.com\/algarve7\" \/>\n<meta property=\"article:author\" content=\"https:\/\/www.facebook.com\/algarve7\" \/>\n<meta property=\"article:published_time\" content=\"2021-12-28T09:59:12+00:00\" \/>\n<meta property=\"article:modified_time\" content=\"2021-12-28T09:59:15+00:00\" \/>\n<meta property=\"og:image\" content=\"https:\/\/algarve7.pt\/wp-content\/uploads\/2021\/12\/Captura-de-ecra-2021-12-28-as-09.58.03.png\" \/>\n\t<meta property=\"og:image:width\" content=\"1672\" \/>\n\t<meta property=\"og:image:height\" content=\"916\" \/>\n\t<meta property=\"og:image:type\" content=\"image\/png\" \/>\n<meta name=\"author\" content=\"Algarve 7\" \/>\n<meta name=\"twitter:card\" content=\"summary_large_image\" \/>\n<meta name=\"twitter:creator\" content=\"@Algarvesete\" \/>\n<meta name=\"twitter:site\" content=\"@Algarvesete\" \/>\n<meta name=\"twitter:label1\" content=\"Escrito por\" \/>\n\t<meta name=\"twitter:data1\" content=\"Algarve 7\" \/>\n\t<meta name=\"twitter:label2\" content=\"Tempo estimado de leitura\" \/>\n\t<meta name=\"twitter:data2\" content=\"2 minutos\" \/>\n<script type=\"application\/ld+json\" class=\"yoast-schema-graph\">{\"@context\":\"https:\\\/\\\/schema.org\",\"@graph\":[{\"@type\":\"Article\",\"@id\":\"https:\\\/\\\/algarve7.pt\\\/index.php\\\/2021\\\/12\\\/bezanhara-leva-couvada-tradicional-de-aljezur-ate-a-sua-mesa\\\/cultura\\\/09\\\/59\\\/#article\",\"isPartOf\":{\"@id\":\"https:\\\/\\\/algarve7.pt\\\/index.php\\\/2021\\\/12\\\/bezanhara-leva-couvada-tradicional-de-aljezur-ate-a-sua-mesa\\\/cultura\\\/09\\\/59\\\/\"},\"author\":{\"name\":\"Algarve 7\",\"@id\":\"https:\\\/\\\/algarve7.pt\\\/#\\\/schema\\\/person\\\/23fa70681308e7b319a3204bcea45e0c\"},\"headline\":\"Bezanhara leva \u201ccouvada tradicional de Aljezur\u201d at\u00e9 \u00e0 sua mesa\",\"datePublished\":\"2021-12-28T09:59:12+00:00\",\"dateModified\":\"2021-12-28T09:59:15+00:00\",\"mainEntityOfPage\":{\"@id\":\"https:\\\/\\\/algarve7.pt\\\/index.php\\\/2021\\\/12\\\/bezanhara-leva-couvada-tradicional-de-aljezur-ate-a-sua-mesa\\\/cultura\\\/09\\\/59\\\/\"},\"wordCount\":315,\"commentCount\":0,\"publisher\":{\"@id\":\"https:\\\/\\\/algarve7.pt\\\/#organization\"},\"image\":{\"@id\":\"https:\\\/\\\/algarve7.pt\\\/index.php\\\/2021\\\/12\\\/bezanhara-leva-couvada-tradicional-de-aljezur-ate-a-sua-mesa\\\/cultura\\\/09\\\/59\\\/#primaryimage\"},\"thumbnailUrl\":\"https:\\\/\\\/algarve7.pt\\\/wp-content\\\/uploads\\\/2021\\\/12\\\/Captura-de-ecra-2021-12-28-as-09.58.03.png\",\"keywords\":[\"Algarve\",\"Aljezur\",\"Cultura\",\"Gastron\u00f3mia\"],\"articleSection\":[\"Cultura\"],\"inLanguage\":\"pt-PT\",\"potentialAction\":[{\"@type\":\"CommentAction\",\"name\":\"Comment\",\"target\":[\"https:\\\/\\\/algarve7.pt\\\/index.php\\\/2021\\\/12\\\/bezanhara-leva-couvada-tradicional-de-aljezur-ate-a-sua-mesa\\\/cultura\\\/09\\\/59\\\/#respond\"]}]},{\"@type\":\"WebPage\",\"@id\":\"https:\\\/\\\/algarve7.pt\\\/index.php\\\/2021\\\/12\\\/bezanhara-leva-couvada-tradicional-de-aljezur-ate-a-sua-mesa\\\/cultura\\\/09\\\/59\\\/\",\"url\":\"https:\\\/\\\/algarve7.pt\\\/index.php\\\/2021\\\/12\\\/bezanhara-leva-couvada-tradicional-de-aljezur-ate-a-sua-mesa\\\/cultura\\\/09\\\/59\\\/\",\"name\":\"Bezanhara leva \u201ccouvada tradicional de Aljezur\u201d at\u00e9 \u00e0 sua mesa - Algarve 7\",\"isPartOf\":{\"@id\":\"https:\\\/\\\/algarve7.pt\\\/#website\"},\"primaryImageOfPage\":{\"@id\":\"https:\\\/\\\/algarve7.pt\\\/index.php\\\/2021\\\/12\\\/bezanhara-leva-couvada-tradicional-de-aljezur-ate-a-sua-mesa\\\/cultura\\\/09\\\/59\\\/#primaryimage\"},\"image\":{\"@id\":\"https:\\\/\\\/algarve7.pt\\\/index.php\\\/2021\\\/12\\\/bezanhara-leva-couvada-tradicional-de-aljezur-ate-a-sua-mesa\\\/cultura\\\/09\\\/59\\\/#primaryimage\"},\"thumbnailUrl\":\"https:\\\/\\\/algarve7.pt\\\/wp-content\\\/uploads\\\/2021\\\/12\\\/Captura-de-ecra-2021-12-28-as-09.58.03.png\",\"datePublished\":\"2021-12-28T09:59:12+00:00\",\"dateModified\":\"2021-12-28T09:59:15+00:00\",\"description\":\"Bezanhara leva \u201ccouvada tradicional de Aljezur\u201d at\u00e9 \u00e0 sua mesa Cultura\",\"breadcrumb\":{\"@id\":\"https:\\\/\\\/algarve7.pt\\\/index.php\\\/2021\\\/12\\\/bezanhara-leva-couvada-tradicional-de-aljezur-ate-a-sua-mesa\\\/cultura\\\/09\\\/59\\\/#breadcrumb\"},\"inLanguage\":\"pt-PT\",\"potentialAction\":[{\"@type\":\"ReadAction\",\"target\":[\"https:\\\/\\\/algarve7.pt\\\/index.php\\\/2021\\\/12\\\/bezanhara-leva-couvada-tradicional-de-aljezur-ate-a-sua-mesa\\\/cultura\\\/09\\\/59\\\/\"]}]},{\"@type\":\"ImageObject\",\"inLanguage\":\"pt-PT\",\"@id\":\"https:\\\/\\\/algarve7.pt\\\/index.php\\\/2021\\\/12\\\/bezanhara-leva-couvada-tradicional-de-aljezur-ate-a-sua-mesa\\\/cultura\\\/09\\\/59\\\/#primaryimage\",\"url\":\"https:\\\/\\\/algarve7.pt\\\/wp-content\\\/uploads\\\/2021\\\/12\\\/Captura-de-ecra-2021-12-28-as-09.58.03.png\",\"contentUrl\":\"https:\\\/\\\/algarve7.pt\\\/wp-content\\\/uploads\\\/2021\\\/12\\\/Captura-de-ecra-2021-12-28-as-09.58.03.png\",\"width\":1672,\"height\":916},{\"@type\":\"BreadcrumbList\",\"@id\":\"https:\\\/\\\/algarve7.pt\\\/index.php\\\/2021\\\/12\\\/bezanhara-leva-couvada-tradicional-de-aljezur-ate-a-sua-mesa\\\/cultura\\\/09\\\/59\\\/#breadcrumb\",\"itemListElement\":[{\"@type\":\"ListItem\",\"position\":1,\"name\":\"In\u00edcio\",\"item\":\"https:\\\/\\\/algarve7.pt\\\/\"},{\"@type\":\"ListItem\",\"position\":2,\"name\":\"Bezanhara leva \u201ccouvada tradicional de Aljezur\u201d at\u00e9 \u00e0 sua mesa\"}]},{\"@type\":\"WebSite\",\"@id\":\"https:\\\/\\\/algarve7.pt\\\/#website\",\"url\":\"https:\\\/\\\/algarve7.pt\\\/\",\"name\":\"Algarve 7\",\"description\":\"Informa\u00e7\u00e3o sobre o Algarve\",\"publisher\":{\"@id\":\"https:\\\/\\\/algarve7.pt\\\/#organization\"},\"potentialAction\":[{\"@type\":\"SearchAction\",\"target\":{\"@type\":\"EntryPoint\",\"urlTemplate\":\"https:\\\/\\\/algarve7.pt\\\/?s={search_term_string}\"},\"query-input\":{\"@type\":\"PropertyValueSpecification\",\"valueRequired\":true,\"valueName\":\"search_term_string\"}}],\"inLanguage\":\"pt-PT\"},{\"@type\":\"Organization\",\"@id\":\"https:\\\/\\\/algarve7.pt\\\/#organization\",\"name\":\"Algarve 7\",\"url\":\"https:\\\/\\\/algarve7.pt\\\/\",\"logo\":{\"@type\":\"ImageObject\",\"inLanguage\":\"pt-PT\",\"@id\":\"https:\\\/\\\/algarve7.pt\\\/#\\\/schema\\\/logo\\\/image\\\/\",\"url\":\"https:\\\/\\\/algarve7.pt\\\/wp-content\\\/uploads\\\/2020\\\/10\\\/Logo-8.jpg\",\"contentUrl\":\"https:\\\/\\\/algarve7.pt\\\/wp-content\\\/uploads\\\/2020\\\/10\\\/Logo-8.jpg\",\"width\":1680,\"height\":1186,\"caption\":\"Algarve 7\"},\"image\":{\"@id\":\"https:\\\/\\\/algarve7.pt\\\/#\\\/schema\\\/logo\\\/image\\\/\"},\"sameAs\":[\"https:\\\/\\\/www.facebook.com\\\/algarve7\",\"https:\\\/\\\/x.com\\\/Algarvesete\",\"https:\\\/\\\/www.instagram.com\\\/jornalalgarve7\\\/\",\"https:\\\/\\\/www.linkedin.com\\\/company\\\/algarve7\",\"https:\\\/\\\/www.pinterest.pt\\\/geral0939\\\/_created\\\/\"]},{\"@type\":\"Person\",\"@id\":\"https:\\\/\\\/algarve7.pt\\\/#\\\/schema\\\/person\\\/23fa70681308e7b319a3204bcea45e0c\",\"name\":\"Algarve 7\",\"sameAs\":[\"https:\\\/\\\/algarve7.pt\",\"https:\\\/\\\/www.facebook.com\\\/algarve7\"],\"url\":\"https:\\\/\\\/algarve7.pt\\\/index.php\\\/author\\\/geralalgarve7-pt\\\/\"}]}<\/script>\n<!-- \/ Yoast SEO plugin. -->","yoast_head_json":{"title":"Bezanhara leva \u201ccouvada tradicional de Aljezur\u201d at\u00e9 \u00e0 sua mesa - Algarve 7","description":"Bezanhara leva \u201ccouvada tradicional de Aljezur\u201d at\u00e9 \u00e0 sua mesa Cultura","robots":{"index":"index","follow":"follow","max-snippet":"max-snippet:-1","max-image-preview":"max-image-preview:large","max-video-preview":"max-video-preview:-1"},"canonical":"https:\/\/algarve7.pt\/index.php\/2021\/12\/bezanhara-leva-couvada-tradicional-de-aljezur-ate-a-sua-mesa\/cultura\/09\/59\/","og_locale":"pt_PT","og_type":"article","og_title":"Bezanhara leva \u201ccouvada tradicional de Aljezur\u201d at\u00e9 \u00e0 sua mesa - Algarve 7","og_description":"Bezanhara leva \u201ccouvada tradicional de Aljezur\u201d at\u00e9 \u00e0 sua mesa Cultura","og_url":"https:\/\/algarve7.pt\/index.php\/2021\/12\/bezanhara-leva-couvada-tradicional-de-aljezur-ate-a-sua-mesa\/cultura\/09\/59\/","og_site_name":"Algarve 7","article_publisher":"https:\/\/www.facebook.com\/algarve7","article_author":"https:\/\/www.facebook.com\/algarve7","article_published_time":"2021-12-28T09:59:12+00:00","article_modified_time":"2021-12-28T09:59:15+00:00","og_image":[{"width":1672,"height":916,"url":"https:\/\/algarve7.pt\/wp-content\/uploads\/2021\/12\/Captura-de-ecra-2021-12-28-as-09.58.03.png","type":"image\/png"}],"author":"Algarve 7","twitter_card":"summary_large_image","twitter_creator":"@Algarvesete","twitter_site":"@Algarvesete","twitter_misc":{"Escrito por":"Algarve 7","Tempo estimado de leitura":"2 minutos"},"schema":{"@context":"https:\/\/schema.org","@graph":[{"@type":"Article","@id":"https:\/\/algarve7.pt\/index.php\/2021\/12\/bezanhara-leva-couvada-tradicional-de-aljezur-ate-a-sua-mesa\/cultura\/09\/59\/#article","isPartOf":{"@id":"https:\/\/algarve7.pt\/index.php\/2021\/12\/bezanhara-leva-couvada-tradicional-de-aljezur-ate-a-sua-mesa\/cultura\/09\/59\/"},"author":{"name":"Algarve 7","@id":"https:\/\/algarve7.pt\/#\/schema\/person\/23fa70681308e7b319a3204bcea45e0c"},"headline":"Bezanhara leva \u201ccouvada tradicional de Aljezur\u201d at\u00e9 \u00e0 sua mesa","datePublished":"2021-12-28T09:59:12+00:00","dateModified":"2021-12-28T09:59:15+00:00","mainEntityOfPage":{"@id":"https:\/\/algarve7.pt\/index.php\/2021\/12\/bezanhara-leva-couvada-tradicional-de-aljezur-ate-a-sua-mesa\/cultura\/09\/59\/"},"wordCount":315,"commentCount":0,"publisher":{"@id":"https:\/\/algarve7.pt\/#organization"},"image":{"@id":"https:\/\/algarve7.pt\/index.php\/2021\/12\/bezanhara-leva-couvada-tradicional-de-aljezur-ate-a-sua-mesa\/cultura\/09\/59\/#primaryimage"},"thumbnailUrl":"https:\/\/algarve7.pt\/wp-content\/uploads\/2021\/12\/Captura-de-ecra-2021-12-28-as-09.58.03.png","keywords":["Algarve","Aljezur","Cultura","Gastron\u00f3mia"],"articleSection":["Cultura"],"inLanguage":"pt-PT","potentialAction":[{"@type":"CommentAction","name":"Comment","target":["https:\/\/algarve7.pt\/index.php\/2021\/12\/bezanhara-leva-couvada-tradicional-de-aljezur-ate-a-sua-mesa\/cultura\/09\/59\/#respond"]}]},{"@type":"WebPage","@id":"https:\/\/algarve7.pt\/index.php\/2021\/12\/bezanhara-leva-couvada-tradicional-de-aljezur-ate-a-sua-mesa\/cultura\/09\/59\/","url":"https:\/\/algarve7.pt\/index.php\/2021\/12\/bezanhara-leva-couvada-tradicional-de-aljezur-ate-a-sua-mesa\/cultura\/09\/59\/","name":"Bezanhara leva \u201ccouvada tradicional de Aljezur\u201d at\u00e9 \u00e0 sua mesa - Algarve 7","isPartOf":{"@id":"https:\/\/algarve7.pt\/#website"},"primaryImageOfPage":{"@id":"https:\/\/algarve7.pt\/index.php\/2021\/12\/bezanhara-leva-couvada-tradicional-de-aljezur-ate-a-sua-mesa\/cultura\/09\/59\/#primaryimage"},"image":{"@id":"https:\/\/algarve7.pt\/index.php\/2021\/12\/bezanhara-leva-couvada-tradicional-de-aljezur-ate-a-sua-mesa\/cultura\/09\/59\/#primaryimage"},"thumbnailUrl":"https:\/\/algarve7.pt\/wp-content\/uploads\/2021\/12\/Captura-de-ecra-2021-12-28-as-09.58.03.png","datePublished":"2021-12-28T09:59:12+00:00","dateModified":"2021-12-28T09:59:15+00:00","description":"Bezanhara leva \u201ccouvada tradicional de Aljezur\u201d at\u00e9 \u00e0 sua mesa Cultura","breadcrumb":{"@id":"https:\/\/algarve7.pt\/index.php\/2021\/12\/bezanhara-leva-couvada-tradicional-de-aljezur-ate-a-sua-mesa\/cultura\/09\/59\/#breadcrumb"},"inLanguage":"pt-PT","potentialAction":[{"@type":"ReadAction","target":["https:\/\/algarve7.pt\/index.php\/2021\/12\/bezanhara-leva-couvada-tradicional-de-aljezur-ate-a-sua-mesa\/cultura\/09\/59\/"]}]},{"@type":"ImageObject","inLanguage":"pt-PT","@id":"https:\/\/algarve7.pt\/index.php\/2021\/12\/bezanhara-leva-couvada-tradicional-de-aljezur-ate-a-sua-mesa\/cultura\/09\/59\/#primaryimage","url":"https:\/\/algarve7.pt\/wp-content\/uploads\/2021\/12\/Captura-de-ecra-2021-12-28-as-09.58.03.png","contentUrl":"https:\/\/algarve7.pt\/wp-content\/uploads\/2021\/12\/Captura-de-ecra-2021-12-28-as-09.58.03.png","width":1672,"height":916},{"@type":"BreadcrumbList","@id":"https:\/\/algarve7.pt\/index.php\/2021\/12\/bezanhara-leva-couvada-tradicional-de-aljezur-ate-a-sua-mesa\/cultura\/09\/59\/#breadcrumb","itemListElement":[{"@type":"ListItem","position":1,"name":"In\u00edcio","item":"https:\/\/algarve7.pt\/"},{"@type":"ListItem","position":2,"name":"Bezanhara leva \u201ccouvada tradicional de Aljezur\u201d at\u00e9 \u00e0 sua mesa"}]},{"@type":"WebSite","@id":"https:\/\/algarve7.pt\/#website","url":"https:\/\/algarve7.pt\/","name":"Algarve 7","description":"Informa\u00e7\u00e3o sobre o Algarve","publisher":{"@id":"https:\/\/algarve7.pt\/#organization"},"potentialAction":[{"@type":"SearchAction","target":{"@type":"EntryPoint","urlTemplate":"https:\/\/algarve7.pt\/?s={search_term_string}"},"query-input":{"@type":"PropertyValueSpecification","valueRequired":true,"valueName":"search_term_string"}}],"inLanguage":"pt-PT"},{"@type":"Organization","@id":"https:\/\/algarve7.pt\/#organization","name":"Algarve 7","url":"https:\/\/algarve7.pt\/","logo":{"@type":"ImageObject","inLanguage":"pt-PT","@id":"https:\/\/algarve7.pt\/#\/schema\/logo\/image\/","url":"https:\/\/algarve7.pt\/wp-content\/uploads\/2020\/10\/Logo-8.jpg","contentUrl":"https:\/\/algarve7.pt\/wp-content\/uploads\/2020\/10\/Logo-8.jpg","width":1680,"height":1186,"caption":"Algarve 7"},"image":{"@id":"https:\/\/algarve7.pt\/#\/schema\/logo\/image\/"},"sameAs":["https:\/\/www.facebook.com\/algarve7","https:\/\/x.com\/Algarvesete","https:\/\/www.instagram.com\/jornalalgarve7\/","https:\/\/www.linkedin.com\/company\/algarve7","https:\/\/www.pinterest.pt\/geral0939\/_created\/"]},{"@type":"Person","@id":"https:\/\/algarve7.pt\/#\/schema\/person\/23fa70681308e7b319a3204bcea45e0c","name":"Algarve 7","sameAs":["https:\/\/algarve7.pt","https:\/\/www.facebook.com\/algarve7"],"url":"https:\/\/algarve7.pt\/index.php\/author\/geralalgarve7-pt\/"}]}},"jetpack_publicize_connections":[],"jetpack_featured_media_url":"https:\/\/algarve7.pt\/wp-content\/uploads\/2021\/12\/Captura-de-ecra-2021-12-28-as-09.58.03.png","jetpack_shortlink":"https:\/\/wp.me\/pcezmW-3Ij","jetpack_sharing_enabled":true,"_links":{"self":[{"href":"https:\/\/algarve7.pt\/index.php\/wp-json\/wp\/v2\/posts\/14279","targetHints":{"allow":["GET"]}}],"collection":[{"href":"https:\/\/algarve7.pt\/index.php\/wp-json\/wp\/v2\/posts"}],"about":[{"href":"https:\/\/algarve7.pt\/index.php\/wp-json\/wp\/v2\/types\/post"}],"author":[{"embeddable":true,"href":"https:\/\/algarve7.pt\/index.php\/wp-json\/wp\/v2\/users\/1"}],"replies":[{"embeddable":true,"href":"https:\/\/algarve7.pt\/index.php\/wp-json\/wp\/v2\/comments?post=14279"}],"version-history":[{"count":0,"href":"https:\/\/algarve7.pt\/index.php\/wp-json\/wp\/v2\/posts\/14279\/revisions"}],"wp:featuredmedia":[{"embeddable":true,"href":"https:\/\/algarve7.pt\/index.php\/wp-json\/wp\/v2\/media\/14280"}],"wp:attachment":[{"href":"https:\/\/algarve7.pt\/index.php\/wp-json\/wp\/v2\/media?parent=14279"}],"wp:term":[{"taxonomy":"category","embeddable":true,"href":"https:\/\/algarve7.pt\/index.php\/wp-json\/wp\/v2\/categories?post=14279"},{"taxonomy":"post_tag","embeddable":true,"href":"https:\/\/algarve7.pt\/index.php\/wp-json\/wp\/v2\/tags?post=14279"}],"curies":[{"name":"wp","href":"https:\/\/api.w.org\/{rel}","templated":true}]}}