{"id":14273,"date":"2021-12-28T09:39:23","date_gmt":"2021-12-28T09:39:23","guid":{"rendered":"https:\/\/algarve7.pt\/?p=14273"},"modified":"2021-12-28T09:39:28","modified_gmt":"2021-12-28T09:39:28","slug":"balanco-de-natal-mais-uma-vitima-mortal-e-menos-14-feridos-graves-do-que-em-2020","status":"publish","type":"post","link":"https:\/\/algarve7.pt\/index.php\/2021\/12\/balanco-de-natal-mais-uma-vitima-mortal-e-menos-14-feridos-graves-do-que-em-2020\/nacional\/09\/39\/","title":{"rendered":"Balan\u00e7o de Natal: mais uma v\u00edtima mortal e menos 14 feridos graves do que em 2020"},"content":{"rendered":"\n<p>No per\u00edodo de Natal, entre 22 e 27 de dezembro de 2021, registaram-se nas estradas de Portugal Continental 5 v\u00edtimas mortais, mais 1 do que em igual per\u00edodo do ano passado.<\/p>\n\n\n\n<p>Relativamente aos feridos graves, registaram-se 25, menos 14 do que no ano anterior, o que representa um decr\u00e9scimo de 36%, tendo-se verificado ainda 548 feridos leves, representando um aumento de 27%.<\/p>\n\n\n\n<p>O n\u00famero total de acidentes foi de 1.922, representando um aumento de 21%.<\/p>\n\n\n\n<p>As 5 v\u00edtimas mortais&nbsp;ocorreram nos distritos de Bragan\u00e7a, Lisboa, Set\u00fabal e Beja, entre os dias 22 e 26 de dezembro. No dia 27 de dezembro n\u00e3o se registou qualquer v\u00edtima mortal.<\/p>\n\n\n\n<p><strong>Mais de 2,1 milh\u00f5es de ve\u00edculos fiscalizados<\/strong><\/p>\n\n\n\n<p>No per\u00edodo de 22 a 27 de dezembro de 2021, foram fiscalizados 2.130.986 ve\u00edculos, quer presencialmente pela GNR e pela PSP, quer atrav\u00e9s de controlo por radar.<\/p>\n\n\n\n<p>Relativamente \u00e0&nbsp;<strong>velocidade,<\/strong>&nbsp;foram fiscalizados 2.091.130 ve\u00edculos, dos quais 1.948.204 pelo SINCRO &#8211; Sistema Nacional de Controlo de Velocidade (93% do total), da responsabilidade da Autoridade Nacional de Seguran\u00e7a Rodovi\u00e1ria, representando um aumento de 14% face a 2020.<\/p>\n\n\n\n<p>Dos ve\u00edculos fiscalizados por radar de velocidade, 6.483 circulavam com excesso de velocidade, dos quais 2.258 foram detetados pelos radares da GNR e da PSP e 4.225 pelos da ANSR, resultando numa taxa de infra\u00e7\u00e3o (n.\u00ba total de infra\u00e7\u00f5es\/n.\u00ba total de ve\u00edculos fiscalizados) de 0,31%, menos 0,38 pontos percentuais que a registada em igual per\u00edodo de 2020 (0,69%).<\/p>\n\n\n\n<p>No que diz respeito \u00e0 condu\u00e7\u00e3o sob o efeito do \u00e1lcool, foram submetidos ao teste de pesquisa de \u00e1lcool 26.497 condutores, tendo 286 apresentado uma taxa de alcoolemia superior \u00e0 m\u00e1xima permitida, do que resultou um total de 159 deten\u00e7\u00f5es. A taxa de infra\u00e7\u00e3o registada foi de 1,08%, 0,16 pontos percentuais abaixo da registada em igual per\u00edodo de 2020 (1,24%).<\/p>\n\n\n\n<p>Com a expetativa de contribuir para a descida da sinistralidade no per\u00edodo de Natal e Ano Novo, decorre at\u00e9 2 de janeiro de 2022 a campanha de seguran\u00e7a rodovi\u00e1ria de Ano Novo \u201c<em>O melhor presente \u00e9 estar presente<\/em>\u201d, uma iniciativa da ANSR, em parceria com a GNR, PSP e mais de 70 entidades, que apela a todos os portugueses para que nas desloca\u00e7\u00f5es no per\u00edodo da passagem de ano, adotem comportamentos seguros na estrada.<\/p>\n\n\n\n<p>Pretende-se com esta campanha dar mais um passo para o envolvimento dos portugueses no des\u00edgnio de tornar a seguran\u00e7a rodovi\u00e1ria uma prioridade de todos. S\u00f3 assim ser\u00e1 poss\u00edvel consolidar a diminui\u00e7\u00e3o da sinistralidade rodovi\u00e1ria at\u00e9 ao \u00fanico n\u00famero aceit\u00e1vel de v\u00edtimas mortais: Zero.<\/p>\n","protected":false},"excerpt":{"rendered":"<p>No per\u00edodo de Natal, entre 22 e 27 de dezembro de 2021, registaram-se nas estradas de Portugal Continental 5 v\u00edtimas<\/p>\n","protected":false},"author":1,"featured_media":14274,"comment_status":"open","ping_status":"open","sticky":false,"template":"","format":"standard","meta":{"colormag_page_container_layout":"default_layout","colormag_page_sidebar_layout":"default_layout","_monsterinsights_skip_tracking":false,"_monsterinsights_sitenote_active":false,"_monsterinsights_sitenote_note":"","_monsterinsights_sitenote_category":0,"jetpack_post_was_ever_published":false,"_jetpack_newsletter_access":"","_jetpack_dont_email_post_to_subs":false,"_jetpack_newsletter_tier_id":0,"_jetpack_memberships_contains_paywalled_content":false,"_jetpack_memberships_contains_paid_content":false,"footnotes":"","jetpack_publicize_message":"","jetpack_publicize_feature_enabled":true,"jetpack_social_post_already_shared":true,"jetpack_social_options":{"image_generator_settings":{"template":"highway","default_image_id":0,"font":"","enabled":false},"version":2}},"categories":[189],"tags":[62,140,98],"class_list":["post-14273","post","type-post","status-publish","format-standard","has-post-thumbnail","hentry","category-nacional","tag-atualidade","tag-gnr","tag-nacional"],"yoast_head":"<!-- This site is optimized with the Yoast SEO plugin v27.5 - https:\/\/yoast.com\/product\/yoast-seo-wordpress\/ -->\n<title>Balan\u00e7o de Natal: mais uma v\u00edtima mortal e menos 14 feridos graves do que em 2020 - Algarve 7<\/title>\n<meta name=\"description\" content=\"Balan\u00e7o de Natal: mais uma v\u00edtima mortal e menos 14 feridos graves do que em 2020 Nacional\" \/>\n<meta name=\"robots\" content=\"index, follow, max-snippet:-1, max-image-preview:large, max-video-preview:-1\" \/>\n<link rel=\"canonical\" href=\"https:\/\/algarve7.pt\/index.php\/2021\/12\/balanco-de-natal-mais-uma-vitima-mortal-e-menos-14-feridos-graves-do-que-em-2020\/nacional\/09\/39\/\" \/>\n<meta property=\"og:locale\" content=\"pt_PT\" \/>\n<meta property=\"og:type\" content=\"article\" \/>\n<meta property=\"og:title\" content=\"Balan\u00e7o de Natal: mais uma v\u00edtima mortal e menos 14 feridos graves do que em 2020 - Algarve 7\" \/>\n<meta property=\"og:description\" content=\"Balan\u00e7o de Natal: mais uma v\u00edtima mortal e menos 14 feridos graves do que em 2020 Nacional\" \/>\n<meta property=\"og:url\" content=\"https:\/\/algarve7.pt\/index.php\/2021\/12\/balanco-de-natal-mais-uma-vitima-mortal-e-menos-14-feridos-graves-do-que-em-2020\/nacional\/09\/39\/\" \/>\n<meta property=\"og:site_name\" content=\"Algarve 7\" \/>\n<meta property=\"article:publisher\" content=\"https:\/\/www.facebook.com\/algarve7\" \/>\n<meta property=\"article:author\" content=\"https:\/\/www.facebook.com\/algarve7\" \/>\n<meta property=\"article:published_time\" content=\"2021-12-28T09:39:23+00:00\" \/>\n<meta property=\"article:modified_time\" content=\"2021-12-28T09:39:28+00:00\" \/>\n<meta property=\"og:image\" content=\"https:\/\/algarve7.pt\/wp-content\/uploads\/2021\/12\/5c27980b0cf2adafd002a920.jpeg\" \/>\n\t<meta property=\"og:image:width\" content=\"1280\" \/>\n\t<meta property=\"og:image:height\" content=\"720\" \/>\n\t<meta property=\"og:image:type\" content=\"image\/jpeg\" \/>\n<meta name=\"author\" content=\"Algarve 7\" \/>\n<meta name=\"twitter:card\" content=\"summary_large_image\" \/>\n<meta name=\"twitter:creator\" content=\"@Algarvesete\" \/>\n<meta name=\"twitter:site\" content=\"@Algarvesete\" \/>\n<meta name=\"twitter:label1\" content=\"Escrito por\" \/>\n\t<meta name=\"twitter:data1\" content=\"Algarve 7\" \/>\n\t<meta name=\"twitter:label2\" content=\"Tempo estimado de leitura\" \/>\n\t<meta name=\"twitter:data2\" content=\"3 minutos\" \/>\n<script type=\"application\/ld+json\" class=\"yoast-schema-graph\">{\"@context\":\"https:\\\/\\\/schema.org\",\"@graph\":[{\"@type\":\"Article\",\"@id\":\"https:\\\/\\\/algarve7.pt\\\/index.php\\\/2021\\\/12\\\/balanco-de-natal-mais-uma-vitima-mortal-e-menos-14-feridos-graves-do-que-em-2020\\\/nacional\\\/09\\\/39\\\/#article\",\"isPartOf\":{\"@id\":\"https:\\\/\\\/algarve7.pt\\\/index.php\\\/2021\\\/12\\\/balanco-de-natal-mais-uma-vitima-mortal-e-menos-14-feridos-graves-do-que-em-2020\\\/nacional\\\/09\\\/39\\\/\"},\"author\":{\"name\":\"Algarve 7\",\"@id\":\"https:\\\/\\\/algarve7.pt\\\/#\\\/schema\\\/person\\\/23fa70681308e7b319a3204bcea45e0c\"},\"headline\":\"Balan\u00e7o de Natal: mais uma v\u00edtima mortal e menos 14 feridos graves do que em 2020\",\"datePublished\":\"2021-12-28T09:39:23+00:00\",\"dateModified\":\"2021-12-28T09:39:28+00:00\",\"mainEntityOfPage\":{\"@id\":\"https:\\\/\\\/algarve7.pt\\\/index.php\\\/2021\\\/12\\\/balanco-de-natal-mais-uma-vitima-mortal-e-menos-14-feridos-graves-do-que-em-2020\\\/nacional\\\/09\\\/39\\\/\"},\"wordCount\":429,\"commentCount\":0,\"publisher\":{\"@id\":\"https:\\\/\\\/algarve7.pt\\\/#organization\"},\"image\":{\"@id\":\"https:\\\/\\\/algarve7.pt\\\/index.php\\\/2021\\\/12\\\/balanco-de-natal-mais-uma-vitima-mortal-e-menos-14-feridos-graves-do-que-em-2020\\\/nacional\\\/09\\\/39\\\/#primaryimage\"},\"thumbnailUrl\":\"https:\\\/\\\/algarve7.pt\\\/wp-content\\\/uploads\\\/2021\\\/12\\\/5c27980b0cf2adafd002a920.jpeg\",\"keywords\":[\"Atualidade\",\"GNR\",\"Nacional\"],\"articleSection\":[\"Nacional\"],\"inLanguage\":\"pt-PT\",\"potentialAction\":[{\"@type\":\"CommentAction\",\"name\":\"Comment\",\"target\":[\"https:\\\/\\\/algarve7.pt\\\/index.php\\\/2021\\\/12\\\/balanco-de-natal-mais-uma-vitima-mortal-e-menos-14-feridos-graves-do-que-em-2020\\\/nacional\\\/09\\\/39\\\/#respond\"]}]},{\"@type\":\"WebPage\",\"@id\":\"https:\\\/\\\/algarve7.pt\\\/index.php\\\/2021\\\/12\\\/balanco-de-natal-mais-uma-vitima-mortal-e-menos-14-feridos-graves-do-que-em-2020\\\/nacional\\\/09\\\/39\\\/\",\"url\":\"https:\\\/\\\/algarve7.pt\\\/index.php\\\/2021\\\/12\\\/balanco-de-natal-mais-uma-vitima-mortal-e-menos-14-feridos-graves-do-que-em-2020\\\/nacional\\\/09\\\/39\\\/\",\"name\":\"Balan\u00e7o de Natal: mais uma v\u00edtima mortal e menos 14 feridos graves do que em 2020 - Algarve 7\",\"isPartOf\":{\"@id\":\"https:\\\/\\\/algarve7.pt\\\/#website\"},\"primaryImageOfPage\":{\"@id\":\"https:\\\/\\\/algarve7.pt\\\/index.php\\\/2021\\\/12\\\/balanco-de-natal-mais-uma-vitima-mortal-e-menos-14-feridos-graves-do-que-em-2020\\\/nacional\\\/09\\\/39\\\/#primaryimage\"},\"image\":{\"@id\":\"https:\\\/\\\/algarve7.pt\\\/index.php\\\/2021\\\/12\\\/balanco-de-natal-mais-uma-vitima-mortal-e-menos-14-feridos-graves-do-que-em-2020\\\/nacional\\\/09\\\/39\\\/#primaryimage\"},\"thumbnailUrl\":\"https:\\\/\\\/algarve7.pt\\\/wp-content\\\/uploads\\\/2021\\\/12\\\/5c27980b0cf2adafd002a920.jpeg\",\"datePublished\":\"2021-12-28T09:39:23+00:00\",\"dateModified\":\"2021-12-28T09:39:28+00:00\",\"description\":\"Balan\u00e7o de Natal: mais uma v\u00edtima mortal e menos 14 feridos graves do que em 2020 Nacional\",\"breadcrumb\":{\"@id\":\"https:\\\/\\\/algarve7.pt\\\/index.php\\\/2021\\\/12\\\/balanco-de-natal-mais-uma-vitima-mortal-e-menos-14-feridos-graves-do-que-em-2020\\\/nacional\\\/09\\\/39\\\/#breadcrumb\"},\"inLanguage\":\"pt-PT\",\"potentialAction\":[{\"@type\":\"ReadAction\",\"target\":[\"https:\\\/\\\/algarve7.pt\\\/index.php\\\/2021\\\/12\\\/balanco-de-natal-mais-uma-vitima-mortal-e-menos-14-feridos-graves-do-que-em-2020\\\/nacional\\\/09\\\/39\\\/\"]}]},{\"@type\":\"ImageObject\",\"inLanguage\":\"pt-PT\",\"@id\":\"https:\\\/\\\/algarve7.pt\\\/index.php\\\/2021\\\/12\\\/balanco-de-natal-mais-uma-vitima-mortal-e-menos-14-feridos-graves-do-que-em-2020\\\/nacional\\\/09\\\/39\\\/#primaryimage\",\"url\":\"https:\\\/\\\/algarve7.pt\\\/wp-content\\\/uploads\\\/2021\\\/12\\\/5c27980b0cf2adafd002a920.jpeg\",\"contentUrl\":\"https:\\\/\\\/algarve7.pt\\\/wp-content\\\/uploads\\\/2021\\\/12\\\/5c27980b0cf2adafd002a920.jpeg\",\"width\":1280,\"height\":720},{\"@type\":\"BreadcrumbList\",\"@id\":\"https:\\\/\\\/algarve7.pt\\\/index.php\\\/2021\\\/12\\\/balanco-de-natal-mais-uma-vitima-mortal-e-menos-14-feridos-graves-do-que-em-2020\\\/nacional\\\/09\\\/39\\\/#breadcrumb\",\"itemListElement\":[{\"@type\":\"ListItem\",\"position\":1,\"name\":\"In\u00edcio\",\"item\":\"https:\\\/\\\/algarve7.pt\\\/\"},{\"@type\":\"ListItem\",\"position\":2,\"name\":\"Balan\u00e7o de Natal: mais uma v\u00edtima mortal e menos 14 feridos graves do que em 2020\"}]},{\"@type\":\"WebSite\",\"@id\":\"https:\\\/\\\/algarve7.pt\\\/#website\",\"url\":\"https:\\\/\\\/algarve7.pt\\\/\",\"name\":\"Algarve 7\",\"description\":\"Informa\u00e7\u00e3o sobre o Algarve\",\"publisher\":{\"@id\":\"https:\\\/\\\/algarve7.pt\\\/#organization\"},\"potentialAction\":[{\"@type\":\"SearchAction\",\"target\":{\"@type\":\"EntryPoint\",\"urlTemplate\":\"https:\\\/\\\/algarve7.pt\\\/?s={search_term_string}\"},\"query-input\":{\"@type\":\"PropertyValueSpecification\",\"valueRequired\":true,\"valueName\":\"search_term_string\"}}],\"inLanguage\":\"pt-PT\"},{\"@type\":\"Organization\",\"@id\":\"https:\\\/\\\/algarve7.pt\\\/#organization\",\"name\":\"Algarve 7\",\"url\":\"https:\\\/\\\/algarve7.pt\\\/\",\"logo\":{\"@type\":\"ImageObject\",\"inLanguage\":\"pt-PT\",\"@id\":\"https:\\\/\\\/algarve7.pt\\\/#\\\/schema\\\/logo\\\/image\\\/\",\"url\":\"https:\\\/\\\/algarve7.pt\\\/wp-content\\\/uploads\\\/2020\\\/10\\\/Logo-8.jpg\",\"contentUrl\":\"https:\\\/\\\/algarve7.pt\\\/wp-content\\\/uploads\\\/2020\\\/10\\\/Logo-8.jpg\",\"width\":1680,\"height\":1186,\"caption\":\"Algarve 7\"},\"image\":{\"@id\":\"https:\\\/\\\/algarve7.pt\\\/#\\\/schema\\\/logo\\\/image\\\/\"},\"sameAs\":[\"https:\\\/\\\/www.facebook.com\\\/algarve7\",\"https:\\\/\\\/x.com\\\/Algarvesete\",\"https:\\\/\\\/www.instagram.com\\\/jornalalgarve7\\\/\",\"https:\\\/\\\/www.linkedin.com\\\/company\\\/algarve7\",\"https:\\\/\\\/www.pinterest.pt\\\/geral0939\\\/_created\\\/\"]},{\"@type\":\"Person\",\"@id\":\"https:\\\/\\\/algarve7.pt\\\/#\\\/schema\\\/person\\\/23fa70681308e7b319a3204bcea45e0c\",\"name\":\"Algarve 7\",\"sameAs\":[\"https:\\\/\\\/algarve7.pt\",\"https:\\\/\\\/www.facebook.com\\\/algarve7\"],\"url\":\"https:\\\/\\\/algarve7.pt\\\/index.php\\\/author\\\/geralalgarve7-pt\\\/\"}]}<\/script>\n<!-- \/ Yoast SEO plugin. -->","yoast_head_json":{"title":"Balan\u00e7o de Natal: mais uma v\u00edtima mortal e menos 14 feridos graves do que em 2020 - Algarve 7","description":"Balan\u00e7o de Natal: mais uma v\u00edtima mortal e menos 14 feridos graves do que em 2020 Nacional","robots":{"index":"index","follow":"follow","max-snippet":"max-snippet:-1","max-image-preview":"max-image-preview:large","max-video-preview":"max-video-preview:-1"},"canonical":"https:\/\/algarve7.pt\/index.php\/2021\/12\/balanco-de-natal-mais-uma-vitima-mortal-e-menos-14-feridos-graves-do-que-em-2020\/nacional\/09\/39\/","og_locale":"pt_PT","og_type":"article","og_title":"Balan\u00e7o de Natal: mais uma v\u00edtima mortal e menos 14 feridos graves do que em 2020 - Algarve 7","og_description":"Balan\u00e7o de Natal: mais uma v\u00edtima mortal e menos 14 feridos graves do que em 2020 Nacional","og_url":"https:\/\/algarve7.pt\/index.php\/2021\/12\/balanco-de-natal-mais-uma-vitima-mortal-e-menos-14-feridos-graves-do-que-em-2020\/nacional\/09\/39\/","og_site_name":"Algarve 7","article_publisher":"https:\/\/www.facebook.com\/algarve7","article_author":"https:\/\/www.facebook.com\/algarve7","article_published_time":"2021-12-28T09:39:23+00:00","article_modified_time":"2021-12-28T09:39:28+00:00","og_image":[{"width":1280,"height":720,"url":"https:\/\/algarve7.pt\/wp-content\/uploads\/2021\/12\/5c27980b0cf2adafd002a920.jpeg","type":"image\/jpeg"}],"author":"Algarve 7","twitter_card":"summary_large_image","twitter_creator":"@Algarvesete","twitter_site":"@Algarvesete","twitter_misc":{"Escrito por":"Algarve 7","Tempo estimado de leitura":"3 minutos"},"schema":{"@context":"https:\/\/schema.org","@graph":[{"@type":"Article","@id":"https:\/\/algarve7.pt\/index.php\/2021\/12\/balanco-de-natal-mais-uma-vitima-mortal-e-menos-14-feridos-graves-do-que-em-2020\/nacional\/09\/39\/#article","isPartOf":{"@id":"https:\/\/algarve7.pt\/index.php\/2021\/12\/balanco-de-natal-mais-uma-vitima-mortal-e-menos-14-feridos-graves-do-que-em-2020\/nacional\/09\/39\/"},"author":{"name":"Algarve 7","@id":"https:\/\/algarve7.pt\/#\/schema\/person\/23fa70681308e7b319a3204bcea45e0c"},"headline":"Balan\u00e7o de Natal: mais uma v\u00edtima mortal e menos 14 feridos graves do que em 2020","datePublished":"2021-12-28T09:39:23+00:00","dateModified":"2021-12-28T09:39:28+00:00","mainEntityOfPage":{"@id":"https:\/\/algarve7.pt\/index.php\/2021\/12\/balanco-de-natal-mais-uma-vitima-mortal-e-menos-14-feridos-graves-do-que-em-2020\/nacional\/09\/39\/"},"wordCount":429,"commentCount":0,"publisher":{"@id":"https:\/\/algarve7.pt\/#organization"},"image":{"@id":"https:\/\/algarve7.pt\/index.php\/2021\/12\/balanco-de-natal-mais-uma-vitima-mortal-e-menos-14-feridos-graves-do-que-em-2020\/nacional\/09\/39\/#primaryimage"},"thumbnailUrl":"https:\/\/algarve7.pt\/wp-content\/uploads\/2021\/12\/5c27980b0cf2adafd002a920.jpeg","keywords":["Atualidade","GNR","Nacional"],"articleSection":["Nacional"],"inLanguage":"pt-PT","potentialAction":[{"@type":"CommentAction","name":"Comment","target":["https:\/\/algarve7.pt\/index.php\/2021\/12\/balanco-de-natal-mais-uma-vitima-mortal-e-menos-14-feridos-graves-do-que-em-2020\/nacional\/09\/39\/#respond"]}]},{"@type":"WebPage","@id":"https:\/\/algarve7.pt\/index.php\/2021\/12\/balanco-de-natal-mais-uma-vitima-mortal-e-menos-14-feridos-graves-do-que-em-2020\/nacional\/09\/39\/","url":"https:\/\/algarve7.pt\/index.php\/2021\/12\/balanco-de-natal-mais-uma-vitima-mortal-e-menos-14-feridos-graves-do-que-em-2020\/nacional\/09\/39\/","name":"Balan\u00e7o de Natal: mais uma v\u00edtima mortal e menos 14 feridos graves do que em 2020 - Algarve 7","isPartOf":{"@id":"https:\/\/algarve7.pt\/#website"},"primaryImageOfPage":{"@id":"https:\/\/algarve7.pt\/index.php\/2021\/12\/balanco-de-natal-mais-uma-vitima-mortal-e-menos-14-feridos-graves-do-que-em-2020\/nacional\/09\/39\/#primaryimage"},"image":{"@id":"https:\/\/algarve7.pt\/index.php\/2021\/12\/balanco-de-natal-mais-uma-vitima-mortal-e-menos-14-feridos-graves-do-que-em-2020\/nacional\/09\/39\/#primaryimage"},"thumbnailUrl":"https:\/\/algarve7.pt\/wp-content\/uploads\/2021\/12\/5c27980b0cf2adafd002a920.jpeg","datePublished":"2021-12-28T09:39:23+00:00","dateModified":"2021-12-28T09:39:28+00:00","description":"Balan\u00e7o de Natal: mais uma v\u00edtima mortal e menos 14 feridos graves do que em 2020 Nacional","breadcrumb":{"@id":"https:\/\/algarve7.pt\/index.php\/2021\/12\/balanco-de-natal-mais-uma-vitima-mortal-e-menos-14-feridos-graves-do-que-em-2020\/nacional\/09\/39\/#breadcrumb"},"inLanguage":"pt-PT","potentialAction":[{"@type":"ReadAction","target":["https:\/\/algarve7.pt\/index.php\/2021\/12\/balanco-de-natal-mais-uma-vitima-mortal-e-menos-14-feridos-graves-do-que-em-2020\/nacional\/09\/39\/"]}]},{"@type":"ImageObject","inLanguage":"pt-PT","@id":"https:\/\/algarve7.pt\/index.php\/2021\/12\/balanco-de-natal-mais-uma-vitima-mortal-e-menos-14-feridos-graves-do-que-em-2020\/nacional\/09\/39\/#primaryimage","url":"https:\/\/algarve7.pt\/wp-content\/uploads\/2021\/12\/5c27980b0cf2adafd002a920.jpeg","contentUrl":"https:\/\/algarve7.pt\/wp-content\/uploads\/2021\/12\/5c27980b0cf2adafd002a920.jpeg","width":1280,"height":720},{"@type":"BreadcrumbList","@id":"https:\/\/algarve7.pt\/index.php\/2021\/12\/balanco-de-natal-mais-uma-vitima-mortal-e-menos-14-feridos-graves-do-que-em-2020\/nacional\/09\/39\/#breadcrumb","itemListElement":[{"@type":"ListItem","position":1,"name":"In\u00edcio","item":"https:\/\/algarve7.pt\/"},{"@type":"ListItem","position":2,"name":"Balan\u00e7o de Natal: mais uma v\u00edtima mortal e menos 14 feridos graves do que em 2020"}]},{"@type":"WebSite","@id":"https:\/\/algarve7.pt\/#website","url":"https:\/\/algarve7.pt\/","name":"Algarve 7","description":"Informa\u00e7\u00e3o sobre o Algarve","publisher":{"@id":"https:\/\/algarve7.pt\/#organization"},"potentialAction":[{"@type":"SearchAction","target":{"@type":"EntryPoint","urlTemplate":"https:\/\/algarve7.pt\/?s={search_term_string}"},"query-input":{"@type":"PropertyValueSpecification","valueRequired":true,"valueName":"search_term_string"}}],"inLanguage":"pt-PT"},{"@type":"Organization","@id":"https:\/\/algarve7.pt\/#organization","name":"Algarve 7","url":"https:\/\/algarve7.pt\/","logo":{"@type":"ImageObject","inLanguage":"pt-PT","@id":"https:\/\/algarve7.pt\/#\/schema\/logo\/image\/","url":"https:\/\/algarve7.pt\/wp-content\/uploads\/2020\/10\/Logo-8.jpg","contentUrl":"https:\/\/algarve7.pt\/wp-content\/uploads\/2020\/10\/Logo-8.jpg","width":1680,"height":1186,"caption":"Algarve 7"},"image":{"@id":"https:\/\/algarve7.pt\/#\/schema\/logo\/image\/"},"sameAs":["https:\/\/www.facebook.com\/algarve7","https:\/\/x.com\/Algarvesete","https:\/\/www.instagram.com\/jornalalgarve7\/","https:\/\/www.linkedin.com\/company\/algarve7","https:\/\/www.pinterest.pt\/geral0939\/_created\/"]},{"@type":"Person","@id":"https:\/\/algarve7.pt\/#\/schema\/person\/23fa70681308e7b319a3204bcea45e0c","name":"Algarve 7","sameAs":["https:\/\/algarve7.pt","https:\/\/www.facebook.com\/algarve7"],"url":"https:\/\/algarve7.pt\/index.php\/author\/geralalgarve7-pt\/"}]}},"jetpack_publicize_connections":[],"jetpack_featured_media_url":"https:\/\/algarve7.pt\/wp-content\/uploads\/2021\/12\/5c27980b0cf2adafd002a920.jpeg","jetpack_shortlink":"https:\/\/wp.me\/pcezmW-3Id","jetpack_sharing_enabled":true,"_links":{"self":[{"href":"https:\/\/algarve7.pt\/index.php\/wp-json\/wp\/v2\/posts\/14273","targetHints":{"allow":["GET"]}}],"collection":[{"href":"https:\/\/algarve7.pt\/index.php\/wp-json\/wp\/v2\/posts"}],"about":[{"href":"https:\/\/algarve7.pt\/index.php\/wp-json\/wp\/v2\/types\/post"}],"author":[{"embeddable":true,"href":"https:\/\/algarve7.pt\/index.php\/wp-json\/wp\/v2\/users\/1"}],"replies":[{"embeddable":true,"href":"https:\/\/algarve7.pt\/index.php\/wp-json\/wp\/v2\/comments?post=14273"}],"version-history":[{"count":0,"href":"https:\/\/algarve7.pt\/index.php\/wp-json\/wp\/v2\/posts\/14273\/revisions"}],"wp:featuredmedia":[{"embeddable":true,"href":"https:\/\/algarve7.pt\/index.php\/wp-json\/wp\/v2\/media\/14274"}],"wp:attachment":[{"href":"https:\/\/algarve7.pt\/index.php\/wp-json\/wp\/v2\/media?parent=14273"}],"wp:term":[{"taxonomy":"category","embeddable":true,"href":"https:\/\/algarve7.pt\/index.php\/wp-json\/wp\/v2\/categories?post=14273"},{"taxonomy":"post_tag","embeddable":true,"href":"https:\/\/algarve7.pt\/index.php\/wp-json\/wp\/v2\/tags?post=14273"}],"curies":[{"name":"wp","href":"https:\/\/api.w.org\/{rel}","templated":true}]}}