{"id":14254,"date":"2021-12-27T10:22:56","date_gmt":"2021-12-27T10:22:56","guid":{"rendered":"https:\/\/algarve7.pt\/?p=14254"},"modified":"2021-12-27T10:23:00","modified_gmt":"2021-12-27T10:23:00","slug":"lagos-com-forte-aposta-na-cultura-no-inicio-de-2022","status":"publish","type":"post","link":"https:\/\/algarve7.pt\/index.php\/2021\/12\/lagos-com-forte-aposta-na-cultura-no-inicio-de-2022\/cultura\/10\/22\/","title":{"rendered":"Lagos com forte aposta na cultura no in\u00edcio de 2022"},"content":{"rendered":"\n<p>Apesar das incertezas decorrentes do per\u00edodo de pandemia, o munic\u00edpio de Lagos continuar\u00e1 a apostar numa programa\u00e7\u00e3o cultural de qualidade e diversificada para refor\u00e7ar a ideia de que a cultura \u00e9 segura e recomenda-se. No primeiro trimestre de 2022, pelo Centro Cultural de Lagos passar\u00e3o nomes como Salvador Sobral, Ant\u00f3nio Calv\u00e1rio, Natalina Jos\u00e9, Eunice e L\u00eddia Mu\u00f1oz, Capit\u00e3o Fausto e Joaquim Monchique, enquanto na Biblioteca Municipal Dr. J\u00falio Dantas marcar\u00e3o presen\u00e7a personalidades como Danuta Wojciechowska, Pedro Andresson, Rita Ferro, In\u00eas Pedrosa, Patr\u00edcia Reis, Fernanda Almeida, Adriana Queiroz, Felipe Caneca e Luanda Cozetti<strong>.<\/strong><\/p>\n\n\n\n<p>Em 2022, o Centro Cultural de Lagos celebra trinta anos e, como tal, a programa\u00e7\u00e3o que est\u00e1 a ser preparada para o pr\u00f3ximo ano ser\u00e1 muito especial. Para j\u00e1, o primeiro trimestre apresenta emocionantes espet\u00e1culos de teatro, m\u00fasica e dan\u00e7a. Em janeiro, destacam-se os espet\u00e1culos \u201cContrastes e Afinidades\u201d da Orquestra Cl\u00e1ssica do Sul (dia 27) e \u201cbpm\u201d de Salvador Sobral (dia 28), integrados nas celebra\u00e7\u00f5es do 449.\u00ba anivers\u00e1rio da Eleva\u00e7\u00e3o de Lagos a Cidade. Fevereiro ser\u00e1 dedicado ao teatro, com a revista \u00e0 portuguesa \u201cVolt\u2019a Portugal em Revista\u201d (dia 5), com Ant\u00f3nio Calv\u00e1rio e Natalina Jos\u00e9 \u00e0 frente de um elenco de luxo, e a pe\u00e7a \u201cPerfeitos Desconhecidos\u201d (dia 12), grande sucesso de palco de Paolo Genovese cujo elenco conta com Ana Guiomar, Cl\u00e1udia Semedo, Filipe Vargas, Jorge Mourato, Martinho Silva, Samuel Alves e&nbsp;Rita&nbsp;Brutt. Mar\u00e7o come\u00e7ar\u00e1 em for\u00e7a com a t\u00e3o esperada pe\u00e7a \u201cA Margem do Tempo\u201d, com Eunice e L\u00eddia Mu\u00f1oz (dia 2), e o espet\u00e1culo dos Capit\u00e3o Fausto, da&nbsp;<em>tour<\/em>&nbsp;\u201cCom Licen\u00e7a 2022\u201d. Comp\u00f5em ainda a programa\u00e7\u00e3o de mar\u00e7o \u201cA Noite da Dona Luciana\u201d&nbsp;(dia 12),&nbsp;uma com\u00e9dia irreverente e absurda ao estilo de Copi do Teatro do El\u00e9ctrico, e a hilariante pe\u00e7a \u201cParanormal 2021\u201d, de Miguel Falabella, com o irreverente Joaquim Monchique a desempenhar dezasseis personagens diferentes.<\/p>\n\n\n\n<p>Refor\u00e7ando o apoio do munic\u00edpio a associa\u00e7\u00f5es locais, este equipamento cultural acolher\u00e1 tamb\u00e9m a pe\u00e7a \u201cDiferente-Mente\u201d, da Quest\u00e3o Repetida (15 de janeiro), e o espet\u00e1culo \u201cV\u00c4RA\u201d pela cama a.c. (22 de janeiro).<\/p>\n\n\n\n<p>A arte tamb\u00e9m ter\u00e1 um lugar muito especial no in\u00edcio de 2022 no Centro Cultural de Lagos, com a inaugura\u00e7\u00e3o da exposi\u00e7\u00e3o \u201cLocalARTE \u2013 Projeto de Arte Contempor\u00e2nea de Artistas de Lagos\u201d, iniciativa de promo\u00e7\u00e3o dos trabalhos da comunidade art\u00edstica local (patente entre 29 de janeiro e 19 de mar\u00e7o) e a exposi\u00e7\u00e3o coletiva \u201cContested Desires\u201d, pelo LAC \u2013 Laborat\u00f3rio de Actividades Criativas (patente entre 1 e 26 de fevereiro).<\/p>\n\n\n\n<p>Habituada a dinamizar diversas atividades para toda a fam\u00edlia, a Biblioteca Municipal de Lagos ter\u00e1 tamb\u00e9m um primeiro trimestre em grande, com apresenta\u00e7\u00f5es de livros,&nbsp;<em>workshops<\/em>, debates, sess\u00f5es de leitura, entre outras iniciativas. Na sua vasta programa\u00e7\u00e3o, destacam-se \u201cUma Biblioteca Ilustrada\u201d, com a reconhecida ilustradora Danuta Wojciechowska (12 de fevereiro), \u201cBiblioteca de Mulheres\u201d, com as aclamadas escritoras Rita Ferro, In\u00eas Pedrosa e Patr\u00edcia Reis e a jornalista Fernanda Almeida (5 de mar\u00e7o), \u201cMulheres do Sul, Palavras e Can\u00e7\u00f5es\u201d, com os artistas Adriana Queiroz, Felipe Caneca e Luanda Cozetti (10 de mar\u00e7o) e o&nbsp;<em>workshop&nbsp;<\/em>\u201cAumente-se a si mesmo\u201d, com o jornalista da SIC Pedro Andersson, autor da rubrica \u201cContas Poupan\u00e7a\u201d (18 de mar\u00e7o).<\/p>\n\n\n\n<p>Entre em 2022 com o melhor da cultura no seu munic\u00edpio de Lagos!<\/p>\n","protected":false},"excerpt":{"rendered":"<p>Apesar das incertezas decorrentes do per\u00edodo de pandemia, o munic\u00edpio de Lagos continuar\u00e1 a apostar numa programa\u00e7\u00e3o cultural de qualidade<\/p>\n","protected":false},"author":1,"featured_media":14255,"comment_status":"open","ping_status":"open","sticky":false,"template":"","format":"standard","meta":{"colormag_page_container_layout":"default_layout","colormag_page_sidebar_layout":"default_layout","_monsterinsights_skip_tracking":false,"_monsterinsights_sitenote_active":false,"_monsterinsights_sitenote_note":"","_monsterinsights_sitenote_category":0,"jetpack_post_was_ever_published":false,"_jetpack_newsletter_access":"","_jetpack_dont_email_post_to_subs":false,"_jetpack_newsletter_tier_id":0,"_jetpack_memberships_contains_paywalled_content":false,"_jetpack_memberships_contains_paid_content":false,"footnotes":"","jetpack_publicize_message":"","jetpack_publicize_feature_enabled":true,"jetpack_social_post_already_shared":true,"jetpack_social_options":{"image_generator_settings":{"template":"highway","default_image_id":0,"font":"","enabled":false},"version":2}},"categories":[14],"tags":[36,35,68],"class_list":["post-14254","post","type-post","status-publish","format-standard","has-post-thumbnail","hentry","category-cultura","tag-algarve","tag-cultura","tag-lagos"],"yoast_head":"<!-- This site is optimized with the Yoast SEO plugin v27.5 - https:\/\/yoast.com\/product\/yoast-seo-wordpress\/ -->\n<title>Lagos com forte aposta na cultura no in\u00edcio de 2022 - Algarve 7<\/title>\n<meta name=\"description\" content=\"Lagos com forte aposta na cultura no in\u00edcio de 2022 Cultura\" \/>\n<meta name=\"robots\" content=\"index, follow, max-snippet:-1, max-image-preview:large, max-video-preview:-1\" \/>\n<link rel=\"canonical\" href=\"https:\/\/algarve7.pt\/index.php\/2021\/12\/lagos-com-forte-aposta-na-cultura-no-inicio-de-2022\/cultura\/10\/22\/\" \/>\n<meta property=\"og:locale\" content=\"pt_PT\" \/>\n<meta property=\"og:type\" content=\"article\" \/>\n<meta property=\"og:title\" content=\"Lagos com forte aposta na cultura no in\u00edcio de 2022 - Algarve 7\" \/>\n<meta property=\"og:description\" content=\"Lagos com forte aposta na cultura no in\u00edcio de 2022 Cultura\" \/>\n<meta property=\"og:url\" content=\"https:\/\/algarve7.pt\/index.php\/2021\/12\/lagos-com-forte-aposta-na-cultura-no-inicio-de-2022\/cultura\/10\/22\/\" \/>\n<meta property=\"og:site_name\" content=\"Algarve 7\" \/>\n<meta property=\"article:publisher\" content=\"https:\/\/www.facebook.com\/algarve7\" \/>\n<meta property=\"article:author\" content=\"https:\/\/www.facebook.com\/algarve7\" \/>\n<meta property=\"article:published_time\" content=\"2021-12-27T10:22:56+00:00\" \/>\n<meta property=\"article:modified_time\" content=\"2021-12-27T10:23:00+00:00\" \/>\n<meta property=\"og:image\" content=\"https:\/\/algarve7.pt\/wp-content\/uploads\/2021\/12\/Volta-portugal-em-Revista.jpg\" \/>\n\t<meta property=\"og:image:width\" content=\"1200\" \/>\n\t<meta property=\"og:image:height\" content=\"800\" \/>\n\t<meta property=\"og:image:type\" content=\"image\/jpeg\" \/>\n<meta name=\"author\" content=\"Algarve 7\" \/>\n<meta name=\"twitter:card\" content=\"summary_large_image\" \/>\n<meta name=\"twitter:creator\" content=\"@Algarvesete\" \/>\n<meta name=\"twitter:site\" content=\"@Algarvesete\" \/>\n<meta name=\"twitter:label1\" content=\"Escrito por\" \/>\n\t<meta name=\"twitter:data1\" content=\"Algarve 7\" \/>\n\t<meta name=\"twitter:label2\" content=\"Tempo estimado de leitura\" \/>\n\t<meta name=\"twitter:data2\" content=\"3 minutos\" \/>\n<script type=\"application\/ld+json\" class=\"yoast-schema-graph\">{\"@context\":\"https:\\\/\\\/schema.org\",\"@graph\":[{\"@type\":\"Article\",\"@id\":\"https:\\\/\\\/algarve7.pt\\\/index.php\\\/2021\\\/12\\\/lagos-com-forte-aposta-na-cultura-no-inicio-de-2022\\\/cultura\\\/10\\\/22\\\/#article\",\"isPartOf\":{\"@id\":\"https:\\\/\\\/algarve7.pt\\\/index.php\\\/2021\\\/12\\\/lagos-com-forte-aposta-na-cultura-no-inicio-de-2022\\\/cultura\\\/10\\\/22\\\/\"},\"author\":{\"name\":\"Algarve 7\",\"@id\":\"https:\\\/\\\/algarve7.pt\\\/#\\\/schema\\\/person\\\/23fa70681308e7b319a3204bcea45e0c\"},\"headline\":\"Lagos com forte aposta na cultura no in\u00edcio de 2022\",\"datePublished\":\"2021-12-27T10:22:56+00:00\",\"dateModified\":\"2021-12-27T10:23:00+00:00\",\"mainEntityOfPage\":{\"@id\":\"https:\\\/\\\/algarve7.pt\\\/index.php\\\/2021\\\/12\\\/lagos-com-forte-aposta-na-cultura-no-inicio-de-2022\\\/cultura\\\/10\\\/22\\\/\"},\"wordCount\":601,\"commentCount\":0,\"publisher\":{\"@id\":\"https:\\\/\\\/algarve7.pt\\\/#organization\"},\"image\":{\"@id\":\"https:\\\/\\\/algarve7.pt\\\/index.php\\\/2021\\\/12\\\/lagos-com-forte-aposta-na-cultura-no-inicio-de-2022\\\/cultura\\\/10\\\/22\\\/#primaryimage\"},\"thumbnailUrl\":\"https:\\\/\\\/algarve7.pt\\\/wp-content\\\/uploads\\\/2021\\\/12\\\/Volta-portugal-em-Revista.jpg\",\"keywords\":[\"Algarve\",\"Cultura\",\"Lagos\"],\"articleSection\":[\"Cultura\"],\"inLanguage\":\"pt-PT\",\"potentialAction\":[{\"@type\":\"CommentAction\",\"name\":\"Comment\",\"target\":[\"https:\\\/\\\/algarve7.pt\\\/index.php\\\/2021\\\/12\\\/lagos-com-forte-aposta-na-cultura-no-inicio-de-2022\\\/cultura\\\/10\\\/22\\\/#respond\"]}]},{\"@type\":\"WebPage\",\"@id\":\"https:\\\/\\\/algarve7.pt\\\/index.php\\\/2021\\\/12\\\/lagos-com-forte-aposta-na-cultura-no-inicio-de-2022\\\/cultura\\\/10\\\/22\\\/\",\"url\":\"https:\\\/\\\/algarve7.pt\\\/index.php\\\/2021\\\/12\\\/lagos-com-forte-aposta-na-cultura-no-inicio-de-2022\\\/cultura\\\/10\\\/22\\\/\",\"name\":\"Lagos com forte aposta na cultura no in\u00edcio de 2022 - Algarve 7\",\"isPartOf\":{\"@id\":\"https:\\\/\\\/algarve7.pt\\\/#website\"},\"primaryImageOfPage\":{\"@id\":\"https:\\\/\\\/algarve7.pt\\\/index.php\\\/2021\\\/12\\\/lagos-com-forte-aposta-na-cultura-no-inicio-de-2022\\\/cultura\\\/10\\\/22\\\/#primaryimage\"},\"image\":{\"@id\":\"https:\\\/\\\/algarve7.pt\\\/index.php\\\/2021\\\/12\\\/lagos-com-forte-aposta-na-cultura-no-inicio-de-2022\\\/cultura\\\/10\\\/22\\\/#primaryimage\"},\"thumbnailUrl\":\"https:\\\/\\\/algarve7.pt\\\/wp-content\\\/uploads\\\/2021\\\/12\\\/Volta-portugal-em-Revista.jpg\",\"datePublished\":\"2021-12-27T10:22:56+00:00\",\"dateModified\":\"2021-12-27T10:23:00+00:00\",\"description\":\"Lagos com forte aposta na cultura no in\u00edcio de 2022 Cultura\",\"breadcrumb\":{\"@id\":\"https:\\\/\\\/algarve7.pt\\\/index.php\\\/2021\\\/12\\\/lagos-com-forte-aposta-na-cultura-no-inicio-de-2022\\\/cultura\\\/10\\\/22\\\/#breadcrumb\"},\"inLanguage\":\"pt-PT\",\"potentialAction\":[{\"@type\":\"ReadAction\",\"target\":[\"https:\\\/\\\/algarve7.pt\\\/index.php\\\/2021\\\/12\\\/lagos-com-forte-aposta-na-cultura-no-inicio-de-2022\\\/cultura\\\/10\\\/22\\\/\"]}]},{\"@type\":\"ImageObject\",\"inLanguage\":\"pt-PT\",\"@id\":\"https:\\\/\\\/algarve7.pt\\\/index.php\\\/2021\\\/12\\\/lagos-com-forte-aposta-na-cultura-no-inicio-de-2022\\\/cultura\\\/10\\\/22\\\/#primaryimage\",\"url\":\"https:\\\/\\\/algarve7.pt\\\/wp-content\\\/uploads\\\/2021\\\/12\\\/Volta-portugal-em-Revista.jpg\",\"contentUrl\":\"https:\\\/\\\/algarve7.pt\\\/wp-content\\\/uploads\\\/2021\\\/12\\\/Volta-portugal-em-Revista.jpg\",\"width\":1200,\"height\":800},{\"@type\":\"BreadcrumbList\",\"@id\":\"https:\\\/\\\/algarve7.pt\\\/index.php\\\/2021\\\/12\\\/lagos-com-forte-aposta-na-cultura-no-inicio-de-2022\\\/cultura\\\/10\\\/22\\\/#breadcrumb\",\"itemListElement\":[{\"@type\":\"ListItem\",\"position\":1,\"name\":\"In\u00edcio\",\"item\":\"https:\\\/\\\/algarve7.pt\\\/\"},{\"@type\":\"ListItem\",\"position\":2,\"name\":\"Lagos com forte aposta na cultura no in\u00edcio de 2022\"}]},{\"@type\":\"WebSite\",\"@id\":\"https:\\\/\\\/algarve7.pt\\\/#website\",\"url\":\"https:\\\/\\\/algarve7.pt\\\/\",\"name\":\"Algarve 7\",\"description\":\"Informa\u00e7\u00e3o sobre o Algarve\",\"publisher\":{\"@id\":\"https:\\\/\\\/algarve7.pt\\\/#organization\"},\"potentialAction\":[{\"@type\":\"SearchAction\",\"target\":{\"@type\":\"EntryPoint\",\"urlTemplate\":\"https:\\\/\\\/algarve7.pt\\\/?s={search_term_string}\"},\"query-input\":{\"@type\":\"PropertyValueSpecification\",\"valueRequired\":true,\"valueName\":\"search_term_string\"}}],\"inLanguage\":\"pt-PT\"},{\"@type\":\"Organization\",\"@id\":\"https:\\\/\\\/algarve7.pt\\\/#organization\",\"name\":\"Algarve 7\",\"url\":\"https:\\\/\\\/algarve7.pt\\\/\",\"logo\":{\"@type\":\"ImageObject\",\"inLanguage\":\"pt-PT\",\"@id\":\"https:\\\/\\\/algarve7.pt\\\/#\\\/schema\\\/logo\\\/image\\\/\",\"url\":\"https:\\\/\\\/algarve7.pt\\\/wp-content\\\/uploads\\\/2020\\\/10\\\/Logo-8.jpg\",\"contentUrl\":\"https:\\\/\\\/algarve7.pt\\\/wp-content\\\/uploads\\\/2020\\\/10\\\/Logo-8.jpg\",\"width\":1680,\"height\":1186,\"caption\":\"Algarve 7\"},\"image\":{\"@id\":\"https:\\\/\\\/algarve7.pt\\\/#\\\/schema\\\/logo\\\/image\\\/\"},\"sameAs\":[\"https:\\\/\\\/www.facebook.com\\\/algarve7\",\"https:\\\/\\\/x.com\\\/Algarvesete\",\"https:\\\/\\\/www.instagram.com\\\/jornalalgarve7\\\/\",\"https:\\\/\\\/www.linkedin.com\\\/company\\\/algarve7\",\"https:\\\/\\\/www.pinterest.pt\\\/geral0939\\\/_created\\\/\"]},{\"@type\":\"Person\",\"@id\":\"https:\\\/\\\/algarve7.pt\\\/#\\\/schema\\\/person\\\/23fa70681308e7b319a3204bcea45e0c\",\"name\":\"Algarve 7\",\"sameAs\":[\"https:\\\/\\\/algarve7.pt\",\"https:\\\/\\\/www.facebook.com\\\/algarve7\"],\"url\":\"https:\\\/\\\/algarve7.pt\\\/index.php\\\/author\\\/geralalgarve7-pt\\\/\"}]}<\/script>\n<!-- \/ Yoast SEO plugin. -->","yoast_head_json":{"title":"Lagos com forte aposta na cultura no in\u00edcio de 2022 - Algarve 7","description":"Lagos com forte aposta na cultura no in\u00edcio de 2022 Cultura","robots":{"index":"index","follow":"follow","max-snippet":"max-snippet:-1","max-image-preview":"max-image-preview:large","max-video-preview":"max-video-preview:-1"},"canonical":"https:\/\/algarve7.pt\/index.php\/2021\/12\/lagos-com-forte-aposta-na-cultura-no-inicio-de-2022\/cultura\/10\/22\/","og_locale":"pt_PT","og_type":"article","og_title":"Lagos com forte aposta na cultura no in\u00edcio de 2022 - Algarve 7","og_description":"Lagos com forte aposta na cultura no in\u00edcio de 2022 Cultura","og_url":"https:\/\/algarve7.pt\/index.php\/2021\/12\/lagos-com-forte-aposta-na-cultura-no-inicio-de-2022\/cultura\/10\/22\/","og_site_name":"Algarve 7","article_publisher":"https:\/\/www.facebook.com\/algarve7","article_author":"https:\/\/www.facebook.com\/algarve7","article_published_time":"2021-12-27T10:22:56+00:00","article_modified_time":"2021-12-27T10:23:00+00:00","og_image":[{"width":1200,"height":800,"url":"https:\/\/algarve7.pt\/wp-content\/uploads\/2021\/12\/Volta-portugal-em-Revista.jpg","type":"image\/jpeg"}],"author":"Algarve 7","twitter_card":"summary_large_image","twitter_creator":"@Algarvesete","twitter_site":"@Algarvesete","twitter_misc":{"Escrito por":"Algarve 7","Tempo estimado de leitura":"3 minutos"},"schema":{"@context":"https:\/\/schema.org","@graph":[{"@type":"Article","@id":"https:\/\/algarve7.pt\/index.php\/2021\/12\/lagos-com-forte-aposta-na-cultura-no-inicio-de-2022\/cultura\/10\/22\/#article","isPartOf":{"@id":"https:\/\/algarve7.pt\/index.php\/2021\/12\/lagos-com-forte-aposta-na-cultura-no-inicio-de-2022\/cultura\/10\/22\/"},"author":{"name":"Algarve 7","@id":"https:\/\/algarve7.pt\/#\/schema\/person\/23fa70681308e7b319a3204bcea45e0c"},"headline":"Lagos com forte aposta na cultura no in\u00edcio de 2022","datePublished":"2021-12-27T10:22:56+00:00","dateModified":"2021-12-27T10:23:00+00:00","mainEntityOfPage":{"@id":"https:\/\/algarve7.pt\/index.php\/2021\/12\/lagos-com-forte-aposta-na-cultura-no-inicio-de-2022\/cultura\/10\/22\/"},"wordCount":601,"commentCount":0,"publisher":{"@id":"https:\/\/algarve7.pt\/#organization"},"image":{"@id":"https:\/\/algarve7.pt\/index.php\/2021\/12\/lagos-com-forte-aposta-na-cultura-no-inicio-de-2022\/cultura\/10\/22\/#primaryimage"},"thumbnailUrl":"https:\/\/algarve7.pt\/wp-content\/uploads\/2021\/12\/Volta-portugal-em-Revista.jpg","keywords":["Algarve","Cultura","Lagos"],"articleSection":["Cultura"],"inLanguage":"pt-PT","potentialAction":[{"@type":"CommentAction","name":"Comment","target":["https:\/\/algarve7.pt\/index.php\/2021\/12\/lagos-com-forte-aposta-na-cultura-no-inicio-de-2022\/cultura\/10\/22\/#respond"]}]},{"@type":"WebPage","@id":"https:\/\/algarve7.pt\/index.php\/2021\/12\/lagos-com-forte-aposta-na-cultura-no-inicio-de-2022\/cultura\/10\/22\/","url":"https:\/\/algarve7.pt\/index.php\/2021\/12\/lagos-com-forte-aposta-na-cultura-no-inicio-de-2022\/cultura\/10\/22\/","name":"Lagos com forte aposta na cultura no in\u00edcio de 2022 - Algarve 7","isPartOf":{"@id":"https:\/\/algarve7.pt\/#website"},"primaryImageOfPage":{"@id":"https:\/\/algarve7.pt\/index.php\/2021\/12\/lagos-com-forte-aposta-na-cultura-no-inicio-de-2022\/cultura\/10\/22\/#primaryimage"},"image":{"@id":"https:\/\/algarve7.pt\/index.php\/2021\/12\/lagos-com-forte-aposta-na-cultura-no-inicio-de-2022\/cultura\/10\/22\/#primaryimage"},"thumbnailUrl":"https:\/\/algarve7.pt\/wp-content\/uploads\/2021\/12\/Volta-portugal-em-Revista.jpg","datePublished":"2021-12-27T10:22:56+00:00","dateModified":"2021-12-27T10:23:00+00:00","description":"Lagos com forte aposta na cultura no in\u00edcio de 2022 Cultura","breadcrumb":{"@id":"https:\/\/algarve7.pt\/index.php\/2021\/12\/lagos-com-forte-aposta-na-cultura-no-inicio-de-2022\/cultura\/10\/22\/#breadcrumb"},"inLanguage":"pt-PT","potentialAction":[{"@type":"ReadAction","target":["https:\/\/algarve7.pt\/index.php\/2021\/12\/lagos-com-forte-aposta-na-cultura-no-inicio-de-2022\/cultura\/10\/22\/"]}]},{"@type":"ImageObject","inLanguage":"pt-PT","@id":"https:\/\/algarve7.pt\/index.php\/2021\/12\/lagos-com-forte-aposta-na-cultura-no-inicio-de-2022\/cultura\/10\/22\/#primaryimage","url":"https:\/\/algarve7.pt\/wp-content\/uploads\/2021\/12\/Volta-portugal-em-Revista.jpg","contentUrl":"https:\/\/algarve7.pt\/wp-content\/uploads\/2021\/12\/Volta-portugal-em-Revista.jpg","width":1200,"height":800},{"@type":"BreadcrumbList","@id":"https:\/\/algarve7.pt\/index.php\/2021\/12\/lagos-com-forte-aposta-na-cultura-no-inicio-de-2022\/cultura\/10\/22\/#breadcrumb","itemListElement":[{"@type":"ListItem","position":1,"name":"In\u00edcio","item":"https:\/\/algarve7.pt\/"},{"@type":"ListItem","position":2,"name":"Lagos com forte aposta na cultura no in\u00edcio de 2022"}]},{"@type":"WebSite","@id":"https:\/\/algarve7.pt\/#website","url":"https:\/\/algarve7.pt\/","name":"Algarve 7","description":"Informa\u00e7\u00e3o sobre o Algarve","publisher":{"@id":"https:\/\/algarve7.pt\/#organization"},"potentialAction":[{"@type":"SearchAction","target":{"@type":"EntryPoint","urlTemplate":"https:\/\/algarve7.pt\/?s={search_term_string}"},"query-input":{"@type":"PropertyValueSpecification","valueRequired":true,"valueName":"search_term_string"}}],"inLanguage":"pt-PT"},{"@type":"Organization","@id":"https:\/\/algarve7.pt\/#organization","name":"Algarve 7","url":"https:\/\/algarve7.pt\/","logo":{"@type":"ImageObject","inLanguage":"pt-PT","@id":"https:\/\/algarve7.pt\/#\/schema\/logo\/image\/","url":"https:\/\/algarve7.pt\/wp-content\/uploads\/2020\/10\/Logo-8.jpg","contentUrl":"https:\/\/algarve7.pt\/wp-content\/uploads\/2020\/10\/Logo-8.jpg","width":1680,"height":1186,"caption":"Algarve 7"},"image":{"@id":"https:\/\/algarve7.pt\/#\/schema\/logo\/image\/"},"sameAs":["https:\/\/www.facebook.com\/algarve7","https:\/\/x.com\/Algarvesete","https:\/\/www.instagram.com\/jornalalgarve7\/","https:\/\/www.linkedin.com\/company\/algarve7","https:\/\/www.pinterest.pt\/geral0939\/_created\/"]},{"@type":"Person","@id":"https:\/\/algarve7.pt\/#\/schema\/person\/23fa70681308e7b319a3204bcea45e0c","name":"Algarve 7","sameAs":["https:\/\/algarve7.pt","https:\/\/www.facebook.com\/algarve7"],"url":"https:\/\/algarve7.pt\/index.php\/author\/geralalgarve7-pt\/"}]}},"jetpack_publicize_connections":[],"jetpack_featured_media_url":"https:\/\/algarve7.pt\/wp-content\/uploads\/2021\/12\/Volta-portugal-em-Revista.jpg","jetpack_shortlink":"https:\/\/wp.me\/pcezmW-3HU","jetpack_sharing_enabled":true,"_links":{"self":[{"href":"https:\/\/algarve7.pt\/index.php\/wp-json\/wp\/v2\/posts\/14254","targetHints":{"allow":["GET"]}}],"collection":[{"href":"https:\/\/algarve7.pt\/index.php\/wp-json\/wp\/v2\/posts"}],"about":[{"href":"https:\/\/algarve7.pt\/index.php\/wp-json\/wp\/v2\/types\/post"}],"author":[{"embeddable":true,"href":"https:\/\/algarve7.pt\/index.php\/wp-json\/wp\/v2\/users\/1"}],"replies":[{"embeddable":true,"href":"https:\/\/algarve7.pt\/index.php\/wp-json\/wp\/v2\/comments?post=14254"}],"version-history":[{"count":0,"href":"https:\/\/algarve7.pt\/index.php\/wp-json\/wp\/v2\/posts\/14254\/revisions"}],"wp:featuredmedia":[{"embeddable":true,"href":"https:\/\/algarve7.pt\/index.php\/wp-json\/wp\/v2\/media\/14255"}],"wp:attachment":[{"href":"https:\/\/algarve7.pt\/index.php\/wp-json\/wp\/v2\/media?parent=14254"}],"wp:term":[{"taxonomy":"category","embeddable":true,"href":"https:\/\/algarve7.pt\/index.php\/wp-json\/wp\/v2\/categories?post=14254"},{"taxonomy":"post_tag","embeddable":true,"href":"https:\/\/algarve7.pt\/index.php\/wp-json\/wp\/v2\/tags?post=14254"}],"curies":[{"name":"wp","href":"https:\/\/api.w.org\/{rel}","templated":true}]}}