{"id":14251,"date":"2021-12-27T08:34:05","date_gmt":"2021-12-27T08:34:05","guid":{"rendered":"https:\/\/algarve7.pt\/?p=14251"},"modified":"2021-12-27T08:34:09","modified_gmt":"2021-12-27T08:34:09","slug":"zero-apresenta-o-balanco-de-2021-e-os-principais-desafios-para-2022","status":"publish","type":"post","link":"https:\/\/algarve7.pt\/index.php\/2021\/12\/zero-apresenta-o-balanco-de-2021-e-os-principais-desafios-para-2022\/ambiente\/08\/34\/","title":{"rendered":"ZERO apresenta o balan\u00e7o de 2021 e os principais desafios para 2022"},"content":{"rendered":"\n<p>Num ano que termina com a perspetiva de elei\u00e7\u00f5es legislativas em breve, a ZERO identificou os seis factos mais positivos, bem como os seis factos mais negativos de 2021. S\u00e3o ainda apresentados seis desafios para 2022, que se espera que venham a ser trabalhados pela Assembleia da Rep\u00fablica e pelo futuro Governo, com o objetivo de conduzir Portugal \u00e0 sustentabilidade.<\/p>\n\n\n\n<figure class=\"wp-block-table\"><table><tbody><tr><td>Os seis factos mais positivos e os seis mais negativos que marcaram o Ambiente em 2021.<br><br>ZERO identificou os seis factos mais positivos, bem como os seis factos mais negativos de 2021. S\u00e3o ainda apresentados seis desafios para 2022, que se espera que venham a ser trabalhados pela Assembleia da Rep\u00fablica e pelo futuro Governo, com o objetivo de conduzir Portugal \u00e0 sustentabilidade.<br><br><strong>\u00a0Os seis factos mais positivos em 2021<\/strong>\u00a0<br>1.\u00a0\u00a0\u00a0\u00a0\u00a0<strong>Aprova\u00e7\u00e3o<\/strong>\u00a0pela Assembleia da Rep\u00fablica e promulga\u00e7\u00e3o pelo Presidente da Rep\u00fablica da\u00a0<strong>Lei de Bases do Clima<\/strong>.<br>2.\u00a0\u00a0\u00a0\u00a0\u00a0<strong>Encerramento<\/strong>\u00a0definitivo\u00a0<strong>das duas centrais a carv\u00e3o<\/strong>\u00a0\u2013 Sines e Pego.<br>3.\u00a0\u00a0\u00a0\u00a0\u00a0Entrada em vigor do\u00a0<strong>direito dos cidad\u00e3os a levarem os seus recipientes e embalagens quando v\u00e3o a um pronto a comer\/<em>take away<\/em><\/strong>\u00a0ou quando v\u00e3o comprar carne, peixe, p\u00e3o, produtos de charcutaria, etc. (desde julho deste ano).<br>4.\u00a0\u00a0\u00a0\u00a0\u00a0<strong>Cria\u00e7\u00e3o da Reserva Natural da Lagoa dos Salgados<\/strong>, uma reivindica\u00e7\u00e3o de muitos anos de v\u00e1rias organiza\u00e7\u00f5es ambientalistas, o que mostra que o poder pol\u00edtico quando se empenha consegue contrariar movimenta\u00e7\u00f5es incompat\u00edveis com a salvaguarda do interesse p\u00fablico.<br>5.\u00a0\u00a0\u00a0\u00a0\u00a0Finalmente e ap\u00f3s 6 anos, foi\u00a0<strong>regulamentada a chamada lei das minas<\/strong>\u00a0(Lei n.\u00ba 54\/2015, de 22 de junho) colocando fim \u00e0 aplica\u00e7\u00e3o de uma legisla\u00e7\u00e3o obsoleta com 30 anos.<br>6.\u00a0\u00a0\u00a0\u00a0\u00a0Aprova\u00e7\u00e3o da\u00a0<strong>extens\u00e3o do per\u00edodo das garantias de produtos para 3 anos<\/strong>\u00a0(entrada em vigor a partir de 1 de janeiro de 2022), o que pode ser um est\u00edmulo \u00e0 promo\u00e7\u00e3o da sua durabilidade.\u00a0\u00a0<br><br><strong>Os seis factos mais negativos em 2021<\/strong><br>1.\u00a0\u00a0\u00a0\u00a0\u00a0<strong>Plano de Recupera\u00e7\u00e3o e Resili\u00eancia com investimentos com impacte ambiental e clim\u00e1tico negativo<\/strong>,\u00a0designadamente com mais aposta na rodovia e na constru\u00e7\u00e3o de uma barragem desnecess\u00e1ria (aproveitamento de fins m\u00faltiplos do Pis\u00e3o-Crato). Tamb\u00e9m a aposta na promo\u00e7\u00e3o de uma floresta mais diversificada e resiliente ficou-se pelo subfinanciamento e por medidas de efic\u00e1cia quase nula como a o refor\u00e7o da rede prim\u00e1ria de gest\u00e3o de combust\u00edveis.<br>2.\u00a0\u00a0\u00a0\u00a0\u00a0O\u00a0<strong>Plano Estrat\u00e9gico da Pol\u00edtica Agr\u00edcola Comum para Portugal<\/strong>\u00a0tem muito pouco de estrat\u00e9gico: n\u00e3o cumpre os objetivos da Estrat\u00e9gia Europeia do \u201cPrado ao Prato\u201d e\u00a0<strong>tem mais de mil milh\u00f5es de euros que poder\u00e3o vir a subsidiar maus investimentos ou gerar efeitos lesivos<\/strong>\u00a0para a sociedade, para a natureza e para o clima.<br>3.\u00a0\u00a0\u00a0\u00a0\u00a0<strong>Falha do Governo<\/strong>\u00a0<strong>na aprova\u00e7\u00e3o<\/strong>\u00a0e implementa\u00e7\u00e3o de v\u00e1rias estrat\u00e9gias de \u00e2mbito nacional prometidas; entre elas, a\u00a0<strong>Estrat\u00e9gia Nacional de Combate \u00e0 Pobreza Energ\u00e9tica e a Estrat\u00e9gia Nacional para o Ru\u00eddo<\/strong>.\u00a0\u00a0<br>4.\u00a0\u00a0\u00a0\u00a0\u00a0<strong>Incapacidade demonstrada pelo Governo de implementar o Sistema de Dep\u00f3sito com Retorno para embalagens descart\u00e1veis<\/strong>, que foi aprovado em 2018 pela Assembleia da Rep\u00fablica e que deveria entrar em funcionamento em janeiro de 2022, mas do qual ainda nem se sabe como ir\u00e1 ser estruturado. Qual o resultado? Portugal vai continuar a desperdi\u00e7ar 4 milh\u00f5es de embalagens por dia durante, pelo menos, mais um ano.\u00a0<br>5.\u00a0\u00a0\u00a0\u00a0\u00a0A\u00a0<strong>pol\u00edtica de promo\u00e7\u00e3o da instala\u00e7\u00e3o de mega-parques solares<\/strong>\u00a0<strong>numa avalia\u00e7\u00e3o caso a caso<\/strong>, com impactes negativos significativos sobre as popula\u00e7\u00f5es e os valores naturais, denotando a falta de uma estrat\u00e9gia nacional capaz de responder \u00e0 necessidade de muito mais energia solar assegurando crit\u00e9rios de sustentabilidade. Atraso do Governo na transposi\u00e7\u00e3o da Diretiva das Energias Renov\u00e1veis para a legisla\u00e7\u00e3o nacional, que deveria ter acontecido at\u00e9 30 de junho de 2021, para entrar em vigor em janeiro 2022.<br>6.\u00a0\u00a0\u00a0\u00a0\u00a0A\u00a0<strong>manuten\u00e7\u00e3o do subs\u00eddio perverso \u00e0 incinera\u00e7\u00e3o de res\u00edduos urbanos<\/strong>\u00a0atrav\u00e9s do Fundo Ambiental, desvirtuando completamente os seus objetivos.\u00a0\u00a0<br><br><strong>Seis desafios para 2022<\/strong><br>1.\u00a0\u00a0\u00a0\u00a0\u00a0Que a\u00a0<strong>Assembleia da Rep\u00fablica e o futuro Governo assumam para Portugal o des\u00edgnio de promover uma Economia do Bem-Estar<\/strong>, assente numa vis\u00e3o onde a economia est\u00e1 ao servi\u00e7o do bem-estar humano e em respeito pelos limites do planeta.<br>2.\u00a0\u00a0\u00a0\u00a0\u00a0Que o\/a\u00a0<strong>novo\/a titular da pasta do Ambiente e A\u00e7\u00e3o Clim\u00e1tica<\/strong>\u00a0tenha a\u00a0<strong>capacidade e a coragem para integrar o ambiente como quest\u00e3o transversal nas restantes \u00e1reas pol\u00edticas<\/strong>, no sentido de conduzir Portugal a um rumo de sustentabilidade. Incutir maior transpar\u00eancia na gest\u00e3o do Fundo Ambiental deve ser tamb\u00e9m uma prioridade.<br>3.\u00a0\u00a0\u00a0\u00a0\u00a0<strong>In\u00edcio dos estudos previstos na Lei de Bases do Clima<\/strong>\u00a0para\u00a0<strong>antecipa\u00e7\u00e3o da meta de neutralidade clim\u00e1tica<\/strong>\u00a0de Portugal para 2045 ou ainda mais cedo.<br>4.\u00a0\u00a0\u00a0\u00a0\u00a0Que a\u00a0<strong>Ag\u00eancia Portuguesa do Ambiente<\/strong>\u00a0\u2013 um organismo p\u00fablico decisivo de promo\u00e7\u00e3o da pol\u00edtica p\u00fablica em mat\u00e9ria ambiental &#8211;\u00a0<strong>registe fortes melhorias no seu desempenho,<\/strong>garantindo a aplica\u00e7\u00e3o inequ\u00edvoca do planeamento e da legisla\u00e7\u00e3o em vigor, em particular nos desorientados setores dos res\u00edduos, dos recursos h\u00eddricos, da avalia\u00e7\u00e3o de impacte ambiental e do ru\u00eddo.<br>5.\u00a0\u00a0\u00a0\u00a0\u00a0<strong>Defini\u00e7\u00e3o de metas ambiciosas de reutiliza\u00e7\u00e3o de embalagens de bebidas<\/strong>\u00a0por parte dos agentes que dever\u00e3o estar envolvidos na sua defini\u00e7\u00e3o (produtores de bebidas, retalhistas, restaura\u00e7\u00e3o, etc.), promovendo o emprego e a preven\u00e7\u00e3o da produ\u00e7\u00e3o de res\u00edduos.<br>6.\u00a0\u00a0\u00a0\u00a0\u00a0<strong>Implementar uma pol\u00edtica efetiva de gest\u00e3o de recursos h\u00eddricos<\/strong>\u00a0que tenha em conta as quest\u00f5es de efici\u00eancia do uso, a escassez h\u00eddrica, a adapta\u00e7\u00e3o clim\u00e1tica e a articula\u00e7\u00e3o com Espanha.\u00a0<br>Fonte: ZERO<\/td><\/tr><\/tbody><\/table><\/figure>\n","protected":false},"excerpt":{"rendered":"<p>Num ano que termina com a perspetiva de elei\u00e7\u00f5es legislativas em breve, a ZERO identificou os seis factos mais positivos,<\/p>\n","protected":false},"author":1,"featured_media":14252,"comment_status":"open","ping_status":"open","sticky":false,"template":"","format":"standard","meta":{"colormag_page_container_layout":"default_layout","colormag_page_sidebar_layout":"default_layout","_monsterinsights_skip_tracking":false,"_monsterinsights_sitenote_active":false,"_monsterinsights_sitenote_note":"","_monsterinsights_sitenote_category":0,"jetpack_post_was_ever_published":false,"_jetpack_newsletter_access":"","_jetpack_dont_email_post_to_subs":false,"_jetpack_newsletter_tier_id":0,"_jetpack_memberships_contains_paywalled_content":false,"_jetpack_memberships_contains_paid_content":false,"footnotes":"","jetpack_publicize_message":"","jetpack_publicize_feature_enabled":true,"jetpack_social_post_already_shared":true,"jetpack_social_options":{"image_generator_settings":{"template":"highway","default_image_id":0,"font":"","enabled":false},"version":2}},"categories":[5],"tags":[32,98,220],"class_list":["post-14251","post","type-post","status-publish","format-standard","has-post-thumbnail","hentry","category-ambiente","tag-ambiente","tag-nacional","tag-zero"],"yoast_head":"<!-- This site is optimized with the Yoast SEO plugin v27.5 - https:\/\/yoast.com\/product\/yoast-seo-wordpress\/ -->\n<title>ZERO apresenta o balan\u00e7o de 2021 e os principais desafios para 2022 - Algarve 7<\/title>\n<meta name=\"description\" content=\"ZERO apresenta o balan\u00e7o de 2021 e os principais desafios para 2022 Ambiente\" \/>\n<meta name=\"robots\" content=\"index, follow, max-snippet:-1, max-image-preview:large, max-video-preview:-1\" \/>\n<link rel=\"canonical\" href=\"https:\/\/algarve7.pt\/index.php\/2021\/12\/zero-apresenta-o-balanco-de-2021-e-os-principais-desafios-para-2022\/ambiente\/08\/34\/\" \/>\n<meta property=\"og:locale\" content=\"pt_PT\" \/>\n<meta property=\"og:type\" content=\"article\" \/>\n<meta property=\"og:title\" content=\"ZERO apresenta o balan\u00e7o de 2021 e os principais desafios para 2022 - Algarve 7\" \/>\n<meta property=\"og:description\" content=\"ZERO apresenta o balan\u00e7o de 2021 e os principais desafios para 2022 Ambiente\" \/>\n<meta property=\"og:url\" content=\"https:\/\/algarve7.pt\/index.php\/2021\/12\/zero-apresenta-o-balanco-de-2021-e-os-principais-desafios-para-2022\/ambiente\/08\/34\/\" \/>\n<meta property=\"og:site_name\" content=\"Algarve 7\" \/>\n<meta property=\"article:publisher\" content=\"https:\/\/www.facebook.com\/algarve7\" \/>\n<meta property=\"article:author\" content=\"https:\/\/www.facebook.com\/algarve7\" \/>\n<meta property=\"article:published_time\" content=\"2021-12-27T08:34:05+00:00\" \/>\n<meta property=\"article:modified_time\" content=\"2021-12-27T08:34:09+00:00\" \/>\n<meta property=\"og:image\" content=\"https:\/\/algarve7.pt\/wp-content\/uploads\/2021\/12\/Captura-de-ecra-2021-12-27-as-08.33.11.png\" \/>\n\t<meta property=\"og:image:width\" content=\"1190\" \/>\n\t<meta property=\"og:image:height\" content=\"736\" \/>\n\t<meta property=\"og:image:type\" content=\"image\/png\" \/>\n<meta name=\"author\" content=\"Algarve 7\" \/>\n<meta name=\"twitter:card\" content=\"summary_large_image\" \/>\n<meta name=\"twitter:creator\" content=\"@Algarvesete\" \/>\n<meta name=\"twitter:site\" content=\"@Algarvesete\" \/>\n<meta name=\"twitter:label1\" content=\"Escrito por\" \/>\n\t<meta name=\"twitter:data1\" content=\"Algarve 7\" \/>\n\t<meta name=\"twitter:label2\" content=\"Tempo estimado de leitura\" \/>\n\t<meta name=\"twitter:data2\" content=\"5 minutos\" \/>\n<script type=\"application\/ld+json\" class=\"yoast-schema-graph\">{\"@context\":\"https:\\\/\\\/schema.org\",\"@graph\":[{\"@type\":\"Article\",\"@id\":\"https:\\\/\\\/algarve7.pt\\\/index.php\\\/2021\\\/12\\\/zero-apresenta-o-balanco-de-2021-e-os-principais-desafios-para-2022\\\/ambiente\\\/08\\\/34\\\/#article\",\"isPartOf\":{\"@id\":\"https:\\\/\\\/algarve7.pt\\\/index.php\\\/2021\\\/12\\\/zero-apresenta-o-balanco-de-2021-e-os-principais-desafios-para-2022\\\/ambiente\\\/08\\\/34\\\/\"},\"author\":{\"name\":\"Algarve 7\",\"@id\":\"https:\\\/\\\/algarve7.pt\\\/#\\\/schema\\\/person\\\/23fa70681308e7b319a3204bcea45e0c\"},\"headline\":\"ZERO apresenta o balan\u00e7o de 2021 e os principais desafios para 2022\",\"datePublished\":\"2021-12-27T08:34:05+00:00\",\"dateModified\":\"2021-12-27T08:34:09+00:00\",\"mainEntityOfPage\":{\"@id\":\"https:\\\/\\\/algarve7.pt\\\/index.php\\\/2021\\\/12\\\/zero-apresenta-o-balanco-de-2021-e-os-principais-desafios-para-2022\\\/ambiente\\\/08\\\/34\\\/\"},\"wordCount\":964,\"commentCount\":0,\"publisher\":{\"@id\":\"https:\\\/\\\/algarve7.pt\\\/#organization\"},\"image\":{\"@id\":\"https:\\\/\\\/algarve7.pt\\\/index.php\\\/2021\\\/12\\\/zero-apresenta-o-balanco-de-2021-e-os-principais-desafios-para-2022\\\/ambiente\\\/08\\\/34\\\/#primaryimage\"},\"thumbnailUrl\":\"https:\\\/\\\/algarve7.pt\\\/wp-content\\\/uploads\\\/2021\\\/12\\\/Captura-de-ecra-2021-12-27-as-08.33.11.png\",\"keywords\":[\"Ambiente\",\"Nacional\",\"ZERO\"],\"articleSection\":[\"Ambiente\"],\"inLanguage\":\"pt-PT\",\"potentialAction\":[{\"@type\":\"CommentAction\",\"name\":\"Comment\",\"target\":[\"https:\\\/\\\/algarve7.pt\\\/index.php\\\/2021\\\/12\\\/zero-apresenta-o-balanco-de-2021-e-os-principais-desafios-para-2022\\\/ambiente\\\/08\\\/34\\\/#respond\"]}]},{\"@type\":\"WebPage\",\"@id\":\"https:\\\/\\\/algarve7.pt\\\/index.php\\\/2021\\\/12\\\/zero-apresenta-o-balanco-de-2021-e-os-principais-desafios-para-2022\\\/ambiente\\\/08\\\/34\\\/\",\"url\":\"https:\\\/\\\/algarve7.pt\\\/index.php\\\/2021\\\/12\\\/zero-apresenta-o-balanco-de-2021-e-os-principais-desafios-para-2022\\\/ambiente\\\/08\\\/34\\\/\",\"name\":\"ZERO apresenta o balan\u00e7o de 2021 e os principais desafios para 2022 - Algarve 7\",\"isPartOf\":{\"@id\":\"https:\\\/\\\/algarve7.pt\\\/#website\"},\"primaryImageOfPage\":{\"@id\":\"https:\\\/\\\/algarve7.pt\\\/index.php\\\/2021\\\/12\\\/zero-apresenta-o-balanco-de-2021-e-os-principais-desafios-para-2022\\\/ambiente\\\/08\\\/34\\\/#primaryimage\"},\"image\":{\"@id\":\"https:\\\/\\\/algarve7.pt\\\/index.php\\\/2021\\\/12\\\/zero-apresenta-o-balanco-de-2021-e-os-principais-desafios-para-2022\\\/ambiente\\\/08\\\/34\\\/#primaryimage\"},\"thumbnailUrl\":\"https:\\\/\\\/algarve7.pt\\\/wp-content\\\/uploads\\\/2021\\\/12\\\/Captura-de-ecra-2021-12-27-as-08.33.11.png\",\"datePublished\":\"2021-12-27T08:34:05+00:00\",\"dateModified\":\"2021-12-27T08:34:09+00:00\",\"description\":\"ZERO apresenta o balan\u00e7o de 2021 e os principais desafios para 2022 Ambiente\",\"breadcrumb\":{\"@id\":\"https:\\\/\\\/algarve7.pt\\\/index.php\\\/2021\\\/12\\\/zero-apresenta-o-balanco-de-2021-e-os-principais-desafios-para-2022\\\/ambiente\\\/08\\\/34\\\/#breadcrumb\"},\"inLanguage\":\"pt-PT\",\"potentialAction\":[{\"@type\":\"ReadAction\",\"target\":[\"https:\\\/\\\/algarve7.pt\\\/index.php\\\/2021\\\/12\\\/zero-apresenta-o-balanco-de-2021-e-os-principais-desafios-para-2022\\\/ambiente\\\/08\\\/34\\\/\"]}]},{\"@type\":\"ImageObject\",\"inLanguage\":\"pt-PT\",\"@id\":\"https:\\\/\\\/algarve7.pt\\\/index.php\\\/2021\\\/12\\\/zero-apresenta-o-balanco-de-2021-e-os-principais-desafios-para-2022\\\/ambiente\\\/08\\\/34\\\/#primaryimage\",\"url\":\"https:\\\/\\\/algarve7.pt\\\/wp-content\\\/uploads\\\/2021\\\/12\\\/Captura-de-ecra-2021-12-27-as-08.33.11.png\",\"contentUrl\":\"https:\\\/\\\/algarve7.pt\\\/wp-content\\\/uploads\\\/2021\\\/12\\\/Captura-de-ecra-2021-12-27-as-08.33.11.png\",\"width\":1190,\"height\":736},{\"@type\":\"BreadcrumbList\",\"@id\":\"https:\\\/\\\/algarve7.pt\\\/index.php\\\/2021\\\/12\\\/zero-apresenta-o-balanco-de-2021-e-os-principais-desafios-para-2022\\\/ambiente\\\/08\\\/34\\\/#breadcrumb\",\"itemListElement\":[{\"@type\":\"ListItem\",\"position\":1,\"name\":\"In\u00edcio\",\"item\":\"https:\\\/\\\/algarve7.pt\\\/\"},{\"@type\":\"ListItem\",\"position\":2,\"name\":\"ZERO apresenta o balan\u00e7o de 2021 e os principais desafios para 2022\"}]},{\"@type\":\"WebSite\",\"@id\":\"https:\\\/\\\/algarve7.pt\\\/#website\",\"url\":\"https:\\\/\\\/algarve7.pt\\\/\",\"name\":\"Algarve 7\",\"description\":\"Informa\u00e7\u00e3o sobre o Algarve\",\"publisher\":{\"@id\":\"https:\\\/\\\/algarve7.pt\\\/#organization\"},\"potentialAction\":[{\"@type\":\"SearchAction\",\"target\":{\"@type\":\"EntryPoint\",\"urlTemplate\":\"https:\\\/\\\/algarve7.pt\\\/?s={search_term_string}\"},\"query-input\":{\"@type\":\"PropertyValueSpecification\",\"valueRequired\":true,\"valueName\":\"search_term_string\"}}],\"inLanguage\":\"pt-PT\"},{\"@type\":\"Organization\",\"@id\":\"https:\\\/\\\/algarve7.pt\\\/#organization\",\"name\":\"Algarve 7\",\"url\":\"https:\\\/\\\/algarve7.pt\\\/\",\"logo\":{\"@type\":\"ImageObject\",\"inLanguage\":\"pt-PT\",\"@id\":\"https:\\\/\\\/algarve7.pt\\\/#\\\/schema\\\/logo\\\/image\\\/\",\"url\":\"https:\\\/\\\/algarve7.pt\\\/wp-content\\\/uploads\\\/2020\\\/10\\\/Logo-8.jpg\",\"contentUrl\":\"https:\\\/\\\/algarve7.pt\\\/wp-content\\\/uploads\\\/2020\\\/10\\\/Logo-8.jpg\",\"width\":1680,\"height\":1186,\"caption\":\"Algarve 7\"},\"image\":{\"@id\":\"https:\\\/\\\/algarve7.pt\\\/#\\\/schema\\\/logo\\\/image\\\/\"},\"sameAs\":[\"https:\\\/\\\/www.facebook.com\\\/algarve7\",\"https:\\\/\\\/x.com\\\/Algarvesete\",\"https:\\\/\\\/www.instagram.com\\\/jornalalgarve7\\\/\",\"https:\\\/\\\/www.linkedin.com\\\/company\\\/algarve7\",\"https:\\\/\\\/www.pinterest.pt\\\/geral0939\\\/_created\\\/\"]},{\"@type\":\"Person\",\"@id\":\"https:\\\/\\\/algarve7.pt\\\/#\\\/schema\\\/person\\\/23fa70681308e7b319a3204bcea45e0c\",\"name\":\"Algarve 7\",\"sameAs\":[\"https:\\\/\\\/algarve7.pt\",\"https:\\\/\\\/www.facebook.com\\\/algarve7\"],\"url\":\"https:\\\/\\\/algarve7.pt\\\/index.php\\\/author\\\/geralalgarve7-pt\\\/\"}]}<\/script>\n<!-- \/ Yoast SEO plugin. -->","yoast_head_json":{"title":"ZERO apresenta o balan\u00e7o de 2021 e os principais desafios para 2022 - Algarve 7","description":"ZERO apresenta o balan\u00e7o de 2021 e os principais desafios para 2022 Ambiente","robots":{"index":"index","follow":"follow","max-snippet":"max-snippet:-1","max-image-preview":"max-image-preview:large","max-video-preview":"max-video-preview:-1"},"canonical":"https:\/\/algarve7.pt\/index.php\/2021\/12\/zero-apresenta-o-balanco-de-2021-e-os-principais-desafios-para-2022\/ambiente\/08\/34\/","og_locale":"pt_PT","og_type":"article","og_title":"ZERO apresenta o balan\u00e7o de 2021 e os principais desafios para 2022 - Algarve 7","og_description":"ZERO apresenta o balan\u00e7o de 2021 e os principais desafios para 2022 Ambiente","og_url":"https:\/\/algarve7.pt\/index.php\/2021\/12\/zero-apresenta-o-balanco-de-2021-e-os-principais-desafios-para-2022\/ambiente\/08\/34\/","og_site_name":"Algarve 7","article_publisher":"https:\/\/www.facebook.com\/algarve7","article_author":"https:\/\/www.facebook.com\/algarve7","article_published_time":"2021-12-27T08:34:05+00:00","article_modified_time":"2021-12-27T08:34:09+00:00","og_image":[{"width":1190,"height":736,"url":"https:\/\/algarve7.pt\/wp-content\/uploads\/2021\/12\/Captura-de-ecra-2021-12-27-as-08.33.11.png","type":"image\/png"}],"author":"Algarve 7","twitter_card":"summary_large_image","twitter_creator":"@Algarvesete","twitter_site":"@Algarvesete","twitter_misc":{"Escrito por":"Algarve 7","Tempo estimado de leitura":"5 minutos"},"schema":{"@context":"https:\/\/schema.org","@graph":[{"@type":"Article","@id":"https:\/\/algarve7.pt\/index.php\/2021\/12\/zero-apresenta-o-balanco-de-2021-e-os-principais-desafios-para-2022\/ambiente\/08\/34\/#article","isPartOf":{"@id":"https:\/\/algarve7.pt\/index.php\/2021\/12\/zero-apresenta-o-balanco-de-2021-e-os-principais-desafios-para-2022\/ambiente\/08\/34\/"},"author":{"name":"Algarve 7","@id":"https:\/\/algarve7.pt\/#\/schema\/person\/23fa70681308e7b319a3204bcea45e0c"},"headline":"ZERO apresenta o balan\u00e7o de 2021 e os principais desafios para 2022","datePublished":"2021-12-27T08:34:05+00:00","dateModified":"2021-12-27T08:34:09+00:00","mainEntityOfPage":{"@id":"https:\/\/algarve7.pt\/index.php\/2021\/12\/zero-apresenta-o-balanco-de-2021-e-os-principais-desafios-para-2022\/ambiente\/08\/34\/"},"wordCount":964,"commentCount":0,"publisher":{"@id":"https:\/\/algarve7.pt\/#organization"},"image":{"@id":"https:\/\/algarve7.pt\/index.php\/2021\/12\/zero-apresenta-o-balanco-de-2021-e-os-principais-desafios-para-2022\/ambiente\/08\/34\/#primaryimage"},"thumbnailUrl":"https:\/\/algarve7.pt\/wp-content\/uploads\/2021\/12\/Captura-de-ecra-2021-12-27-as-08.33.11.png","keywords":["Ambiente","Nacional","ZERO"],"articleSection":["Ambiente"],"inLanguage":"pt-PT","potentialAction":[{"@type":"CommentAction","name":"Comment","target":["https:\/\/algarve7.pt\/index.php\/2021\/12\/zero-apresenta-o-balanco-de-2021-e-os-principais-desafios-para-2022\/ambiente\/08\/34\/#respond"]}]},{"@type":"WebPage","@id":"https:\/\/algarve7.pt\/index.php\/2021\/12\/zero-apresenta-o-balanco-de-2021-e-os-principais-desafios-para-2022\/ambiente\/08\/34\/","url":"https:\/\/algarve7.pt\/index.php\/2021\/12\/zero-apresenta-o-balanco-de-2021-e-os-principais-desafios-para-2022\/ambiente\/08\/34\/","name":"ZERO apresenta o balan\u00e7o de 2021 e os principais desafios para 2022 - Algarve 7","isPartOf":{"@id":"https:\/\/algarve7.pt\/#website"},"primaryImageOfPage":{"@id":"https:\/\/algarve7.pt\/index.php\/2021\/12\/zero-apresenta-o-balanco-de-2021-e-os-principais-desafios-para-2022\/ambiente\/08\/34\/#primaryimage"},"image":{"@id":"https:\/\/algarve7.pt\/index.php\/2021\/12\/zero-apresenta-o-balanco-de-2021-e-os-principais-desafios-para-2022\/ambiente\/08\/34\/#primaryimage"},"thumbnailUrl":"https:\/\/algarve7.pt\/wp-content\/uploads\/2021\/12\/Captura-de-ecra-2021-12-27-as-08.33.11.png","datePublished":"2021-12-27T08:34:05+00:00","dateModified":"2021-12-27T08:34:09+00:00","description":"ZERO apresenta o balan\u00e7o de 2021 e os principais desafios para 2022 Ambiente","breadcrumb":{"@id":"https:\/\/algarve7.pt\/index.php\/2021\/12\/zero-apresenta-o-balanco-de-2021-e-os-principais-desafios-para-2022\/ambiente\/08\/34\/#breadcrumb"},"inLanguage":"pt-PT","potentialAction":[{"@type":"ReadAction","target":["https:\/\/algarve7.pt\/index.php\/2021\/12\/zero-apresenta-o-balanco-de-2021-e-os-principais-desafios-para-2022\/ambiente\/08\/34\/"]}]},{"@type":"ImageObject","inLanguage":"pt-PT","@id":"https:\/\/algarve7.pt\/index.php\/2021\/12\/zero-apresenta-o-balanco-de-2021-e-os-principais-desafios-para-2022\/ambiente\/08\/34\/#primaryimage","url":"https:\/\/algarve7.pt\/wp-content\/uploads\/2021\/12\/Captura-de-ecra-2021-12-27-as-08.33.11.png","contentUrl":"https:\/\/algarve7.pt\/wp-content\/uploads\/2021\/12\/Captura-de-ecra-2021-12-27-as-08.33.11.png","width":1190,"height":736},{"@type":"BreadcrumbList","@id":"https:\/\/algarve7.pt\/index.php\/2021\/12\/zero-apresenta-o-balanco-de-2021-e-os-principais-desafios-para-2022\/ambiente\/08\/34\/#breadcrumb","itemListElement":[{"@type":"ListItem","position":1,"name":"In\u00edcio","item":"https:\/\/algarve7.pt\/"},{"@type":"ListItem","position":2,"name":"ZERO apresenta o balan\u00e7o de 2021 e os principais desafios para 2022"}]},{"@type":"WebSite","@id":"https:\/\/algarve7.pt\/#website","url":"https:\/\/algarve7.pt\/","name":"Algarve 7","description":"Informa\u00e7\u00e3o sobre o Algarve","publisher":{"@id":"https:\/\/algarve7.pt\/#organization"},"potentialAction":[{"@type":"SearchAction","target":{"@type":"EntryPoint","urlTemplate":"https:\/\/algarve7.pt\/?s={search_term_string}"},"query-input":{"@type":"PropertyValueSpecification","valueRequired":true,"valueName":"search_term_string"}}],"inLanguage":"pt-PT"},{"@type":"Organization","@id":"https:\/\/algarve7.pt\/#organization","name":"Algarve 7","url":"https:\/\/algarve7.pt\/","logo":{"@type":"ImageObject","inLanguage":"pt-PT","@id":"https:\/\/algarve7.pt\/#\/schema\/logo\/image\/","url":"https:\/\/algarve7.pt\/wp-content\/uploads\/2020\/10\/Logo-8.jpg","contentUrl":"https:\/\/algarve7.pt\/wp-content\/uploads\/2020\/10\/Logo-8.jpg","width":1680,"height":1186,"caption":"Algarve 7"},"image":{"@id":"https:\/\/algarve7.pt\/#\/schema\/logo\/image\/"},"sameAs":["https:\/\/www.facebook.com\/algarve7","https:\/\/x.com\/Algarvesete","https:\/\/www.instagram.com\/jornalalgarve7\/","https:\/\/www.linkedin.com\/company\/algarve7","https:\/\/www.pinterest.pt\/geral0939\/_created\/"]},{"@type":"Person","@id":"https:\/\/algarve7.pt\/#\/schema\/person\/23fa70681308e7b319a3204bcea45e0c","name":"Algarve 7","sameAs":["https:\/\/algarve7.pt","https:\/\/www.facebook.com\/algarve7"],"url":"https:\/\/algarve7.pt\/index.php\/author\/geralalgarve7-pt\/"}]}},"jetpack_publicize_connections":[],"jetpack_featured_media_url":"https:\/\/algarve7.pt\/wp-content\/uploads\/2021\/12\/Captura-de-ecra-2021-12-27-as-08.33.11.png","jetpack_shortlink":"https:\/\/wp.me\/pcezmW-3HR","jetpack_sharing_enabled":true,"_links":{"self":[{"href":"https:\/\/algarve7.pt\/index.php\/wp-json\/wp\/v2\/posts\/14251","targetHints":{"allow":["GET"]}}],"collection":[{"href":"https:\/\/algarve7.pt\/index.php\/wp-json\/wp\/v2\/posts"}],"about":[{"href":"https:\/\/algarve7.pt\/index.php\/wp-json\/wp\/v2\/types\/post"}],"author":[{"embeddable":true,"href":"https:\/\/algarve7.pt\/index.php\/wp-json\/wp\/v2\/users\/1"}],"replies":[{"embeddable":true,"href":"https:\/\/algarve7.pt\/index.php\/wp-json\/wp\/v2\/comments?post=14251"}],"version-history":[{"count":0,"href":"https:\/\/algarve7.pt\/index.php\/wp-json\/wp\/v2\/posts\/14251\/revisions"}],"wp:featuredmedia":[{"embeddable":true,"href":"https:\/\/algarve7.pt\/index.php\/wp-json\/wp\/v2\/media\/14252"}],"wp:attachment":[{"href":"https:\/\/algarve7.pt\/index.php\/wp-json\/wp\/v2\/media?parent=14251"}],"wp:term":[{"taxonomy":"category","embeddable":true,"href":"https:\/\/algarve7.pt\/index.php\/wp-json\/wp\/v2\/categories?post=14251"},{"taxonomy":"post_tag","embeddable":true,"href":"https:\/\/algarve7.pt\/index.php\/wp-json\/wp\/v2\/tags?post=14251"}],"curies":[{"name":"wp","href":"https:\/\/api.w.org\/{rel}","templated":true}]}}