{"id":14242,"date":"2021-12-25T12:15:00","date_gmt":"2021-12-25T12:15:00","guid":{"rendered":"https:\/\/algarve7.pt\/?p=14242"},"modified":"2021-12-25T11:46:15","modified_gmt":"2021-12-25T11:46:15","slug":"apoio-em-parceria-arte-e-envelhecimento-ativo-candidaturas-abertas-ate-28-de-janeiro-2022","status":"publish","type":"post","link":"https:\/\/algarve7.pt\/index.php\/2021\/12\/apoio-em-parceria-arte-e-envelhecimento-ativo-candidaturas-abertas-ate-28-de-janeiro-2022\/cultura\/12\/15\/","title":{"rendered":"Apoio em parceria arte e envelhecimento ativo candidaturas abertas  at\u00e9 28 de janeiro 2022"},"content":{"rendered":"\n<p>As candidaturas para o concurso do Apoio em Parceria Arte e Envelhecimento Ativo, que resulta de um acordo de parceria recentemente celebrado entre a Dire\u00e7\u00e3o-Geral das Artes (DGARTES) e a Santa Casa da Miseric\u00f3rdia de Lisboa (SCML) decorrem at\u00e9 dia 28 de janeiro de 2022.<\/p>\n\n\n\n<p>Com uma dota\u00e7\u00e3o financeira de 350.000 \u20ac (trezentos e cinquenta mil euros), este concurso pretende contribuir, atrav\u00e9s das artes, para a sa\u00fade, bem-estar e qualidade de vida da popula\u00e7\u00e3o idosa.<\/p>\n\n\n\n<p>Podem candidatar-se projetos nos dom\u00ednios da cria\u00e7\u00e3o, da programa\u00e7\u00e3o, da investiga\u00e7\u00e3o e a\u00e7\u00f5es estrat\u00e9gicas de media\u00e7\u00e3o que envolvam a popula\u00e7\u00e3o idosa, incentivando-a a participar ativamente na cria\u00e7\u00e3o e frui\u00e7\u00e3o das artes. S\u00e3o eleg\u00edveis projetos nas \u00e1reas das artes performativas (circo, dan\u00e7a, m\u00fasica, \u00f3pera e teatro), artes visuais (artes pl\u00e1sticas, design e fotografia), artes de rua e cruzamento disciplinar.&nbsp;<\/p>\n\n\n\n<p>Este concurso permite ao candidato solicitar um apoio financeiro entre dez mil euros e quarenta mil euros, disponibilizando quatro patamares financeiros com montantes vari\u00e1veis entre oitenta mil euros e cem mil euros.<\/p>\n\n\n\n<p>Pretende-se refor\u00e7ar a oferta art\u00edstica multidisciplinar concebida para e com a popula\u00e7\u00e3o idosa, em particular nos territ\u00f3rios de maior isolamento social e cultural, atrav\u00e9s do est\u00edmulo \u00e0 cria\u00e7\u00e3o de novas produ\u00e7\u00f5es art\u00edsticas ou \u00e0 programa\u00e7\u00e3o de produ\u00e7\u00f5es de obras preexistentes e a\u00e7\u00f5es espec\u00edficas de desenvolvimento de p\u00fablicos que envolvam e potenciem a participa\u00e7\u00e3o ativa da popula\u00e7\u00e3o desta faixa et\u00e1ria.&nbsp;<\/p>\n\n\n\n<p>O Apoio em Parceria Arte e Envelhecimento Ativo tem ainda como objetivo incentivar a cria\u00e7\u00e3o de espa\u00e7os para partilha de ideias e desenvolvimento de redes que permitam estudar o efeito das interven\u00e7\u00f5es art\u00edsticas na sa\u00fade e bem-estar da popula\u00e7\u00e3o idosa.&nbsp;<\/p>\n\n\n\n<p>A parceria entre a DGARTES e a SCML \u2014 institui\u00e7\u00e3o que complementa os servi\u00e7os que oferece aos mais idosos, sempre tendo em conta a melhoria da sua qualidade de vida e a preven\u00e7\u00e3o de situa\u00e7\u00f5es de desigualdade, vulnerabilidade, exclus\u00e3o social e car\u00eancia socioecon\u00f3micas, com o apoio \u00e0 investiga\u00e7\u00e3o cient\u00edfica e m\u00e9dica de excel\u00eancia \u2014 faz particularmente sentido num momento em que se estima que o envelhecimento populacional se torne numa das transforma\u00e7\u00f5es sociais mais significativas do s\u00e9culo XXI, com desafios transversais a todos os setores da sociedade.&nbsp;MAIS INFORMA\u00c7\u00d5ES.<\/p>\n\n\n\n<p>No&nbsp;<a href=\"https:\/\/www.dgartes.gov.pt\/pt\/node\/4865\" target=\"_blank\" rel=\"noreferrer noopener\">BALC\u00c3O ARTES<\/a>, est\u00e3o dispon\u00edveis todas as informa\u00e7\u00f5es, incluindo o Aviso de Abertura e restante legisla\u00e7\u00e3o aplic\u00e1vel, o Acordo de Parceria, as notas biogr\u00e1ficas da Comiss\u00e3o de Aprecia\u00e7\u00e3o, o Manual do Candidato, o acesso ao Formul\u00e1rio de Candidatura e os contactos para esclarecimento de d\u00favidas.<\/p>\n","protected":false},"excerpt":{"rendered":"<p>As candidaturas para o concurso do Apoio em Parceria Arte e Envelhecimento Ativo, que resulta de um acordo de parceria<\/p>\n","protected":false},"author":1,"featured_media":14243,"comment_status":"open","ping_status":"open","sticky":false,"template":"","format":"standard","meta":{"colormag_page_container_layout":"default_layout","colormag_page_sidebar_layout":"default_layout","_monsterinsights_skip_tracking":false,"_monsterinsights_sitenote_active":false,"_monsterinsights_sitenote_note":"","_monsterinsights_sitenote_category":0,"jetpack_post_was_ever_published":false,"_jetpack_newsletter_access":"","_jetpack_dont_email_post_to_subs":false,"_jetpack_newsletter_tier_id":0,"_jetpack_memberships_contains_paywalled_content":false,"_jetpack_memberships_contains_paid_content":false,"footnotes":"","jetpack_publicize_message":"","jetpack_publicize_feature_enabled":true,"jetpack_social_post_already_shared":true,"jetpack_social_options":{"image_generator_settings":{"template":"highway","default_image_id":0,"font":"","enabled":false},"version":2}},"categories":[14],"tags":[35,98],"class_list":["post-14242","post","type-post","status-publish","format-standard","has-post-thumbnail","hentry","category-cultura","tag-cultura","tag-nacional"],"yoast_head":"<!-- This site is optimized with the Yoast SEO plugin v27.5 - https:\/\/yoast.com\/product\/yoast-seo-wordpress\/ -->\n<title>Apoio em parceria arte e envelhecimento ativo candidaturas abertas at\u00e9 28 de janeiro 2022 - Algarve 7<\/title>\n<meta name=\"description\" content=\"Apoio em parceria arte e envelhecimento ativo candidaturas abertas at\u00e9 28 de janeiro 2022 Cultura\" \/>\n<meta name=\"robots\" content=\"index, follow, max-snippet:-1, max-image-preview:large, max-video-preview:-1\" \/>\n<link rel=\"canonical\" href=\"https:\/\/algarve7.pt\/index.php\/2021\/12\/apoio-em-parceria-arte-e-envelhecimento-ativo-candidaturas-abertas-ate-28-de-janeiro-2022\/cultura\/12\/15\/\" \/>\n<meta property=\"og:locale\" content=\"pt_PT\" \/>\n<meta property=\"og:type\" content=\"article\" \/>\n<meta property=\"og:title\" content=\"Apoio em parceria arte e envelhecimento ativo candidaturas abertas at\u00e9 28 de janeiro 2022 - Algarve 7\" \/>\n<meta property=\"og:description\" content=\"Apoio em parceria arte e envelhecimento ativo candidaturas abertas at\u00e9 28 de janeiro 2022 Cultura\" \/>\n<meta property=\"og:url\" content=\"https:\/\/algarve7.pt\/index.php\/2021\/12\/apoio-em-parceria-arte-e-envelhecimento-ativo-candidaturas-abertas-ate-28-de-janeiro-2022\/cultura\/12\/15\/\" \/>\n<meta property=\"og:site_name\" content=\"Algarve 7\" \/>\n<meta property=\"article:publisher\" content=\"https:\/\/www.facebook.com\/algarve7\" \/>\n<meta property=\"article:author\" content=\"https:\/\/www.facebook.com\/algarve7\" \/>\n<meta property=\"article:published_time\" content=\"2021-12-25T12:15:00+00:00\" \/>\n<meta property=\"og:image\" content=\"https:\/\/algarve7.pt\/wp-content\/uploads\/2021\/12\/Captura-de-ecra-2021-12-25-as-11.45.03-1024x737.png\" \/>\n\t<meta property=\"og:image:width\" content=\"1024\" \/>\n\t<meta property=\"og:image:height\" content=\"737\" \/>\n\t<meta property=\"og:image:type\" content=\"image\/png\" \/>\n<meta name=\"author\" content=\"Algarve 7\" \/>\n<meta name=\"twitter:card\" content=\"summary_large_image\" \/>\n<meta name=\"twitter:creator\" content=\"@Algarvesete\" \/>\n<meta name=\"twitter:site\" content=\"@Algarvesete\" \/>\n<meta name=\"twitter:label1\" content=\"Escrito por\" \/>\n\t<meta name=\"twitter:data1\" content=\"Algarve 7\" \/>\n\t<meta name=\"twitter:label2\" content=\"Tempo estimado de leitura\" \/>\n\t<meta name=\"twitter:data2\" content=\"3 minutos\" \/>\n<script type=\"application\/ld+json\" class=\"yoast-schema-graph\">{\"@context\":\"https:\\\/\\\/schema.org\",\"@graph\":[{\"@type\":\"Article\",\"@id\":\"https:\\\/\\\/algarve7.pt\\\/index.php\\\/2021\\\/12\\\/apoio-em-parceria-arte-e-envelhecimento-ativo-candidaturas-abertas-ate-28-de-janeiro-2022\\\/cultura\\\/12\\\/15\\\/#article\",\"isPartOf\":{\"@id\":\"https:\\\/\\\/algarve7.pt\\\/index.php\\\/2021\\\/12\\\/apoio-em-parceria-arte-e-envelhecimento-ativo-candidaturas-abertas-ate-28-de-janeiro-2022\\\/cultura\\\/12\\\/15\\\/\"},\"author\":{\"name\":\"Algarve 7\",\"@id\":\"https:\\\/\\\/algarve7.pt\\\/#\\\/schema\\\/person\\\/23fa70681308e7b319a3204bcea45e0c\"},\"headline\":\"Apoio em parceria arte e envelhecimento ativo candidaturas abertas at\u00e9 28 de janeiro 2022\",\"datePublished\":\"2021-12-25T12:15:00+00:00\",\"mainEntityOfPage\":{\"@id\":\"https:\\\/\\\/algarve7.pt\\\/index.php\\\/2021\\\/12\\\/apoio-em-parceria-arte-e-envelhecimento-ativo-candidaturas-abertas-ate-28-de-janeiro-2022\\\/cultura\\\/12\\\/15\\\/\"},\"wordCount\":476,\"commentCount\":0,\"publisher\":{\"@id\":\"https:\\\/\\\/algarve7.pt\\\/#organization\"},\"image\":{\"@id\":\"https:\\\/\\\/algarve7.pt\\\/index.php\\\/2021\\\/12\\\/apoio-em-parceria-arte-e-envelhecimento-ativo-candidaturas-abertas-ate-28-de-janeiro-2022\\\/cultura\\\/12\\\/15\\\/#primaryimage\"},\"thumbnailUrl\":\"https:\\\/\\\/algarve7.pt\\\/wp-content\\\/uploads\\\/2021\\\/12\\\/Captura-de-ecra-2021-12-25-as-11.45.03.png\",\"keywords\":[\"Cultura\",\"Nacional\"],\"articleSection\":[\"Cultura\"],\"inLanguage\":\"pt-PT\",\"potentialAction\":[{\"@type\":\"CommentAction\",\"name\":\"Comment\",\"target\":[\"https:\\\/\\\/algarve7.pt\\\/index.php\\\/2021\\\/12\\\/apoio-em-parceria-arte-e-envelhecimento-ativo-candidaturas-abertas-ate-28-de-janeiro-2022\\\/cultura\\\/12\\\/15\\\/#respond\"]}]},{\"@type\":\"WebPage\",\"@id\":\"https:\\\/\\\/algarve7.pt\\\/index.php\\\/2021\\\/12\\\/apoio-em-parceria-arte-e-envelhecimento-ativo-candidaturas-abertas-ate-28-de-janeiro-2022\\\/cultura\\\/12\\\/15\\\/\",\"url\":\"https:\\\/\\\/algarve7.pt\\\/index.php\\\/2021\\\/12\\\/apoio-em-parceria-arte-e-envelhecimento-ativo-candidaturas-abertas-ate-28-de-janeiro-2022\\\/cultura\\\/12\\\/15\\\/\",\"name\":\"Apoio em parceria arte e envelhecimento ativo candidaturas abertas at\u00e9 28 de janeiro 2022 - Algarve 7\",\"isPartOf\":{\"@id\":\"https:\\\/\\\/algarve7.pt\\\/#website\"},\"primaryImageOfPage\":{\"@id\":\"https:\\\/\\\/algarve7.pt\\\/index.php\\\/2021\\\/12\\\/apoio-em-parceria-arte-e-envelhecimento-ativo-candidaturas-abertas-ate-28-de-janeiro-2022\\\/cultura\\\/12\\\/15\\\/#primaryimage\"},\"image\":{\"@id\":\"https:\\\/\\\/algarve7.pt\\\/index.php\\\/2021\\\/12\\\/apoio-em-parceria-arte-e-envelhecimento-ativo-candidaturas-abertas-ate-28-de-janeiro-2022\\\/cultura\\\/12\\\/15\\\/#primaryimage\"},\"thumbnailUrl\":\"https:\\\/\\\/algarve7.pt\\\/wp-content\\\/uploads\\\/2021\\\/12\\\/Captura-de-ecra-2021-12-25-as-11.45.03.png\",\"datePublished\":\"2021-12-25T12:15:00+00:00\",\"description\":\"Apoio em parceria arte e envelhecimento ativo candidaturas abertas at\u00e9 28 de janeiro 2022 Cultura\",\"breadcrumb\":{\"@id\":\"https:\\\/\\\/algarve7.pt\\\/index.php\\\/2021\\\/12\\\/apoio-em-parceria-arte-e-envelhecimento-ativo-candidaturas-abertas-ate-28-de-janeiro-2022\\\/cultura\\\/12\\\/15\\\/#breadcrumb\"},\"inLanguage\":\"pt-PT\",\"potentialAction\":[{\"@type\":\"ReadAction\",\"target\":[\"https:\\\/\\\/algarve7.pt\\\/index.php\\\/2021\\\/12\\\/apoio-em-parceria-arte-e-envelhecimento-ativo-candidaturas-abertas-ate-28-de-janeiro-2022\\\/cultura\\\/12\\\/15\\\/\"]}]},{\"@type\":\"ImageObject\",\"inLanguage\":\"pt-PT\",\"@id\":\"https:\\\/\\\/algarve7.pt\\\/index.php\\\/2021\\\/12\\\/apoio-em-parceria-arte-e-envelhecimento-ativo-candidaturas-abertas-ate-28-de-janeiro-2022\\\/cultura\\\/12\\\/15\\\/#primaryimage\",\"url\":\"https:\\\/\\\/algarve7.pt\\\/wp-content\\\/uploads\\\/2021\\\/12\\\/Captura-de-ecra-2021-12-25-as-11.45.03.png\",\"contentUrl\":\"https:\\\/\\\/algarve7.pt\\\/wp-content\\\/uploads\\\/2021\\\/12\\\/Captura-de-ecra-2021-12-25-as-11.45.03.png\",\"width\":1640,\"height\":1180},{\"@type\":\"BreadcrumbList\",\"@id\":\"https:\\\/\\\/algarve7.pt\\\/index.php\\\/2021\\\/12\\\/apoio-em-parceria-arte-e-envelhecimento-ativo-candidaturas-abertas-ate-28-de-janeiro-2022\\\/cultura\\\/12\\\/15\\\/#breadcrumb\",\"itemListElement\":[{\"@type\":\"ListItem\",\"position\":1,\"name\":\"In\u00edcio\",\"item\":\"https:\\\/\\\/algarve7.pt\\\/\"},{\"@type\":\"ListItem\",\"position\":2,\"name\":\"Apoio em parceria arte e envelhecimento ativo candidaturas abertas at\u00e9 28 de janeiro 2022\"}]},{\"@type\":\"WebSite\",\"@id\":\"https:\\\/\\\/algarve7.pt\\\/#website\",\"url\":\"https:\\\/\\\/algarve7.pt\\\/\",\"name\":\"Algarve 7\",\"description\":\"Informa\u00e7\u00e3o sobre o Algarve\",\"publisher\":{\"@id\":\"https:\\\/\\\/algarve7.pt\\\/#organization\"},\"potentialAction\":[{\"@type\":\"SearchAction\",\"target\":{\"@type\":\"EntryPoint\",\"urlTemplate\":\"https:\\\/\\\/algarve7.pt\\\/?s={search_term_string}\"},\"query-input\":{\"@type\":\"PropertyValueSpecification\",\"valueRequired\":true,\"valueName\":\"search_term_string\"}}],\"inLanguage\":\"pt-PT\"},{\"@type\":\"Organization\",\"@id\":\"https:\\\/\\\/algarve7.pt\\\/#organization\",\"name\":\"Algarve 7\",\"url\":\"https:\\\/\\\/algarve7.pt\\\/\",\"logo\":{\"@type\":\"ImageObject\",\"inLanguage\":\"pt-PT\",\"@id\":\"https:\\\/\\\/algarve7.pt\\\/#\\\/schema\\\/logo\\\/image\\\/\",\"url\":\"https:\\\/\\\/algarve7.pt\\\/wp-content\\\/uploads\\\/2020\\\/10\\\/Logo-8.jpg\",\"contentUrl\":\"https:\\\/\\\/algarve7.pt\\\/wp-content\\\/uploads\\\/2020\\\/10\\\/Logo-8.jpg\",\"width\":1680,\"height\":1186,\"caption\":\"Algarve 7\"},\"image\":{\"@id\":\"https:\\\/\\\/algarve7.pt\\\/#\\\/schema\\\/logo\\\/image\\\/\"},\"sameAs\":[\"https:\\\/\\\/www.facebook.com\\\/algarve7\",\"https:\\\/\\\/x.com\\\/Algarvesete\",\"https:\\\/\\\/www.instagram.com\\\/jornalalgarve7\\\/\",\"https:\\\/\\\/www.linkedin.com\\\/company\\\/algarve7\",\"https:\\\/\\\/www.pinterest.pt\\\/geral0939\\\/_created\\\/\"]},{\"@type\":\"Person\",\"@id\":\"https:\\\/\\\/algarve7.pt\\\/#\\\/schema\\\/person\\\/23fa70681308e7b319a3204bcea45e0c\",\"name\":\"Algarve 7\",\"sameAs\":[\"https:\\\/\\\/algarve7.pt\",\"https:\\\/\\\/www.facebook.com\\\/algarve7\"],\"url\":\"https:\\\/\\\/algarve7.pt\\\/index.php\\\/author\\\/geralalgarve7-pt\\\/\"}]}<\/script>\n<!-- \/ Yoast SEO plugin. -->","yoast_head_json":{"title":"Apoio em parceria arte e envelhecimento ativo candidaturas abertas at\u00e9 28 de janeiro 2022 - Algarve 7","description":"Apoio em parceria arte e envelhecimento ativo candidaturas abertas at\u00e9 28 de janeiro 2022 Cultura","robots":{"index":"index","follow":"follow","max-snippet":"max-snippet:-1","max-image-preview":"max-image-preview:large","max-video-preview":"max-video-preview:-1"},"canonical":"https:\/\/algarve7.pt\/index.php\/2021\/12\/apoio-em-parceria-arte-e-envelhecimento-ativo-candidaturas-abertas-ate-28-de-janeiro-2022\/cultura\/12\/15\/","og_locale":"pt_PT","og_type":"article","og_title":"Apoio em parceria arte e envelhecimento ativo candidaturas abertas at\u00e9 28 de janeiro 2022 - Algarve 7","og_description":"Apoio em parceria arte e envelhecimento ativo candidaturas abertas at\u00e9 28 de janeiro 2022 Cultura","og_url":"https:\/\/algarve7.pt\/index.php\/2021\/12\/apoio-em-parceria-arte-e-envelhecimento-ativo-candidaturas-abertas-ate-28-de-janeiro-2022\/cultura\/12\/15\/","og_site_name":"Algarve 7","article_publisher":"https:\/\/www.facebook.com\/algarve7","article_author":"https:\/\/www.facebook.com\/algarve7","article_published_time":"2021-12-25T12:15:00+00:00","og_image":[{"width":1024,"height":737,"url":"https:\/\/algarve7.pt\/wp-content\/uploads\/2021\/12\/Captura-de-ecra-2021-12-25-as-11.45.03-1024x737.png","type":"image\/png"}],"author":"Algarve 7","twitter_card":"summary_large_image","twitter_creator":"@Algarvesete","twitter_site":"@Algarvesete","twitter_misc":{"Escrito por":"Algarve 7","Tempo estimado de leitura":"3 minutos"},"schema":{"@context":"https:\/\/schema.org","@graph":[{"@type":"Article","@id":"https:\/\/algarve7.pt\/index.php\/2021\/12\/apoio-em-parceria-arte-e-envelhecimento-ativo-candidaturas-abertas-ate-28-de-janeiro-2022\/cultura\/12\/15\/#article","isPartOf":{"@id":"https:\/\/algarve7.pt\/index.php\/2021\/12\/apoio-em-parceria-arte-e-envelhecimento-ativo-candidaturas-abertas-ate-28-de-janeiro-2022\/cultura\/12\/15\/"},"author":{"name":"Algarve 7","@id":"https:\/\/algarve7.pt\/#\/schema\/person\/23fa70681308e7b319a3204bcea45e0c"},"headline":"Apoio em parceria arte e envelhecimento ativo candidaturas abertas at\u00e9 28 de janeiro 2022","datePublished":"2021-12-25T12:15:00+00:00","mainEntityOfPage":{"@id":"https:\/\/algarve7.pt\/index.php\/2021\/12\/apoio-em-parceria-arte-e-envelhecimento-ativo-candidaturas-abertas-ate-28-de-janeiro-2022\/cultura\/12\/15\/"},"wordCount":476,"commentCount":0,"publisher":{"@id":"https:\/\/algarve7.pt\/#organization"},"image":{"@id":"https:\/\/algarve7.pt\/index.php\/2021\/12\/apoio-em-parceria-arte-e-envelhecimento-ativo-candidaturas-abertas-ate-28-de-janeiro-2022\/cultura\/12\/15\/#primaryimage"},"thumbnailUrl":"https:\/\/algarve7.pt\/wp-content\/uploads\/2021\/12\/Captura-de-ecra-2021-12-25-as-11.45.03.png","keywords":["Cultura","Nacional"],"articleSection":["Cultura"],"inLanguage":"pt-PT","potentialAction":[{"@type":"CommentAction","name":"Comment","target":["https:\/\/algarve7.pt\/index.php\/2021\/12\/apoio-em-parceria-arte-e-envelhecimento-ativo-candidaturas-abertas-ate-28-de-janeiro-2022\/cultura\/12\/15\/#respond"]}]},{"@type":"WebPage","@id":"https:\/\/algarve7.pt\/index.php\/2021\/12\/apoio-em-parceria-arte-e-envelhecimento-ativo-candidaturas-abertas-ate-28-de-janeiro-2022\/cultura\/12\/15\/","url":"https:\/\/algarve7.pt\/index.php\/2021\/12\/apoio-em-parceria-arte-e-envelhecimento-ativo-candidaturas-abertas-ate-28-de-janeiro-2022\/cultura\/12\/15\/","name":"Apoio em parceria arte e envelhecimento ativo candidaturas abertas at\u00e9 28 de janeiro 2022 - Algarve 7","isPartOf":{"@id":"https:\/\/algarve7.pt\/#website"},"primaryImageOfPage":{"@id":"https:\/\/algarve7.pt\/index.php\/2021\/12\/apoio-em-parceria-arte-e-envelhecimento-ativo-candidaturas-abertas-ate-28-de-janeiro-2022\/cultura\/12\/15\/#primaryimage"},"image":{"@id":"https:\/\/algarve7.pt\/index.php\/2021\/12\/apoio-em-parceria-arte-e-envelhecimento-ativo-candidaturas-abertas-ate-28-de-janeiro-2022\/cultura\/12\/15\/#primaryimage"},"thumbnailUrl":"https:\/\/algarve7.pt\/wp-content\/uploads\/2021\/12\/Captura-de-ecra-2021-12-25-as-11.45.03.png","datePublished":"2021-12-25T12:15:00+00:00","description":"Apoio em parceria arte e envelhecimento ativo candidaturas abertas at\u00e9 28 de janeiro 2022 Cultura","breadcrumb":{"@id":"https:\/\/algarve7.pt\/index.php\/2021\/12\/apoio-em-parceria-arte-e-envelhecimento-ativo-candidaturas-abertas-ate-28-de-janeiro-2022\/cultura\/12\/15\/#breadcrumb"},"inLanguage":"pt-PT","potentialAction":[{"@type":"ReadAction","target":["https:\/\/algarve7.pt\/index.php\/2021\/12\/apoio-em-parceria-arte-e-envelhecimento-ativo-candidaturas-abertas-ate-28-de-janeiro-2022\/cultura\/12\/15\/"]}]},{"@type":"ImageObject","inLanguage":"pt-PT","@id":"https:\/\/algarve7.pt\/index.php\/2021\/12\/apoio-em-parceria-arte-e-envelhecimento-ativo-candidaturas-abertas-ate-28-de-janeiro-2022\/cultura\/12\/15\/#primaryimage","url":"https:\/\/algarve7.pt\/wp-content\/uploads\/2021\/12\/Captura-de-ecra-2021-12-25-as-11.45.03.png","contentUrl":"https:\/\/algarve7.pt\/wp-content\/uploads\/2021\/12\/Captura-de-ecra-2021-12-25-as-11.45.03.png","width":1640,"height":1180},{"@type":"BreadcrumbList","@id":"https:\/\/algarve7.pt\/index.php\/2021\/12\/apoio-em-parceria-arte-e-envelhecimento-ativo-candidaturas-abertas-ate-28-de-janeiro-2022\/cultura\/12\/15\/#breadcrumb","itemListElement":[{"@type":"ListItem","position":1,"name":"In\u00edcio","item":"https:\/\/algarve7.pt\/"},{"@type":"ListItem","position":2,"name":"Apoio em parceria arte e envelhecimento ativo candidaturas abertas at\u00e9 28 de janeiro 2022"}]},{"@type":"WebSite","@id":"https:\/\/algarve7.pt\/#website","url":"https:\/\/algarve7.pt\/","name":"Algarve 7","description":"Informa\u00e7\u00e3o sobre o Algarve","publisher":{"@id":"https:\/\/algarve7.pt\/#organization"},"potentialAction":[{"@type":"SearchAction","target":{"@type":"EntryPoint","urlTemplate":"https:\/\/algarve7.pt\/?s={search_term_string}"},"query-input":{"@type":"PropertyValueSpecification","valueRequired":true,"valueName":"search_term_string"}}],"inLanguage":"pt-PT"},{"@type":"Organization","@id":"https:\/\/algarve7.pt\/#organization","name":"Algarve 7","url":"https:\/\/algarve7.pt\/","logo":{"@type":"ImageObject","inLanguage":"pt-PT","@id":"https:\/\/algarve7.pt\/#\/schema\/logo\/image\/","url":"https:\/\/algarve7.pt\/wp-content\/uploads\/2020\/10\/Logo-8.jpg","contentUrl":"https:\/\/algarve7.pt\/wp-content\/uploads\/2020\/10\/Logo-8.jpg","width":1680,"height":1186,"caption":"Algarve 7"},"image":{"@id":"https:\/\/algarve7.pt\/#\/schema\/logo\/image\/"},"sameAs":["https:\/\/www.facebook.com\/algarve7","https:\/\/x.com\/Algarvesete","https:\/\/www.instagram.com\/jornalalgarve7\/","https:\/\/www.linkedin.com\/company\/algarve7","https:\/\/www.pinterest.pt\/geral0939\/_created\/"]},{"@type":"Person","@id":"https:\/\/algarve7.pt\/#\/schema\/person\/23fa70681308e7b319a3204bcea45e0c","name":"Algarve 7","sameAs":["https:\/\/algarve7.pt","https:\/\/www.facebook.com\/algarve7"],"url":"https:\/\/algarve7.pt\/index.php\/author\/geralalgarve7-pt\/"}]}},"jetpack_publicize_connections":[],"jetpack_featured_media_url":"https:\/\/algarve7.pt\/wp-content\/uploads\/2021\/12\/Captura-de-ecra-2021-12-25-as-11.45.03.png","jetpack_shortlink":"https:\/\/wp.me\/pcezmW-3HI","jetpack_sharing_enabled":true,"_links":{"self":[{"href":"https:\/\/algarve7.pt\/index.php\/wp-json\/wp\/v2\/posts\/14242","targetHints":{"allow":["GET"]}}],"collection":[{"href":"https:\/\/algarve7.pt\/index.php\/wp-json\/wp\/v2\/posts"}],"about":[{"href":"https:\/\/algarve7.pt\/index.php\/wp-json\/wp\/v2\/types\/post"}],"author":[{"embeddable":true,"href":"https:\/\/algarve7.pt\/index.php\/wp-json\/wp\/v2\/users\/1"}],"replies":[{"embeddable":true,"href":"https:\/\/algarve7.pt\/index.php\/wp-json\/wp\/v2\/comments?post=14242"}],"version-history":[{"count":0,"href":"https:\/\/algarve7.pt\/index.php\/wp-json\/wp\/v2\/posts\/14242\/revisions"}],"wp:featuredmedia":[{"embeddable":true,"href":"https:\/\/algarve7.pt\/index.php\/wp-json\/wp\/v2\/media\/14243"}],"wp:attachment":[{"href":"https:\/\/algarve7.pt\/index.php\/wp-json\/wp\/v2\/media?parent=14242"}],"wp:term":[{"taxonomy":"category","embeddable":true,"href":"https:\/\/algarve7.pt\/index.php\/wp-json\/wp\/v2\/categories?post=14242"},{"taxonomy":"post_tag","embeddable":true,"href":"https:\/\/algarve7.pt\/index.php\/wp-json\/wp\/v2\/tags?post=14242"}],"curies":[{"name":"wp","href":"https:\/\/api.w.org\/{rel}","templated":true}]}}