{"id":14207,"date":"2021-12-23T16:59:00","date_gmt":"2021-12-23T16:59:00","guid":{"rendered":"https:\/\/algarve7.pt\/?p=14207"},"modified":"2021-12-23T16:46:52","modified_gmt":"2021-12-23T16:46:52","slug":"sem-abrigo-de-portimao-voltam-a-poder-pernoitar-num-abrigo-temporario-com-boas-condicoes-de-conforto","status":"publish","type":"post","link":"https:\/\/algarve7.pt\/index.php\/2021\/12\/sem-abrigo-de-portimao-voltam-a-poder-pernoitar-num-abrigo-temporario-com-boas-condicoes-de-conforto\/atualidade\/16\/59\/","title":{"rendered":"Sem-abrigo de Portim\u00e3o voltam a poder pernoitar num abrigo tempor\u00e1rio com boas condi\u00e7\u00f5es de conforto"},"content":{"rendered":"\n<p>O Munic\u00edpio de Portim\u00e3o volta a disponibilizar a partir desta quinta-feira, 23 de dezembro, um abrigo tempor\u00e1rio com capacidade para dez pessoas em situa\u00e7\u00e3o de sem abrigo, que funcionar\u00e1 durante o per\u00edodo de tempo frio no antigo Centro de Sa\u00fade localizado na Avenida S. Jo\u00e3o de Deus e integrado no Parque de Sa\u00fade da Santa Casa da Miseric\u00f3rdia local.<\/p>\n\n\n\n<p>A medida tem vindo a ser implantada desde 2020 no \u00e2mbito do trabalho desenvolvido pelo Grupo de Trabalho para a Problem\u00e1tica da Pessoa em Situa\u00e7\u00e3o de Sem Abrigo de Portim\u00e3o, encontrando-se a estrutura preparada para acolher oito homens e duas senhoras, com funcionamento di\u00e1rio entre as 20h00 e as 9h00, estando o per\u00edodo de acolhimento marcado para as 22h00.<\/p>\n\n\n\n<p>Esta a\u00e7\u00e3o resulta de um acordo de coopera\u00e7\u00e3o entre a C\u00e2mara Municipal e v\u00e1rias institui\u00e7\u00f5es que integram o NPISA &#8211; N\u00facleo de Planeamento e Interven\u00e7\u00e3o Sem Abrigo de Portim\u00e3o, nomeadamente as Santas Casas da Miseric\u00f3rdia de Alvor, de Portim\u00e3o e da Mexilhoeira Grande, o GRATO \u2013 Grupo de Apoio aos Toxicodependentes, a APF &#8211; Associa\u00e7\u00e3o para o Planeamento da Fam\u00edlia\/Algarve, o MAPS \u2013 Movimento de Apoio \u00e0 Problem\u00e1tica da Sida, a Cruz Vermelha Portuguesa \u2013 Delega\u00e7\u00e3o de Portim\u00e3o, o Centro Hospitalar Universit\u00e1rio do Algarve (CHUA) \u2013 Hospital de Portim\u00e3o e as Juntas de Freguesia de Portim\u00e3o, Alvor e Mexilhoeira Grande.<\/p>\n\n\n\n<p>Este abrigo tempor\u00e1rio complementa um conjunto de a\u00e7\u00f5es e medidas realizadas ao longo dos \u00faltimos anos em mat\u00e9ria de sinaliza\u00e7\u00e3o, acompanhamento e encaminhamento de pessoas em situa\u00e7\u00e3o de sem abrigo pelas institui\u00e7\u00f5es e servi\u00e7os de a\u00e7\u00e3o social e sa\u00fade da autarquia, sendo de referir que, dadas as condi\u00e7\u00f5es climat\u00e9ricas severas previstas para os pr\u00f3ximos meses, as institui\u00e7\u00f5es locais com trabalho desenvolvido junto da popula\u00e7\u00e3o vulner\u00e1vel do concelho refor\u00e7am o seu apoio no que toca \u00e0 distribui\u00e7\u00e3o e fornecimento de agasalhos e refei\u00e7\u00f5es quente<\/p>\n","protected":false},"excerpt":{"rendered":"<p>O Munic\u00edpio de Portim\u00e3o volta a disponibilizar a partir desta quinta-feira, 23 de dezembro, um abrigo tempor\u00e1rio com capacidade para<\/p>\n","protected":false},"author":1,"featured_media":14208,"comment_status":"open","ping_status":"open","sticky":false,"template":"","format":"standard","meta":{"colormag_page_container_layout":"default_layout","colormag_page_sidebar_layout":"default_layout","_monsterinsights_skip_tracking":false,"_monsterinsights_sitenote_active":false,"_monsterinsights_sitenote_note":"","_monsterinsights_sitenote_category":0,"jetpack_post_was_ever_published":false,"_jetpack_newsletter_access":"","_jetpack_dont_email_post_to_subs":false,"_jetpack_newsletter_tier_id":0,"_jetpack_memberships_contains_paywalled_content":false,"_jetpack_memberships_contains_paid_content":false,"footnotes":"","jetpack_publicize_message":"","jetpack_publicize_feature_enabled":true,"jetpack_social_post_already_shared":true,"jetpack_social_options":{"image_generator_settings":{"template":"highway","default_image_id":0,"font":"","enabled":false},"version":2}},"categories":[11],"tags":[36,62,72],"class_list":["post-14207","post","type-post","status-publish","format-standard","has-post-thumbnail","hentry","category-atualidade","tag-algarve","tag-atualidade","tag-portimao"],"yoast_head":"<!-- This site is optimized with the Yoast SEO plugin v27.5 - https:\/\/yoast.com\/product\/yoast-seo-wordpress\/ -->\n<title>Sem-abrigo de Portim\u00e3o voltam a poder pernoitar num abrigo tempor\u00e1rio com boas condi\u00e7\u00f5es de conforto - Algarve 7<\/title>\n<meta name=\"description\" content=\"Sem-abrigo de Portim\u00e3o voltam a poder pernoitar num abrigo tempor\u00e1rio com boas condi\u00e7\u00f5es de conforto Atualidade\" \/>\n<meta name=\"robots\" content=\"index, follow, max-snippet:-1, max-image-preview:large, max-video-preview:-1\" \/>\n<link rel=\"canonical\" href=\"https:\/\/algarve7.pt\/index.php\/2021\/12\/sem-abrigo-de-portimao-voltam-a-poder-pernoitar-num-abrigo-temporario-com-boas-condicoes-de-conforto\/atualidade\/16\/59\/\" \/>\n<meta property=\"og:locale\" content=\"pt_PT\" \/>\n<meta property=\"og:type\" content=\"article\" \/>\n<meta property=\"og:title\" content=\"Sem-abrigo de Portim\u00e3o voltam a poder pernoitar num abrigo tempor\u00e1rio com boas condi\u00e7\u00f5es de conforto - Algarve 7\" \/>\n<meta property=\"og:description\" content=\"Sem-abrigo de Portim\u00e3o voltam a poder pernoitar num abrigo tempor\u00e1rio com boas condi\u00e7\u00f5es de conforto Atualidade\" \/>\n<meta property=\"og:url\" content=\"https:\/\/algarve7.pt\/index.php\/2021\/12\/sem-abrigo-de-portimao-voltam-a-poder-pernoitar-num-abrigo-temporario-com-boas-condicoes-de-conforto\/atualidade\/16\/59\/\" \/>\n<meta property=\"og:site_name\" content=\"Algarve 7\" \/>\n<meta property=\"article:publisher\" content=\"https:\/\/www.facebook.com\/algarve7\" \/>\n<meta property=\"article:author\" content=\"https:\/\/www.facebook.com\/algarve7\" \/>\n<meta property=\"article:published_time\" content=\"2021-12-23T16:59:00+00:00\" \/>\n<meta property=\"og:image\" content=\"https:\/\/algarve7.pt\/wp-content\/uploads\/2021\/12\/Nucleo-Temporario-para-pessoas-em-situacao-de-sem-abrigo.jpg\" \/>\n\t<meta property=\"og:image:width\" content=\"1200\" \/>\n\t<meta property=\"og:image:height\" content=\"800\" \/>\n\t<meta property=\"og:image:type\" content=\"image\/jpeg\" \/>\n<meta name=\"author\" content=\"Algarve 7\" \/>\n<meta name=\"twitter:card\" content=\"summary_large_image\" \/>\n<meta name=\"twitter:creator\" content=\"@Algarvesete\" \/>\n<meta name=\"twitter:site\" content=\"@Algarvesete\" \/>\n<meta name=\"twitter:label1\" content=\"Escrito por\" \/>\n\t<meta name=\"twitter:data1\" content=\"Algarve 7\" \/>\n\t<meta name=\"twitter:label2\" content=\"Tempo estimado de leitura\" \/>\n\t<meta name=\"twitter:data2\" content=\"2 minutos\" \/>\n<script type=\"application\/ld+json\" class=\"yoast-schema-graph\">{\"@context\":\"https:\\\/\\\/schema.org\",\"@graph\":[{\"@type\":\"Article\",\"@id\":\"https:\\\/\\\/algarve7.pt\\\/index.php\\\/2021\\\/12\\\/sem-abrigo-de-portimao-voltam-a-poder-pernoitar-num-abrigo-temporario-com-boas-condicoes-de-conforto\\\/atualidade\\\/16\\\/59\\\/#article\",\"isPartOf\":{\"@id\":\"https:\\\/\\\/algarve7.pt\\\/index.php\\\/2021\\\/12\\\/sem-abrigo-de-portimao-voltam-a-poder-pernoitar-num-abrigo-temporario-com-boas-condicoes-de-conforto\\\/atualidade\\\/16\\\/59\\\/\"},\"author\":{\"name\":\"Algarve 7\",\"@id\":\"https:\\\/\\\/algarve7.pt\\\/#\\\/schema\\\/person\\\/23fa70681308e7b319a3204bcea45e0c\"},\"headline\":\"Sem-abrigo de Portim\u00e3o voltam a poder pernoitar num abrigo tempor\u00e1rio com boas condi\u00e7\u00f5es de conforto\",\"datePublished\":\"2021-12-23T16:59:00+00:00\",\"mainEntityOfPage\":{\"@id\":\"https:\\\/\\\/algarve7.pt\\\/index.php\\\/2021\\\/12\\\/sem-abrigo-de-portimao-voltam-a-poder-pernoitar-num-abrigo-temporario-com-boas-condicoes-de-conforto\\\/atualidade\\\/16\\\/59\\\/\"},\"wordCount\":362,\"commentCount\":0,\"publisher\":{\"@id\":\"https:\\\/\\\/algarve7.pt\\\/#organization\"},\"image\":{\"@id\":\"https:\\\/\\\/algarve7.pt\\\/index.php\\\/2021\\\/12\\\/sem-abrigo-de-portimao-voltam-a-poder-pernoitar-num-abrigo-temporario-com-boas-condicoes-de-conforto\\\/atualidade\\\/16\\\/59\\\/#primaryimage\"},\"thumbnailUrl\":\"https:\\\/\\\/algarve7.pt\\\/wp-content\\\/uploads\\\/2021\\\/12\\\/Nucleo-Temporario-para-pessoas-em-situacao-de-sem-abrigo.jpg\",\"keywords\":[\"Algarve\",\"Atualidade\",\"Portim\u00e3o\"],\"articleSection\":[\"Atualidade\"],\"inLanguage\":\"pt-PT\",\"potentialAction\":[{\"@type\":\"CommentAction\",\"name\":\"Comment\",\"target\":[\"https:\\\/\\\/algarve7.pt\\\/index.php\\\/2021\\\/12\\\/sem-abrigo-de-portimao-voltam-a-poder-pernoitar-num-abrigo-temporario-com-boas-condicoes-de-conforto\\\/atualidade\\\/16\\\/59\\\/#respond\"]}]},{\"@type\":\"WebPage\",\"@id\":\"https:\\\/\\\/algarve7.pt\\\/index.php\\\/2021\\\/12\\\/sem-abrigo-de-portimao-voltam-a-poder-pernoitar-num-abrigo-temporario-com-boas-condicoes-de-conforto\\\/atualidade\\\/16\\\/59\\\/\",\"url\":\"https:\\\/\\\/algarve7.pt\\\/index.php\\\/2021\\\/12\\\/sem-abrigo-de-portimao-voltam-a-poder-pernoitar-num-abrigo-temporario-com-boas-condicoes-de-conforto\\\/atualidade\\\/16\\\/59\\\/\",\"name\":\"Sem-abrigo de Portim\u00e3o voltam a poder pernoitar num abrigo tempor\u00e1rio com boas condi\u00e7\u00f5es de conforto - Algarve 7\",\"isPartOf\":{\"@id\":\"https:\\\/\\\/algarve7.pt\\\/#website\"},\"primaryImageOfPage\":{\"@id\":\"https:\\\/\\\/algarve7.pt\\\/index.php\\\/2021\\\/12\\\/sem-abrigo-de-portimao-voltam-a-poder-pernoitar-num-abrigo-temporario-com-boas-condicoes-de-conforto\\\/atualidade\\\/16\\\/59\\\/#primaryimage\"},\"image\":{\"@id\":\"https:\\\/\\\/algarve7.pt\\\/index.php\\\/2021\\\/12\\\/sem-abrigo-de-portimao-voltam-a-poder-pernoitar-num-abrigo-temporario-com-boas-condicoes-de-conforto\\\/atualidade\\\/16\\\/59\\\/#primaryimage\"},\"thumbnailUrl\":\"https:\\\/\\\/algarve7.pt\\\/wp-content\\\/uploads\\\/2021\\\/12\\\/Nucleo-Temporario-para-pessoas-em-situacao-de-sem-abrigo.jpg\",\"datePublished\":\"2021-12-23T16:59:00+00:00\",\"description\":\"Sem-abrigo de Portim\u00e3o voltam a poder pernoitar num abrigo tempor\u00e1rio com boas condi\u00e7\u00f5es de conforto Atualidade\",\"breadcrumb\":{\"@id\":\"https:\\\/\\\/algarve7.pt\\\/index.php\\\/2021\\\/12\\\/sem-abrigo-de-portimao-voltam-a-poder-pernoitar-num-abrigo-temporario-com-boas-condicoes-de-conforto\\\/atualidade\\\/16\\\/59\\\/#breadcrumb\"},\"inLanguage\":\"pt-PT\",\"potentialAction\":[{\"@type\":\"ReadAction\",\"target\":[\"https:\\\/\\\/algarve7.pt\\\/index.php\\\/2021\\\/12\\\/sem-abrigo-de-portimao-voltam-a-poder-pernoitar-num-abrigo-temporario-com-boas-condicoes-de-conforto\\\/atualidade\\\/16\\\/59\\\/\"]}]},{\"@type\":\"ImageObject\",\"inLanguage\":\"pt-PT\",\"@id\":\"https:\\\/\\\/algarve7.pt\\\/index.php\\\/2021\\\/12\\\/sem-abrigo-de-portimao-voltam-a-poder-pernoitar-num-abrigo-temporario-com-boas-condicoes-de-conforto\\\/atualidade\\\/16\\\/59\\\/#primaryimage\",\"url\":\"https:\\\/\\\/algarve7.pt\\\/wp-content\\\/uploads\\\/2021\\\/12\\\/Nucleo-Temporario-para-pessoas-em-situacao-de-sem-abrigo.jpg\",\"contentUrl\":\"https:\\\/\\\/algarve7.pt\\\/wp-content\\\/uploads\\\/2021\\\/12\\\/Nucleo-Temporario-para-pessoas-em-situacao-de-sem-abrigo.jpg\",\"width\":1200,\"height\":800},{\"@type\":\"BreadcrumbList\",\"@id\":\"https:\\\/\\\/algarve7.pt\\\/index.php\\\/2021\\\/12\\\/sem-abrigo-de-portimao-voltam-a-poder-pernoitar-num-abrigo-temporario-com-boas-condicoes-de-conforto\\\/atualidade\\\/16\\\/59\\\/#breadcrumb\",\"itemListElement\":[{\"@type\":\"ListItem\",\"position\":1,\"name\":\"In\u00edcio\",\"item\":\"https:\\\/\\\/algarve7.pt\\\/\"},{\"@type\":\"ListItem\",\"position\":2,\"name\":\"Sem-abrigo de Portim\u00e3o voltam a poder pernoitar num abrigo tempor\u00e1rio com boas condi\u00e7\u00f5es de conforto\"}]},{\"@type\":\"WebSite\",\"@id\":\"https:\\\/\\\/algarve7.pt\\\/#website\",\"url\":\"https:\\\/\\\/algarve7.pt\\\/\",\"name\":\"Algarve 7\",\"description\":\"Informa\u00e7\u00e3o sobre o Algarve\",\"publisher\":{\"@id\":\"https:\\\/\\\/algarve7.pt\\\/#organization\"},\"potentialAction\":[{\"@type\":\"SearchAction\",\"target\":{\"@type\":\"EntryPoint\",\"urlTemplate\":\"https:\\\/\\\/algarve7.pt\\\/?s={search_term_string}\"},\"query-input\":{\"@type\":\"PropertyValueSpecification\",\"valueRequired\":true,\"valueName\":\"search_term_string\"}}],\"inLanguage\":\"pt-PT\"},{\"@type\":\"Organization\",\"@id\":\"https:\\\/\\\/algarve7.pt\\\/#organization\",\"name\":\"Algarve 7\",\"url\":\"https:\\\/\\\/algarve7.pt\\\/\",\"logo\":{\"@type\":\"ImageObject\",\"inLanguage\":\"pt-PT\",\"@id\":\"https:\\\/\\\/algarve7.pt\\\/#\\\/schema\\\/logo\\\/image\\\/\",\"url\":\"https:\\\/\\\/algarve7.pt\\\/wp-content\\\/uploads\\\/2020\\\/10\\\/Logo-8.jpg\",\"contentUrl\":\"https:\\\/\\\/algarve7.pt\\\/wp-content\\\/uploads\\\/2020\\\/10\\\/Logo-8.jpg\",\"width\":1680,\"height\":1186,\"caption\":\"Algarve 7\"},\"image\":{\"@id\":\"https:\\\/\\\/algarve7.pt\\\/#\\\/schema\\\/logo\\\/image\\\/\"},\"sameAs\":[\"https:\\\/\\\/www.facebook.com\\\/algarve7\",\"https:\\\/\\\/x.com\\\/Algarvesete\",\"https:\\\/\\\/www.instagram.com\\\/jornalalgarve7\\\/\",\"https:\\\/\\\/www.linkedin.com\\\/company\\\/algarve7\",\"https:\\\/\\\/www.pinterest.pt\\\/geral0939\\\/_created\\\/\"]},{\"@type\":\"Person\",\"@id\":\"https:\\\/\\\/algarve7.pt\\\/#\\\/schema\\\/person\\\/23fa70681308e7b319a3204bcea45e0c\",\"name\":\"Algarve 7\",\"sameAs\":[\"https:\\\/\\\/algarve7.pt\",\"https:\\\/\\\/www.facebook.com\\\/algarve7\"],\"url\":\"https:\\\/\\\/algarve7.pt\\\/index.php\\\/author\\\/geralalgarve7-pt\\\/\"}]}<\/script>\n<!-- \/ Yoast SEO plugin. -->","yoast_head_json":{"title":"Sem-abrigo de Portim\u00e3o voltam a poder pernoitar num abrigo tempor\u00e1rio com boas condi\u00e7\u00f5es de conforto - Algarve 7","description":"Sem-abrigo de Portim\u00e3o voltam a poder pernoitar num abrigo tempor\u00e1rio com boas condi\u00e7\u00f5es de conforto Atualidade","robots":{"index":"index","follow":"follow","max-snippet":"max-snippet:-1","max-image-preview":"max-image-preview:large","max-video-preview":"max-video-preview:-1"},"canonical":"https:\/\/algarve7.pt\/index.php\/2021\/12\/sem-abrigo-de-portimao-voltam-a-poder-pernoitar-num-abrigo-temporario-com-boas-condicoes-de-conforto\/atualidade\/16\/59\/","og_locale":"pt_PT","og_type":"article","og_title":"Sem-abrigo de Portim\u00e3o voltam a poder pernoitar num abrigo tempor\u00e1rio com boas condi\u00e7\u00f5es de conforto - Algarve 7","og_description":"Sem-abrigo de Portim\u00e3o voltam a poder pernoitar num abrigo tempor\u00e1rio com boas condi\u00e7\u00f5es de conforto Atualidade","og_url":"https:\/\/algarve7.pt\/index.php\/2021\/12\/sem-abrigo-de-portimao-voltam-a-poder-pernoitar-num-abrigo-temporario-com-boas-condicoes-de-conforto\/atualidade\/16\/59\/","og_site_name":"Algarve 7","article_publisher":"https:\/\/www.facebook.com\/algarve7","article_author":"https:\/\/www.facebook.com\/algarve7","article_published_time":"2021-12-23T16:59:00+00:00","og_image":[{"width":1200,"height":800,"url":"https:\/\/algarve7.pt\/wp-content\/uploads\/2021\/12\/Nucleo-Temporario-para-pessoas-em-situacao-de-sem-abrigo.jpg","type":"image\/jpeg"}],"author":"Algarve 7","twitter_card":"summary_large_image","twitter_creator":"@Algarvesete","twitter_site":"@Algarvesete","twitter_misc":{"Escrito por":"Algarve 7","Tempo estimado de leitura":"2 minutos"},"schema":{"@context":"https:\/\/schema.org","@graph":[{"@type":"Article","@id":"https:\/\/algarve7.pt\/index.php\/2021\/12\/sem-abrigo-de-portimao-voltam-a-poder-pernoitar-num-abrigo-temporario-com-boas-condicoes-de-conforto\/atualidade\/16\/59\/#article","isPartOf":{"@id":"https:\/\/algarve7.pt\/index.php\/2021\/12\/sem-abrigo-de-portimao-voltam-a-poder-pernoitar-num-abrigo-temporario-com-boas-condicoes-de-conforto\/atualidade\/16\/59\/"},"author":{"name":"Algarve 7","@id":"https:\/\/algarve7.pt\/#\/schema\/person\/23fa70681308e7b319a3204bcea45e0c"},"headline":"Sem-abrigo de Portim\u00e3o voltam a poder pernoitar num abrigo tempor\u00e1rio com boas condi\u00e7\u00f5es de conforto","datePublished":"2021-12-23T16:59:00+00:00","mainEntityOfPage":{"@id":"https:\/\/algarve7.pt\/index.php\/2021\/12\/sem-abrigo-de-portimao-voltam-a-poder-pernoitar-num-abrigo-temporario-com-boas-condicoes-de-conforto\/atualidade\/16\/59\/"},"wordCount":362,"commentCount":0,"publisher":{"@id":"https:\/\/algarve7.pt\/#organization"},"image":{"@id":"https:\/\/algarve7.pt\/index.php\/2021\/12\/sem-abrigo-de-portimao-voltam-a-poder-pernoitar-num-abrigo-temporario-com-boas-condicoes-de-conforto\/atualidade\/16\/59\/#primaryimage"},"thumbnailUrl":"https:\/\/algarve7.pt\/wp-content\/uploads\/2021\/12\/Nucleo-Temporario-para-pessoas-em-situacao-de-sem-abrigo.jpg","keywords":["Algarve","Atualidade","Portim\u00e3o"],"articleSection":["Atualidade"],"inLanguage":"pt-PT","potentialAction":[{"@type":"CommentAction","name":"Comment","target":["https:\/\/algarve7.pt\/index.php\/2021\/12\/sem-abrigo-de-portimao-voltam-a-poder-pernoitar-num-abrigo-temporario-com-boas-condicoes-de-conforto\/atualidade\/16\/59\/#respond"]}]},{"@type":"WebPage","@id":"https:\/\/algarve7.pt\/index.php\/2021\/12\/sem-abrigo-de-portimao-voltam-a-poder-pernoitar-num-abrigo-temporario-com-boas-condicoes-de-conforto\/atualidade\/16\/59\/","url":"https:\/\/algarve7.pt\/index.php\/2021\/12\/sem-abrigo-de-portimao-voltam-a-poder-pernoitar-num-abrigo-temporario-com-boas-condicoes-de-conforto\/atualidade\/16\/59\/","name":"Sem-abrigo de Portim\u00e3o voltam a poder pernoitar num abrigo tempor\u00e1rio com boas condi\u00e7\u00f5es de conforto - Algarve 7","isPartOf":{"@id":"https:\/\/algarve7.pt\/#website"},"primaryImageOfPage":{"@id":"https:\/\/algarve7.pt\/index.php\/2021\/12\/sem-abrigo-de-portimao-voltam-a-poder-pernoitar-num-abrigo-temporario-com-boas-condicoes-de-conforto\/atualidade\/16\/59\/#primaryimage"},"image":{"@id":"https:\/\/algarve7.pt\/index.php\/2021\/12\/sem-abrigo-de-portimao-voltam-a-poder-pernoitar-num-abrigo-temporario-com-boas-condicoes-de-conforto\/atualidade\/16\/59\/#primaryimage"},"thumbnailUrl":"https:\/\/algarve7.pt\/wp-content\/uploads\/2021\/12\/Nucleo-Temporario-para-pessoas-em-situacao-de-sem-abrigo.jpg","datePublished":"2021-12-23T16:59:00+00:00","description":"Sem-abrigo de Portim\u00e3o voltam a poder pernoitar num abrigo tempor\u00e1rio com boas condi\u00e7\u00f5es de conforto Atualidade","breadcrumb":{"@id":"https:\/\/algarve7.pt\/index.php\/2021\/12\/sem-abrigo-de-portimao-voltam-a-poder-pernoitar-num-abrigo-temporario-com-boas-condicoes-de-conforto\/atualidade\/16\/59\/#breadcrumb"},"inLanguage":"pt-PT","potentialAction":[{"@type":"ReadAction","target":["https:\/\/algarve7.pt\/index.php\/2021\/12\/sem-abrigo-de-portimao-voltam-a-poder-pernoitar-num-abrigo-temporario-com-boas-condicoes-de-conforto\/atualidade\/16\/59\/"]}]},{"@type":"ImageObject","inLanguage":"pt-PT","@id":"https:\/\/algarve7.pt\/index.php\/2021\/12\/sem-abrigo-de-portimao-voltam-a-poder-pernoitar-num-abrigo-temporario-com-boas-condicoes-de-conforto\/atualidade\/16\/59\/#primaryimage","url":"https:\/\/algarve7.pt\/wp-content\/uploads\/2021\/12\/Nucleo-Temporario-para-pessoas-em-situacao-de-sem-abrigo.jpg","contentUrl":"https:\/\/algarve7.pt\/wp-content\/uploads\/2021\/12\/Nucleo-Temporario-para-pessoas-em-situacao-de-sem-abrigo.jpg","width":1200,"height":800},{"@type":"BreadcrumbList","@id":"https:\/\/algarve7.pt\/index.php\/2021\/12\/sem-abrigo-de-portimao-voltam-a-poder-pernoitar-num-abrigo-temporario-com-boas-condicoes-de-conforto\/atualidade\/16\/59\/#breadcrumb","itemListElement":[{"@type":"ListItem","position":1,"name":"In\u00edcio","item":"https:\/\/algarve7.pt\/"},{"@type":"ListItem","position":2,"name":"Sem-abrigo de Portim\u00e3o voltam a poder pernoitar num abrigo tempor\u00e1rio com boas condi\u00e7\u00f5es de conforto"}]},{"@type":"WebSite","@id":"https:\/\/algarve7.pt\/#website","url":"https:\/\/algarve7.pt\/","name":"Algarve 7","description":"Informa\u00e7\u00e3o sobre o Algarve","publisher":{"@id":"https:\/\/algarve7.pt\/#organization"},"potentialAction":[{"@type":"SearchAction","target":{"@type":"EntryPoint","urlTemplate":"https:\/\/algarve7.pt\/?s={search_term_string}"},"query-input":{"@type":"PropertyValueSpecification","valueRequired":true,"valueName":"search_term_string"}}],"inLanguage":"pt-PT"},{"@type":"Organization","@id":"https:\/\/algarve7.pt\/#organization","name":"Algarve 7","url":"https:\/\/algarve7.pt\/","logo":{"@type":"ImageObject","inLanguage":"pt-PT","@id":"https:\/\/algarve7.pt\/#\/schema\/logo\/image\/","url":"https:\/\/algarve7.pt\/wp-content\/uploads\/2020\/10\/Logo-8.jpg","contentUrl":"https:\/\/algarve7.pt\/wp-content\/uploads\/2020\/10\/Logo-8.jpg","width":1680,"height":1186,"caption":"Algarve 7"},"image":{"@id":"https:\/\/algarve7.pt\/#\/schema\/logo\/image\/"},"sameAs":["https:\/\/www.facebook.com\/algarve7","https:\/\/x.com\/Algarvesete","https:\/\/www.instagram.com\/jornalalgarve7\/","https:\/\/www.linkedin.com\/company\/algarve7","https:\/\/www.pinterest.pt\/geral0939\/_created\/"]},{"@type":"Person","@id":"https:\/\/algarve7.pt\/#\/schema\/person\/23fa70681308e7b319a3204bcea45e0c","name":"Algarve 7","sameAs":["https:\/\/algarve7.pt","https:\/\/www.facebook.com\/algarve7"],"url":"https:\/\/algarve7.pt\/index.php\/author\/geralalgarve7-pt\/"}]}},"jetpack_publicize_connections":[],"jetpack_featured_media_url":"https:\/\/algarve7.pt\/wp-content\/uploads\/2021\/12\/Nucleo-Temporario-para-pessoas-em-situacao-de-sem-abrigo.jpg","jetpack_shortlink":"https:\/\/wp.me\/pcezmW-3H9","jetpack_sharing_enabled":true,"_links":{"self":[{"href":"https:\/\/algarve7.pt\/index.php\/wp-json\/wp\/v2\/posts\/14207","targetHints":{"allow":["GET"]}}],"collection":[{"href":"https:\/\/algarve7.pt\/index.php\/wp-json\/wp\/v2\/posts"}],"about":[{"href":"https:\/\/algarve7.pt\/index.php\/wp-json\/wp\/v2\/types\/post"}],"author":[{"embeddable":true,"href":"https:\/\/algarve7.pt\/index.php\/wp-json\/wp\/v2\/users\/1"}],"replies":[{"embeddable":true,"href":"https:\/\/algarve7.pt\/index.php\/wp-json\/wp\/v2\/comments?post=14207"}],"version-history":[{"count":0,"href":"https:\/\/algarve7.pt\/index.php\/wp-json\/wp\/v2\/posts\/14207\/revisions"}],"wp:featuredmedia":[{"embeddable":true,"href":"https:\/\/algarve7.pt\/index.php\/wp-json\/wp\/v2\/media\/14208"}],"wp:attachment":[{"href":"https:\/\/algarve7.pt\/index.php\/wp-json\/wp\/v2\/media?parent=14207"}],"wp:term":[{"taxonomy":"category","embeddable":true,"href":"https:\/\/algarve7.pt\/index.php\/wp-json\/wp\/v2\/categories?post=14207"},{"taxonomy":"post_tag","embeddable":true,"href":"https:\/\/algarve7.pt\/index.php\/wp-json\/wp\/v2\/tags?post=14207"}],"curies":[{"name":"wp","href":"https:\/\/api.w.org\/{rel}","templated":true}]}}