{"id":14197,"date":"2021-12-23T08:00:00","date_gmt":"2021-12-23T08:00:00","guid":{"rendered":"https:\/\/algarve7.pt\/?p=14197"},"modified":"2021-12-22T21:16:42","modified_gmt":"2021-12-22T21:16:42","slug":"programa-de-apoio-a-reducao-tarifaria-dos-transportes-publicos-sofreu-alteracoes-para-2022","status":"publish","type":"post","link":"https:\/\/algarve7.pt\/index.php\/2021\/12\/programa-de-apoio-a-reducao-tarifaria-dos-transportes-publicos-sofreu-alteracoes-para-2022\/atualidade\/08\/00\/","title":{"rendered":"Programa de Apoio \u00e0 Redu\u00e7\u00e3o Tarif\u00e1ria dos Transportes P\u00fablicos sofreu altera\u00e7\u00f5es para 2022"},"content":{"rendered":"\n<p>A execu\u00e7\u00e3o do PART &#8211; Programa de Apoio \u00e0 Redu\u00e7\u00e3o Tarif\u00e1ria dos Transportes P\u00fablicos sofreu altera\u00e7\u00f5es para 2022. O desconto nos tarif\u00e1rios dos transportes p\u00fablicos mant\u00e9m-se, mas com altera\u00e7\u00f5es no valor m\u00e1ximo dos passes, ao n\u00edvel do transporte rodovi\u00e1rio.<\/p>\n\n\n\n<p>Recorde-se que este Programa, criado em 2019, visa atrair passageiros para o transporte coletivo, incentivando a popula\u00e7\u00e3o em geral a adotar h\u00e1bitos de mobilidade mais sustent\u00e1veis e apoiando as autoridades de transporte com uma verba anual, que lhes permita operar um criterioso ajustamento tarif\u00e1rio e da oferta, no valor total de cerca de 1,4 milh\u00f5es de euros. Este apoio financeiro prov\u00e9m do Fundo Ambiental e dos Munic\u00edpios.&nbsp;<\/p>\n\n\n\n<p>Para 2022, foram recentemente aprovadas altera\u00e7\u00f5es, no que diz respeito ao transporte rodovi\u00e1rio. Para este transporte deixa de existir o tecto m\u00e1ximo dos 40\u20ac para os passes mensais, \u00e0 semelhan\u00e7a do que j\u00e1 acontece desde maio de 2021 no transporte ferrovi\u00e1rio, mantendo os passageiros o benef\u00edcio de um desconto aplicado pela AMAL de 50%, em rela\u00e7\u00e3o ao pre\u00e7o total do passe.&nbsp;<\/p>\n\n\n\n<p>Refira-se que esta altera\u00e7\u00e3o foi aprovada, uma vez que a fixa\u00e7\u00e3o de um valor m\u00e1ximo de 40 \u20ac no valor do passe gerou, nos \u00faltimos dois anos, sobretudo no ferrovi\u00e1rio, um aumento na venda de passes de escal\u00f5es mais elevados. Essa situa\u00e7\u00e3o condicionou o financiamento total, aos operadores de transporte, dos descontos tarif\u00e1rios aprovados.&nbsp;<\/p>\n\n\n\n<p>Sublinhe-se que a implementa\u00e7\u00e3o deste programa apenas \u00e9 poss\u00edvel com o financiamento da administra\u00e7\u00e3o central e local, que garantem o sucesso da medida, reduzindo os encargos com as desloca\u00e7\u00f5es e dando um passo importante em termos ambientais, reduzindo os autom\u00f3veis na via p\u00fablica e os n\u00edveis de polui\u00e7\u00e3o atmosf\u00e9rica.&nbsp;<\/p>\n\n\n\n<p>Para melhorar a qualidade de vida e mobilidade na regi\u00e3o algarvia, a AMAL est\u00e1 tamb\u00e9m j\u00e1 a trabalhar noutras solu\u00e7\u00f5es, nomeadamente na introdu\u00e7\u00e3o de um passe \u00fanico que vai permitir aos residentes e visitantes utilizarem os transportes p\u00fablicos da Regi\u00e3o atrav\u00e9s de um \u00fanico t\u00edtulo de transporte. Uma medida que, acredita a AMAL, poder\u00e1 contribuir para a migra\u00e7\u00e3o do transporte individual para o transporte p\u00fablico nas desloca\u00e7\u00f5es di\u00e1rias no Algarve. Prev\u00ea-se que esta medida possa ser implementada durante o ano de 2022.<\/p>\n","protected":false},"excerpt":{"rendered":"<p>A execu\u00e7\u00e3o do PART &#8211; Programa de Apoio \u00e0 Redu\u00e7\u00e3o Tarif\u00e1ria dos Transportes P\u00fablicos sofreu altera\u00e7\u00f5es para 2022. O desconto<\/p>\n","protected":false},"author":1,"featured_media":14198,"comment_status":"open","ping_status":"open","sticky":false,"template":"","format":"standard","meta":{"colormag_page_container_layout":"default_layout","colormag_page_sidebar_layout":"default_layout","_monsterinsights_skip_tracking":false,"_monsterinsights_sitenote_active":false,"_monsterinsights_sitenote_note":"","_monsterinsights_sitenote_category":0,"jetpack_post_was_ever_published":false,"_jetpack_newsletter_access":"","_jetpack_dont_email_post_to_subs":false,"_jetpack_newsletter_tier_id":0,"_jetpack_memberships_contains_paywalled_content":false,"_jetpack_memberships_contains_paid_content":false,"footnotes":"","jetpack_publicize_message":"","jetpack_publicize_feature_enabled":true,"jetpack_social_post_already_shared":true,"jetpack_social_options":{"image_generator_settings":{"template":"highway","default_image_id":0,"font":"","enabled":false},"version":2}},"categories":[11],"tags":[36,207,62],"class_list":["post-14197","post","type-post","status-publish","format-standard","has-post-thumbnail","hentry","category-atualidade","tag-algarve","tag-amal","tag-atualidade"],"yoast_head":"<!-- This site is optimized with the Yoast SEO plugin v27.5 - https:\/\/yoast.com\/product\/yoast-seo-wordpress\/ -->\n<title>Programa de Apoio \u00e0 Redu\u00e7\u00e3o Tarif\u00e1ria dos Transportes P\u00fablicos sofreu altera\u00e7\u00f5es para 2022 - Algarve 7<\/title>\n<meta name=\"description\" content=\"Programa de Apoio \u00e0 Redu\u00e7\u00e3o Tarif\u00e1ria dos Transportes P\u00fablicos sofreu altera\u00e7\u00f5es para 2022 Atualidade\" \/>\n<meta name=\"robots\" content=\"index, follow, max-snippet:-1, max-image-preview:large, max-video-preview:-1\" \/>\n<link rel=\"canonical\" href=\"https:\/\/algarve7.pt\/index.php\/2021\/12\/programa-de-apoio-a-reducao-tarifaria-dos-transportes-publicos-sofreu-alteracoes-para-2022\/atualidade\/08\/00\/\" \/>\n<meta property=\"og:locale\" content=\"pt_PT\" \/>\n<meta property=\"og:type\" content=\"article\" \/>\n<meta property=\"og:title\" content=\"Programa de Apoio \u00e0 Redu\u00e7\u00e3o Tarif\u00e1ria dos Transportes P\u00fablicos sofreu altera\u00e7\u00f5es para 2022 - Algarve 7\" \/>\n<meta property=\"og:description\" content=\"Programa de Apoio \u00e0 Redu\u00e7\u00e3o Tarif\u00e1ria dos Transportes P\u00fablicos sofreu altera\u00e7\u00f5es para 2022 Atualidade\" \/>\n<meta property=\"og:url\" content=\"https:\/\/algarve7.pt\/index.php\/2021\/12\/programa-de-apoio-a-reducao-tarifaria-dos-transportes-publicos-sofreu-alteracoes-para-2022\/atualidade\/08\/00\/\" \/>\n<meta property=\"og:site_name\" content=\"Algarve 7\" \/>\n<meta property=\"article:publisher\" content=\"https:\/\/www.facebook.com\/algarve7\" \/>\n<meta property=\"article:author\" content=\"https:\/\/www.facebook.com\/algarve7\" \/>\n<meta property=\"article:published_time\" content=\"2021-12-23T08:00:00+00:00\" \/>\n<meta property=\"og:image\" content=\"https:\/\/algarve7.pt\/wp-content\/uploads\/2021\/12\/VAMUS_Autocarro.jpg\" \/>\n\t<meta property=\"og:image:width\" content=\"1024\" \/>\n\t<meta property=\"og:image:height\" content=\"550\" \/>\n\t<meta property=\"og:image:type\" content=\"image\/jpeg\" \/>\n<meta name=\"author\" content=\"Algarve 7\" \/>\n<meta name=\"twitter:card\" content=\"summary_large_image\" \/>\n<meta name=\"twitter:creator\" content=\"@Algarvesete\" \/>\n<meta name=\"twitter:site\" content=\"@Algarvesete\" \/>\n<meta name=\"twitter:label1\" content=\"Escrito por\" \/>\n\t<meta name=\"twitter:data1\" content=\"Algarve 7\" \/>\n\t<meta name=\"twitter:label2\" content=\"Tempo estimado de leitura\" \/>\n\t<meta name=\"twitter:data2\" content=\"2 minutos\" \/>\n<script type=\"application\/ld+json\" class=\"yoast-schema-graph\">{\"@context\":\"https:\\\/\\\/schema.org\",\"@graph\":[{\"@type\":\"Article\",\"@id\":\"https:\\\/\\\/algarve7.pt\\\/index.php\\\/2021\\\/12\\\/programa-de-apoio-a-reducao-tarifaria-dos-transportes-publicos-sofreu-alteracoes-para-2022\\\/atualidade\\\/08\\\/00\\\/#article\",\"isPartOf\":{\"@id\":\"https:\\\/\\\/algarve7.pt\\\/index.php\\\/2021\\\/12\\\/programa-de-apoio-a-reducao-tarifaria-dos-transportes-publicos-sofreu-alteracoes-para-2022\\\/atualidade\\\/08\\\/00\\\/\"},\"author\":{\"name\":\"Algarve 7\",\"@id\":\"https:\\\/\\\/algarve7.pt\\\/#\\\/schema\\\/person\\\/23fa70681308e7b319a3204bcea45e0c\"},\"headline\":\"Programa de Apoio \u00e0 Redu\u00e7\u00e3o Tarif\u00e1ria dos Transportes P\u00fablicos sofreu altera\u00e7\u00f5es para 2022\",\"datePublished\":\"2021-12-23T08:00:00+00:00\",\"mainEntityOfPage\":{\"@id\":\"https:\\\/\\\/algarve7.pt\\\/index.php\\\/2021\\\/12\\\/programa-de-apoio-a-reducao-tarifaria-dos-transportes-publicos-sofreu-alteracoes-para-2022\\\/atualidade\\\/08\\\/00\\\/\"},\"wordCount\":414,\"commentCount\":0,\"publisher\":{\"@id\":\"https:\\\/\\\/algarve7.pt\\\/#organization\"},\"image\":{\"@id\":\"https:\\\/\\\/algarve7.pt\\\/index.php\\\/2021\\\/12\\\/programa-de-apoio-a-reducao-tarifaria-dos-transportes-publicos-sofreu-alteracoes-para-2022\\\/atualidade\\\/08\\\/00\\\/#primaryimage\"},\"thumbnailUrl\":\"https:\\\/\\\/algarve7.pt\\\/wp-content\\\/uploads\\\/2021\\\/12\\\/VAMUS_Autocarro.jpg\",\"keywords\":[\"Algarve\",\"Amal\",\"Atualidade\"],\"articleSection\":[\"Atualidade\"],\"inLanguage\":\"pt-PT\",\"potentialAction\":[{\"@type\":\"CommentAction\",\"name\":\"Comment\",\"target\":[\"https:\\\/\\\/algarve7.pt\\\/index.php\\\/2021\\\/12\\\/programa-de-apoio-a-reducao-tarifaria-dos-transportes-publicos-sofreu-alteracoes-para-2022\\\/atualidade\\\/08\\\/00\\\/#respond\"]}]},{\"@type\":\"WebPage\",\"@id\":\"https:\\\/\\\/algarve7.pt\\\/index.php\\\/2021\\\/12\\\/programa-de-apoio-a-reducao-tarifaria-dos-transportes-publicos-sofreu-alteracoes-para-2022\\\/atualidade\\\/08\\\/00\\\/\",\"url\":\"https:\\\/\\\/algarve7.pt\\\/index.php\\\/2021\\\/12\\\/programa-de-apoio-a-reducao-tarifaria-dos-transportes-publicos-sofreu-alteracoes-para-2022\\\/atualidade\\\/08\\\/00\\\/\",\"name\":\"Programa de Apoio \u00e0 Redu\u00e7\u00e3o Tarif\u00e1ria dos Transportes P\u00fablicos sofreu altera\u00e7\u00f5es para 2022 - Algarve 7\",\"isPartOf\":{\"@id\":\"https:\\\/\\\/algarve7.pt\\\/#website\"},\"primaryImageOfPage\":{\"@id\":\"https:\\\/\\\/algarve7.pt\\\/index.php\\\/2021\\\/12\\\/programa-de-apoio-a-reducao-tarifaria-dos-transportes-publicos-sofreu-alteracoes-para-2022\\\/atualidade\\\/08\\\/00\\\/#primaryimage\"},\"image\":{\"@id\":\"https:\\\/\\\/algarve7.pt\\\/index.php\\\/2021\\\/12\\\/programa-de-apoio-a-reducao-tarifaria-dos-transportes-publicos-sofreu-alteracoes-para-2022\\\/atualidade\\\/08\\\/00\\\/#primaryimage\"},\"thumbnailUrl\":\"https:\\\/\\\/algarve7.pt\\\/wp-content\\\/uploads\\\/2021\\\/12\\\/VAMUS_Autocarro.jpg\",\"datePublished\":\"2021-12-23T08:00:00+00:00\",\"description\":\"Programa de Apoio \u00e0 Redu\u00e7\u00e3o Tarif\u00e1ria dos Transportes P\u00fablicos sofreu altera\u00e7\u00f5es para 2022 Atualidade\",\"breadcrumb\":{\"@id\":\"https:\\\/\\\/algarve7.pt\\\/index.php\\\/2021\\\/12\\\/programa-de-apoio-a-reducao-tarifaria-dos-transportes-publicos-sofreu-alteracoes-para-2022\\\/atualidade\\\/08\\\/00\\\/#breadcrumb\"},\"inLanguage\":\"pt-PT\",\"potentialAction\":[{\"@type\":\"ReadAction\",\"target\":[\"https:\\\/\\\/algarve7.pt\\\/index.php\\\/2021\\\/12\\\/programa-de-apoio-a-reducao-tarifaria-dos-transportes-publicos-sofreu-alteracoes-para-2022\\\/atualidade\\\/08\\\/00\\\/\"]}]},{\"@type\":\"ImageObject\",\"inLanguage\":\"pt-PT\",\"@id\":\"https:\\\/\\\/algarve7.pt\\\/index.php\\\/2021\\\/12\\\/programa-de-apoio-a-reducao-tarifaria-dos-transportes-publicos-sofreu-alteracoes-para-2022\\\/atualidade\\\/08\\\/00\\\/#primaryimage\",\"url\":\"https:\\\/\\\/algarve7.pt\\\/wp-content\\\/uploads\\\/2021\\\/12\\\/VAMUS_Autocarro.jpg\",\"contentUrl\":\"https:\\\/\\\/algarve7.pt\\\/wp-content\\\/uploads\\\/2021\\\/12\\\/VAMUS_Autocarro.jpg\",\"width\":1024,\"height\":550},{\"@type\":\"BreadcrumbList\",\"@id\":\"https:\\\/\\\/algarve7.pt\\\/index.php\\\/2021\\\/12\\\/programa-de-apoio-a-reducao-tarifaria-dos-transportes-publicos-sofreu-alteracoes-para-2022\\\/atualidade\\\/08\\\/00\\\/#breadcrumb\",\"itemListElement\":[{\"@type\":\"ListItem\",\"position\":1,\"name\":\"In\u00edcio\",\"item\":\"https:\\\/\\\/algarve7.pt\\\/\"},{\"@type\":\"ListItem\",\"position\":2,\"name\":\"Programa de Apoio \u00e0 Redu\u00e7\u00e3o Tarif\u00e1ria dos Transportes P\u00fablicos sofreu altera\u00e7\u00f5es para 2022\"}]},{\"@type\":\"WebSite\",\"@id\":\"https:\\\/\\\/algarve7.pt\\\/#website\",\"url\":\"https:\\\/\\\/algarve7.pt\\\/\",\"name\":\"Algarve 7\",\"description\":\"Informa\u00e7\u00e3o sobre o Algarve\",\"publisher\":{\"@id\":\"https:\\\/\\\/algarve7.pt\\\/#organization\"},\"potentialAction\":[{\"@type\":\"SearchAction\",\"target\":{\"@type\":\"EntryPoint\",\"urlTemplate\":\"https:\\\/\\\/algarve7.pt\\\/?s={search_term_string}\"},\"query-input\":{\"@type\":\"PropertyValueSpecification\",\"valueRequired\":true,\"valueName\":\"search_term_string\"}}],\"inLanguage\":\"pt-PT\"},{\"@type\":\"Organization\",\"@id\":\"https:\\\/\\\/algarve7.pt\\\/#organization\",\"name\":\"Algarve 7\",\"url\":\"https:\\\/\\\/algarve7.pt\\\/\",\"logo\":{\"@type\":\"ImageObject\",\"inLanguage\":\"pt-PT\",\"@id\":\"https:\\\/\\\/algarve7.pt\\\/#\\\/schema\\\/logo\\\/image\\\/\",\"url\":\"https:\\\/\\\/algarve7.pt\\\/wp-content\\\/uploads\\\/2020\\\/10\\\/Logo-8.jpg\",\"contentUrl\":\"https:\\\/\\\/algarve7.pt\\\/wp-content\\\/uploads\\\/2020\\\/10\\\/Logo-8.jpg\",\"width\":1680,\"height\":1186,\"caption\":\"Algarve 7\"},\"image\":{\"@id\":\"https:\\\/\\\/algarve7.pt\\\/#\\\/schema\\\/logo\\\/image\\\/\"},\"sameAs\":[\"https:\\\/\\\/www.facebook.com\\\/algarve7\",\"https:\\\/\\\/x.com\\\/Algarvesete\",\"https:\\\/\\\/www.instagram.com\\\/jornalalgarve7\\\/\",\"https:\\\/\\\/www.linkedin.com\\\/company\\\/algarve7\",\"https:\\\/\\\/www.pinterest.pt\\\/geral0939\\\/_created\\\/\"]},{\"@type\":\"Person\",\"@id\":\"https:\\\/\\\/algarve7.pt\\\/#\\\/schema\\\/person\\\/23fa70681308e7b319a3204bcea45e0c\",\"name\":\"Algarve 7\",\"sameAs\":[\"https:\\\/\\\/algarve7.pt\",\"https:\\\/\\\/www.facebook.com\\\/algarve7\"],\"url\":\"https:\\\/\\\/algarve7.pt\\\/index.php\\\/author\\\/geralalgarve7-pt\\\/\"}]}<\/script>\n<!-- \/ Yoast SEO plugin. -->","yoast_head_json":{"title":"Programa de Apoio \u00e0 Redu\u00e7\u00e3o Tarif\u00e1ria dos Transportes P\u00fablicos sofreu altera\u00e7\u00f5es para 2022 - Algarve 7","description":"Programa de Apoio \u00e0 Redu\u00e7\u00e3o Tarif\u00e1ria dos Transportes P\u00fablicos sofreu altera\u00e7\u00f5es para 2022 Atualidade","robots":{"index":"index","follow":"follow","max-snippet":"max-snippet:-1","max-image-preview":"max-image-preview:large","max-video-preview":"max-video-preview:-1"},"canonical":"https:\/\/algarve7.pt\/index.php\/2021\/12\/programa-de-apoio-a-reducao-tarifaria-dos-transportes-publicos-sofreu-alteracoes-para-2022\/atualidade\/08\/00\/","og_locale":"pt_PT","og_type":"article","og_title":"Programa de Apoio \u00e0 Redu\u00e7\u00e3o Tarif\u00e1ria dos Transportes P\u00fablicos sofreu altera\u00e7\u00f5es para 2022 - Algarve 7","og_description":"Programa de Apoio \u00e0 Redu\u00e7\u00e3o Tarif\u00e1ria dos Transportes P\u00fablicos sofreu altera\u00e7\u00f5es para 2022 Atualidade","og_url":"https:\/\/algarve7.pt\/index.php\/2021\/12\/programa-de-apoio-a-reducao-tarifaria-dos-transportes-publicos-sofreu-alteracoes-para-2022\/atualidade\/08\/00\/","og_site_name":"Algarve 7","article_publisher":"https:\/\/www.facebook.com\/algarve7","article_author":"https:\/\/www.facebook.com\/algarve7","article_published_time":"2021-12-23T08:00:00+00:00","og_image":[{"width":1024,"height":550,"url":"https:\/\/algarve7.pt\/wp-content\/uploads\/2021\/12\/VAMUS_Autocarro.jpg","type":"image\/jpeg"}],"author":"Algarve 7","twitter_card":"summary_large_image","twitter_creator":"@Algarvesete","twitter_site":"@Algarvesete","twitter_misc":{"Escrito por":"Algarve 7","Tempo estimado de leitura":"2 minutos"},"schema":{"@context":"https:\/\/schema.org","@graph":[{"@type":"Article","@id":"https:\/\/algarve7.pt\/index.php\/2021\/12\/programa-de-apoio-a-reducao-tarifaria-dos-transportes-publicos-sofreu-alteracoes-para-2022\/atualidade\/08\/00\/#article","isPartOf":{"@id":"https:\/\/algarve7.pt\/index.php\/2021\/12\/programa-de-apoio-a-reducao-tarifaria-dos-transportes-publicos-sofreu-alteracoes-para-2022\/atualidade\/08\/00\/"},"author":{"name":"Algarve 7","@id":"https:\/\/algarve7.pt\/#\/schema\/person\/23fa70681308e7b319a3204bcea45e0c"},"headline":"Programa de Apoio \u00e0 Redu\u00e7\u00e3o Tarif\u00e1ria dos Transportes P\u00fablicos sofreu altera\u00e7\u00f5es para 2022","datePublished":"2021-12-23T08:00:00+00:00","mainEntityOfPage":{"@id":"https:\/\/algarve7.pt\/index.php\/2021\/12\/programa-de-apoio-a-reducao-tarifaria-dos-transportes-publicos-sofreu-alteracoes-para-2022\/atualidade\/08\/00\/"},"wordCount":414,"commentCount":0,"publisher":{"@id":"https:\/\/algarve7.pt\/#organization"},"image":{"@id":"https:\/\/algarve7.pt\/index.php\/2021\/12\/programa-de-apoio-a-reducao-tarifaria-dos-transportes-publicos-sofreu-alteracoes-para-2022\/atualidade\/08\/00\/#primaryimage"},"thumbnailUrl":"https:\/\/algarve7.pt\/wp-content\/uploads\/2021\/12\/VAMUS_Autocarro.jpg","keywords":["Algarve","Amal","Atualidade"],"articleSection":["Atualidade"],"inLanguage":"pt-PT","potentialAction":[{"@type":"CommentAction","name":"Comment","target":["https:\/\/algarve7.pt\/index.php\/2021\/12\/programa-de-apoio-a-reducao-tarifaria-dos-transportes-publicos-sofreu-alteracoes-para-2022\/atualidade\/08\/00\/#respond"]}]},{"@type":"WebPage","@id":"https:\/\/algarve7.pt\/index.php\/2021\/12\/programa-de-apoio-a-reducao-tarifaria-dos-transportes-publicos-sofreu-alteracoes-para-2022\/atualidade\/08\/00\/","url":"https:\/\/algarve7.pt\/index.php\/2021\/12\/programa-de-apoio-a-reducao-tarifaria-dos-transportes-publicos-sofreu-alteracoes-para-2022\/atualidade\/08\/00\/","name":"Programa de Apoio \u00e0 Redu\u00e7\u00e3o Tarif\u00e1ria dos Transportes P\u00fablicos sofreu altera\u00e7\u00f5es para 2022 - Algarve 7","isPartOf":{"@id":"https:\/\/algarve7.pt\/#website"},"primaryImageOfPage":{"@id":"https:\/\/algarve7.pt\/index.php\/2021\/12\/programa-de-apoio-a-reducao-tarifaria-dos-transportes-publicos-sofreu-alteracoes-para-2022\/atualidade\/08\/00\/#primaryimage"},"image":{"@id":"https:\/\/algarve7.pt\/index.php\/2021\/12\/programa-de-apoio-a-reducao-tarifaria-dos-transportes-publicos-sofreu-alteracoes-para-2022\/atualidade\/08\/00\/#primaryimage"},"thumbnailUrl":"https:\/\/algarve7.pt\/wp-content\/uploads\/2021\/12\/VAMUS_Autocarro.jpg","datePublished":"2021-12-23T08:00:00+00:00","description":"Programa de Apoio \u00e0 Redu\u00e7\u00e3o Tarif\u00e1ria dos Transportes P\u00fablicos sofreu altera\u00e7\u00f5es para 2022 Atualidade","breadcrumb":{"@id":"https:\/\/algarve7.pt\/index.php\/2021\/12\/programa-de-apoio-a-reducao-tarifaria-dos-transportes-publicos-sofreu-alteracoes-para-2022\/atualidade\/08\/00\/#breadcrumb"},"inLanguage":"pt-PT","potentialAction":[{"@type":"ReadAction","target":["https:\/\/algarve7.pt\/index.php\/2021\/12\/programa-de-apoio-a-reducao-tarifaria-dos-transportes-publicos-sofreu-alteracoes-para-2022\/atualidade\/08\/00\/"]}]},{"@type":"ImageObject","inLanguage":"pt-PT","@id":"https:\/\/algarve7.pt\/index.php\/2021\/12\/programa-de-apoio-a-reducao-tarifaria-dos-transportes-publicos-sofreu-alteracoes-para-2022\/atualidade\/08\/00\/#primaryimage","url":"https:\/\/algarve7.pt\/wp-content\/uploads\/2021\/12\/VAMUS_Autocarro.jpg","contentUrl":"https:\/\/algarve7.pt\/wp-content\/uploads\/2021\/12\/VAMUS_Autocarro.jpg","width":1024,"height":550},{"@type":"BreadcrumbList","@id":"https:\/\/algarve7.pt\/index.php\/2021\/12\/programa-de-apoio-a-reducao-tarifaria-dos-transportes-publicos-sofreu-alteracoes-para-2022\/atualidade\/08\/00\/#breadcrumb","itemListElement":[{"@type":"ListItem","position":1,"name":"In\u00edcio","item":"https:\/\/algarve7.pt\/"},{"@type":"ListItem","position":2,"name":"Programa de Apoio \u00e0 Redu\u00e7\u00e3o Tarif\u00e1ria dos Transportes P\u00fablicos sofreu altera\u00e7\u00f5es para 2022"}]},{"@type":"WebSite","@id":"https:\/\/algarve7.pt\/#website","url":"https:\/\/algarve7.pt\/","name":"Algarve 7","description":"Informa\u00e7\u00e3o sobre o Algarve","publisher":{"@id":"https:\/\/algarve7.pt\/#organization"},"potentialAction":[{"@type":"SearchAction","target":{"@type":"EntryPoint","urlTemplate":"https:\/\/algarve7.pt\/?s={search_term_string}"},"query-input":{"@type":"PropertyValueSpecification","valueRequired":true,"valueName":"search_term_string"}}],"inLanguage":"pt-PT"},{"@type":"Organization","@id":"https:\/\/algarve7.pt\/#organization","name":"Algarve 7","url":"https:\/\/algarve7.pt\/","logo":{"@type":"ImageObject","inLanguage":"pt-PT","@id":"https:\/\/algarve7.pt\/#\/schema\/logo\/image\/","url":"https:\/\/algarve7.pt\/wp-content\/uploads\/2020\/10\/Logo-8.jpg","contentUrl":"https:\/\/algarve7.pt\/wp-content\/uploads\/2020\/10\/Logo-8.jpg","width":1680,"height":1186,"caption":"Algarve 7"},"image":{"@id":"https:\/\/algarve7.pt\/#\/schema\/logo\/image\/"},"sameAs":["https:\/\/www.facebook.com\/algarve7","https:\/\/x.com\/Algarvesete","https:\/\/www.instagram.com\/jornalalgarve7\/","https:\/\/www.linkedin.com\/company\/algarve7","https:\/\/www.pinterest.pt\/geral0939\/_created\/"]},{"@type":"Person","@id":"https:\/\/algarve7.pt\/#\/schema\/person\/23fa70681308e7b319a3204bcea45e0c","name":"Algarve 7","sameAs":["https:\/\/algarve7.pt","https:\/\/www.facebook.com\/algarve7"],"url":"https:\/\/algarve7.pt\/index.php\/author\/geralalgarve7-pt\/"}]}},"jetpack_publicize_connections":[],"jetpack_featured_media_url":"https:\/\/algarve7.pt\/wp-content\/uploads\/2021\/12\/VAMUS_Autocarro.jpg","jetpack_shortlink":"https:\/\/wp.me\/pcezmW-3GZ","jetpack_sharing_enabled":true,"_links":{"self":[{"href":"https:\/\/algarve7.pt\/index.php\/wp-json\/wp\/v2\/posts\/14197","targetHints":{"allow":["GET"]}}],"collection":[{"href":"https:\/\/algarve7.pt\/index.php\/wp-json\/wp\/v2\/posts"}],"about":[{"href":"https:\/\/algarve7.pt\/index.php\/wp-json\/wp\/v2\/types\/post"}],"author":[{"embeddable":true,"href":"https:\/\/algarve7.pt\/index.php\/wp-json\/wp\/v2\/users\/1"}],"replies":[{"embeddable":true,"href":"https:\/\/algarve7.pt\/index.php\/wp-json\/wp\/v2\/comments?post=14197"}],"version-history":[{"count":0,"href":"https:\/\/algarve7.pt\/index.php\/wp-json\/wp\/v2\/posts\/14197\/revisions"}],"wp:featuredmedia":[{"embeddable":true,"href":"https:\/\/algarve7.pt\/index.php\/wp-json\/wp\/v2\/media\/14198"}],"wp:attachment":[{"href":"https:\/\/algarve7.pt\/index.php\/wp-json\/wp\/v2\/media?parent=14197"}],"wp:term":[{"taxonomy":"category","embeddable":true,"href":"https:\/\/algarve7.pt\/index.php\/wp-json\/wp\/v2\/categories?post=14197"},{"taxonomy":"post_tag","embeddable":true,"href":"https:\/\/algarve7.pt\/index.php\/wp-json\/wp\/v2\/tags?post=14197"}],"curies":[{"name":"wp","href":"https:\/\/api.w.org\/{rel}","templated":true}]}}