{"id":14194,"date":"2021-12-22T21:14:23","date_gmt":"2021-12-22T21:14:23","guid":{"rendered":"https:\/\/algarve7.pt\/?p=14194"},"modified":"2021-12-22T21:14:27","modified_gmt":"2021-12-22T21:14:27","slug":"portimao-avanca-com-mais-dois-pontos-de-testagem-gratuita-a-covid-19","status":"publish","type":"post","link":"https:\/\/algarve7.pt\/index.php\/2021\/12\/portimao-avanca-com-mais-dois-pontos-de-testagem-gratuita-a-covid-19\/saude\/21\/14\/","title":{"rendered":"Portim\u00e3o avan\u00e7a com mais dois pontos de testagem gratuita \u00e0 covid-19"},"content":{"rendered":"\n<p>A partir desta quinta-feira, 23 de dezembro, e como forma de refor\u00e7ar as medidas preventivas de combate \u00e0 pandemia, para mitigar os riscos potencialmente associados a esta quadra,&nbsp;os cidad\u00e3os de Portim\u00e3o v\u00e3o ter ao seu dispor mais dois pontos de testagem gratuita \u00e0 covid-19, nomeadamente na zona ribeirinha da cidade e no Portim\u00e3o Arena, situado no Parque de Feiras e Exposi\u00e7\u00f5es.<\/p>\n\n\n\n<p>No caso da zona ribeirinha de Portim\u00e3o, a autarquia vai suportar todas as despesas de opera\u00e7\u00e3o e log\u00edstica inerentes \u00e0 realiza\u00e7\u00e3o de testes gratuitos, que ser\u00e3o efetuados pela delega\u00e7\u00e3o local da Cruz Vermelha Portuguesa.&nbsp;<\/p>\n\n\n\n<p>Neste sentido, bastar\u00e1 aos cidad\u00e3os deslocarem-se a este ponto de testagem, localizado junto ao Coreto, e aguardarem a sua vez nos seguintes dias e hor\u00e1rios: dias 23, 27, 28, 29 e 30 de dezembro &#8211; das 9h00 \u00e0s 12h00 e entre as 15h00 e as 19h00; dias 24, 26 e 31 de dezembro e 2 de janeiro \u2013 das 9H00 \u00e0s 13h00.&nbsp;<\/p>\n\n\n\n<p>Para al\u00e9m deste novo ponto, e j\u00e1 a partir do dia 24 de dezembro, o Algarve Biomedical Center (ABC) passar\u00e1 tamb\u00e9m a realizar testes gratuitos \u00e0 covid-19 no interior do Portim\u00e3o Arena \u00e0s segundas, quartas, sextas-feiras e domingos, das 16h00 \u00e0s 19h00, no sentido de refor\u00e7ar a capacidade de testagem, pelo menos, at\u00e9 ao pr\u00f3ximo dia 9 de janeiro.&nbsp;<\/p>\n\n\n\n<p>\u00c9 de salientar que, neste caso, quem pretender marcar testes por esta via dever\u00e1\u00a0\u00a0recorrer desde j\u00e1 \u00e0 plataforma do ABC, em:\u00a0<a href=\"https:\/\/abc.masterinsoft.com\/abc-biomedical-center-comparticipado-sns\/\" target=\"_blank\" rel=\"noreferrer noopener\">https:\/\/abc.masterinsoft.com\/abc-biomedical-center-comparticipado-sns\/<\/a><\/p>\n\n\n\n<p>Ambos os locais foram criados em articula\u00e7\u00e3o com as autoridades de sa\u00fade regionais e locais, no sentido de possibilitar a realiza\u00e7\u00e3o de seis testes gratuitos por m\u00eas, conforme foi ontem anunciado publicamente pelo Primeiro-ministro, Ant\u00f3nio Costa, numa altura em que se est\u00e1 a verificar o aumento dos casos de covid-19 no pa\u00eds, tendo o Munic\u00edpio de Portim\u00e3o aderido de pronto \u00e0 decis\u00e3o governamental, ao disponibilizar e agilizar logisticamente o Portim\u00e3o Arena \u00e0 ABC e ao avan\u00e7ar com um novo ponto na zona ribeirinha.<\/p>\n\n\n\n<p>Recorde-se que em Portim\u00e3o \u00e9 ainda poss\u00edvel realizar testes r\u00e1pidos antig\u00e9nio (TRAg), de uso profissional e comparticipados, nas seguintes farm\u00e1cias: Arade \u2013 Edif\u00edcio Gil Eanes (telefone 282 425&nbsp;858); Carvalho \u2013 Largo D. Jo\u00e3o II (telf. 282 423&nbsp;516); Central \u2013 Centro Comercial Continente, na Quinta da Malata (telf. 282 422&nbsp;068); Palma Santos \u2013 Rua Eng.\u00ba Jos\u00e9 de B\u00edvar, Ed. Plaza Real (telf. 282 485 641); e Pedra Mourinha \u2013 S\u00edtio do Alto Alfarrobal (telf. 282 422&nbsp;909).<\/p>\n\n\n\n<p>De referir tamb\u00e9m que, no seguimento das decis\u00f5es aprovadas ontem em Conselho de Ministros, o Centro Municipal de Vacina\u00e7\u00e3o, a funcionar no Parque de Feiras e Exposi\u00e7\u00f5es de Portim\u00e3o, encerrar\u00e1 apenas de 24 a 26 de dezembro, e nos dias 31 dezembro e 1 de janeiro de 2022.<\/p>\n\n\n\n<p>Poder\u00e3o recorrer diariamente \u00e0 Casa Aberta, das 13h30 \u00e0s 15h30 e sem agendamento pr\u00e9vio, todas as pessoas com mais de 60 anos de idade (e cinco meses ap\u00f3s a \u00faltima vacina) que n\u00e3o tenham contra\u00eddo a covid-19 e desejem levar a dose de refor\u00e7o, assim como os maiores de 12 anos ainda n\u00e3o inoculados, desde que n\u00e3o tenham sido infetados nos \u00faltimos cinco meses.<\/p>\n","protected":false},"excerpt":{"rendered":"<p>A partir desta quinta-feira, 23 de dezembro, e como forma de refor\u00e7ar as medidas preventivas de combate \u00e0 pandemia, para<\/p>\n","protected":false},"author":1,"featured_media":14195,"comment_status":"open","ping_status":"open","sticky":false,"template":"","format":"standard","meta":{"colormag_page_container_layout":"default_layout","colormag_page_sidebar_layout":"default_layout","_monsterinsights_skip_tracking":false,"_monsterinsights_sitenote_active":false,"_monsterinsights_sitenote_note":"","_monsterinsights_sitenote_category":0,"jetpack_post_was_ever_published":false,"_jetpack_newsletter_access":"","_jetpack_dont_email_post_to_subs":false,"_jetpack_newsletter_tier_id":0,"_jetpack_memberships_contains_paywalled_content":false,"_jetpack_memberships_contains_paid_content":false,"footnotes":"","jetpack_publicize_message":"","jetpack_publicize_feature_enabled":true,"jetpack_social_post_already_shared":true,"jetpack_social_options":{"image_generator_settings":{"template":"highway","default_image_id":0,"font":"","enabled":false},"version":2}},"categories":[59],"tags":[36,51,72,58,167],"class_list":["post-14194","post","type-post","status-publish","format-standard","has-post-thumbnail","hentry","category-saude","tag-algarve","tag-covid-19","tag-portimao","tag-saude","tag-vacina"],"yoast_head":"<!-- This site is optimized with the Yoast SEO plugin v27.5 - https:\/\/yoast.com\/product\/yoast-seo-wordpress\/ -->\n<title>Portim\u00e3o avan\u00e7a com mais dois pontos de testagem gratuita \u00e0 covid-19 - Algarve 7<\/title>\n<meta name=\"description\" content=\"Portim\u00e3o avan\u00e7a com mais dois pontos de testagem gratuita \u00e0 covid-19 Sa\u00fade\" \/>\n<meta name=\"robots\" content=\"index, follow, max-snippet:-1, max-image-preview:large, max-video-preview:-1\" \/>\n<link rel=\"canonical\" href=\"https:\/\/algarve7.pt\/index.php\/2021\/12\/portimao-avanca-com-mais-dois-pontos-de-testagem-gratuita-a-covid-19\/saude\/21\/14\/\" \/>\n<meta property=\"og:locale\" content=\"pt_PT\" \/>\n<meta property=\"og:type\" content=\"article\" \/>\n<meta property=\"og:title\" content=\"Portim\u00e3o avan\u00e7a com mais dois pontos de testagem gratuita \u00e0 covid-19 - Algarve 7\" \/>\n<meta property=\"og:description\" content=\"Portim\u00e3o avan\u00e7a com mais dois pontos de testagem gratuita \u00e0 covid-19 Sa\u00fade\" \/>\n<meta property=\"og:url\" content=\"https:\/\/algarve7.pt\/index.php\/2021\/12\/portimao-avanca-com-mais-dois-pontos-de-testagem-gratuita-a-covid-19\/saude\/21\/14\/\" \/>\n<meta property=\"og:site_name\" content=\"Algarve 7\" \/>\n<meta property=\"article:publisher\" content=\"https:\/\/www.facebook.com\/algarve7\" \/>\n<meta property=\"article:author\" content=\"https:\/\/www.facebook.com\/algarve7\" \/>\n<meta property=\"article:published_time\" content=\"2021-12-22T21:14:23+00:00\" \/>\n<meta property=\"article:modified_time\" content=\"2021-12-22T21:14:27+00:00\" \/>\n<meta property=\"og:image\" content=\"https:\/\/algarve7.pt\/wp-content\/uploads\/2021\/12\/parque-de-feiras_portimao-arena.jpg\" \/>\n\t<meta property=\"og:image:width\" content=\"1280\" \/>\n\t<meta property=\"og:image:height\" content=\"758\" \/>\n\t<meta property=\"og:image:type\" content=\"image\/jpeg\" \/>\n<meta name=\"author\" content=\"Algarve 7\" \/>\n<meta name=\"twitter:card\" content=\"summary_large_image\" \/>\n<meta name=\"twitter:creator\" content=\"@Algarvesete\" \/>\n<meta name=\"twitter:site\" content=\"@Algarvesete\" \/>\n<meta name=\"twitter:label1\" content=\"Escrito por\" \/>\n\t<meta name=\"twitter:data1\" content=\"Algarve 7\" \/>\n\t<meta name=\"twitter:label2\" content=\"Tempo estimado de leitura\" \/>\n\t<meta name=\"twitter:data2\" content=\"3 minutos\" \/>\n<script type=\"application\/ld+json\" class=\"yoast-schema-graph\">{\"@context\":\"https:\\\/\\\/schema.org\",\"@graph\":[{\"@type\":\"Article\",\"@id\":\"https:\\\/\\\/algarve7.pt\\\/index.php\\\/2021\\\/12\\\/portimao-avanca-com-mais-dois-pontos-de-testagem-gratuita-a-covid-19\\\/saude\\\/21\\\/14\\\/#article\",\"isPartOf\":{\"@id\":\"https:\\\/\\\/algarve7.pt\\\/index.php\\\/2021\\\/12\\\/portimao-avanca-com-mais-dois-pontos-de-testagem-gratuita-a-covid-19\\\/saude\\\/21\\\/14\\\/\"},\"author\":{\"name\":\"Algarve 7\",\"@id\":\"https:\\\/\\\/algarve7.pt\\\/#\\\/schema\\\/person\\\/23fa70681308e7b319a3204bcea45e0c\"},\"headline\":\"Portim\u00e3o avan\u00e7a com mais dois pontos de testagem gratuita \u00e0 covid-19\",\"datePublished\":\"2021-12-22T21:14:23+00:00\",\"dateModified\":\"2021-12-22T21:14:27+00:00\",\"mainEntityOfPage\":{\"@id\":\"https:\\\/\\\/algarve7.pt\\\/index.php\\\/2021\\\/12\\\/portimao-avanca-com-mais-dois-pontos-de-testagem-gratuita-a-covid-19\\\/saude\\\/21\\\/14\\\/\"},\"wordCount\":540,\"commentCount\":0,\"publisher\":{\"@id\":\"https:\\\/\\\/algarve7.pt\\\/#organization\"},\"image\":{\"@id\":\"https:\\\/\\\/algarve7.pt\\\/index.php\\\/2021\\\/12\\\/portimao-avanca-com-mais-dois-pontos-de-testagem-gratuita-a-covid-19\\\/saude\\\/21\\\/14\\\/#primaryimage\"},\"thumbnailUrl\":\"https:\\\/\\\/algarve7.pt\\\/wp-content\\\/uploads\\\/2021\\\/12\\\/parque-de-feiras_portimao-arena.jpg\",\"keywords\":[\"Algarve\",\"Covid-19\",\"Portim\u00e3o\",\"Sa\u00fade\",\"Vacina\"],\"articleSection\":[\"Sa\u00fade\"],\"inLanguage\":\"pt-PT\",\"potentialAction\":[{\"@type\":\"CommentAction\",\"name\":\"Comment\",\"target\":[\"https:\\\/\\\/algarve7.pt\\\/index.php\\\/2021\\\/12\\\/portimao-avanca-com-mais-dois-pontos-de-testagem-gratuita-a-covid-19\\\/saude\\\/21\\\/14\\\/#respond\"]}]},{\"@type\":\"WebPage\",\"@id\":\"https:\\\/\\\/algarve7.pt\\\/index.php\\\/2021\\\/12\\\/portimao-avanca-com-mais-dois-pontos-de-testagem-gratuita-a-covid-19\\\/saude\\\/21\\\/14\\\/\",\"url\":\"https:\\\/\\\/algarve7.pt\\\/index.php\\\/2021\\\/12\\\/portimao-avanca-com-mais-dois-pontos-de-testagem-gratuita-a-covid-19\\\/saude\\\/21\\\/14\\\/\",\"name\":\"Portim\u00e3o avan\u00e7a com mais dois pontos de testagem gratuita \u00e0 covid-19 - Algarve 7\",\"isPartOf\":{\"@id\":\"https:\\\/\\\/algarve7.pt\\\/#website\"},\"primaryImageOfPage\":{\"@id\":\"https:\\\/\\\/algarve7.pt\\\/index.php\\\/2021\\\/12\\\/portimao-avanca-com-mais-dois-pontos-de-testagem-gratuita-a-covid-19\\\/saude\\\/21\\\/14\\\/#primaryimage\"},\"image\":{\"@id\":\"https:\\\/\\\/algarve7.pt\\\/index.php\\\/2021\\\/12\\\/portimao-avanca-com-mais-dois-pontos-de-testagem-gratuita-a-covid-19\\\/saude\\\/21\\\/14\\\/#primaryimage\"},\"thumbnailUrl\":\"https:\\\/\\\/algarve7.pt\\\/wp-content\\\/uploads\\\/2021\\\/12\\\/parque-de-feiras_portimao-arena.jpg\",\"datePublished\":\"2021-12-22T21:14:23+00:00\",\"dateModified\":\"2021-12-22T21:14:27+00:00\",\"description\":\"Portim\u00e3o avan\u00e7a com mais dois pontos de testagem gratuita \u00e0 covid-19 Sa\u00fade\",\"breadcrumb\":{\"@id\":\"https:\\\/\\\/algarve7.pt\\\/index.php\\\/2021\\\/12\\\/portimao-avanca-com-mais-dois-pontos-de-testagem-gratuita-a-covid-19\\\/saude\\\/21\\\/14\\\/#breadcrumb\"},\"inLanguage\":\"pt-PT\",\"potentialAction\":[{\"@type\":\"ReadAction\",\"target\":[\"https:\\\/\\\/algarve7.pt\\\/index.php\\\/2021\\\/12\\\/portimao-avanca-com-mais-dois-pontos-de-testagem-gratuita-a-covid-19\\\/saude\\\/21\\\/14\\\/\"]}]},{\"@type\":\"ImageObject\",\"inLanguage\":\"pt-PT\",\"@id\":\"https:\\\/\\\/algarve7.pt\\\/index.php\\\/2021\\\/12\\\/portimao-avanca-com-mais-dois-pontos-de-testagem-gratuita-a-covid-19\\\/saude\\\/21\\\/14\\\/#primaryimage\",\"url\":\"https:\\\/\\\/algarve7.pt\\\/wp-content\\\/uploads\\\/2021\\\/12\\\/parque-de-feiras_portimao-arena.jpg\",\"contentUrl\":\"https:\\\/\\\/algarve7.pt\\\/wp-content\\\/uploads\\\/2021\\\/12\\\/parque-de-feiras_portimao-arena.jpg\",\"width\":1280,\"height\":758},{\"@type\":\"BreadcrumbList\",\"@id\":\"https:\\\/\\\/algarve7.pt\\\/index.php\\\/2021\\\/12\\\/portimao-avanca-com-mais-dois-pontos-de-testagem-gratuita-a-covid-19\\\/saude\\\/21\\\/14\\\/#breadcrumb\",\"itemListElement\":[{\"@type\":\"ListItem\",\"position\":1,\"name\":\"In\u00edcio\",\"item\":\"https:\\\/\\\/algarve7.pt\\\/\"},{\"@type\":\"ListItem\",\"position\":2,\"name\":\"Portim\u00e3o avan\u00e7a com mais dois pontos de testagem gratuita \u00e0 covid-19\"}]},{\"@type\":\"WebSite\",\"@id\":\"https:\\\/\\\/algarve7.pt\\\/#website\",\"url\":\"https:\\\/\\\/algarve7.pt\\\/\",\"name\":\"Algarve 7\",\"description\":\"Informa\u00e7\u00e3o sobre o Algarve\",\"publisher\":{\"@id\":\"https:\\\/\\\/algarve7.pt\\\/#organization\"},\"potentialAction\":[{\"@type\":\"SearchAction\",\"target\":{\"@type\":\"EntryPoint\",\"urlTemplate\":\"https:\\\/\\\/algarve7.pt\\\/?s={search_term_string}\"},\"query-input\":{\"@type\":\"PropertyValueSpecification\",\"valueRequired\":true,\"valueName\":\"search_term_string\"}}],\"inLanguage\":\"pt-PT\"},{\"@type\":\"Organization\",\"@id\":\"https:\\\/\\\/algarve7.pt\\\/#organization\",\"name\":\"Algarve 7\",\"url\":\"https:\\\/\\\/algarve7.pt\\\/\",\"logo\":{\"@type\":\"ImageObject\",\"inLanguage\":\"pt-PT\",\"@id\":\"https:\\\/\\\/algarve7.pt\\\/#\\\/schema\\\/logo\\\/image\\\/\",\"url\":\"https:\\\/\\\/algarve7.pt\\\/wp-content\\\/uploads\\\/2020\\\/10\\\/Logo-8.jpg\",\"contentUrl\":\"https:\\\/\\\/algarve7.pt\\\/wp-content\\\/uploads\\\/2020\\\/10\\\/Logo-8.jpg\",\"width\":1680,\"height\":1186,\"caption\":\"Algarve 7\"},\"image\":{\"@id\":\"https:\\\/\\\/algarve7.pt\\\/#\\\/schema\\\/logo\\\/image\\\/\"},\"sameAs\":[\"https:\\\/\\\/www.facebook.com\\\/algarve7\",\"https:\\\/\\\/x.com\\\/Algarvesete\",\"https:\\\/\\\/www.instagram.com\\\/jornalalgarve7\\\/\",\"https:\\\/\\\/www.linkedin.com\\\/company\\\/algarve7\",\"https:\\\/\\\/www.pinterest.pt\\\/geral0939\\\/_created\\\/\"]},{\"@type\":\"Person\",\"@id\":\"https:\\\/\\\/algarve7.pt\\\/#\\\/schema\\\/person\\\/23fa70681308e7b319a3204bcea45e0c\",\"name\":\"Algarve 7\",\"sameAs\":[\"https:\\\/\\\/algarve7.pt\",\"https:\\\/\\\/www.facebook.com\\\/algarve7\"],\"url\":\"https:\\\/\\\/algarve7.pt\\\/index.php\\\/author\\\/geralalgarve7-pt\\\/\"}]}<\/script>\n<!-- \/ Yoast SEO plugin. -->","yoast_head_json":{"title":"Portim\u00e3o avan\u00e7a com mais dois pontos de testagem gratuita \u00e0 covid-19 - Algarve 7","description":"Portim\u00e3o avan\u00e7a com mais dois pontos de testagem gratuita \u00e0 covid-19 Sa\u00fade","robots":{"index":"index","follow":"follow","max-snippet":"max-snippet:-1","max-image-preview":"max-image-preview:large","max-video-preview":"max-video-preview:-1"},"canonical":"https:\/\/algarve7.pt\/index.php\/2021\/12\/portimao-avanca-com-mais-dois-pontos-de-testagem-gratuita-a-covid-19\/saude\/21\/14\/","og_locale":"pt_PT","og_type":"article","og_title":"Portim\u00e3o avan\u00e7a com mais dois pontos de testagem gratuita \u00e0 covid-19 - Algarve 7","og_description":"Portim\u00e3o avan\u00e7a com mais dois pontos de testagem gratuita \u00e0 covid-19 Sa\u00fade","og_url":"https:\/\/algarve7.pt\/index.php\/2021\/12\/portimao-avanca-com-mais-dois-pontos-de-testagem-gratuita-a-covid-19\/saude\/21\/14\/","og_site_name":"Algarve 7","article_publisher":"https:\/\/www.facebook.com\/algarve7","article_author":"https:\/\/www.facebook.com\/algarve7","article_published_time":"2021-12-22T21:14:23+00:00","article_modified_time":"2021-12-22T21:14:27+00:00","og_image":[{"width":1280,"height":758,"url":"https:\/\/algarve7.pt\/wp-content\/uploads\/2021\/12\/parque-de-feiras_portimao-arena.jpg","type":"image\/jpeg"}],"author":"Algarve 7","twitter_card":"summary_large_image","twitter_creator":"@Algarvesete","twitter_site":"@Algarvesete","twitter_misc":{"Escrito por":"Algarve 7","Tempo estimado de leitura":"3 minutos"},"schema":{"@context":"https:\/\/schema.org","@graph":[{"@type":"Article","@id":"https:\/\/algarve7.pt\/index.php\/2021\/12\/portimao-avanca-com-mais-dois-pontos-de-testagem-gratuita-a-covid-19\/saude\/21\/14\/#article","isPartOf":{"@id":"https:\/\/algarve7.pt\/index.php\/2021\/12\/portimao-avanca-com-mais-dois-pontos-de-testagem-gratuita-a-covid-19\/saude\/21\/14\/"},"author":{"name":"Algarve 7","@id":"https:\/\/algarve7.pt\/#\/schema\/person\/23fa70681308e7b319a3204bcea45e0c"},"headline":"Portim\u00e3o avan\u00e7a com mais dois pontos de testagem gratuita \u00e0 covid-19","datePublished":"2021-12-22T21:14:23+00:00","dateModified":"2021-12-22T21:14:27+00:00","mainEntityOfPage":{"@id":"https:\/\/algarve7.pt\/index.php\/2021\/12\/portimao-avanca-com-mais-dois-pontos-de-testagem-gratuita-a-covid-19\/saude\/21\/14\/"},"wordCount":540,"commentCount":0,"publisher":{"@id":"https:\/\/algarve7.pt\/#organization"},"image":{"@id":"https:\/\/algarve7.pt\/index.php\/2021\/12\/portimao-avanca-com-mais-dois-pontos-de-testagem-gratuita-a-covid-19\/saude\/21\/14\/#primaryimage"},"thumbnailUrl":"https:\/\/algarve7.pt\/wp-content\/uploads\/2021\/12\/parque-de-feiras_portimao-arena.jpg","keywords":["Algarve","Covid-19","Portim\u00e3o","Sa\u00fade","Vacina"],"articleSection":["Sa\u00fade"],"inLanguage":"pt-PT","potentialAction":[{"@type":"CommentAction","name":"Comment","target":["https:\/\/algarve7.pt\/index.php\/2021\/12\/portimao-avanca-com-mais-dois-pontos-de-testagem-gratuita-a-covid-19\/saude\/21\/14\/#respond"]}]},{"@type":"WebPage","@id":"https:\/\/algarve7.pt\/index.php\/2021\/12\/portimao-avanca-com-mais-dois-pontos-de-testagem-gratuita-a-covid-19\/saude\/21\/14\/","url":"https:\/\/algarve7.pt\/index.php\/2021\/12\/portimao-avanca-com-mais-dois-pontos-de-testagem-gratuita-a-covid-19\/saude\/21\/14\/","name":"Portim\u00e3o avan\u00e7a com mais dois pontos de testagem gratuita \u00e0 covid-19 - Algarve 7","isPartOf":{"@id":"https:\/\/algarve7.pt\/#website"},"primaryImageOfPage":{"@id":"https:\/\/algarve7.pt\/index.php\/2021\/12\/portimao-avanca-com-mais-dois-pontos-de-testagem-gratuita-a-covid-19\/saude\/21\/14\/#primaryimage"},"image":{"@id":"https:\/\/algarve7.pt\/index.php\/2021\/12\/portimao-avanca-com-mais-dois-pontos-de-testagem-gratuita-a-covid-19\/saude\/21\/14\/#primaryimage"},"thumbnailUrl":"https:\/\/algarve7.pt\/wp-content\/uploads\/2021\/12\/parque-de-feiras_portimao-arena.jpg","datePublished":"2021-12-22T21:14:23+00:00","dateModified":"2021-12-22T21:14:27+00:00","description":"Portim\u00e3o avan\u00e7a com mais dois pontos de testagem gratuita \u00e0 covid-19 Sa\u00fade","breadcrumb":{"@id":"https:\/\/algarve7.pt\/index.php\/2021\/12\/portimao-avanca-com-mais-dois-pontos-de-testagem-gratuita-a-covid-19\/saude\/21\/14\/#breadcrumb"},"inLanguage":"pt-PT","potentialAction":[{"@type":"ReadAction","target":["https:\/\/algarve7.pt\/index.php\/2021\/12\/portimao-avanca-com-mais-dois-pontos-de-testagem-gratuita-a-covid-19\/saude\/21\/14\/"]}]},{"@type":"ImageObject","inLanguage":"pt-PT","@id":"https:\/\/algarve7.pt\/index.php\/2021\/12\/portimao-avanca-com-mais-dois-pontos-de-testagem-gratuita-a-covid-19\/saude\/21\/14\/#primaryimage","url":"https:\/\/algarve7.pt\/wp-content\/uploads\/2021\/12\/parque-de-feiras_portimao-arena.jpg","contentUrl":"https:\/\/algarve7.pt\/wp-content\/uploads\/2021\/12\/parque-de-feiras_portimao-arena.jpg","width":1280,"height":758},{"@type":"BreadcrumbList","@id":"https:\/\/algarve7.pt\/index.php\/2021\/12\/portimao-avanca-com-mais-dois-pontos-de-testagem-gratuita-a-covid-19\/saude\/21\/14\/#breadcrumb","itemListElement":[{"@type":"ListItem","position":1,"name":"In\u00edcio","item":"https:\/\/algarve7.pt\/"},{"@type":"ListItem","position":2,"name":"Portim\u00e3o avan\u00e7a com mais dois pontos de testagem gratuita \u00e0 covid-19"}]},{"@type":"WebSite","@id":"https:\/\/algarve7.pt\/#website","url":"https:\/\/algarve7.pt\/","name":"Algarve 7","description":"Informa\u00e7\u00e3o sobre o Algarve","publisher":{"@id":"https:\/\/algarve7.pt\/#organization"},"potentialAction":[{"@type":"SearchAction","target":{"@type":"EntryPoint","urlTemplate":"https:\/\/algarve7.pt\/?s={search_term_string}"},"query-input":{"@type":"PropertyValueSpecification","valueRequired":true,"valueName":"search_term_string"}}],"inLanguage":"pt-PT"},{"@type":"Organization","@id":"https:\/\/algarve7.pt\/#organization","name":"Algarve 7","url":"https:\/\/algarve7.pt\/","logo":{"@type":"ImageObject","inLanguage":"pt-PT","@id":"https:\/\/algarve7.pt\/#\/schema\/logo\/image\/","url":"https:\/\/algarve7.pt\/wp-content\/uploads\/2020\/10\/Logo-8.jpg","contentUrl":"https:\/\/algarve7.pt\/wp-content\/uploads\/2020\/10\/Logo-8.jpg","width":1680,"height":1186,"caption":"Algarve 7"},"image":{"@id":"https:\/\/algarve7.pt\/#\/schema\/logo\/image\/"},"sameAs":["https:\/\/www.facebook.com\/algarve7","https:\/\/x.com\/Algarvesete","https:\/\/www.instagram.com\/jornalalgarve7\/","https:\/\/www.linkedin.com\/company\/algarve7","https:\/\/www.pinterest.pt\/geral0939\/_created\/"]},{"@type":"Person","@id":"https:\/\/algarve7.pt\/#\/schema\/person\/23fa70681308e7b319a3204bcea45e0c","name":"Algarve 7","sameAs":["https:\/\/algarve7.pt","https:\/\/www.facebook.com\/algarve7"],"url":"https:\/\/algarve7.pt\/index.php\/author\/geralalgarve7-pt\/"}]}},"jetpack_publicize_connections":[],"jetpack_featured_media_url":"https:\/\/algarve7.pt\/wp-content\/uploads\/2021\/12\/parque-de-feiras_portimao-arena.jpg","jetpack_shortlink":"https:\/\/wp.me\/pcezmW-3GW","jetpack_sharing_enabled":true,"_links":{"self":[{"href":"https:\/\/algarve7.pt\/index.php\/wp-json\/wp\/v2\/posts\/14194","targetHints":{"allow":["GET"]}}],"collection":[{"href":"https:\/\/algarve7.pt\/index.php\/wp-json\/wp\/v2\/posts"}],"about":[{"href":"https:\/\/algarve7.pt\/index.php\/wp-json\/wp\/v2\/types\/post"}],"author":[{"embeddable":true,"href":"https:\/\/algarve7.pt\/index.php\/wp-json\/wp\/v2\/users\/1"}],"replies":[{"embeddable":true,"href":"https:\/\/algarve7.pt\/index.php\/wp-json\/wp\/v2\/comments?post=14194"}],"version-history":[{"count":0,"href":"https:\/\/algarve7.pt\/index.php\/wp-json\/wp\/v2\/posts\/14194\/revisions"}],"wp:featuredmedia":[{"embeddable":true,"href":"https:\/\/algarve7.pt\/index.php\/wp-json\/wp\/v2\/media\/14195"}],"wp:attachment":[{"href":"https:\/\/algarve7.pt\/index.php\/wp-json\/wp\/v2\/media?parent=14194"}],"wp:term":[{"taxonomy":"category","embeddable":true,"href":"https:\/\/algarve7.pt\/index.php\/wp-json\/wp\/v2\/categories?post=14194"},{"taxonomy":"post_tag","embeddable":true,"href":"https:\/\/algarve7.pt\/index.php\/wp-json\/wp\/v2\/tags?post=14194"}],"curies":[{"name":"wp","href":"https:\/\/api.w.org\/{rel}","templated":true}]}}