{"id":14123,"date":"2021-12-20T13:57:56","date_gmt":"2021-12-20T13:57:56","guid":{"rendered":"https:\/\/algarve7.pt\/?p=14123"},"modified":"2021-12-20T13:57:59","modified_gmt":"2021-12-20T13:57:59","slug":"atletas-de-lagos-foram-felicitados-pelo-seu-merito-desportivo","status":"publish","type":"post","link":"https:\/\/algarve7.pt\/index.php\/2021\/12\/atletas-de-lagos-foram-felicitados-pelo-seu-merito-desportivo\/desporto\/13\/57\/","title":{"rendered":"Atletas de Lagos foram felicitados pelo seu m\u00e9rito desportivo"},"content":{"rendered":"\n<p>Jorge Tinoco, atleta lacobrigense atualmente a competir com a camisola do Pa\u00e7os de Ferreira, e Marisa Costa e Jorge Candeias, atletas do Ol\u00edmpico Clube de Lagos, foram homenageados pela C\u00e2mara Municipal de Lagos, que aprovou e lhes dirigiu votos de congratula\u00e7\u00e3o e louvor pelos t\u00edtulos recentemente alcan\u00e7ados em provas de \u00e2mbito europeu e nacional.<\/p>\n\n\n\n<p>Jorge Tinoco arrecadou, em representa\u00e7\u00e3o da sele\u00e7\u00e3o nacional, tr\u00eas medalhas de ouro no Campeonato da Europa de Pool de Seniores, realizado recentemente em Treviso (It\u00e1lia), onde se sagrou campe\u00e3o europeu nas disciplinas de \u201cStraight Pool\u201d e \u201cBola 9\u201d (a t\u00edtulo individual) e por equipas (a t\u00edtulo coletivo, juntamente com os atletas Henrique Correia e Manuel Pereira). Na aprova\u00e7\u00e3o do respetivo voto de louvor e congratula\u00e7\u00e3o, foram dirigidas pelo executivo municipal palavras de agradecimento e de est\u00edmulo, n\u00e3o apenas ao medalhado e ao Pa\u00e7os de Ferreira, como tamb\u00e9m ao Clube Recreativo, Cultural e Desportivo Luzense, onde Jorge Tinoco treina, afirmando a disponibilidade de apoio para o desenvolvimento e afirma\u00e7\u00e3o desta modalidade no concelho.<\/p>\n\n\n\n<p>Por seu turno, Marisa Costa e Jorge Candeias, que se sagraram vice-campe\u00f5es na Meia-Maratona (Escal\u00e3o Masters Feminino e Escal\u00e3o Masters Masculino) do Campeonato Nacional de Atletismo, realizado em Ponta Delgada no passado m\u00eas de novembro, trouxeram para casa duas medalhas de prata. A autarquia felicitou a participa\u00e7\u00e3o e desempenho destes atletas, assim como a dire\u00e7\u00e3o e o treinador do Ol\u00edmpico Clube de Lagos, os familiares e todos os que contribu\u00edram para esse excelente resultado, a somar aos muitos j\u00e1 conquistados no decurso de uma longa carreira desportiva.<\/p>\n","protected":false},"excerpt":{"rendered":"<p>Jorge Tinoco, atleta lacobrigense atualmente a competir com a camisola do Pa\u00e7os de Ferreira, e Marisa Costa e Jorge Candeias,<\/p>\n","protected":false},"author":1,"featured_media":14124,"comment_status":"open","ping_status":"open","sticky":false,"template":"","format":"standard","meta":{"colormag_page_container_layout":"default_layout","colormag_page_sidebar_layout":"default_layout","_monsterinsights_skip_tracking":false,"_monsterinsights_sitenote_active":false,"_monsterinsights_sitenote_note":"","_monsterinsights_sitenote_category":0,"jetpack_post_was_ever_published":false,"_jetpack_newsletter_access":"","_jetpack_dont_email_post_to_subs":false,"_jetpack_newsletter_tier_id":0,"_jetpack_memberships_contains_paywalled_content":false,"_jetpack_memberships_contains_paid_content":false,"footnotes":"","jetpack_publicize_message":"","jetpack_publicize_feature_enabled":true,"jetpack_social_post_already_shared":true,"jetpack_social_options":{"image_generator_settings":{"template":"highway","default_image_id":0,"font":"","enabled":false},"version":2}},"categories":[15],"tags":[36,40,68],"class_list":["post-14123","post","type-post","status-publish","format-standard","has-post-thumbnail","hentry","category-desporto","tag-algarve","tag-desporto","tag-lagos"],"yoast_head":"<!-- This site is optimized with the Yoast SEO plugin v27.5 - https:\/\/yoast.com\/product\/yoast-seo-wordpress\/ -->\n<title>Atletas de Lagos foram felicitados pelo seu m\u00e9rito desportivo - Algarve 7<\/title>\n<meta name=\"description\" content=\"Atletas de Lagos foram felicitados pelo seu m\u00e9rito desportivo Desporto\" \/>\n<meta name=\"robots\" content=\"index, follow, max-snippet:-1, max-image-preview:large, max-video-preview:-1\" \/>\n<link rel=\"canonical\" href=\"https:\/\/algarve7.pt\/index.php\/2021\/12\/atletas-de-lagos-foram-felicitados-pelo-seu-merito-desportivo\/desporto\/13\/57\/\" \/>\n<meta property=\"og:locale\" content=\"pt_PT\" \/>\n<meta property=\"og:type\" content=\"article\" \/>\n<meta property=\"og:title\" content=\"Atletas de Lagos foram felicitados pelo seu m\u00e9rito desportivo - Algarve 7\" \/>\n<meta property=\"og:description\" content=\"Atletas de Lagos foram felicitados pelo seu m\u00e9rito desportivo Desporto\" \/>\n<meta property=\"og:url\" content=\"https:\/\/algarve7.pt\/index.php\/2021\/12\/atletas-de-lagos-foram-felicitados-pelo-seu-merito-desportivo\/desporto\/13\/57\/\" \/>\n<meta property=\"og:site_name\" content=\"Algarve 7\" \/>\n<meta property=\"article:publisher\" content=\"https:\/\/www.facebook.com\/algarve7\" \/>\n<meta property=\"article:author\" content=\"https:\/\/www.facebook.com\/algarve7\" \/>\n<meta property=\"article:published_time\" content=\"2021-12-20T13:57:56+00:00\" \/>\n<meta property=\"article:modified_time\" content=\"2021-12-20T13:57:59+00:00\" \/>\n<meta property=\"og:image\" content=\"https:\/\/algarve7.pt\/wp-content\/uploads\/2021\/12\/Voto-Louvor-Tinouco-2-OCS.jpg\" \/>\n\t<meta property=\"og:image:width\" content=\"1200\" \/>\n\t<meta property=\"og:image:height\" content=\"800\" \/>\n\t<meta property=\"og:image:type\" content=\"image\/jpeg\" \/>\n<meta name=\"author\" content=\"Algarve 7\" \/>\n<meta name=\"twitter:card\" content=\"summary_large_image\" \/>\n<meta name=\"twitter:creator\" content=\"@Algarvesete\" \/>\n<meta name=\"twitter:site\" content=\"@Algarvesete\" \/>\n<meta name=\"twitter:label1\" content=\"Escrito por\" \/>\n\t<meta name=\"twitter:data1\" content=\"Algarve 7\" \/>\n\t<meta name=\"twitter:label2\" content=\"Tempo estimado de leitura\" \/>\n\t<meta name=\"twitter:data2\" content=\"2 minutos\" \/>\n<script type=\"application\/ld+json\" class=\"yoast-schema-graph\">{\"@context\":\"https:\\\/\\\/schema.org\",\"@graph\":[{\"@type\":\"Article\",\"@id\":\"https:\\\/\\\/algarve7.pt\\\/index.php\\\/2021\\\/12\\\/atletas-de-lagos-foram-felicitados-pelo-seu-merito-desportivo\\\/desporto\\\/13\\\/57\\\/#article\",\"isPartOf\":{\"@id\":\"https:\\\/\\\/algarve7.pt\\\/index.php\\\/2021\\\/12\\\/atletas-de-lagos-foram-felicitados-pelo-seu-merito-desportivo\\\/desporto\\\/13\\\/57\\\/\"},\"author\":{\"name\":\"Algarve 7\",\"@id\":\"https:\\\/\\\/algarve7.pt\\\/#\\\/schema\\\/person\\\/23fa70681308e7b319a3204bcea45e0c\"},\"headline\":\"Atletas de Lagos foram felicitados pelo seu m\u00e9rito desportivo\",\"datePublished\":\"2021-12-20T13:57:56+00:00\",\"dateModified\":\"2021-12-20T13:57:59+00:00\",\"mainEntityOfPage\":{\"@id\":\"https:\\\/\\\/algarve7.pt\\\/index.php\\\/2021\\\/12\\\/atletas-de-lagos-foram-felicitados-pelo-seu-merito-desportivo\\\/desporto\\\/13\\\/57\\\/\"},\"wordCount\":290,\"commentCount\":0,\"publisher\":{\"@id\":\"https:\\\/\\\/algarve7.pt\\\/#organization\"},\"image\":{\"@id\":\"https:\\\/\\\/algarve7.pt\\\/index.php\\\/2021\\\/12\\\/atletas-de-lagos-foram-felicitados-pelo-seu-merito-desportivo\\\/desporto\\\/13\\\/57\\\/#primaryimage\"},\"thumbnailUrl\":\"https:\\\/\\\/algarve7.pt\\\/wp-content\\\/uploads\\\/2021\\\/12\\\/Voto-Louvor-Tinouco-2-OCS.jpg\",\"keywords\":[\"Algarve\",\"Desporto\",\"Lagos\"],\"articleSection\":[\"Desporto\"],\"inLanguage\":\"pt-PT\",\"potentialAction\":[{\"@type\":\"CommentAction\",\"name\":\"Comment\",\"target\":[\"https:\\\/\\\/algarve7.pt\\\/index.php\\\/2021\\\/12\\\/atletas-de-lagos-foram-felicitados-pelo-seu-merito-desportivo\\\/desporto\\\/13\\\/57\\\/#respond\"]}]},{\"@type\":\"WebPage\",\"@id\":\"https:\\\/\\\/algarve7.pt\\\/index.php\\\/2021\\\/12\\\/atletas-de-lagos-foram-felicitados-pelo-seu-merito-desportivo\\\/desporto\\\/13\\\/57\\\/\",\"url\":\"https:\\\/\\\/algarve7.pt\\\/index.php\\\/2021\\\/12\\\/atletas-de-lagos-foram-felicitados-pelo-seu-merito-desportivo\\\/desporto\\\/13\\\/57\\\/\",\"name\":\"Atletas de Lagos foram felicitados pelo seu m\u00e9rito desportivo - Algarve 7\",\"isPartOf\":{\"@id\":\"https:\\\/\\\/algarve7.pt\\\/#website\"},\"primaryImageOfPage\":{\"@id\":\"https:\\\/\\\/algarve7.pt\\\/index.php\\\/2021\\\/12\\\/atletas-de-lagos-foram-felicitados-pelo-seu-merito-desportivo\\\/desporto\\\/13\\\/57\\\/#primaryimage\"},\"image\":{\"@id\":\"https:\\\/\\\/algarve7.pt\\\/index.php\\\/2021\\\/12\\\/atletas-de-lagos-foram-felicitados-pelo-seu-merito-desportivo\\\/desporto\\\/13\\\/57\\\/#primaryimage\"},\"thumbnailUrl\":\"https:\\\/\\\/algarve7.pt\\\/wp-content\\\/uploads\\\/2021\\\/12\\\/Voto-Louvor-Tinouco-2-OCS.jpg\",\"datePublished\":\"2021-12-20T13:57:56+00:00\",\"dateModified\":\"2021-12-20T13:57:59+00:00\",\"description\":\"Atletas de Lagos foram felicitados pelo seu m\u00e9rito desportivo Desporto\",\"breadcrumb\":{\"@id\":\"https:\\\/\\\/algarve7.pt\\\/index.php\\\/2021\\\/12\\\/atletas-de-lagos-foram-felicitados-pelo-seu-merito-desportivo\\\/desporto\\\/13\\\/57\\\/#breadcrumb\"},\"inLanguage\":\"pt-PT\",\"potentialAction\":[{\"@type\":\"ReadAction\",\"target\":[\"https:\\\/\\\/algarve7.pt\\\/index.php\\\/2021\\\/12\\\/atletas-de-lagos-foram-felicitados-pelo-seu-merito-desportivo\\\/desporto\\\/13\\\/57\\\/\"]}]},{\"@type\":\"ImageObject\",\"inLanguage\":\"pt-PT\",\"@id\":\"https:\\\/\\\/algarve7.pt\\\/index.php\\\/2021\\\/12\\\/atletas-de-lagos-foram-felicitados-pelo-seu-merito-desportivo\\\/desporto\\\/13\\\/57\\\/#primaryimage\",\"url\":\"https:\\\/\\\/algarve7.pt\\\/wp-content\\\/uploads\\\/2021\\\/12\\\/Voto-Louvor-Tinouco-2-OCS.jpg\",\"contentUrl\":\"https:\\\/\\\/algarve7.pt\\\/wp-content\\\/uploads\\\/2021\\\/12\\\/Voto-Louvor-Tinouco-2-OCS.jpg\",\"width\":1200,\"height\":800},{\"@type\":\"BreadcrumbList\",\"@id\":\"https:\\\/\\\/algarve7.pt\\\/index.php\\\/2021\\\/12\\\/atletas-de-lagos-foram-felicitados-pelo-seu-merito-desportivo\\\/desporto\\\/13\\\/57\\\/#breadcrumb\",\"itemListElement\":[{\"@type\":\"ListItem\",\"position\":1,\"name\":\"In\u00edcio\",\"item\":\"https:\\\/\\\/algarve7.pt\\\/\"},{\"@type\":\"ListItem\",\"position\":2,\"name\":\"Atletas de Lagos foram felicitados pelo seu m\u00e9rito desportivo\"}]},{\"@type\":\"WebSite\",\"@id\":\"https:\\\/\\\/algarve7.pt\\\/#website\",\"url\":\"https:\\\/\\\/algarve7.pt\\\/\",\"name\":\"Algarve 7\",\"description\":\"Informa\u00e7\u00e3o sobre o Algarve\",\"publisher\":{\"@id\":\"https:\\\/\\\/algarve7.pt\\\/#organization\"},\"potentialAction\":[{\"@type\":\"SearchAction\",\"target\":{\"@type\":\"EntryPoint\",\"urlTemplate\":\"https:\\\/\\\/algarve7.pt\\\/?s={search_term_string}\"},\"query-input\":{\"@type\":\"PropertyValueSpecification\",\"valueRequired\":true,\"valueName\":\"search_term_string\"}}],\"inLanguage\":\"pt-PT\"},{\"@type\":\"Organization\",\"@id\":\"https:\\\/\\\/algarve7.pt\\\/#organization\",\"name\":\"Algarve 7\",\"url\":\"https:\\\/\\\/algarve7.pt\\\/\",\"logo\":{\"@type\":\"ImageObject\",\"inLanguage\":\"pt-PT\",\"@id\":\"https:\\\/\\\/algarve7.pt\\\/#\\\/schema\\\/logo\\\/image\\\/\",\"url\":\"https:\\\/\\\/algarve7.pt\\\/wp-content\\\/uploads\\\/2020\\\/10\\\/Logo-8.jpg\",\"contentUrl\":\"https:\\\/\\\/algarve7.pt\\\/wp-content\\\/uploads\\\/2020\\\/10\\\/Logo-8.jpg\",\"width\":1680,\"height\":1186,\"caption\":\"Algarve 7\"},\"image\":{\"@id\":\"https:\\\/\\\/algarve7.pt\\\/#\\\/schema\\\/logo\\\/image\\\/\"},\"sameAs\":[\"https:\\\/\\\/www.facebook.com\\\/algarve7\",\"https:\\\/\\\/x.com\\\/Algarvesete\",\"https:\\\/\\\/www.instagram.com\\\/jornalalgarve7\\\/\",\"https:\\\/\\\/www.linkedin.com\\\/company\\\/algarve7\",\"https:\\\/\\\/www.pinterest.pt\\\/geral0939\\\/_created\\\/\"]},{\"@type\":\"Person\",\"@id\":\"https:\\\/\\\/algarve7.pt\\\/#\\\/schema\\\/person\\\/23fa70681308e7b319a3204bcea45e0c\",\"name\":\"Algarve 7\",\"sameAs\":[\"https:\\\/\\\/algarve7.pt\",\"https:\\\/\\\/www.facebook.com\\\/algarve7\"],\"url\":\"https:\\\/\\\/algarve7.pt\\\/index.php\\\/author\\\/geralalgarve7-pt\\\/\"}]}<\/script>\n<!-- \/ Yoast SEO plugin. -->","yoast_head_json":{"title":"Atletas de Lagos foram felicitados pelo seu m\u00e9rito desportivo - Algarve 7","description":"Atletas de Lagos foram felicitados pelo seu m\u00e9rito desportivo Desporto","robots":{"index":"index","follow":"follow","max-snippet":"max-snippet:-1","max-image-preview":"max-image-preview:large","max-video-preview":"max-video-preview:-1"},"canonical":"https:\/\/algarve7.pt\/index.php\/2021\/12\/atletas-de-lagos-foram-felicitados-pelo-seu-merito-desportivo\/desporto\/13\/57\/","og_locale":"pt_PT","og_type":"article","og_title":"Atletas de Lagos foram felicitados pelo seu m\u00e9rito desportivo - Algarve 7","og_description":"Atletas de Lagos foram felicitados pelo seu m\u00e9rito desportivo Desporto","og_url":"https:\/\/algarve7.pt\/index.php\/2021\/12\/atletas-de-lagos-foram-felicitados-pelo-seu-merito-desportivo\/desporto\/13\/57\/","og_site_name":"Algarve 7","article_publisher":"https:\/\/www.facebook.com\/algarve7","article_author":"https:\/\/www.facebook.com\/algarve7","article_published_time":"2021-12-20T13:57:56+00:00","article_modified_time":"2021-12-20T13:57:59+00:00","og_image":[{"width":1200,"height":800,"url":"https:\/\/algarve7.pt\/wp-content\/uploads\/2021\/12\/Voto-Louvor-Tinouco-2-OCS.jpg","type":"image\/jpeg"}],"author":"Algarve 7","twitter_card":"summary_large_image","twitter_creator":"@Algarvesete","twitter_site":"@Algarvesete","twitter_misc":{"Escrito por":"Algarve 7","Tempo estimado de leitura":"2 minutos"},"schema":{"@context":"https:\/\/schema.org","@graph":[{"@type":"Article","@id":"https:\/\/algarve7.pt\/index.php\/2021\/12\/atletas-de-lagos-foram-felicitados-pelo-seu-merito-desportivo\/desporto\/13\/57\/#article","isPartOf":{"@id":"https:\/\/algarve7.pt\/index.php\/2021\/12\/atletas-de-lagos-foram-felicitados-pelo-seu-merito-desportivo\/desporto\/13\/57\/"},"author":{"name":"Algarve 7","@id":"https:\/\/algarve7.pt\/#\/schema\/person\/23fa70681308e7b319a3204bcea45e0c"},"headline":"Atletas de Lagos foram felicitados pelo seu m\u00e9rito desportivo","datePublished":"2021-12-20T13:57:56+00:00","dateModified":"2021-12-20T13:57:59+00:00","mainEntityOfPage":{"@id":"https:\/\/algarve7.pt\/index.php\/2021\/12\/atletas-de-lagos-foram-felicitados-pelo-seu-merito-desportivo\/desporto\/13\/57\/"},"wordCount":290,"commentCount":0,"publisher":{"@id":"https:\/\/algarve7.pt\/#organization"},"image":{"@id":"https:\/\/algarve7.pt\/index.php\/2021\/12\/atletas-de-lagos-foram-felicitados-pelo-seu-merito-desportivo\/desporto\/13\/57\/#primaryimage"},"thumbnailUrl":"https:\/\/algarve7.pt\/wp-content\/uploads\/2021\/12\/Voto-Louvor-Tinouco-2-OCS.jpg","keywords":["Algarve","Desporto","Lagos"],"articleSection":["Desporto"],"inLanguage":"pt-PT","potentialAction":[{"@type":"CommentAction","name":"Comment","target":["https:\/\/algarve7.pt\/index.php\/2021\/12\/atletas-de-lagos-foram-felicitados-pelo-seu-merito-desportivo\/desporto\/13\/57\/#respond"]}]},{"@type":"WebPage","@id":"https:\/\/algarve7.pt\/index.php\/2021\/12\/atletas-de-lagos-foram-felicitados-pelo-seu-merito-desportivo\/desporto\/13\/57\/","url":"https:\/\/algarve7.pt\/index.php\/2021\/12\/atletas-de-lagos-foram-felicitados-pelo-seu-merito-desportivo\/desporto\/13\/57\/","name":"Atletas de Lagos foram felicitados pelo seu m\u00e9rito desportivo - Algarve 7","isPartOf":{"@id":"https:\/\/algarve7.pt\/#website"},"primaryImageOfPage":{"@id":"https:\/\/algarve7.pt\/index.php\/2021\/12\/atletas-de-lagos-foram-felicitados-pelo-seu-merito-desportivo\/desporto\/13\/57\/#primaryimage"},"image":{"@id":"https:\/\/algarve7.pt\/index.php\/2021\/12\/atletas-de-lagos-foram-felicitados-pelo-seu-merito-desportivo\/desporto\/13\/57\/#primaryimage"},"thumbnailUrl":"https:\/\/algarve7.pt\/wp-content\/uploads\/2021\/12\/Voto-Louvor-Tinouco-2-OCS.jpg","datePublished":"2021-12-20T13:57:56+00:00","dateModified":"2021-12-20T13:57:59+00:00","description":"Atletas de Lagos foram felicitados pelo seu m\u00e9rito desportivo Desporto","breadcrumb":{"@id":"https:\/\/algarve7.pt\/index.php\/2021\/12\/atletas-de-lagos-foram-felicitados-pelo-seu-merito-desportivo\/desporto\/13\/57\/#breadcrumb"},"inLanguage":"pt-PT","potentialAction":[{"@type":"ReadAction","target":["https:\/\/algarve7.pt\/index.php\/2021\/12\/atletas-de-lagos-foram-felicitados-pelo-seu-merito-desportivo\/desporto\/13\/57\/"]}]},{"@type":"ImageObject","inLanguage":"pt-PT","@id":"https:\/\/algarve7.pt\/index.php\/2021\/12\/atletas-de-lagos-foram-felicitados-pelo-seu-merito-desportivo\/desporto\/13\/57\/#primaryimage","url":"https:\/\/algarve7.pt\/wp-content\/uploads\/2021\/12\/Voto-Louvor-Tinouco-2-OCS.jpg","contentUrl":"https:\/\/algarve7.pt\/wp-content\/uploads\/2021\/12\/Voto-Louvor-Tinouco-2-OCS.jpg","width":1200,"height":800},{"@type":"BreadcrumbList","@id":"https:\/\/algarve7.pt\/index.php\/2021\/12\/atletas-de-lagos-foram-felicitados-pelo-seu-merito-desportivo\/desporto\/13\/57\/#breadcrumb","itemListElement":[{"@type":"ListItem","position":1,"name":"In\u00edcio","item":"https:\/\/algarve7.pt\/"},{"@type":"ListItem","position":2,"name":"Atletas de Lagos foram felicitados pelo seu m\u00e9rito desportivo"}]},{"@type":"WebSite","@id":"https:\/\/algarve7.pt\/#website","url":"https:\/\/algarve7.pt\/","name":"Algarve 7","description":"Informa\u00e7\u00e3o sobre o Algarve","publisher":{"@id":"https:\/\/algarve7.pt\/#organization"},"potentialAction":[{"@type":"SearchAction","target":{"@type":"EntryPoint","urlTemplate":"https:\/\/algarve7.pt\/?s={search_term_string}"},"query-input":{"@type":"PropertyValueSpecification","valueRequired":true,"valueName":"search_term_string"}}],"inLanguage":"pt-PT"},{"@type":"Organization","@id":"https:\/\/algarve7.pt\/#organization","name":"Algarve 7","url":"https:\/\/algarve7.pt\/","logo":{"@type":"ImageObject","inLanguage":"pt-PT","@id":"https:\/\/algarve7.pt\/#\/schema\/logo\/image\/","url":"https:\/\/algarve7.pt\/wp-content\/uploads\/2020\/10\/Logo-8.jpg","contentUrl":"https:\/\/algarve7.pt\/wp-content\/uploads\/2020\/10\/Logo-8.jpg","width":1680,"height":1186,"caption":"Algarve 7"},"image":{"@id":"https:\/\/algarve7.pt\/#\/schema\/logo\/image\/"},"sameAs":["https:\/\/www.facebook.com\/algarve7","https:\/\/x.com\/Algarvesete","https:\/\/www.instagram.com\/jornalalgarve7\/","https:\/\/www.linkedin.com\/company\/algarve7","https:\/\/www.pinterest.pt\/geral0939\/_created\/"]},{"@type":"Person","@id":"https:\/\/algarve7.pt\/#\/schema\/person\/23fa70681308e7b319a3204bcea45e0c","name":"Algarve 7","sameAs":["https:\/\/algarve7.pt","https:\/\/www.facebook.com\/algarve7"],"url":"https:\/\/algarve7.pt\/index.php\/author\/geralalgarve7-pt\/"}]}},"jetpack_publicize_connections":[],"jetpack_featured_media_url":"https:\/\/algarve7.pt\/wp-content\/uploads\/2021\/12\/Voto-Louvor-Tinouco-2-OCS.jpg","jetpack_shortlink":"https:\/\/wp.me\/pcezmW-3FN","jetpack_sharing_enabled":true,"_links":{"self":[{"href":"https:\/\/algarve7.pt\/index.php\/wp-json\/wp\/v2\/posts\/14123","targetHints":{"allow":["GET"]}}],"collection":[{"href":"https:\/\/algarve7.pt\/index.php\/wp-json\/wp\/v2\/posts"}],"about":[{"href":"https:\/\/algarve7.pt\/index.php\/wp-json\/wp\/v2\/types\/post"}],"author":[{"embeddable":true,"href":"https:\/\/algarve7.pt\/index.php\/wp-json\/wp\/v2\/users\/1"}],"replies":[{"embeddable":true,"href":"https:\/\/algarve7.pt\/index.php\/wp-json\/wp\/v2\/comments?post=14123"}],"version-history":[{"count":0,"href":"https:\/\/algarve7.pt\/index.php\/wp-json\/wp\/v2\/posts\/14123\/revisions"}],"wp:featuredmedia":[{"embeddable":true,"href":"https:\/\/algarve7.pt\/index.php\/wp-json\/wp\/v2\/media\/14124"}],"wp:attachment":[{"href":"https:\/\/algarve7.pt\/index.php\/wp-json\/wp\/v2\/media?parent=14123"}],"wp:term":[{"taxonomy":"category","embeddable":true,"href":"https:\/\/algarve7.pt\/index.php\/wp-json\/wp\/v2\/categories?post=14123"},{"taxonomy":"post_tag","embeddable":true,"href":"https:\/\/algarve7.pt\/index.php\/wp-json\/wp\/v2\/tags?post=14123"}],"curies":[{"name":"wp","href":"https:\/\/api.w.org\/{rel}","templated":true}]}}