{"id":14077,"date":"2021-12-17T11:18:52","date_gmt":"2021-12-17T11:18:52","guid":{"rendered":"https:\/\/algarve7.pt\/?p=14077"},"modified":"2021-12-17T11:19:22","modified_gmt":"2021-12-17T11:19:22","slug":"intermedio-e-som-riscado-nomeados-para-os-iberian-festival-awards","status":"publish","type":"post","link":"https:\/\/algarve7.pt\/index.php\/2021\/12\/intermedio-e-som-riscado-nomeados-para-os-iberian-festival-awards\/cultura\/11\/18\/","title":{"rendered":"InterMedio e Som Riscado nomeados para os Iberian Festival Awards"},"content":{"rendered":"\n<p>S\u00e3o 11 as nomea\u00e7\u00f5es em 7 categorias que o interMEDio (Festival MED \u2013 Edi\u00e7\u00e3o Especial) e o Festival Som Riscado, iniciativas organizadas pelo Munic\u00edpio de Loul\u00e9, receberam para a 6\u00aa edi\u00e7\u00e3o dos Iberian Festival Awards.&nbsp;<\/p>\n\n\n\n<p>Nascido no contexto pand\u00e9mico e com o objetivo de manter vivos os eventos que catapultaram Loul\u00e9 para o mundo &#8211; neste caso espec\u00edfico o Festival MED -, o interMEDio decorreu de 23 a 29 de agosto. Este foi um evento especial e de edi\u00e7\u00e3o limitada focado na&nbsp;<em>world music<\/em>, que pretendeu fazer a liga\u00e7\u00e3o entre o per\u00edodo pr\u00e9-COVID-19 e o que se espera venha a ser o Festival MED quando o mundo regressar em pleno \u00e0 normalidade. A resili\u00eancia da C\u00e2mara Municipal de Loul\u00e9 ao arriscar nesta realiza\u00e7\u00e3o, numa altura em que a maioria dos festivais de ver\u00e3o foram cancelados, valeu-lhe agora seis nomea\u00e7\u00f5es para os Iberian Festival Awards: Melhor Festival, Melhor Comunica\u00e7\u00e3o e Estrat\u00e9gia de Marketing, Melhor Festival Lus\u00f3fono e Hisp\u00e2nico e Melhor Atua\u00e7\u00e3o. Nesta \u00faltima, s\u00e3o tr\u00eas os espet\u00e1culos que est\u00e3o nomeados e que poder\u00e3o garantir mais um pr\u00e9mio para Loul\u00e9: o concerto que reuniu em palco Tristany&amp;Pr\u00e9tu, numa encomenda para o interMEDio, a atua\u00e7\u00e3o que marcou o regresso dos Virgem Suta e o espet\u00e1culo empolgante dos m\u00edticos Quinta do Bill.<\/p>\n\n\n\n<p>J\u00e1 o Festival Som Riscado, que pela primeira vez concorre a este galard\u00e3o, est\u00e1 nomeado como Melhor Festival, Melhor Festival Indoor, Melhor Programa Cultural, Melhor Recinto (neste caso para o Cineteatro Louletano, o principal palco do evento) e Melhor Atua\u00e7\u00e3o, com a atua\u00e7\u00e3o do projeto&nbsp;Miramar (Frankie Chavez e Peixe). Nascido em 2016, sob os motes \u201criscar o som\u201d e \u201carriscar pelo som\u201d, o Som Riscado \u00e9 um festival que pretende fomentar cruzamentos e di\u00e1logos criativos entre a&nbsp;nova<em>&nbsp;<\/em>m\u00fasica portuguesa contempor\u00e2nea de cariz experimental (minimal, psicad\u00e9lica, eletr\u00f3nica) e o(s) universo(s) da imagem e das artes visuais (desenho, pintura, fotografia, cinema, graffiti, arte digital\/imagem animada, design e outros), juntando, assim, artistas pl\u00e1sticos\/visuais com projetos musicais, e apresentando abordagens explorat\u00f3rias, em torno da arte do som. O Som Riscado regressou em 2021, de 24 a 28 de novembro, com mais um cartaz que muito entusiasmou o p\u00fablico pelas propostas arrojadas e irreverentes.<\/p>\n\n\n\n<p>Relembre-se que os Iberian Festival Awards, promovidos pela APORFEST \u2013 Associa\u00e7\u00e3o Portuguesa de Festivais de M\u00fasica, s\u00e3o o \u00fanico reconhecimento ib\u00e9rico dedicado aos festivais, sendo uma refer\u00eancia importante na evolu\u00e7\u00e3o do setor. Este evento dedica-se a promover, valorizar e celebrar todos os profissionais, parceiros e artistas respons\u00e1veis pelo seu desenvolvimento, crescimento e melhoria.<\/p>\n\n\n\n<p>A&nbsp;Gala dos Iberian Festival Awards&nbsp;decorrer\u00e1 no dia&nbsp;26 de Mar\u00e7o, no Audit\u00f3rio Lispolis, em Lisboa, e culminar\u00e1 com a entrega dos&nbsp;Pr\u00e9mios nas suas 22 categorias.&nbsp;<\/p>\n\n\n\n<p>As vota\u00e7\u00f5es decorrem at\u00e9 31 de janeiro na plataforma da Aporfest em\u00a0<a href=\"https:\/\/www.surveymonkey.com\/r\/IFA2022\" target=\"_blank\" rel=\"noreferrer noopener\">https:\/\/www.surveymonkey.com\/r\/IFA2022<\/a><\/p>\n","protected":false},"excerpt":{"rendered":"<p>S\u00e3o 11 as nomea\u00e7\u00f5es em 7 categorias que o interMEDio (Festival MED \u2013 Edi\u00e7\u00e3o Especial) e o Festival Som Riscado,<\/p>\n","protected":false},"author":1,"featured_media":14078,"comment_status":"open","ping_status":"open","sticky":false,"template":"","format":"standard","meta":{"colormag_page_container_layout":"default_layout","colormag_page_sidebar_layout":"default_layout","_monsterinsights_skip_tracking":false,"_monsterinsights_sitenote_active":false,"_monsterinsights_sitenote_note":"","_monsterinsights_sitenote_category":0,"jetpack_post_was_ever_published":false,"_jetpack_newsletter_access":"","_jetpack_dont_email_post_to_subs":false,"_jetpack_newsletter_tier_id":0,"_jetpack_memberships_contains_paywalled_content":false,"_jetpack_memberships_contains_paid_content":false,"footnotes":"","jetpack_publicize_message":"","jetpack_publicize_feature_enabled":true,"jetpack_social_post_already_shared":true,"jetpack_social_options":{"image_generator_settings":{"template":"highway","default_image_id":0,"font":"","enabled":false},"version":2}},"categories":[14],"tags":[36,35,421,31],"class_list":["post-14077","post","type-post","status-publish","format-standard","has-post-thumbnail","hentry","category-cultura","tag-algarve","tag-cultura","tag-festival-intermedio","tag-loule"],"yoast_head":"<!-- This site is optimized with the Yoast SEO plugin v27.5 - https:\/\/yoast.com\/product\/yoast-seo-wordpress\/ -->\n<title>InterMedio e Som Riscado nomeados para os Iberian Festival Awards - Algarve 7<\/title>\n<meta name=\"description\" content=\"InterMedio e Som Riscado nomeados para os Iberian Festival Awards Cultura\" \/>\n<meta name=\"robots\" content=\"index, follow, max-snippet:-1, max-image-preview:large, max-video-preview:-1\" \/>\n<link rel=\"canonical\" href=\"https:\/\/algarve7.pt\/index.php\/2021\/12\/intermedio-e-som-riscado-nomeados-para-os-iberian-festival-awards\/cultura\/11\/18\/\" \/>\n<meta property=\"og:locale\" content=\"pt_PT\" \/>\n<meta property=\"og:type\" content=\"article\" \/>\n<meta property=\"og:title\" content=\"InterMedio e Som Riscado nomeados para os Iberian Festival Awards - Algarve 7\" \/>\n<meta property=\"og:description\" content=\"InterMedio e Som Riscado nomeados para os Iberian Festival Awards Cultura\" \/>\n<meta property=\"og:url\" content=\"https:\/\/algarve7.pt\/index.php\/2021\/12\/intermedio-e-som-riscado-nomeados-para-os-iberian-festival-awards\/cultura\/11\/18\/\" \/>\n<meta property=\"og:site_name\" content=\"Algarve 7\" \/>\n<meta property=\"article:publisher\" content=\"https:\/\/www.facebook.com\/algarve7\" \/>\n<meta property=\"article:author\" content=\"https:\/\/www.facebook.com\/algarve7\" \/>\n<meta property=\"article:published_time\" content=\"2021-12-17T11:18:52+00:00\" \/>\n<meta property=\"article:modified_time\" content=\"2021-12-17T11:19:22+00:00\" \/>\n<meta property=\"og:image\" content=\"https:\/\/algarve7.pt\/wp-content\/uploads\/2021\/12\/Fest-interMEDio-Cla-27-08-2021-57.jpg\" \/>\n\t<meta property=\"og:image:width\" content=\"1920\" \/>\n\t<meta property=\"og:image:height\" content=\"1280\" \/>\n\t<meta property=\"og:image:type\" content=\"image\/jpeg\" \/>\n<meta name=\"author\" content=\"Algarve 7\" \/>\n<meta name=\"twitter:card\" content=\"summary_large_image\" \/>\n<meta name=\"twitter:creator\" content=\"@Algarvesete\" \/>\n<meta name=\"twitter:site\" content=\"@Algarvesete\" \/>\n<meta name=\"twitter:label1\" content=\"Escrito por\" \/>\n\t<meta name=\"twitter:data1\" content=\"Algarve 7\" \/>\n\t<meta name=\"twitter:label2\" content=\"Tempo estimado de leitura\" \/>\n\t<meta name=\"twitter:data2\" content=\"3 minutos\" \/>\n<script type=\"application\/ld+json\" class=\"yoast-schema-graph\">{\"@context\":\"https:\\\/\\\/schema.org\",\"@graph\":[{\"@type\":\"Article\",\"@id\":\"https:\\\/\\\/algarve7.pt\\\/index.php\\\/2021\\\/12\\\/intermedio-e-som-riscado-nomeados-para-os-iberian-festival-awards\\\/cultura\\\/11\\\/18\\\/#article\",\"isPartOf\":{\"@id\":\"https:\\\/\\\/algarve7.pt\\\/index.php\\\/2021\\\/12\\\/intermedio-e-som-riscado-nomeados-para-os-iberian-festival-awards\\\/cultura\\\/11\\\/18\\\/\"},\"author\":{\"name\":\"Algarve 7\",\"@id\":\"https:\\\/\\\/algarve7.pt\\\/#\\\/schema\\\/person\\\/23fa70681308e7b319a3204bcea45e0c\"},\"headline\":\"InterMedio e Som Riscado nomeados para os Iberian Festival Awards\",\"datePublished\":\"2021-12-17T11:18:52+00:00\",\"dateModified\":\"2021-12-17T11:19:22+00:00\",\"mainEntityOfPage\":{\"@id\":\"https:\\\/\\\/algarve7.pt\\\/index.php\\\/2021\\\/12\\\/intermedio-e-som-riscado-nomeados-para-os-iberian-festival-awards\\\/cultura\\\/11\\\/18\\\/\"},\"wordCount\":521,\"commentCount\":0,\"publisher\":{\"@id\":\"https:\\\/\\\/algarve7.pt\\\/#organization\"},\"image\":{\"@id\":\"https:\\\/\\\/algarve7.pt\\\/index.php\\\/2021\\\/12\\\/intermedio-e-som-riscado-nomeados-para-os-iberian-festival-awards\\\/cultura\\\/11\\\/18\\\/#primaryimage\"},\"thumbnailUrl\":\"https:\\\/\\\/algarve7.pt\\\/wp-content\\\/uploads\\\/2021\\\/12\\\/Fest-interMEDio-Cla-27-08-2021-57.jpg\",\"keywords\":[\"Algarve\",\"Cultura\",\"Festival interMEDio\",\"Loul\u00e9\"],\"articleSection\":[\"Cultura\"],\"inLanguage\":\"pt-PT\",\"potentialAction\":[{\"@type\":\"CommentAction\",\"name\":\"Comment\",\"target\":[\"https:\\\/\\\/algarve7.pt\\\/index.php\\\/2021\\\/12\\\/intermedio-e-som-riscado-nomeados-para-os-iberian-festival-awards\\\/cultura\\\/11\\\/18\\\/#respond\"]}]},{\"@type\":\"WebPage\",\"@id\":\"https:\\\/\\\/algarve7.pt\\\/index.php\\\/2021\\\/12\\\/intermedio-e-som-riscado-nomeados-para-os-iberian-festival-awards\\\/cultura\\\/11\\\/18\\\/\",\"url\":\"https:\\\/\\\/algarve7.pt\\\/index.php\\\/2021\\\/12\\\/intermedio-e-som-riscado-nomeados-para-os-iberian-festival-awards\\\/cultura\\\/11\\\/18\\\/\",\"name\":\"InterMedio e Som Riscado nomeados para os Iberian Festival Awards - Algarve 7\",\"isPartOf\":{\"@id\":\"https:\\\/\\\/algarve7.pt\\\/#website\"},\"primaryImageOfPage\":{\"@id\":\"https:\\\/\\\/algarve7.pt\\\/index.php\\\/2021\\\/12\\\/intermedio-e-som-riscado-nomeados-para-os-iberian-festival-awards\\\/cultura\\\/11\\\/18\\\/#primaryimage\"},\"image\":{\"@id\":\"https:\\\/\\\/algarve7.pt\\\/index.php\\\/2021\\\/12\\\/intermedio-e-som-riscado-nomeados-para-os-iberian-festival-awards\\\/cultura\\\/11\\\/18\\\/#primaryimage\"},\"thumbnailUrl\":\"https:\\\/\\\/algarve7.pt\\\/wp-content\\\/uploads\\\/2021\\\/12\\\/Fest-interMEDio-Cla-27-08-2021-57.jpg\",\"datePublished\":\"2021-12-17T11:18:52+00:00\",\"dateModified\":\"2021-12-17T11:19:22+00:00\",\"description\":\"InterMedio e Som Riscado nomeados para os Iberian Festival Awards Cultura\",\"breadcrumb\":{\"@id\":\"https:\\\/\\\/algarve7.pt\\\/index.php\\\/2021\\\/12\\\/intermedio-e-som-riscado-nomeados-para-os-iberian-festival-awards\\\/cultura\\\/11\\\/18\\\/#breadcrumb\"},\"inLanguage\":\"pt-PT\",\"potentialAction\":[{\"@type\":\"ReadAction\",\"target\":[\"https:\\\/\\\/algarve7.pt\\\/index.php\\\/2021\\\/12\\\/intermedio-e-som-riscado-nomeados-para-os-iberian-festival-awards\\\/cultura\\\/11\\\/18\\\/\"]}]},{\"@type\":\"ImageObject\",\"inLanguage\":\"pt-PT\",\"@id\":\"https:\\\/\\\/algarve7.pt\\\/index.php\\\/2021\\\/12\\\/intermedio-e-som-riscado-nomeados-para-os-iberian-festival-awards\\\/cultura\\\/11\\\/18\\\/#primaryimage\",\"url\":\"https:\\\/\\\/algarve7.pt\\\/wp-content\\\/uploads\\\/2021\\\/12\\\/Fest-interMEDio-Cla-27-08-2021-57.jpg\",\"contentUrl\":\"https:\\\/\\\/algarve7.pt\\\/wp-content\\\/uploads\\\/2021\\\/12\\\/Fest-interMEDio-Cla-27-08-2021-57.jpg\",\"width\":1920,\"height\":1280},{\"@type\":\"BreadcrumbList\",\"@id\":\"https:\\\/\\\/algarve7.pt\\\/index.php\\\/2021\\\/12\\\/intermedio-e-som-riscado-nomeados-para-os-iberian-festival-awards\\\/cultura\\\/11\\\/18\\\/#breadcrumb\",\"itemListElement\":[{\"@type\":\"ListItem\",\"position\":1,\"name\":\"In\u00edcio\",\"item\":\"https:\\\/\\\/algarve7.pt\\\/\"},{\"@type\":\"ListItem\",\"position\":2,\"name\":\"InterMedio e Som Riscado nomeados para os Iberian Festival Awards\"}]},{\"@type\":\"WebSite\",\"@id\":\"https:\\\/\\\/algarve7.pt\\\/#website\",\"url\":\"https:\\\/\\\/algarve7.pt\\\/\",\"name\":\"Algarve 7\",\"description\":\"Informa\u00e7\u00e3o sobre o Algarve\",\"publisher\":{\"@id\":\"https:\\\/\\\/algarve7.pt\\\/#organization\"},\"potentialAction\":[{\"@type\":\"SearchAction\",\"target\":{\"@type\":\"EntryPoint\",\"urlTemplate\":\"https:\\\/\\\/algarve7.pt\\\/?s={search_term_string}\"},\"query-input\":{\"@type\":\"PropertyValueSpecification\",\"valueRequired\":true,\"valueName\":\"search_term_string\"}}],\"inLanguage\":\"pt-PT\"},{\"@type\":\"Organization\",\"@id\":\"https:\\\/\\\/algarve7.pt\\\/#organization\",\"name\":\"Algarve 7\",\"url\":\"https:\\\/\\\/algarve7.pt\\\/\",\"logo\":{\"@type\":\"ImageObject\",\"inLanguage\":\"pt-PT\",\"@id\":\"https:\\\/\\\/algarve7.pt\\\/#\\\/schema\\\/logo\\\/image\\\/\",\"url\":\"https:\\\/\\\/algarve7.pt\\\/wp-content\\\/uploads\\\/2020\\\/10\\\/Logo-8.jpg\",\"contentUrl\":\"https:\\\/\\\/algarve7.pt\\\/wp-content\\\/uploads\\\/2020\\\/10\\\/Logo-8.jpg\",\"width\":1680,\"height\":1186,\"caption\":\"Algarve 7\"},\"image\":{\"@id\":\"https:\\\/\\\/algarve7.pt\\\/#\\\/schema\\\/logo\\\/image\\\/\"},\"sameAs\":[\"https:\\\/\\\/www.facebook.com\\\/algarve7\",\"https:\\\/\\\/x.com\\\/Algarvesete\",\"https:\\\/\\\/www.instagram.com\\\/jornalalgarve7\\\/\",\"https:\\\/\\\/www.linkedin.com\\\/company\\\/algarve7\",\"https:\\\/\\\/www.pinterest.pt\\\/geral0939\\\/_created\\\/\"]},{\"@type\":\"Person\",\"@id\":\"https:\\\/\\\/algarve7.pt\\\/#\\\/schema\\\/person\\\/23fa70681308e7b319a3204bcea45e0c\",\"name\":\"Algarve 7\",\"sameAs\":[\"https:\\\/\\\/algarve7.pt\",\"https:\\\/\\\/www.facebook.com\\\/algarve7\"],\"url\":\"https:\\\/\\\/algarve7.pt\\\/index.php\\\/author\\\/geralalgarve7-pt\\\/\"}]}<\/script>\n<!-- \/ Yoast SEO plugin. -->","yoast_head_json":{"title":"InterMedio e Som Riscado nomeados para os Iberian Festival Awards - Algarve 7","description":"InterMedio e Som Riscado nomeados para os Iberian Festival Awards Cultura","robots":{"index":"index","follow":"follow","max-snippet":"max-snippet:-1","max-image-preview":"max-image-preview:large","max-video-preview":"max-video-preview:-1"},"canonical":"https:\/\/algarve7.pt\/index.php\/2021\/12\/intermedio-e-som-riscado-nomeados-para-os-iberian-festival-awards\/cultura\/11\/18\/","og_locale":"pt_PT","og_type":"article","og_title":"InterMedio e Som Riscado nomeados para os Iberian Festival Awards - Algarve 7","og_description":"InterMedio e Som Riscado nomeados para os Iberian Festival Awards Cultura","og_url":"https:\/\/algarve7.pt\/index.php\/2021\/12\/intermedio-e-som-riscado-nomeados-para-os-iberian-festival-awards\/cultura\/11\/18\/","og_site_name":"Algarve 7","article_publisher":"https:\/\/www.facebook.com\/algarve7","article_author":"https:\/\/www.facebook.com\/algarve7","article_published_time":"2021-12-17T11:18:52+00:00","article_modified_time":"2021-12-17T11:19:22+00:00","og_image":[{"width":1920,"height":1280,"url":"https:\/\/algarve7.pt\/wp-content\/uploads\/2021\/12\/Fest-interMEDio-Cla-27-08-2021-57.jpg","type":"image\/jpeg"}],"author":"Algarve 7","twitter_card":"summary_large_image","twitter_creator":"@Algarvesete","twitter_site":"@Algarvesete","twitter_misc":{"Escrito por":"Algarve 7","Tempo estimado de leitura":"3 minutos"},"schema":{"@context":"https:\/\/schema.org","@graph":[{"@type":"Article","@id":"https:\/\/algarve7.pt\/index.php\/2021\/12\/intermedio-e-som-riscado-nomeados-para-os-iberian-festival-awards\/cultura\/11\/18\/#article","isPartOf":{"@id":"https:\/\/algarve7.pt\/index.php\/2021\/12\/intermedio-e-som-riscado-nomeados-para-os-iberian-festival-awards\/cultura\/11\/18\/"},"author":{"name":"Algarve 7","@id":"https:\/\/algarve7.pt\/#\/schema\/person\/23fa70681308e7b319a3204bcea45e0c"},"headline":"InterMedio e Som Riscado nomeados para os Iberian Festival Awards","datePublished":"2021-12-17T11:18:52+00:00","dateModified":"2021-12-17T11:19:22+00:00","mainEntityOfPage":{"@id":"https:\/\/algarve7.pt\/index.php\/2021\/12\/intermedio-e-som-riscado-nomeados-para-os-iberian-festival-awards\/cultura\/11\/18\/"},"wordCount":521,"commentCount":0,"publisher":{"@id":"https:\/\/algarve7.pt\/#organization"},"image":{"@id":"https:\/\/algarve7.pt\/index.php\/2021\/12\/intermedio-e-som-riscado-nomeados-para-os-iberian-festival-awards\/cultura\/11\/18\/#primaryimage"},"thumbnailUrl":"https:\/\/algarve7.pt\/wp-content\/uploads\/2021\/12\/Fest-interMEDio-Cla-27-08-2021-57.jpg","keywords":["Algarve","Cultura","Festival interMEDio","Loul\u00e9"],"articleSection":["Cultura"],"inLanguage":"pt-PT","potentialAction":[{"@type":"CommentAction","name":"Comment","target":["https:\/\/algarve7.pt\/index.php\/2021\/12\/intermedio-e-som-riscado-nomeados-para-os-iberian-festival-awards\/cultura\/11\/18\/#respond"]}]},{"@type":"WebPage","@id":"https:\/\/algarve7.pt\/index.php\/2021\/12\/intermedio-e-som-riscado-nomeados-para-os-iberian-festival-awards\/cultura\/11\/18\/","url":"https:\/\/algarve7.pt\/index.php\/2021\/12\/intermedio-e-som-riscado-nomeados-para-os-iberian-festival-awards\/cultura\/11\/18\/","name":"InterMedio e Som Riscado nomeados para os Iberian Festival Awards - Algarve 7","isPartOf":{"@id":"https:\/\/algarve7.pt\/#website"},"primaryImageOfPage":{"@id":"https:\/\/algarve7.pt\/index.php\/2021\/12\/intermedio-e-som-riscado-nomeados-para-os-iberian-festival-awards\/cultura\/11\/18\/#primaryimage"},"image":{"@id":"https:\/\/algarve7.pt\/index.php\/2021\/12\/intermedio-e-som-riscado-nomeados-para-os-iberian-festival-awards\/cultura\/11\/18\/#primaryimage"},"thumbnailUrl":"https:\/\/algarve7.pt\/wp-content\/uploads\/2021\/12\/Fest-interMEDio-Cla-27-08-2021-57.jpg","datePublished":"2021-12-17T11:18:52+00:00","dateModified":"2021-12-17T11:19:22+00:00","description":"InterMedio e Som Riscado nomeados para os Iberian Festival Awards Cultura","breadcrumb":{"@id":"https:\/\/algarve7.pt\/index.php\/2021\/12\/intermedio-e-som-riscado-nomeados-para-os-iberian-festival-awards\/cultura\/11\/18\/#breadcrumb"},"inLanguage":"pt-PT","potentialAction":[{"@type":"ReadAction","target":["https:\/\/algarve7.pt\/index.php\/2021\/12\/intermedio-e-som-riscado-nomeados-para-os-iberian-festival-awards\/cultura\/11\/18\/"]}]},{"@type":"ImageObject","inLanguage":"pt-PT","@id":"https:\/\/algarve7.pt\/index.php\/2021\/12\/intermedio-e-som-riscado-nomeados-para-os-iberian-festival-awards\/cultura\/11\/18\/#primaryimage","url":"https:\/\/algarve7.pt\/wp-content\/uploads\/2021\/12\/Fest-interMEDio-Cla-27-08-2021-57.jpg","contentUrl":"https:\/\/algarve7.pt\/wp-content\/uploads\/2021\/12\/Fest-interMEDio-Cla-27-08-2021-57.jpg","width":1920,"height":1280},{"@type":"BreadcrumbList","@id":"https:\/\/algarve7.pt\/index.php\/2021\/12\/intermedio-e-som-riscado-nomeados-para-os-iberian-festival-awards\/cultura\/11\/18\/#breadcrumb","itemListElement":[{"@type":"ListItem","position":1,"name":"In\u00edcio","item":"https:\/\/algarve7.pt\/"},{"@type":"ListItem","position":2,"name":"InterMedio e Som Riscado nomeados para os Iberian Festival Awards"}]},{"@type":"WebSite","@id":"https:\/\/algarve7.pt\/#website","url":"https:\/\/algarve7.pt\/","name":"Algarve 7","description":"Informa\u00e7\u00e3o sobre o Algarve","publisher":{"@id":"https:\/\/algarve7.pt\/#organization"},"potentialAction":[{"@type":"SearchAction","target":{"@type":"EntryPoint","urlTemplate":"https:\/\/algarve7.pt\/?s={search_term_string}"},"query-input":{"@type":"PropertyValueSpecification","valueRequired":true,"valueName":"search_term_string"}}],"inLanguage":"pt-PT"},{"@type":"Organization","@id":"https:\/\/algarve7.pt\/#organization","name":"Algarve 7","url":"https:\/\/algarve7.pt\/","logo":{"@type":"ImageObject","inLanguage":"pt-PT","@id":"https:\/\/algarve7.pt\/#\/schema\/logo\/image\/","url":"https:\/\/algarve7.pt\/wp-content\/uploads\/2020\/10\/Logo-8.jpg","contentUrl":"https:\/\/algarve7.pt\/wp-content\/uploads\/2020\/10\/Logo-8.jpg","width":1680,"height":1186,"caption":"Algarve 7"},"image":{"@id":"https:\/\/algarve7.pt\/#\/schema\/logo\/image\/"},"sameAs":["https:\/\/www.facebook.com\/algarve7","https:\/\/x.com\/Algarvesete","https:\/\/www.instagram.com\/jornalalgarve7\/","https:\/\/www.linkedin.com\/company\/algarve7","https:\/\/www.pinterest.pt\/geral0939\/_created\/"]},{"@type":"Person","@id":"https:\/\/algarve7.pt\/#\/schema\/person\/23fa70681308e7b319a3204bcea45e0c","name":"Algarve 7","sameAs":["https:\/\/algarve7.pt","https:\/\/www.facebook.com\/algarve7"],"url":"https:\/\/algarve7.pt\/index.php\/author\/geralalgarve7-pt\/"}]}},"jetpack_publicize_connections":[],"jetpack_featured_media_url":"https:\/\/algarve7.pt\/wp-content\/uploads\/2021\/12\/Fest-interMEDio-Cla-27-08-2021-57.jpg","jetpack_shortlink":"https:\/\/wp.me\/pcezmW-3F3","jetpack_sharing_enabled":true,"_links":{"self":[{"href":"https:\/\/algarve7.pt\/index.php\/wp-json\/wp\/v2\/posts\/14077","targetHints":{"allow":["GET"]}}],"collection":[{"href":"https:\/\/algarve7.pt\/index.php\/wp-json\/wp\/v2\/posts"}],"about":[{"href":"https:\/\/algarve7.pt\/index.php\/wp-json\/wp\/v2\/types\/post"}],"author":[{"embeddable":true,"href":"https:\/\/algarve7.pt\/index.php\/wp-json\/wp\/v2\/users\/1"}],"replies":[{"embeddable":true,"href":"https:\/\/algarve7.pt\/index.php\/wp-json\/wp\/v2\/comments?post=14077"}],"version-history":[{"count":0,"href":"https:\/\/algarve7.pt\/index.php\/wp-json\/wp\/v2\/posts\/14077\/revisions"}],"wp:featuredmedia":[{"embeddable":true,"href":"https:\/\/algarve7.pt\/index.php\/wp-json\/wp\/v2\/media\/14078"}],"wp:attachment":[{"href":"https:\/\/algarve7.pt\/index.php\/wp-json\/wp\/v2\/media?parent=14077"}],"wp:term":[{"taxonomy":"category","embeddable":true,"href":"https:\/\/algarve7.pt\/index.php\/wp-json\/wp\/v2\/categories?post=14077"},{"taxonomy":"post_tag","embeddable":true,"href":"https:\/\/algarve7.pt\/index.php\/wp-json\/wp\/v2\/tags?post=14077"}],"curies":[{"name":"wp","href":"https:\/\/api.w.org\/{rel}","templated":true}]}}