{"id":14071,"date":"2021-12-17T10:16:19","date_gmt":"2021-12-17T10:16:19","guid":{"rendered":"https:\/\/algarve7.pt\/?p=14071"},"modified":"2021-12-17T10:16:22","modified_gmt":"2021-12-17T10:16:22","slug":"no-fim-de-semana-mais-curto-do-ano-as-curtas-estao-em-sao-bras-de-alportel","status":"publish","type":"post","link":"https:\/\/algarve7.pt\/index.php\/2021\/12\/no-fim-de-semana-mais-curto-do-ano-as-curtas-estao-em-sao-bras-de-alportel\/cultura\/10\/16\/","title":{"rendered":"No fim de semana mais curto do ano, as curtas est\u00e3o em S\u00e3o Br\u00e1s de Alportel"},"content":{"rendered":"\n<p>S\u00e3o Br\u00e1s de Alportel integra o calend\u00e1rio nacional do Ciclo de Cinema \u201cO Dia Mais Curto \u2013 Ciclo de Cinema de Curtas \u2013 Metragens\u201d cujas exibi\u00e7\u00f5es para mi\u00fados e gra\u00fados decorrer\u00e3o\u00a0no Cineteatro S\u00e3o Br\u00e1s este fim de semana.\u00a0<\/p>\n\n\n\n<p>A primeira sess\u00e3o est\u00e1 marcada para este s\u00e1bado, dia 18, pelas 15h00 com o programa \u201cAmiguinhos\u201d, para maiores de 3 anos e que promete muita anima\u00e7\u00e3o a par da educa\u00e7\u00e3o pela imagem. A sess\u00e3o das 19h00, para maiores de 12 anos, \u00e9 dedicada \u00e0s \u201cCurtas do Mundo\u201d que prop\u00f5e uma viagem por algumas das obras exibidas na mais recente edi\u00e7\u00e3o do festival Curtas Vila do Conde.&nbsp;<\/p>\n\n\n\n<p>No domingo,&nbsp;dia 19,&nbsp;as sess\u00f5es infantis regressam pelas 15h00, desta vez com o programa \u201cCurtinhas para todos\u201d. Pelas 19h00, \u00e9 tempo para conhecer as \u201cNovas Curtas Portuguesas\u201d, sess\u00e3o para maiores de 12 anos.<\/p>\n\n\n\n<p>Os ingressos est\u00e3o \u00e0 venda na Galeria Municipal de S\u00e3o Br\u00e1s de Alportel e, no pr\u00f3prio dia, na bilheteira do Cineteatro antes do in\u00edcio das sess\u00f5es. Os bilhetes est\u00e3o \u00e0 venda por 5,00 euros, estando tamb\u00e9m acess\u00edveis por 2,50 euros para portadores do Cart\u00e3o Jovem Municipal e por 3,75 euros para por portadores do Cart\u00e3o S\u00e9nior Municipal.<\/p>\n\n\n\n<p>Este ciclo inspira-se na chegada do inverno ao hemisf\u00e9rio norte, entre 21 e 22 de dezembro.&nbsp;Fen\u00f3meno astron\u00f3mico que assinala o dia mais curto do ano inspirou a cria\u00e7\u00e3o da festa que celebra o cinema no formato curto em todo o mundo: O Dia Mais Curto.&nbsp;<\/p>\n\n\n\n<p>Em 2021, este ciclo de cinema promovido pela Ag\u00eancia da Curta Metragem completa a sua 9\u00aa edi\u00e7\u00e3o com quatro programas distintos exibidos em todo o pa\u00eds, com filmes portugueses e internacionais.<\/p>\n\n\n\n<p>Uma iniciativa promovida a n\u00edvel nacional pela Ag\u00eancia da Curta Metragem e que chega a S\u00e3o Br\u00e1s de Alportel em parceria entre o Munic\u00edpio e o CINEMALUA \u2013 Associa\u00e7\u00e3o Cultural que est\u00e3o tamb\u00e9m a dinamizar semanalmente o Ciclo de Cinema \u201cSess\u00f5es de Inverno\u201d.<\/p>\n\n\n\n<p>Junte-se \u00e0 celebra\u00e7\u00e3o do formato mais criativo e original do Cinema e d\u00ea as boas-vindas a mais um Inverno na melhor companhia!<\/p>\n\n\n\n<div class=\"wp-block-image is-style-default\"><figure class=\"aligncenter size-large\"><img loading=\"lazy\" decoding=\"async\" width=\"724\" height=\"1024\" src=\"https:\/\/algarve7.pt\/wp-content\/uploads\/2021\/12\/o_dia_mais_curto_cinemalua-724x1024.jpg\" alt=\"\" class=\"wp-image-14073\" srcset=\"https:\/\/algarve7.pt\/wp-content\/uploads\/2021\/12\/o_dia_mais_curto_cinemalua-724x1024.jpg 724w, https:\/\/algarve7.pt\/wp-content\/uploads\/2021\/12\/o_dia_mais_curto_cinemalua-212x300.jpg 212w, https:\/\/algarve7.pt\/wp-content\/uploads\/2021\/12\/o_dia_mais_curto_cinemalua-768x1086.jpg 768w, https:\/\/algarve7.pt\/wp-content\/uploads\/2021\/12\/o_dia_mais_curto_cinemalua-1086x1536.jpg 1086w, https:\/\/algarve7.pt\/wp-content\/uploads\/2021\/12\/o_dia_mais_curto_cinemalua.jpg 1240w\" sizes=\"auto, (max-width: 724px) 100vw, 724px\" \/><\/figure><\/div>\n","protected":false},"excerpt":{"rendered":"<p>S\u00e3o Br\u00e1s de Alportel integra o calend\u00e1rio nacional do Ciclo de Cinema \u201cO Dia Mais Curto \u2013 Ciclo de Cinema<\/p>\n","protected":false},"author":1,"featured_media":14072,"comment_status":"open","ping_status":"open","sticky":false,"template":"","format":"standard","meta":{"colormag_page_container_layout":"default_layout","colormag_page_sidebar_layout":"default_layout","_monsterinsights_skip_tracking":false,"_monsterinsights_sitenote_active":false,"_monsterinsights_sitenote_note":"","_monsterinsights_sitenote_category":0,"jetpack_post_was_ever_published":false,"_jetpack_newsletter_access":"","_jetpack_dont_email_post_to_subs":false,"_jetpack_newsletter_tier_id":0,"_jetpack_memberships_contains_paywalled_content":false,"_jetpack_memberships_contains_paid_content":false,"footnotes":"","jetpack_publicize_message":"","jetpack_publicize_feature_enabled":true,"jetpack_social_post_already_shared":true,"jetpack_social_options":{"image_generator_settings":{"template":"highway","default_image_id":0,"font":"","enabled":false},"version":2}},"categories":[14],"tags":[36,43,554,35,63],"class_list":["post-14071","post","type-post","status-publish","format-standard","has-post-thumbnail","hentry","category-cultura","tag-algarve","tag-cinema","tag-cineteatro-sao-bras","tag-cultura","tag-sao-bras-de-alportel"],"yoast_head":"<!-- This site is optimized with the Yoast SEO plugin v27.5 - https:\/\/yoast.com\/product\/yoast-seo-wordpress\/ -->\n<title>No fim de semana mais curto do ano, as curtas est\u00e3o em S\u00e3o Br\u00e1s de Alportel - Algarve 7<\/title>\n<meta name=\"description\" content=\"No fim de semana mais curto do ano, as curtas est\u00e3o em S\u00e3o Br\u00e1s de Alportel Cultura\" \/>\n<meta name=\"robots\" content=\"index, follow, max-snippet:-1, max-image-preview:large, max-video-preview:-1\" \/>\n<link rel=\"canonical\" href=\"https:\/\/algarve7.pt\/index.php\/2021\/12\/no-fim-de-semana-mais-curto-do-ano-as-curtas-estao-em-sao-bras-de-alportel\/cultura\/10\/16\/\" \/>\n<meta property=\"og:locale\" content=\"pt_PT\" \/>\n<meta property=\"og:type\" content=\"article\" \/>\n<meta property=\"og:title\" content=\"No fim de semana mais curto do ano, as curtas est\u00e3o em S\u00e3o Br\u00e1s de Alportel - Algarve 7\" \/>\n<meta property=\"og:description\" content=\"No fim de semana mais curto do ano, as curtas est\u00e3o em S\u00e3o Br\u00e1s de Alportel Cultura\" \/>\n<meta property=\"og:url\" content=\"https:\/\/algarve7.pt\/index.php\/2021\/12\/no-fim-de-semana-mais-curto-do-ano-as-curtas-estao-em-sao-bras-de-alportel\/cultura\/10\/16\/\" \/>\n<meta property=\"og:site_name\" content=\"Algarve 7\" \/>\n<meta property=\"article:publisher\" content=\"https:\/\/www.facebook.com\/algarve7\" \/>\n<meta property=\"article:author\" content=\"https:\/\/www.facebook.com\/algarve7\" \/>\n<meta property=\"article:published_time\" content=\"2021-12-17T10:16:19+00:00\" \/>\n<meta property=\"article:modified_time\" content=\"2021-12-17T10:16:22+00:00\" \/>\n<meta property=\"og:image\" content=\"https:\/\/algarve7.pt\/wp-content\/uploads\/2021\/12\/Captura-de-ecra-2021-12-17-as-10.12.28.png\" \/>\n\t<meta property=\"og:image:width\" content=\"1920\" \/>\n\t<meta property=\"og:image:height\" content=\"1325\" \/>\n\t<meta property=\"og:image:type\" content=\"image\/png\" \/>\n<meta name=\"author\" content=\"Algarve 7\" \/>\n<meta name=\"twitter:card\" content=\"summary_large_image\" \/>\n<meta name=\"twitter:creator\" content=\"@Algarvesete\" \/>\n<meta name=\"twitter:site\" content=\"@Algarvesete\" \/>\n<meta name=\"twitter:label1\" content=\"Escrito por\" \/>\n\t<meta name=\"twitter:data1\" content=\"Algarve 7\" \/>\n\t<meta name=\"twitter:label2\" content=\"Tempo estimado de leitura\" \/>\n\t<meta name=\"twitter:data2\" content=\"3 minutos\" \/>\n<script type=\"application\/ld+json\" class=\"yoast-schema-graph\">{\"@context\":\"https:\\\/\\\/schema.org\",\"@graph\":[{\"@type\":\"Article\",\"@id\":\"https:\\\/\\\/algarve7.pt\\\/index.php\\\/2021\\\/12\\\/no-fim-de-semana-mais-curto-do-ano-as-curtas-estao-em-sao-bras-de-alportel\\\/cultura\\\/10\\\/16\\\/#article\",\"isPartOf\":{\"@id\":\"https:\\\/\\\/algarve7.pt\\\/index.php\\\/2021\\\/12\\\/no-fim-de-semana-mais-curto-do-ano-as-curtas-estao-em-sao-bras-de-alportel\\\/cultura\\\/10\\\/16\\\/\"},\"author\":{\"name\":\"Algarve 7\",\"@id\":\"https:\\\/\\\/algarve7.pt\\\/#\\\/schema\\\/person\\\/23fa70681308e7b319a3204bcea45e0c\"},\"headline\":\"No fim de semana mais curto do ano, as curtas est\u00e3o em S\u00e3o Br\u00e1s de Alportel\",\"datePublished\":\"2021-12-17T10:16:19+00:00\",\"dateModified\":\"2021-12-17T10:16:22+00:00\",\"mainEntityOfPage\":{\"@id\":\"https:\\\/\\\/algarve7.pt\\\/index.php\\\/2021\\\/12\\\/no-fim-de-semana-mais-curto-do-ano-as-curtas-estao-em-sao-bras-de-alportel\\\/cultura\\\/10\\\/16\\\/\"},\"wordCount\":389,\"commentCount\":0,\"publisher\":{\"@id\":\"https:\\\/\\\/algarve7.pt\\\/#organization\"},\"image\":{\"@id\":\"https:\\\/\\\/algarve7.pt\\\/index.php\\\/2021\\\/12\\\/no-fim-de-semana-mais-curto-do-ano-as-curtas-estao-em-sao-bras-de-alportel\\\/cultura\\\/10\\\/16\\\/#primaryimage\"},\"thumbnailUrl\":\"https:\\\/\\\/algarve7.pt\\\/wp-content\\\/uploads\\\/2021\\\/12\\\/Captura-de-ecra-2021-12-17-as-10.12.28.png\",\"keywords\":[\"Algarve\",\"Cinema\",\"Cineteatro S\u00e3o Br\u00e1s\",\"Cultura\",\"S\u00e3o Br\u00e1s de Alportel\"],\"articleSection\":[\"Cultura\"],\"inLanguage\":\"pt-PT\",\"potentialAction\":[{\"@type\":\"CommentAction\",\"name\":\"Comment\",\"target\":[\"https:\\\/\\\/algarve7.pt\\\/index.php\\\/2021\\\/12\\\/no-fim-de-semana-mais-curto-do-ano-as-curtas-estao-em-sao-bras-de-alportel\\\/cultura\\\/10\\\/16\\\/#respond\"]}]},{\"@type\":\"WebPage\",\"@id\":\"https:\\\/\\\/algarve7.pt\\\/index.php\\\/2021\\\/12\\\/no-fim-de-semana-mais-curto-do-ano-as-curtas-estao-em-sao-bras-de-alportel\\\/cultura\\\/10\\\/16\\\/\",\"url\":\"https:\\\/\\\/algarve7.pt\\\/index.php\\\/2021\\\/12\\\/no-fim-de-semana-mais-curto-do-ano-as-curtas-estao-em-sao-bras-de-alportel\\\/cultura\\\/10\\\/16\\\/\",\"name\":\"No fim de semana mais curto do ano, as curtas est\u00e3o em S\u00e3o Br\u00e1s de Alportel - Algarve 7\",\"isPartOf\":{\"@id\":\"https:\\\/\\\/algarve7.pt\\\/#website\"},\"primaryImageOfPage\":{\"@id\":\"https:\\\/\\\/algarve7.pt\\\/index.php\\\/2021\\\/12\\\/no-fim-de-semana-mais-curto-do-ano-as-curtas-estao-em-sao-bras-de-alportel\\\/cultura\\\/10\\\/16\\\/#primaryimage\"},\"image\":{\"@id\":\"https:\\\/\\\/algarve7.pt\\\/index.php\\\/2021\\\/12\\\/no-fim-de-semana-mais-curto-do-ano-as-curtas-estao-em-sao-bras-de-alportel\\\/cultura\\\/10\\\/16\\\/#primaryimage\"},\"thumbnailUrl\":\"https:\\\/\\\/algarve7.pt\\\/wp-content\\\/uploads\\\/2021\\\/12\\\/Captura-de-ecra-2021-12-17-as-10.12.28.png\",\"datePublished\":\"2021-12-17T10:16:19+00:00\",\"dateModified\":\"2021-12-17T10:16:22+00:00\",\"description\":\"No fim de semana mais curto do ano, as curtas est\u00e3o em S\u00e3o Br\u00e1s de Alportel Cultura\",\"breadcrumb\":{\"@id\":\"https:\\\/\\\/algarve7.pt\\\/index.php\\\/2021\\\/12\\\/no-fim-de-semana-mais-curto-do-ano-as-curtas-estao-em-sao-bras-de-alportel\\\/cultura\\\/10\\\/16\\\/#breadcrumb\"},\"inLanguage\":\"pt-PT\",\"potentialAction\":[{\"@type\":\"ReadAction\",\"target\":[\"https:\\\/\\\/algarve7.pt\\\/index.php\\\/2021\\\/12\\\/no-fim-de-semana-mais-curto-do-ano-as-curtas-estao-em-sao-bras-de-alportel\\\/cultura\\\/10\\\/16\\\/\"]}]},{\"@type\":\"ImageObject\",\"inLanguage\":\"pt-PT\",\"@id\":\"https:\\\/\\\/algarve7.pt\\\/index.php\\\/2021\\\/12\\\/no-fim-de-semana-mais-curto-do-ano-as-curtas-estao-em-sao-bras-de-alportel\\\/cultura\\\/10\\\/16\\\/#primaryimage\",\"url\":\"https:\\\/\\\/algarve7.pt\\\/wp-content\\\/uploads\\\/2021\\\/12\\\/Captura-de-ecra-2021-12-17-as-10.12.28.png\",\"contentUrl\":\"https:\\\/\\\/algarve7.pt\\\/wp-content\\\/uploads\\\/2021\\\/12\\\/Captura-de-ecra-2021-12-17-as-10.12.28.png\",\"width\":1920,\"height\":1325},{\"@type\":\"BreadcrumbList\",\"@id\":\"https:\\\/\\\/algarve7.pt\\\/index.php\\\/2021\\\/12\\\/no-fim-de-semana-mais-curto-do-ano-as-curtas-estao-em-sao-bras-de-alportel\\\/cultura\\\/10\\\/16\\\/#breadcrumb\",\"itemListElement\":[{\"@type\":\"ListItem\",\"position\":1,\"name\":\"In\u00edcio\",\"item\":\"https:\\\/\\\/algarve7.pt\\\/\"},{\"@type\":\"ListItem\",\"position\":2,\"name\":\"No fim de semana mais curto do ano, as curtas est\u00e3o em S\u00e3o Br\u00e1s de Alportel\"}]},{\"@type\":\"WebSite\",\"@id\":\"https:\\\/\\\/algarve7.pt\\\/#website\",\"url\":\"https:\\\/\\\/algarve7.pt\\\/\",\"name\":\"Algarve 7\",\"description\":\"Informa\u00e7\u00e3o sobre o Algarve\",\"publisher\":{\"@id\":\"https:\\\/\\\/algarve7.pt\\\/#organization\"},\"potentialAction\":[{\"@type\":\"SearchAction\",\"target\":{\"@type\":\"EntryPoint\",\"urlTemplate\":\"https:\\\/\\\/algarve7.pt\\\/?s={search_term_string}\"},\"query-input\":{\"@type\":\"PropertyValueSpecification\",\"valueRequired\":true,\"valueName\":\"search_term_string\"}}],\"inLanguage\":\"pt-PT\"},{\"@type\":\"Organization\",\"@id\":\"https:\\\/\\\/algarve7.pt\\\/#organization\",\"name\":\"Algarve 7\",\"url\":\"https:\\\/\\\/algarve7.pt\\\/\",\"logo\":{\"@type\":\"ImageObject\",\"inLanguage\":\"pt-PT\",\"@id\":\"https:\\\/\\\/algarve7.pt\\\/#\\\/schema\\\/logo\\\/image\\\/\",\"url\":\"https:\\\/\\\/algarve7.pt\\\/wp-content\\\/uploads\\\/2020\\\/10\\\/Logo-8.jpg\",\"contentUrl\":\"https:\\\/\\\/algarve7.pt\\\/wp-content\\\/uploads\\\/2020\\\/10\\\/Logo-8.jpg\",\"width\":1680,\"height\":1186,\"caption\":\"Algarve 7\"},\"image\":{\"@id\":\"https:\\\/\\\/algarve7.pt\\\/#\\\/schema\\\/logo\\\/image\\\/\"},\"sameAs\":[\"https:\\\/\\\/www.facebook.com\\\/algarve7\",\"https:\\\/\\\/x.com\\\/Algarvesete\",\"https:\\\/\\\/www.instagram.com\\\/jornalalgarve7\\\/\",\"https:\\\/\\\/www.linkedin.com\\\/company\\\/algarve7\",\"https:\\\/\\\/www.pinterest.pt\\\/geral0939\\\/_created\\\/\"]},{\"@type\":\"Person\",\"@id\":\"https:\\\/\\\/algarve7.pt\\\/#\\\/schema\\\/person\\\/23fa70681308e7b319a3204bcea45e0c\",\"name\":\"Algarve 7\",\"sameAs\":[\"https:\\\/\\\/algarve7.pt\",\"https:\\\/\\\/www.facebook.com\\\/algarve7\"],\"url\":\"https:\\\/\\\/algarve7.pt\\\/index.php\\\/author\\\/geralalgarve7-pt\\\/\"}]}<\/script>\n<!-- \/ Yoast SEO plugin. -->","yoast_head_json":{"title":"No fim de semana mais curto do ano, as curtas est\u00e3o em S\u00e3o Br\u00e1s de Alportel - Algarve 7","description":"No fim de semana mais curto do ano, as curtas est\u00e3o em S\u00e3o Br\u00e1s de Alportel Cultura","robots":{"index":"index","follow":"follow","max-snippet":"max-snippet:-1","max-image-preview":"max-image-preview:large","max-video-preview":"max-video-preview:-1"},"canonical":"https:\/\/algarve7.pt\/index.php\/2021\/12\/no-fim-de-semana-mais-curto-do-ano-as-curtas-estao-em-sao-bras-de-alportel\/cultura\/10\/16\/","og_locale":"pt_PT","og_type":"article","og_title":"No fim de semana mais curto do ano, as curtas est\u00e3o em S\u00e3o Br\u00e1s de Alportel - Algarve 7","og_description":"No fim de semana mais curto do ano, as curtas est\u00e3o em S\u00e3o Br\u00e1s de Alportel Cultura","og_url":"https:\/\/algarve7.pt\/index.php\/2021\/12\/no-fim-de-semana-mais-curto-do-ano-as-curtas-estao-em-sao-bras-de-alportel\/cultura\/10\/16\/","og_site_name":"Algarve 7","article_publisher":"https:\/\/www.facebook.com\/algarve7","article_author":"https:\/\/www.facebook.com\/algarve7","article_published_time":"2021-12-17T10:16:19+00:00","article_modified_time":"2021-12-17T10:16:22+00:00","og_image":[{"width":1920,"height":1325,"url":"https:\/\/algarve7.pt\/wp-content\/uploads\/2021\/12\/Captura-de-ecra-2021-12-17-as-10.12.28.png","type":"image\/png"}],"author":"Algarve 7","twitter_card":"summary_large_image","twitter_creator":"@Algarvesete","twitter_site":"@Algarvesete","twitter_misc":{"Escrito por":"Algarve 7","Tempo estimado de leitura":"3 minutos"},"schema":{"@context":"https:\/\/schema.org","@graph":[{"@type":"Article","@id":"https:\/\/algarve7.pt\/index.php\/2021\/12\/no-fim-de-semana-mais-curto-do-ano-as-curtas-estao-em-sao-bras-de-alportel\/cultura\/10\/16\/#article","isPartOf":{"@id":"https:\/\/algarve7.pt\/index.php\/2021\/12\/no-fim-de-semana-mais-curto-do-ano-as-curtas-estao-em-sao-bras-de-alportel\/cultura\/10\/16\/"},"author":{"name":"Algarve 7","@id":"https:\/\/algarve7.pt\/#\/schema\/person\/23fa70681308e7b319a3204bcea45e0c"},"headline":"No fim de semana mais curto do ano, as curtas est\u00e3o em S\u00e3o Br\u00e1s de Alportel","datePublished":"2021-12-17T10:16:19+00:00","dateModified":"2021-12-17T10:16:22+00:00","mainEntityOfPage":{"@id":"https:\/\/algarve7.pt\/index.php\/2021\/12\/no-fim-de-semana-mais-curto-do-ano-as-curtas-estao-em-sao-bras-de-alportel\/cultura\/10\/16\/"},"wordCount":389,"commentCount":0,"publisher":{"@id":"https:\/\/algarve7.pt\/#organization"},"image":{"@id":"https:\/\/algarve7.pt\/index.php\/2021\/12\/no-fim-de-semana-mais-curto-do-ano-as-curtas-estao-em-sao-bras-de-alportel\/cultura\/10\/16\/#primaryimage"},"thumbnailUrl":"https:\/\/algarve7.pt\/wp-content\/uploads\/2021\/12\/Captura-de-ecra-2021-12-17-as-10.12.28.png","keywords":["Algarve","Cinema","Cineteatro S\u00e3o Br\u00e1s","Cultura","S\u00e3o Br\u00e1s de Alportel"],"articleSection":["Cultura"],"inLanguage":"pt-PT","potentialAction":[{"@type":"CommentAction","name":"Comment","target":["https:\/\/algarve7.pt\/index.php\/2021\/12\/no-fim-de-semana-mais-curto-do-ano-as-curtas-estao-em-sao-bras-de-alportel\/cultura\/10\/16\/#respond"]}]},{"@type":"WebPage","@id":"https:\/\/algarve7.pt\/index.php\/2021\/12\/no-fim-de-semana-mais-curto-do-ano-as-curtas-estao-em-sao-bras-de-alportel\/cultura\/10\/16\/","url":"https:\/\/algarve7.pt\/index.php\/2021\/12\/no-fim-de-semana-mais-curto-do-ano-as-curtas-estao-em-sao-bras-de-alportel\/cultura\/10\/16\/","name":"No fim de semana mais curto do ano, as curtas est\u00e3o em S\u00e3o Br\u00e1s de Alportel - Algarve 7","isPartOf":{"@id":"https:\/\/algarve7.pt\/#website"},"primaryImageOfPage":{"@id":"https:\/\/algarve7.pt\/index.php\/2021\/12\/no-fim-de-semana-mais-curto-do-ano-as-curtas-estao-em-sao-bras-de-alportel\/cultura\/10\/16\/#primaryimage"},"image":{"@id":"https:\/\/algarve7.pt\/index.php\/2021\/12\/no-fim-de-semana-mais-curto-do-ano-as-curtas-estao-em-sao-bras-de-alportel\/cultura\/10\/16\/#primaryimage"},"thumbnailUrl":"https:\/\/algarve7.pt\/wp-content\/uploads\/2021\/12\/Captura-de-ecra-2021-12-17-as-10.12.28.png","datePublished":"2021-12-17T10:16:19+00:00","dateModified":"2021-12-17T10:16:22+00:00","description":"No fim de semana mais curto do ano, as curtas est\u00e3o em S\u00e3o Br\u00e1s de Alportel Cultura","breadcrumb":{"@id":"https:\/\/algarve7.pt\/index.php\/2021\/12\/no-fim-de-semana-mais-curto-do-ano-as-curtas-estao-em-sao-bras-de-alportel\/cultura\/10\/16\/#breadcrumb"},"inLanguage":"pt-PT","potentialAction":[{"@type":"ReadAction","target":["https:\/\/algarve7.pt\/index.php\/2021\/12\/no-fim-de-semana-mais-curto-do-ano-as-curtas-estao-em-sao-bras-de-alportel\/cultura\/10\/16\/"]}]},{"@type":"ImageObject","inLanguage":"pt-PT","@id":"https:\/\/algarve7.pt\/index.php\/2021\/12\/no-fim-de-semana-mais-curto-do-ano-as-curtas-estao-em-sao-bras-de-alportel\/cultura\/10\/16\/#primaryimage","url":"https:\/\/algarve7.pt\/wp-content\/uploads\/2021\/12\/Captura-de-ecra-2021-12-17-as-10.12.28.png","contentUrl":"https:\/\/algarve7.pt\/wp-content\/uploads\/2021\/12\/Captura-de-ecra-2021-12-17-as-10.12.28.png","width":1920,"height":1325},{"@type":"BreadcrumbList","@id":"https:\/\/algarve7.pt\/index.php\/2021\/12\/no-fim-de-semana-mais-curto-do-ano-as-curtas-estao-em-sao-bras-de-alportel\/cultura\/10\/16\/#breadcrumb","itemListElement":[{"@type":"ListItem","position":1,"name":"In\u00edcio","item":"https:\/\/algarve7.pt\/"},{"@type":"ListItem","position":2,"name":"No fim de semana mais curto do ano, as curtas est\u00e3o em S\u00e3o Br\u00e1s de Alportel"}]},{"@type":"WebSite","@id":"https:\/\/algarve7.pt\/#website","url":"https:\/\/algarve7.pt\/","name":"Algarve 7","description":"Informa\u00e7\u00e3o sobre o Algarve","publisher":{"@id":"https:\/\/algarve7.pt\/#organization"},"potentialAction":[{"@type":"SearchAction","target":{"@type":"EntryPoint","urlTemplate":"https:\/\/algarve7.pt\/?s={search_term_string}"},"query-input":{"@type":"PropertyValueSpecification","valueRequired":true,"valueName":"search_term_string"}}],"inLanguage":"pt-PT"},{"@type":"Organization","@id":"https:\/\/algarve7.pt\/#organization","name":"Algarve 7","url":"https:\/\/algarve7.pt\/","logo":{"@type":"ImageObject","inLanguage":"pt-PT","@id":"https:\/\/algarve7.pt\/#\/schema\/logo\/image\/","url":"https:\/\/algarve7.pt\/wp-content\/uploads\/2020\/10\/Logo-8.jpg","contentUrl":"https:\/\/algarve7.pt\/wp-content\/uploads\/2020\/10\/Logo-8.jpg","width":1680,"height":1186,"caption":"Algarve 7"},"image":{"@id":"https:\/\/algarve7.pt\/#\/schema\/logo\/image\/"},"sameAs":["https:\/\/www.facebook.com\/algarve7","https:\/\/x.com\/Algarvesete","https:\/\/www.instagram.com\/jornalalgarve7\/","https:\/\/www.linkedin.com\/company\/algarve7","https:\/\/www.pinterest.pt\/geral0939\/_created\/"]},{"@type":"Person","@id":"https:\/\/algarve7.pt\/#\/schema\/person\/23fa70681308e7b319a3204bcea45e0c","name":"Algarve 7","sameAs":["https:\/\/algarve7.pt","https:\/\/www.facebook.com\/algarve7"],"url":"https:\/\/algarve7.pt\/index.php\/author\/geralalgarve7-pt\/"}]}},"jetpack_publicize_connections":[],"jetpack_featured_media_url":"https:\/\/algarve7.pt\/wp-content\/uploads\/2021\/12\/Captura-de-ecra-2021-12-17-as-10.12.28.png","jetpack_shortlink":"https:\/\/wp.me\/pcezmW-3EX","jetpack_sharing_enabled":true,"_links":{"self":[{"href":"https:\/\/algarve7.pt\/index.php\/wp-json\/wp\/v2\/posts\/14071","targetHints":{"allow":["GET"]}}],"collection":[{"href":"https:\/\/algarve7.pt\/index.php\/wp-json\/wp\/v2\/posts"}],"about":[{"href":"https:\/\/algarve7.pt\/index.php\/wp-json\/wp\/v2\/types\/post"}],"author":[{"embeddable":true,"href":"https:\/\/algarve7.pt\/index.php\/wp-json\/wp\/v2\/users\/1"}],"replies":[{"embeddable":true,"href":"https:\/\/algarve7.pt\/index.php\/wp-json\/wp\/v2\/comments?post=14071"}],"version-history":[{"count":0,"href":"https:\/\/algarve7.pt\/index.php\/wp-json\/wp\/v2\/posts\/14071\/revisions"}],"wp:featuredmedia":[{"embeddable":true,"href":"https:\/\/algarve7.pt\/index.php\/wp-json\/wp\/v2\/media\/14072"}],"wp:attachment":[{"href":"https:\/\/algarve7.pt\/index.php\/wp-json\/wp\/v2\/media?parent=14071"}],"wp:term":[{"taxonomy":"category","embeddable":true,"href":"https:\/\/algarve7.pt\/index.php\/wp-json\/wp\/v2\/categories?post=14071"},{"taxonomy":"post_tag","embeddable":true,"href":"https:\/\/algarve7.pt\/index.php\/wp-json\/wp\/v2\/tags?post=14071"}],"curies":[{"name":"wp","href":"https:\/\/api.w.org\/{rel}","templated":true}]}}