{"id":14053,"date":"2021-12-16T13:18:00","date_gmt":"2021-12-16T13:18:00","guid":{"rendered":"https:\/\/algarve7.pt\/?p=14053"},"modified":"2021-12-16T13:09:05","modified_gmt":"2021-12-16T13:09:05","slug":"cineteatro-louletano-continua-a-apostar-numa-programacao-de-qualidade-e-diversificada-em-2022","status":"publish","type":"post","link":"https:\/\/algarve7.pt\/index.php\/2021\/12\/cineteatro-louletano-continua-a-apostar-numa-programacao-de-qualidade-e-diversificada-em-2022\/cultura\/13\/18\/","title":{"rendered":"Cineteatro Louletano continua a apostar numa programa\u00e7\u00e3o de qualidade e diversificada em 2022"},"content":{"rendered":"\n<p>O primeiro trimestre de 2022 promete trazer a Loul\u00e9 eventos de grande qualidade nas \u00e1reas da m\u00fasica, teatro, cinema, dan\u00e7a e performance. O ano abre, como habitualmente, com os espet\u00e1culos da <strong>Orquestra Cl\u00e1ssica do Sul<\/strong>: a 1 de janeiro a OCS apresenta dois concertos no Cineteatro Louletano, dada a habitual entusi\u00e1stica ades\u00e3o de p\u00fablico a este evento de Ano Novo.\u00a0<\/p>\n\n\n\n<p>Depois, a 16 de janeiro, chegam os <strong>GNR<\/strong>, que trazem na mala o concerto \u201c41\u201d, de celebra\u00e7\u00e3o dos quarenta anos (mais um, adiada com a pandemia) da banda nortenha, abrindo em grande a 1\u00aa temporada de 2022 do Cineteatro Louletano.\u00a0<\/p>\n\n\n\n<p>No teatro, a atriz <strong>Sara Barata Belo<\/strong>, conhecida pelo seu trabalho em teatro, cinema e televis\u00e3o, traz ao CTL a 14 e 15 de janeiro a pe\u00e7a \u201cCochinchina\u201d, uma adapta\u00e7\u00e3o livre da obra de Afonso Cruz, Princ\u00edpio de Karenina. \u201cCochinchina\u201d encerra uma trilogia de cartas de amor e morte que Sandra Barata Belo iniciou com \u201cMorreste-me\u201d de Jos\u00e9 Lu\u00eds Peixoto, seguindo-se \u201cCarta de uma Desconhecida\u201d de Stefan ZWeig. Cria\u00e7\u00f5es baseadas em obras liter\u00e1rias que a atriz adaptou para teatro. \u201cCochinchina\u201d inclui ainda, no \u00e2mbito da Media\u00e7\u00e3o Cultural, um espet\u00e1culo com conversa dirigido \u00e0s escolas, bem como uma\u00a0<em>masterclass<\/em>\u00a0para profissionais e outros interessados.<\/p>\n\n\n\n<p>Na dan\u00e7a, a 27 de janeiro, <strong>Jos\u00e9 Laginha e Marlene Vilhena<\/strong> do DeVIR\/CAPa estreiam no Cineteatro \u201cum pedido &#8211; por favor, d\u00ea-me um exemplar de deus\u201d. A pe\u00e7a \u00e9 um solo para dois int\u00e9rpretes, num estado de procura e entrega ao movimento e ao \u201cacontecimento\u201d. Viajando para tr\u00e1s no tempo e buscando o ano de 1962, em que tr\u00eas acontecimentos revolucion\u00e1rios, tr\u00eas momentos de clivagem transformaram o modo de entender a m\u00fasica pop, a dan\u00e7a e o fado.\u00a0\u00a0<\/p>\n\n\n\n<p>E por fim, a fechar janeiro, a 29, concerto da pianista <strong>Joana Gama<\/strong>, com \u201cThere\u2019s no knowing\u201d, m\u00fasica derivada da banda sonora para a s\u00e9rie \u201cCassandra\u201d, da RTP, numa coprodu\u00e7\u00e3o do Cineteatro Louletano. O CTL \u00e9 coprodutor do concerto e do disco, que sair\u00e1 pela editora Holuzam a 20 de janeiro de 2022, por ocasi\u00e3o do concerto em Lisboa na Culturgest.<\/p>\n\n\n\n<p>Em fevereiro, a programa\u00e7\u00e3o abre no dia 1, Dia da Cidade de Loul\u00e9, com um concerto in\u00e9dito de Rodrigo Le\u00e3o, acompanhado por um coro juvenil com crian\u00e7as de Loul\u00e9, no ciclo \u201cO longe \u00e9 Aqui\u201d. Um espet\u00e1culo em que se apresenta como <strong>Rodrigo Le\u00e3o Cinema Project<\/strong>, reunindo repert\u00f3rio dos tr\u00eas discos editados em 2020 e 2021 (O M\u00e9todo, Avis 2020 e A Estranha Beleza da Vida). Um concerto ecl\u00e9tico, com uma grande abrang\u00eancia de estilos musicais que v\u00e3o do neocl\u00e1ssico \u00e0 valsa e que incorpora ainda imagens projetadas da autoria de Gon\u00e7alo Santos, incluindo desenhos da autoria do pr\u00f3prio Rodrigo Le\u00e3o.<\/p>\n\n\n\n<p>Segue-se, a 5 de fevereiro, \u201cAnesthetize\u201d, de <strong>Maur\u00edcia Neves<\/strong>, uma pe\u00e7a de dan\u00e7a irreverente, amb\u00edgua e misteriosa, que junta conceitos como zombifica\u00e7\u00e3o, vortex, aliena\u00e7\u00e3o e mycelium, explorando a ideia de um estado meditativo com ciclos repetitivos de movimentos e gestos.\u00a0\u00a0<\/p>\n\n\n\n<p>Ainda em fevereiro, a 18, na \u00e1rea da dan\u00e7a, de novo uma pe\u00e7a ins\u00f3lita. Cabraquimera, de <strong>Catarina Miranda<\/strong>, dan\u00e7a para um quarteto em patins abordando uma contemporaneidade simultaneamente f\u00edsica e tecnol\u00f3gica.\u00a0<\/p>\n\n\n\n<p>Na Media\u00e7\u00e3o, a 20 de fevereiro, regressam os famosos <strong>Concertos para Beb\u00e9s<\/strong>, pela m\u00e3o da Companhia Musicalmente. Desta vez, com o tema Chocalhos e chocalhinhos do Entrudo, liderado pelo solista Marco Fernandes, utilizando caixas de m\u00fasica e rocas, chocalhinhos e outros brinquedos que s\u00e3o, afinal, instrumentos musicais.<\/p>\n\n\n\n<p>No fim do m\u00eas, a 26, voltamos ao teatro com \u201cUma Pe\u00e7a Feliz e Direta Sobre a Tristeza&#8221; de Joana Pupo e Jaime Mears. O projeto parte de um encontro vital e pr\u00f3ximo com o p\u00fablico para falar sobre os temas da tristeza, do isolamento e da desadapta\u00e7\u00e3o.<\/p>\n\n\n\n<p>Mar\u00e7o, o \u00faltimo m\u00eas do trimestre, tem <strong>Dino d\u2019Santiago<\/strong> como cabe\u00e7a de cartaz, com a estreia nacional no Cineteatro Louletano, a 20, do seu novo \u00e1lbum. Ainda outro grande concerto em mar\u00e7o, mas no feminino, a assinalar o Dia Internacional da Mulher. \u00c9 outra estreia, desta vez a sul: M\u00e1rcia, num espet\u00e1culo in\u00e9dito que traz a Loul\u00e9 o seu novo \u00e1lbum, a 8 de mar\u00e7o.\u00a0<\/p>\n\n\n\n<p>Entre 8 e 19, a segunda parte da <strong>Resid\u00eancia \u201cMulheres Andantes\u201d<\/strong>, pela Companhia Ca\u00f3tica, oficina liderada por Susana Alves e Caroline Bergeron. Um processo criativo que aprofunda a reflex\u00e3o em grupo, em que as participantes ser\u00e3o levadas pelas orientadoras a descobrir novas dimens\u00f5es sobre a feminilidade, e que termina com uma apresenta\u00e7\u00e3o que inclui um filme em que as participantes s\u00e3o protagonistas.<\/p>\n\n\n\n<p>Mar\u00e7o traz tamb\u00e9m de volta o Festival Tanto Mar, promovido pela Associa\u00e7\u00e3o Folha de Medronho, entre 17 e 19, com uma programa\u00e7\u00e3o a anunciar brevemente que junta os fazedores de teatro dos pa\u00edses falantes de portugu\u00eas.&nbsp;<\/p>\n\n\n\n<p>Tamb\u00e9m em mar\u00e7o, chega a 23 \u201cAldebar\u00e3\u201d, pe\u00e7a pela <strong>Companhia Terra Amarela<\/strong>. Os recursos naturais da Terra est\u00e3o esgotados e a humanidade est\u00e1 \u00e0 beira da extin\u00e7\u00e3o. Como \u00faltimo recurso, a Ag\u00eancia Espacial Lusitana vai enviar uma expedi\u00e7\u00e3o em busca da estrela Aldebar\u00e3, uma das mais pr\u00f3ximas do nosso sistema solar. S\u00f3 que os astronautas s\u00e3o bastante disfuncionais. Se trabalharem juntos, talvez consigam atingir o seu destino\u2026 \u201cAldebar\u00e3\u201d contar\u00e1 tamb\u00e9m, ao n\u00edvel da Media\u00e7\u00e3o, com oficinas dirigidas aos 2\u00ba e 3\u00ba ciclos.loul\u00e9<\/p>\n\n\n\n<p>O trimestre cultural finaliza a 27, com uma pe\u00e7a de teatro do passado para o futuro, \u201cAqu\u00e1rio\u201d, de <strong>Marlene Barreto<\/strong>. Em 2050, P. acorda com o som ensurdecedor de um alarme de emerg\u00eancia. N\u00e3o h\u00e1 nada em seu redor a n\u00e3o ser uma intensa n\u00e9voa de fumo. Sem saber quem \u00e9, procura respostas, mas a \u00fanica pessoa que as pode fornecer \u00e9 A., a autora da hist\u00f3ria de P. que vive no passado, imersa num desespero profundo com a iminente extin\u00e7\u00e3o da humanidade.\u00a0<\/p>\n\n\n\n<p>Com uma programa\u00e7\u00e3o de refer\u00eancia (que pode consultar no site e no Facebook do Cineteatro), o CTL est\u00e1 credenciado pela Rede de Teatros e Cineteatros Portugueses, integra ainda a Rede de Programa\u00e7\u00e3o Acess\u00edvel, proporcionando espet\u00e1culos com interpreta\u00e7\u00e3o de L\u00edngua Gestual Portuguesa para S\/surdos (com \u201cS\u201d mai\u00fasculo s\u00e3o falantes de L\u00edngua Gestual Portuguesa) e outros com Audiodescri\u00e7\u00e3o, para pessoas cegas ou com defici\u00eancia visual.&nbsp;<\/p>\n\n\n\n<p>O CTL \u00e9 uma&nbsp;estrutura cultural no dom\u00ednio das artes performativas da C\u00e2mara Municipal de Loul\u00e9, e \u00e9 tamb\u00e9m um dos promotores da Rede Azul \u2013 Rede de Teatros do Algarve e da Rede 5 Sentidos.<\/p>\n","protected":false},"excerpt":{"rendered":"<p>O primeiro trimestre de 2022 promete trazer a Loul\u00e9 eventos de grande qualidade nas \u00e1reas da m\u00fasica, teatro, cinema, dan\u00e7a<\/p>\n","protected":false},"author":1,"featured_media":14054,"comment_status":"open","ping_status":"open","sticky":false,"template":"","format":"standard","meta":{"colormag_page_container_layout":"default_layout","colormag_page_sidebar_layout":"default_layout","_monsterinsights_skip_tracking":false,"_monsterinsights_sitenote_active":false,"_monsterinsights_sitenote_note":"","_monsterinsights_sitenote_category":0,"jetpack_post_was_ever_published":false,"_jetpack_newsletter_access":"","_jetpack_dont_email_post_to_subs":false,"_jetpack_newsletter_tier_id":0,"_jetpack_memberships_contains_paywalled_content":false,"_jetpack_memberships_contains_paid_content":false,"footnotes":"","jetpack_publicize_message":"","jetpack_publicize_feature_enabled":true,"jetpack_social_post_already_shared":true,"jetpack_social_options":{"image_generator_settings":{"template":"highway","default_image_id":0,"font":"","enabled":false},"version":2}},"categories":[14],"tags":[498,35,31],"class_list":["post-14053","post","type-post","status-publish","format-standard","has-post-thumbnail","hentry","category-cultura","tag-cineteatro-louletano","tag-cultura","tag-loule"],"yoast_head":"<!-- This site is optimized with the Yoast SEO plugin v27.5 - https:\/\/yoast.com\/product\/yoast-seo-wordpress\/ -->\n<title>Cineteatro Louletano continua a apostar numa programa\u00e7\u00e3o de qualidade e diversificada em 2022 - Algarve 7<\/title>\n<meta name=\"description\" content=\"Cineteatro Louletano continua a apostar numa programa\u00e7\u00e3o de qualidade e diversificada em 2022 Cultura\" \/>\n<meta name=\"robots\" content=\"index, follow, max-snippet:-1, max-image-preview:large, max-video-preview:-1\" \/>\n<link rel=\"canonical\" href=\"https:\/\/algarve7.pt\/index.php\/2021\/12\/cineteatro-louletano-continua-a-apostar-numa-programacao-de-qualidade-e-diversificada-em-2022\/cultura\/13\/18\/\" \/>\n<meta property=\"og:locale\" content=\"pt_PT\" \/>\n<meta property=\"og:type\" content=\"article\" \/>\n<meta property=\"og:title\" content=\"Cineteatro Louletano continua a apostar numa programa\u00e7\u00e3o de qualidade e diversificada em 2022 - Algarve 7\" \/>\n<meta property=\"og:description\" content=\"Cineteatro Louletano continua a apostar numa programa\u00e7\u00e3o de qualidade e diversificada em 2022 Cultura\" \/>\n<meta property=\"og:url\" content=\"https:\/\/algarve7.pt\/index.php\/2021\/12\/cineteatro-louletano-continua-a-apostar-numa-programacao-de-qualidade-e-diversificada-em-2022\/cultura\/13\/18\/\" \/>\n<meta property=\"og:site_name\" content=\"Algarve 7\" \/>\n<meta property=\"article:publisher\" content=\"https:\/\/www.facebook.com\/algarve7\" \/>\n<meta property=\"article:author\" content=\"https:\/\/www.facebook.com\/algarve7\" \/>\n<meta property=\"article:published_time\" content=\"2021-12-16T13:18:00+00:00\" \/>\n<meta property=\"og:image\" content=\"https:\/\/algarve7.pt\/wp-content\/uploads\/2021\/12\/GNR-1.jpg\" \/>\n\t<meta property=\"og:image:width\" content=\"1920\" \/>\n\t<meta property=\"og:image:height\" content=\"1280\" \/>\n\t<meta property=\"og:image:type\" content=\"image\/jpeg\" \/>\n<meta name=\"author\" content=\"Algarve 7\" \/>\n<meta name=\"twitter:card\" content=\"summary_large_image\" \/>\n<meta name=\"twitter:creator\" content=\"@Algarvesete\" \/>\n<meta name=\"twitter:site\" content=\"@Algarvesete\" \/>\n<meta name=\"twitter:label1\" content=\"Escrito por\" \/>\n\t<meta name=\"twitter:data1\" content=\"Algarve 7\" \/>\n\t<meta name=\"twitter:label2\" content=\"Tempo estimado de leitura\" \/>\n\t<meta name=\"twitter:data2\" content=\"6 minutos\" \/>\n<script type=\"application\/ld+json\" class=\"yoast-schema-graph\">{\"@context\":\"https:\\\/\\\/schema.org\",\"@graph\":[{\"@type\":\"Article\",\"@id\":\"https:\\\/\\\/algarve7.pt\\\/index.php\\\/2021\\\/12\\\/cineteatro-louletano-continua-a-apostar-numa-programacao-de-qualidade-e-diversificada-em-2022\\\/cultura\\\/13\\\/18\\\/#article\",\"isPartOf\":{\"@id\":\"https:\\\/\\\/algarve7.pt\\\/index.php\\\/2021\\\/12\\\/cineteatro-louletano-continua-a-apostar-numa-programacao-de-qualidade-e-diversificada-em-2022\\\/cultura\\\/13\\\/18\\\/\"},\"author\":{\"name\":\"Algarve 7\",\"@id\":\"https:\\\/\\\/algarve7.pt\\\/#\\\/schema\\\/person\\\/23fa70681308e7b319a3204bcea45e0c\"},\"headline\":\"Cineteatro Louletano continua a apostar numa programa\u00e7\u00e3o de qualidade e diversificada em 2022\",\"datePublished\":\"2021-12-16T13:18:00+00:00\",\"mainEntityOfPage\":{\"@id\":\"https:\\\/\\\/algarve7.pt\\\/index.php\\\/2021\\\/12\\\/cineteatro-louletano-continua-a-apostar-numa-programacao-de-qualidade-e-diversificada-em-2022\\\/cultura\\\/13\\\/18\\\/\"},\"wordCount\":1138,\"commentCount\":0,\"publisher\":{\"@id\":\"https:\\\/\\\/algarve7.pt\\\/#organization\"},\"image\":{\"@id\":\"https:\\\/\\\/algarve7.pt\\\/index.php\\\/2021\\\/12\\\/cineteatro-louletano-continua-a-apostar-numa-programacao-de-qualidade-e-diversificada-em-2022\\\/cultura\\\/13\\\/18\\\/#primaryimage\"},\"thumbnailUrl\":\"https:\\\/\\\/algarve7.pt\\\/wp-content\\\/uploads\\\/2021\\\/12\\\/GNR-1.jpg\",\"keywords\":[\"Cineteatro Louletano\",\"Cultura\",\"Loul\u00e9\"],\"articleSection\":[\"Cultura\"],\"inLanguage\":\"pt-PT\",\"potentialAction\":[{\"@type\":\"CommentAction\",\"name\":\"Comment\",\"target\":[\"https:\\\/\\\/algarve7.pt\\\/index.php\\\/2021\\\/12\\\/cineteatro-louletano-continua-a-apostar-numa-programacao-de-qualidade-e-diversificada-em-2022\\\/cultura\\\/13\\\/18\\\/#respond\"]}]},{\"@type\":\"WebPage\",\"@id\":\"https:\\\/\\\/algarve7.pt\\\/index.php\\\/2021\\\/12\\\/cineteatro-louletano-continua-a-apostar-numa-programacao-de-qualidade-e-diversificada-em-2022\\\/cultura\\\/13\\\/18\\\/\",\"url\":\"https:\\\/\\\/algarve7.pt\\\/index.php\\\/2021\\\/12\\\/cineteatro-louletano-continua-a-apostar-numa-programacao-de-qualidade-e-diversificada-em-2022\\\/cultura\\\/13\\\/18\\\/\",\"name\":\"Cineteatro Louletano continua a apostar numa programa\u00e7\u00e3o de qualidade e diversificada em 2022 - Algarve 7\",\"isPartOf\":{\"@id\":\"https:\\\/\\\/algarve7.pt\\\/#website\"},\"primaryImageOfPage\":{\"@id\":\"https:\\\/\\\/algarve7.pt\\\/index.php\\\/2021\\\/12\\\/cineteatro-louletano-continua-a-apostar-numa-programacao-de-qualidade-e-diversificada-em-2022\\\/cultura\\\/13\\\/18\\\/#primaryimage\"},\"image\":{\"@id\":\"https:\\\/\\\/algarve7.pt\\\/index.php\\\/2021\\\/12\\\/cineteatro-louletano-continua-a-apostar-numa-programacao-de-qualidade-e-diversificada-em-2022\\\/cultura\\\/13\\\/18\\\/#primaryimage\"},\"thumbnailUrl\":\"https:\\\/\\\/algarve7.pt\\\/wp-content\\\/uploads\\\/2021\\\/12\\\/GNR-1.jpg\",\"datePublished\":\"2021-12-16T13:18:00+00:00\",\"description\":\"Cineteatro Louletano continua a apostar numa programa\u00e7\u00e3o de qualidade e diversificada em 2022 Cultura\",\"breadcrumb\":{\"@id\":\"https:\\\/\\\/algarve7.pt\\\/index.php\\\/2021\\\/12\\\/cineteatro-louletano-continua-a-apostar-numa-programacao-de-qualidade-e-diversificada-em-2022\\\/cultura\\\/13\\\/18\\\/#breadcrumb\"},\"inLanguage\":\"pt-PT\",\"potentialAction\":[{\"@type\":\"ReadAction\",\"target\":[\"https:\\\/\\\/algarve7.pt\\\/index.php\\\/2021\\\/12\\\/cineteatro-louletano-continua-a-apostar-numa-programacao-de-qualidade-e-diversificada-em-2022\\\/cultura\\\/13\\\/18\\\/\"]}]},{\"@type\":\"ImageObject\",\"inLanguage\":\"pt-PT\",\"@id\":\"https:\\\/\\\/algarve7.pt\\\/index.php\\\/2021\\\/12\\\/cineteatro-louletano-continua-a-apostar-numa-programacao-de-qualidade-e-diversificada-em-2022\\\/cultura\\\/13\\\/18\\\/#primaryimage\",\"url\":\"https:\\\/\\\/algarve7.pt\\\/wp-content\\\/uploads\\\/2021\\\/12\\\/GNR-1.jpg\",\"contentUrl\":\"https:\\\/\\\/algarve7.pt\\\/wp-content\\\/uploads\\\/2021\\\/12\\\/GNR-1.jpg\",\"width\":1920,\"height\":1280},{\"@type\":\"BreadcrumbList\",\"@id\":\"https:\\\/\\\/algarve7.pt\\\/index.php\\\/2021\\\/12\\\/cineteatro-louletano-continua-a-apostar-numa-programacao-de-qualidade-e-diversificada-em-2022\\\/cultura\\\/13\\\/18\\\/#breadcrumb\",\"itemListElement\":[{\"@type\":\"ListItem\",\"position\":1,\"name\":\"In\u00edcio\",\"item\":\"https:\\\/\\\/algarve7.pt\\\/\"},{\"@type\":\"ListItem\",\"position\":2,\"name\":\"Cineteatro Louletano continua a apostar numa programa\u00e7\u00e3o de qualidade e diversificada em 2022\"}]},{\"@type\":\"WebSite\",\"@id\":\"https:\\\/\\\/algarve7.pt\\\/#website\",\"url\":\"https:\\\/\\\/algarve7.pt\\\/\",\"name\":\"Algarve 7\",\"description\":\"Informa\u00e7\u00e3o sobre o Algarve\",\"publisher\":{\"@id\":\"https:\\\/\\\/algarve7.pt\\\/#organization\"},\"potentialAction\":[{\"@type\":\"SearchAction\",\"target\":{\"@type\":\"EntryPoint\",\"urlTemplate\":\"https:\\\/\\\/algarve7.pt\\\/?s={search_term_string}\"},\"query-input\":{\"@type\":\"PropertyValueSpecification\",\"valueRequired\":true,\"valueName\":\"search_term_string\"}}],\"inLanguage\":\"pt-PT\"},{\"@type\":\"Organization\",\"@id\":\"https:\\\/\\\/algarve7.pt\\\/#organization\",\"name\":\"Algarve 7\",\"url\":\"https:\\\/\\\/algarve7.pt\\\/\",\"logo\":{\"@type\":\"ImageObject\",\"inLanguage\":\"pt-PT\",\"@id\":\"https:\\\/\\\/algarve7.pt\\\/#\\\/schema\\\/logo\\\/image\\\/\",\"url\":\"https:\\\/\\\/algarve7.pt\\\/wp-content\\\/uploads\\\/2020\\\/10\\\/Logo-8.jpg\",\"contentUrl\":\"https:\\\/\\\/algarve7.pt\\\/wp-content\\\/uploads\\\/2020\\\/10\\\/Logo-8.jpg\",\"width\":1680,\"height\":1186,\"caption\":\"Algarve 7\"},\"image\":{\"@id\":\"https:\\\/\\\/algarve7.pt\\\/#\\\/schema\\\/logo\\\/image\\\/\"},\"sameAs\":[\"https:\\\/\\\/www.facebook.com\\\/algarve7\",\"https:\\\/\\\/x.com\\\/Algarvesete\",\"https:\\\/\\\/www.instagram.com\\\/jornalalgarve7\\\/\",\"https:\\\/\\\/www.linkedin.com\\\/company\\\/algarve7\",\"https:\\\/\\\/www.pinterest.pt\\\/geral0939\\\/_created\\\/\"]},{\"@type\":\"Person\",\"@id\":\"https:\\\/\\\/algarve7.pt\\\/#\\\/schema\\\/person\\\/23fa70681308e7b319a3204bcea45e0c\",\"name\":\"Algarve 7\",\"sameAs\":[\"https:\\\/\\\/algarve7.pt\",\"https:\\\/\\\/www.facebook.com\\\/algarve7\"],\"url\":\"https:\\\/\\\/algarve7.pt\\\/index.php\\\/author\\\/geralalgarve7-pt\\\/\"}]}<\/script>\n<!-- \/ Yoast SEO plugin. -->","yoast_head_json":{"title":"Cineteatro Louletano continua a apostar numa programa\u00e7\u00e3o de qualidade e diversificada em 2022 - Algarve 7","description":"Cineteatro Louletano continua a apostar numa programa\u00e7\u00e3o de qualidade e diversificada em 2022 Cultura","robots":{"index":"index","follow":"follow","max-snippet":"max-snippet:-1","max-image-preview":"max-image-preview:large","max-video-preview":"max-video-preview:-1"},"canonical":"https:\/\/algarve7.pt\/index.php\/2021\/12\/cineteatro-louletano-continua-a-apostar-numa-programacao-de-qualidade-e-diversificada-em-2022\/cultura\/13\/18\/","og_locale":"pt_PT","og_type":"article","og_title":"Cineteatro Louletano continua a apostar numa programa\u00e7\u00e3o de qualidade e diversificada em 2022 - Algarve 7","og_description":"Cineteatro Louletano continua a apostar numa programa\u00e7\u00e3o de qualidade e diversificada em 2022 Cultura","og_url":"https:\/\/algarve7.pt\/index.php\/2021\/12\/cineteatro-louletano-continua-a-apostar-numa-programacao-de-qualidade-e-diversificada-em-2022\/cultura\/13\/18\/","og_site_name":"Algarve 7","article_publisher":"https:\/\/www.facebook.com\/algarve7","article_author":"https:\/\/www.facebook.com\/algarve7","article_published_time":"2021-12-16T13:18:00+00:00","og_image":[{"width":1920,"height":1280,"url":"https:\/\/algarve7.pt\/wp-content\/uploads\/2021\/12\/GNR-1.jpg","type":"image\/jpeg"}],"author":"Algarve 7","twitter_card":"summary_large_image","twitter_creator":"@Algarvesete","twitter_site":"@Algarvesete","twitter_misc":{"Escrito por":"Algarve 7","Tempo estimado de leitura":"6 minutos"},"schema":{"@context":"https:\/\/schema.org","@graph":[{"@type":"Article","@id":"https:\/\/algarve7.pt\/index.php\/2021\/12\/cineteatro-louletano-continua-a-apostar-numa-programacao-de-qualidade-e-diversificada-em-2022\/cultura\/13\/18\/#article","isPartOf":{"@id":"https:\/\/algarve7.pt\/index.php\/2021\/12\/cineteatro-louletano-continua-a-apostar-numa-programacao-de-qualidade-e-diversificada-em-2022\/cultura\/13\/18\/"},"author":{"name":"Algarve 7","@id":"https:\/\/algarve7.pt\/#\/schema\/person\/23fa70681308e7b319a3204bcea45e0c"},"headline":"Cineteatro Louletano continua a apostar numa programa\u00e7\u00e3o de qualidade e diversificada em 2022","datePublished":"2021-12-16T13:18:00+00:00","mainEntityOfPage":{"@id":"https:\/\/algarve7.pt\/index.php\/2021\/12\/cineteatro-louletano-continua-a-apostar-numa-programacao-de-qualidade-e-diversificada-em-2022\/cultura\/13\/18\/"},"wordCount":1138,"commentCount":0,"publisher":{"@id":"https:\/\/algarve7.pt\/#organization"},"image":{"@id":"https:\/\/algarve7.pt\/index.php\/2021\/12\/cineteatro-louletano-continua-a-apostar-numa-programacao-de-qualidade-e-diversificada-em-2022\/cultura\/13\/18\/#primaryimage"},"thumbnailUrl":"https:\/\/algarve7.pt\/wp-content\/uploads\/2021\/12\/GNR-1.jpg","keywords":["Cineteatro Louletano","Cultura","Loul\u00e9"],"articleSection":["Cultura"],"inLanguage":"pt-PT","potentialAction":[{"@type":"CommentAction","name":"Comment","target":["https:\/\/algarve7.pt\/index.php\/2021\/12\/cineteatro-louletano-continua-a-apostar-numa-programacao-de-qualidade-e-diversificada-em-2022\/cultura\/13\/18\/#respond"]}]},{"@type":"WebPage","@id":"https:\/\/algarve7.pt\/index.php\/2021\/12\/cineteatro-louletano-continua-a-apostar-numa-programacao-de-qualidade-e-diversificada-em-2022\/cultura\/13\/18\/","url":"https:\/\/algarve7.pt\/index.php\/2021\/12\/cineteatro-louletano-continua-a-apostar-numa-programacao-de-qualidade-e-diversificada-em-2022\/cultura\/13\/18\/","name":"Cineteatro Louletano continua a apostar numa programa\u00e7\u00e3o de qualidade e diversificada em 2022 - Algarve 7","isPartOf":{"@id":"https:\/\/algarve7.pt\/#website"},"primaryImageOfPage":{"@id":"https:\/\/algarve7.pt\/index.php\/2021\/12\/cineteatro-louletano-continua-a-apostar-numa-programacao-de-qualidade-e-diversificada-em-2022\/cultura\/13\/18\/#primaryimage"},"image":{"@id":"https:\/\/algarve7.pt\/index.php\/2021\/12\/cineteatro-louletano-continua-a-apostar-numa-programacao-de-qualidade-e-diversificada-em-2022\/cultura\/13\/18\/#primaryimage"},"thumbnailUrl":"https:\/\/algarve7.pt\/wp-content\/uploads\/2021\/12\/GNR-1.jpg","datePublished":"2021-12-16T13:18:00+00:00","description":"Cineteatro Louletano continua a apostar numa programa\u00e7\u00e3o de qualidade e diversificada em 2022 Cultura","breadcrumb":{"@id":"https:\/\/algarve7.pt\/index.php\/2021\/12\/cineteatro-louletano-continua-a-apostar-numa-programacao-de-qualidade-e-diversificada-em-2022\/cultura\/13\/18\/#breadcrumb"},"inLanguage":"pt-PT","potentialAction":[{"@type":"ReadAction","target":["https:\/\/algarve7.pt\/index.php\/2021\/12\/cineteatro-louletano-continua-a-apostar-numa-programacao-de-qualidade-e-diversificada-em-2022\/cultura\/13\/18\/"]}]},{"@type":"ImageObject","inLanguage":"pt-PT","@id":"https:\/\/algarve7.pt\/index.php\/2021\/12\/cineteatro-louletano-continua-a-apostar-numa-programacao-de-qualidade-e-diversificada-em-2022\/cultura\/13\/18\/#primaryimage","url":"https:\/\/algarve7.pt\/wp-content\/uploads\/2021\/12\/GNR-1.jpg","contentUrl":"https:\/\/algarve7.pt\/wp-content\/uploads\/2021\/12\/GNR-1.jpg","width":1920,"height":1280},{"@type":"BreadcrumbList","@id":"https:\/\/algarve7.pt\/index.php\/2021\/12\/cineteatro-louletano-continua-a-apostar-numa-programacao-de-qualidade-e-diversificada-em-2022\/cultura\/13\/18\/#breadcrumb","itemListElement":[{"@type":"ListItem","position":1,"name":"In\u00edcio","item":"https:\/\/algarve7.pt\/"},{"@type":"ListItem","position":2,"name":"Cineteatro Louletano continua a apostar numa programa\u00e7\u00e3o de qualidade e diversificada em 2022"}]},{"@type":"WebSite","@id":"https:\/\/algarve7.pt\/#website","url":"https:\/\/algarve7.pt\/","name":"Algarve 7","description":"Informa\u00e7\u00e3o sobre o Algarve","publisher":{"@id":"https:\/\/algarve7.pt\/#organization"},"potentialAction":[{"@type":"SearchAction","target":{"@type":"EntryPoint","urlTemplate":"https:\/\/algarve7.pt\/?s={search_term_string}"},"query-input":{"@type":"PropertyValueSpecification","valueRequired":true,"valueName":"search_term_string"}}],"inLanguage":"pt-PT"},{"@type":"Organization","@id":"https:\/\/algarve7.pt\/#organization","name":"Algarve 7","url":"https:\/\/algarve7.pt\/","logo":{"@type":"ImageObject","inLanguage":"pt-PT","@id":"https:\/\/algarve7.pt\/#\/schema\/logo\/image\/","url":"https:\/\/algarve7.pt\/wp-content\/uploads\/2020\/10\/Logo-8.jpg","contentUrl":"https:\/\/algarve7.pt\/wp-content\/uploads\/2020\/10\/Logo-8.jpg","width":1680,"height":1186,"caption":"Algarve 7"},"image":{"@id":"https:\/\/algarve7.pt\/#\/schema\/logo\/image\/"},"sameAs":["https:\/\/www.facebook.com\/algarve7","https:\/\/x.com\/Algarvesete","https:\/\/www.instagram.com\/jornalalgarve7\/","https:\/\/www.linkedin.com\/company\/algarve7","https:\/\/www.pinterest.pt\/geral0939\/_created\/"]},{"@type":"Person","@id":"https:\/\/algarve7.pt\/#\/schema\/person\/23fa70681308e7b319a3204bcea45e0c","name":"Algarve 7","sameAs":["https:\/\/algarve7.pt","https:\/\/www.facebook.com\/algarve7"],"url":"https:\/\/algarve7.pt\/index.php\/author\/geralalgarve7-pt\/"}]}},"jetpack_publicize_connections":[],"jetpack_featured_media_url":"https:\/\/algarve7.pt\/wp-content\/uploads\/2021\/12\/GNR-1.jpg","jetpack_shortlink":"https:\/\/wp.me\/pcezmW-3EF","jetpack_sharing_enabled":true,"_links":{"self":[{"href":"https:\/\/algarve7.pt\/index.php\/wp-json\/wp\/v2\/posts\/14053","targetHints":{"allow":["GET"]}}],"collection":[{"href":"https:\/\/algarve7.pt\/index.php\/wp-json\/wp\/v2\/posts"}],"about":[{"href":"https:\/\/algarve7.pt\/index.php\/wp-json\/wp\/v2\/types\/post"}],"author":[{"embeddable":true,"href":"https:\/\/algarve7.pt\/index.php\/wp-json\/wp\/v2\/users\/1"}],"replies":[{"embeddable":true,"href":"https:\/\/algarve7.pt\/index.php\/wp-json\/wp\/v2\/comments?post=14053"}],"version-history":[{"count":0,"href":"https:\/\/algarve7.pt\/index.php\/wp-json\/wp\/v2\/posts\/14053\/revisions"}],"wp:featuredmedia":[{"embeddable":true,"href":"https:\/\/algarve7.pt\/index.php\/wp-json\/wp\/v2\/media\/14054"}],"wp:attachment":[{"href":"https:\/\/algarve7.pt\/index.php\/wp-json\/wp\/v2\/media?parent=14053"}],"wp:term":[{"taxonomy":"category","embeddable":true,"href":"https:\/\/algarve7.pt\/index.php\/wp-json\/wp\/v2\/categories?post=14053"},{"taxonomy":"post_tag","embeddable":true,"href":"https:\/\/algarve7.pt\/index.php\/wp-json\/wp\/v2\/tags?post=14053"}],"curies":[{"name":"wp","href":"https:\/\/api.w.org\/{rel}","templated":true}]}}