{"id":13980,"date":"2021-12-13T19:26:32","date_gmt":"2021-12-13T19:26:32","guid":{"rendered":"https:\/\/algarve7.pt\/?p=13980"},"modified":"2021-12-13T19:26:36","modified_gmt":"2021-12-13T19:26:36","slug":"cerimonia-de-investidura-do-reitor-da-ualg-realiza-se-no-dia-da-universidade","status":"publish","type":"post","link":"https:\/\/algarve7.pt\/index.php\/2021\/12\/cerimonia-de-investidura-do-reitor-da-ualg-realiza-se-no-dia-da-universidade\/educacao\/19\/26\/","title":{"rendered":"Cerim\u00f3nia de investidura do Reitor da UAlg realiza-se no Dia da Universidade"},"content":{"rendered":"\n<p>A cerim\u00f3nia de investidura do reitor da UAlg, Prof. Doutor Paulo \u00c1guas, ter\u00e1 lugar no dia 15 de dezembro. As comemora\u00e7\u00f5es, que integram o programa do 42.\u00ba anivers\u00e1rio da UAlg, t\u00eam in\u00edcio \u00e0s 16h00, no Grande Audit\u00f3rio do&nbsp;<em>Campus&nbsp;<\/em>de Gambelas, com uma sess\u00e3o p\u00fablica<strong>.<\/strong><\/p>\n\n\n\n<p>Com transmiss\u00e3o&nbsp;via&nbsp;<a href=\"https:\/\/www.youtube.com\/user\/universidadealgarve\" target=\"_blank\" rel=\"noreferrer noopener\">YouTube<\/a>, a cerim\u00f3nia inicia-se com o j\u00e1 tradicional cortejo acad\u00e9mico. De seguida, Ana Jorge far\u00e1 a primeira interven\u00e7\u00e3o enquanto presidente do Conselho Geral e dar\u00e1 posse ao reitor Paulo \u00c1guas, recentemente reeleito.<\/p>\n\n\n\n<p>A sess\u00e3o solene contar\u00e1 com outras interven\u00e7\u00f5es, das quais se destacam a do representante dos funcion\u00e1rios, Amadeu Cardoso, do presidente da Associa\u00e7\u00e3o Acad\u00e9mica, V\u00edtor Pereira, terminando com a interven\u00e7\u00e3o da representante dos docentes, Fernanda Matias.<\/p>\n\n\n\n<p>No decorrer da cerim\u00f3nia ser\u00e3o tamb\u00e9m homenageados, com a entrega de medalha de agradecimento da UAlg, Jo\u00e3o Botelheiro, antigo provedor do Estudante, e V\u00edtor Neto, antigo presidente do Conselho Geral.<\/p>\n\n\n\n<p>Seguidamente ser\u00e1 atribu\u00eddo o t\u00edtulo de professor em\u00e9rito aos docentes Jo\u00e3o Albino Silva, Jo\u00e3o Guerreiro, Ludgero Sequeira e Pedro Ferr\u00e9.<\/p>\n\n\n\n<p>Ser\u00e3o ainda entregues as medalhas da Universidade aos funcion\u00e1rios que completam 25 anos de servi\u00e7o e, com o apoio da Caixa Geral de Dep\u00f3sitos, ser\u00e3o tamb\u00e9m entregues os pr\u00e9mios aos diplomados com m\u00e9rito no ano letivo de 2019\/2020.<\/p>\n\n\n\n<p>As comemora\u00e7\u00f5es encerram com o discurso de tomada de posse do reitor, Paulo \u00c1guas.<\/p>\n","protected":false},"excerpt":{"rendered":"<p>A cerim\u00f3nia de investidura do reitor da UAlg, Prof. Doutor Paulo \u00c1guas, ter\u00e1 lugar no dia 15 de dezembro. As<\/p>\n","protected":false},"author":1,"featured_media":13981,"comment_status":"open","ping_status":"open","sticky":false,"template":"","format":"standard","meta":{"colormag_page_container_layout":"default_layout","colormag_page_sidebar_layout":"default_layout","_monsterinsights_skip_tracking":false,"_monsterinsights_sitenote_active":false,"_monsterinsights_sitenote_note":"","_monsterinsights_sitenote_category":0,"jetpack_post_was_ever_published":false,"_jetpack_newsletter_access":"","_jetpack_dont_email_post_to_subs":false,"_jetpack_newsletter_tier_id":0,"_jetpack_memberships_contains_paywalled_content":false,"_jetpack_memberships_contains_paid_content":false,"footnotes":"","jetpack_publicize_message":"","jetpack_publicize_feature_enabled":true,"jetpack_social_post_already_shared":true,"jetpack_social_options":{"image_generator_settings":{"template":"highway","default_image_id":0,"font":"","enabled":false},"version":2}},"categories":[93],"tags":[36,182],"class_list":["post-13980","post","type-post","status-publish","format-standard","has-post-thumbnail","hentry","category-educacao","tag-algarve","tag-ualg"],"yoast_head":"<!-- This site is optimized with the Yoast SEO plugin v27.5 - https:\/\/yoast.com\/product\/yoast-seo-wordpress\/ -->\n<title>Cerim\u00f3nia de investidura do Reitor da UAlg realiza-se no Dia da Universidade - Algarve 7<\/title>\n<meta name=\"description\" content=\"Cerim\u00f3nia de investidura do Reitor da UAlg realiza-se no Dia da Universidade Educa\u00e7\u00e3o\" \/>\n<meta name=\"robots\" content=\"index, follow, max-snippet:-1, max-image-preview:large, max-video-preview:-1\" \/>\n<link rel=\"canonical\" href=\"https:\/\/algarve7.pt\/index.php\/2021\/12\/cerimonia-de-investidura-do-reitor-da-ualg-realiza-se-no-dia-da-universidade\/educacao\/19\/26\/\" \/>\n<meta property=\"og:locale\" content=\"pt_PT\" \/>\n<meta property=\"og:type\" content=\"article\" \/>\n<meta property=\"og:title\" content=\"Cerim\u00f3nia de investidura do Reitor da UAlg realiza-se no Dia da Universidade - Algarve 7\" \/>\n<meta property=\"og:description\" content=\"Cerim\u00f3nia de investidura do Reitor da UAlg realiza-se no Dia da Universidade Educa\u00e7\u00e3o\" \/>\n<meta property=\"og:url\" content=\"https:\/\/algarve7.pt\/index.php\/2021\/12\/cerimonia-de-investidura-do-reitor-da-ualg-realiza-se-no-dia-da-universidade\/educacao\/19\/26\/\" \/>\n<meta property=\"og:site_name\" content=\"Algarve 7\" \/>\n<meta property=\"article:publisher\" content=\"https:\/\/www.facebook.com\/algarve7\" \/>\n<meta property=\"article:author\" content=\"https:\/\/www.facebook.com\/algarve7\" \/>\n<meta property=\"article:published_time\" content=\"2021-12-13T19:26:32+00:00\" \/>\n<meta property=\"article:modified_time\" content=\"2021-12-13T19:26:36+00:00\" \/>\n<meta property=\"og:image\" content=\"https:\/\/algarve7.pt\/wp-content\/uploads\/2021\/12\/Captura-de-ecra-2021-12-13-as-19.00.13-e1639423534380.png\" \/>\n\t<meta property=\"og:image:width\" content=\"1160\" \/>\n\t<meta property=\"og:image:height\" content=\"593\" \/>\n\t<meta property=\"og:image:type\" content=\"image\/png\" \/>\n<meta name=\"author\" content=\"Algarve 7\" \/>\n<meta name=\"twitter:card\" content=\"summary_large_image\" \/>\n<meta name=\"twitter:creator\" content=\"@Algarvesete\" \/>\n<meta name=\"twitter:site\" content=\"@Algarvesete\" \/>\n<meta name=\"twitter:label1\" content=\"Escrito por\" \/>\n\t<meta name=\"twitter:data1\" content=\"Algarve 7\" \/>\n\t<meta name=\"twitter:label2\" content=\"Tempo estimado de leitura\" \/>\n\t<meta name=\"twitter:data2\" content=\"1 minuto\" \/>\n<script type=\"application\/ld+json\" class=\"yoast-schema-graph\">{\"@context\":\"https:\\\/\\\/schema.org\",\"@graph\":[{\"@type\":\"Article\",\"@id\":\"https:\\\/\\\/algarve7.pt\\\/index.php\\\/2021\\\/12\\\/cerimonia-de-investidura-do-reitor-da-ualg-realiza-se-no-dia-da-universidade\\\/educacao\\\/19\\\/26\\\/#article\",\"isPartOf\":{\"@id\":\"https:\\\/\\\/algarve7.pt\\\/index.php\\\/2021\\\/12\\\/cerimonia-de-investidura-do-reitor-da-ualg-realiza-se-no-dia-da-universidade\\\/educacao\\\/19\\\/26\\\/\"},\"author\":{\"name\":\"Algarve 7\",\"@id\":\"https:\\\/\\\/algarve7.pt\\\/#\\\/schema\\\/person\\\/23fa70681308e7b319a3204bcea45e0c\"},\"headline\":\"Cerim\u00f3nia de investidura do Reitor da UAlg realiza-se no Dia da Universidade\",\"datePublished\":\"2021-12-13T19:26:32+00:00\",\"dateModified\":\"2021-12-13T19:26:36+00:00\",\"mainEntityOfPage\":{\"@id\":\"https:\\\/\\\/algarve7.pt\\\/index.php\\\/2021\\\/12\\\/cerimonia-de-investidura-do-reitor-da-ualg-realiza-se-no-dia-da-universidade\\\/educacao\\\/19\\\/26\\\/\"},\"wordCount\":268,\"commentCount\":0,\"publisher\":{\"@id\":\"https:\\\/\\\/algarve7.pt\\\/#organization\"},\"image\":{\"@id\":\"https:\\\/\\\/algarve7.pt\\\/index.php\\\/2021\\\/12\\\/cerimonia-de-investidura-do-reitor-da-ualg-realiza-se-no-dia-da-universidade\\\/educacao\\\/19\\\/26\\\/#primaryimage\"},\"thumbnailUrl\":\"https:\\\/\\\/algarve7.pt\\\/wp-content\\\/uploads\\\/2021\\\/12\\\/Captura-de-ecra-2021-12-13-as-19.00.13-e1639423534380.png\",\"keywords\":[\"Algarve\",\"UALG\"],\"articleSection\":[\"Educa\u00e7\u00e3o\"],\"inLanguage\":\"pt-PT\",\"potentialAction\":[{\"@type\":\"CommentAction\",\"name\":\"Comment\",\"target\":[\"https:\\\/\\\/algarve7.pt\\\/index.php\\\/2021\\\/12\\\/cerimonia-de-investidura-do-reitor-da-ualg-realiza-se-no-dia-da-universidade\\\/educacao\\\/19\\\/26\\\/#respond\"]}]},{\"@type\":\"WebPage\",\"@id\":\"https:\\\/\\\/algarve7.pt\\\/index.php\\\/2021\\\/12\\\/cerimonia-de-investidura-do-reitor-da-ualg-realiza-se-no-dia-da-universidade\\\/educacao\\\/19\\\/26\\\/\",\"url\":\"https:\\\/\\\/algarve7.pt\\\/index.php\\\/2021\\\/12\\\/cerimonia-de-investidura-do-reitor-da-ualg-realiza-se-no-dia-da-universidade\\\/educacao\\\/19\\\/26\\\/\",\"name\":\"Cerim\u00f3nia de investidura do Reitor da UAlg realiza-se no Dia da Universidade - Algarve 7\",\"isPartOf\":{\"@id\":\"https:\\\/\\\/algarve7.pt\\\/#website\"},\"primaryImageOfPage\":{\"@id\":\"https:\\\/\\\/algarve7.pt\\\/index.php\\\/2021\\\/12\\\/cerimonia-de-investidura-do-reitor-da-ualg-realiza-se-no-dia-da-universidade\\\/educacao\\\/19\\\/26\\\/#primaryimage\"},\"image\":{\"@id\":\"https:\\\/\\\/algarve7.pt\\\/index.php\\\/2021\\\/12\\\/cerimonia-de-investidura-do-reitor-da-ualg-realiza-se-no-dia-da-universidade\\\/educacao\\\/19\\\/26\\\/#primaryimage\"},\"thumbnailUrl\":\"https:\\\/\\\/algarve7.pt\\\/wp-content\\\/uploads\\\/2021\\\/12\\\/Captura-de-ecra-2021-12-13-as-19.00.13-e1639423534380.png\",\"datePublished\":\"2021-12-13T19:26:32+00:00\",\"dateModified\":\"2021-12-13T19:26:36+00:00\",\"description\":\"Cerim\u00f3nia de investidura do Reitor da UAlg realiza-se no Dia da Universidade Educa\u00e7\u00e3o\",\"breadcrumb\":{\"@id\":\"https:\\\/\\\/algarve7.pt\\\/index.php\\\/2021\\\/12\\\/cerimonia-de-investidura-do-reitor-da-ualg-realiza-se-no-dia-da-universidade\\\/educacao\\\/19\\\/26\\\/#breadcrumb\"},\"inLanguage\":\"pt-PT\",\"potentialAction\":[{\"@type\":\"ReadAction\",\"target\":[\"https:\\\/\\\/algarve7.pt\\\/index.php\\\/2021\\\/12\\\/cerimonia-de-investidura-do-reitor-da-ualg-realiza-se-no-dia-da-universidade\\\/educacao\\\/19\\\/26\\\/\"]}]},{\"@type\":\"ImageObject\",\"inLanguage\":\"pt-PT\",\"@id\":\"https:\\\/\\\/algarve7.pt\\\/index.php\\\/2021\\\/12\\\/cerimonia-de-investidura-do-reitor-da-ualg-realiza-se-no-dia-da-universidade\\\/educacao\\\/19\\\/26\\\/#primaryimage\",\"url\":\"https:\\\/\\\/algarve7.pt\\\/wp-content\\\/uploads\\\/2021\\\/12\\\/Captura-de-ecra-2021-12-13-as-19.00.13-e1639423534380.png\",\"contentUrl\":\"https:\\\/\\\/algarve7.pt\\\/wp-content\\\/uploads\\\/2021\\\/12\\\/Captura-de-ecra-2021-12-13-as-19.00.13-e1639423534380.png\",\"width\":1160,\"height\":593},{\"@type\":\"BreadcrumbList\",\"@id\":\"https:\\\/\\\/algarve7.pt\\\/index.php\\\/2021\\\/12\\\/cerimonia-de-investidura-do-reitor-da-ualg-realiza-se-no-dia-da-universidade\\\/educacao\\\/19\\\/26\\\/#breadcrumb\",\"itemListElement\":[{\"@type\":\"ListItem\",\"position\":1,\"name\":\"In\u00edcio\",\"item\":\"https:\\\/\\\/algarve7.pt\\\/\"},{\"@type\":\"ListItem\",\"position\":2,\"name\":\"Cerim\u00f3nia de investidura do Reitor da UAlg realiza-se no Dia da Universidade\"}]},{\"@type\":\"WebSite\",\"@id\":\"https:\\\/\\\/algarve7.pt\\\/#website\",\"url\":\"https:\\\/\\\/algarve7.pt\\\/\",\"name\":\"Algarve 7\",\"description\":\"Informa\u00e7\u00e3o sobre o Algarve\",\"publisher\":{\"@id\":\"https:\\\/\\\/algarve7.pt\\\/#organization\"},\"potentialAction\":[{\"@type\":\"SearchAction\",\"target\":{\"@type\":\"EntryPoint\",\"urlTemplate\":\"https:\\\/\\\/algarve7.pt\\\/?s={search_term_string}\"},\"query-input\":{\"@type\":\"PropertyValueSpecification\",\"valueRequired\":true,\"valueName\":\"search_term_string\"}}],\"inLanguage\":\"pt-PT\"},{\"@type\":\"Organization\",\"@id\":\"https:\\\/\\\/algarve7.pt\\\/#organization\",\"name\":\"Algarve 7\",\"url\":\"https:\\\/\\\/algarve7.pt\\\/\",\"logo\":{\"@type\":\"ImageObject\",\"inLanguage\":\"pt-PT\",\"@id\":\"https:\\\/\\\/algarve7.pt\\\/#\\\/schema\\\/logo\\\/image\\\/\",\"url\":\"https:\\\/\\\/algarve7.pt\\\/wp-content\\\/uploads\\\/2020\\\/10\\\/Logo-8.jpg\",\"contentUrl\":\"https:\\\/\\\/algarve7.pt\\\/wp-content\\\/uploads\\\/2020\\\/10\\\/Logo-8.jpg\",\"width\":1680,\"height\":1186,\"caption\":\"Algarve 7\"},\"image\":{\"@id\":\"https:\\\/\\\/algarve7.pt\\\/#\\\/schema\\\/logo\\\/image\\\/\"},\"sameAs\":[\"https:\\\/\\\/www.facebook.com\\\/algarve7\",\"https:\\\/\\\/x.com\\\/Algarvesete\",\"https:\\\/\\\/www.instagram.com\\\/jornalalgarve7\\\/\",\"https:\\\/\\\/www.linkedin.com\\\/company\\\/algarve7\",\"https:\\\/\\\/www.pinterest.pt\\\/geral0939\\\/_created\\\/\"]},{\"@type\":\"Person\",\"@id\":\"https:\\\/\\\/algarve7.pt\\\/#\\\/schema\\\/person\\\/23fa70681308e7b319a3204bcea45e0c\",\"name\":\"Algarve 7\",\"sameAs\":[\"https:\\\/\\\/algarve7.pt\",\"https:\\\/\\\/www.facebook.com\\\/algarve7\"],\"url\":\"https:\\\/\\\/algarve7.pt\\\/index.php\\\/author\\\/geralalgarve7-pt\\\/\"}]}<\/script>\n<!-- \/ Yoast SEO plugin. -->","yoast_head_json":{"title":"Cerim\u00f3nia de investidura do Reitor da UAlg realiza-se no Dia da Universidade - Algarve 7","description":"Cerim\u00f3nia de investidura do Reitor da UAlg realiza-se no Dia da Universidade Educa\u00e7\u00e3o","robots":{"index":"index","follow":"follow","max-snippet":"max-snippet:-1","max-image-preview":"max-image-preview:large","max-video-preview":"max-video-preview:-1"},"canonical":"https:\/\/algarve7.pt\/index.php\/2021\/12\/cerimonia-de-investidura-do-reitor-da-ualg-realiza-se-no-dia-da-universidade\/educacao\/19\/26\/","og_locale":"pt_PT","og_type":"article","og_title":"Cerim\u00f3nia de investidura do Reitor da UAlg realiza-se no Dia da Universidade - Algarve 7","og_description":"Cerim\u00f3nia de investidura do Reitor da UAlg realiza-se no Dia da Universidade Educa\u00e7\u00e3o","og_url":"https:\/\/algarve7.pt\/index.php\/2021\/12\/cerimonia-de-investidura-do-reitor-da-ualg-realiza-se-no-dia-da-universidade\/educacao\/19\/26\/","og_site_name":"Algarve 7","article_publisher":"https:\/\/www.facebook.com\/algarve7","article_author":"https:\/\/www.facebook.com\/algarve7","article_published_time":"2021-12-13T19:26:32+00:00","article_modified_time":"2021-12-13T19:26:36+00:00","og_image":[{"width":1160,"height":593,"url":"https:\/\/algarve7.pt\/wp-content\/uploads\/2021\/12\/Captura-de-ecra-2021-12-13-as-19.00.13-e1639423534380.png","type":"image\/png"}],"author":"Algarve 7","twitter_card":"summary_large_image","twitter_creator":"@Algarvesete","twitter_site":"@Algarvesete","twitter_misc":{"Escrito por":"Algarve 7","Tempo estimado de leitura":"1 minuto"},"schema":{"@context":"https:\/\/schema.org","@graph":[{"@type":"Article","@id":"https:\/\/algarve7.pt\/index.php\/2021\/12\/cerimonia-de-investidura-do-reitor-da-ualg-realiza-se-no-dia-da-universidade\/educacao\/19\/26\/#article","isPartOf":{"@id":"https:\/\/algarve7.pt\/index.php\/2021\/12\/cerimonia-de-investidura-do-reitor-da-ualg-realiza-se-no-dia-da-universidade\/educacao\/19\/26\/"},"author":{"name":"Algarve 7","@id":"https:\/\/algarve7.pt\/#\/schema\/person\/23fa70681308e7b319a3204bcea45e0c"},"headline":"Cerim\u00f3nia de investidura do Reitor da UAlg realiza-se no Dia da Universidade","datePublished":"2021-12-13T19:26:32+00:00","dateModified":"2021-12-13T19:26:36+00:00","mainEntityOfPage":{"@id":"https:\/\/algarve7.pt\/index.php\/2021\/12\/cerimonia-de-investidura-do-reitor-da-ualg-realiza-se-no-dia-da-universidade\/educacao\/19\/26\/"},"wordCount":268,"commentCount":0,"publisher":{"@id":"https:\/\/algarve7.pt\/#organization"},"image":{"@id":"https:\/\/algarve7.pt\/index.php\/2021\/12\/cerimonia-de-investidura-do-reitor-da-ualg-realiza-se-no-dia-da-universidade\/educacao\/19\/26\/#primaryimage"},"thumbnailUrl":"https:\/\/algarve7.pt\/wp-content\/uploads\/2021\/12\/Captura-de-ecra-2021-12-13-as-19.00.13-e1639423534380.png","keywords":["Algarve","UALG"],"articleSection":["Educa\u00e7\u00e3o"],"inLanguage":"pt-PT","potentialAction":[{"@type":"CommentAction","name":"Comment","target":["https:\/\/algarve7.pt\/index.php\/2021\/12\/cerimonia-de-investidura-do-reitor-da-ualg-realiza-se-no-dia-da-universidade\/educacao\/19\/26\/#respond"]}]},{"@type":"WebPage","@id":"https:\/\/algarve7.pt\/index.php\/2021\/12\/cerimonia-de-investidura-do-reitor-da-ualg-realiza-se-no-dia-da-universidade\/educacao\/19\/26\/","url":"https:\/\/algarve7.pt\/index.php\/2021\/12\/cerimonia-de-investidura-do-reitor-da-ualg-realiza-se-no-dia-da-universidade\/educacao\/19\/26\/","name":"Cerim\u00f3nia de investidura do Reitor da UAlg realiza-se no Dia da Universidade - Algarve 7","isPartOf":{"@id":"https:\/\/algarve7.pt\/#website"},"primaryImageOfPage":{"@id":"https:\/\/algarve7.pt\/index.php\/2021\/12\/cerimonia-de-investidura-do-reitor-da-ualg-realiza-se-no-dia-da-universidade\/educacao\/19\/26\/#primaryimage"},"image":{"@id":"https:\/\/algarve7.pt\/index.php\/2021\/12\/cerimonia-de-investidura-do-reitor-da-ualg-realiza-se-no-dia-da-universidade\/educacao\/19\/26\/#primaryimage"},"thumbnailUrl":"https:\/\/algarve7.pt\/wp-content\/uploads\/2021\/12\/Captura-de-ecra-2021-12-13-as-19.00.13-e1639423534380.png","datePublished":"2021-12-13T19:26:32+00:00","dateModified":"2021-12-13T19:26:36+00:00","description":"Cerim\u00f3nia de investidura do Reitor da UAlg realiza-se no Dia da Universidade Educa\u00e7\u00e3o","breadcrumb":{"@id":"https:\/\/algarve7.pt\/index.php\/2021\/12\/cerimonia-de-investidura-do-reitor-da-ualg-realiza-se-no-dia-da-universidade\/educacao\/19\/26\/#breadcrumb"},"inLanguage":"pt-PT","potentialAction":[{"@type":"ReadAction","target":["https:\/\/algarve7.pt\/index.php\/2021\/12\/cerimonia-de-investidura-do-reitor-da-ualg-realiza-se-no-dia-da-universidade\/educacao\/19\/26\/"]}]},{"@type":"ImageObject","inLanguage":"pt-PT","@id":"https:\/\/algarve7.pt\/index.php\/2021\/12\/cerimonia-de-investidura-do-reitor-da-ualg-realiza-se-no-dia-da-universidade\/educacao\/19\/26\/#primaryimage","url":"https:\/\/algarve7.pt\/wp-content\/uploads\/2021\/12\/Captura-de-ecra-2021-12-13-as-19.00.13-e1639423534380.png","contentUrl":"https:\/\/algarve7.pt\/wp-content\/uploads\/2021\/12\/Captura-de-ecra-2021-12-13-as-19.00.13-e1639423534380.png","width":1160,"height":593},{"@type":"BreadcrumbList","@id":"https:\/\/algarve7.pt\/index.php\/2021\/12\/cerimonia-de-investidura-do-reitor-da-ualg-realiza-se-no-dia-da-universidade\/educacao\/19\/26\/#breadcrumb","itemListElement":[{"@type":"ListItem","position":1,"name":"In\u00edcio","item":"https:\/\/algarve7.pt\/"},{"@type":"ListItem","position":2,"name":"Cerim\u00f3nia de investidura do Reitor da UAlg realiza-se no Dia da Universidade"}]},{"@type":"WebSite","@id":"https:\/\/algarve7.pt\/#website","url":"https:\/\/algarve7.pt\/","name":"Algarve 7","description":"Informa\u00e7\u00e3o sobre o Algarve","publisher":{"@id":"https:\/\/algarve7.pt\/#organization"},"potentialAction":[{"@type":"SearchAction","target":{"@type":"EntryPoint","urlTemplate":"https:\/\/algarve7.pt\/?s={search_term_string}"},"query-input":{"@type":"PropertyValueSpecification","valueRequired":true,"valueName":"search_term_string"}}],"inLanguage":"pt-PT"},{"@type":"Organization","@id":"https:\/\/algarve7.pt\/#organization","name":"Algarve 7","url":"https:\/\/algarve7.pt\/","logo":{"@type":"ImageObject","inLanguage":"pt-PT","@id":"https:\/\/algarve7.pt\/#\/schema\/logo\/image\/","url":"https:\/\/algarve7.pt\/wp-content\/uploads\/2020\/10\/Logo-8.jpg","contentUrl":"https:\/\/algarve7.pt\/wp-content\/uploads\/2020\/10\/Logo-8.jpg","width":1680,"height":1186,"caption":"Algarve 7"},"image":{"@id":"https:\/\/algarve7.pt\/#\/schema\/logo\/image\/"},"sameAs":["https:\/\/www.facebook.com\/algarve7","https:\/\/x.com\/Algarvesete","https:\/\/www.instagram.com\/jornalalgarve7\/","https:\/\/www.linkedin.com\/company\/algarve7","https:\/\/www.pinterest.pt\/geral0939\/_created\/"]},{"@type":"Person","@id":"https:\/\/algarve7.pt\/#\/schema\/person\/23fa70681308e7b319a3204bcea45e0c","name":"Algarve 7","sameAs":["https:\/\/algarve7.pt","https:\/\/www.facebook.com\/algarve7"],"url":"https:\/\/algarve7.pt\/index.php\/author\/geralalgarve7-pt\/"}]}},"jetpack_publicize_connections":[],"jetpack_featured_media_url":"https:\/\/algarve7.pt\/wp-content\/uploads\/2021\/12\/Captura-de-ecra-2021-12-13-as-19.00.13-e1639423534380.png","jetpack_shortlink":"https:\/\/wp.me\/pcezmW-3Du","jetpack_sharing_enabled":true,"_links":{"self":[{"href":"https:\/\/algarve7.pt\/index.php\/wp-json\/wp\/v2\/posts\/13980","targetHints":{"allow":["GET"]}}],"collection":[{"href":"https:\/\/algarve7.pt\/index.php\/wp-json\/wp\/v2\/posts"}],"about":[{"href":"https:\/\/algarve7.pt\/index.php\/wp-json\/wp\/v2\/types\/post"}],"author":[{"embeddable":true,"href":"https:\/\/algarve7.pt\/index.php\/wp-json\/wp\/v2\/users\/1"}],"replies":[{"embeddable":true,"href":"https:\/\/algarve7.pt\/index.php\/wp-json\/wp\/v2\/comments?post=13980"}],"version-history":[{"count":0,"href":"https:\/\/algarve7.pt\/index.php\/wp-json\/wp\/v2\/posts\/13980\/revisions"}],"wp:featuredmedia":[{"embeddable":true,"href":"https:\/\/algarve7.pt\/index.php\/wp-json\/wp\/v2\/media\/13981"}],"wp:attachment":[{"href":"https:\/\/algarve7.pt\/index.php\/wp-json\/wp\/v2\/media?parent=13980"}],"wp:term":[{"taxonomy":"category","embeddable":true,"href":"https:\/\/algarve7.pt\/index.php\/wp-json\/wp\/v2\/categories?post=13980"},{"taxonomy":"post_tag","embeddable":true,"href":"https:\/\/algarve7.pt\/index.php\/wp-json\/wp\/v2\/tags?post=13980"}],"curies":[{"name":"wp","href":"https:\/\/api.w.org\/{rel}","templated":true}]}}