{"id":13941,"date":"2021-12-11T13:00:00","date_gmt":"2021-12-11T13:00:00","guid":{"rendered":"https:\/\/algarve7.pt\/?p=13941"},"modified":"2021-12-11T12:28:56","modified_gmt":"2021-12-11T12:28:56","slug":"camara-de-portimao-avanca-com-novo-centro-de-vacinacao-no-parque-de-feiras-e-exposicoes","status":"publish","type":"post","link":"https:\/\/algarve7.pt\/index.php\/2021\/12\/camara-de-portimao-avanca-com-novo-centro-de-vacinacao-no-parque-de-feiras-e-exposicoes\/saude\/13\/00\/","title":{"rendered":"C\u00e2mara de Portim\u00e3o avan\u00e7a com \u201cnovo\u201d Centro de Vacina\u00e7\u00e3o no Parque de Feiras e Exposi\u00e7\u00f5es"},"content":{"rendered":"\n<p>A novidade foi hoje avan\u00e7ada por Isilda Gomes, no seu discurso de encerramento da Sess\u00e3o Solene do Dia da Cidade, no \u00e2mbito das comemora\u00e7\u00f5es do 97\u00ba anivers\u00e1rio de eleva\u00e7\u00e3o de Portim\u00e3o a Cidade.<\/p>\n\n\n\n<p>A C\u00e2mara Municipal de Portim\u00e3o, atrav\u00e9s do Servi\u00e7o Municipal de Prote\u00e7\u00e3o Civil, vai iniciar na pr\u00f3xima segunda-feira os trabalhos de instala\u00e7\u00e3o de um novo Centro de Vacina\u00e7\u00e3o no Parque de Feiras e Exposi\u00e7\u00f5es de Portim\u00e3o, que ir\u00e1 funcionar em duas tendas de grandes dimens\u00f5es, devidamente climatizadas e com todas as condi\u00e7\u00f5es de conforto e seguran\u00e7a.<\/p>\n\n\n\n<p>Segunda a autarca a op\u00e7\u00e3o por este tipo de infraestrutura deve-se \u00e0 impossibilidade de voltar a reativar o Centro de Vacina\u00e7\u00e3o no Pavilh\u00e3o Gimnodesportivo Municipal, uma vez que o mesmo \u00e9 utilizado diariamente por centenas de cidad\u00e3os, que desta forma ficariam privados de efectuar a sua pr\u00e1tica desportiva regular. Para al\u00e9m desse facto, o pr\u00f3prio Portim\u00e3o Arena, que tamb\u00e9m seria uma hip\u00f3tese, encontra-se em \u201cReserva Estrat\u00e9gica\u201d como hospital de retaguarda, que poder\u00e1 ser activado em fun\u00e7\u00e3o da evolu\u00e7\u00e3o da Pandemia, como aconteceu em janeiro passado.<\/p>\n\n\n\n<p>Sublinha-se que nos dias de hoje o processo de vacina\u00e7\u00e3o encontra-se a decorrer nas antigas instala\u00e7\u00f5es do Centro de Sa\u00fade de Portim\u00e3o, com uma capacidade de resposta um pouco condicionada em termos de infra-estrturas, situa\u00e7\u00e3o que ser\u00e1 obviada com deslocaliza\u00e7\u00e3o para o Parque de Feiras e Exposi\u00e7\u00f5es, restituindo a curto prazo, ainda antes do Natal, as melhores condi\u00e7\u00f5es de conforto aos cidad\u00e3os que ser\u00e3o de futuro vacinados.<\/p>\n","protected":false},"excerpt":{"rendered":"<p>A novidade foi hoje avan\u00e7ada por Isilda Gomes, no seu discurso de encerramento da Sess\u00e3o Solene do Dia da Cidade,<\/p>\n","protected":false},"author":1,"featured_media":13942,"comment_status":"open","ping_status":"open","sticky":false,"template":"","format":"standard","meta":{"colormag_page_container_layout":"default_layout","colormag_page_sidebar_layout":"default_layout","_monsterinsights_skip_tracking":false,"_monsterinsights_sitenote_active":false,"_monsterinsights_sitenote_note":"","_monsterinsights_sitenote_category":0,"jetpack_post_was_ever_published":false,"_jetpack_newsletter_access":"","_jetpack_dont_email_post_to_subs":false,"_jetpack_newsletter_tier_id":0,"_jetpack_memberships_contains_paywalled_content":false,"_jetpack_memberships_contains_paid_content":false,"footnotes":"","jetpack_publicize_message":"","jetpack_publicize_feature_enabled":true,"jetpack_social_post_already_shared":true,"jetpack_social_options":{"image_generator_settings":{"template":"highway","default_image_id":0,"font":"","enabled":false},"version":2}},"categories":[59],"tags":[98,58],"class_list":["post-13941","post","type-post","status-publish","format-standard","has-post-thumbnail","hentry","category-saude","tag-nacional","tag-saude"],"yoast_head":"<!-- This site is optimized with the Yoast SEO plugin v27.5 - https:\/\/yoast.com\/product\/yoast-seo-wordpress\/ -->\n<title>C\u00e2mara de Portim\u00e3o avan\u00e7a com \u201cnovo\u201d Centro de Vacina\u00e7\u00e3o no Parque de Feiras e Exposi\u00e7\u00f5es - Algarve 7<\/title>\n<meta name=\"description\" content=\"C\u00e2mara de Portim\u00e3o avan\u00e7a com \u201cnovo\u201d Centro de Vacina\u00e7\u00e3o no Parque de Feiras e Exposi\u00e7\u00f5es Sa\u00fade\" \/>\n<meta name=\"robots\" content=\"index, follow, max-snippet:-1, max-image-preview:large, max-video-preview:-1\" \/>\n<link rel=\"canonical\" href=\"https:\/\/algarve7.pt\/index.php\/2021\/12\/camara-de-portimao-avanca-com-novo-centro-de-vacinacao-no-parque-de-feiras-e-exposicoes\/saude\/13\/00\/\" \/>\n<meta property=\"og:locale\" content=\"pt_PT\" \/>\n<meta property=\"og:type\" content=\"article\" \/>\n<meta property=\"og:title\" content=\"C\u00e2mara de Portim\u00e3o avan\u00e7a com \u201cnovo\u201d Centro de Vacina\u00e7\u00e3o no Parque de Feiras e Exposi\u00e7\u00f5es - Algarve 7\" \/>\n<meta property=\"og:description\" content=\"C\u00e2mara de Portim\u00e3o avan\u00e7a com \u201cnovo\u201d Centro de Vacina\u00e7\u00e3o no Parque de Feiras e Exposi\u00e7\u00f5es Sa\u00fade\" \/>\n<meta property=\"og:url\" content=\"https:\/\/algarve7.pt\/index.php\/2021\/12\/camara-de-portimao-avanca-com-novo-centro-de-vacinacao-no-parque-de-feiras-e-exposicoes\/saude\/13\/00\/\" \/>\n<meta property=\"og:site_name\" content=\"Algarve 7\" \/>\n<meta property=\"article:publisher\" content=\"https:\/\/www.facebook.com\/algarve7\" \/>\n<meta property=\"article:author\" content=\"https:\/\/www.facebook.com\/algarve7\" \/>\n<meta property=\"article:published_time\" content=\"2021-12-11T13:00:00+00:00\" \/>\n<meta property=\"og:image\" content=\"https:\/\/algarve7.pt\/wp-content\/uploads\/2021\/12\/PORTIMAO-ARENA.jpg\" \/>\n\t<meta property=\"og:image:width\" content=\"1181\" \/>\n\t<meta property=\"og:image:height\" content=\"788\" \/>\n\t<meta property=\"og:image:type\" content=\"image\/jpeg\" \/>\n<meta name=\"author\" content=\"Algarve 7\" \/>\n<meta name=\"twitter:card\" content=\"summary_large_image\" \/>\n<meta name=\"twitter:creator\" content=\"@Algarvesete\" \/>\n<meta name=\"twitter:site\" content=\"@Algarvesete\" \/>\n<meta name=\"twitter:label1\" content=\"Escrito por\" \/>\n\t<meta name=\"twitter:data1\" content=\"Algarve 7\" \/>\n\t<meta name=\"twitter:label2\" content=\"Tempo estimado de leitura\" \/>\n\t<meta name=\"twitter:data2\" content=\"2 minutos\" \/>\n<script type=\"application\/ld+json\" class=\"yoast-schema-graph\">{\"@context\":\"https:\\\/\\\/schema.org\",\"@graph\":[{\"@type\":\"Article\",\"@id\":\"https:\\\/\\\/algarve7.pt\\\/index.php\\\/2021\\\/12\\\/camara-de-portimao-avanca-com-novo-centro-de-vacinacao-no-parque-de-feiras-e-exposicoes\\\/saude\\\/13\\\/00\\\/#article\",\"isPartOf\":{\"@id\":\"https:\\\/\\\/algarve7.pt\\\/index.php\\\/2021\\\/12\\\/camara-de-portimao-avanca-com-novo-centro-de-vacinacao-no-parque-de-feiras-e-exposicoes\\\/saude\\\/13\\\/00\\\/\"},\"author\":{\"name\":\"Algarve 7\",\"@id\":\"https:\\\/\\\/algarve7.pt\\\/#\\\/schema\\\/person\\\/23fa70681308e7b319a3204bcea45e0c\"},\"headline\":\"C\u00e2mara de Portim\u00e3o avan\u00e7a com \u201cnovo\u201d Centro de Vacina\u00e7\u00e3o no Parque de Feiras e Exposi\u00e7\u00f5es\",\"datePublished\":\"2021-12-11T13:00:00+00:00\",\"mainEntityOfPage\":{\"@id\":\"https:\\\/\\\/algarve7.pt\\\/index.php\\\/2021\\\/12\\\/camara-de-portimao-avanca-com-novo-centro-de-vacinacao-no-parque-de-feiras-e-exposicoes\\\/saude\\\/13\\\/00\\\/\"},\"wordCount\":299,\"commentCount\":0,\"publisher\":{\"@id\":\"https:\\\/\\\/algarve7.pt\\\/#organization\"},\"image\":{\"@id\":\"https:\\\/\\\/algarve7.pt\\\/index.php\\\/2021\\\/12\\\/camara-de-portimao-avanca-com-novo-centro-de-vacinacao-no-parque-de-feiras-e-exposicoes\\\/saude\\\/13\\\/00\\\/#primaryimage\"},\"thumbnailUrl\":\"https:\\\/\\\/algarve7.pt\\\/wp-content\\\/uploads\\\/2021\\\/12\\\/PORTIMAO-ARENA.jpg\",\"keywords\":[\"Nacional\",\"Sa\u00fade\"],\"articleSection\":[\"Sa\u00fade\"],\"inLanguage\":\"pt-PT\",\"potentialAction\":[{\"@type\":\"CommentAction\",\"name\":\"Comment\",\"target\":[\"https:\\\/\\\/algarve7.pt\\\/index.php\\\/2021\\\/12\\\/camara-de-portimao-avanca-com-novo-centro-de-vacinacao-no-parque-de-feiras-e-exposicoes\\\/saude\\\/13\\\/00\\\/#respond\"]}]},{\"@type\":\"WebPage\",\"@id\":\"https:\\\/\\\/algarve7.pt\\\/index.php\\\/2021\\\/12\\\/camara-de-portimao-avanca-com-novo-centro-de-vacinacao-no-parque-de-feiras-e-exposicoes\\\/saude\\\/13\\\/00\\\/\",\"url\":\"https:\\\/\\\/algarve7.pt\\\/index.php\\\/2021\\\/12\\\/camara-de-portimao-avanca-com-novo-centro-de-vacinacao-no-parque-de-feiras-e-exposicoes\\\/saude\\\/13\\\/00\\\/\",\"name\":\"C\u00e2mara de Portim\u00e3o avan\u00e7a com \u201cnovo\u201d Centro de Vacina\u00e7\u00e3o no Parque de Feiras e Exposi\u00e7\u00f5es - Algarve 7\",\"isPartOf\":{\"@id\":\"https:\\\/\\\/algarve7.pt\\\/#website\"},\"primaryImageOfPage\":{\"@id\":\"https:\\\/\\\/algarve7.pt\\\/index.php\\\/2021\\\/12\\\/camara-de-portimao-avanca-com-novo-centro-de-vacinacao-no-parque-de-feiras-e-exposicoes\\\/saude\\\/13\\\/00\\\/#primaryimage\"},\"image\":{\"@id\":\"https:\\\/\\\/algarve7.pt\\\/index.php\\\/2021\\\/12\\\/camara-de-portimao-avanca-com-novo-centro-de-vacinacao-no-parque-de-feiras-e-exposicoes\\\/saude\\\/13\\\/00\\\/#primaryimage\"},\"thumbnailUrl\":\"https:\\\/\\\/algarve7.pt\\\/wp-content\\\/uploads\\\/2021\\\/12\\\/PORTIMAO-ARENA.jpg\",\"datePublished\":\"2021-12-11T13:00:00+00:00\",\"description\":\"C\u00e2mara de Portim\u00e3o avan\u00e7a com \u201cnovo\u201d Centro de Vacina\u00e7\u00e3o no Parque de Feiras e Exposi\u00e7\u00f5es Sa\u00fade\",\"breadcrumb\":{\"@id\":\"https:\\\/\\\/algarve7.pt\\\/index.php\\\/2021\\\/12\\\/camara-de-portimao-avanca-com-novo-centro-de-vacinacao-no-parque-de-feiras-e-exposicoes\\\/saude\\\/13\\\/00\\\/#breadcrumb\"},\"inLanguage\":\"pt-PT\",\"potentialAction\":[{\"@type\":\"ReadAction\",\"target\":[\"https:\\\/\\\/algarve7.pt\\\/index.php\\\/2021\\\/12\\\/camara-de-portimao-avanca-com-novo-centro-de-vacinacao-no-parque-de-feiras-e-exposicoes\\\/saude\\\/13\\\/00\\\/\"]}]},{\"@type\":\"ImageObject\",\"inLanguage\":\"pt-PT\",\"@id\":\"https:\\\/\\\/algarve7.pt\\\/index.php\\\/2021\\\/12\\\/camara-de-portimao-avanca-com-novo-centro-de-vacinacao-no-parque-de-feiras-e-exposicoes\\\/saude\\\/13\\\/00\\\/#primaryimage\",\"url\":\"https:\\\/\\\/algarve7.pt\\\/wp-content\\\/uploads\\\/2021\\\/12\\\/PORTIMAO-ARENA.jpg\",\"contentUrl\":\"https:\\\/\\\/algarve7.pt\\\/wp-content\\\/uploads\\\/2021\\\/12\\\/PORTIMAO-ARENA.jpg\",\"width\":1181,\"height\":788},{\"@type\":\"BreadcrumbList\",\"@id\":\"https:\\\/\\\/algarve7.pt\\\/index.php\\\/2021\\\/12\\\/camara-de-portimao-avanca-com-novo-centro-de-vacinacao-no-parque-de-feiras-e-exposicoes\\\/saude\\\/13\\\/00\\\/#breadcrumb\",\"itemListElement\":[{\"@type\":\"ListItem\",\"position\":1,\"name\":\"In\u00edcio\",\"item\":\"https:\\\/\\\/algarve7.pt\\\/\"},{\"@type\":\"ListItem\",\"position\":2,\"name\":\"C\u00e2mara de Portim\u00e3o avan\u00e7a com \u201cnovo\u201d Centro de Vacina\u00e7\u00e3o no Parque de Feiras e Exposi\u00e7\u00f5es\"}]},{\"@type\":\"WebSite\",\"@id\":\"https:\\\/\\\/algarve7.pt\\\/#website\",\"url\":\"https:\\\/\\\/algarve7.pt\\\/\",\"name\":\"Algarve 7\",\"description\":\"Informa\u00e7\u00e3o sobre o Algarve\",\"publisher\":{\"@id\":\"https:\\\/\\\/algarve7.pt\\\/#organization\"},\"potentialAction\":[{\"@type\":\"SearchAction\",\"target\":{\"@type\":\"EntryPoint\",\"urlTemplate\":\"https:\\\/\\\/algarve7.pt\\\/?s={search_term_string}\"},\"query-input\":{\"@type\":\"PropertyValueSpecification\",\"valueRequired\":true,\"valueName\":\"search_term_string\"}}],\"inLanguage\":\"pt-PT\"},{\"@type\":\"Organization\",\"@id\":\"https:\\\/\\\/algarve7.pt\\\/#organization\",\"name\":\"Algarve 7\",\"url\":\"https:\\\/\\\/algarve7.pt\\\/\",\"logo\":{\"@type\":\"ImageObject\",\"inLanguage\":\"pt-PT\",\"@id\":\"https:\\\/\\\/algarve7.pt\\\/#\\\/schema\\\/logo\\\/image\\\/\",\"url\":\"https:\\\/\\\/algarve7.pt\\\/wp-content\\\/uploads\\\/2020\\\/10\\\/Logo-8.jpg\",\"contentUrl\":\"https:\\\/\\\/algarve7.pt\\\/wp-content\\\/uploads\\\/2020\\\/10\\\/Logo-8.jpg\",\"width\":1680,\"height\":1186,\"caption\":\"Algarve 7\"},\"image\":{\"@id\":\"https:\\\/\\\/algarve7.pt\\\/#\\\/schema\\\/logo\\\/image\\\/\"},\"sameAs\":[\"https:\\\/\\\/www.facebook.com\\\/algarve7\",\"https:\\\/\\\/x.com\\\/Algarvesete\",\"https:\\\/\\\/www.instagram.com\\\/jornalalgarve7\\\/\",\"https:\\\/\\\/www.linkedin.com\\\/company\\\/algarve7\",\"https:\\\/\\\/www.pinterest.pt\\\/geral0939\\\/_created\\\/\"]},{\"@type\":\"Person\",\"@id\":\"https:\\\/\\\/algarve7.pt\\\/#\\\/schema\\\/person\\\/23fa70681308e7b319a3204bcea45e0c\",\"name\":\"Algarve 7\",\"sameAs\":[\"https:\\\/\\\/algarve7.pt\",\"https:\\\/\\\/www.facebook.com\\\/algarve7\"],\"url\":\"https:\\\/\\\/algarve7.pt\\\/index.php\\\/author\\\/geralalgarve7-pt\\\/\"}]}<\/script>\n<!-- \/ Yoast SEO plugin. -->","yoast_head_json":{"title":"C\u00e2mara de Portim\u00e3o avan\u00e7a com \u201cnovo\u201d Centro de Vacina\u00e7\u00e3o no Parque de Feiras e Exposi\u00e7\u00f5es - Algarve 7","description":"C\u00e2mara de Portim\u00e3o avan\u00e7a com \u201cnovo\u201d Centro de Vacina\u00e7\u00e3o no Parque de Feiras e Exposi\u00e7\u00f5es Sa\u00fade","robots":{"index":"index","follow":"follow","max-snippet":"max-snippet:-1","max-image-preview":"max-image-preview:large","max-video-preview":"max-video-preview:-1"},"canonical":"https:\/\/algarve7.pt\/index.php\/2021\/12\/camara-de-portimao-avanca-com-novo-centro-de-vacinacao-no-parque-de-feiras-e-exposicoes\/saude\/13\/00\/","og_locale":"pt_PT","og_type":"article","og_title":"C\u00e2mara de Portim\u00e3o avan\u00e7a com \u201cnovo\u201d Centro de Vacina\u00e7\u00e3o no Parque de Feiras e Exposi\u00e7\u00f5es - Algarve 7","og_description":"C\u00e2mara de Portim\u00e3o avan\u00e7a com \u201cnovo\u201d Centro de Vacina\u00e7\u00e3o no Parque de Feiras e Exposi\u00e7\u00f5es Sa\u00fade","og_url":"https:\/\/algarve7.pt\/index.php\/2021\/12\/camara-de-portimao-avanca-com-novo-centro-de-vacinacao-no-parque-de-feiras-e-exposicoes\/saude\/13\/00\/","og_site_name":"Algarve 7","article_publisher":"https:\/\/www.facebook.com\/algarve7","article_author":"https:\/\/www.facebook.com\/algarve7","article_published_time":"2021-12-11T13:00:00+00:00","og_image":[{"width":1181,"height":788,"url":"https:\/\/algarve7.pt\/wp-content\/uploads\/2021\/12\/PORTIMAO-ARENA.jpg","type":"image\/jpeg"}],"author":"Algarve 7","twitter_card":"summary_large_image","twitter_creator":"@Algarvesete","twitter_site":"@Algarvesete","twitter_misc":{"Escrito por":"Algarve 7","Tempo estimado de leitura":"2 minutos"},"schema":{"@context":"https:\/\/schema.org","@graph":[{"@type":"Article","@id":"https:\/\/algarve7.pt\/index.php\/2021\/12\/camara-de-portimao-avanca-com-novo-centro-de-vacinacao-no-parque-de-feiras-e-exposicoes\/saude\/13\/00\/#article","isPartOf":{"@id":"https:\/\/algarve7.pt\/index.php\/2021\/12\/camara-de-portimao-avanca-com-novo-centro-de-vacinacao-no-parque-de-feiras-e-exposicoes\/saude\/13\/00\/"},"author":{"name":"Algarve 7","@id":"https:\/\/algarve7.pt\/#\/schema\/person\/23fa70681308e7b319a3204bcea45e0c"},"headline":"C\u00e2mara de Portim\u00e3o avan\u00e7a com \u201cnovo\u201d Centro de Vacina\u00e7\u00e3o no Parque de Feiras e Exposi\u00e7\u00f5es","datePublished":"2021-12-11T13:00:00+00:00","mainEntityOfPage":{"@id":"https:\/\/algarve7.pt\/index.php\/2021\/12\/camara-de-portimao-avanca-com-novo-centro-de-vacinacao-no-parque-de-feiras-e-exposicoes\/saude\/13\/00\/"},"wordCount":299,"commentCount":0,"publisher":{"@id":"https:\/\/algarve7.pt\/#organization"},"image":{"@id":"https:\/\/algarve7.pt\/index.php\/2021\/12\/camara-de-portimao-avanca-com-novo-centro-de-vacinacao-no-parque-de-feiras-e-exposicoes\/saude\/13\/00\/#primaryimage"},"thumbnailUrl":"https:\/\/algarve7.pt\/wp-content\/uploads\/2021\/12\/PORTIMAO-ARENA.jpg","keywords":["Nacional","Sa\u00fade"],"articleSection":["Sa\u00fade"],"inLanguage":"pt-PT","potentialAction":[{"@type":"CommentAction","name":"Comment","target":["https:\/\/algarve7.pt\/index.php\/2021\/12\/camara-de-portimao-avanca-com-novo-centro-de-vacinacao-no-parque-de-feiras-e-exposicoes\/saude\/13\/00\/#respond"]}]},{"@type":"WebPage","@id":"https:\/\/algarve7.pt\/index.php\/2021\/12\/camara-de-portimao-avanca-com-novo-centro-de-vacinacao-no-parque-de-feiras-e-exposicoes\/saude\/13\/00\/","url":"https:\/\/algarve7.pt\/index.php\/2021\/12\/camara-de-portimao-avanca-com-novo-centro-de-vacinacao-no-parque-de-feiras-e-exposicoes\/saude\/13\/00\/","name":"C\u00e2mara de Portim\u00e3o avan\u00e7a com \u201cnovo\u201d Centro de Vacina\u00e7\u00e3o no Parque de Feiras e Exposi\u00e7\u00f5es - Algarve 7","isPartOf":{"@id":"https:\/\/algarve7.pt\/#website"},"primaryImageOfPage":{"@id":"https:\/\/algarve7.pt\/index.php\/2021\/12\/camara-de-portimao-avanca-com-novo-centro-de-vacinacao-no-parque-de-feiras-e-exposicoes\/saude\/13\/00\/#primaryimage"},"image":{"@id":"https:\/\/algarve7.pt\/index.php\/2021\/12\/camara-de-portimao-avanca-com-novo-centro-de-vacinacao-no-parque-de-feiras-e-exposicoes\/saude\/13\/00\/#primaryimage"},"thumbnailUrl":"https:\/\/algarve7.pt\/wp-content\/uploads\/2021\/12\/PORTIMAO-ARENA.jpg","datePublished":"2021-12-11T13:00:00+00:00","description":"C\u00e2mara de Portim\u00e3o avan\u00e7a com \u201cnovo\u201d Centro de Vacina\u00e7\u00e3o no Parque de Feiras e Exposi\u00e7\u00f5es Sa\u00fade","breadcrumb":{"@id":"https:\/\/algarve7.pt\/index.php\/2021\/12\/camara-de-portimao-avanca-com-novo-centro-de-vacinacao-no-parque-de-feiras-e-exposicoes\/saude\/13\/00\/#breadcrumb"},"inLanguage":"pt-PT","potentialAction":[{"@type":"ReadAction","target":["https:\/\/algarve7.pt\/index.php\/2021\/12\/camara-de-portimao-avanca-com-novo-centro-de-vacinacao-no-parque-de-feiras-e-exposicoes\/saude\/13\/00\/"]}]},{"@type":"ImageObject","inLanguage":"pt-PT","@id":"https:\/\/algarve7.pt\/index.php\/2021\/12\/camara-de-portimao-avanca-com-novo-centro-de-vacinacao-no-parque-de-feiras-e-exposicoes\/saude\/13\/00\/#primaryimage","url":"https:\/\/algarve7.pt\/wp-content\/uploads\/2021\/12\/PORTIMAO-ARENA.jpg","contentUrl":"https:\/\/algarve7.pt\/wp-content\/uploads\/2021\/12\/PORTIMAO-ARENA.jpg","width":1181,"height":788},{"@type":"BreadcrumbList","@id":"https:\/\/algarve7.pt\/index.php\/2021\/12\/camara-de-portimao-avanca-com-novo-centro-de-vacinacao-no-parque-de-feiras-e-exposicoes\/saude\/13\/00\/#breadcrumb","itemListElement":[{"@type":"ListItem","position":1,"name":"In\u00edcio","item":"https:\/\/algarve7.pt\/"},{"@type":"ListItem","position":2,"name":"C\u00e2mara de Portim\u00e3o avan\u00e7a com \u201cnovo\u201d Centro de Vacina\u00e7\u00e3o no Parque de Feiras e Exposi\u00e7\u00f5es"}]},{"@type":"WebSite","@id":"https:\/\/algarve7.pt\/#website","url":"https:\/\/algarve7.pt\/","name":"Algarve 7","description":"Informa\u00e7\u00e3o sobre o Algarve","publisher":{"@id":"https:\/\/algarve7.pt\/#organization"},"potentialAction":[{"@type":"SearchAction","target":{"@type":"EntryPoint","urlTemplate":"https:\/\/algarve7.pt\/?s={search_term_string}"},"query-input":{"@type":"PropertyValueSpecification","valueRequired":true,"valueName":"search_term_string"}}],"inLanguage":"pt-PT"},{"@type":"Organization","@id":"https:\/\/algarve7.pt\/#organization","name":"Algarve 7","url":"https:\/\/algarve7.pt\/","logo":{"@type":"ImageObject","inLanguage":"pt-PT","@id":"https:\/\/algarve7.pt\/#\/schema\/logo\/image\/","url":"https:\/\/algarve7.pt\/wp-content\/uploads\/2020\/10\/Logo-8.jpg","contentUrl":"https:\/\/algarve7.pt\/wp-content\/uploads\/2020\/10\/Logo-8.jpg","width":1680,"height":1186,"caption":"Algarve 7"},"image":{"@id":"https:\/\/algarve7.pt\/#\/schema\/logo\/image\/"},"sameAs":["https:\/\/www.facebook.com\/algarve7","https:\/\/x.com\/Algarvesete","https:\/\/www.instagram.com\/jornalalgarve7\/","https:\/\/www.linkedin.com\/company\/algarve7","https:\/\/www.pinterest.pt\/geral0939\/_created\/"]},{"@type":"Person","@id":"https:\/\/algarve7.pt\/#\/schema\/person\/23fa70681308e7b319a3204bcea45e0c","name":"Algarve 7","sameAs":["https:\/\/algarve7.pt","https:\/\/www.facebook.com\/algarve7"],"url":"https:\/\/algarve7.pt\/index.php\/author\/geralalgarve7-pt\/"}]}},"jetpack_publicize_connections":[],"jetpack_featured_media_url":"https:\/\/algarve7.pt\/wp-content\/uploads\/2021\/12\/PORTIMAO-ARENA.jpg","jetpack_shortlink":"https:\/\/wp.me\/pcezmW-3CR","jetpack_sharing_enabled":true,"_links":{"self":[{"href":"https:\/\/algarve7.pt\/index.php\/wp-json\/wp\/v2\/posts\/13941","targetHints":{"allow":["GET"]}}],"collection":[{"href":"https:\/\/algarve7.pt\/index.php\/wp-json\/wp\/v2\/posts"}],"about":[{"href":"https:\/\/algarve7.pt\/index.php\/wp-json\/wp\/v2\/types\/post"}],"author":[{"embeddable":true,"href":"https:\/\/algarve7.pt\/index.php\/wp-json\/wp\/v2\/users\/1"}],"replies":[{"embeddable":true,"href":"https:\/\/algarve7.pt\/index.php\/wp-json\/wp\/v2\/comments?post=13941"}],"version-history":[{"count":0,"href":"https:\/\/algarve7.pt\/index.php\/wp-json\/wp\/v2\/posts\/13941\/revisions"}],"wp:featuredmedia":[{"embeddable":true,"href":"https:\/\/algarve7.pt\/index.php\/wp-json\/wp\/v2\/media\/13942"}],"wp:attachment":[{"href":"https:\/\/algarve7.pt\/index.php\/wp-json\/wp\/v2\/media?parent=13941"}],"wp:term":[{"taxonomy":"category","embeddable":true,"href":"https:\/\/algarve7.pt\/index.php\/wp-json\/wp\/v2\/categories?post=13941"},{"taxonomy":"post_tag","embeddable":true,"href":"https:\/\/algarve7.pt\/index.php\/wp-json\/wp\/v2\/tags?post=13941"}],"curies":[{"name":"wp","href":"https:\/\/api.w.org\/{rel}","templated":true}]}}