{"id":13907,"date":"2021-12-11T10:32:00","date_gmt":"2021-12-11T10:32:00","guid":{"rendered":"https:\/\/algarve7.pt\/?p=13907"},"modified":"2021-12-10T17:34:11","modified_gmt":"2021-12-10T17:34:11","slug":"ualg-abre-pos-graduacao-em-acao-humanitaria","status":"publish","type":"post","link":"https:\/\/algarve7.pt\/index.php\/2021\/12\/ualg-abre-pos-graduacao-em-acao-humanitaria\/educacao\/10\/32\/","title":{"rendered":"UAlg abre p\u00f3s-gradua\u00e7\u00e3o em A\u00e7\u00e3o Humanit\u00e1ria"},"content":{"rendered":"\n<p>A Universidade do Algarve ir\u00e1 lecionar no decorrer do pr\u00f3ximo ano uma nova p\u00f3s-gradua\u00e7\u00e3o em A\u00e7\u00e3o Humanit\u00e1ria, com in\u00edcio marcado para fevereiro de 2022.<\/p>\n\n\n\n<p>Nos \u00faltimos anos tem-se assistido a um aumento das crises humanit\u00e1rias resultantes de v\u00e1rios fatores, tais como a globaliza\u00e7\u00e3o, a mudan\u00e7a da natureza dos conflitos, as altera\u00e7\u00f5es clim\u00e1ticas, a rivalidade crescente no acesso aos recursos energ\u00e9ticos e naturais, a pobreza extrema, entre outros. Muitos destes eventos t\u00eam consequ\u00eancias graves e efeitos devastadores, duradouros e complexos que concorrem para diversos cen\u00e1rios cr\u00edticos, com forte impacto no desenvolvimento sustentado e no bem-estar das popula\u00e7\u00f5es das regi\u00f5es atingidas, estando na origem de um grande n\u00famero de refugiados e deslocados internos.<\/p>\n\n\n\n<p>Diante deste panorama, a p\u00f3s-gradua\u00e7\u00e3o em A\u00e7\u00e3o Humanit\u00e1ria tem como objetivos desenvolver compet\u00eancias profissionais para analisar criticamente a a\u00e7\u00e3o humanit\u00e1ria e trabalhar efetivamente em campos humanit\u00e1rios e de desenvolvimento; preparar profissionais ou futuros profissionais para lidar com respostas humanit\u00e1rias; salvar vidas, aliviar o sofrimento e preservar a dignidade humana durante e ap\u00f3s as crises, assim como prevenir e refor\u00e7ar a capacidade de resposta para quando ocorram tais situa\u00e7\u00f5es.<\/p>\n\n\n\n<p>Este curso visa ajudar os alunos a assumir diferentes fun\u00e7\u00f5es na pr\u00e1tica humanit\u00e1ria (por exemplo: gestor de projeto, coordenador de miss\u00e3o, consultor, etc.) e na planifica\u00e7\u00e3o de interven\u00e7\u00f5es em contextos vol\u00e1teis, aumentando o seu grau de conhecimento e capacidades espec\u00edficas, que permitir\u00e3o minimizar os impactos negativos e maximizar as oportunidades para mudan\u00e7as positivas e sustent\u00e1veis.<\/p>\n\n\n\n<p>O curso est\u00e1 organizado em 160 horas te\u00f3rico-pr\u00e1ticas (34h Problem Based Learning; 29h pr\u00e1tica; 46h te\u00f3rico pr\u00e1ticas; 51h de semin\u00e1rios), 40 horas de orienta\u00e7\u00e3o tutorial, 256 horas de trabalho aut\u00f3nomo do aluno, num total de 456 horas, que se traduzem em 16 ECTS.&nbsp; O plano de estudos oferecer\u00e1, assim, orienta\u00e7\u00e3o, compreens\u00e3o, e as capacidades necess\u00e1rias para uma pr\u00e1tica humanit\u00e1ria mais eficaz, em Portugal e no mundo. Para tratar estas quest\u00f5es, considerou-se necess\u00e1ria uma abordagem mais profissional, combinando o ensino superior acad\u00e9mico, com as compet\u00eancias profissionais dos agentes de Organiza\u00e7\u00f5es N\u00e3o Governamentais para o Desenvolvimento.<\/p>\n\n\n\n<p>Para Isabel Palmeirim, diretora da Faculdade de Medicina e Ci\u00eancias Biom\u00e9dicas (FMCB), \u00aba natureza faz quest\u00e3o de nos lembrar que o Homem n\u00e3o a consegue \u201cdomesticar\u201d e as cat\u00e1strofes (geol\u00f3gicas, clim\u00e1ticas, biol\u00f3gicas, sociol\u00f3gicas ou outras), sucedem-se&nbsp;com um ritmo cada vez maior, pelo que se torna imperativo formar equipas de ajuda humanit\u00e1ria, seja em \u00c1frica ou \u201c\u00e0 porta de casa\u201d\u00bb. Neste sentido, refere, \u201ca Faculdade de Medicina e Ci\u00eancias Biom\u00e9dicas da Universidade do Algarve apoiou enfaticamente esta p\u00f3s-gradua\u00e7\u00e3o, acreditando que vai contribuir para a cria\u00e7\u00e3o de um grupo de profissionais melhor qualificados para atuar e amparar as popula\u00e7\u00f5es em situa\u00e7\u00f5es de cat\u00e1strofe\u201d.<\/p>\n","protected":false},"excerpt":{"rendered":"<p>A Universidade do Algarve ir\u00e1 lecionar no decorrer do pr\u00f3ximo ano uma nova p\u00f3s-gradua\u00e7\u00e3o em A\u00e7\u00e3o Humanit\u00e1ria, com in\u00edcio marcado<\/p>\n","protected":false},"author":1,"featured_media":13908,"comment_status":"open","ping_status":"open","sticky":false,"template":"","format":"standard","meta":{"colormag_page_container_layout":"default_layout","colormag_page_sidebar_layout":"default_layout","_monsterinsights_skip_tracking":false,"_monsterinsights_sitenote_active":false,"_monsterinsights_sitenote_note":"","_monsterinsights_sitenote_category":0,"jetpack_post_was_ever_published":false,"_jetpack_newsletter_access":"","_jetpack_dont_email_post_to_subs":false,"_jetpack_newsletter_tier_id":0,"_jetpack_memberships_contains_paywalled_content":false,"_jetpack_memberships_contains_paid_content":false,"footnotes":"","jetpack_publicize_message":"","jetpack_publicize_feature_enabled":true,"jetpack_social_post_already_shared":true,"jetpack_social_options":{"image_generator_settings":{"template":"highway","default_image_id":0,"font":"","enabled":false},"version":2}},"categories":[93],"tags":[36,182],"class_list":["post-13907","post","type-post","status-publish","format-standard","has-post-thumbnail","hentry","category-educacao","tag-algarve","tag-ualg"],"yoast_head":"<!-- This site is optimized with the Yoast SEO plugin v27.5 - https:\/\/yoast.com\/product\/yoast-seo-wordpress\/ -->\n<title>UAlg abre p\u00f3s-gradua\u00e7\u00e3o em A\u00e7\u00e3o Humanit\u00e1ria - Algarve 7<\/title>\n<meta name=\"description\" content=\"UAlg abre p\u00f3s-gradua\u00e7\u00e3o em A\u00e7\u00e3o Humanit\u00e1ria Educa\u00e7\u00e3o\" \/>\n<meta name=\"robots\" content=\"index, follow, max-snippet:-1, max-image-preview:large, max-video-preview:-1\" \/>\n<link rel=\"canonical\" href=\"https:\/\/algarve7.pt\/index.php\/2021\/12\/ualg-abre-pos-graduacao-em-acao-humanitaria\/educacao\/10\/32\/\" \/>\n<meta property=\"og:locale\" content=\"pt_PT\" \/>\n<meta property=\"og:type\" content=\"article\" \/>\n<meta property=\"og:title\" content=\"UAlg abre p\u00f3s-gradua\u00e7\u00e3o em A\u00e7\u00e3o Humanit\u00e1ria - Algarve 7\" \/>\n<meta property=\"og:description\" content=\"UAlg abre p\u00f3s-gradua\u00e7\u00e3o em A\u00e7\u00e3o Humanit\u00e1ria Educa\u00e7\u00e3o\" \/>\n<meta property=\"og:url\" content=\"https:\/\/algarve7.pt\/index.php\/2021\/12\/ualg-abre-pos-graduacao-em-acao-humanitaria\/educacao\/10\/32\/\" \/>\n<meta property=\"og:site_name\" content=\"Algarve 7\" \/>\n<meta property=\"article:publisher\" content=\"https:\/\/www.facebook.com\/algarve7\" \/>\n<meta property=\"article:author\" content=\"https:\/\/www.facebook.com\/algarve7\" \/>\n<meta property=\"article:published_time\" content=\"2021-12-11T10:32:00+00:00\" \/>\n<meta property=\"og:image\" content=\"https:\/\/algarve7.pt\/wp-content\/uploads\/2021\/12\/Captura-de-ecra-2021-12-10-as-17.32.05-1024x683.png\" \/>\n\t<meta property=\"og:image:width\" content=\"1024\" \/>\n\t<meta property=\"og:image:height\" content=\"683\" \/>\n\t<meta property=\"og:image:type\" content=\"image\/png\" \/>\n<meta name=\"author\" content=\"Algarve 7\" \/>\n<meta name=\"twitter:card\" content=\"summary_large_image\" \/>\n<meta name=\"twitter:creator\" content=\"@Algarvesete\" \/>\n<meta name=\"twitter:site\" content=\"@Algarvesete\" \/>\n<meta name=\"twitter:label1\" content=\"Escrito por\" \/>\n\t<meta name=\"twitter:data1\" content=\"Algarve 7\" \/>\n\t<meta name=\"twitter:label2\" content=\"Tempo estimado de leitura\" \/>\n\t<meta name=\"twitter:data2\" content=\"2 minutos\" \/>\n<script type=\"application\/ld+json\" class=\"yoast-schema-graph\">{\"@context\":\"https:\\\/\\\/schema.org\",\"@graph\":[{\"@type\":\"Article\",\"@id\":\"https:\\\/\\\/algarve7.pt\\\/index.php\\\/2021\\\/12\\\/ualg-abre-pos-graduacao-em-acao-humanitaria\\\/educacao\\\/10\\\/32\\\/#article\",\"isPartOf\":{\"@id\":\"https:\\\/\\\/algarve7.pt\\\/index.php\\\/2021\\\/12\\\/ualg-abre-pos-graduacao-em-acao-humanitaria\\\/educacao\\\/10\\\/32\\\/\"},\"author\":{\"name\":\"Algarve 7\",\"@id\":\"https:\\\/\\\/algarve7.pt\\\/#\\\/schema\\\/person\\\/23fa70681308e7b319a3204bcea45e0c\"},\"headline\":\"UAlg abre p\u00f3s-gradua\u00e7\u00e3o em A\u00e7\u00e3o Humanit\u00e1ria\",\"datePublished\":\"2021-12-11T10:32:00+00:00\",\"mainEntityOfPage\":{\"@id\":\"https:\\\/\\\/algarve7.pt\\\/index.php\\\/2021\\\/12\\\/ualg-abre-pos-graduacao-em-acao-humanitaria\\\/educacao\\\/10\\\/32\\\/\"},\"wordCount\":515,\"commentCount\":0,\"publisher\":{\"@id\":\"https:\\\/\\\/algarve7.pt\\\/#organization\"},\"image\":{\"@id\":\"https:\\\/\\\/algarve7.pt\\\/index.php\\\/2021\\\/12\\\/ualg-abre-pos-graduacao-em-acao-humanitaria\\\/educacao\\\/10\\\/32\\\/#primaryimage\"},\"thumbnailUrl\":\"https:\\\/\\\/algarve7.pt\\\/wp-content\\\/uploads\\\/2021\\\/12\\\/Captura-de-ecra-2021-12-10-as-17.32.05.png\",\"keywords\":[\"Algarve\",\"UALG\"],\"articleSection\":[\"Educa\u00e7\u00e3o\"],\"inLanguage\":\"pt-PT\",\"potentialAction\":[{\"@type\":\"CommentAction\",\"name\":\"Comment\",\"target\":[\"https:\\\/\\\/algarve7.pt\\\/index.php\\\/2021\\\/12\\\/ualg-abre-pos-graduacao-em-acao-humanitaria\\\/educacao\\\/10\\\/32\\\/#respond\"]}]},{\"@type\":\"WebPage\",\"@id\":\"https:\\\/\\\/algarve7.pt\\\/index.php\\\/2021\\\/12\\\/ualg-abre-pos-graduacao-em-acao-humanitaria\\\/educacao\\\/10\\\/32\\\/\",\"url\":\"https:\\\/\\\/algarve7.pt\\\/index.php\\\/2021\\\/12\\\/ualg-abre-pos-graduacao-em-acao-humanitaria\\\/educacao\\\/10\\\/32\\\/\",\"name\":\"UAlg abre p\u00f3s-gradua\u00e7\u00e3o em A\u00e7\u00e3o Humanit\u00e1ria - Algarve 7\",\"isPartOf\":{\"@id\":\"https:\\\/\\\/algarve7.pt\\\/#website\"},\"primaryImageOfPage\":{\"@id\":\"https:\\\/\\\/algarve7.pt\\\/index.php\\\/2021\\\/12\\\/ualg-abre-pos-graduacao-em-acao-humanitaria\\\/educacao\\\/10\\\/32\\\/#primaryimage\"},\"image\":{\"@id\":\"https:\\\/\\\/algarve7.pt\\\/index.php\\\/2021\\\/12\\\/ualg-abre-pos-graduacao-em-acao-humanitaria\\\/educacao\\\/10\\\/32\\\/#primaryimage\"},\"thumbnailUrl\":\"https:\\\/\\\/algarve7.pt\\\/wp-content\\\/uploads\\\/2021\\\/12\\\/Captura-de-ecra-2021-12-10-as-17.32.05.png\",\"datePublished\":\"2021-12-11T10:32:00+00:00\",\"description\":\"UAlg abre p\u00f3s-gradua\u00e7\u00e3o em A\u00e7\u00e3o Humanit\u00e1ria Educa\u00e7\u00e3o\",\"breadcrumb\":{\"@id\":\"https:\\\/\\\/algarve7.pt\\\/index.php\\\/2021\\\/12\\\/ualg-abre-pos-graduacao-em-acao-humanitaria\\\/educacao\\\/10\\\/32\\\/#breadcrumb\"},\"inLanguage\":\"pt-PT\",\"potentialAction\":[{\"@type\":\"ReadAction\",\"target\":[\"https:\\\/\\\/algarve7.pt\\\/index.php\\\/2021\\\/12\\\/ualg-abre-pos-graduacao-em-acao-humanitaria\\\/educacao\\\/10\\\/32\\\/\"]}]},{\"@type\":\"ImageObject\",\"inLanguage\":\"pt-PT\",\"@id\":\"https:\\\/\\\/algarve7.pt\\\/index.php\\\/2021\\\/12\\\/ualg-abre-pos-graduacao-em-acao-humanitaria\\\/educacao\\\/10\\\/32\\\/#primaryimage\",\"url\":\"https:\\\/\\\/algarve7.pt\\\/wp-content\\\/uploads\\\/2021\\\/12\\\/Captura-de-ecra-2021-12-10-as-17.32.05.png\",\"contentUrl\":\"https:\\\/\\\/algarve7.pt\\\/wp-content\\\/uploads\\\/2021\\\/12\\\/Captura-de-ecra-2021-12-10-as-17.32.05.png\",\"width\":1538,\"height\":1026},{\"@type\":\"BreadcrumbList\",\"@id\":\"https:\\\/\\\/algarve7.pt\\\/index.php\\\/2021\\\/12\\\/ualg-abre-pos-graduacao-em-acao-humanitaria\\\/educacao\\\/10\\\/32\\\/#breadcrumb\",\"itemListElement\":[{\"@type\":\"ListItem\",\"position\":1,\"name\":\"In\u00edcio\",\"item\":\"https:\\\/\\\/algarve7.pt\\\/\"},{\"@type\":\"ListItem\",\"position\":2,\"name\":\"UAlg abre p\u00f3s-gradua\u00e7\u00e3o em A\u00e7\u00e3o Humanit\u00e1ria\"}]},{\"@type\":\"WebSite\",\"@id\":\"https:\\\/\\\/algarve7.pt\\\/#website\",\"url\":\"https:\\\/\\\/algarve7.pt\\\/\",\"name\":\"Algarve 7\",\"description\":\"Informa\u00e7\u00e3o sobre o Algarve\",\"publisher\":{\"@id\":\"https:\\\/\\\/algarve7.pt\\\/#organization\"},\"potentialAction\":[{\"@type\":\"SearchAction\",\"target\":{\"@type\":\"EntryPoint\",\"urlTemplate\":\"https:\\\/\\\/algarve7.pt\\\/?s={search_term_string}\"},\"query-input\":{\"@type\":\"PropertyValueSpecification\",\"valueRequired\":true,\"valueName\":\"search_term_string\"}}],\"inLanguage\":\"pt-PT\"},{\"@type\":\"Organization\",\"@id\":\"https:\\\/\\\/algarve7.pt\\\/#organization\",\"name\":\"Algarve 7\",\"url\":\"https:\\\/\\\/algarve7.pt\\\/\",\"logo\":{\"@type\":\"ImageObject\",\"inLanguage\":\"pt-PT\",\"@id\":\"https:\\\/\\\/algarve7.pt\\\/#\\\/schema\\\/logo\\\/image\\\/\",\"url\":\"https:\\\/\\\/algarve7.pt\\\/wp-content\\\/uploads\\\/2020\\\/10\\\/Logo-8.jpg\",\"contentUrl\":\"https:\\\/\\\/algarve7.pt\\\/wp-content\\\/uploads\\\/2020\\\/10\\\/Logo-8.jpg\",\"width\":1680,\"height\":1186,\"caption\":\"Algarve 7\"},\"image\":{\"@id\":\"https:\\\/\\\/algarve7.pt\\\/#\\\/schema\\\/logo\\\/image\\\/\"},\"sameAs\":[\"https:\\\/\\\/www.facebook.com\\\/algarve7\",\"https:\\\/\\\/x.com\\\/Algarvesete\",\"https:\\\/\\\/www.instagram.com\\\/jornalalgarve7\\\/\",\"https:\\\/\\\/www.linkedin.com\\\/company\\\/algarve7\",\"https:\\\/\\\/www.pinterest.pt\\\/geral0939\\\/_created\\\/\"]},{\"@type\":\"Person\",\"@id\":\"https:\\\/\\\/algarve7.pt\\\/#\\\/schema\\\/person\\\/23fa70681308e7b319a3204bcea45e0c\",\"name\":\"Algarve 7\",\"sameAs\":[\"https:\\\/\\\/algarve7.pt\",\"https:\\\/\\\/www.facebook.com\\\/algarve7\"],\"url\":\"https:\\\/\\\/algarve7.pt\\\/index.php\\\/author\\\/geralalgarve7-pt\\\/\"}]}<\/script>\n<!-- \/ Yoast SEO plugin. -->","yoast_head_json":{"title":"UAlg abre p\u00f3s-gradua\u00e7\u00e3o em A\u00e7\u00e3o Humanit\u00e1ria - Algarve 7","description":"UAlg abre p\u00f3s-gradua\u00e7\u00e3o em A\u00e7\u00e3o Humanit\u00e1ria Educa\u00e7\u00e3o","robots":{"index":"index","follow":"follow","max-snippet":"max-snippet:-1","max-image-preview":"max-image-preview:large","max-video-preview":"max-video-preview:-1"},"canonical":"https:\/\/algarve7.pt\/index.php\/2021\/12\/ualg-abre-pos-graduacao-em-acao-humanitaria\/educacao\/10\/32\/","og_locale":"pt_PT","og_type":"article","og_title":"UAlg abre p\u00f3s-gradua\u00e7\u00e3o em A\u00e7\u00e3o Humanit\u00e1ria - Algarve 7","og_description":"UAlg abre p\u00f3s-gradua\u00e7\u00e3o em A\u00e7\u00e3o Humanit\u00e1ria Educa\u00e7\u00e3o","og_url":"https:\/\/algarve7.pt\/index.php\/2021\/12\/ualg-abre-pos-graduacao-em-acao-humanitaria\/educacao\/10\/32\/","og_site_name":"Algarve 7","article_publisher":"https:\/\/www.facebook.com\/algarve7","article_author":"https:\/\/www.facebook.com\/algarve7","article_published_time":"2021-12-11T10:32:00+00:00","og_image":[{"width":1024,"height":683,"url":"https:\/\/algarve7.pt\/wp-content\/uploads\/2021\/12\/Captura-de-ecra-2021-12-10-as-17.32.05-1024x683.png","type":"image\/png"}],"author":"Algarve 7","twitter_card":"summary_large_image","twitter_creator":"@Algarvesete","twitter_site":"@Algarvesete","twitter_misc":{"Escrito por":"Algarve 7","Tempo estimado de leitura":"2 minutos"},"schema":{"@context":"https:\/\/schema.org","@graph":[{"@type":"Article","@id":"https:\/\/algarve7.pt\/index.php\/2021\/12\/ualg-abre-pos-graduacao-em-acao-humanitaria\/educacao\/10\/32\/#article","isPartOf":{"@id":"https:\/\/algarve7.pt\/index.php\/2021\/12\/ualg-abre-pos-graduacao-em-acao-humanitaria\/educacao\/10\/32\/"},"author":{"name":"Algarve 7","@id":"https:\/\/algarve7.pt\/#\/schema\/person\/23fa70681308e7b319a3204bcea45e0c"},"headline":"UAlg abre p\u00f3s-gradua\u00e7\u00e3o em A\u00e7\u00e3o Humanit\u00e1ria","datePublished":"2021-12-11T10:32:00+00:00","mainEntityOfPage":{"@id":"https:\/\/algarve7.pt\/index.php\/2021\/12\/ualg-abre-pos-graduacao-em-acao-humanitaria\/educacao\/10\/32\/"},"wordCount":515,"commentCount":0,"publisher":{"@id":"https:\/\/algarve7.pt\/#organization"},"image":{"@id":"https:\/\/algarve7.pt\/index.php\/2021\/12\/ualg-abre-pos-graduacao-em-acao-humanitaria\/educacao\/10\/32\/#primaryimage"},"thumbnailUrl":"https:\/\/algarve7.pt\/wp-content\/uploads\/2021\/12\/Captura-de-ecra-2021-12-10-as-17.32.05.png","keywords":["Algarve","UALG"],"articleSection":["Educa\u00e7\u00e3o"],"inLanguage":"pt-PT","potentialAction":[{"@type":"CommentAction","name":"Comment","target":["https:\/\/algarve7.pt\/index.php\/2021\/12\/ualg-abre-pos-graduacao-em-acao-humanitaria\/educacao\/10\/32\/#respond"]}]},{"@type":"WebPage","@id":"https:\/\/algarve7.pt\/index.php\/2021\/12\/ualg-abre-pos-graduacao-em-acao-humanitaria\/educacao\/10\/32\/","url":"https:\/\/algarve7.pt\/index.php\/2021\/12\/ualg-abre-pos-graduacao-em-acao-humanitaria\/educacao\/10\/32\/","name":"UAlg abre p\u00f3s-gradua\u00e7\u00e3o em A\u00e7\u00e3o Humanit\u00e1ria - Algarve 7","isPartOf":{"@id":"https:\/\/algarve7.pt\/#website"},"primaryImageOfPage":{"@id":"https:\/\/algarve7.pt\/index.php\/2021\/12\/ualg-abre-pos-graduacao-em-acao-humanitaria\/educacao\/10\/32\/#primaryimage"},"image":{"@id":"https:\/\/algarve7.pt\/index.php\/2021\/12\/ualg-abre-pos-graduacao-em-acao-humanitaria\/educacao\/10\/32\/#primaryimage"},"thumbnailUrl":"https:\/\/algarve7.pt\/wp-content\/uploads\/2021\/12\/Captura-de-ecra-2021-12-10-as-17.32.05.png","datePublished":"2021-12-11T10:32:00+00:00","description":"UAlg abre p\u00f3s-gradua\u00e7\u00e3o em A\u00e7\u00e3o Humanit\u00e1ria Educa\u00e7\u00e3o","breadcrumb":{"@id":"https:\/\/algarve7.pt\/index.php\/2021\/12\/ualg-abre-pos-graduacao-em-acao-humanitaria\/educacao\/10\/32\/#breadcrumb"},"inLanguage":"pt-PT","potentialAction":[{"@type":"ReadAction","target":["https:\/\/algarve7.pt\/index.php\/2021\/12\/ualg-abre-pos-graduacao-em-acao-humanitaria\/educacao\/10\/32\/"]}]},{"@type":"ImageObject","inLanguage":"pt-PT","@id":"https:\/\/algarve7.pt\/index.php\/2021\/12\/ualg-abre-pos-graduacao-em-acao-humanitaria\/educacao\/10\/32\/#primaryimage","url":"https:\/\/algarve7.pt\/wp-content\/uploads\/2021\/12\/Captura-de-ecra-2021-12-10-as-17.32.05.png","contentUrl":"https:\/\/algarve7.pt\/wp-content\/uploads\/2021\/12\/Captura-de-ecra-2021-12-10-as-17.32.05.png","width":1538,"height":1026},{"@type":"BreadcrumbList","@id":"https:\/\/algarve7.pt\/index.php\/2021\/12\/ualg-abre-pos-graduacao-em-acao-humanitaria\/educacao\/10\/32\/#breadcrumb","itemListElement":[{"@type":"ListItem","position":1,"name":"In\u00edcio","item":"https:\/\/algarve7.pt\/"},{"@type":"ListItem","position":2,"name":"UAlg abre p\u00f3s-gradua\u00e7\u00e3o em A\u00e7\u00e3o Humanit\u00e1ria"}]},{"@type":"WebSite","@id":"https:\/\/algarve7.pt\/#website","url":"https:\/\/algarve7.pt\/","name":"Algarve 7","description":"Informa\u00e7\u00e3o sobre o Algarve","publisher":{"@id":"https:\/\/algarve7.pt\/#organization"},"potentialAction":[{"@type":"SearchAction","target":{"@type":"EntryPoint","urlTemplate":"https:\/\/algarve7.pt\/?s={search_term_string}"},"query-input":{"@type":"PropertyValueSpecification","valueRequired":true,"valueName":"search_term_string"}}],"inLanguage":"pt-PT"},{"@type":"Organization","@id":"https:\/\/algarve7.pt\/#organization","name":"Algarve 7","url":"https:\/\/algarve7.pt\/","logo":{"@type":"ImageObject","inLanguage":"pt-PT","@id":"https:\/\/algarve7.pt\/#\/schema\/logo\/image\/","url":"https:\/\/algarve7.pt\/wp-content\/uploads\/2020\/10\/Logo-8.jpg","contentUrl":"https:\/\/algarve7.pt\/wp-content\/uploads\/2020\/10\/Logo-8.jpg","width":1680,"height":1186,"caption":"Algarve 7"},"image":{"@id":"https:\/\/algarve7.pt\/#\/schema\/logo\/image\/"},"sameAs":["https:\/\/www.facebook.com\/algarve7","https:\/\/x.com\/Algarvesete","https:\/\/www.instagram.com\/jornalalgarve7\/","https:\/\/www.linkedin.com\/company\/algarve7","https:\/\/www.pinterest.pt\/geral0939\/_created\/"]},{"@type":"Person","@id":"https:\/\/algarve7.pt\/#\/schema\/person\/23fa70681308e7b319a3204bcea45e0c","name":"Algarve 7","sameAs":["https:\/\/algarve7.pt","https:\/\/www.facebook.com\/algarve7"],"url":"https:\/\/algarve7.pt\/index.php\/author\/geralalgarve7-pt\/"}]}},"jetpack_publicize_connections":[],"jetpack_featured_media_url":"https:\/\/algarve7.pt\/wp-content\/uploads\/2021\/12\/Captura-de-ecra-2021-12-10-as-17.32.05.png","jetpack_shortlink":"https:\/\/wp.me\/pcezmW-3Cj","jetpack_sharing_enabled":true,"_links":{"self":[{"href":"https:\/\/algarve7.pt\/index.php\/wp-json\/wp\/v2\/posts\/13907","targetHints":{"allow":["GET"]}}],"collection":[{"href":"https:\/\/algarve7.pt\/index.php\/wp-json\/wp\/v2\/posts"}],"about":[{"href":"https:\/\/algarve7.pt\/index.php\/wp-json\/wp\/v2\/types\/post"}],"author":[{"embeddable":true,"href":"https:\/\/algarve7.pt\/index.php\/wp-json\/wp\/v2\/users\/1"}],"replies":[{"embeddable":true,"href":"https:\/\/algarve7.pt\/index.php\/wp-json\/wp\/v2\/comments?post=13907"}],"version-history":[{"count":0,"href":"https:\/\/algarve7.pt\/index.php\/wp-json\/wp\/v2\/posts\/13907\/revisions"}],"wp:featuredmedia":[{"embeddable":true,"href":"https:\/\/algarve7.pt\/index.php\/wp-json\/wp\/v2\/media\/13908"}],"wp:attachment":[{"href":"https:\/\/algarve7.pt\/index.php\/wp-json\/wp\/v2\/media?parent=13907"}],"wp:term":[{"taxonomy":"category","embeddable":true,"href":"https:\/\/algarve7.pt\/index.php\/wp-json\/wp\/v2\/categories?post=13907"},{"taxonomy":"post_tag","embeddable":true,"href":"https:\/\/algarve7.pt\/index.php\/wp-json\/wp\/v2\/tags?post=13907"}],"curies":[{"name":"wp","href":"https:\/\/api.w.org\/{rel}","templated":true}]}}