{"id":13865,"date":"2021-12-10T09:55:00","date_gmt":"2021-12-10T09:55:00","guid":{"rendered":"https:\/\/algarve7.pt\/?p=13865"},"modified":"2021-12-09T18:45:15","modified_gmt":"2021-12-09T18:45:15","slug":"espetaculo-the-cotton-christmas-em-lagos","status":"publish","type":"post","link":"https:\/\/algarve7.pt\/index.php\/2021\/12\/espetaculo-the-cotton-christmas-em-lagos\/cultura\/09\/55\/","title":{"rendered":"Espet\u00e1culo \u201cThe Cotton Christmas\u201d em Lagos"},"content":{"rendered":"\n<p>O Natal deste ano vai contar com o espect\u00e1culo especial \u201cThe Cotton Christmas\u201d, que apresenta um repert\u00f3rio exclusivo de cl\u00e1ssicos natal\u00edcios com roupagem soul e funk e junta em palco, pela primeira vez a Aurea e os Cais Sodr\u00e9\u00a0Funk Connection e ainda um convidado especial, NBC.<\/p>\n\n\n\n<p>Nas palavras da Aurea, \u201cThe Cotton Christmas\u201d \u00e9 o espect\u00e1culo ideal para \u00abvivenciar com a fam\u00edlia inteira e passar bons momentos, que nos v\u00e3o fazer esquecer os tempos dif\u00edceis que pass\u00e1mos nos \u00faltimos meses\u00bb.<\/p>\n\n\n\n<p>Tendo como ponto de partida os cl\u00e1ssicos de Natal, m\u00fasicas que crescemos a ouvir e nos trazem boas recorda\u00e7\u00f5es \u2013 como \u00e9 o caso de \u201cLet it Snow\u201d, as vozes quentes e particulares de Aurea, Tamin e NBC v\u00e3o recrear os ser\u00f5es em fam\u00edlia, acompanhadas pela locomotiva do funk dos Cais Sodr\u00e9 Funk Connection, distribuindo felicidade, sorrisos e boas vibra\u00e7\u00f5es, como verdadeiros presentes de Natal.<\/p>\n\n\n\n<p>\u201cNorah Jones: I Dream Of Christmas Live at the Empire State Building\u201d em livestream no YouTube<\/p>\n\n\n\n<p>A Blue Note Records anunciou o evento livestream no YouTube, &#8220;Norah Jones: I Dream Of Christmas Live at the Empire State Building&#8221;, com um conjunto de can\u00e7\u00f5es de Natal da artista vencedora de 9 Grammys.<\/p>\n\n\n\n<p>Os bilhetes custam \u20ac12 (20% desconto c\/ passaporte cultural, cart\u00e3o Lagoa Social, Passaporte Rota do Petisco, dispon\u00edvel nas bilheteiras do Munic\u00edpio de Lagoa) encontram-se \u00e0 venda na Ticketline em:<\/p>\n\n\n\n<p><a href=\"https:\/\/ticketline.sapo.pt\/evento\/the-cotton-christmas-60461\" target=\"_blank\" rel=\"noreferrer noopener\">https:\/\/ticketline.sapo.pt\/evento\/the-cotton-christmas-60461<\/a><\/p>\n\n\n\n<p>na Fnac, Worten e nas bilheteiras do Audit\u00f3rio Carlos do Carmo e Balc\u00e3o \u00danico da C\u00e2mara Municipal de Lagoa.<\/p>\n\n\n\n<p>Informamos que a partir de 1 de dezembro o acesso a eventos no Audit\u00f3rio Municipal Carlos do Carmo passa a depender da apresenta\u00e7\u00e3o, por parte de todos os participantes, de:<\/p>\n\n\n\n<p>a)Certificado Digital COVID da UE admitido nos termos do Decreto-Lei n\u00ba 54-A\/2021, de 25 de junho.<\/p>\n\n\n\n<p>Ou<\/p>\n\n\n\n<p>b) De comprovativo de vacina\u00e7\u00e3o que ateste o esquema vacinal completo nos termos do n.\u00ba 2 do artigo 4.\u00ba do Decreto -Lei n.\u00ba 54 -A\/2021, de 25 de junho, h\u00e1 pelo menos 14 dias, com uma vacina contra a COVID -19 com autoriza\u00e7\u00e3o de introdu\u00e7\u00e3o no mercado nos termos do Regulamento (CE) n.\u00ba 726\/2004 do Parlamento Europeu e do Conselho, de 31 de mar\u00e7o de 2004, cujo reconhecimento tenha sido determinado pelo despacho previsto no n.\u00ba 2 do artigo 5.\u00ba do Decreto -Lei n.\u00ba 54 -A\/2021, de 25 de junho;<\/p>\n\n\n\n<p>ou<\/p>\n\n\n\n<p>c) De comprovativo de realiza\u00e7\u00e3o laboratorial de teste com resultado negativo, devendo este teste cumprir os requisitos previstos nas subal\u00edneas i) ou ii), conforme aplic\u00e1vel, da al\u00ednea b) do n.\u00ba 1 do artigo 4.\u00ba do Decreto-Lei n.\u00ba 54 -A\/2021, de 25 de junho.<\/p>\n\n\n\n<p>Recordamos que a utiliza\u00e7\u00e3o da m\u00e1scara se mant\u00e9m obrigat\u00f3ria, bem como as regras de higiene e seguran\u00e7a em vigor, decretadas pela DGS.<\/p>\n","protected":false},"excerpt":{"rendered":"<p>O Natal deste ano vai contar com o espect\u00e1culo especial \u201cThe Cotton Christmas\u201d, que apresenta um repert\u00f3rio exclusivo de cl\u00e1ssicos<\/p>\n","protected":false},"author":1,"featured_media":13866,"comment_status":"open","ping_status":"open","sticky":false,"template":"","format":"standard","meta":{"colormag_page_container_layout":"default_layout","colormag_page_sidebar_layout":"default_layout","_monsterinsights_skip_tracking":false,"_monsterinsights_sitenote_active":false,"_monsterinsights_sitenote_note":"","_monsterinsights_sitenote_category":0,"jetpack_post_was_ever_published":false,"_jetpack_newsletter_access":"","_jetpack_dont_email_post_to_subs":false,"_jetpack_newsletter_tier_id":0,"_jetpack_memberships_contains_paywalled_content":false,"_jetpack_memberships_contains_paid_content":false,"footnotes":"","jetpack_publicize_message":"","jetpack_publicize_feature_enabled":true,"jetpack_social_post_already_shared":true,"jetpack_social_options":{"image_generator_settings":{"template":"highway","default_image_id":0,"font":"","enabled":false},"version":2}},"categories":[14],"tags":[52,35,48],"class_list":["post-13865","post","type-post","status-publish","format-standard","has-post-thumbnail","hentry","category-cultura","tag-concerto","tag-cultura","tag-lagoa"],"yoast_head":"<!-- This site is optimized with the Yoast SEO plugin v27.5 - https:\/\/yoast.com\/product\/yoast-seo-wordpress\/ -->\n<title>Espet\u00e1culo \u201cThe Cotton Christmas\u201d em Lagos - Algarve 7<\/title>\n<meta name=\"description\" content=\"Espet\u00e1culo \u201cThe Cotton Christmas\u201d em Lagos Cultura\" \/>\n<meta name=\"robots\" content=\"index, follow, max-snippet:-1, max-image-preview:large, max-video-preview:-1\" \/>\n<link rel=\"canonical\" href=\"https:\/\/algarve7.pt\/index.php\/2021\/12\/espetaculo-the-cotton-christmas-em-lagos\/cultura\/09\/55\/\" \/>\n<meta property=\"og:locale\" content=\"pt_PT\" \/>\n<meta property=\"og:type\" content=\"article\" \/>\n<meta property=\"og:title\" content=\"Espet\u00e1culo \u201cThe Cotton Christmas\u201d em Lagos - Algarve 7\" \/>\n<meta property=\"og:description\" content=\"Espet\u00e1culo \u201cThe Cotton Christmas\u201d em Lagos Cultura\" \/>\n<meta property=\"og:url\" content=\"https:\/\/algarve7.pt\/index.php\/2021\/12\/espetaculo-the-cotton-christmas-em-lagos\/cultura\/09\/55\/\" \/>\n<meta property=\"og:site_name\" content=\"Algarve 7\" \/>\n<meta property=\"article:publisher\" content=\"https:\/\/www.facebook.com\/algarve7\" \/>\n<meta property=\"article:author\" content=\"https:\/\/www.facebook.com\/algarve7\" \/>\n<meta property=\"article:published_time\" content=\"2021-12-10T09:55:00+00:00\" \/>\n<meta property=\"og:image\" content=\"https:\/\/algarve7.pt\/wp-content\/uploads\/2021\/12\/image001.jpg\" \/>\n\t<meta property=\"og:image:width\" content=\"1024\" \/>\n\t<meta property=\"og:image:height\" content=\"768\" \/>\n\t<meta property=\"og:image:type\" content=\"image\/jpeg\" \/>\n<meta name=\"author\" content=\"Algarve 7\" \/>\n<meta name=\"twitter:card\" content=\"summary_large_image\" \/>\n<meta name=\"twitter:creator\" content=\"@Algarvesete\" \/>\n<meta name=\"twitter:site\" content=\"@Algarvesete\" \/>\n<meta name=\"twitter:label1\" content=\"Escrito por\" \/>\n\t<meta name=\"twitter:data1\" content=\"Algarve 7\" \/>\n\t<meta name=\"twitter:label2\" content=\"Tempo estimado de leitura\" \/>\n\t<meta name=\"twitter:data2\" content=\"2 minutos\" \/>\n<script type=\"application\/ld+json\" class=\"yoast-schema-graph\">{\"@context\":\"https:\\\/\\\/schema.org\",\"@graph\":[{\"@type\":\"Article\",\"@id\":\"https:\\\/\\\/algarve7.pt\\\/index.php\\\/2021\\\/12\\\/espetaculo-the-cotton-christmas-em-lagos\\\/cultura\\\/09\\\/55\\\/#article\",\"isPartOf\":{\"@id\":\"https:\\\/\\\/algarve7.pt\\\/index.php\\\/2021\\\/12\\\/espetaculo-the-cotton-christmas-em-lagos\\\/cultura\\\/09\\\/55\\\/\"},\"author\":{\"name\":\"Algarve 7\",\"@id\":\"https:\\\/\\\/algarve7.pt\\\/#\\\/schema\\\/person\\\/23fa70681308e7b319a3204bcea45e0c\"},\"headline\":\"Espet\u00e1culo \u201cThe Cotton Christmas\u201d em Lagos\",\"datePublished\":\"2021-12-10T09:55:00+00:00\",\"mainEntityOfPage\":{\"@id\":\"https:\\\/\\\/algarve7.pt\\\/index.php\\\/2021\\\/12\\\/espetaculo-the-cotton-christmas-em-lagos\\\/cultura\\\/09\\\/55\\\/\"},\"wordCount\":475,\"commentCount\":0,\"publisher\":{\"@id\":\"https:\\\/\\\/algarve7.pt\\\/#organization\"},\"image\":{\"@id\":\"https:\\\/\\\/algarve7.pt\\\/index.php\\\/2021\\\/12\\\/espetaculo-the-cotton-christmas-em-lagos\\\/cultura\\\/09\\\/55\\\/#primaryimage\"},\"thumbnailUrl\":\"https:\\\/\\\/algarve7.pt\\\/wp-content\\\/uploads\\\/2021\\\/12\\\/image001.jpg\",\"keywords\":[\"Concerto\",\"Cultura\",\"Lagoa\"],\"articleSection\":[\"Cultura\"],\"inLanguage\":\"pt-PT\",\"potentialAction\":[{\"@type\":\"CommentAction\",\"name\":\"Comment\",\"target\":[\"https:\\\/\\\/algarve7.pt\\\/index.php\\\/2021\\\/12\\\/espetaculo-the-cotton-christmas-em-lagos\\\/cultura\\\/09\\\/55\\\/#respond\"]}]},{\"@type\":\"WebPage\",\"@id\":\"https:\\\/\\\/algarve7.pt\\\/index.php\\\/2021\\\/12\\\/espetaculo-the-cotton-christmas-em-lagos\\\/cultura\\\/09\\\/55\\\/\",\"url\":\"https:\\\/\\\/algarve7.pt\\\/index.php\\\/2021\\\/12\\\/espetaculo-the-cotton-christmas-em-lagos\\\/cultura\\\/09\\\/55\\\/\",\"name\":\"Espet\u00e1culo \u201cThe Cotton Christmas\u201d em Lagos - Algarve 7\",\"isPartOf\":{\"@id\":\"https:\\\/\\\/algarve7.pt\\\/#website\"},\"primaryImageOfPage\":{\"@id\":\"https:\\\/\\\/algarve7.pt\\\/index.php\\\/2021\\\/12\\\/espetaculo-the-cotton-christmas-em-lagos\\\/cultura\\\/09\\\/55\\\/#primaryimage\"},\"image\":{\"@id\":\"https:\\\/\\\/algarve7.pt\\\/index.php\\\/2021\\\/12\\\/espetaculo-the-cotton-christmas-em-lagos\\\/cultura\\\/09\\\/55\\\/#primaryimage\"},\"thumbnailUrl\":\"https:\\\/\\\/algarve7.pt\\\/wp-content\\\/uploads\\\/2021\\\/12\\\/image001.jpg\",\"datePublished\":\"2021-12-10T09:55:00+00:00\",\"description\":\"Espet\u00e1culo \u201cThe Cotton Christmas\u201d em Lagos Cultura\",\"breadcrumb\":{\"@id\":\"https:\\\/\\\/algarve7.pt\\\/index.php\\\/2021\\\/12\\\/espetaculo-the-cotton-christmas-em-lagos\\\/cultura\\\/09\\\/55\\\/#breadcrumb\"},\"inLanguage\":\"pt-PT\",\"potentialAction\":[{\"@type\":\"ReadAction\",\"target\":[\"https:\\\/\\\/algarve7.pt\\\/index.php\\\/2021\\\/12\\\/espetaculo-the-cotton-christmas-em-lagos\\\/cultura\\\/09\\\/55\\\/\"]}]},{\"@type\":\"ImageObject\",\"inLanguage\":\"pt-PT\",\"@id\":\"https:\\\/\\\/algarve7.pt\\\/index.php\\\/2021\\\/12\\\/espetaculo-the-cotton-christmas-em-lagos\\\/cultura\\\/09\\\/55\\\/#primaryimage\",\"url\":\"https:\\\/\\\/algarve7.pt\\\/wp-content\\\/uploads\\\/2021\\\/12\\\/image001.jpg\",\"contentUrl\":\"https:\\\/\\\/algarve7.pt\\\/wp-content\\\/uploads\\\/2021\\\/12\\\/image001.jpg\",\"width\":1024,\"height\":768},{\"@type\":\"BreadcrumbList\",\"@id\":\"https:\\\/\\\/algarve7.pt\\\/index.php\\\/2021\\\/12\\\/espetaculo-the-cotton-christmas-em-lagos\\\/cultura\\\/09\\\/55\\\/#breadcrumb\",\"itemListElement\":[{\"@type\":\"ListItem\",\"position\":1,\"name\":\"In\u00edcio\",\"item\":\"https:\\\/\\\/algarve7.pt\\\/\"},{\"@type\":\"ListItem\",\"position\":2,\"name\":\"Espet\u00e1culo \u201cThe Cotton Christmas\u201d em Lagos\"}]},{\"@type\":\"WebSite\",\"@id\":\"https:\\\/\\\/algarve7.pt\\\/#website\",\"url\":\"https:\\\/\\\/algarve7.pt\\\/\",\"name\":\"Algarve 7\",\"description\":\"Informa\u00e7\u00e3o sobre o Algarve\",\"publisher\":{\"@id\":\"https:\\\/\\\/algarve7.pt\\\/#organization\"},\"potentialAction\":[{\"@type\":\"SearchAction\",\"target\":{\"@type\":\"EntryPoint\",\"urlTemplate\":\"https:\\\/\\\/algarve7.pt\\\/?s={search_term_string}\"},\"query-input\":{\"@type\":\"PropertyValueSpecification\",\"valueRequired\":true,\"valueName\":\"search_term_string\"}}],\"inLanguage\":\"pt-PT\"},{\"@type\":\"Organization\",\"@id\":\"https:\\\/\\\/algarve7.pt\\\/#organization\",\"name\":\"Algarve 7\",\"url\":\"https:\\\/\\\/algarve7.pt\\\/\",\"logo\":{\"@type\":\"ImageObject\",\"inLanguage\":\"pt-PT\",\"@id\":\"https:\\\/\\\/algarve7.pt\\\/#\\\/schema\\\/logo\\\/image\\\/\",\"url\":\"https:\\\/\\\/algarve7.pt\\\/wp-content\\\/uploads\\\/2020\\\/10\\\/Logo-8.jpg\",\"contentUrl\":\"https:\\\/\\\/algarve7.pt\\\/wp-content\\\/uploads\\\/2020\\\/10\\\/Logo-8.jpg\",\"width\":1680,\"height\":1186,\"caption\":\"Algarve 7\"},\"image\":{\"@id\":\"https:\\\/\\\/algarve7.pt\\\/#\\\/schema\\\/logo\\\/image\\\/\"},\"sameAs\":[\"https:\\\/\\\/www.facebook.com\\\/algarve7\",\"https:\\\/\\\/x.com\\\/Algarvesete\",\"https:\\\/\\\/www.instagram.com\\\/jornalalgarve7\\\/\",\"https:\\\/\\\/www.linkedin.com\\\/company\\\/algarve7\",\"https:\\\/\\\/www.pinterest.pt\\\/geral0939\\\/_created\\\/\"]},{\"@type\":\"Person\",\"@id\":\"https:\\\/\\\/algarve7.pt\\\/#\\\/schema\\\/person\\\/23fa70681308e7b319a3204bcea45e0c\",\"name\":\"Algarve 7\",\"sameAs\":[\"https:\\\/\\\/algarve7.pt\",\"https:\\\/\\\/www.facebook.com\\\/algarve7\"],\"url\":\"https:\\\/\\\/algarve7.pt\\\/index.php\\\/author\\\/geralalgarve7-pt\\\/\"}]}<\/script>\n<!-- \/ Yoast SEO plugin. -->","yoast_head_json":{"title":"Espet\u00e1culo \u201cThe Cotton Christmas\u201d em Lagos - Algarve 7","description":"Espet\u00e1culo \u201cThe Cotton Christmas\u201d em Lagos Cultura","robots":{"index":"index","follow":"follow","max-snippet":"max-snippet:-1","max-image-preview":"max-image-preview:large","max-video-preview":"max-video-preview:-1"},"canonical":"https:\/\/algarve7.pt\/index.php\/2021\/12\/espetaculo-the-cotton-christmas-em-lagos\/cultura\/09\/55\/","og_locale":"pt_PT","og_type":"article","og_title":"Espet\u00e1culo \u201cThe Cotton Christmas\u201d em Lagos - Algarve 7","og_description":"Espet\u00e1culo \u201cThe Cotton Christmas\u201d em Lagos Cultura","og_url":"https:\/\/algarve7.pt\/index.php\/2021\/12\/espetaculo-the-cotton-christmas-em-lagos\/cultura\/09\/55\/","og_site_name":"Algarve 7","article_publisher":"https:\/\/www.facebook.com\/algarve7","article_author":"https:\/\/www.facebook.com\/algarve7","article_published_time":"2021-12-10T09:55:00+00:00","og_image":[{"width":1024,"height":768,"url":"https:\/\/algarve7.pt\/wp-content\/uploads\/2021\/12\/image001.jpg","type":"image\/jpeg"}],"author":"Algarve 7","twitter_card":"summary_large_image","twitter_creator":"@Algarvesete","twitter_site":"@Algarvesete","twitter_misc":{"Escrito por":"Algarve 7","Tempo estimado de leitura":"2 minutos"},"schema":{"@context":"https:\/\/schema.org","@graph":[{"@type":"Article","@id":"https:\/\/algarve7.pt\/index.php\/2021\/12\/espetaculo-the-cotton-christmas-em-lagos\/cultura\/09\/55\/#article","isPartOf":{"@id":"https:\/\/algarve7.pt\/index.php\/2021\/12\/espetaculo-the-cotton-christmas-em-lagos\/cultura\/09\/55\/"},"author":{"name":"Algarve 7","@id":"https:\/\/algarve7.pt\/#\/schema\/person\/23fa70681308e7b319a3204bcea45e0c"},"headline":"Espet\u00e1culo \u201cThe Cotton Christmas\u201d em Lagos","datePublished":"2021-12-10T09:55:00+00:00","mainEntityOfPage":{"@id":"https:\/\/algarve7.pt\/index.php\/2021\/12\/espetaculo-the-cotton-christmas-em-lagos\/cultura\/09\/55\/"},"wordCount":475,"commentCount":0,"publisher":{"@id":"https:\/\/algarve7.pt\/#organization"},"image":{"@id":"https:\/\/algarve7.pt\/index.php\/2021\/12\/espetaculo-the-cotton-christmas-em-lagos\/cultura\/09\/55\/#primaryimage"},"thumbnailUrl":"https:\/\/algarve7.pt\/wp-content\/uploads\/2021\/12\/image001.jpg","keywords":["Concerto","Cultura","Lagoa"],"articleSection":["Cultura"],"inLanguage":"pt-PT","potentialAction":[{"@type":"CommentAction","name":"Comment","target":["https:\/\/algarve7.pt\/index.php\/2021\/12\/espetaculo-the-cotton-christmas-em-lagos\/cultura\/09\/55\/#respond"]}]},{"@type":"WebPage","@id":"https:\/\/algarve7.pt\/index.php\/2021\/12\/espetaculo-the-cotton-christmas-em-lagos\/cultura\/09\/55\/","url":"https:\/\/algarve7.pt\/index.php\/2021\/12\/espetaculo-the-cotton-christmas-em-lagos\/cultura\/09\/55\/","name":"Espet\u00e1culo \u201cThe Cotton Christmas\u201d em Lagos - Algarve 7","isPartOf":{"@id":"https:\/\/algarve7.pt\/#website"},"primaryImageOfPage":{"@id":"https:\/\/algarve7.pt\/index.php\/2021\/12\/espetaculo-the-cotton-christmas-em-lagos\/cultura\/09\/55\/#primaryimage"},"image":{"@id":"https:\/\/algarve7.pt\/index.php\/2021\/12\/espetaculo-the-cotton-christmas-em-lagos\/cultura\/09\/55\/#primaryimage"},"thumbnailUrl":"https:\/\/algarve7.pt\/wp-content\/uploads\/2021\/12\/image001.jpg","datePublished":"2021-12-10T09:55:00+00:00","description":"Espet\u00e1culo \u201cThe Cotton Christmas\u201d em Lagos Cultura","breadcrumb":{"@id":"https:\/\/algarve7.pt\/index.php\/2021\/12\/espetaculo-the-cotton-christmas-em-lagos\/cultura\/09\/55\/#breadcrumb"},"inLanguage":"pt-PT","potentialAction":[{"@type":"ReadAction","target":["https:\/\/algarve7.pt\/index.php\/2021\/12\/espetaculo-the-cotton-christmas-em-lagos\/cultura\/09\/55\/"]}]},{"@type":"ImageObject","inLanguage":"pt-PT","@id":"https:\/\/algarve7.pt\/index.php\/2021\/12\/espetaculo-the-cotton-christmas-em-lagos\/cultura\/09\/55\/#primaryimage","url":"https:\/\/algarve7.pt\/wp-content\/uploads\/2021\/12\/image001.jpg","contentUrl":"https:\/\/algarve7.pt\/wp-content\/uploads\/2021\/12\/image001.jpg","width":1024,"height":768},{"@type":"BreadcrumbList","@id":"https:\/\/algarve7.pt\/index.php\/2021\/12\/espetaculo-the-cotton-christmas-em-lagos\/cultura\/09\/55\/#breadcrumb","itemListElement":[{"@type":"ListItem","position":1,"name":"In\u00edcio","item":"https:\/\/algarve7.pt\/"},{"@type":"ListItem","position":2,"name":"Espet\u00e1culo \u201cThe Cotton Christmas\u201d em Lagos"}]},{"@type":"WebSite","@id":"https:\/\/algarve7.pt\/#website","url":"https:\/\/algarve7.pt\/","name":"Algarve 7","description":"Informa\u00e7\u00e3o sobre o Algarve","publisher":{"@id":"https:\/\/algarve7.pt\/#organization"},"potentialAction":[{"@type":"SearchAction","target":{"@type":"EntryPoint","urlTemplate":"https:\/\/algarve7.pt\/?s={search_term_string}"},"query-input":{"@type":"PropertyValueSpecification","valueRequired":true,"valueName":"search_term_string"}}],"inLanguage":"pt-PT"},{"@type":"Organization","@id":"https:\/\/algarve7.pt\/#organization","name":"Algarve 7","url":"https:\/\/algarve7.pt\/","logo":{"@type":"ImageObject","inLanguage":"pt-PT","@id":"https:\/\/algarve7.pt\/#\/schema\/logo\/image\/","url":"https:\/\/algarve7.pt\/wp-content\/uploads\/2020\/10\/Logo-8.jpg","contentUrl":"https:\/\/algarve7.pt\/wp-content\/uploads\/2020\/10\/Logo-8.jpg","width":1680,"height":1186,"caption":"Algarve 7"},"image":{"@id":"https:\/\/algarve7.pt\/#\/schema\/logo\/image\/"},"sameAs":["https:\/\/www.facebook.com\/algarve7","https:\/\/x.com\/Algarvesete","https:\/\/www.instagram.com\/jornalalgarve7\/","https:\/\/www.linkedin.com\/company\/algarve7","https:\/\/www.pinterest.pt\/geral0939\/_created\/"]},{"@type":"Person","@id":"https:\/\/algarve7.pt\/#\/schema\/person\/23fa70681308e7b319a3204bcea45e0c","name":"Algarve 7","sameAs":["https:\/\/algarve7.pt","https:\/\/www.facebook.com\/algarve7"],"url":"https:\/\/algarve7.pt\/index.php\/author\/geralalgarve7-pt\/"}]}},"jetpack_publicize_connections":[],"jetpack_featured_media_url":"https:\/\/algarve7.pt\/wp-content\/uploads\/2021\/12\/image001.jpg","jetpack_shortlink":"https:\/\/wp.me\/pcezmW-3BD","jetpack_sharing_enabled":true,"_links":{"self":[{"href":"https:\/\/algarve7.pt\/index.php\/wp-json\/wp\/v2\/posts\/13865","targetHints":{"allow":["GET"]}}],"collection":[{"href":"https:\/\/algarve7.pt\/index.php\/wp-json\/wp\/v2\/posts"}],"about":[{"href":"https:\/\/algarve7.pt\/index.php\/wp-json\/wp\/v2\/types\/post"}],"author":[{"embeddable":true,"href":"https:\/\/algarve7.pt\/index.php\/wp-json\/wp\/v2\/users\/1"}],"replies":[{"embeddable":true,"href":"https:\/\/algarve7.pt\/index.php\/wp-json\/wp\/v2\/comments?post=13865"}],"version-history":[{"count":0,"href":"https:\/\/algarve7.pt\/index.php\/wp-json\/wp\/v2\/posts\/13865\/revisions"}],"wp:featuredmedia":[{"embeddable":true,"href":"https:\/\/algarve7.pt\/index.php\/wp-json\/wp\/v2\/media\/13866"}],"wp:attachment":[{"href":"https:\/\/algarve7.pt\/index.php\/wp-json\/wp\/v2\/media?parent=13865"}],"wp:term":[{"taxonomy":"category","embeddable":true,"href":"https:\/\/algarve7.pt\/index.php\/wp-json\/wp\/v2\/categories?post=13865"},{"taxonomy":"post_tag","embeddable":true,"href":"https:\/\/algarve7.pt\/index.php\/wp-json\/wp\/v2\/tags?post=13865"}],"curies":[{"name":"wp","href":"https:\/\/api.w.org\/{rel}","templated":true}]}}