{"id":13847,"date":"2021-12-09T10:05:00","date_gmt":"2021-12-09T10:05:00","guid":{"rendered":"https:\/\/algarve7.pt\/?p=13847"},"modified":"2021-12-08T18:56:16","modified_gmt":"2021-12-08T18:56:16","slug":"municipio-congratula-se-com-a-resolucao-da-assembleia-da-republica-sobre-a-construcao-do-novo-hospital-de-lagos","status":"publish","type":"post","link":"https:\/\/algarve7.pt\/index.php\/2021\/12\/municipio-congratula-se-com-a-resolucao-da-assembleia-da-republica-sobre-a-construcao-do-novo-hospital-de-lagos\/saude\/10\/05\/","title":{"rendered":"Munic\u00edpio congratula-se com a Resolu\u00e7\u00e3o da Assembleia da Rep\u00fablica sobre a constru\u00e7\u00e3o do novo Hospital de Lagos"},"content":{"rendered":"\n<p>A C\u00e2mara Municipal aprovou, por unanimidade, na sua \u00faltima reuni\u00e3o, um Voto de Congratula\u00e7\u00e3o a prop\u00f3sito da posi\u00e7\u00e3o recentemente assumida pela Assembleia da Rep\u00fablica na defesa da constru\u00e7\u00e3o do Hospital de Lagos.<\/p>\n\n\n\n<p>Aprovada a 19 de novembro \u00faltimo e publicada em Di\u00e1rio da Rep\u00fablica no dia 3 de dezembro, a Resolu\u00e7\u00e3o da Assembleia da Rep\u00fablica n.\u00ba 309\/2021 recomenda ao Governo que \u201c<em>sejam desencadeados, com urg\u00eancia, os procedimentos necess\u00e1rios para o lan\u00e7amento do processo de constru\u00e7\u00e3o do novo Hospital de Lagos, dotando-o de instala\u00e7\u00f5es modernas e adequadas \u00e0 presta\u00e7\u00e3o de cuidados \u00e0 popula\u00e7\u00e3o, com um planeamento adequado das suas val\u00eancias futuras e integrado na rede p\u00fablica de cuidados de sa\u00fade<\/em>\u201d. No texto do documento, o parlamento recomenda, ainda, que \u201c<em>sejam encontradas solu\u00e7\u00f5es de financiamento, recorrendo, se necess\u00e1rio, a fundos comunit\u00e1rios, e (\u2026) salvaguardado o modelo integralmente p\u00fablico para a constru\u00e7\u00e3o e gest\u00e3o do novo hospital<\/em>\u201d. A resolu\u00e7\u00e3o vai mais longe, exigindo do Governo a defini\u00e7\u00e3o de um \u201c<em>cronograma para a constru\u00e7\u00e3o do hospital, assumindo o montante global de investimento plurianual a realizar e as respetivas fontes de financiamento<\/em>\u201d.<\/p>\n\n\n\n<p>A este prop\u00f3sito, merece recordar que a necessidade de constru\u00e7\u00e3o do novo Hospital de Lagos, sentida h\u00e1 v\u00e1rios anos, foi colocada na ordem do dia atrav\u00e9s da peti\u00e7\u00e3o promovida pela Assembleia Municipal de Lagos, a qual ter\u00e1 dado origem \u00e0 Resolu\u00e7\u00e3o acima referida.<\/p>\n\n\n\n<p>A C\u00e2mara Municipal de Lagos, nas dilig\u00eancias efetuadas junto da tutela, j\u00e1, por diversas vezes, manifestou a disponibilidade de contribuir para a melhoria das condi\u00e7\u00f5es de funcionamento, designadamente atrav\u00e9s da ced\u00eancia de terreno para a constru\u00e7\u00e3o de novas instala\u00e7\u00f5es. A proposta defendida pela autarquia passa pela relocaliza\u00e7\u00e3o do Hospital de Lagos, num terreno junto do Centro de Sa\u00fade, de modo a ser poss\u00edvel ter um hospital que sirva as Terras do Infante (Lagos, Aljezur e Vila do Bispo), garantindo uma localiza\u00e7\u00e3o mais acess\u00edvel, com instala\u00e7\u00f5es dignas, mais especialidades e meios t\u00e9cnicos e humanos, o que permitiria evitar desloca\u00e7\u00f5es desnecess\u00e1rias dos utentes para a unidade hospitalar de Portim\u00e3o ou de Faro.<\/p>\n","protected":false},"excerpt":{"rendered":"<p>A C\u00e2mara Municipal aprovou, por unanimidade, na sua \u00faltima reuni\u00e3o, um Voto de Congratula\u00e7\u00e3o a prop\u00f3sito da posi\u00e7\u00e3o recentemente assumida<\/p>\n","protected":false},"author":1,"featured_media":13848,"comment_status":"open","ping_status":"open","sticky":false,"template":"","format":"standard","meta":{"colormag_page_container_layout":"default_layout","colormag_page_sidebar_layout":"default_layout","_monsterinsights_skip_tracking":false,"_monsterinsights_sitenote_active":false,"_monsterinsights_sitenote_note":"","_monsterinsights_sitenote_category":0,"jetpack_post_was_ever_published":false,"_jetpack_newsletter_access":"","_jetpack_dont_email_post_to_subs":false,"_jetpack_newsletter_tier_id":0,"_jetpack_memberships_contains_paywalled_content":false,"_jetpack_memberships_contains_paid_content":false,"footnotes":"","jetpack_publicize_message":"","jetpack_publicize_feature_enabled":true,"jetpack_social_post_already_shared":true,"jetpack_social_options":{"image_generator_settings":{"template":"highway","default_image_id":0,"font":"","enabled":false},"version":2}},"categories":[59],"tags":[36,200,68,58],"class_list":["post-13847","post","type-post","status-publish","format-standard","has-post-thumbnail","hentry","category-saude","tag-algarve","tag-hospital","tag-lagos","tag-saude"],"yoast_head":"<!-- This site is optimized with the Yoast SEO plugin v27.5 - https:\/\/yoast.com\/product\/yoast-seo-wordpress\/ -->\n<title>Munic\u00edpio congratula-se com a Resolu\u00e7\u00e3o da Assembleia da Rep\u00fablica sobre a constru\u00e7\u00e3o do novo Hospital de Lagos - Algarve 7<\/title>\n<meta name=\"description\" content=\"Munic\u00edpio congratula-se com a Resolu\u00e7\u00e3o da Assembleia da Rep\u00fablica sobre a constru\u00e7\u00e3o do novo Hospital de Lagos Sa\u00fade\" \/>\n<meta name=\"robots\" content=\"index, follow, max-snippet:-1, max-image-preview:large, max-video-preview:-1\" \/>\n<link rel=\"canonical\" href=\"https:\/\/algarve7.pt\/index.php\/2021\/12\/municipio-congratula-se-com-a-resolucao-da-assembleia-da-republica-sobre-a-construcao-do-novo-hospital-de-lagos\/saude\/10\/05\/\" \/>\n<meta property=\"og:locale\" content=\"pt_PT\" \/>\n<meta property=\"og:type\" content=\"article\" \/>\n<meta property=\"og:title\" content=\"Munic\u00edpio congratula-se com a Resolu\u00e7\u00e3o da Assembleia da Rep\u00fablica sobre a constru\u00e7\u00e3o do novo Hospital de Lagos - Algarve 7\" \/>\n<meta property=\"og:description\" content=\"Munic\u00edpio congratula-se com a Resolu\u00e7\u00e3o da Assembleia da Rep\u00fablica sobre a constru\u00e7\u00e3o do novo Hospital de Lagos Sa\u00fade\" \/>\n<meta property=\"og:url\" content=\"https:\/\/algarve7.pt\/index.php\/2021\/12\/municipio-congratula-se-com-a-resolucao-da-assembleia-da-republica-sobre-a-construcao-do-novo-hospital-de-lagos\/saude\/10\/05\/\" \/>\n<meta property=\"og:site_name\" content=\"Algarve 7\" \/>\n<meta property=\"article:publisher\" content=\"https:\/\/www.facebook.com\/algarve7\" \/>\n<meta property=\"article:author\" content=\"https:\/\/www.facebook.com\/algarve7\" \/>\n<meta property=\"article:published_time\" content=\"2021-12-09T10:05:00+00:00\" \/>\n<meta property=\"og:image\" content=\"https:\/\/algarve7.pt\/wp-content\/uploads\/2021\/12\/Fachada-Hospital-Lagos_OCS.jpg\" \/>\n\t<meta property=\"og:image:width\" content=\"1200\" \/>\n\t<meta property=\"og:image:height\" content=\"800\" \/>\n\t<meta property=\"og:image:type\" content=\"image\/jpeg\" \/>\n<meta name=\"author\" content=\"Algarve 7\" \/>\n<meta name=\"twitter:card\" content=\"summary_large_image\" \/>\n<meta name=\"twitter:creator\" content=\"@Algarvesete\" \/>\n<meta name=\"twitter:site\" content=\"@Algarvesete\" \/>\n<meta name=\"twitter:label1\" content=\"Escrito por\" \/>\n\t<meta name=\"twitter:data1\" content=\"Algarve 7\" \/>\n\t<meta name=\"twitter:label2\" content=\"Tempo estimado de leitura\" \/>\n\t<meta name=\"twitter:data2\" content=\"2 minutos\" \/>\n<script type=\"application\/ld+json\" class=\"yoast-schema-graph\">{\"@context\":\"https:\\\/\\\/schema.org\",\"@graph\":[{\"@type\":\"Article\",\"@id\":\"https:\\\/\\\/algarve7.pt\\\/index.php\\\/2021\\\/12\\\/municipio-congratula-se-com-a-resolucao-da-assembleia-da-republica-sobre-a-construcao-do-novo-hospital-de-lagos\\\/saude\\\/10\\\/05\\\/#article\",\"isPartOf\":{\"@id\":\"https:\\\/\\\/algarve7.pt\\\/index.php\\\/2021\\\/12\\\/municipio-congratula-se-com-a-resolucao-da-assembleia-da-republica-sobre-a-construcao-do-novo-hospital-de-lagos\\\/saude\\\/10\\\/05\\\/\"},\"author\":{\"name\":\"Algarve 7\",\"@id\":\"https:\\\/\\\/algarve7.pt\\\/#\\\/schema\\\/person\\\/23fa70681308e7b319a3204bcea45e0c\"},\"headline\":\"Munic\u00edpio congratula-se com a Resolu\u00e7\u00e3o da Assembleia da Rep\u00fablica sobre a constru\u00e7\u00e3o do novo Hospital de Lagos\",\"datePublished\":\"2021-12-09T10:05:00+00:00\",\"mainEntityOfPage\":{\"@id\":\"https:\\\/\\\/algarve7.pt\\\/index.php\\\/2021\\\/12\\\/municipio-congratula-se-com-a-resolucao-da-assembleia-da-republica-sobre-a-construcao-do-novo-hospital-de-lagos\\\/saude\\\/10\\\/05\\\/\"},\"wordCount\":397,\"commentCount\":0,\"publisher\":{\"@id\":\"https:\\\/\\\/algarve7.pt\\\/#organization\"},\"image\":{\"@id\":\"https:\\\/\\\/algarve7.pt\\\/index.php\\\/2021\\\/12\\\/municipio-congratula-se-com-a-resolucao-da-assembleia-da-republica-sobre-a-construcao-do-novo-hospital-de-lagos\\\/saude\\\/10\\\/05\\\/#primaryimage\"},\"thumbnailUrl\":\"https:\\\/\\\/algarve7.pt\\\/wp-content\\\/uploads\\\/2021\\\/12\\\/Fachada-Hospital-Lagos_OCS.jpg\",\"keywords\":[\"Algarve\",\"Hospital\",\"Lagos\",\"Sa\u00fade\"],\"articleSection\":[\"Sa\u00fade\"],\"inLanguage\":\"pt-PT\",\"potentialAction\":[{\"@type\":\"CommentAction\",\"name\":\"Comment\",\"target\":[\"https:\\\/\\\/algarve7.pt\\\/index.php\\\/2021\\\/12\\\/municipio-congratula-se-com-a-resolucao-da-assembleia-da-republica-sobre-a-construcao-do-novo-hospital-de-lagos\\\/saude\\\/10\\\/05\\\/#respond\"]}]},{\"@type\":\"WebPage\",\"@id\":\"https:\\\/\\\/algarve7.pt\\\/index.php\\\/2021\\\/12\\\/municipio-congratula-se-com-a-resolucao-da-assembleia-da-republica-sobre-a-construcao-do-novo-hospital-de-lagos\\\/saude\\\/10\\\/05\\\/\",\"url\":\"https:\\\/\\\/algarve7.pt\\\/index.php\\\/2021\\\/12\\\/municipio-congratula-se-com-a-resolucao-da-assembleia-da-republica-sobre-a-construcao-do-novo-hospital-de-lagos\\\/saude\\\/10\\\/05\\\/\",\"name\":\"Munic\u00edpio congratula-se com a Resolu\u00e7\u00e3o da Assembleia da Rep\u00fablica sobre a constru\u00e7\u00e3o do novo Hospital de Lagos - Algarve 7\",\"isPartOf\":{\"@id\":\"https:\\\/\\\/algarve7.pt\\\/#website\"},\"primaryImageOfPage\":{\"@id\":\"https:\\\/\\\/algarve7.pt\\\/index.php\\\/2021\\\/12\\\/municipio-congratula-se-com-a-resolucao-da-assembleia-da-republica-sobre-a-construcao-do-novo-hospital-de-lagos\\\/saude\\\/10\\\/05\\\/#primaryimage\"},\"image\":{\"@id\":\"https:\\\/\\\/algarve7.pt\\\/index.php\\\/2021\\\/12\\\/municipio-congratula-se-com-a-resolucao-da-assembleia-da-republica-sobre-a-construcao-do-novo-hospital-de-lagos\\\/saude\\\/10\\\/05\\\/#primaryimage\"},\"thumbnailUrl\":\"https:\\\/\\\/algarve7.pt\\\/wp-content\\\/uploads\\\/2021\\\/12\\\/Fachada-Hospital-Lagos_OCS.jpg\",\"datePublished\":\"2021-12-09T10:05:00+00:00\",\"description\":\"Munic\u00edpio congratula-se com a Resolu\u00e7\u00e3o da Assembleia da Rep\u00fablica sobre a constru\u00e7\u00e3o do novo Hospital de Lagos Sa\u00fade\",\"breadcrumb\":{\"@id\":\"https:\\\/\\\/algarve7.pt\\\/index.php\\\/2021\\\/12\\\/municipio-congratula-se-com-a-resolucao-da-assembleia-da-republica-sobre-a-construcao-do-novo-hospital-de-lagos\\\/saude\\\/10\\\/05\\\/#breadcrumb\"},\"inLanguage\":\"pt-PT\",\"potentialAction\":[{\"@type\":\"ReadAction\",\"target\":[\"https:\\\/\\\/algarve7.pt\\\/index.php\\\/2021\\\/12\\\/municipio-congratula-se-com-a-resolucao-da-assembleia-da-republica-sobre-a-construcao-do-novo-hospital-de-lagos\\\/saude\\\/10\\\/05\\\/\"]}]},{\"@type\":\"ImageObject\",\"inLanguage\":\"pt-PT\",\"@id\":\"https:\\\/\\\/algarve7.pt\\\/index.php\\\/2021\\\/12\\\/municipio-congratula-se-com-a-resolucao-da-assembleia-da-republica-sobre-a-construcao-do-novo-hospital-de-lagos\\\/saude\\\/10\\\/05\\\/#primaryimage\",\"url\":\"https:\\\/\\\/algarve7.pt\\\/wp-content\\\/uploads\\\/2021\\\/12\\\/Fachada-Hospital-Lagos_OCS.jpg\",\"contentUrl\":\"https:\\\/\\\/algarve7.pt\\\/wp-content\\\/uploads\\\/2021\\\/12\\\/Fachada-Hospital-Lagos_OCS.jpg\",\"width\":1200,\"height\":800,\"caption\":\"Fachada Hospital de Lagos\"},{\"@type\":\"BreadcrumbList\",\"@id\":\"https:\\\/\\\/algarve7.pt\\\/index.php\\\/2021\\\/12\\\/municipio-congratula-se-com-a-resolucao-da-assembleia-da-republica-sobre-a-construcao-do-novo-hospital-de-lagos\\\/saude\\\/10\\\/05\\\/#breadcrumb\",\"itemListElement\":[{\"@type\":\"ListItem\",\"position\":1,\"name\":\"In\u00edcio\",\"item\":\"https:\\\/\\\/algarve7.pt\\\/\"},{\"@type\":\"ListItem\",\"position\":2,\"name\":\"Munic\u00edpio congratula-se com a Resolu\u00e7\u00e3o da Assembleia da Rep\u00fablica sobre a constru\u00e7\u00e3o do novo Hospital de Lagos\"}]},{\"@type\":\"WebSite\",\"@id\":\"https:\\\/\\\/algarve7.pt\\\/#website\",\"url\":\"https:\\\/\\\/algarve7.pt\\\/\",\"name\":\"Algarve 7\",\"description\":\"Informa\u00e7\u00e3o sobre o Algarve\",\"publisher\":{\"@id\":\"https:\\\/\\\/algarve7.pt\\\/#organization\"},\"potentialAction\":[{\"@type\":\"SearchAction\",\"target\":{\"@type\":\"EntryPoint\",\"urlTemplate\":\"https:\\\/\\\/algarve7.pt\\\/?s={search_term_string}\"},\"query-input\":{\"@type\":\"PropertyValueSpecification\",\"valueRequired\":true,\"valueName\":\"search_term_string\"}}],\"inLanguage\":\"pt-PT\"},{\"@type\":\"Organization\",\"@id\":\"https:\\\/\\\/algarve7.pt\\\/#organization\",\"name\":\"Algarve 7\",\"url\":\"https:\\\/\\\/algarve7.pt\\\/\",\"logo\":{\"@type\":\"ImageObject\",\"inLanguage\":\"pt-PT\",\"@id\":\"https:\\\/\\\/algarve7.pt\\\/#\\\/schema\\\/logo\\\/image\\\/\",\"url\":\"https:\\\/\\\/algarve7.pt\\\/wp-content\\\/uploads\\\/2020\\\/10\\\/Logo-8.jpg\",\"contentUrl\":\"https:\\\/\\\/algarve7.pt\\\/wp-content\\\/uploads\\\/2020\\\/10\\\/Logo-8.jpg\",\"width\":1680,\"height\":1186,\"caption\":\"Algarve 7\"},\"image\":{\"@id\":\"https:\\\/\\\/algarve7.pt\\\/#\\\/schema\\\/logo\\\/image\\\/\"},\"sameAs\":[\"https:\\\/\\\/www.facebook.com\\\/algarve7\",\"https:\\\/\\\/x.com\\\/Algarvesete\",\"https:\\\/\\\/www.instagram.com\\\/jornalalgarve7\\\/\",\"https:\\\/\\\/www.linkedin.com\\\/company\\\/algarve7\",\"https:\\\/\\\/www.pinterest.pt\\\/geral0939\\\/_created\\\/\"]},{\"@type\":\"Person\",\"@id\":\"https:\\\/\\\/algarve7.pt\\\/#\\\/schema\\\/person\\\/23fa70681308e7b319a3204bcea45e0c\",\"name\":\"Algarve 7\",\"sameAs\":[\"https:\\\/\\\/algarve7.pt\",\"https:\\\/\\\/www.facebook.com\\\/algarve7\"],\"url\":\"https:\\\/\\\/algarve7.pt\\\/index.php\\\/author\\\/geralalgarve7-pt\\\/\"}]}<\/script>\n<!-- \/ Yoast SEO plugin. -->","yoast_head_json":{"title":"Munic\u00edpio congratula-se com a Resolu\u00e7\u00e3o da Assembleia da Rep\u00fablica sobre a constru\u00e7\u00e3o do novo Hospital de Lagos - Algarve 7","description":"Munic\u00edpio congratula-se com a Resolu\u00e7\u00e3o da Assembleia da Rep\u00fablica sobre a constru\u00e7\u00e3o do novo Hospital de Lagos Sa\u00fade","robots":{"index":"index","follow":"follow","max-snippet":"max-snippet:-1","max-image-preview":"max-image-preview:large","max-video-preview":"max-video-preview:-1"},"canonical":"https:\/\/algarve7.pt\/index.php\/2021\/12\/municipio-congratula-se-com-a-resolucao-da-assembleia-da-republica-sobre-a-construcao-do-novo-hospital-de-lagos\/saude\/10\/05\/","og_locale":"pt_PT","og_type":"article","og_title":"Munic\u00edpio congratula-se com a Resolu\u00e7\u00e3o da Assembleia da Rep\u00fablica sobre a constru\u00e7\u00e3o do novo Hospital de Lagos - Algarve 7","og_description":"Munic\u00edpio congratula-se com a Resolu\u00e7\u00e3o da Assembleia da Rep\u00fablica sobre a constru\u00e7\u00e3o do novo Hospital de Lagos Sa\u00fade","og_url":"https:\/\/algarve7.pt\/index.php\/2021\/12\/municipio-congratula-se-com-a-resolucao-da-assembleia-da-republica-sobre-a-construcao-do-novo-hospital-de-lagos\/saude\/10\/05\/","og_site_name":"Algarve 7","article_publisher":"https:\/\/www.facebook.com\/algarve7","article_author":"https:\/\/www.facebook.com\/algarve7","article_published_time":"2021-12-09T10:05:00+00:00","og_image":[{"width":1200,"height":800,"url":"https:\/\/algarve7.pt\/wp-content\/uploads\/2021\/12\/Fachada-Hospital-Lagos_OCS.jpg","type":"image\/jpeg"}],"author":"Algarve 7","twitter_card":"summary_large_image","twitter_creator":"@Algarvesete","twitter_site":"@Algarvesete","twitter_misc":{"Escrito por":"Algarve 7","Tempo estimado de leitura":"2 minutos"},"schema":{"@context":"https:\/\/schema.org","@graph":[{"@type":"Article","@id":"https:\/\/algarve7.pt\/index.php\/2021\/12\/municipio-congratula-se-com-a-resolucao-da-assembleia-da-republica-sobre-a-construcao-do-novo-hospital-de-lagos\/saude\/10\/05\/#article","isPartOf":{"@id":"https:\/\/algarve7.pt\/index.php\/2021\/12\/municipio-congratula-se-com-a-resolucao-da-assembleia-da-republica-sobre-a-construcao-do-novo-hospital-de-lagos\/saude\/10\/05\/"},"author":{"name":"Algarve 7","@id":"https:\/\/algarve7.pt\/#\/schema\/person\/23fa70681308e7b319a3204bcea45e0c"},"headline":"Munic\u00edpio congratula-se com a Resolu\u00e7\u00e3o da Assembleia da Rep\u00fablica sobre a constru\u00e7\u00e3o do novo Hospital de Lagos","datePublished":"2021-12-09T10:05:00+00:00","mainEntityOfPage":{"@id":"https:\/\/algarve7.pt\/index.php\/2021\/12\/municipio-congratula-se-com-a-resolucao-da-assembleia-da-republica-sobre-a-construcao-do-novo-hospital-de-lagos\/saude\/10\/05\/"},"wordCount":397,"commentCount":0,"publisher":{"@id":"https:\/\/algarve7.pt\/#organization"},"image":{"@id":"https:\/\/algarve7.pt\/index.php\/2021\/12\/municipio-congratula-se-com-a-resolucao-da-assembleia-da-republica-sobre-a-construcao-do-novo-hospital-de-lagos\/saude\/10\/05\/#primaryimage"},"thumbnailUrl":"https:\/\/algarve7.pt\/wp-content\/uploads\/2021\/12\/Fachada-Hospital-Lagos_OCS.jpg","keywords":["Algarve","Hospital","Lagos","Sa\u00fade"],"articleSection":["Sa\u00fade"],"inLanguage":"pt-PT","potentialAction":[{"@type":"CommentAction","name":"Comment","target":["https:\/\/algarve7.pt\/index.php\/2021\/12\/municipio-congratula-se-com-a-resolucao-da-assembleia-da-republica-sobre-a-construcao-do-novo-hospital-de-lagos\/saude\/10\/05\/#respond"]}]},{"@type":"WebPage","@id":"https:\/\/algarve7.pt\/index.php\/2021\/12\/municipio-congratula-se-com-a-resolucao-da-assembleia-da-republica-sobre-a-construcao-do-novo-hospital-de-lagos\/saude\/10\/05\/","url":"https:\/\/algarve7.pt\/index.php\/2021\/12\/municipio-congratula-se-com-a-resolucao-da-assembleia-da-republica-sobre-a-construcao-do-novo-hospital-de-lagos\/saude\/10\/05\/","name":"Munic\u00edpio congratula-se com a Resolu\u00e7\u00e3o da Assembleia da Rep\u00fablica sobre a constru\u00e7\u00e3o do novo Hospital de Lagos - Algarve 7","isPartOf":{"@id":"https:\/\/algarve7.pt\/#website"},"primaryImageOfPage":{"@id":"https:\/\/algarve7.pt\/index.php\/2021\/12\/municipio-congratula-se-com-a-resolucao-da-assembleia-da-republica-sobre-a-construcao-do-novo-hospital-de-lagos\/saude\/10\/05\/#primaryimage"},"image":{"@id":"https:\/\/algarve7.pt\/index.php\/2021\/12\/municipio-congratula-se-com-a-resolucao-da-assembleia-da-republica-sobre-a-construcao-do-novo-hospital-de-lagos\/saude\/10\/05\/#primaryimage"},"thumbnailUrl":"https:\/\/algarve7.pt\/wp-content\/uploads\/2021\/12\/Fachada-Hospital-Lagos_OCS.jpg","datePublished":"2021-12-09T10:05:00+00:00","description":"Munic\u00edpio congratula-se com a Resolu\u00e7\u00e3o da Assembleia da Rep\u00fablica sobre a constru\u00e7\u00e3o do novo Hospital de Lagos Sa\u00fade","breadcrumb":{"@id":"https:\/\/algarve7.pt\/index.php\/2021\/12\/municipio-congratula-se-com-a-resolucao-da-assembleia-da-republica-sobre-a-construcao-do-novo-hospital-de-lagos\/saude\/10\/05\/#breadcrumb"},"inLanguage":"pt-PT","potentialAction":[{"@type":"ReadAction","target":["https:\/\/algarve7.pt\/index.php\/2021\/12\/municipio-congratula-se-com-a-resolucao-da-assembleia-da-republica-sobre-a-construcao-do-novo-hospital-de-lagos\/saude\/10\/05\/"]}]},{"@type":"ImageObject","inLanguage":"pt-PT","@id":"https:\/\/algarve7.pt\/index.php\/2021\/12\/municipio-congratula-se-com-a-resolucao-da-assembleia-da-republica-sobre-a-construcao-do-novo-hospital-de-lagos\/saude\/10\/05\/#primaryimage","url":"https:\/\/algarve7.pt\/wp-content\/uploads\/2021\/12\/Fachada-Hospital-Lagos_OCS.jpg","contentUrl":"https:\/\/algarve7.pt\/wp-content\/uploads\/2021\/12\/Fachada-Hospital-Lagos_OCS.jpg","width":1200,"height":800,"caption":"Fachada Hospital de Lagos"},{"@type":"BreadcrumbList","@id":"https:\/\/algarve7.pt\/index.php\/2021\/12\/municipio-congratula-se-com-a-resolucao-da-assembleia-da-republica-sobre-a-construcao-do-novo-hospital-de-lagos\/saude\/10\/05\/#breadcrumb","itemListElement":[{"@type":"ListItem","position":1,"name":"In\u00edcio","item":"https:\/\/algarve7.pt\/"},{"@type":"ListItem","position":2,"name":"Munic\u00edpio congratula-se com a Resolu\u00e7\u00e3o da Assembleia da Rep\u00fablica sobre a constru\u00e7\u00e3o do novo Hospital de Lagos"}]},{"@type":"WebSite","@id":"https:\/\/algarve7.pt\/#website","url":"https:\/\/algarve7.pt\/","name":"Algarve 7","description":"Informa\u00e7\u00e3o sobre o Algarve","publisher":{"@id":"https:\/\/algarve7.pt\/#organization"},"potentialAction":[{"@type":"SearchAction","target":{"@type":"EntryPoint","urlTemplate":"https:\/\/algarve7.pt\/?s={search_term_string}"},"query-input":{"@type":"PropertyValueSpecification","valueRequired":true,"valueName":"search_term_string"}}],"inLanguage":"pt-PT"},{"@type":"Organization","@id":"https:\/\/algarve7.pt\/#organization","name":"Algarve 7","url":"https:\/\/algarve7.pt\/","logo":{"@type":"ImageObject","inLanguage":"pt-PT","@id":"https:\/\/algarve7.pt\/#\/schema\/logo\/image\/","url":"https:\/\/algarve7.pt\/wp-content\/uploads\/2020\/10\/Logo-8.jpg","contentUrl":"https:\/\/algarve7.pt\/wp-content\/uploads\/2020\/10\/Logo-8.jpg","width":1680,"height":1186,"caption":"Algarve 7"},"image":{"@id":"https:\/\/algarve7.pt\/#\/schema\/logo\/image\/"},"sameAs":["https:\/\/www.facebook.com\/algarve7","https:\/\/x.com\/Algarvesete","https:\/\/www.instagram.com\/jornalalgarve7\/","https:\/\/www.linkedin.com\/company\/algarve7","https:\/\/www.pinterest.pt\/geral0939\/_created\/"]},{"@type":"Person","@id":"https:\/\/algarve7.pt\/#\/schema\/person\/23fa70681308e7b319a3204bcea45e0c","name":"Algarve 7","sameAs":["https:\/\/algarve7.pt","https:\/\/www.facebook.com\/algarve7"],"url":"https:\/\/algarve7.pt\/index.php\/author\/geralalgarve7-pt\/"}]}},"jetpack_publicize_connections":[],"jetpack_featured_media_url":"https:\/\/algarve7.pt\/wp-content\/uploads\/2021\/12\/Fachada-Hospital-Lagos_OCS.jpg","jetpack_shortlink":"https:\/\/wp.me\/pcezmW-3Bl","jetpack_sharing_enabled":true,"_links":{"self":[{"href":"https:\/\/algarve7.pt\/index.php\/wp-json\/wp\/v2\/posts\/13847","targetHints":{"allow":["GET"]}}],"collection":[{"href":"https:\/\/algarve7.pt\/index.php\/wp-json\/wp\/v2\/posts"}],"about":[{"href":"https:\/\/algarve7.pt\/index.php\/wp-json\/wp\/v2\/types\/post"}],"author":[{"embeddable":true,"href":"https:\/\/algarve7.pt\/index.php\/wp-json\/wp\/v2\/users\/1"}],"replies":[{"embeddable":true,"href":"https:\/\/algarve7.pt\/index.php\/wp-json\/wp\/v2\/comments?post=13847"}],"version-history":[{"count":0,"href":"https:\/\/algarve7.pt\/index.php\/wp-json\/wp\/v2\/posts\/13847\/revisions"}],"wp:featuredmedia":[{"embeddable":true,"href":"https:\/\/algarve7.pt\/index.php\/wp-json\/wp\/v2\/media\/13848"}],"wp:attachment":[{"href":"https:\/\/algarve7.pt\/index.php\/wp-json\/wp\/v2\/media?parent=13847"}],"wp:term":[{"taxonomy":"category","embeddable":true,"href":"https:\/\/algarve7.pt\/index.php\/wp-json\/wp\/v2\/categories?post=13847"},{"taxonomy":"post_tag","embeddable":true,"href":"https:\/\/algarve7.pt\/index.php\/wp-json\/wp\/v2\/tags?post=13847"}],"curies":[{"name":"wp","href":"https:\/\/api.w.org\/{rel}","templated":true}]}}