{"id":13729,"date":"2021-12-03T14:38:31","date_gmt":"2021-12-03T14:38:31","guid":{"rendered":"https:\/\/algarve7.pt\/?p=13729"},"modified":"2021-12-03T14:38:35","modified_gmt":"2021-12-03T14:38:35","slug":"esta-a-nascer-em-loule-um-resort-sustentavel-inspirado-em-aldeia-algarvia","status":"publish","type":"post","link":"https:\/\/algarve7.pt\/index.php\/2021\/12\/esta-a-nascer-em-loule-um-resort-sustentavel-inspirado-em-aldeia-algarvia\/turismo\/14\/38\/","title":{"rendered":"Est\u00e1 a nascer em Loul\u00e9 um resort sustent\u00e1vel inspirado em aldeia algarvia"},"content":{"rendered":"\n<p>O Algarve n\u00e3o \u00e9 para desfrutar apenas nos meses de ver\u00e3o. \u00c9 para desfrutar todo o ano. \u00c9 este o mote do Ombria Resort, um projeto de imobili\u00e1rio de luxo, em harmonia com a natureza, pioneiro de uma nova gera\u00e7\u00e3o de resorts de baixa densidade, em que a sustentabilidade, o apoio ao meio ambiente e \u00e0 comunidade local s\u00e3o prioridades. Arquiteto inspirou-se em aldeia algarvia<\/p>\n\n\n\n<p>\u201cCarved by Nature\u201d\u2013\u00a0inserido numa paisagem aut\u00eantica, rodeado pela natureza, em contacto com o Algarve genu\u00edno e parceiro da comunidade local\u00a0\u2013\u00a0o Ombria Resort \u00e9 pioneiro de uma nova gera\u00e7\u00e3o de resorts de baixa densidade.<br>A nascer como um destino \u00edmpar, com o intuito de cativar quem valoriza o \u201cslow living\u201d, o\u00a0Ombria Resort pretende oferece uma filosofia de vida que convida a viver de forma desacelerada e a usufruir do que de melhor a natureza tem para oferecer.<\/p>\n\n\n\n<p>No Ombria Resort, do grupo finland\u00eas Pontos, com abertura no segundo semestre de 2022, promove-se a autenticidade local, a liga\u00e7\u00e3o&nbsp;\u00e0&nbsp;natureza, com forte consci\u00eancia ambiental. Aqui, o verdadeiro luxo \u00e9 o tempo para apreciar os momentos em fam\u00edlia, a natureza, os amigos, identificar a beleza e a qualidade das coisas simples.<\/p>\n\n\n\n<p>Inserido em 153 hectares de natureza em estado puro, por entre serras e colinas suaves, ribeiras e florestas de \u00e1rvores exuberantes, o Ombria Resort re\u00fane o melhor do campo, a proximidade ao litoral e as liga\u00e7\u00f5es com o exterior. Localizado no interior do Algarve, a 7km a norte de Loul\u00e9 e a 20km das praias e do aeroporto de Faro \u00e9 o destino ideal para viver o Algarve muito para al\u00e9m do ver\u00e3o. O Ombria Resort \u00e9 um destino para todo o ano ou como desfrutar do Algarve em grande parte do ano.<\/p>\n\n\n\n<p>O conceito e design de baixa densidade, a utiliza\u00e7\u00e3o das t\u00e9cnicas da arquitetura bioclim\u00e1tica para aproveitar melhor as condi\u00e7\u00f5es clim\u00e1ticas, o uso de fontes de energias renov\u00e1veis, a certifica\u00e7\u00e3o energ\u00e9tica e ambiental e o respeito pelo meio ambiente e a tradi\u00e7\u00e3o local s\u00e3o os princ\u00edpios fundamentais do Ombria Resort.<\/p>\n\n\n\n<p><strong>Uma aldeia algarvia como inspira\u00e7\u00e3o<\/strong><\/p>\n\n\n\n<p>Com um \u00edndice de constru\u00e7\u00e3o de apenas 3,5% de \u00e1rea &#8211; o que o torna num dos empreendimentos com mais baixa densidade de constru\u00e7\u00e3o na Europa&nbsp;\u2013&nbsp;tem como imagem de marca a recria\u00e7\u00e3o de uma aldeia algarvia no topo de uma das colinas, onde haver\u00e1 lugar para a torre sineira e para uma grande pra\u00e7a, que ser\u00e1 o palco central de uma agenda de eventos que dar\u00e3o vida ao resort ao longo de todo o ano.<\/p>\n\n\n\n<p>\u00c9 isso mesmo que explica o arquiteto Jo\u00e3o Perloiro, do atelier de arquitetura Promont\u00f3rio, respons\u00e1vel pelo projeto:&nbsp;<strong>\u201c<\/strong><strong>O conceito desenvolvido procura uma identidade baseada na recria\u00e7\u00e3o da imagem de uma aldeia serrana do barrocal algarvio, simulando o seu crescimento natural ao longo do tempo, atrav\u00e9s da sucessiva adi\u00e7\u00e3o de pequenos edif\u00edcios, que se v\u00e3o adaptando \u00e0 morfologia e \u00e0 topografia do lugar. A colina do hotel do Ombria Resort assemelha-se ao aglomerado urbano de Queren\u00e7a, em que as constru\u00e7\u00f5es ladeiam a encosta, tirando partido das vistas e da exposi\u00e7\u00e3o solar.<\/strong><\/p>\n\n\n\n<figure class=\"wp-block-table\"><table><tbody><tr><td><strong>A utiliza\u00e7\u00e3o de elementos decorativos, azulejos feitos \u00e0 m\u00e3o e chamin\u00e9s de terracota, bem como corrim\u00f5es e balaustradas met\u00e1licas rendadas, introduzem uma diversidade e riqueza no desenho que \u00e9 ao mesmo tempo coeso e aut\u00eantico. Modestamente ornamental, inspira- se no imagin\u00e1rio do regionalismo cr\u00edtico dos p\u00f3s-guerra de figuras como Fernand Pouillon, Rudolf Olgiati ou Fern\u00e1ndez del Amo, na tentativa de conciliar uma expressividade<\/strong><\/td><\/tr><tr><td><strong>contempor\u00e2nea com as inflex\u00f5es regionais trazidas pela cultura, paisagem e clima<\/strong><strong>\u201d<\/strong>.No Ombria Resort, os v\u00e1rios edif\u00edcios que formam o conjunto do Hotel e Clube de Golfe partilham a mesma linguagem arquitet\u00f3nica baseada na evolu\u00e7\u00e3o das casas populares algarvias para edif\u00edcios contempor\u00e2neos, misturando os materiais e linguagens. Essas caracter\u00edsticas s\u00e3o dadas, explica Jo\u00e3o Perloiro<strong>, \u201c<\/strong><strong>pela mesma express\u00e3o das arcadas e das galerias, pelas diversas formas dos volumes das coberturas inclinadas e dos remates dos<\/strong><\/td><\/tr><\/tbody><\/table><\/figure>\n\n\n\n<figure class=\"wp-block-table\"><table><tbody><tr><td><strong>beirados, pelas molduras dos v\u00e3os e dos cunhais, pela pedra dos muros e dos embasamentos, e todos os materiais de constru\u00e7\u00e3o e suas cores<\/strong><strong>\u201d<\/strong>. E acrescenta<strong>:&nbsp;<\/strong>\u201c<strong>Esteticamente, os volumes simples de telhados de duas \u00e1guas, que constituem a maior parte do conjunto, s\u00e3o inspirados numa leitura da arquitetura vernacular das aldeias do Algarve. O r\u00e9s-do-ch\u00e3o, constru\u00eddo em bet\u00e3o pigmentado de cor semelhante \u00e0 do solo envolvente, numa t\u00e9cnica evocativa da taipa, reduz a perce\u00e7\u00e3o visual da altura de tr\u00eas para dois andares<\/strong><strong>\u201d<\/strong>.Para o arquiteto da Promont\u00f3rio foi tamb\u00e9m desafiante o facto de o resort se localizar no cume de uma colina exposta a noroeste e sudeste.&nbsp;<strong>\u201cA localiza\u00e7\u00e3o tornou o desenho&nbsp;<\/strong><strong>desafiante, na medida em que obrigou a conciliar o sistema de vistas com a otimiza\u00e7\u00e3o da exposi\u00e7\u00e3o solar. O desenho proposto foi morfologicamente concebido como uma aldeia em que um conjunto de volumes informais de dois e tr\u00eas pisos se dissolve na paisagem<\/strong><\/td><\/tr><tr><td><strong>adaptando-se suavemente aos contornos da topografia, em diferentes socalcos.<br><\/strong><strong>Todo o sistema do hotel \u00e9 baseado num \u201cn\u00facleo central\u201d ao redor de uma pra\u00e7a e uma torre&nbsp;<\/strong><strong>sineira, que cont\u00e9m todos os servi\u00e7os e equipamentos (rece\u00e7\u00e3o, lobby, restaurantes, bar, piscinas, \u00e1reas para reuni\u00f5es), a partir de onde a p\u00e9 ou de&nbsp;<\/strong><strong><em>golf carts&nbsp;<\/em><\/strong><strong>el\u00e9ctricos, os h\u00f3spedes ir\u00e3o aceder \u00e0s diferentes unidades de alojamento, ficando os autom\u00f3veis estacionados em cave atrav\u00e9s de um servi\u00e7o de&nbsp;<\/strong><strong><em>valet parking<\/em><\/strong><strong>\u201d<\/strong>.<br>Por outro lado, o arquiteto tamb\u00e9m apostou na utiliza\u00e7\u00e3o de materiais regionais e nacionais, tais como pedras, tijoleiras, rebocos, e isolamentos tendo em vista criar um elevado grau de sustentabilidade nos processos de transporte e transforma\u00e7\u00e3o.<\/td><\/tr><\/tbody><\/table><\/figure>\n\n\n\n<p>O que vai ao encontro da filosofia de todo o projeto que pretende a cria\u00e7\u00e3o de um novo destino de luxo sustent\u00e1vel, promovendo e apoiando o interior do Algarve, contribuindo para a economia local, valorizando a regi\u00e3o e as tradi\u00e7\u00f5es culturais, apoiando os artes\u00e3os locais e o seu conhecimento dos materiais e das tradi\u00e7\u00f5es.<\/p>\n","protected":false},"excerpt":{"rendered":"<p>O Algarve n\u00e3o \u00e9 para desfrutar apenas nos meses de ver\u00e3o. \u00c9 para desfrutar todo o ano. \u00c9 este o<\/p>\n","protected":false},"author":1,"featured_media":13731,"comment_status":"open","ping_status":"open","sticky":false,"template":"","format":"standard","meta":{"colormag_page_container_layout":"default_layout","colormag_page_sidebar_layout":"default_layout","_monsterinsights_skip_tracking":false,"_monsterinsights_sitenote_active":false,"_monsterinsights_sitenote_note":"","_monsterinsights_sitenote_category":0,"jetpack_post_was_ever_published":false,"_jetpack_newsletter_access":"","_jetpack_dont_email_post_to_subs":false,"_jetpack_newsletter_tier_id":0,"_jetpack_memberships_contains_paywalled_content":false,"_jetpack_memberships_contains_paid_content":false,"footnotes":"","jetpack_publicize_message":"","jetpack_publicize_feature_enabled":true,"jetpack_social_post_already_shared":true,"jetpack_social_options":{"image_generator_settings":{"template":"highway","default_image_id":0,"font":"","enabled":false},"version":2}},"categories":[17],"tags":[36,31,545,45],"class_list":["post-13729","post","type-post","status-publish","format-standard","has-post-thumbnail","hentry","category-turismo","tag-algarve","tag-loule","tag-ombria-resort","tag-turismo"],"yoast_head":"<!-- This site is optimized with the Yoast SEO plugin v27.5 - https:\/\/yoast.com\/product\/yoast-seo-wordpress\/ -->\n<title>Est\u00e1 a nascer em Loul\u00e9 um resort sustent\u00e1vel inspirado em aldeia algarvia - Algarve 7<\/title>\n<meta name=\"description\" content=\"Est\u00e1 a nascer em Loul\u00e9 um resort sustent\u00e1vel inspirado em aldeia algarvia Turismo\" \/>\n<meta name=\"robots\" content=\"index, follow, max-snippet:-1, max-image-preview:large, max-video-preview:-1\" \/>\n<link rel=\"canonical\" href=\"https:\/\/algarve7.pt\/index.php\/2021\/12\/esta-a-nascer-em-loule-um-resort-sustentavel-inspirado-em-aldeia-algarvia\/turismo\/14\/38\/\" \/>\n<meta property=\"og:locale\" content=\"pt_PT\" \/>\n<meta property=\"og:type\" content=\"article\" \/>\n<meta property=\"og:title\" content=\"Est\u00e1 a nascer em Loul\u00e9 um resort sustent\u00e1vel inspirado em aldeia algarvia - Algarve 7\" \/>\n<meta property=\"og:description\" content=\"Est\u00e1 a nascer em Loul\u00e9 um resort sustent\u00e1vel inspirado em aldeia algarvia Turismo\" \/>\n<meta property=\"og:url\" content=\"https:\/\/algarve7.pt\/index.php\/2021\/12\/esta-a-nascer-em-loule-um-resort-sustentavel-inspirado-em-aldeia-algarvia\/turismo\/14\/38\/\" \/>\n<meta property=\"og:site_name\" content=\"Algarve 7\" \/>\n<meta property=\"article:publisher\" content=\"https:\/\/www.facebook.com\/algarve7\" \/>\n<meta property=\"article:author\" content=\"https:\/\/www.facebook.com\/algarve7\" \/>\n<meta property=\"article:published_time\" content=\"2021-12-03T14:38:31+00:00\" \/>\n<meta property=\"article:modified_time\" content=\"2021-12-03T14:38:35+00:00\" \/>\n<meta property=\"og:image\" content=\"https:\/\/algarve7.pt\/wp-content\/uploads\/2021\/12\/Hotel_Residences_Overview_4.jpg\" \/>\n\t<meta property=\"og:image:width\" content=\"1490\" \/>\n\t<meta property=\"og:image:height\" content=\"1055\" \/>\n\t<meta property=\"og:image:type\" content=\"image\/jpeg\" \/>\n<meta name=\"author\" content=\"Algarve 7\" \/>\n<meta name=\"twitter:card\" content=\"summary_large_image\" \/>\n<meta name=\"twitter:creator\" content=\"@Algarvesete\" \/>\n<meta name=\"twitter:site\" content=\"@Algarvesete\" \/>\n<meta name=\"twitter:label1\" content=\"Escrito por\" \/>\n\t<meta name=\"twitter:data1\" content=\"Algarve 7\" \/>\n\t<meta name=\"twitter:label2\" content=\"Tempo estimado de leitura\" \/>\n\t<meta name=\"twitter:data2\" content=\"5 minutos\" \/>\n<script type=\"application\/ld+json\" class=\"yoast-schema-graph\">{\"@context\":\"https:\\\/\\\/schema.org\",\"@graph\":[{\"@type\":\"Article\",\"@id\":\"https:\\\/\\\/algarve7.pt\\\/index.php\\\/2021\\\/12\\\/esta-a-nascer-em-loule-um-resort-sustentavel-inspirado-em-aldeia-algarvia\\\/turismo\\\/14\\\/38\\\/#article\",\"isPartOf\":{\"@id\":\"https:\\\/\\\/algarve7.pt\\\/index.php\\\/2021\\\/12\\\/esta-a-nascer-em-loule-um-resort-sustentavel-inspirado-em-aldeia-algarvia\\\/turismo\\\/14\\\/38\\\/\"},\"author\":{\"name\":\"Algarve 7\",\"@id\":\"https:\\\/\\\/algarve7.pt\\\/#\\\/schema\\\/person\\\/23fa70681308e7b319a3204bcea45e0c\"},\"headline\":\"Est\u00e1 a nascer em Loul\u00e9 um resort sustent\u00e1vel inspirado em aldeia algarvia\",\"datePublished\":\"2021-12-03T14:38:31+00:00\",\"dateModified\":\"2021-12-03T14:38:35+00:00\",\"mainEntityOfPage\":{\"@id\":\"https:\\\/\\\/algarve7.pt\\\/index.php\\\/2021\\\/12\\\/esta-a-nascer-em-loule-um-resort-sustentavel-inspirado-em-aldeia-algarvia\\\/turismo\\\/14\\\/38\\\/\"},\"wordCount\":1076,\"commentCount\":0,\"publisher\":{\"@id\":\"https:\\\/\\\/algarve7.pt\\\/#organization\"},\"image\":{\"@id\":\"https:\\\/\\\/algarve7.pt\\\/index.php\\\/2021\\\/12\\\/esta-a-nascer-em-loule-um-resort-sustentavel-inspirado-em-aldeia-algarvia\\\/turismo\\\/14\\\/38\\\/#primaryimage\"},\"thumbnailUrl\":\"https:\\\/\\\/algarve7.pt\\\/wp-content\\\/uploads\\\/2021\\\/12\\\/Hotel_Residences_Overview_4.jpg\",\"keywords\":[\"Algarve\",\"Loul\u00e9\",\"Ombria Resort\",\"Turismo\"],\"articleSection\":[\"Turismo\"],\"inLanguage\":\"pt-PT\",\"potentialAction\":[{\"@type\":\"CommentAction\",\"name\":\"Comment\",\"target\":[\"https:\\\/\\\/algarve7.pt\\\/index.php\\\/2021\\\/12\\\/esta-a-nascer-em-loule-um-resort-sustentavel-inspirado-em-aldeia-algarvia\\\/turismo\\\/14\\\/38\\\/#respond\"]}]},{\"@type\":\"WebPage\",\"@id\":\"https:\\\/\\\/algarve7.pt\\\/index.php\\\/2021\\\/12\\\/esta-a-nascer-em-loule-um-resort-sustentavel-inspirado-em-aldeia-algarvia\\\/turismo\\\/14\\\/38\\\/\",\"url\":\"https:\\\/\\\/algarve7.pt\\\/index.php\\\/2021\\\/12\\\/esta-a-nascer-em-loule-um-resort-sustentavel-inspirado-em-aldeia-algarvia\\\/turismo\\\/14\\\/38\\\/\",\"name\":\"Est\u00e1 a nascer em Loul\u00e9 um resort sustent\u00e1vel inspirado em aldeia algarvia - Algarve 7\",\"isPartOf\":{\"@id\":\"https:\\\/\\\/algarve7.pt\\\/#website\"},\"primaryImageOfPage\":{\"@id\":\"https:\\\/\\\/algarve7.pt\\\/index.php\\\/2021\\\/12\\\/esta-a-nascer-em-loule-um-resort-sustentavel-inspirado-em-aldeia-algarvia\\\/turismo\\\/14\\\/38\\\/#primaryimage\"},\"image\":{\"@id\":\"https:\\\/\\\/algarve7.pt\\\/index.php\\\/2021\\\/12\\\/esta-a-nascer-em-loule-um-resort-sustentavel-inspirado-em-aldeia-algarvia\\\/turismo\\\/14\\\/38\\\/#primaryimage\"},\"thumbnailUrl\":\"https:\\\/\\\/algarve7.pt\\\/wp-content\\\/uploads\\\/2021\\\/12\\\/Hotel_Residences_Overview_4.jpg\",\"datePublished\":\"2021-12-03T14:38:31+00:00\",\"dateModified\":\"2021-12-03T14:38:35+00:00\",\"description\":\"Est\u00e1 a nascer em Loul\u00e9 um resort sustent\u00e1vel inspirado em aldeia algarvia Turismo\",\"breadcrumb\":{\"@id\":\"https:\\\/\\\/algarve7.pt\\\/index.php\\\/2021\\\/12\\\/esta-a-nascer-em-loule-um-resort-sustentavel-inspirado-em-aldeia-algarvia\\\/turismo\\\/14\\\/38\\\/#breadcrumb\"},\"inLanguage\":\"pt-PT\",\"potentialAction\":[{\"@type\":\"ReadAction\",\"target\":[\"https:\\\/\\\/algarve7.pt\\\/index.php\\\/2021\\\/12\\\/esta-a-nascer-em-loule-um-resort-sustentavel-inspirado-em-aldeia-algarvia\\\/turismo\\\/14\\\/38\\\/\"]}]},{\"@type\":\"ImageObject\",\"inLanguage\":\"pt-PT\",\"@id\":\"https:\\\/\\\/algarve7.pt\\\/index.php\\\/2021\\\/12\\\/esta-a-nascer-em-loule-um-resort-sustentavel-inspirado-em-aldeia-algarvia\\\/turismo\\\/14\\\/38\\\/#primaryimage\",\"url\":\"https:\\\/\\\/algarve7.pt\\\/wp-content\\\/uploads\\\/2021\\\/12\\\/Hotel_Residences_Overview_4.jpg\",\"contentUrl\":\"https:\\\/\\\/algarve7.pt\\\/wp-content\\\/uploads\\\/2021\\\/12\\\/Hotel_Residences_Overview_4.jpg\",\"width\":1490,\"height\":1055},{\"@type\":\"BreadcrumbList\",\"@id\":\"https:\\\/\\\/algarve7.pt\\\/index.php\\\/2021\\\/12\\\/esta-a-nascer-em-loule-um-resort-sustentavel-inspirado-em-aldeia-algarvia\\\/turismo\\\/14\\\/38\\\/#breadcrumb\",\"itemListElement\":[{\"@type\":\"ListItem\",\"position\":1,\"name\":\"In\u00edcio\",\"item\":\"https:\\\/\\\/algarve7.pt\\\/\"},{\"@type\":\"ListItem\",\"position\":2,\"name\":\"Est\u00e1 a nascer em Loul\u00e9 um resort sustent\u00e1vel inspirado em aldeia algarvia\"}]},{\"@type\":\"WebSite\",\"@id\":\"https:\\\/\\\/algarve7.pt\\\/#website\",\"url\":\"https:\\\/\\\/algarve7.pt\\\/\",\"name\":\"Algarve 7\",\"description\":\"Informa\u00e7\u00e3o sobre o Algarve\",\"publisher\":{\"@id\":\"https:\\\/\\\/algarve7.pt\\\/#organization\"},\"potentialAction\":[{\"@type\":\"SearchAction\",\"target\":{\"@type\":\"EntryPoint\",\"urlTemplate\":\"https:\\\/\\\/algarve7.pt\\\/?s={search_term_string}\"},\"query-input\":{\"@type\":\"PropertyValueSpecification\",\"valueRequired\":true,\"valueName\":\"search_term_string\"}}],\"inLanguage\":\"pt-PT\"},{\"@type\":\"Organization\",\"@id\":\"https:\\\/\\\/algarve7.pt\\\/#organization\",\"name\":\"Algarve 7\",\"url\":\"https:\\\/\\\/algarve7.pt\\\/\",\"logo\":{\"@type\":\"ImageObject\",\"inLanguage\":\"pt-PT\",\"@id\":\"https:\\\/\\\/algarve7.pt\\\/#\\\/schema\\\/logo\\\/image\\\/\",\"url\":\"https:\\\/\\\/algarve7.pt\\\/wp-content\\\/uploads\\\/2020\\\/10\\\/Logo-8.jpg\",\"contentUrl\":\"https:\\\/\\\/algarve7.pt\\\/wp-content\\\/uploads\\\/2020\\\/10\\\/Logo-8.jpg\",\"width\":1680,\"height\":1186,\"caption\":\"Algarve 7\"},\"image\":{\"@id\":\"https:\\\/\\\/algarve7.pt\\\/#\\\/schema\\\/logo\\\/image\\\/\"},\"sameAs\":[\"https:\\\/\\\/www.facebook.com\\\/algarve7\",\"https:\\\/\\\/x.com\\\/Algarvesete\",\"https:\\\/\\\/www.instagram.com\\\/jornalalgarve7\\\/\",\"https:\\\/\\\/www.linkedin.com\\\/company\\\/algarve7\",\"https:\\\/\\\/www.pinterest.pt\\\/geral0939\\\/_created\\\/\"]},{\"@type\":\"Person\",\"@id\":\"https:\\\/\\\/algarve7.pt\\\/#\\\/schema\\\/person\\\/23fa70681308e7b319a3204bcea45e0c\",\"name\":\"Algarve 7\",\"sameAs\":[\"https:\\\/\\\/algarve7.pt\",\"https:\\\/\\\/www.facebook.com\\\/algarve7\"],\"url\":\"https:\\\/\\\/algarve7.pt\\\/index.php\\\/author\\\/geralalgarve7-pt\\\/\"}]}<\/script>\n<!-- \/ Yoast SEO plugin. -->","yoast_head_json":{"title":"Est\u00e1 a nascer em Loul\u00e9 um resort sustent\u00e1vel inspirado em aldeia algarvia - Algarve 7","description":"Est\u00e1 a nascer em Loul\u00e9 um resort sustent\u00e1vel inspirado em aldeia algarvia Turismo","robots":{"index":"index","follow":"follow","max-snippet":"max-snippet:-1","max-image-preview":"max-image-preview:large","max-video-preview":"max-video-preview:-1"},"canonical":"https:\/\/algarve7.pt\/index.php\/2021\/12\/esta-a-nascer-em-loule-um-resort-sustentavel-inspirado-em-aldeia-algarvia\/turismo\/14\/38\/","og_locale":"pt_PT","og_type":"article","og_title":"Est\u00e1 a nascer em Loul\u00e9 um resort sustent\u00e1vel inspirado em aldeia algarvia - Algarve 7","og_description":"Est\u00e1 a nascer em Loul\u00e9 um resort sustent\u00e1vel inspirado em aldeia algarvia Turismo","og_url":"https:\/\/algarve7.pt\/index.php\/2021\/12\/esta-a-nascer-em-loule-um-resort-sustentavel-inspirado-em-aldeia-algarvia\/turismo\/14\/38\/","og_site_name":"Algarve 7","article_publisher":"https:\/\/www.facebook.com\/algarve7","article_author":"https:\/\/www.facebook.com\/algarve7","article_published_time":"2021-12-03T14:38:31+00:00","article_modified_time":"2021-12-03T14:38:35+00:00","og_image":[{"width":1490,"height":1055,"url":"https:\/\/algarve7.pt\/wp-content\/uploads\/2021\/12\/Hotel_Residences_Overview_4.jpg","type":"image\/jpeg"}],"author":"Algarve 7","twitter_card":"summary_large_image","twitter_creator":"@Algarvesete","twitter_site":"@Algarvesete","twitter_misc":{"Escrito por":"Algarve 7","Tempo estimado de leitura":"5 minutos"},"schema":{"@context":"https:\/\/schema.org","@graph":[{"@type":"Article","@id":"https:\/\/algarve7.pt\/index.php\/2021\/12\/esta-a-nascer-em-loule-um-resort-sustentavel-inspirado-em-aldeia-algarvia\/turismo\/14\/38\/#article","isPartOf":{"@id":"https:\/\/algarve7.pt\/index.php\/2021\/12\/esta-a-nascer-em-loule-um-resort-sustentavel-inspirado-em-aldeia-algarvia\/turismo\/14\/38\/"},"author":{"name":"Algarve 7","@id":"https:\/\/algarve7.pt\/#\/schema\/person\/23fa70681308e7b319a3204bcea45e0c"},"headline":"Est\u00e1 a nascer em Loul\u00e9 um resort sustent\u00e1vel inspirado em aldeia algarvia","datePublished":"2021-12-03T14:38:31+00:00","dateModified":"2021-12-03T14:38:35+00:00","mainEntityOfPage":{"@id":"https:\/\/algarve7.pt\/index.php\/2021\/12\/esta-a-nascer-em-loule-um-resort-sustentavel-inspirado-em-aldeia-algarvia\/turismo\/14\/38\/"},"wordCount":1076,"commentCount":0,"publisher":{"@id":"https:\/\/algarve7.pt\/#organization"},"image":{"@id":"https:\/\/algarve7.pt\/index.php\/2021\/12\/esta-a-nascer-em-loule-um-resort-sustentavel-inspirado-em-aldeia-algarvia\/turismo\/14\/38\/#primaryimage"},"thumbnailUrl":"https:\/\/algarve7.pt\/wp-content\/uploads\/2021\/12\/Hotel_Residences_Overview_4.jpg","keywords":["Algarve","Loul\u00e9","Ombria Resort","Turismo"],"articleSection":["Turismo"],"inLanguage":"pt-PT","potentialAction":[{"@type":"CommentAction","name":"Comment","target":["https:\/\/algarve7.pt\/index.php\/2021\/12\/esta-a-nascer-em-loule-um-resort-sustentavel-inspirado-em-aldeia-algarvia\/turismo\/14\/38\/#respond"]}]},{"@type":"WebPage","@id":"https:\/\/algarve7.pt\/index.php\/2021\/12\/esta-a-nascer-em-loule-um-resort-sustentavel-inspirado-em-aldeia-algarvia\/turismo\/14\/38\/","url":"https:\/\/algarve7.pt\/index.php\/2021\/12\/esta-a-nascer-em-loule-um-resort-sustentavel-inspirado-em-aldeia-algarvia\/turismo\/14\/38\/","name":"Est\u00e1 a nascer em Loul\u00e9 um resort sustent\u00e1vel inspirado em aldeia algarvia - Algarve 7","isPartOf":{"@id":"https:\/\/algarve7.pt\/#website"},"primaryImageOfPage":{"@id":"https:\/\/algarve7.pt\/index.php\/2021\/12\/esta-a-nascer-em-loule-um-resort-sustentavel-inspirado-em-aldeia-algarvia\/turismo\/14\/38\/#primaryimage"},"image":{"@id":"https:\/\/algarve7.pt\/index.php\/2021\/12\/esta-a-nascer-em-loule-um-resort-sustentavel-inspirado-em-aldeia-algarvia\/turismo\/14\/38\/#primaryimage"},"thumbnailUrl":"https:\/\/algarve7.pt\/wp-content\/uploads\/2021\/12\/Hotel_Residences_Overview_4.jpg","datePublished":"2021-12-03T14:38:31+00:00","dateModified":"2021-12-03T14:38:35+00:00","description":"Est\u00e1 a nascer em Loul\u00e9 um resort sustent\u00e1vel inspirado em aldeia algarvia Turismo","breadcrumb":{"@id":"https:\/\/algarve7.pt\/index.php\/2021\/12\/esta-a-nascer-em-loule-um-resort-sustentavel-inspirado-em-aldeia-algarvia\/turismo\/14\/38\/#breadcrumb"},"inLanguage":"pt-PT","potentialAction":[{"@type":"ReadAction","target":["https:\/\/algarve7.pt\/index.php\/2021\/12\/esta-a-nascer-em-loule-um-resort-sustentavel-inspirado-em-aldeia-algarvia\/turismo\/14\/38\/"]}]},{"@type":"ImageObject","inLanguage":"pt-PT","@id":"https:\/\/algarve7.pt\/index.php\/2021\/12\/esta-a-nascer-em-loule-um-resort-sustentavel-inspirado-em-aldeia-algarvia\/turismo\/14\/38\/#primaryimage","url":"https:\/\/algarve7.pt\/wp-content\/uploads\/2021\/12\/Hotel_Residences_Overview_4.jpg","contentUrl":"https:\/\/algarve7.pt\/wp-content\/uploads\/2021\/12\/Hotel_Residences_Overview_4.jpg","width":1490,"height":1055},{"@type":"BreadcrumbList","@id":"https:\/\/algarve7.pt\/index.php\/2021\/12\/esta-a-nascer-em-loule-um-resort-sustentavel-inspirado-em-aldeia-algarvia\/turismo\/14\/38\/#breadcrumb","itemListElement":[{"@type":"ListItem","position":1,"name":"In\u00edcio","item":"https:\/\/algarve7.pt\/"},{"@type":"ListItem","position":2,"name":"Est\u00e1 a nascer em Loul\u00e9 um resort sustent\u00e1vel inspirado em aldeia algarvia"}]},{"@type":"WebSite","@id":"https:\/\/algarve7.pt\/#website","url":"https:\/\/algarve7.pt\/","name":"Algarve 7","description":"Informa\u00e7\u00e3o sobre o Algarve","publisher":{"@id":"https:\/\/algarve7.pt\/#organization"},"potentialAction":[{"@type":"SearchAction","target":{"@type":"EntryPoint","urlTemplate":"https:\/\/algarve7.pt\/?s={search_term_string}"},"query-input":{"@type":"PropertyValueSpecification","valueRequired":true,"valueName":"search_term_string"}}],"inLanguage":"pt-PT"},{"@type":"Organization","@id":"https:\/\/algarve7.pt\/#organization","name":"Algarve 7","url":"https:\/\/algarve7.pt\/","logo":{"@type":"ImageObject","inLanguage":"pt-PT","@id":"https:\/\/algarve7.pt\/#\/schema\/logo\/image\/","url":"https:\/\/algarve7.pt\/wp-content\/uploads\/2020\/10\/Logo-8.jpg","contentUrl":"https:\/\/algarve7.pt\/wp-content\/uploads\/2020\/10\/Logo-8.jpg","width":1680,"height":1186,"caption":"Algarve 7"},"image":{"@id":"https:\/\/algarve7.pt\/#\/schema\/logo\/image\/"},"sameAs":["https:\/\/www.facebook.com\/algarve7","https:\/\/x.com\/Algarvesete","https:\/\/www.instagram.com\/jornalalgarve7\/","https:\/\/www.linkedin.com\/company\/algarve7","https:\/\/www.pinterest.pt\/geral0939\/_created\/"]},{"@type":"Person","@id":"https:\/\/algarve7.pt\/#\/schema\/person\/23fa70681308e7b319a3204bcea45e0c","name":"Algarve 7","sameAs":["https:\/\/algarve7.pt","https:\/\/www.facebook.com\/algarve7"],"url":"https:\/\/algarve7.pt\/index.php\/author\/geralalgarve7-pt\/"}]}},"jetpack_publicize_connections":[],"jetpack_featured_media_url":"https:\/\/algarve7.pt\/wp-content\/uploads\/2021\/12\/Hotel_Residences_Overview_4.jpg","jetpack_shortlink":"https:\/\/wp.me\/pcezmW-3zr","jetpack_sharing_enabled":true,"_links":{"self":[{"href":"https:\/\/algarve7.pt\/index.php\/wp-json\/wp\/v2\/posts\/13729","targetHints":{"allow":["GET"]}}],"collection":[{"href":"https:\/\/algarve7.pt\/index.php\/wp-json\/wp\/v2\/posts"}],"about":[{"href":"https:\/\/algarve7.pt\/index.php\/wp-json\/wp\/v2\/types\/post"}],"author":[{"embeddable":true,"href":"https:\/\/algarve7.pt\/index.php\/wp-json\/wp\/v2\/users\/1"}],"replies":[{"embeddable":true,"href":"https:\/\/algarve7.pt\/index.php\/wp-json\/wp\/v2\/comments?post=13729"}],"version-history":[{"count":0,"href":"https:\/\/algarve7.pt\/index.php\/wp-json\/wp\/v2\/posts\/13729\/revisions"}],"wp:featuredmedia":[{"embeddable":true,"href":"https:\/\/algarve7.pt\/index.php\/wp-json\/wp\/v2\/media\/13731"}],"wp:attachment":[{"href":"https:\/\/algarve7.pt\/index.php\/wp-json\/wp\/v2\/media?parent=13729"}],"wp:term":[{"taxonomy":"category","embeddable":true,"href":"https:\/\/algarve7.pt\/index.php\/wp-json\/wp\/v2\/categories?post=13729"},{"taxonomy":"post_tag","embeddable":true,"href":"https:\/\/algarve7.pt\/index.php\/wp-json\/wp\/v2\/tags?post=13729"}],"curies":[{"name":"wp","href":"https:\/\/api.w.org\/{rel}","templated":true}]}}